{"id":16906,"date":"2023-03-27T13:33:42","date_gmt":"2023-03-27T11:33:42","guid":{"rendered":"https:\/\/www.euroakademie.de\/magazin\/?p=16906"},"modified":"2024-10-31T13:55:57","modified_gmt":"2024-10-31T12:55:57","slug":"kitas-leiden-an-personalmangel-staerkung-von-ausbildung-und-beruf","status":"publish","type":"post","link":"https:\/\/www.euroakademie.de\/magazin\/kitas-leiden-an-personalmangel-staerkung-von-ausbildung-und-beruf\/","title":{"rendered":"Kitas leiden an Personalmangel \u2013 St\u00e4rkung von Ausbildung und Beruf"},"content":{"rendered":"\n<p><strong>Immer mehr Kitas fehlt es an frischem Personal, dies geht aus einer Umfrage des Verbands Bildung und Erziehung (VBE) hervor. Betreuungsangebote m\u00fcssen gek\u00fcrzt werden und Kitapl\u00e4tze fallen weg. Die Politik bereitet neue Ma\u00dfnahmen vor, um Ausbildung und Beruf zu st\u00e4rken.<\/strong>&nbsp;<\/p>\n\n\n\n<p>In Zeiten des Fachkr\u00e4ftemangels gibt es kaum mehr einen systemrelevanten Beruf, der nicht von Personalmangel betroffen ist. Oft betrifft dies auch die Nachkommen in unserem Land. Im Bereich Bildung fehlen etliche Stellen und bei vielen Kitas kann man kaum mehr den empfohlenen Betreuungsschl\u00fcssel einhalten.&nbsp;&nbsp;<\/p>\n\n\n\n<h2 class=\"wp-block-heading\"><strong>Personalmangel immer akuter \u2013 Betreuungsangebote werden gek\u00fcrzt<\/strong>&nbsp;<\/h2>\n\n\n\n<p>In einer vom <a href=\"https:\/\/www.sueddeutsche.de\/politik\/kitas-vbe-umfrage-personalmangel-abwaertsspirale-1.5772694\" target=\"_blank\" rel=\"noreferrer noopener\" aria-label=\"Verband Bildung und Erziehung (VBE) durchgef\u00fchrten Umfrage (\u00f6ffnet in neuem Tab)\">Verband Bildung und Erziehung (VBE) durchgef\u00fchrten Umfrage<\/a> bei 5.400 Kita-Leitungen sagen 95 Prozent, dass sich der Personalmangel in den letzten zw\u00f6lf Monaten drastisch versch\u00e4rft h\u00e4tte. Man suche dringend Nachwuchs und neues Personal, jedoch sind die Zahlen in der Ausbildung r\u00fcckl\u00e4ufig. Als Konsequenzen m\u00fcssen immer mehr Betreuungsangebote gek\u00fcrzt werden, wodurch der empfohlene Betreuungsschl\u00fcssel nicht mehr fl\u00e4chendeckend eingehalten werden kann.&nbsp;<\/p>\n\n\n\n<p>88\nProzent der Kita-Leitungen sagen, dass sich die Qualit\u00e4t der Betreuung\nverschlechtert h\u00e4tte, da immer weniger Erzieher*innen auf die Anzahl der Kinder\nverteilt werden k\u00f6nne. Optimalerweise\nsollte eine Erzieherin f\u00fcr maximal drei Kinder unter drei Jahren oder sieben\nbis acht Kinder \u00fcber drei Jahren verantwortlich sein. In etwa zwei Dritteln\naller F\u00e4lle kann dies laut Umfrage nicht mehr gew\u00e4hrleistet\u202fwerden.&nbsp;&nbsp;<\/p>\n\n\n\n<p>Eine weitere Folge aus der mangelnden Besetzung ist, dass wichtige p\u00e4dagogische Zusatzangebote eingeschr\u00e4nkt werden m\u00fcssen oder ganz wegfallen. Dazu z\u00e4hlen individuelle Sprachf\u00f6rderung und musikalische Bildung. Auch Ausfl\u00fcge k\u00f6nnen nicht mehr immer planm\u00e4\u00dfig durchgef\u00fchrt werden.&nbsp;<\/p>\n\n\n\n<h2 class=\"wp-block-heading\"><strong>Ausbildung und Beruf sollen gest\u00e4rkt werden<\/strong>&nbsp;<\/h2>\n\n\n\n<p>Der Bund hat das \u201e<a rel=\"noreferrer noopener\" aria-label=\"Kita-Qualit\u00e4tsgesetz (\u00f6ffnet in neuem Tab)\" href=\"https:\/\/www.bmfsfj.de\/bmfsfj\/themen\/familie\/kinderbetreuung\/fuer-gute-kinderbetreuung-bundesweit-das-kita-qualitaetsgesetz-209046\" target=\"_blank\">Kita-Qualit\u00e4tsgesetz<\/a>\u201c beschlossen, welches die Ausbildung zum <strong>Erzieher*in <\/strong>(an vielen Standorten der <a rel=\"noreferrer noopener\" aria-label=\"Euro Akademie verf\u00fcgbar (\u00f6ffnet in neuem Tab)\" href=\"https:\/\/www.euroakademie.de\/ausbildung\/paedagogik-soziales\/erzieher.html\" target=\"_blank\">Euro Akademie verf\u00fcgbar<\/a>) st\u00e4rkt, die Qualit\u00e4t der Arbeit erh\u00f6hen und die Erzieher*innen entlasten soll. Au\u00dferdem soll es eine bessere Ausstattung f\u00fcr veraltete Kitaeinrichtungen geben. Zus\u00e4tzlich soll auch das Berufsfeld <strong>Kinderpfleger*in<\/strong> und die entsprechende Ausbildung gest\u00e4rkt werden (an vielen Standorten der <a rel=\"noreferrer noopener\" aria-label=\"Euro Akademie verf\u00fcgbar (\u00f6ffnet in neuem Tab)\" href=\"https:\/\/www.euroakademie.de\/ausbildung\/paedagogik-soziales\/kinderpfleger.html\" target=\"_blank\">Euro Akademie verf\u00fcgbar<\/a>). <\/p>\n\n\n\n<p>Das Gesetz trat am 1. Januar 2023 in Kraft. Folgende Punkte wurden als<strong> vorrangige Handlungsfelder<\/strong> im Bereich Ausbildung und Beruf festgelegt:&nbsp;<\/p>\n\n\n\n<ul class=\"wp-block-list\">\n<li>Optimierung des Betreuungsschl\u00fcssels\u00a0<\/li>\n\n\n\n<li>Ausbau und F\u00f6rderung der Ausbildung Erzieher*in\u00a0und Kinderpfleger*in <\/li>\n\n\n\n<li>Qualit\u00e4tsentwicklung im Beruf durch zus\u00e4tzliche  <\/li>\n\n\n\n<li>Ausbildungsm\u00f6glichkeiten, Weiterbildungen und angepasste Arbeitszeiten zur F\u00f6rderung einer besseren Work-Life-Balance   <\/li>\n\n\n\n<li>Bessere Qualifizierung und F\u00f6rderung der Kindertagespflege\u00a0 <\/li>\n<\/ul>\n\n\n\n<p><strong>Weitere Handlungsfelder<\/strong> sind an folgenden Punkten festgemacht worden:\u00a0<\/p>\n\n\n\n<ul class=\"wp-block-list\">\n<li>Innen- und Au\u00dfenfl\u00e4chen von Kitas kindgerechter gestalten und mehr Freiraum zum Spielen bieten \u2013 Entlastungen bei Aufsicht durch die Erzieher*innen durch das Beseitigen von f\u00fcr Kinder m\u00f6glicherweise gef\u00e4hrlichen Stellen\u00a0  <\/li>\n\n\n\n<li>F\u00f6rderung der Kooperation zwischen Kitas\u00a0  <\/li>\n\n\n\n<li>Finanzielle Mittel f\u00fcr Ausstattung\u00a0  <\/li>\n\n\n\n<li>F\u00f6rderung und Ausbau im Bereich Inklusion und Kinderschutz\u00a0 <\/li>\n<\/ul>\n\n\n\n<h2 class=\"wp-block-heading\"><strong>Individuelle Programme der Bundesl\u00e4nder<\/strong>&nbsp;<\/h2>\n\n\n\n<p>Da\nBildungspolitik L\u00e4ndersache ist, wird es in jedem Bundesland unterschiedliche\nRegelungen geben. Jedoch legen immer mehr Landesregierungen auf Grundlage des\nBundesgesetzes eigene Programme auf, um auch regionale Unterschiede mit\neinflie\u00dfen zu lassen.&nbsp;&nbsp;<\/p>\n\n\n\n<p>So <a href=\"https:\/\/hessen.de\/presse\/massnahmen-gegen-mangel-an-erzieherinnen-und-erzieher-zeigen-wirkung\" target=\"_blank\" rel=\"noreferrer noopener\" aria-label=\"bereitet Hessen eine gro\u00dfe Fachkr\u00e4fteoffensive (\u00f6ffnet in neuem Tab)\">bereitet Hessen eine gro\u00dfe Fachkr\u00e4fteoffensive<\/a> vor, in der es spezielle F\u00f6rdergelder und Programme f\u00fcr die Ausbildungsberufe im Bereich Bildung und Erziehung geben soll. Zudem sollen ein f\u00fcr alle bezahlbares Studium erm\u00f6glicht werden. Hierzu z\u00e4hlt auch eine anlaufende Werbe- und Imagekampagne an Schulen und Fachmessen.&nbsp;<\/p>\n\n\n\n<h2 class=\"wp-block-heading\"><strong>Erzieher*in und Kinderpfleger*in sind systemrelevante Zukunftsberufe<\/strong>&nbsp;<\/h2>\n\n\n\n<p>Von\nden F\u00f6rderprogrammen und der Qualit\u00e4tsoffensive k\u00f6nnen viele Interessenten,\nangehende Erzieher*innen und Kinderpfleger*innen und bereits im Job aktive\nPersonen profitieren. Da das Berufsfeld systemrelevant ist, ist mit einer\nweiteren St\u00e4rkung seitens der Politik zu rechnen. Es muss sich niemand \u00fcber die Zukunft des Berufs\nGedanken machen,\nda er von Expert*innen als sehr zukunftssicher eingestuft\nwird.&nbsp;&nbsp;<\/p>\n\n\n\n<p>Anders als bei anderen Berufsfeldern besteht hier nicht die Gefahr, von Robotern oder AI\u2019s ersetzt zu werden, sondern diese werden lediglich eine unterst\u00fctzende Funktion einnehmen. Die soziale Komponente ist und bleibt hier ein hohes Gut.&nbsp;<\/p>\n\n\n\n<div class=\"wp-block-buttons is-content-justification-center is-layout-flex wp-container-core-buttons-is-layout-16018d1d wp-block-buttons-is-layout-flex\">\n<div class=\"wp-block-button has-custom-font-size has-regular-font-size\"><a class=\"wp-block-button__link has-white-color has-text-color has-background wp-element-button\" href=\"https:\/\/www.euroakademie.de\/bildungsangebote\/ausbildung\" style=\"background-color:#f39200;padding-top:var(--wp--preset--spacing--40);padding-right:var(--wp--preset--spacing--20);padding-bottom:var(--wp--preset--spacing--40);padding-left:var(--wp--preset--spacing--20)\">Wir haben die besten Ausbildungsberufe! Alle Infos gibt&#8217;s hier.<\/a><\/div>\n<\/div>\n\n\n\n<p><em>Bildquelle Beitragsbild: Ground Picture\/Shutterstock<\/em><\/p>\n","protected":false},"excerpt":{"rendered":"<p>\t\t\t\t<![CDATA[Immer mehr Kitas fehlt es laut einer Umfrage des Verbands Bildung und Erziehung an frischem Personal. Ausbildung und Beruf sollen attraktiver werden.]]>\t\t<\/p>\n","protected":false},"author":94,"featured_media":16915,"comment_status":"closed","ping_status":"closed","sticky":false,"template":"","format":"standard","meta":{"footnotes":""},"categories":[19,31],"tags":[1441,2596,6544],"class_list":{"0":"post-16906","1":"post","2":"type-post","3":"status-publish","4":"format-standard","5":"has-post-thumbnail","7":"category-paedagogik-soziales","8":"category-top-themen","9":"tag-bildung","10":"tag-erzieherausbildung","11":"tag-politik"},"yoast_head":"<!-- This site is optimized with the Yoast SEO plugin v23.5 - https:\/\/yoast.com\/wordpress\/plugins\/seo\/ -->\n<title>Kitas leiden an Personalmangel \u2013 St\u00e4rkung von Ausbildung und Beruf - Das Euro Akademie Magazin<\/title>\n<meta name=\"robots\" content=\"index, follow, max-snippet:-1, max-image-preview:large, max-video-preview:-1\" \/>\n<link rel=\"canonical\" href=\"https:\/\/www.euroakademie.de\/magazin\/kitas-leiden-an-personalmangel-staerkung-von-ausbildung-und-beruf\/\" \/>\n<meta property=\"og:locale\" content=\"de_DE\" \/>\n<meta property=\"og:type\" content=\"article\" \/>\n<meta property=\"og:title\" content=\"Kitas leiden an Personalmangel \u2013 St\u00e4rkung von Ausbildung und Beruf - Das Euro Akademie Magazin\" \/>\n<meta property=\"og:url\" content=\"https:\/\/www.euroakademie.de\/magazin\/kitas-leiden-an-personalmangel-staerkung-von-ausbildung-und-beruf\/\" \/>\n<meta property=\"og:site_name\" content=\"Das Euro Akademie Magazin\" \/>\n<meta property=\"article:published_time\" content=\"2023-03-27T11:33:42+00:00\" \/>\n<meta property=\"article:modified_time\" content=\"2024-10-31T12:55:57+00:00\" \/>\n<meta property=\"og:image\" content=\"https:\/\/www.euroakademie.de\/magazin\/wp-content\/uploads\/2023\/03\/Kita-Symbolbild-2.jpg\" \/>\n\t<meta property=\"og:image:width\" content=\"702\" \/>\n\t<meta property=\"og:image:height\" content=\"336\" \/>\n\t<meta property=\"og:image:type\" content=\"image\/jpeg\" \/>\n<meta name=\"author\" content=\"Stefan Ruhl\" \/>\n<meta name=\"twitter:card\" content=\"summary_large_image\" \/>\n<meta name=\"twitter:label1\" content=\"Verfasst von\" \/>\n\t<meta name=\"twitter:data1\" content=\"Stefan Ruhl\" \/>\n\t<meta name=\"twitter:label2\" content=\"Gesch\u00e4tzte Lesezeit\" \/>\n\t<meta name=\"twitter:data2\" content=\"4\u00a0Minuten\" \/>\n<script type=\"application\/ld+json\" class=\"yoast-schema-graph\">{\"@context\":\"https:\/\/schema.org\",\"@graph\":[{\"@type\":\"Article\",\"@id\":\"https:\/\/www.euroakademie.de\/magazin\/kitas-leiden-an-personalmangel-staerkung-von-ausbildung-und-beruf\/#article\",\"isPartOf\":{\"@id\":\"https:\/\/www.euroakademie.de\/magazin\/kitas-leiden-an-personalmangel-staerkung-von-ausbildung-und-beruf\/\"},\"author\":{\"name\":\"Stefan Ruhl\",\"@id\":\"https:\/\/www.euroakademie.de\/magazin\/#\/schema\/person\/c7acf75436da3a8311fa4e15833c1187\"},\"headline\":\"Kitas leiden an Personalmangel \u2013 St\u00e4rkung von Ausbildung und Beruf\",\"datePublished\":\"2023-03-27T11:33:42+00:00\",\"dateModified\":\"2024-10-31T12:55:57+00:00\",\"mainEntityOfPage\":{\"@id\":\"https:\/\/www.euroakademie.de\/magazin\/kitas-leiden-an-personalmangel-staerkung-von-ausbildung-und-beruf\/\"},\"wordCount\":717,\"publisher\":{\"@id\":\"https:\/\/www.euroakademie.de\/magazin\/#organization\"},\"image\":{\"@id\":\"https:\/\/www.euroakademie.de\/magazin\/kitas-leiden-an-personalmangel-staerkung-von-ausbildung-und-beruf\/#primaryimage\"},\"thumbnailUrl\":\"https:\/\/www.euroakademie.de\/magazin\/wp-content\/uploads\/2023\/03\/Kita-Symbolbild-2.jpg\",\"keywords\":[\"Bildung\",\"Erzieherausbildung\",\"Politik\"],\"articleSection\":[\"P\u00e4dagogik &amp; Soziales\",\"Top Themen\"],\"inLanguage\":\"de\"},{\"@type\":\"WebPage\",\"@id\":\"https:\/\/www.euroakademie.de\/magazin\/kitas-leiden-an-personalmangel-staerkung-von-ausbildung-und-beruf\/\",\"url\":\"https:\/\/www.euroakademie.de\/magazin\/kitas-leiden-an-personalmangel-staerkung-von-ausbildung-und-beruf\/\",\"name\":\"Kitas leiden an Personalmangel \u2013 St\u00e4rkung von Ausbildung und Beruf - Das Euro Akademie Magazin\",\"isPartOf\":{\"@id\":\"https:\/\/www.euroakademie.de\/magazin\/#website\"},\"primaryImageOfPage\":{\"@id\":\"https:\/\/www.euroakademie.de\/magazin\/kitas-leiden-an-personalmangel-staerkung-von-ausbildung-und-beruf\/#primaryimage\"},\"image\":{\"@id\":\"https:\/\/www.euroakademie.de\/magazin\/kitas-leiden-an-personalmangel-staerkung-von-ausbildung-und-beruf\/#primaryimage\"},\"thumbnailUrl\":\"https:\/\/www.euroakademie.de\/magazin\/wp-content\/uploads\/2023\/03\/Kita-Symbolbild-2.jpg\",\"datePublished\":\"2023-03-27T11:33:42+00:00\",\"dateModified\":\"2024-10-31T12:55:57+00:00\",\"breadcrumb\":{\"@id\":\"https:\/\/www.euroakademie.de\/magazin\/kitas-leiden-an-personalmangel-staerkung-von-ausbildung-und-beruf\/#breadcrumb\"},\"inLanguage\":\"de\",\"potentialAction\":[{\"@type\":\"ReadAction\",\"target\":[\"https:\/\/www.euroakademie.de\/magazin\/kitas-leiden-an-personalmangel-staerkung-von-ausbildung-und-beruf\/\"]}]},{\"@type\":\"ImageObject\",\"inLanguage\":\"de\",\"@id\":\"https:\/\/www.euroakademie.de\/magazin\/kitas-leiden-an-personalmangel-staerkung-von-ausbildung-und-beruf\/#primaryimage\",\"url\":\"https:\/\/www.euroakademie.de\/magazin\/wp-content\/uploads\/2023\/03\/Kita-Symbolbild-2.jpg\",\"contentUrl\":\"https:\/\/www.euroakademie.de\/magazin\/wp-content\/uploads\/2023\/03\/Kita-Symbolbild-2.jpg\",\"width\":702,\"height\":336,\"caption\":\"\"},{\"@type\":\"BreadcrumbList\",\"@id\":\"https:\/\/www.euroakademie.de\/magazin\/kitas-leiden-an-personalmangel-staerkung-von-ausbildung-und-beruf\/#breadcrumb\",\"itemListElement\":[{\"@type\":\"ListItem\",\"position\":1,\"name\":\"Startseite\",\"item\":\"https:\/\/www.euroakademie.de\/magazin\/\"},{\"@type\":\"ListItem\",\"position\":2,\"name\":\"Kitas leiden an Personalmangel \u2013 St\u00e4rkung von Ausbildung und Beruf\"}]},{\"@type\":\"WebSite\",\"@id\":\"https:\/\/www.euroakademie.de\/magazin\/#website\",\"url\":\"https:\/\/www.euroakademie.de\/magazin\/\",\"name\":\"Das Euro Akademie Magazin\",\"description\":\"Gut informiert durch Ausbildung und Studium\",\"publisher\":{\"@id\":\"https:\/\/www.euroakademie.de\/magazin\/#organization\"},\"potentialAction\":[{\"@type\":\"SearchAction\",\"target\":{\"@type\":\"EntryPoint\",\"urlTemplate\":\"https:\/\/www.euroakademie.de\/magazin\/?s={search_term_string}\"},\"query-input\":{\"@type\":\"PropertyValueSpecification\",\"valueRequired\":true,\"valueName\":\"search_term_string\"}}],\"inLanguage\":\"de\"},{\"@type\":\"Organization\",\"@id\":\"https:\/\/www.euroakademie.de\/magazin\/#organization\",\"name\":\"ESO Education Group\",\"url\":\"https:\/\/www.euroakademie.de\/magazin\/\",\"logo\":{\"@type\":\"ImageObject\",\"inLanguage\":\"de\",\"@id\":\"https:\/\/www.euroakademie.de\/magazin\/#\/schema\/logo\/image\/\",\"url\":\"https:\/\/relaunch.euroakademie.de\/magazin\/wp-content\/uploads\/2024\/11\/Logo_EA_negativ_Rahmen_5cm_300dpi_RGB.jpg\",\"contentUrl\":\"https:\/\/relaunch.euroakademie.de\/magazin\/wp-content\/uploads\/2024\/11\/Logo_EA_negativ_Rahmen_5cm_300dpi_RGB.jpg\",\"width\":591,\"height\":236,\"caption\":\"ESO Education Group\"},\"image\":{\"@id\":\"https:\/\/www.euroakademie.de\/magazin\/#\/schema\/logo\/image\/\"}},{\"@type\":\"Person\",\"@id\":\"https:\/\/www.euroakademie.de\/magazin\/#\/schema\/person\/c7acf75436da3a8311fa4e15833c1187\",\"name\":\"Stefan Ruhl\",\"description\":\"Seit 2023 schreibt Stefan Ruhl unter anderem \u00fcber die Themen Bildung, Ausbildung und Lehre. Seine Faszination und Motivation zum Schreiben holt er sich aus den kreativen M\u00f6glichkeiten, die uns das Wort bietet, und der Abwechslung, die unsere Themengebiete umfasst.\",\"url\":\"https:\/\/www.euroakademie.de\/magazin\/author\/ruhls\/\"}]}<\/script>\n<!-- \/ Yoast SEO plugin. -->","yoast_head_json":{"title":"Kitas leiden an Personalmangel \u2013 St\u00e4rkung von Ausbildung und Beruf - Das Euro Akademie Magazin","robots":{"index":"index","follow":"follow","max-snippet":"max-snippet:-1","max-image-preview":"max-image-preview:large","max-video-preview":"max-video-preview:-1"},"canonical":"https:\/\/www.euroakademie.de\/magazin\/kitas-leiden-an-personalmangel-staerkung-von-ausbildung-und-beruf\/","og_locale":"de_DE","og_type":"article","og_title":"Kitas leiden an Personalmangel \u2013 St\u00e4rkung von Ausbildung und Beruf - Das Euro Akademie Magazin","og_url":"https:\/\/www.euroakademie.de\/magazin\/kitas-leiden-an-personalmangel-staerkung-von-ausbildung-und-beruf\/","og_site_name":"Das Euro Akademie Magazin","article_published_time":"2023-03-27T11:33:42+00:00","article_modified_time":"2024-10-31T12:55:57+00:00","og_image":[{"width":702,"height":336,"url":"https:\/\/www.euroakademie.de\/magazin\/wp-content\/uploads\/2023\/03\/Kita-Symbolbild-2.jpg","type":"image\/jpeg"}],"author":"Stefan Ruhl","twitter_card":"summary_large_image","twitter_misc":{"Verfasst von":"Stefan Ruhl","Gesch\u00e4tzte Lesezeit":"4\u00a0Minuten"},"schema":{"@context":"https:\/\/schema.org","@graph":[{"@type":"Article","@id":"https:\/\/www.euroakademie.de\/magazin\/kitas-leiden-an-personalmangel-staerkung-von-ausbildung-und-beruf\/#article","isPartOf":{"@id":"https:\/\/www.euroakademie.de\/magazin\/kitas-leiden-an-personalmangel-staerkung-von-ausbildung-und-beruf\/"},"author":{"name":"Stefan Ruhl","@id":"https:\/\/www.euroakademie.de\/magazin\/#\/schema\/person\/c7acf75436da3a8311fa4e15833c1187"},"headline":"Kitas leiden an Personalmangel \u2013 St\u00e4rkung von Ausbildung und Beruf","datePublished":"2023-03-27T11:33:42+00:00","dateModified":"2024-10-31T12:55:57+00:00","mainEntityOfPage":{"@id":"https:\/\/www.euroakademie.de\/magazin\/kitas-leiden-an-personalmangel-staerkung-von-ausbildung-und-beruf\/"},"wordCount":717,"publisher":{"@id":"https:\/\/www.euroakademie.de\/magazin\/#organization"},"image":{"@id":"https:\/\/www.euroakademie.de\/magazin\/kitas-leiden-an-personalmangel-staerkung-von-ausbildung-und-beruf\/#primaryimage"},"thumbnailUrl":"https:\/\/www.euroakademie.de\/magazin\/wp-content\/uploads\/2023\/03\/Kita-Symbolbild-2.jpg","keywords":["Bildung","Erzieherausbildung","Politik"],"articleSection":["P\u00e4dagogik &amp; Soziales","Top Themen"],"inLanguage":"de"},{"@type":"WebPage","@id":"https:\/\/www.euroakademie.de\/magazin\/kitas-leiden-an-personalmangel-staerkung-von-ausbildung-und-beruf\/","url":"https:\/\/www.euroakademie.de\/magazin\/kitas-leiden-an-personalmangel-staerkung-von-ausbildung-und-beruf\/","name":"Kitas leiden an Personalmangel \u2013 St\u00e4rkung von Ausbildung und Beruf - Das Euro Akademie Magazin","isPartOf":{"@id":"https:\/\/www.euroakademie.de\/magazin\/#website"},"primaryImageOfPage":{"@id":"https:\/\/www.euroakademie.de\/magazin\/kitas-leiden-an-personalmangel-staerkung-von-ausbildung-und-beruf\/#primaryimage"},"image":{"@id":"https:\/\/www.euroakademie.de\/magazin\/kitas-leiden-an-personalmangel-staerkung-von-ausbildung-und-beruf\/#primaryimage"},"thumbnailUrl":"https:\/\/www.euroakademie.de\/magazin\/wp-content\/uploads\/2023\/03\/Kita-Symbolbild-2.jpg","datePublished":"2023-03-27T11:33:42+00:00","dateModified":"2024-10-31T12:55:57+00:00","breadcrumb":{"@id":"https:\/\/www.euroakademie.de\/magazin\/kitas-leiden-an-personalmangel-staerkung-von-ausbildung-und-beruf\/#breadcrumb"},"inLanguage":"de","potentialAction":[{"@type":"ReadAction","target":["https:\/\/www.euroakademie.de\/magazin\/kitas-leiden-an-personalmangel-staerkung-von-ausbildung-und-beruf\/"]}]},{"@type":"ImageObject","inLanguage":"de","@id":"https:\/\/www.euroakademie.de\/magazin\/kitas-leiden-an-personalmangel-staerkung-von-ausbildung-und-beruf\/#primaryimage","url":"https:\/\/www.euroakademie.de\/magazin\/wp-content\/uploads\/2023\/03\/Kita-Symbolbild-2.jpg","contentUrl":"https:\/\/www.euroakademie.de\/magazin\/wp-content\/uploads\/2023\/03\/Kita-Symbolbild-2.jpg","width":702,"height":336,"caption":""},{"@type":"BreadcrumbList","@id":"https:\/\/www.euroakademie.de\/magazin\/kitas-leiden-an-personalmangel-staerkung-von-ausbildung-und-beruf\/#breadcrumb","itemListElement":[{"@type":"ListItem","position":1,"name":"Startseite","item":"https:\/\/www.euroakademie.de\/magazin\/"},{"@type":"ListItem","position":2,"name":"Kitas leiden an Personalmangel \u2013 St\u00e4rkung von Ausbildung und Beruf"}]},{"@type":"WebSite","@id":"https:\/\/www.euroakademie.de\/magazin\/#website","url":"https:\/\/www.euroakademie.de\/magazin\/","name":"Das Euro Akademie Magazin","description":"Gut informiert durch Ausbildung und Studium","publisher":{"@id":"https:\/\/www.euroakademie.de\/magazin\/#organization"},"potentialAction":[{"@type":"SearchAction","target":{"@type":"EntryPoint","urlTemplate":"https:\/\/www.euroakademie.de\/magazin\/?s={search_term_string}"},"query-input":{"@type":"PropertyValueSpecification","valueRequired":true,"valueName":"search_term_string"}}],"inLanguage":"de"},{"@type":"Organization","@id":"https:\/\/www.euroakademie.de\/magazin\/#organization","name":"ESO Education Group","url":"https:\/\/www.euroakademie.de\/magazin\/","logo":{"@type":"ImageObject","inLanguage":"de","@id":"https:\/\/www.euroakademie.de\/magazin\/#\/schema\/logo\/image\/","url":"https:\/\/relaunch.euroakademie.de\/magazin\/wp-content\/uploads\/2024\/11\/Logo_EA_negativ_Rahmen_5cm_300dpi_RGB.jpg","contentUrl":"https:\/\/relaunch.euroakademie.de\/magazin\/wp-content\/uploads\/2024\/11\/Logo_EA_negativ_Rahmen_5cm_300dpi_RGB.jpg","width":591,"height":236,"caption":"ESO Education Group"},"image":{"@id":"https:\/\/www.euroakademie.de\/magazin\/#\/schema\/logo\/image\/"}},{"@type":"Person","@id":"https:\/\/www.euroakademie.de\/magazin\/#\/schema\/person\/c7acf75436da3a8311fa4e15833c1187","name":"Stefan Ruhl","description":"Seit 2023 schreibt Stefan Ruhl unter anderem \u00fcber die Themen Bildung, Ausbildung und Lehre. Seine Faszination und Motivation zum Schreiben holt er sich aus den kreativen M\u00f6glichkeiten, die uns das Wort bietet, und der Abwechslung, die unsere Themengebiete umfasst.","url":"https:\/\/www.euroakademie.de\/magazin\/author\/ruhls\/"}]}},"_links":{"self":[{"href":"https:\/\/www.euroakademie.de\/magazin\/wp-json\/wp\/v2\/posts\/16906","targetHints":{"allow":["GET"]}}],"collection":[{"href":"https:\/\/www.euroakademie.de\/magazin\/wp-json\/wp\/v2\/posts"}],"about":[{"href":"https:\/\/www.euroakademie.de\/magazin\/wp-json\/wp\/v2\/types\/post"}],"author":[{"embeddable":true,"href":"https:\/\/www.euroakademie.de\/magazin\/wp-json\/wp\/v2\/users\/94"}],"replies":[{"embeddable":true,"href":"https:\/\/www.euroakademie.de\/magazin\/wp-json\/wp\/v2\/comments?post=16906"}],"version-history":[{"count":2,"href":"https:\/\/www.euroakademie.de\/magazin\/wp-json\/wp\/v2\/posts\/16906\/revisions"}],"predecessor-version":[{"id":21657,"href":"https:\/\/www.euroakademie.de\/magazin\/wp-json\/wp\/v2\/posts\/16906\/revisions\/21657"}],"wp:featuredmedia":[{"embeddable":true,"href":"https:\/\/www.euroakademie.de\/magazin\/wp-json\/wp\/v2\/media\/16915"}],"wp:attachment":[{"href":"https:\/\/www.euroakademie.de\/magazin\/wp-json\/wp\/v2\/media?parent=16906"}],"wp:term":[{"taxonomy":"category","embeddable":true,"href":"https:\/\/www.euroakademie.de\/magazin\/wp-json\/wp\/v2\/categories?post=16906"},{"taxonomy":"post_tag","embeddable":true,"href":"https:\/\/www.euroakademie.de\/magazin\/wp-json\/wp\/v2\/tags?post=16906"}],"curies":[{"name":"wp","href":"https:\/\/api.w.org\/{rel}","templated":true}]}}