{"id":17249,"date":"2023-06-09T14:42:28","date_gmt":"2023-06-09T12:42:28","guid":{"rendered":"https:\/\/www.euroakademie.de\/magazin\/?p=17249"},"modified":"2024-10-30T15:58:40","modified_gmt":"2024-10-30T14:58:40","slug":"serie-fachbereiche-der-euro-akademie-paedagogik-soziales","status":"publish","type":"post","link":"https:\/\/www.euroakademie.de\/magazin\/serie-fachbereiche-der-euro-akademie-paedagogik-soziales\/","title":{"rendered":"Serie \u2013 Fachbereiche der Euro Akademie \u2013 P\u00e4dagogik &amp; Soziales"},"content":{"rendered":"\n<p><strong>In Zeiten des Fachkr\u00e4ftemangels gibt es kaum mehr einen systemrelevanten Beruf, der nicht von Personalmangel betroffen ist. Oft betrifft dies auch die Nachkommen in unserem Land. Im Bereich Bildung fehlen etliche Stellen und bei vielen Kitas kann man kaum mehr den empfohlenen Betreuungsschl\u00fcssel einhalten.<\/strong><\/p>\n\n\n\n<p>Umso wichtiger ist es im Hinblick auf nachfolgende\nGenerationen, eine gute Basis in der fr\u00fchkindlichen Bildung, der Erziehung und der\nBetreuung zu schaffen. Genau hier setzt der Fachbereich P\u00e4dagogik &amp;\nSoziales der Euro Akademie an. Wenn Sie gut mit Kindern und\/oder\npflegebed\u00fcrftigen Personen umgehen k\u00f6nnen und Freude daran haben, anderen\nMenschen zu helfen, dann sind Sie hier genau richtig!<\/p>\n\n\n\n<h3 class=\"wp-block-heading\"><strong>Ausbildung und Beruf sollen gest\u00e4rkt werden<\/strong><\/h3>\n\n\n\n<p>Der Bund hat das \u201e<a href=\"https:\/\/www.bmfsfj.de\/bmfsfj\/themen\/familie\/kinderbetreuung\/fuer-gute-kinderbetreuung-bundesweit-das-kita-qualitaetsgesetz-209046\" target=\"_blank\" rel=\"noreferrer noopener\"><strong>Kita-Qualit\u00e4tsgesetz<\/strong><\/a>\u201c beschlossen, welches die Ausbildung zum*r\u00a0Erzieher*in\u00a0(an vielen Standorten der\u00a0<a href=\"https:\/\/www.euroakademie.de\/ausbildung\/paedagogik-soziales\/erzieher.html\" target=\"_blank\" rel=\"noreferrer noopener\"><strong>Euro Akademie verf\u00fcgbar<\/strong><\/a>) st\u00e4rkt, die Qualit\u00e4t der Arbeit erh\u00f6hen und die Erzieher*innen entlasten soll. Au\u00dferdem soll es eine bessere Ausstattung f\u00fcr veraltete Kitaeinrichtungen geben. Zus\u00e4tzlich soll auch das Berufsfeld\u00a0Kinderpfleger*in\u00a0und die entsprechende Ausbildung gest\u00e4rkt werden (an vielen Standorten der\u00a0<a href=\"https:\/\/www.euroakademie.de\/ausbildung\/paedagogik-soziales\/kinderpfleger.html\" target=\"_blank\" rel=\"noreferrer noopener\"><strong>Euro Akademie verf\u00fcgbar<\/strong><\/a>).<\/p>\n\n\n\n<p>Das Gesetz trat am 1. Januar 2023\nin Kraft. Folgende Punkte wurden als<strong>&nbsp;vorrangige\nHandlungsfelder<\/strong>&nbsp;im Bereich Ausbildung und Beruf\nfestgelegt:&nbsp;<\/p>\n\n\n\n<ul class=\"wp-block-list\">\n<li>Optimierung des Betreuungsschl\u00fcssels\u00a0<\/li>\n\n\n\n<li>Ausbau und F\u00f6rderung der Ausbildung Erzieher*in\u00a0und Kinderpfleger*in<\/li>\n\n\n\n<li>Qualit\u00e4tsentwicklung im Beruf durch zus\u00e4tzlich<\/li>\n\n\n\n<li>Ausbildungsm\u00f6glichkeiten, Weiterbildungen und angepasste Arbeitszeiten zur F\u00f6rderung einer besseren Work-Life-Balance<\/li>\n\n\n\n<li>bessere Qualifizierung und F\u00f6rderung der Kindertagespflege\u00a0<\/li>\n<\/ul>\n\n\n\n<p><strong>Weitere Handlungsfelder<\/strong>&nbsp;sind an folgenden Punkten festgemacht worden:&nbsp;<\/p>\n\n\n\n<ul class=\"wp-block-list\">\n<li>Innen- und Au\u00dfenfl\u00e4chen von Kitas kindgerechter gestalten und mehr Freiraum zum Spielen bieten \u2013 Entlastungen bei Aufsicht durch die Erzieher*innen durch das Beseitigen von f\u00fcr Kinder m\u00f6glicherweise gef\u00e4hrlichen Stellen\u00a0<\/li>\n\n\n\n<li>F\u00f6rderung der Kooperation zwischen Kitas\u00a0<\/li>\n\n\n\n<li>finanzielle Mittel f\u00fcr Ausstattung\u00a0<\/li>\n\n\n\n<li>F\u00f6rderung und Ausbau im Bereich Inklusion und Kinderschutz<\/li>\n<\/ul>\n\n\n\n<h2 class=\"wp-block-heading\"><strong>Nicht nur Spezialist*innen gesucht: Als Assistenz\nvielseitig in der Pflege und Erziehung unterst\u00fctzen<\/strong><\/h2>\n\n\n\n<p>Haben Sie Freude am Umgang mit Menschen? Dann helfen Sie mit, wo diese\nPflege, Betreuung oder F\u00f6rderung ben\u00f6tigen. Es gibt viele Menschen, die im\nAlltag Ihre professionelle Hilfe brauchen. Neben spezialisierten Berufsfeldern\ngibt es auch die Assistenz, in der Sie eine vielseitige Ausbildung durchlaufen\nund an verschiedenen Einsatzorten unterst\u00fctzend t\u00e4tig sein k\u00f6nnen.<br>\n<br>\nAls\nSozialassistent*in erwerben Sie Grundkenntnisse in den Arbeitsfeldern Kinder-\nund Jugendhilfe, Behindertenhilfe und Pflege. In der Alten- und Krankenpflege\n\u00fcbernehmen Sie pflegerische T\u00e4tigkeiten wie das Waschen, Betten oder Lagern von\nalten, kranken oder behinderten Menschen.<\/p>\n\n\n\n<h3 class=\"wp-block-heading\"><strong>Soziale und Pflegeberufe sind systemrelevant und zukunftssicher<\/strong><\/h3>\n\n\n\n<p>Von den F\u00f6rderprogrammen und der Qualit\u00e4tsoffensive\nder Politik k\u00f6nnen viele Interessent*innen, angehende Erzieher*innen und\nKinderpfleger*innen sowie Assistenzkr\u00e4fte profitieren. Da das Berufsfeld\nsystemrelevant ist, ist mit einer weiteren St\u00e4rkung seitens der Politik zu\nrechnen. Es muss sich niemand \u00fcber die Zukunft des Berufs Gedanken machen, da\ner von Expert*innen als sehr zukunftssicher eingestuft wird.&nbsp;&nbsp;<\/p>\n\n\n\n<p>Anders als bei anderen Berufsfeldern besteht\nhier nicht die Gefahr, von Robotern oder KIs ersetzt zu werden, sondern diese\nwerden lediglich eine unterst\u00fctzende Funktion einnehmen. Die soziale Komponente\nist und bleibt hier ein hohes Gut.&nbsp;<\/p>\n\n\n\n<h2 class=\"wp-block-heading\"><strong>Welche Ausbildungsangebote gibt es f\u00fcr den Fachbereich P\u00e4dagogik <\/strong><strong>&amp; Soziales?<\/strong><strong><\/strong><\/h2>\n\n\n\n<p><strong>Ausbildung:<\/strong><strong><\/strong><\/p>\n\n\n\n<ul class=\"wp-block-list\">\n<li>Erzieher*in<\/li>\n\n\n\n<li>Heilerziehungspfleger*in<\/li>\n\n\n\n<li>Kinderpfleger*in<\/li>\n\n\n\n<li>P\u00e4dagogische Fachkraft f\u00fcr Grundschulkindbetreuung<\/li>\n\n\n\n<li>Sozialassistent*in<\/li>\n\n\n\n<li>Sozialp\u00e4dagogische*r Assistent*in<\/li>\n\n\n\n<li>Fachholschulreife \u2013 FOS Gesundheit und Soziales (erm\u00f6glicht den Zugang zu einem Studium)<\/li>\n\n\n\n<li>Sozialp\u00e4dagogisches Einf\u00fchrungsjahr<\/li>\n<\/ul>\n\n\n\n<h3 class=\"wp-block-heading\"><strong>Karrierem\u00f6glichkeiten im Fachbereich P\u00e4dagogik &amp; Soziales<\/strong><\/h3>\n\n\n\n<p>Nach einer\nerfolgreichen Ausbildung an der Euro Akademie steht den Absolvent*innen je nach\nSpezialisierung ein breit gef\u00e4chertes Repertoire an M\u00f6glichkeiten offen. Es\ngibt Einsatzm\u00f6glichkeiten im erzieherischen Bereich, in Berufsfeldern mit\nBetreuungs-Orientierung, in der Pflege- oder in der Gesundheitsbranche. Eine\nkleine Auswahl von Berufsfeldern und Einsatzm\u00f6glichkeiten:<\/p>\n\n\n\n<ul class=\"wp-block-list\">\n<li>Betreuung f\u00fcr Menschen mit Krankheit oder Behinderung<\/li>\n\n\n\n<li>Kinderbetreuung und Erziehung<\/li>\n\n\n\n<li>Unterst\u00fctzung in der Pflege <\/li>\n\n\n\n<li>F\u00f6rderung von Kindern <\/li>\n\n\n\n<li>erste p\u00e4dagogische und fr\u00fchkindliche Bildung<\/li>\n<\/ul>\n\n\n\n<p>Eine Ausbildung im Fachbereich P\u00e4dagogik &amp; Soziales geht somit zielgenau auf die Bed\u00fcrfnisse der Kinderbetreuung und Pflege ein und schafft f\u00fcr die Auszubildenden perfekte Bedingungen, um sp\u00e4ter im Berufsleben richtig durchstarten zu k\u00f6nnen.<\/p>\n\n\n\n<p><br><a href=\"https:\/\/www.euroakademie.de\/magazin\/serie-die-fachbereiche-der-euro-akademie-wirtschaft-management\/\">Hier geht es zu Teil 1 &#8211; Wirtschaft &amp; Management<\/a><br><a href=\"https:\/\/www.euroakademie.de\/magazin\/serie-fachbereiche-der-euro-akademie-fremdsprachen-internationales\/\">Hier geht es zu Teil 2 &#8211; Fremdsprachen &amp; Internationales<\/a><br><a href=\"https:\/\/www.euroakademie.de\/magazin\/wp-admin\/post.php?post=17264&amp;action=edit\">Hier geht es zu Teil 4 &#8211; Gesundheit &amp; Pflege<\/a> <\/p>\n\n\n\n<div class=\"wp-block-buttons is-content-justification-center is-layout-flex wp-container-core-buttons-is-layout-16018d1d wp-block-buttons-is-layout-flex\">\n<div class=\"wp-block-button has-custom-font-size has-regular-font-size\"><a class=\"wp-block-button__link has-white-color has-text-color has-background has-link-color wp-element-button\" href=\"https:\/\/www.euroakademie.de\/bildungsangebote\/paedagogik-soziales\" style=\"background-color:#f39200;padding-top:var(--wp--preset--spacing--40);padding-right:var(--wp--preset--spacing--20);padding-bottom:var(--wp--preset--spacing--40);padding-left:var(--wp--preset--spacing--20)\">Hier geht es zum Ausbildungsangebot des Fachbereichs P\u00e4dagogik &amp; Soziales<\/a><\/div>\n<\/div>\n\n\n\n<p><em>Quelle Beitragsbild: Shutterstock\/ Gorodenkoff<\/em><\/p>\n","protected":false},"excerpt":{"rendered":"<p>\t\t\t\t<![CDATA[Lust auf eine Ausbildung im Bereich Fremdsprachen oder Internationales? Oder doch eher im Sozialen oder in der Wirtschaft? Egal was das Herz begehrt, die Euro Akademie bietet f\u00fcr jeden die passende Ausbildung.]]>\t\t<\/p>\n","protected":false},"author":94,"featured_media":17251,"comment_status":"closed","ping_status":"closed","sticky":false,"template":"","format":"standard","meta":{"footnotes":""},"categories":[7,19],"tags":[],"class_list":{"0":"post-17249","1":"post","2":"type-post","3":"status-publish","4":"format-standard","5":"has-post-thumbnail","7":"category-euro-akademie","8":"category-paedagogik-soziales"},"yoast_head":"<!-- This site is optimized with the Yoast SEO plugin v23.5 - https:\/\/yoast.com\/wordpress\/plugins\/seo\/ -->\n<title>Serie \u2013 Fachbereiche der Euro Akademie \u2013 P\u00e4dagogik &amp; Soziales - Das Euro Akademie Magazin<\/title>\n<meta name=\"description\" content=\"In dieser kleinen mehrteiligen Serie informieren wir \u00fcber die Vorteile der verschiedenen Fachbereiche der Euro Akademie und welche Angebote es dazu gibt.\" \/>\n<meta name=\"robots\" content=\"index, follow, max-snippet:-1, max-image-preview:large, max-video-preview:-1\" \/>\n<link rel=\"canonical\" href=\"https:\/\/www.euroakademie.de\/magazin\/serie-fachbereiche-der-euro-akademie-paedagogik-soziales\/\" \/>\n<meta property=\"og:locale\" content=\"de_DE\" \/>\n<meta property=\"og:type\" content=\"article\" \/>\n<meta property=\"og:title\" content=\"Serie \u2013 Fachbereiche der Euro Akademie \u2013 P\u00e4dagogik &amp; Soziales - Das Euro Akademie Magazin\" \/>\n<meta property=\"og:description\" content=\"In dieser kleinen mehrteiligen Serie informieren wir \u00fcber die Vorteile der verschiedenen Fachbereiche der Euro Akademie und welche Angebote es dazu gibt.\" \/>\n<meta property=\"og:url\" content=\"https:\/\/www.euroakademie.de\/magazin\/serie-fachbereiche-der-euro-akademie-paedagogik-soziales\/\" \/>\n<meta property=\"og:site_name\" content=\"Das Euro Akademie Magazin\" \/>\n<meta property=\"article:published_time\" content=\"2023-06-09T12:42:28+00:00\" \/>\n<meta property=\"article:modified_time\" content=\"2024-10-30T14:58:40+00:00\" \/>\n<meta property=\"og:image\" content=\"https:\/\/www.euroakademie.de\/magazin\/wp-content\/uploads\/2023\/06\/erziehung_symbol__1767364385-scaled.jpg\" \/>\n\t<meta property=\"og:image:width\" content=\"2560\" \/>\n\t<meta property=\"og:image:height\" content=\"1440\" \/>\n\t<meta property=\"og:image:type\" content=\"image\/jpeg\" \/>\n<meta name=\"author\" content=\"Stefan Ruhl\" \/>\n<meta name=\"twitter:card\" content=\"summary_large_image\" \/>\n<meta name=\"twitter:label1\" content=\"Verfasst von\" \/>\n\t<meta name=\"twitter:data1\" content=\"Stefan Ruhl\" \/>\n\t<meta name=\"twitter:label2\" content=\"Gesch\u00e4tzte Lesezeit\" \/>\n\t<meta name=\"twitter:data2\" content=\"4\u00a0Minuten\" \/>\n<script type=\"application\/ld+json\" class=\"yoast-schema-graph\">{\"@context\":\"https:\/\/schema.org\",\"@graph\":[{\"@type\":\"Article\",\"@id\":\"https:\/\/www.euroakademie.de\/magazin\/serie-fachbereiche-der-euro-akademie-paedagogik-soziales\/#article\",\"isPartOf\":{\"@id\":\"https:\/\/www.euroakademie.de\/magazin\/serie-fachbereiche-der-euro-akademie-paedagogik-soziales\/\"},\"author\":{\"name\":\"Stefan Ruhl\",\"@id\":\"https:\/\/www.euroakademie.de\/magazin\/#\/schema\/person\/c7acf75436da3a8311fa4e15833c1187\"},\"headline\":\"Serie \u2013 Fachbereiche der Euro Akademie \u2013 P\u00e4dagogik &amp; Soziales\",\"datePublished\":\"2023-06-09T12:42:28+00:00\",\"dateModified\":\"2024-10-30T14:58:40+00:00\",\"mainEntityOfPage\":{\"@id\":\"https:\/\/www.euroakademie.de\/magazin\/serie-fachbereiche-der-euro-akademie-paedagogik-soziales\/\"},\"wordCount\":755,\"publisher\":{\"@id\":\"https:\/\/www.euroakademie.de\/magazin\/#organization\"},\"image\":{\"@id\":\"https:\/\/www.euroakademie.de\/magazin\/serie-fachbereiche-der-euro-akademie-paedagogik-soziales\/#primaryimage\"},\"thumbnailUrl\":\"https:\/\/www.euroakademie.de\/magazin\/wp-content\/uploads\/2023\/06\/erziehung_symbol__1767364385-scaled.jpg\",\"articleSection\":[\"Euro Akademie\",\"P\u00e4dagogik &amp; Soziales\"],\"inLanguage\":\"de\"},{\"@type\":\"WebPage\",\"@id\":\"https:\/\/www.euroakademie.de\/magazin\/serie-fachbereiche-der-euro-akademie-paedagogik-soziales\/\",\"url\":\"https:\/\/www.euroakademie.de\/magazin\/serie-fachbereiche-der-euro-akademie-paedagogik-soziales\/\",\"name\":\"Serie \u2013 Fachbereiche der Euro Akademie \u2013 P\u00e4dagogik &amp; Soziales - Das Euro Akademie Magazin\",\"isPartOf\":{\"@id\":\"https:\/\/www.euroakademie.de\/magazin\/#website\"},\"primaryImageOfPage\":{\"@id\":\"https:\/\/www.euroakademie.de\/magazin\/serie-fachbereiche-der-euro-akademie-paedagogik-soziales\/#primaryimage\"},\"image\":{\"@id\":\"https:\/\/www.euroakademie.de\/magazin\/serie-fachbereiche-der-euro-akademie-paedagogik-soziales\/#primaryimage\"},\"thumbnailUrl\":\"https:\/\/www.euroakademie.de\/magazin\/wp-content\/uploads\/2023\/06\/erziehung_symbol__1767364385-scaled.jpg\",\"datePublished\":\"2023-06-09T12:42:28+00:00\",\"dateModified\":\"2024-10-30T14:58:40+00:00\",\"description\":\"In dieser kleinen mehrteiligen Serie informieren wir \u00fcber die Vorteile der verschiedenen Fachbereiche der Euro Akademie und welche Angebote es dazu gibt.\",\"breadcrumb\":{\"@id\":\"https:\/\/www.euroakademie.de\/magazin\/serie-fachbereiche-der-euro-akademie-paedagogik-soziales\/#breadcrumb\"},\"inLanguage\":\"de\",\"potentialAction\":[{\"@type\":\"ReadAction\",\"target\":[\"https:\/\/www.euroakademie.de\/magazin\/serie-fachbereiche-der-euro-akademie-paedagogik-soziales\/\"]}]},{\"@type\":\"ImageObject\",\"inLanguage\":\"de\",\"@id\":\"https:\/\/www.euroakademie.de\/magazin\/serie-fachbereiche-der-euro-akademie-paedagogik-soziales\/#primaryimage\",\"url\":\"https:\/\/www.euroakademie.de\/magazin\/wp-content\/uploads\/2023\/06\/erziehung_symbol__1767364385-scaled.jpg\",\"contentUrl\":\"https:\/\/www.euroakademie.de\/magazin\/wp-content\/uploads\/2023\/06\/erziehung_symbol__1767364385-scaled.jpg\",\"width\":2560,\"height\":1440,\"caption\":\"\"},{\"@type\":\"BreadcrumbList\",\"@id\":\"https:\/\/www.euroakademie.de\/magazin\/serie-fachbereiche-der-euro-akademie-paedagogik-soziales\/#breadcrumb\",\"itemListElement\":[{\"@type\":\"ListItem\",\"position\":1,\"name\":\"Startseite\",\"item\":\"https:\/\/www.euroakademie.de\/magazin\/\"},{\"@type\":\"ListItem\",\"position\":2,\"name\":\"Serie \u2013 Fachbereiche der Euro Akademie \u2013 P\u00e4dagogik &amp; Soziales\"}]},{\"@type\":\"WebSite\",\"@id\":\"https:\/\/www.euroakademie.de\/magazin\/#website\",\"url\":\"https:\/\/www.euroakademie.de\/magazin\/\",\"name\":\"Das Euro Akademie Magazin\",\"description\":\"Gut informiert durch Ausbildung und Studium\",\"publisher\":{\"@id\":\"https:\/\/www.euroakademie.de\/magazin\/#organization\"},\"potentialAction\":[{\"@type\":\"SearchAction\",\"target\":{\"@type\":\"EntryPoint\",\"urlTemplate\":\"https:\/\/www.euroakademie.de\/magazin\/?s={search_term_string}\"},\"query-input\":{\"@type\":\"PropertyValueSpecification\",\"valueRequired\":true,\"valueName\":\"search_term_string\"}}],\"inLanguage\":\"de\"},{\"@type\":\"Organization\",\"@id\":\"https:\/\/www.euroakademie.de\/magazin\/#organization\",\"name\":\"ESO Education Group\",\"url\":\"https:\/\/www.euroakademie.de\/magazin\/\",\"logo\":{\"@type\":\"ImageObject\",\"inLanguage\":\"de\",\"@id\":\"https:\/\/www.euroakademie.de\/magazin\/#\/schema\/logo\/image\/\",\"url\":\"https:\/\/relaunch.euroakademie.de\/magazin\/wp-content\/uploads\/2024\/11\/Logo_EA_negativ_Rahmen_5cm_300dpi_RGB.jpg\",\"contentUrl\":\"https:\/\/relaunch.euroakademie.de\/magazin\/wp-content\/uploads\/2024\/11\/Logo_EA_negativ_Rahmen_5cm_300dpi_RGB.jpg\",\"width\":591,\"height\":236,\"caption\":\"ESO Education Group\"},\"image\":{\"@id\":\"https:\/\/www.euroakademie.de\/magazin\/#\/schema\/logo\/image\/\"}},{\"@type\":\"Person\",\"@id\":\"https:\/\/www.euroakademie.de\/magazin\/#\/schema\/person\/c7acf75436da3a8311fa4e15833c1187\",\"name\":\"Stefan Ruhl\",\"description\":\"Seit 2023 schreibt Stefan Ruhl unter anderem \u00fcber die Themen Bildung, Ausbildung und Lehre. Seine Faszination und Motivation zum Schreiben holt er sich aus den kreativen M\u00f6glichkeiten, die uns das Wort bietet, und der Abwechslung, die unsere Themengebiete umfasst.\",\"url\":\"https:\/\/www.euroakademie.de\/magazin\/author\/ruhls\/\"}]}<\/script>\n<!-- \/ Yoast SEO plugin. -->","yoast_head_json":{"title":"Serie \u2013 Fachbereiche der Euro Akademie \u2013 P\u00e4dagogik &amp; Soziales - Das Euro Akademie Magazin","description":"In dieser kleinen mehrteiligen Serie informieren wir \u00fcber die Vorteile der verschiedenen Fachbereiche der Euro Akademie und welche Angebote es dazu gibt.","robots":{"index":"index","follow":"follow","max-snippet":"max-snippet:-1","max-image-preview":"max-image-preview:large","max-video-preview":"max-video-preview:-1"},"canonical":"https:\/\/www.euroakademie.de\/magazin\/serie-fachbereiche-der-euro-akademie-paedagogik-soziales\/","og_locale":"de_DE","og_type":"article","og_title":"Serie \u2013 Fachbereiche der Euro Akademie \u2013 P\u00e4dagogik &amp; Soziales - Das Euro Akademie Magazin","og_description":"In dieser kleinen mehrteiligen Serie informieren wir \u00fcber die Vorteile der verschiedenen Fachbereiche der Euro Akademie und welche Angebote es dazu gibt.","og_url":"https:\/\/www.euroakademie.de\/magazin\/serie-fachbereiche-der-euro-akademie-paedagogik-soziales\/","og_site_name":"Das Euro Akademie Magazin","article_published_time":"2023-06-09T12:42:28+00:00","article_modified_time":"2024-10-30T14:58:40+00:00","og_image":[{"width":2560,"height":1440,"url":"https:\/\/www.euroakademie.de\/magazin\/wp-content\/uploads\/2023\/06\/erziehung_symbol__1767364385-scaled.jpg","type":"image\/jpeg"}],"author":"Stefan Ruhl","twitter_card":"summary_large_image","twitter_misc":{"Verfasst von":"Stefan Ruhl","Gesch\u00e4tzte Lesezeit":"4\u00a0Minuten"},"schema":{"@context":"https:\/\/schema.org","@graph":[{"@type":"Article","@id":"https:\/\/www.euroakademie.de\/magazin\/serie-fachbereiche-der-euro-akademie-paedagogik-soziales\/#article","isPartOf":{"@id":"https:\/\/www.euroakademie.de\/magazin\/serie-fachbereiche-der-euro-akademie-paedagogik-soziales\/"},"author":{"name":"Stefan Ruhl","@id":"https:\/\/www.euroakademie.de\/magazin\/#\/schema\/person\/c7acf75436da3a8311fa4e15833c1187"},"headline":"Serie \u2013 Fachbereiche der Euro Akademie \u2013 P\u00e4dagogik &amp; Soziales","datePublished":"2023-06-09T12:42:28+00:00","dateModified":"2024-10-30T14:58:40+00:00","mainEntityOfPage":{"@id":"https:\/\/www.euroakademie.de\/magazin\/serie-fachbereiche-der-euro-akademie-paedagogik-soziales\/"},"wordCount":755,"publisher":{"@id":"https:\/\/www.euroakademie.de\/magazin\/#organization"},"image":{"@id":"https:\/\/www.euroakademie.de\/magazin\/serie-fachbereiche-der-euro-akademie-paedagogik-soziales\/#primaryimage"},"thumbnailUrl":"https:\/\/www.euroakademie.de\/magazin\/wp-content\/uploads\/2023\/06\/erziehung_symbol__1767364385-scaled.jpg","articleSection":["Euro Akademie","P\u00e4dagogik &amp; Soziales"],"inLanguage":"de"},{"@type":"WebPage","@id":"https:\/\/www.euroakademie.de\/magazin\/serie-fachbereiche-der-euro-akademie-paedagogik-soziales\/","url":"https:\/\/www.euroakademie.de\/magazin\/serie-fachbereiche-der-euro-akademie-paedagogik-soziales\/","name":"Serie \u2013 Fachbereiche der Euro Akademie \u2013 P\u00e4dagogik &amp; Soziales - Das Euro Akademie Magazin","isPartOf":{"@id":"https:\/\/www.euroakademie.de\/magazin\/#website"},"primaryImageOfPage":{"@id":"https:\/\/www.euroakademie.de\/magazin\/serie-fachbereiche-der-euro-akademie-paedagogik-soziales\/#primaryimage"},"image":{"@id":"https:\/\/www.euroakademie.de\/magazin\/serie-fachbereiche-der-euro-akademie-paedagogik-soziales\/#primaryimage"},"thumbnailUrl":"https:\/\/www.euroakademie.de\/magazin\/wp-content\/uploads\/2023\/06\/erziehung_symbol__1767364385-scaled.jpg","datePublished":"2023-06-09T12:42:28+00:00","dateModified":"2024-10-30T14:58:40+00:00","description":"In dieser kleinen mehrteiligen Serie informieren wir \u00fcber die Vorteile der verschiedenen Fachbereiche der Euro Akademie und welche Angebote es dazu gibt.","breadcrumb":{"@id":"https:\/\/www.euroakademie.de\/magazin\/serie-fachbereiche-der-euro-akademie-paedagogik-soziales\/#breadcrumb"},"inLanguage":"de","potentialAction":[{"@type":"ReadAction","target":["https:\/\/www.euroakademie.de\/magazin\/serie-fachbereiche-der-euro-akademie-paedagogik-soziales\/"]}]},{"@type":"ImageObject","inLanguage":"de","@id":"https:\/\/www.euroakademie.de\/magazin\/serie-fachbereiche-der-euro-akademie-paedagogik-soziales\/#primaryimage","url":"https:\/\/www.euroakademie.de\/magazin\/wp-content\/uploads\/2023\/06\/erziehung_symbol__1767364385-scaled.jpg","contentUrl":"https:\/\/www.euroakademie.de\/magazin\/wp-content\/uploads\/2023\/06\/erziehung_symbol__1767364385-scaled.jpg","width":2560,"height":1440,"caption":""},{"@type":"BreadcrumbList","@id":"https:\/\/www.euroakademie.de\/magazin\/serie-fachbereiche-der-euro-akademie-paedagogik-soziales\/#breadcrumb","itemListElement":[{"@type":"ListItem","position":1,"name":"Startseite","item":"https:\/\/www.euroakademie.de\/magazin\/"},{"@type":"ListItem","position":2,"name":"Serie \u2013 Fachbereiche der Euro Akademie \u2013 P\u00e4dagogik &amp; Soziales"}]},{"@type":"WebSite","@id":"https:\/\/www.euroakademie.de\/magazin\/#website","url":"https:\/\/www.euroakademie.de\/magazin\/","name":"Das Euro Akademie Magazin","description":"Gut informiert durch Ausbildung und Studium","publisher":{"@id":"https:\/\/www.euroakademie.de\/magazin\/#organization"},"potentialAction":[{"@type":"SearchAction","target":{"@type":"EntryPoint","urlTemplate":"https:\/\/www.euroakademie.de\/magazin\/?s={search_term_string}"},"query-input":{"@type":"PropertyValueSpecification","valueRequired":true,"valueName":"search_term_string"}}],"inLanguage":"de"},{"@type":"Organization","@id":"https:\/\/www.euroakademie.de\/magazin\/#organization","name":"ESO Education Group","url":"https:\/\/www.euroakademie.de\/magazin\/","logo":{"@type":"ImageObject","inLanguage":"de","@id":"https:\/\/www.euroakademie.de\/magazin\/#\/schema\/logo\/image\/","url":"https:\/\/relaunch.euroakademie.de\/magazin\/wp-content\/uploads\/2024\/11\/Logo_EA_negativ_Rahmen_5cm_300dpi_RGB.jpg","contentUrl":"https:\/\/relaunch.euroakademie.de\/magazin\/wp-content\/uploads\/2024\/11\/Logo_EA_negativ_Rahmen_5cm_300dpi_RGB.jpg","width":591,"height":236,"caption":"ESO Education Group"},"image":{"@id":"https:\/\/www.euroakademie.de\/magazin\/#\/schema\/logo\/image\/"}},{"@type":"Person","@id":"https:\/\/www.euroakademie.de\/magazin\/#\/schema\/person\/c7acf75436da3a8311fa4e15833c1187","name":"Stefan Ruhl","description":"Seit 2023 schreibt Stefan Ruhl unter anderem \u00fcber die Themen Bildung, Ausbildung und Lehre. Seine Faszination und Motivation zum Schreiben holt er sich aus den kreativen M\u00f6glichkeiten, die uns das Wort bietet, und der Abwechslung, die unsere Themengebiete umfasst.","url":"https:\/\/www.euroakademie.de\/magazin\/author\/ruhls\/"}]}},"_links":{"self":[{"href":"https:\/\/www.euroakademie.de\/magazin\/wp-json\/wp\/v2\/posts\/17249","targetHints":{"allow":["GET"]}}],"collection":[{"href":"https:\/\/www.euroakademie.de\/magazin\/wp-json\/wp\/v2\/posts"}],"about":[{"href":"https:\/\/www.euroakademie.de\/magazin\/wp-json\/wp\/v2\/types\/post"}],"author":[{"embeddable":true,"href":"https:\/\/www.euroakademie.de\/magazin\/wp-json\/wp\/v2\/users\/94"}],"replies":[{"embeddable":true,"href":"https:\/\/www.euroakademie.de\/magazin\/wp-json\/wp\/v2\/comments?post=17249"}],"version-history":[{"count":4,"href":"https:\/\/www.euroakademie.de\/magazin\/wp-json\/wp\/v2\/posts\/17249\/revisions"}],"predecessor-version":[{"id":21477,"href":"https:\/\/www.euroakademie.de\/magazin\/wp-json\/wp\/v2\/posts\/17249\/revisions\/21477"}],"wp:featuredmedia":[{"embeddable":true,"href":"https:\/\/www.euroakademie.de\/magazin\/wp-json\/wp\/v2\/media\/17251"}],"wp:attachment":[{"href":"https:\/\/www.euroakademie.de\/magazin\/wp-json\/wp\/v2\/media?parent=17249"}],"wp:term":[{"taxonomy":"category","embeddable":true,"href":"https:\/\/www.euroakademie.de\/magazin\/wp-json\/wp\/v2\/categories?post=17249"},{"taxonomy":"post_tag","embeddable":true,"href":"https:\/\/www.euroakademie.de\/magazin\/wp-json\/wp\/v2\/tags?post=17249"}],"curies":[{"name":"wp","href":"https:\/\/api.w.org\/{rel}","templated":true}]}}