{"id":17631,"date":"2023-10-13T13:01:56","date_gmt":"2023-10-13T11:01:56","guid":{"rendered":"https:\/\/www.euroakademie.de\/magazin\/?p=17631"},"modified":"2025-03-18T15:07:54","modified_gmt":"2025-03-18T14:07:54","slug":"pretty-privilege-schoen-und-gut","status":"publish","type":"post","link":"https:\/\/www.euroakademie.de\/magazin\/pretty-privilege-schoen-und-gut\/","title":{"rendered":"Pretty Privilege: sch\u00f6n \u2013 und gut?"},"content":{"rendered":"\n<p><strong>Ich bin stolze Besitzerin einer sehr sch\u00f6nen H\u00fcndin. Sie ist wirklich ein Prachtexemplar: gl\u00e4nzendes r\u00f6tlich-braunes Fell, ebenm\u00e4\u00dfige Gesichtsz\u00fcge, elfenbeinfarbene Z\u00e4hne, stabiler K\u00f6rperbau. W\u00e4re f\u00fcr jedes Kompliment, das ich in der S-Bahn, auf der Stra\u00dfe oder im Park f\u00fcr sie bekommen habe, ein Geldbetrag auf mein Konto eingegangen <\/strong>\u2013<strong>&nbsp;ich w\u00e4re heute eine reiche Frau. Leider bin ich keine reiche Frau, sondern eher eine sorgengeplagte, denn meine h\u00fcbsche H\u00fcndin liebt es, unbekannte Artgenoss*innen unverbl\u00fcmt anzukl\u00e4ffen. Das wissen blo\u00df die meisten nicht, denn die meisten sehen nur ihr wundersch\u00f6nes \u00c4u\u00dferes.<\/strong>&nbsp;<\/p>\n\n\n\n<p>Sowas nennt man in der Welt der Menschen \u00fcbrigens: Pretty Privilege. Attraktiven Menschen werden aufgrund ihres makellosen Aussehens weitere positive Pers\u00f6nlichkeitsmerkmale zugeschrieben \u2013 <a href=\"https:\/\/link.springer.com\/article\/10.1007\/s10919-021-00388-w\" target=\"_blank\" rel=\"noreferrer noopener\">best\u00e4tigt auch eine 2021 ver\u00f6ffentlichte Studie<\/a>. So wie man bei meiner H\u00fcndin denkt, sie sei ein braver Hund, der nie bellt und auf jedes Kommando sofort pflichtbewusst reagiert, geht man davon aus, dass h\u00fcbsche Menschen auch gleichzeitig freundlich, schlau und gesund seien. Als allgemein sch\u00f6n geltende Menschen haben es daher in vielen Bereichen einfacher als Menschen, die von der allgemeinen Sch\u00f6nheitsnorm abweichen.&nbsp;<\/p>\n\n\n\n<h2 class=\"wp-block-heading\">\u201cI can see your halo\u201d<\/h2>\n\n\n\n<p>Die Attraktivit\u00e4tsforschung untermauert <a href=\"https:\/\/utopia.de\/ratgeber\/halo-effekt-wie-beeinflusst-er-unser-urteilsvermoegen\/\" target=\"_blank\" rel=\"noreferrer noopener\">den sogenannten Halo-Effekt<\/a> aus wissenschaftlicher Sicht. Bei diesem Ph\u00e4nomen l\u00f6st eine bekannte Eigenschaft Schlussfolgerungen auf weitere Charakteristiken einer Person aus, ohne dass diese unabh\u00e4ngig \u00fcberpr\u00fcft oder gar best\u00e4tigt wurden. Der Halo-Effekt bedient sich oft bei Stereotypen, die sich allein anhand der Optik ausmachen lassen: Menschen mit Brille wirken intelligent und belesen, \u00e4ltere Personen mit ergrauten Haaren erscheinen uns weise und besonnen \u2013 junge Leute mit Tattoos dagegen beurteilen wir als unzuverl\u00e4ssig und faul. Da dieser Prozess unterbewusst abl\u00e4uft, ist es schwer, ihn zu durchbrechen.&nbsp;<\/p>\n\n\n\n<h2 class=\"wp-block-heading\">Attraktivit\u00e4t macht sich bezahlt<\/h2>\n\n\n\n<p>Der Bereich Attraktivit\u00e4tsforschung, der in der Soziologie angesiedelt ist, besch\u00e4ftigt sich damit, die gesellschaftliche Auswirkung von Attraktivit\u00e4t zu untersuchen. In <a href=\"https:\/\/wol.iza.org\/press-releases\/does-it-pay-to-be-beautiful\" target=\"_blank\" rel=\"noreferrer noopener\">einer Studie von 2015<\/a> lie\u00df sich belegen, dass gutaussehende Angestellte bis zu 15 Prozent mehr verdienen als ihre Kolleg*innen, die als weniger attraktiv angesehen werden. Weitere Studien ergaben, dass gr\u00f6\u00dfere M\u00e4nner mehr als kleine M\u00e4nner verdienen. Bei Frauen korreliert das Gehalt mit dem Body Mass Index: \u00dcbergewicht wirkt sich negativ auf den Lohn aus. Aber die Bevorzugung beginnt schon im Kindesalter. In der Kita schlie\u00dfen die niedlichen Kinder schneller Freundschaften, in der Schule bekommen sie die besseren Noten und auch bei der sp\u00e4teren Partnersuche sind sie erfolgreicher. Die Gutaussehenden bekommen die Zusage bei der gefragten Immobilie und die milderen Strafen vor Gericht.&nbsp;<\/p>\n\n\n\n<h2 class=\"wp-block-heading\">Lookismus: Diskriminierung aufgrund des Aussehens<\/h2>\n\n\n\n<p>Auch wenn Sch\u00f6nheit angeblich im Auge des Betrachters liegt, so lassen sich doch einige allgemeing\u00fcltige Merkmale ausmachen: ein symmetrisches Gesicht, gro\u00dfe Augen, reine Haut, bei Frauen eine zierliche Nase und bei M\u00e4nnern ein markantes Kinn. Dies sind alles Sch\u00f6nheitsmerkmale, die dem Auge schmeicheln. Wer von dieser Norm abweicht oder gar erkennbare k\u00f6rperliche Behinderungen hat, hat es schwerer, sein Gegen\u00fcber von seinen F\u00e4higkeiten zu \u00fcberzeugen. Auch diese Diskriminierung hat \u2013 wie <a href=\"https:\/\/www.euroakademie.de\/magazin\/gegen-rassismus\/\" target=\"_blank\" rel=\"noreferrer noopener\" aria-label=\"Rassismus (\u00f6ffnet in neuem Tab)\">Rassismus<\/a>, Sexismus oder Ableismus \u2013 einen griffigen Namen: Man spricht hier von <a rel=\"noreferrer noopener\" href=\"https:\/\/www.ardmediathek.de\/video\/respekt\/lookismus-diskriminierung-wegen-des-aussehens\/ard-alpha\/Y3JpZDovL2JyLmRlL2Jyb2FkY2FzdC9GMjAyMVdPMDMxMjMxQTA\" target=\"_blank\">Lookismus<\/a>.&nbsp;&nbsp;<\/p>\n\n\n\n<h2 class=\"wp-block-heading\">Trend zur Selbstoptimierung<\/h2>\n\n\n\n<p>Doch es gibt einen Wirtschaftszweig, der vom Lookismus profitiert: die Kosmetikbranche und die Sch\u00f6nheitsindustrie. Und diese freuen sich \u00fcber ein kontinuierliches Wachstum: Brachte der Handel mit Kosmetikprodukten in den USA 2019 bereits 75 Milliarden US-Dollar Umsatz, so rechnet man 2025 noch einmal mit einer erheblichen Steigerung auf 101 Milliarden US-Dollar. Influencer*innen verst\u00e4rken diesen Trend zur Selbstoptimierung, denn junge Menschen nehmen sich die Stars aus den sozialen Medien zum Vorbild und versuchen, durch Sch\u00f6nheits-OPs dem Aussehen ihrer Idole nachzueifern. Jugendliche befinden sich in einem permanenten \u201eSch\u00f6nheitsstress\u201c: Sie haben Angst vor Ausgrenzung und Benachteiligung, wenn sie den g\u00e4ngigen Sch\u00f6nheitsidealen nicht gerecht werden k\u00f6nnen. Gerade (junge) M\u00e4nner sind mehr und mehr davon betroffen: 2020 wurden 10 Prozent der plastischen Eingriffe in Deutschland beim m\u00e4nnlichen Geschlecht vorgenommen, Tendenz steigend.&nbsp;<\/p>\n\n\n\n<h2 class=\"wp-block-heading\">Was tun?<\/h2>\n\n\n\n<p>Wie kann man diesen Trend zur Oberfl\u00e4chlichkeit durchbrechen? Im Falle von Diskriminierungen kommen oft verschiedene Faktoren zusammen. Die Wissenschaft spricht von Intersektionalit\u00e4t, wenn eine Benachteiligung sich nicht auf ein einzelnes Merkmal beschr\u00e4nkt, sondern verschiedene Dimensionen wie Alter, Herkunft, Hautfarbe, Aussehen etc. ineinandergreifen. Auch l\u00e4sst sich an objektiven Kriterien schwer nachweisen, dass ein*e Bewerber*in um eine offene Stelle aufgrund seines*ihres Aussehens abgelehnt wurde. Zum einen l\u00e4sst sich der Geschmack der Personalentscheider*innen und Vorgesetzten nicht einsch\u00e4tzen, zum anderen w\u00fcrde man den*die Bewerber*in erst recht diskriminieren, wenn man ihm*ihr als Beurteiler*in des Sachverhalts das Label \u201eh\u00e4sslich\u201c verpasst.&nbsp;<\/p>\n\n\n\n<p>Eine wirksame Ma\u00dfnahme, die einige Firmen bereits ergriffen haben, ist hingegen der vollst\u00e4ndige Verzicht auf Fotos bei Bewerbungen &#8211; <a rel=\"noreferrer noopener\" aria-label=\"oder gar vollst\u00e4ndig anonymisiserte Bewerbungsschreiben (\u00f6ffnet in neuem Tab)\" href=\"https:\/\/www.euroakademie.de\/magazin\/anonymisierte-bewerbung\/\" target=\"_blank\">oder gar vollst\u00e4ndig anonymisiserte Bewerbungsverfahren<\/a>. Einige Orchester f\u00fchren zudem sogenannte \u201eBlind Auditions\u201c durch, wenn sie neue Mitglieder rekrutieren, um sich voll auf deren musikalischen Kompetenzen zu konzentrieren. So r\u00fccken andere (unwichtigere) Aspekte wie Geschlecht, Alter oder Aussehen in den Hintergrund. Weiterhin k\u00f6nnen anonymisierte Tests in der Schule f\u00fcr mehr Objektivit\u00e4t bei der Bewertung f\u00fchren. <\/p>\n\n\n\n<h2 class=\"wp-block-heading\">Bewusstsein st\u00e4rken!<\/h2>\n\n\n\n<p>Letztlich kann sich jedoch beim Thema Pretty Privilege und Lookismus jede*r nur an die eigene Nase fassen und die eigenen Beurteilungen selbst hinterfragen: Setze ich mein Kreuz in der Wahlkabine aufgrund von Kompetenz oder K\u00f6rperlichkeit? Lasse ich das junge M\u00e4dchen in der Kassenschlange vor, weil es etwa zehn Minuten dauern w\u00fcrde, bis ich meinen Wageninhalt auf das Band geleert habe und in dieser Zeit ihr Eis bereits geschmolzen w\u00e4re \u2013 oder doch nur wegen ihrer blauen Augen? Ist mir der neue Kollege sympathisch, weil er in mein optisches Beuteschema passt oder weil wir fachlich \u00e4hnliche Ansichten teilen und noch dazu dieselbe Lieblingsautorin haben?&nbsp;<\/p>\n\n\n\n<p>Wenn dieser Artikel bei dir das Bewusstsein f\u00fcr Benachteiligungen aufgrund optischer Aspekte gest\u00e4rkt hat, ist schon der erste Schritt zu einem gerechteren Verhalten getan.<\/p>\n\n\n\n<div class=\"wp-block-buttons is-content-justification-center is-layout-flex wp-container-core-buttons-is-layout-16018d1d wp-block-buttons-is-layout-flex\">\n<div class=\"wp-block-button has-custom-font-size has-regular-font-size\"><a class=\"wp-block-button__link has-text-color has-background wp-element-button\" href=\"https:\/\/www.euroakademie.de\/bildungsangebote\/wirtschaft-management\" style=\"color:#f9f9f9;background-color:#0abbef;padding-top:var(--wp--preset--spacing--40);padding-right:var(--wp--preset--spacing--20);padding-bottom:var(--wp--preset--spacing--40);padding-left:var(--wp--preset--spacing--20)\">Du bist schon sexy, willst jetzt aber auch noch reich sein? Dann starte deine Karriere mit einer Ausbildung im Bereich Wirtschaft &amp; Management!<br><\/a><\/div>\n<\/div>\n\n\n\n<p><em>Titelbild: Nicoleta Ionescu\/shutterstock<\/em><\/p>\n\n\n\n<p><\/p>\n","protected":false},"excerpt":{"rendered":"<p>\t\t\t\t<![CDATA[Sch\u00f6ne Menschen haben es leichter im Leben. Das ist leider kein Vorurteil, sondern Realit\u00e4t. Und gerade die Menschen, die gemeinhin als weniger sch\u00f6n gelten, leiden darunter.]]>\t\t<\/p>\n","protected":false},"author":79,"featured_media":17636,"comment_status":"closed","ping_status":"closed","sticky":false,"template":"","format":"standard","meta":{"footnotes":""},"categories":[127,46],"tags":[],"class_list":{"0":"post-17631","1":"post","2":"type-post","3":"status-publish","4":"format-standard","5":"has-post-thumbnail","7":"category-karriere","8":"category-wirtschaft-management"},"yoast_head":"<!-- This site is optimized with the Yoast SEO plugin v23.5 - https:\/\/yoast.com\/wordpress\/plugins\/seo\/ -->\n<title>Pretty Privilege: sch\u00f6n \u2013 und gut? - Das Euro Akademie Magazin<\/title>\n<meta name=\"description\" content=\"Sch\u00f6ne Menschen haben es leichter im Leben. Das ist leider kein Vorurteil. Und gerade die Menschen, die gemeinhin als weniger sch\u00f6n gelten, leiden darunter.\" \/>\n<meta name=\"robots\" content=\"index, follow, max-snippet:-1, max-image-preview:large, max-video-preview:-1\" \/>\n<link rel=\"canonical\" href=\"https:\/\/www.diversity-awareness.de\/blog\/details\/pretty-privilege-schoen-und-gut\" \/>\n<meta property=\"og:locale\" content=\"de_DE\" \/>\n<meta property=\"og:type\" content=\"article\" \/>\n<meta property=\"og:title\" content=\"Pretty Privilege: sch\u00f6n \u2013 und gut? - Das Euro Akademie Magazin\" \/>\n<meta property=\"og:description\" content=\"Sch\u00f6ne Menschen haben es leichter im Leben. Das ist leider kein Vorurteil. Und gerade die Menschen, die gemeinhin als weniger sch\u00f6n gelten, leiden darunter.\" \/>\n<meta property=\"og:url\" content=\"https:\/\/www.diversity-awareness.de\/blog\/details\/pretty-privilege-schoen-und-gut\" \/>\n<meta property=\"og:site_name\" content=\"Das Euro Akademie Magazin\" \/>\n<meta property=\"article:published_time\" content=\"2023-10-13T11:01:56+00:00\" \/>\n<meta property=\"article:modified_time\" content=\"2025-03-18T14:07:54+00:00\" \/>\n<meta property=\"og:image\" content=\"https:\/\/www.euroakademie.de\/magazin\/wp-content\/uploads\/2023\/10\/pretty-privilege_2138571783_702-x-336.jpg\" \/>\n\t<meta property=\"og:image:width\" content=\"702\" \/>\n\t<meta property=\"og:image:height\" content=\"336\" \/>\n\t<meta property=\"og:image:type\" content=\"image\/jpeg\" \/>\n<meta name=\"author\" content=\"Nadine Elbert\" \/>\n<meta name=\"twitter:card\" content=\"summary_large_image\" \/>\n<meta name=\"twitter:label1\" content=\"Verfasst von\" \/>\n\t<meta name=\"twitter:data1\" content=\"Nadine Elbert\" \/>\n\t<meta name=\"twitter:label2\" content=\"Gesch\u00e4tzte Lesezeit\" \/>\n\t<meta name=\"twitter:data2\" content=\"6\u00a0Minuten\" \/>\n<script type=\"application\/ld+json\" class=\"yoast-schema-graph\">{\"@context\":\"https:\/\/schema.org\",\"@graph\":[{\"@type\":\"Article\",\"@id\":\"https:\/\/www.diversity-awareness.de\/blog\/details\/pretty-privilege-schoen-und-gut#article\",\"isPartOf\":{\"@id\":\"https:\/\/www.euroakademie.de\/magazin\/pretty-privilege-schoen-und-gut\/\"},\"author\":{\"name\":\"Nadine Elbert\",\"@id\":\"https:\/\/www.euroakademie.de\/magazin\/#\/schema\/person\/6927904de5cedfa8765d9b35681ccb28\"},\"headline\":\"Pretty Privilege: sch\u00f6n \u2013 und gut?\",\"datePublished\":\"2023-10-13T11:01:56+00:00\",\"dateModified\":\"2025-03-18T14:07:54+00:00\",\"mainEntityOfPage\":{\"@id\":\"https:\/\/www.euroakademie.de\/magazin\/pretty-privilege-schoen-und-gut\/\"},\"wordCount\":1029,\"publisher\":{\"@id\":\"https:\/\/www.euroakademie.de\/magazin\/#organization\"},\"image\":{\"@id\":\"https:\/\/www.diversity-awareness.de\/blog\/details\/pretty-privilege-schoen-und-gut#primaryimage\"},\"thumbnailUrl\":\"https:\/\/www.euroakademie.de\/magazin\/wp-content\/uploads\/2023\/10\/pretty-privilege_2138571783_702-x-336.jpg\",\"articleSection\":[\"Karriere\",\"Wirtschaft &amp; Management\"],\"inLanguage\":\"de\"},{\"@type\":\"WebPage\",\"@id\":\"https:\/\/www.euroakademie.de\/magazin\/pretty-privilege-schoen-und-gut\/\",\"url\":\"https:\/\/www.diversity-awareness.de\/blog\/details\/pretty-privilege-schoen-und-gut\",\"name\":\"Pretty Privilege: sch\u00f6n \u2013 und gut? - Das Euro Akademie Magazin\",\"isPartOf\":{\"@id\":\"https:\/\/www.euroakademie.de\/magazin\/#website\"},\"primaryImageOfPage\":{\"@id\":\"https:\/\/www.diversity-awareness.de\/blog\/details\/pretty-privilege-schoen-und-gut#primaryimage\"},\"image\":{\"@id\":\"https:\/\/www.diversity-awareness.de\/blog\/details\/pretty-privilege-schoen-und-gut#primaryimage\"},\"thumbnailUrl\":\"https:\/\/www.euroakademie.de\/magazin\/wp-content\/uploads\/2023\/10\/pretty-privilege_2138571783_702-x-336.jpg\",\"datePublished\":\"2023-10-13T11:01:56+00:00\",\"dateModified\":\"2025-03-18T14:07:54+00:00\",\"description\":\"Sch\u00f6ne Menschen haben es leichter im Leben. Das ist leider kein Vorurteil. Und gerade die Menschen, die gemeinhin als weniger sch\u00f6n gelten, leiden darunter.\",\"breadcrumb\":{\"@id\":\"https:\/\/www.diversity-awareness.de\/blog\/details\/pretty-privilege-schoen-und-gut#breadcrumb\"},\"inLanguage\":\"de\",\"potentialAction\":[{\"@type\":\"ReadAction\",\"target\":[\"https:\/\/www.diversity-awareness.de\/blog\/details\/pretty-privilege-schoen-und-gut\"]}]},{\"@type\":\"ImageObject\",\"inLanguage\":\"de\",\"@id\":\"https:\/\/www.diversity-awareness.de\/blog\/details\/pretty-privilege-schoen-und-gut#primaryimage\",\"url\":\"https:\/\/www.euroakademie.de\/magazin\/wp-content\/uploads\/2023\/10\/pretty-privilege_2138571783_702-x-336.jpg\",\"contentUrl\":\"https:\/\/www.euroakademie.de\/magazin\/wp-content\/uploads\/2023\/10\/pretty-privilege_2138571783_702-x-336.jpg\",\"width\":702,\"height\":336,\"caption\":\"\"},{\"@type\":\"BreadcrumbList\",\"@id\":\"https:\/\/www.diversity-awareness.de\/blog\/details\/pretty-privilege-schoen-und-gut#breadcrumb\",\"itemListElement\":[{\"@type\":\"ListItem\",\"position\":1,\"name\":\"Startseite\",\"item\":\"https:\/\/www.euroakademie.de\/magazin\/\"},{\"@type\":\"ListItem\",\"position\":2,\"name\":\"Pretty Privilege: sch\u00f6n \u2013 und gut?\"}]},{\"@type\":\"WebSite\",\"@id\":\"https:\/\/www.euroakademie.de\/magazin\/#website\",\"url\":\"https:\/\/www.euroakademie.de\/magazin\/\",\"name\":\"Das Euro Akademie Magazin\",\"description\":\"Gut informiert durch Ausbildung und Studium\",\"publisher\":{\"@id\":\"https:\/\/www.euroakademie.de\/magazin\/#organization\"},\"potentialAction\":[{\"@type\":\"SearchAction\",\"target\":{\"@type\":\"EntryPoint\",\"urlTemplate\":\"https:\/\/www.euroakademie.de\/magazin\/?s={search_term_string}\"},\"query-input\":{\"@type\":\"PropertyValueSpecification\",\"valueRequired\":true,\"valueName\":\"search_term_string\"}}],\"inLanguage\":\"de\"},{\"@type\":\"Organization\",\"@id\":\"https:\/\/www.euroakademie.de\/magazin\/#organization\",\"name\":\"ESO Education Group\",\"url\":\"https:\/\/www.euroakademie.de\/magazin\/\",\"logo\":{\"@type\":\"ImageObject\",\"inLanguage\":\"de\",\"@id\":\"https:\/\/www.euroakademie.de\/magazin\/#\/schema\/logo\/image\/\",\"url\":\"https:\/\/relaunch.euroakademie.de\/magazin\/wp-content\/uploads\/2024\/11\/Logo_EA_negativ_Rahmen_5cm_300dpi_RGB.jpg\",\"contentUrl\":\"https:\/\/relaunch.euroakademie.de\/magazin\/wp-content\/uploads\/2024\/11\/Logo_EA_negativ_Rahmen_5cm_300dpi_RGB.jpg\",\"width\":591,\"height\":236,\"caption\":\"ESO Education Group\"},\"image\":{\"@id\":\"https:\/\/www.euroakademie.de\/magazin\/#\/schema\/logo\/image\/\"}},{\"@type\":\"Person\",\"@id\":\"https:\/\/www.euroakademie.de\/magazin\/#\/schema\/person\/6927904de5cedfa8765d9b35681ccb28\",\"name\":\"Nadine Elbert\",\"description\":\"Von Sommer 2019 bis Herbst 2025 schrieb Nadine Elbert hier im Wechsel \u00fcber Themen aus den Bereichen Ausbildung, Studium und Beruf \u2013 und sch\u00f6pfte dabei auch aus ihrem reichhaltigen pers\u00f6nlichen Erfahrungsschatz.\",\"url\":\"https:\/\/www.euroakademie.de\/magazin\/author\/nadine-elbert\/\"}]}<\/script>\n<!-- \/ Yoast SEO plugin. -->","yoast_head_json":{"title":"Pretty Privilege: sch\u00f6n \u2013 und gut? - Das Euro Akademie Magazin","description":"Sch\u00f6ne Menschen haben es leichter im Leben. Das ist leider kein Vorurteil. Und gerade die Menschen, die gemeinhin als weniger sch\u00f6n gelten, leiden darunter.","robots":{"index":"index","follow":"follow","max-snippet":"max-snippet:-1","max-image-preview":"max-image-preview:large","max-video-preview":"max-video-preview:-1"},"canonical":"https:\/\/www.diversity-awareness.de\/blog\/details\/pretty-privilege-schoen-und-gut","og_locale":"de_DE","og_type":"article","og_title":"Pretty Privilege: sch\u00f6n \u2013 und gut? - Das Euro Akademie Magazin","og_description":"Sch\u00f6ne Menschen haben es leichter im Leben. Das ist leider kein Vorurteil. Und gerade die Menschen, die gemeinhin als weniger sch\u00f6n gelten, leiden darunter.","og_url":"https:\/\/www.diversity-awareness.de\/blog\/details\/pretty-privilege-schoen-und-gut","og_site_name":"Das Euro Akademie Magazin","article_published_time":"2023-10-13T11:01:56+00:00","article_modified_time":"2025-03-18T14:07:54+00:00","og_image":[{"width":702,"height":336,"url":"https:\/\/www.euroakademie.de\/magazin\/wp-content\/uploads\/2023\/10\/pretty-privilege_2138571783_702-x-336.jpg","type":"image\/jpeg"}],"author":"Nadine Elbert","twitter_card":"summary_large_image","twitter_misc":{"Verfasst von":"Nadine Elbert","Gesch\u00e4tzte Lesezeit":"6\u00a0Minuten"},"schema":{"@context":"https:\/\/schema.org","@graph":[{"@type":"Article","@id":"https:\/\/www.diversity-awareness.de\/blog\/details\/pretty-privilege-schoen-und-gut#article","isPartOf":{"@id":"https:\/\/www.euroakademie.de\/magazin\/pretty-privilege-schoen-und-gut\/"},"author":{"name":"Nadine Elbert","@id":"https:\/\/www.euroakademie.de\/magazin\/#\/schema\/person\/6927904de5cedfa8765d9b35681ccb28"},"headline":"Pretty Privilege: sch\u00f6n \u2013 und gut?","datePublished":"2023-10-13T11:01:56+00:00","dateModified":"2025-03-18T14:07:54+00:00","mainEntityOfPage":{"@id":"https:\/\/www.euroakademie.de\/magazin\/pretty-privilege-schoen-und-gut\/"},"wordCount":1029,"publisher":{"@id":"https:\/\/www.euroakademie.de\/magazin\/#organization"},"image":{"@id":"https:\/\/www.diversity-awareness.de\/blog\/details\/pretty-privilege-schoen-und-gut#primaryimage"},"thumbnailUrl":"https:\/\/www.euroakademie.de\/magazin\/wp-content\/uploads\/2023\/10\/pretty-privilege_2138571783_702-x-336.jpg","articleSection":["Karriere","Wirtschaft &amp; Management"],"inLanguage":"de"},{"@type":"WebPage","@id":"https:\/\/www.euroakademie.de\/magazin\/pretty-privilege-schoen-und-gut\/","url":"https:\/\/www.diversity-awareness.de\/blog\/details\/pretty-privilege-schoen-und-gut","name":"Pretty Privilege: sch\u00f6n \u2013 und gut? - Das Euro Akademie Magazin","isPartOf":{"@id":"https:\/\/www.euroakademie.de\/magazin\/#website"},"primaryImageOfPage":{"@id":"https:\/\/www.diversity-awareness.de\/blog\/details\/pretty-privilege-schoen-und-gut#primaryimage"},"image":{"@id":"https:\/\/www.diversity-awareness.de\/blog\/details\/pretty-privilege-schoen-und-gut#primaryimage"},"thumbnailUrl":"https:\/\/www.euroakademie.de\/magazin\/wp-content\/uploads\/2023\/10\/pretty-privilege_2138571783_702-x-336.jpg","datePublished":"2023-10-13T11:01:56+00:00","dateModified":"2025-03-18T14:07:54+00:00","description":"Sch\u00f6ne Menschen haben es leichter im Leben. Das ist leider kein Vorurteil. Und gerade die Menschen, die gemeinhin als weniger sch\u00f6n gelten, leiden darunter.","breadcrumb":{"@id":"https:\/\/www.diversity-awareness.de\/blog\/details\/pretty-privilege-schoen-und-gut#breadcrumb"},"inLanguage":"de","potentialAction":[{"@type":"ReadAction","target":["https:\/\/www.diversity-awareness.de\/blog\/details\/pretty-privilege-schoen-und-gut"]}]},{"@type":"ImageObject","inLanguage":"de","@id":"https:\/\/www.diversity-awareness.de\/blog\/details\/pretty-privilege-schoen-und-gut#primaryimage","url":"https:\/\/www.euroakademie.de\/magazin\/wp-content\/uploads\/2023\/10\/pretty-privilege_2138571783_702-x-336.jpg","contentUrl":"https:\/\/www.euroakademie.de\/magazin\/wp-content\/uploads\/2023\/10\/pretty-privilege_2138571783_702-x-336.jpg","width":702,"height":336,"caption":""},{"@type":"BreadcrumbList","@id":"https:\/\/www.diversity-awareness.de\/blog\/details\/pretty-privilege-schoen-und-gut#breadcrumb","itemListElement":[{"@type":"ListItem","position":1,"name":"Startseite","item":"https:\/\/www.euroakademie.de\/magazin\/"},{"@type":"ListItem","position":2,"name":"Pretty Privilege: sch\u00f6n \u2013 und gut?"}]},{"@type":"WebSite","@id":"https:\/\/www.euroakademie.de\/magazin\/#website","url":"https:\/\/www.euroakademie.de\/magazin\/","name":"Das Euro Akademie Magazin","description":"Gut informiert durch Ausbildung und Studium","publisher":{"@id":"https:\/\/www.euroakademie.de\/magazin\/#organization"},"potentialAction":[{"@type":"SearchAction","target":{"@type":"EntryPoint","urlTemplate":"https:\/\/www.euroakademie.de\/magazin\/?s={search_term_string}"},"query-input":{"@type":"PropertyValueSpecification","valueRequired":true,"valueName":"search_term_string"}}],"inLanguage":"de"},{"@type":"Organization","@id":"https:\/\/www.euroakademie.de\/magazin\/#organization","name":"ESO Education Group","url":"https:\/\/www.euroakademie.de\/magazin\/","logo":{"@type":"ImageObject","inLanguage":"de","@id":"https:\/\/www.euroakademie.de\/magazin\/#\/schema\/logo\/image\/","url":"https:\/\/relaunch.euroakademie.de\/magazin\/wp-content\/uploads\/2024\/11\/Logo_EA_negativ_Rahmen_5cm_300dpi_RGB.jpg","contentUrl":"https:\/\/relaunch.euroakademie.de\/magazin\/wp-content\/uploads\/2024\/11\/Logo_EA_negativ_Rahmen_5cm_300dpi_RGB.jpg","width":591,"height":236,"caption":"ESO Education Group"},"image":{"@id":"https:\/\/www.euroakademie.de\/magazin\/#\/schema\/logo\/image\/"}},{"@type":"Person","@id":"https:\/\/www.euroakademie.de\/magazin\/#\/schema\/person\/6927904de5cedfa8765d9b35681ccb28","name":"Nadine Elbert","description":"Von Sommer 2019 bis Herbst 2025 schrieb Nadine Elbert hier im Wechsel \u00fcber Themen aus den Bereichen Ausbildung, Studium und Beruf \u2013 und sch\u00f6pfte dabei auch aus ihrem reichhaltigen pers\u00f6nlichen Erfahrungsschatz.","url":"https:\/\/www.euroakademie.de\/magazin\/author\/nadine-elbert\/"}]}},"_links":{"self":[{"href":"https:\/\/www.euroakademie.de\/magazin\/wp-json\/wp\/v2\/posts\/17631","targetHints":{"allow":["GET"]}}],"collection":[{"href":"https:\/\/www.euroakademie.de\/magazin\/wp-json\/wp\/v2\/posts"}],"about":[{"href":"https:\/\/www.euroakademie.de\/magazin\/wp-json\/wp\/v2\/types\/post"}],"author":[{"embeddable":true,"href":"https:\/\/www.euroakademie.de\/magazin\/wp-json\/wp\/v2\/users\/79"}],"replies":[{"embeddable":true,"href":"https:\/\/www.euroakademie.de\/magazin\/wp-json\/wp\/v2\/comments?post=17631"}],"version-history":[{"count":2,"href":"https:\/\/www.euroakademie.de\/magazin\/wp-json\/wp\/v2\/posts\/17631\/revisions"}],"predecessor-version":[{"id":22362,"href":"https:\/\/www.euroakademie.de\/magazin\/wp-json\/wp\/v2\/posts\/17631\/revisions\/22362"}],"wp:featuredmedia":[{"embeddable":true,"href":"https:\/\/www.euroakademie.de\/magazin\/wp-json\/wp\/v2\/media\/17636"}],"wp:attachment":[{"href":"https:\/\/www.euroakademie.de\/magazin\/wp-json\/wp\/v2\/media?parent=17631"}],"wp:term":[{"taxonomy":"category","embeddable":true,"href":"https:\/\/www.euroakademie.de\/magazin\/wp-json\/wp\/v2\/categories?post=17631"},{"taxonomy":"post_tag","embeddable":true,"href":"https:\/\/www.euroakademie.de\/magazin\/wp-json\/wp\/v2\/tags?post=17631"}],"curies":[{"name":"wp","href":"https:\/\/api.w.org\/{rel}","templated":true}]}}