{"id":17674,"date":"2023-10-25T12:55:27","date_gmt":"2023-10-25T10:55:27","guid":{"rendered":"https:\/\/www.euroakademie.de\/magazin\/?p=17674"},"modified":"2024-10-30T10:17:18","modified_gmt":"2024-10-30T09:17:18","slug":"karriere-in-der-pflege-vom-krankenbett-auf-den-chefsessel","status":"publish","type":"post","link":"https:\/\/www.euroakademie.de\/magazin\/karriere-in-der-pflege-vom-krankenbett-auf-den-chefsessel\/","title":{"rendered":"Karriere in der Pflege: Vom Krankenbett auf den Chefsessel"},"content":{"rendered":"\n<p><strong>F\u00fchrungskr\u00e4fte auf dem Weg zu einer Karriere in der Pflege haben es nicht immer einfach. Sie agieren im Spannungsfeld zwischen ihrem pflegerischen Auftrag und dem Management der Pflegeeinrichtung. Gleichzeitig m\u00fcssen sie dem Streben nach Wirtschaftlichkeit auf der einen und dem pflegerischen Ethos auf der anderen Seite gerecht werden. Sie sind die Garantinnen und Garanten f\u00fcr die Sicherstellung des pflegerischen Versorgungsauftrags. Wir als Gesellschaft beobachten ganz genau, ob sie diese Aufgabe gut erf\u00fcllen, denn wir vertrauen ihnen unsere kranken und schwachen Familienmitglieder an. Selbstverst\u00e4ndlich wollen wir unsere Lieben in guten H\u00e4nden wissen. Wir wollen, dass sie sich die n\u00f6tige Zeit f\u00fcr jeden Einzelnen nehmen und sich darum bem\u00fchen, dass die Kranken wieder gesund werden, sowie die Alten an ihrem Lebensende w\u00fcrdig zu begleiten.<\/strong><\/p>\n\n\n\n<h2 class=\"wp-block-heading\">H\u00fcrden auf dem Karriereweg<\/h2>\n\n\n\n<p>Aber wie geht es den Pfleger*innen dabei? W\u00e4hrend der Coronakrise wurde der enorme Druck, der auf den Schultern der professionell Pflegenden lastet, deutlich \u2013 und bekam endlich ein Ventil, eine Stimme. Das Institut Arbeit und Technik (IAT) hat nun gemeinsam mit dem BiG \u2013 Bildungsinstitut im Gesundheitswesen gGmbH, beauftragt vom Bundesinstitut f\u00fcr Berufsbildung (BIBB), <a href=\"https:\/\/www.bibb.de\/de\/145135.php\" target=\"_blank\" rel=\"noreferrer noopener\" aria-label=\"ein Forschungsprojekt (\u00f6ffnet in neuem Tab)\">ein Forschungsprojekt<\/a> durchgef\u00fchrt, bei der insbesondere die F\u00fchrungskr\u00e4fte im Pflegebereich in den Blick genommen wurden. Welche Herausforderungen begegnen dieser Personengruppe auf der Karriereleiter von pflegenden Angestellten in die untere und obere F\u00fchrungsebene? Angehende Abteilungs-, Stations- oder Wohnbereichsleitungen aber auch neu ernannte Pflegedirektor*innen, Pflegedienstleitungen oder die verantwortlichen Pflegefachpersonen haben mit einigen H\u00fcrden zu k\u00e4mpfen, die die neuen Positionen mit sich bringen.<\/p>\n\n\n\n<h3 class=\"wp-block-heading\">Vielf\u00e4ltige Anforderungen an F\u00fchrungspersonen<\/h3>\n\n\n\n<p>Ging es auf der alten Position noch um fachliche Kenntnisse\nund Qualifikationen im Themenbereich Pflege, so werden pl\u00f6tzlich ganz andere\nAnforderungen an die Pflegekr\u00e4fte in F\u00fchrungsposition gestellt. Sie sind nun\nverantwortlich f\u00fcr die Teamentwicklung, sollen das Gruppengef\u00fchl ihrer\nMitarbeitenden st\u00e4rken und daf\u00fcr sorgen, dass jede*r sich mit der Einrichtung\noder dem Unternehmen identifiziert. Gleichzeitig sollen die neuen Chef*innen\njede*n Mitarbeiter*in individuell f\u00f6rdern, indem sie deren Potenziale\neinsch\u00e4tzen und gemeinsam mit der jeweiligen Person weiterentwickeln. Nicht\nzuletzt fallen auch die Arbeitsorganisation und das Prozessmanagement auf der\nStation in ihren neuen T\u00e4tigkeitsbereich. Gerade bei Krankheitswellen unter den\nMitarbeitenden nimmt die Personaldisposition viel Zeit in Anspruch \u2013 die an\nanderen Stellen fehlt. \u00dcberhaupt f\u00fchrt der Mangel an ausgebildeten\nPflegekr\u00e4ften unweigerlich zu schwierigen Situationen auf den Stationen, f\u00fcr\ndie die F\u00fchrungskr\u00e4fte in den unteren F\u00fchrungsebenen \u2013 gleich einem Zauberer \u2013\nL\u00f6sungen finden m\u00fcssen. Ein Thema, das Pflegeeinrichtungen mehr und mehr besch\u00e4ftigt,\nist der Umgang mit Gewalt und Aggressionen, die von Patient*innen\/Bewohner*innen\nund Angeh\u00f6rigen\/Besucher*innen gleicherma\u00dfen ausgehen k\u00f6nnen. Auch hier sind die\nLeitungspersonen gefordert, um eine sichere Umgebung f\u00fcr ihre Mitarbeitenden zu\nschaffen.<\/p>\n\n\n\n<h3 class=\"wp-block-heading\">Das (neue) Rollenverst\u00e4ndnis<\/h3>\n\n\n\n<p>W\u00e4hrend bei Angestellten deren professionelle Identit\u00e4t\nvernachl\u00e4ssigbar ist, sehen sich aufstrebende Pflegekr\u00e4fte mit vielen neuen\nAufgaben konfrontiert. In diesem Zuge ist es f\u00fcr sie wichtig, ein Verst\u00e4ndnis\nf\u00fcr ihre neue Rolle zu entwickeln. Zugunsten der betriebswirtschaftlichen\nEffizienz ist es n\u00f6tig, dass sie sich bis zu einem gewissen Grad vom\nPflegeberuf abkoppeln. Dabei findet eine Entfremdung vom pflegerischen\nBerufsethos statt, mit dem nicht alle gut umgehen k\u00f6nnen. Zudem besteht eine\nN\u00e4he zu den Mitarbeitenden \u2013 oft sind es sogar ehemaligen Kolleg*innen. In ihrer\nneuen Rolle sind sie jedoch pl\u00f6tzlich als Vorgesetzte*r verantwortlich f\u00fcr\ndiese. \u201eVon der Organisation der Pflege bis hin zur Pflege der Organisation\u201c\nist der vielzitierte Titel <a href=\"https:\/\/link.springer.com\/chapter\/10.1007\/978-3-658-11853-2_9\">eines\nFachartikels aus 2016<\/a> \u2013 und trifft ins Schwarze: Der Weg vom Krankenbett an\nden Schreibtisch sollte daher von Weiterbildungen begleitet sein, die diesen Prozess\nunterst\u00fctzen, eine entsprechende Kompetenzentwicklung f\u00f6rdern und Raum f\u00fcr\nangeleitete Reflexionen bieten. Das empfehlen auch die Autor*innen der oben\ngenannten Untersuchung.<\/p>\n\n\n\n<h2 class=\"wp-block-heading\">Begleitung durch Weiterbildung<\/h2>\n\n\n\n<p>Eine professionelle Begleitung der neuen F\u00fchrungskr\u00e4fte durch\nentsprechende Seminare und Workshops ist eigentlich unabdingbar, denn eine\nLeitungsweiterbildung kann sich nur positiv auf die eigene psychologische\nSicherheit der Teilnehmenden auswirken. Und das n\u00fctzt nicht nur den Mitarbeitenden,\nsondern langfristig auch den Bildungseinrichtungen, die so von professionell\ngeschulten F\u00fchrungskr\u00e4ften profitieren. Schaut man sich jedoch die (Weiter-)Bildungslandschaft\nin diesem Bereich an, so stellt man schnell fest, dass Qualifizierungen f\u00fcr\nMitarbeiter*innen in F\u00fchrungspositionen uneinheitlich und intransparent sind. \u201eDoch wie die\ngesamte Weiterbildungslandschaft in der Pflege sind auch die\nQualifikationsangebote f\u00fcr F\u00fchrungspersonen in der Pflege un\u00fcbersicht\u00adlich,\nfragmentiert und heterogen\u201c, hei\u00dft es im Vorwort zu der vom Bundesinstitut\nf\u00fcr Berufsbildung (BIBB) beauftragten Untersuchung, die den Leser*innen in einem Rahmenkonzept auch\nVorschl\u00e4ge und Beispiele an die Hand gibt, wie es besser laufen k\u00f6nnte.<\/p>\n\n\n\n<h2 class=\"wp-block-heading\">F\u00fchrung ist nicht gleich F\u00fchrung<\/h2>\n\n\n\n<p>Ein Thema, das in den Weiterbildungen eine zentrale Rolle einnehmen sollte, hei\u00dft: F\u00fchrung bzw. F\u00fchrungen. Denn es gibt nicht die eine Weise, wie man das Vorgesetzten-Angestellten-Verh\u00e4ltnis gestalten kann. Aufgef\u00fchrt werden in dem Beitrag die ethikorientierte F\u00fchrung, die gesundheitsf\u00f6rderliche und generationengerechte F\u00fchrung sowie die talentf\u00f6rdernde F\u00fchrung. Diese setzen unterschiedliche Schwerpunkte.<\/p>\n\n\n\n<h3 class=\"wp-block-heading\">Ethikorientierte F\u00fchrung<\/h3>\n\n\n\n<p>Im ersten Ansatz der ethikorientierten F\u00fchrung soll die Pflege im Mittelpunkt stehen, was aber in der Praxis durch die vorgefundenen, defizit\u00e4ren Rahmenbedingungen erschwert wird. Daher gen\u00fcgt es nicht, dass sich die mittlere F\u00fchrungsebene und ihre Teams zu Leitidee committen, sondern auch das obere Management muss ein Commitment zur Leitidee der ethikorientierten F\u00fchrung zeigen. Eine Beschr\u00e4nkung auf die pers\u00f6nlichen Kompetenzen der F\u00fchrungsperson kann also nicht ausreichend sein, sondern die Umst\u00e4nde m\u00fcssen mitbetrachtet werden.<\/p>\n\n\n\n<h3 class=\"wp-block-heading\">Gesundheitsf\u00f6rderliche und generationengerechte F\u00fchrung<\/h3>\n\n\n\n<p>Der zweite Ansatz besch\u00e4ftigt sich mit zwei aktuellen Brennpunkten in der Pflege: die Gesundheit des Personals und die Altersmischung innerhalb der Teams. Insbesondere <a rel=\"noreferrer noopener\" aria-label=\"im Angesicht des Fachkr\u00e4ftemangels (\u00f6ffnet in neuem Tab)\" href=\"https:\/\/www.euroakademie.de\/magazin\/pflege-in-deutschland-bedarf-an-fachkraeften-wird-weiter-steigen\/\" target=\"_blank\">im Angesicht des Fachkr\u00e4ftemangels<\/a> gilt es, zus\u00e4tzliche kurz- und langfristige Ausf\u00e4lle durch Krankheiten zu vermeiden. Daf\u00fcr ist ein funktionierendes Gesundheitsmanagement notwendig. Es klingt absurd: Gerade diejenigen, die sich beruflich um die Gesundheit ihrer Patient*innen k\u00fcmmern, vernachl\u00e4ssigen oft ihre eigenen Bed\u00fcrfnisse. Neben dieser F\u00fcrsorge-Aufgabe haben Leitungen oft auch mit der Altersstruktur innerhalb ihrer Mannschaft zu k\u00e4mpfen. Sie m\u00fcssen auf die jeweils typischen Bed\u00fcrfnisse und Erfahrungen verschiedener Generationen von Mitarbeitenden (Babyboomer, Generation X, Generation Y, Generation Z) eingehen. Das kann funktionieren \u2013 kann aber auch einem Jonglage-Akt mit zu vielen B\u00e4llen gleichzeitig in der Luft \u00e4hneln.<\/p>\n\n\n\n<h3 class=\"wp-block-heading\">Talentf\u00f6rdernde oder transformationale F\u00fchrung<\/h3>\n\n\n\n<p>Die talentf\u00f6rdernde oder transformationale F\u00fchrung letztlich, die als dritter Ansatz vorgestellt wird, ist st\u00e4rker am Individuum orientiert. Vorgesetze sollen die Potentiale und Talente ihrer Mitarbeitenden erkennen und diese f\u00f6rdern. <\/p>\n\n\n\n<h2 class=\"wp-block-heading\">Fazit<\/h2>\n\n\n\n<p>F\u00fchrungskr\u00e4fte in der mittleren und oberen Ebene von Pflegeeinrichtungen und -organisationen haben eine entscheidende Schl\u00fcsselposition zur Sicherstellung der professionellen Pflege inne, befinden sich aber gleichzeitig in einem engen Zwangskorsett \u00f6konomischer Vorgaben. Sich in dieser Rolle zu sehen ist nicht immer einfach und bedarf Unterst\u00fctzung von au\u00dfen. Daher sollten angehende F\u00fchrungskr\u00e4fte durch Weiterbildungen begleitet werden. Diese sollten transparent und einheitlich sein. Aktuell ist die gesamte Weiterbildungslandschaft in der Pflege jedoch noch un\u00fcbersicht\u00adlich, fragmentiert und heterogen. Es ist Aufgabe der Politik und der Bildungstr\u00e4ger, diese gemeinsam zu verbessern.<\/p>\n\n\n\n<p><em>Titelbild: Andrey_Popov\/shutterstock<\/em><\/p>\n\n\n\n<div class=\"wp-block-buttons is-content-justification-center is-layout-flex wp-container-core-buttons-is-layout-16018d1d wp-block-buttons-is-layout-flex\">\n<div class=\"wp-block-button has-custom-font-size has-regular-font-size\"><a class=\"wp-block-button__link has-text-color has-background wp-element-button\" href=\"https:\/\/www.euroakademie.de\/bildungsangebote\/fort-und-weiterbildung\" style=\"color:#ffffff;background-color:#c5122c;padding-top:var(--wp--preset--spacing--40);padding-right:var(--wp--preset--spacing--20);padding-bottom:var(--wp--preset--spacing--40);padding-left:var(--wp--preset--spacing--20)\">Weiterbildung? K\u00f6nnen wir! Hier findest du unsere Fort- und Weiterbildungsangebote &#8211; auch im Pflegebereich, aber nicht nur. Schau gleich vorbei!<br><\/a><\/div>\n<\/div>\n\n\n\n<p><\/p>\n","protected":false},"excerpt":{"rendered":"<p>\t\t\t\t<![CDATA[F\u00fcr F\u00fchrungskr\u00e4fte in der Pflege ist der Weg vom Krankenbett auf den Chefsessel mit etlichen Hindernissen versehen. Wie und was ist zu \u00e4ndern?]]>\t\t<\/p>\n","protected":false},"author":79,"featured_media":17678,"comment_status":"closed","ping_status":"closed","sticky":false,"template":"","format":"standard","meta":{"footnotes":""},"categories":[16,127],"tags":[],"class_list":{"0":"post-17674","1":"post","2":"type-post","3":"status-publish","4":"format-standard","5":"has-post-thumbnail","7":"category-gesundheit-pflege","8":"category-karriere"},"yoast_head":"<!-- This site is optimized with the Yoast SEO plugin v23.5 - https:\/\/yoast.com\/wordpress\/plugins\/seo\/ -->\n<title>Karriere in der Pflege: Vom Krankenbett auf den Chefsessel<\/title>\n<meta name=\"description\" content=\"Der Weg vom Krankenbett auf den Chefsessel f\u00fcr eine Karriere in der Pflege ist mit etlichen Hindernissen versehen. Wie und was ist zu \u00e4ndern?\" \/>\n<meta name=\"robots\" content=\"index, follow, max-snippet:-1, max-image-preview:large, max-video-preview:-1\" \/>\n<link rel=\"canonical\" href=\"https:\/\/www.euroakademie.de\/magazin\/karriere-in-der-pflege-vom-krankenbett-auf-den-chefsessel\/\" \/>\n<meta property=\"og:locale\" content=\"de_DE\" \/>\n<meta property=\"og:type\" content=\"article\" \/>\n<meta property=\"og:title\" content=\"Karriere in der Pflege: Vom Krankenbett auf den Chefsessel\" \/>\n<meta property=\"og:description\" content=\"Der Weg vom Krankenbett auf den Chefsessel f\u00fcr eine Karriere in der Pflege ist mit etlichen Hindernissen versehen. Wie und was ist zu \u00e4ndern?\" \/>\n<meta property=\"og:url\" content=\"https:\/\/www.euroakademie.de\/magazin\/karriere-in-der-pflege-vom-krankenbett-auf-den-chefsessel\/\" \/>\n<meta property=\"og:site_name\" content=\"Das Euro Akademie Magazin\" \/>\n<meta property=\"article:published_time\" content=\"2023-10-25T10:55:27+00:00\" \/>\n<meta property=\"article:modified_time\" content=\"2024-10-30T09:17:18+00:00\" \/>\n<meta property=\"og:image\" content=\"https:\/\/www.euroakademie.de\/magazin\/wp-content\/uploads\/2023\/10\/pflege_2005761539_702-x-336.jpg\" \/>\n\t<meta property=\"og:image:width\" content=\"702\" \/>\n\t<meta property=\"og:image:height\" content=\"336\" \/>\n\t<meta property=\"og:image:type\" content=\"image\/jpeg\" \/>\n<meta name=\"author\" content=\"Nadine Elbert\" \/>\n<meta name=\"twitter:card\" content=\"summary_large_image\" \/>\n<meta name=\"twitter:label1\" content=\"Verfasst von\" \/>\n\t<meta name=\"twitter:data1\" content=\"Nadine Elbert\" \/>\n\t<meta name=\"twitter:label2\" content=\"Gesch\u00e4tzte Lesezeit\" \/>\n\t<meta name=\"twitter:data2\" content=\"7\u00a0Minuten\" \/>\n<script type=\"application\/ld+json\" class=\"yoast-schema-graph\">{\"@context\":\"https:\/\/schema.org\",\"@graph\":[{\"@type\":\"Article\",\"@id\":\"https:\/\/www.euroakademie.de\/magazin\/karriere-in-der-pflege-vom-krankenbett-auf-den-chefsessel\/#article\",\"isPartOf\":{\"@id\":\"https:\/\/www.euroakademie.de\/magazin\/karriere-in-der-pflege-vom-krankenbett-auf-den-chefsessel\/\"},\"author\":{\"name\":\"Nadine Elbert\",\"@id\":\"https:\/\/www.euroakademie.de\/magazin\/#\/schema\/person\/6927904de5cedfa8765d9b35681ccb28\"},\"headline\":\"Karriere in der Pflege: Vom Krankenbett auf den Chefsessel\",\"datePublished\":\"2023-10-25T10:55:27+00:00\",\"dateModified\":\"2024-10-30T09:17:18+00:00\",\"mainEntityOfPage\":{\"@id\":\"https:\/\/www.euroakademie.de\/magazin\/karriere-in-der-pflege-vom-krankenbett-auf-den-chefsessel\/\"},\"wordCount\":1248,\"publisher\":{\"@id\":\"https:\/\/www.euroakademie.de\/magazin\/#organization\"},\"image\":{\"@id\":\"https:\/\/www.euroakademie.de\/magazin\/karriere-in-der-pflege-vom-krankenbett-auf-den-chefsessel\/#primaryimage\"},\"thumbnailUrl\":\"https:\/\/www.euroakademie.de\/magazin\/wp-content\/uploads\/2023\/10\/pflege_2005761539_702-x-336.jpg\",\"articleSection\":[\"Gesundheit &amp; Pflege\",\"Karriere\"],\"inLanguage\":\"de\"},{\"@type\":\"WebPage\",\"@id\":\"https:\/\/www.euroakademie.de\/magazin\/karriere-in-der-pflege-vom-krankenbett-auf-den-chefsessel\/\",\"url\":\"https:\/\/www.euroakademie.de\/magazin\/karriere-in-der-pflege-vom-krankenbett-auf-den-chefsessel\/\",\"name\":\"Karriere in der Pflege: Vom Krankenbett auf den Chefsessel\",\"isPartOf\":{\"@id\":\"https:\/\/www.euroakademie.de\/magazin\/#website\"},\"primaryImageOfPage\":{\"@id\":\"https:\/\/www.euroakademie.de\/magazin\/karriere-in-der-pflege-vom-krankenbett-auf-den-chefsessel\/#primaryimage\"},\"image\":{\"@id\":\"https:\/\/www.euroakademie.de\/magazin\/karriere-in-der-pflege-vom-krankenbett-auf-den-chefsessel\/#primaryimage\"},\"thumbnailUrl\":\"https:\/\/www.euroakademie.de\/magazin\/wp-content\/uploads\/2023\/10\/pflege_2005761539_702-x-336.jpg\",\"datePublished\":\"2023-10-25T10:55:27+00:00\",\"dateModified\":\"2024-10-30T09:17:18+00:00\",\"description\":\"Der Weg vom Krankenbett auf den Chefsessel f\u00fcr eine Karriere in der Pflege ist mit etlichen Hindernissen versehen. Wie und was ist zu \u00e4ndern?\",\"breadcrumb\":{\"@id\":\"https:\/\/www.euroakademie.de\/magazin\/karriere-in-der-pflege-vom-krankenbett-auf-den-chefsessel\/#breadcrumb\"},\"inLanguage\":\"de\",\"potentialAction\":[{\"@type\":\"ReadAction\",\"target\":[\"https:\/\/www.euroakademie.de\/magazin\/karriere-in-der-pflege-vom-krankenbett-auf-den-chefsessel\/\"]}]},{\"@type\":\"ImageObject\",\"inLanguage\":\"de\",\"@id\":\"https:\/\/www.euroakademie.de\/magazin\/karriere-in-der-pflege-vom-krankenbett-auf-den-chefsessel\/#primaryimage\",\"url\":\"https:\/\/www.euroakademie.de\/magazin\/wp-content\/uploads\/2023\/10\/pflege_2005761539_702-x-336.jpg\",\"contentUrl\":\"https:\/\/www.euroakademie.de\/magazin\/wp-content\/uploads\/2023\/10\/pflege_2005761539_702-x-336.jpg\",\"width\":702,\"height\":336,\"caption\":\"\"},{\"@type\":\"BreadcrumbList\",\"@id\":\"https:\/\/www.euroakademie.de\/magazin\/karriere-in-der-pflege-vom-krankenbett-auf-den-chefsessel\/#breadcrumb\",\"itemListElement\":[{\"@type\":\"ListItem\",\"position\":1,\"name\":\"Startseite\",\"item\":\"https:\/\/www.euroakademie.de\/magazin\/\"},{\"@type\":\"ListItem\",\"position\":2,\"name\":\"Karriere in der Pflege: Vom Krankenbett auf den Chefsessel\"}]},{\"@type\":\"WebSite\",\"@id\":\"https:\/\/www.euroakademie.de\/magazin\/#website\",\"url\":\"https:\/\/www.euroakademie.de\/magazin\/\",\"name\":\"Das Euro Akademie Magazin\",\"description\":\"Gut informiert durch Ausbildung und Studium\",\"publisher\":{\"@id\":\"https:\/\/www.euroakademie.de\/magazin\/#organization\"},\"potentialAction\":[{\"@type\":\"SearchAction\",\"target\":{\"@type\":\"EntryPoint\",\"urlTemplate\":\"https:\/\/www.euroakademie.de\/magazin\/?s={search_term_string}\"},\"query-input\":{\"@type\":\"PropertyValueSpecification\",\"valueRequired\":true,\"valueName\":\"search_term_string\"}}],\"inLanguage\":\"de\"},{\"@type\":\"Organization\",\"@id\":\"https:\/\/www.euroakademie.de\/magazin\/#organization\",\"name\":\"ESO Education Group\",\"url\":\"https:\/\/www.euroakademie.de\/magazin\/\",\"logo\":{\"@type\":\"ImageObject\",\"inLanguage\":\"de\",\"@id\":\"https:\/\/www.euroakademie.de\/magazin\/#\/schema\/logo\/image\/\",\"url\":\"https:\/\/relaunch.euroakademie.de\/magazin\/wp-content\/uploads\/2024\/11\/Logo_EA_negativ_Rahmen_5cm_300dpi_RGB.jpg\",\"contentUrl\":\"https:\/\/relaunch.euroakademie.de\/magazin\/wp-content\/uploads\/2024\/11\/Logo_EA_negativ_Rahmen_5cm_300dpi_RGB.jpg\",\"width\":591,\"height\":236,\"caption\":\"ESO Education Group\"},\"image\":{\"@id\":\"https:\/\/www.euroakademie.de\/magazin\/#\/schema\/logo\/image\/\"}},{\"@type\":\"Person\",\"@id\":\"https:\/\/www.euroakademie.de\/magazin\/#\/schema\/person\/6927904de5cedfa8765d9b35681ccb28\",\"name\":\"Nadine Elbert\",\"description\":\"Von Sommer 2019 bis Herbst 2025 schrieb Nadine Elbert hier im Wechsel \u00fcber Themen aus den Bereichen Ausbildung, Studium und Beruf \u2013 und sch\u00f6pfte dabei auch aus ihrem reichhaltigen pers\u00f6nlichen Erfahrungsschatz.\",\"url\":\"https:\/\/www.euroakademie.de\/magazin\/author\/nadine-elbert\/\"}]}<\/script>\n<!-- \/ Yoast SEO plugin. -->","yoast_head_json":{"title":"Karriere in der Pflege: Vom Krankenbett auf den Chefsessel","description":"Der Weg vom Krankenbett auf den Chefsessel f\u00fcr eine Karriere in der Pflege ist mit etlichen Hindernissen versehen. Wie und was ist zu \u00e4ndern?","robots":{"index":"index","follow":"follow","max-snippet":"max-snippet:-1","max-image-preview":"max-image-preview:large","max-video-preview":"max-video-preview:-1"},"canonical":"https:\/\/www.euroakademie.de\/magazin\/karriere-in-der-pflege-vom-krankenbett-auf-den-chefsessel\/","og_locale":"de_DE","og_type":"article","og_title":"Karriere in der Pflege: Vom Krankenbett auf den Chefsessel","og_description":"Der Weg vom Krankenbett auf den Chefsessel f\u00fcr eine Karriere in der Pflege ist mit etlichen Hindernissen versehen. Wie und was ist zu \u00e4ndern?","og_url":"https:\/\/www.euroakademie.de\/magazin\/karriere-in-der-pflege-vom-krankenbett-auf-den-chefsessel\/","og_site_name":"Das Euro Akademie Magazin","article_published_time":"2023-10-25T10:55:27+00:00","article_modified_time":"2024-10-30T09:17:18+00:00","og_image":[{"width":702,"height":336,"url":"https:\/\/www.euroakademie.de\/magazin\/wp-content\/uploads\/2023\/10\/pflege_2005761539_702-x-336.jpg","type":"image\/jpeg"}],"author":"Nadine Elbert","twitter_card":"summary_large_image","twitter_misc":{"Verfasst von":"Nadine Elbert","Gesch\u00e4tzte Lesezeit":"7\u00a0Minuten"},"schema":{"@context":"https:\/\/schema.org","@graph":[{"@type":"Article","@id":"https:\/\/www.euroakademie.de\/magazin\/karriere-in-der-pflege-vom-krankenbett-auf-den-chefsessel\/#article","isPartOf":{"@id":"https:\/\/www.euroakademie.de\/magazin\/karriere-in-der-pflege-vom-krankenbett-auf-den-chefsessel\/"},"author":{"name":"Nadine Elbert","@id":"https:\/\/www.euroakademie.de\/magazin\/#\/schema\/person\/6927904de5cedfa8765d9b35681ccb28"},"headline":"Karriere in der Pflege: Vom Krankenbett auf den Chefsessel","datePublished":"2023-10-25T10:55:27+00:00","dateModified":"2024-10-30T09:17:18+00:00","mainEntityOfPage":{"@id":"https:\/\/www.euroakademie.de\/magazin\/karriere-in-der-pflege-vom-krankenbett-auf-den-chefsessel\/"},"wordCount":1248,"publisher":{"@id":"https:\/\/www.euroakademie.de\/magazin\/#organization"},"image":{"@id":"https:\/\/www.euroakademie.de\/magazin\/karriere-in-der-pflege-vom-krankenbett-auf-den-chefsessel\/#primaryimage"},"thumbnailUrl":"https:\/\/www.euroakademie.de\/magazin\/wp-content\/uploads\/2023\/10\/pflege_2005761539_702-x-336.jpg","articleSection":["Gesundheit &amp; Pflege","Karriere"],"inLanguage":"de"},{"@type":"WebPage","@id":"https:\/\/www.euroakademie.de\/magazin\/karriere-in-der-pflege-vom-krankenbett-auf-den-chefsessel\/","url":"https:\/\/www.euroakademie.de\/magazin\/karriere-in-der-pflege-vom-krankenbett-auf-den-chefsessel\/","name":"Karriere in der Pflege: Vom Krankenbett auf den Chefsessel","isPartOf":{"@id":"https:\/\/www.euroakademie.de\/magazin\/#website"},"primaryImageOfPage":{"@id":"https:\/\/www.euroakademie.de\/magazin\/karriere-in-der-pflege-vom-krankenbett-auf-den-chefsessel\/#primaryimage"},"image":{"@id":"https:\/\/www.euroakademie.de\/magazin\/karriere-in-der-pflege-vom-krankenbett-auf-den-chefsessel\/#primaryimage"},"thumbnailUrl":"https:\/\/www.euroakademie.de\/magazin\/wp-content\/uploads\/2023\/10\/pflege_2005761539_702-x-336.jpg","datePublished":"2023-10-25T10:55:27+00:00","dateModified":"2024-10-30T09:17:18+00:00","description":"Der Weg vom Krankenbett auf den Chefsessel f\u00fcr eine Karriere in der Pflege ist mit etlichen Hindernissen versehen. Wie und was ist zu \u00e4ndern?","breadcrumb":{"@id":"https:\/\/www.euroakademie.de\/magazin\/karriere-in-der-pflege-vom-krankenbett-auf-den-chefsessel\/#breadcrumb"},"inLanguage":"de","potentialAction":[{"@type":"ReadAction","target":["https:\/\/www.euroakademie.de\/magazin\/karriere-in-der-pflege-vom-krankenbett-auf-den-chefsessel\/"]}]},{"@type":"ImageObject","inLanguage":"de","@id":"https:\/\/www.euroakademie.de\/magazin\/karriere-in-der-pflege-vom-krankenbett-auf-den-chefsessel\/#primaryimage","url":"https:\/\/www.euroakademie.de\/magazin\/wp-content\/uploads\/2023\/10\/pflege_2005761539_702-x-336.jpg","contentUrl":"https:\/\/www.euroakademie.de\/magazin\/wp-content\/uploads\/2023\/10\/pflege_2005761539_702-x-336.jpg","width":702,"height":336,"caption":""},{"@type":"BreadcrumbList","@id":"https:\/\/www.euroakademie.de\/magazin\/karriere-in-der-pflege-vom-krankenbett-auf-den-chefsessel\/#breadcrumb","itemListElement":[{"@type":"ListItem","position":1,"name":"Startseite","item":"https:\/\/www.euroakademie.de\/magazin\/"},{"@type":"ListItem","position":2,"name":"Karriere in der Pflege: Vom Krankenbett auf den Chefsessel"}]},{"@type":"WebSite","@id":"https:\/\/www.euroakademie.de\/magazin\/#website","url":"https:\/\/www.euroakademie.de\/magazin\/","name":"Das Euro Akademie Magazin","description":"Gut informiert durch Ausbildung und Studium","publisher":{"@id":"https:\/\/www.euroakademie.de\/magazin\/#organization"},"potentialAction":[{"@type":"SearchAction","target":{"@type":"EntryPoint","urlTemplate":"https:\/\/www.euroakademie.de\/magazin\/?s={search_term_string}"},"query-input":{"@type":"PropertyValueSpecification","valueRequired":true,"valueName":"search_term_string"}}],"inLanguage":"de"},{"@type":"Organization","@id":"https:\/\/www.euroakademie.de\/magazin\/#organization","name":"ESO Education Group","url":"https:\/\/www.euroakademie.de\/magazin\/","logo":{"@type":"ImageObject","inLanguage":"de","@id":"https:\/\/www.euroakademie.de\/magazin\/#\/schema\/logo\/image\/","url":"https:\/\/relaunch.euroakademie.de\/magazin\/wp-content\/uploads\/2024\/11\/Logo_EA_negativ_Rahmen_5cm_300dpi_RGB.jpg","contentUrl":"https:\/\/relaunch.euroakademie.de\/magazin\/wp-content\/uploads\/2024\/11\/Logo_EA_negativ_Rahmen_5cm_300dpi_RGB.jpg","width":591,"height":236,"caption":"ESO Education Group"},"image":{"@id":"https:\/\/www.euroakademie.de\/magazin\/#\/schema\/logo\/image\/"}},{"@type":"Person","@id":"https:\/\/www.euroakademie.de\/magazin\/#\/schema\/person\/6927904de5cedfa8765d9b35681ccb28","name":"Nadine Elbert","description":"Von Sommer 2019 bis Herbst 2025 schrieb Nadine Elbert hier im Wechsel \u00fcber Themen aus den Bereichen Ausbildung, Studium und Beruf \u2013 und sch\u00f6pfte dabei auch aus ihrem reichhaltigen pers\u00f6nlichen Erfahrungsschatz.","url":"https:\/\/www.euroakademie.de\/magazin\/author\/nadine-elbert\/"}]}},"_links":{"self":[{"href":"https:\/\/www.euroakademie.de\/magazin\/wp-json\/wp\/v2\/posts\/17674","targetHints":{"allow":["GET"]}}],"collection":[{"href":"https:\/\/www.euroakademie.de\/magazin\/wp-json\/wp\/v2\/posts"}],"about":[{"href":"https:\/\/www.euroakademie.de\/magazin\/wp-json\/wp\/v2\/types\/post"}],"author":[{"embeddable":true,"href":"https:\/\/www.euroakademie.de\/magazin\/wp-json\/wp\/v2\/users\/79"}],"replies":[{"embeddable":true,"href":"https:\/\/www.euroakademie.de\/magazin\/wp-json\/wp\/v2\/comments?post=17674"}],"version-history":[{"count":1,"href":"https:\/\/www.euroakademie.de\/magazin\/wp-json\/wp\/v2\/posts\/17674\/revisions"}],"predecessor-version":[{"id":21267,"href":"https:\/\/www.euroakademie.de\/magazin\/wp-json\/wp\/v2\/posts\/17674\/revisions\/21267"}],"wp:featuredmedia":[{"embeddable":true,"href":"https:\/\/www.euroakademie.de\/magazin\/wp-json\/wp\/v2\/media\/17678"}],"wp:attachment":[{"href":"https:\/\/www.euroakademie.de\/magazin\/wp-json\/wp\/v2\/media?parent=17674"}],"wp:term":[{"taxonomy":"category","embeddable":true,"href":"https:\/\/www.euroakademie.de\/magazin\/wp-json\/wp\/v2\/categories?post=17674"},{"taxonomy":"post_tag","embeddable":true,"href":"https:\/\/www.euroakademie.de\/magazin\/wp-json\/wp\/v2\/tags?post=17674"}],"curies":[{"name":"wp","href":"https:\/\/api.w.org\/{rel}","templated":true}]}}