{"id":17710,"date":"2023-10-27T11:16:35","date_gmt":"2023-10-27T09:16:35","guid":{"rendered":"https:\/\/www.euroakademie.de\/magazin\/?p=17710"},"modified":"2025-12-09T15:44:18","modified_gmt":"2025-12-09T14:44:18","slug":"frauen-in-fuehrungspositionen","status":"publish","type":"post","link":"https:\/\/www.euroakademie.de\/magazin\/frauen-in-fuehrungspositionen\/","title":{"rendered":"Alles Spitze? Frauen in F\u00fchrungspositionen"},"content":{"rendered":"\n<p><strong>Seit Einf\u00fchrung der Frauenquote d\u00fcrfen Frauen auf h\u00f6here Karrierechancen hoffen, und auch Unternehmen k\u00f6nnten von den Vorteilen weiblicher F\u00fchrungskr\u00e4fte profitieren. Doch wie sehen die aktuellen Gegebenheiten in Deutschland aus? Sind mittlerweile tats\u00e4chlich mehr Frauen in den oberen Reihen vertreten? Und falls ja: Wie hat sich das Arbeiten dadurch ver\u00e4ndert?&nbsp;&nbsp;<\/strong><\/p>\n\n\n\n<p>Am 1. Januar 2016 trat in Deutschland das \u201eGesetz f\u00fcr die gleichberechtigte Teilhabe von Frauen und M\u00e4nnern an F\u00fchrungspositionen in der Privatwirtschaft und im \u00d6ffentlichen Dienst\u201c in Kraft. Mit ihm wurde gesetzlich festgelegt, dass in b\u00f6rsennotierten und parit\u00e4tisch mitbestimmten Unternehmen mindestens 30 Prozent der Aufsichtsr\u00e4te weiblich sein m\u00fcssen. Seit 2022 gilt eine \u00e4hnliche Regelung f\u00fcr b\u00f6rsennotierte Unternehmen mit mehr als 2.000 Mitarbeiter*innen und einem Vorstand mit mehr als zwei Personen: Mindestens eine dieser Personen muss weiblich sein.&nbsp;&nbsp;<\/p>\n\n\n\n<p>Zwei Meilensteine, wenn man bedenkt, wie langwierig der Weg zur Frauenquote war: Bereits 2001 dr\u00e4ngte die Politik deutsche Unternehmen dazu, sich selbst das Ziel zu setzen, den Frauenanteil in Managementpositionen zu erh\u00f6hen. Bis auf wenige Vorreiter wie die Deutsche Telekom kamen die meisten Unternehmen dieser Bitte allerdings nicht nach, sodass eine gesetzliche Regelung unumg\u00e4nglich wurde.&nbsp;&nbsp;&nbsp;<\/p>\n\n\n\n<h2 class=\"wp-block-heading\">Der neue Status Quo: einzelne Frauen sind oben angekommen&nbsp;<\/h2>\n\n\n\n<p><a href=\"https:\/\/www.allbright-stiftung.de\/spitze\" target=\"_blank\" rel=\"noreferrer noopener\">Eine Studie der AllBright Stiftung<\/a> zeigt: Die Quote wirkt, von den 160 DAX-Unternehmen gibt es heute 94, bei denen Frauen im Vorstand sitzen. Doch es gibt noch Luft nach oben, denn in 71 dieser Unternehmen sitzt nur eine einzige Frau im Vorstand. Zudem haben 66 der b\u00f6rsennotierten Unternehmen nach wie vor einen rein m\u00e4nnlichen Vorstand. So ergibt sich insgesamt, dass nur 17,4 Prozent aller Vorst\u00e4nde weiblich sind. In den Aufsichtsr\u00e4ten machen Frauen zumindest einen Anteil von 36,1 Prozent aus.&nbsp;<br>In allen nicht b\u00f6rsennotierten Unternehmen gibt es gar keine Quotenregelung, und es ist den Firmen selbst \u00fcberlassen, ob und wie sie Frauen in F\u00fchrungspositionen f\u00f6rdern. <a href=\"https:\/\/www.destatis.de\/Europa\/DE\/Thema\/Bevoelkerung-Arbeit-Soziales\/Arbeitsmarkt\/Frauenanteil_Fuehrungsetagen.html\" target=\"_blank\" rel=\"noreferrer noopener\">Im internationalen Vergleich<\/a> best\u00e4tigt sich, dass Deutschland Aufholbedarf hat: In den F\u00fchrungsetagen arbeiten rund 29 % Frauen, womit Deutschland im EU-Ranking auf Platz 21 von 27 landet. In den USA, Gro\u00dfbritannien und Skandinavien bekleiden Frauen nicht nur h\u00e4ufiger Managementposten, sondern streben auch viel selbstverst\u00e4ndlicher h\u00f6here Positionen an.&nbsp;&nbsp;<\/p>\n\n\n\n<p>Solch eine Entwicklung w\u00e4re auch hierzulande w\u00fcnschenswert, denn Frauen bieten dem Management \u00fcberzeugende Vorteile:&nbsp;&nbsp;<\/p>\n\n\n\n<h3 class=\"wp-block-heading\">Kommunikativ und sozial<\/h3>\n\n\n\n<p>Emotionale Stabilit\u00e4t, Extrovertiertheit, Offenheit, Geselligkeit und Gewissenhaftigkeit \u2013 das sind Eigenschaften, die gute F\u00fchrungsqualit\u00e4t ausmachen. Frauen stehen M\u00e4nnern hier in nichts nach, laut einer Studie aus Norwegen (<a href=\"https:\/\/articlearchives.co\/index.php\/JBD\/article\/view\/6299\" target=\"_blank\" rel=\"noreferrer noopener\">Personality of Leadership<\/a>) schneiden sie sogar etwas besser ab als ihre m\u00e4nnlichen Kollegen. Zudem gl\u00e4nzen Frauen in der Kommunikation: Sie kommunizieren klarer und sind offener gegen\u00fcber Neuem. Au\u00dferdem gelten sie als kooperativ, teamf\u00e4hig und sprechen Probleme direkt an, was sie zu guten Konfliktmanagerinnen macht. Das Miteinander im Team oder in der Abteilung gewinnt dadurch an Qualit\u00e4t.&nbsp;&nbsp;<\/p>\n\n\n\n<h3 class=\"wp-block-heading\">Die richtige Motivation&nbsp;<\/h3>\n\n\n\n<p>Die Arbeitswelt von heute ist sehr schnelllebig und in naher Zukunft erwarten uns durch die weiter fortschreitende Digitalisierung gro\u00dfe Ver\u00e4nderungen und Herausforderungen. Unternehmen m\u00fcssen flexibel bleiben, um mit der Zeit zu gehen. Dieser Prozess hat auch Auswirkungen auf die Mitarbeiter*innen und Teams, die besonders eigenst\u00e4ndig und anpassungsf\u00e4hig sein m\u00fcssen. Weibliche F\u00fchrungskr\u00e4fte k\u00f6nnen hier punkten, denn sie legen oft einen Fokus auf die Personalentwicklung und f\u00f6rdern auf inspirierende und empathische Weise. So lassen sich insbesondere Mitarbeitende der Generation Y und der Generation Z motivieren, die schon bald den Hauptteil der arbeitenden Bev\u00f6lkerung ausmachen werden und bedeutend f\u00fcr die Wirtschaft sind.&nbsp;&nbsp;<\/p>\n\n\n\n<h3 class=\"wp-block-heading\"><strong>Besseres Image<\/strong>&nbsp;<\/h3>\n\n\n\n<p>Unternehmen mit weiblichen F\u00fchrungskr\u00e4ften wirken modern und fortschrittlich. Sie verk\u00f6rpern Chancengleichheit, flexible Arbeitszeiten und eine bessere Vereinbarkeit von Familie und Beruf. So k\u00f6nnen nicht nur Mitarbeitende besser gebunden, sondern auch Neukund*innen und Bewerber*innen gewonnen werden. Firmen verbessern damit indirekt ihre Marktposition und wirken zeitgleich dem Fachkr\u00e4ftemangel entgegen, da sie auf Bewerberinnen z\u00e4hlen k\u00f6nnen.&nbsp;<\/p>\n\n\n\n<p>Die Vorteile zeigen: Unternehmen k\u00f6nnen nur gewinnen, wenn sie auf weibliches F\u00fchrungspotenzial setzen. Wichtig w\u00e4re es also, Frauen gegen\u00fcber zu signalisieren, dass sie in den oberen Reihen gew\u00fcnscht und gefragt sind. Denn Frauen wollen mitbestimmen und sobald es weitere von ihnen die F\u00fchrungsetagen geschafft haben, wird sich dieser Prozess zunehmend verselbstst\u00e4ndigen \u2013 ein weiterer wichtiger Meilenstein f\u00fcr deutsche Unternehmen!<\/p>\n\n\n\n<p>Titelbild: PeopleImages.com &#8211; Yuri A\/shutterstock<\/p>\n\n\n\n<div class=\"wp-block-buttons is-content-justification-center is-layout-flex wp-container-core-buttons-is-layout-16018d1d wp-block-buttons-is-layout-flex\">\n<div class=\"wp-block-button has-custom-font-size has-regular-font-size\"><a class=\"wp-block-button__link has-white-color has-text-color has-background has-link-color wp-element-button\" href=\"https:\/\/www.euroakademie.de\/bildungsangebote\/wirtschaft-management\" style=\"background-color:#0abbef;padding-top:var(--wp--preset--spacing--40);padding-right:var(--wp--preset--spacing--20);padding-bottom:var(--wp--preset--spacing--40);padding-left:var(--wp--preset--spacing--20)\">Hast auch du Interesse an einer Karriere in der Wirtschaft? Dann entscheide dich jetzt f\u00fcr eine Ausbildung bei uns im Bereich Wirtschaft &amp; Management!  <\/a><\/div>\n<\/div>\n","protected":false},"excerpt":{"rendered":"<p>Seit Einf\u00fchrung der Frauenquote haben weibliche F\u00fchrungskr\u00e4fte laut Gesetz bessere Chancen auf Jobs in h\u00f6heren Reihen. Doch wie sieht die Realit\u00e4t aus?<\/p>\n","protected":false},"author":64,"featured_media":17715,"comment_status":"closed","ping_status":"closed","sticky":false,"template":"","format":"standard","meta":{"footnotes":""},"categories":[127,46],"tags":[],"class_list":{"0":"post-17710","1":"post","2":"type-post","3":"status-publish","4":"format-standard","5":"has-post-thumbnail","7":"category-karriere","8":"category-wirtschaft-management"},"yoast_head":"<!-- This site is optimized with the Yoast SEO plugin v23.5 - https:\/\/yoast.com\/wordpress\/plugins\/seo\/ -->\n<title>Alles Spitze? Frauen in F\u00fchrungspositionen - Das Euro Akademie Magazin<\/title>\n<meta name=\"description\" content=\"Seit Einf\u00fchrung der Frauenquote haben weibliche F\u00fchrungskr\u00e4fte per Gesetz bessere Chancen auf Jobs in h\u00f6heren Reihen. Doch wie sieht die Realit\u00e4t aus?\" \/>\n<meta name=\"robots\" content=\"index, follow, max-snippet:-1, max-image-preview:large, max-video-preview:-1\" \/>\n<link rel=\"canonical\" href=\"https:\/\/www.euroakademie.de\/magazin\/frauen-in-fuehrungspositionen\/\" \/>\n<meta property=\"og:locale\" content=\"de_DE\" \/>\n<meta property=\"og:type\" content=\"article\" \/>\n<meta property=\"og:title\" content=\"Alles Spitze? Frauen in F\u00fchrungspositionen - Das Euro Akademie Magazin\" \/>\n<meta property=\"og:description\" content=\"Seit Einf\u00fchrung der Frauenquote haben weibliche F\u00fchrungskr\u00e4fte per Gesetz bessere Chancen auf Jobs in h\u00f6heren Reihen. Doch wie sieht die Realit\u00e4t aus?\" \/>\n<meta property=\"og:url\" content=\"https:\/\/www.euroakademie.de\/magazin\/frauen-in-fuehrungspositionen\/\" \/>\n<meta property=\"og:site_name\" content=\"Das Euro Akademie Magazin\" \/>\n<meta property=\"article:published_time\" content=\"2023-10-27T09:16:35+00:00\" \/>\n<meta property=\"article:modified_time\" content=\"2025-12-09T14:44:18+00:00\" \/>\n<meta property=\"og:image\" content=\"https:\/\/www.euroakademie.de\/magazin\/wp-content\/uploads\/2023\/10\/Weibliche_Fuerungskraefte_2262322149_702x336.jpg\" \/>\n\t<meta property=\"og:image:width\" content=\"702\" \/>\n\t<meta property=\"og:image:height\" content=\"336\" \/>\n\t<meta property=\"og:image:type\" content=\"image\/jpeg\" \/>\n<meta name=\"author\" content=\"Franziska Hembt\" \/>\n<meta name=\"twitter:card\" content=\"summary_large_image\" \/>\n<meta name=\"twitter:label1\" content=\"Verfasst von\" \/>\n\t<meta name=\"twitter:data1\" content=\"Franziska Hembt\" \/>\n\t<meta name=\"twitter:label2\" content=\"Gesch\u00e4tzte Lesezeit\" \/>\n\t<meta name=\"twitter:data2\" content=\"5\u00a0Minuten\" \/>\n<script type=\"application\/ld+json\" class=\"yoast-schema-graph\">{\"@context\":\"https:\/\/schema.org\",\"@graph\":[{\"@type\":\"Article\",\"@id\":\"https:\/\/www.euroakademie.de\/magazin\/frauen-in-fuehrungspositionen\/#article\",\"isPartOf\":{\"@id\":\"https:\/\/www.euroakademie.de\/magazin\/frauen-in-fuehrungspositionen\/\"},\"author\":{\"name\":\"Franziska Hembt\",\"@id\":\"https:\/\/www.euroakademie.de\/magazin\/#\/schema\/person\/e24646c3fe54db2e7ce8cd5d410df7cd\"},\"headline\":\"Alles Spitze? Frauen in F\u00fchrungspositionen\",\"datePublished\":\"2023-10-27T09:16:35+00:00\",\"dateModified\":\"2025-12-09T14:44:18+00:00\",\"mainEntityOfPage\":{\"@id\":\"https:\/\/www.euroakademie.de\/magazin\/frauen-in-fuehrungspositionen\/\"},\"wordCount\":773,\"publisher\":{\"@id\":\"https:\/\/www.euroakademie.de\/magazin\/#organization\"},\"image\":{\"@id\":\"https:\/\/www.euroakademie.de\/magazin\/frauen-in-fuehrungspositionen\/#primaryimage\"},\"thumbnailUrl\":\"https:\/\/www.euroakademie.de\/magazin\/wp-content\/uploads\/2023\/10\/Weibliche_Fuerungskraefte_2262322149_702x336.jpg\",\"articleSection\":[\"Karriere\",\"Wirtschaft &amp; Management\"],\"inLanguage\":\"de\"},{\"@type\":\"WebPage\",\"@id\":\"https:\/\/www.euroakademie.de\/magazin\/frauen-in-fuehrungspositionen\/\",\"url\":\"https:\/\/www.euroakademie.de\/magazin\/frauen-in-fuehrungspositionen\/\",\"name\":\"Alles Spitze? Frauen in F\u00fchrungspositionen - Das Euro Akademie Magazin\",\"isPartOf\":{\"@id\":\"https:\/\/www.euroakademie.de\/magazin\/#website\"},\"primaryImageOfPage\":{\"@id\":\"https:\/\/www.euroakademie.de\/magazin\/frauen-in-fuehrungspositionen\/#primaryimage\"},\"image\":{\"@id\":\"https:\/\/www.euroakademie.de\/magazin\/frauen-in-fuehrungspositionen\/#primaryimage\"},\"thumbnailUrl\":\"https:\/\/www.euroakademie.de\/magazin\/wp-content\/uploads\/2023\/10\/Weibliche_Fuerungskraefte_2262322149_702x336.jpg\",\"datePublished\":\"2023-10-27T09:16:35+00:00\",\"dateModified\":\"2025-12-09T14:44:18+00:00\",\"description\":\"Seit Einf\u00fchrung der Frauenquote haben weibliche F\u00fchrungskr\u00e4fte per Gesetz bessere Chancen auf Jobs in h\u00f6heren Reihen. Doch wie sieht die Realit\u00e4t aus?\",\"breadcrumb\":{\"@id\":\"https:\/\/www.euroakademie.de\/magazin\/frauen-in-fuehrungspositionen\/#breadcrumb\"},\"inLanguage\":\"de\",\"potentialAction\":[{\"@type\":\"ReadAction\",\"target\":[\"https:\/\/www.euroakademie.de\/magazin\/frauen-in-fuehrungspositionen\/\"]}]},{\"@type\":\"ImageObject\",\"inLanguage\":\"de\",\"@id\":\"https:\/\/www.euroakademie.de\/magazin\/frauen-in-fuehrungspositionen\/#primaryimage\",\"url\":\"https:\/\/www.euroakademie.de\/magazin\/wp-content\/uploads\/2023\/10\/Weibliche_Fuerungskraefte_2262322149_702x336.jpg\",\"contentUrl\":\"https:\/\/www.euroakademie.de\/magazin\/wp-content\/uploads\/2023\/10\/Weibliche_Fuerungskraefte_2262322149_702x336.jpg\",\"width\":702,\"height\":336,\"caption\":\"\"},{\"@type\":\"BreadcrumbList\",\"@id\":\"https:\/\/www.euroakademie.de\/magazin\/frauen-in-fuehrungspositionen\/#breadcrumb\",\"itemListElement\":[{\"@type\":\"ListItem\",\"position\":1,\"name\":\"Startseite\",\"item\":\"https:\/\/www.euroakademie.de\/magazin\/\"},{\"@type\":\"ListItem\",\"position\":2,\"name\":\"Alles Spitze? Frauen in F\u00fchrungspositionen\"}]},{\"@type\":\"WebSite\",\"@id\":\"https:\/\/www.euroakademie.de\/magazin\/#website\",\"url\":\"https:\/\/www.euroakademie.de\/magazin\/\",\"name\":\"Das Euro Akademie Magazin\",\"description\":\"Gut informiert durch Ausbildung und Studium\",\"publisher\":{\"@id\":\"https:\/\/www.euroakademie.de\/magazin\/#organization\"},\"potentialAction\":[{\"@type\":\"SearchAction\",\"target\":{\"@type\":\"EntryPoint\",\"urlTemplate\":\"https:\/\/www.euroakademie.de\/magazin\/?s={search_term_string}\"},\"query-input\":{\"@type\":\"PropertyValueSpecification\",\"valueRequired\":true,\"valueName\":\"search_term_string\"}}],\"inLanguage\":\"de\"},{\"@type\":\"Organization\",\"@id\":\"https:\/\/www.euroakademie.de\/magazin\/#organization\",\"name\":\"ESO Education Group\",\"url\":\"https:\/\/www.euroakademie.de\/magazin\/\",\"logo\":{\"@type\":\"ImageObject\",\"inLanguage\":\"de\",\"@id\":\"https:\/\/www.euroakademie.de\/magazin\/#\/schema\/logo\/image\/\",\"url\":\"https:\/\/relaunch.euroakademie.de\/magazin\/wp-content\/uploads\/2024\/11\/Logo_EA_negativ_Rahmen_5cm_300dpi_RGB.jpg\",\"contentUrl\":\"https:\/\/relaunch.euroakademie.de\/magazin\/wp-content\/uploads\/2024\/11\/Logo_EA_negativ_Rahmen_5cm_300dpi_RGB.jpg\",\"width\":591,\"height\":236,\"caption\":\"ESO Education Group\"},\"image\":{\"@id\":\"https:\/\/www.euroakademie.de\/magazin\/#\/schema\/logo\/image\/\"}},{\"@type\":\"Person\",\"@id\":\"https:\/\/www.euroakademie.de\/magazin\/#\/schema\/person\/e24646c3fe54db2e7ce8cd5d410df7cd\",\"name\":\"Franziska Hembt\",\"description\":\"Seit M\u00e4rz 2018 unterst\u00fctze ich das Team des Euro Akademie Magazins. Als On- und Offline-Redakteurin verfasse ich regelm\u00e4\u00dfig Beitr\u00e4ge zu den Themenbereichen des Formats.\",\"url\":\"https:\/\/www.euroakademie.de\/magazin\/author\/franziska-hembt\/\"}]}<\/script>\n<!-- \/ Yoast SEO plugin. -->","yoast_head_json":{"title":"Alles Spitze? Frauen in F\u00fchrungspositionen - Das Euro Akademie Magazin","description":"Seit Einf\u00fchrung der Frauenquote haben weibliche F\u00fchrungskr\u00e4fte per Gesetz bessere Chancen auf Jobs in h\u00f6heren Reihen. Doch wie sieht die Realit\u00e4t aus?","robots":{"index":"index","follow":"follow","max-snippet":"max-snippet:-1","max-image-preview":"max-image-preview:large","max-video-preview":"max-video-preview:-1"},"canonical":"https:\/\/www.euroakademie.de\/magazin\/frauen-in-fuehrungspositionen\/","og_locale":"de_DE","og_type":"article","og_title":"Alles Spitze? Frauen in F\u00fchrungspositionen - Das Euro Akademie Magazin","og_description":"Seit Einf\u00fchrung der Frauenquote haben weibliche F\u00fchrungskr\u00e4fte per Gesetz bessere Chancen auf Jobs in h\u00f6heren Reihen. Doch wie sieht die Realit\u00e4t aus?","og_url":"https:\/\/www.euroakademie.de\/magazin\/frauen-in-fuehrungspositionen\/","og_site_name":"Das Euro Akademie Magazin","article_published_time":"2023-10-27T09:16:35+00:00","article_modified_time":"2025-12-09T14:44:18+00:00","og_image":[{"width":702,"height":336,"url":"https:\/\/www.euroakademie.de\/magazin\/wp-content\/uploads\/2023\/10\/Weibliche_Fuerungskraefte_2262322149_702x336.jpg","type":"image\/jpeg"}],"author":"Franziska Hembt","twitter_card":"summary_large_image","twitter_misc":{"Verfasst von":"Franziska Hembt","Gesch\u00e4tzte Lesezeit":"5\u00a0Minuten"},"schema":{"@context":"https:\/\/schema.org","@graph":[{"@type":"Article","@id":"https:\/\/www.euroakademie.de\/magazin\/frauen-in-fuehrungspositionen\/#article","isPartOf":{"@id":"https:\/\/www.euroakademie.de\/magazin\/frauen-in-fuehrungspositionen\/"},"author":{"name":"Franziska Hembt","@id":"https:\/\/www.euroakademie.de\/magazin\/#\/schema\/person\/e24646c3fe54db2e7ce8cd5d410df7cd"},"headline":"Alles Spitze? Frauen in F\u00fchrungspositionen","datePublished":"2023-10-27T09:16:35+00:00","dateModified":"2025-12-09T14:44:18+00:00","mainEntityOfPage":{"@id":"https:\/\/www.euroakademie.de\/magazin\/frauen-in-fuehrungspositionen\/"},"wordCount":773,"publisher":{"@id":"https:\/\/www.euroakademie.de\/magazin\/#organization"},"image":{"@id":"https:\/\/www.euroakademie.de\/magazin\/frauen-in-fuehrungspositionen\/#primaryimage"},"thumbnailUrl":"https:\/\/www.euroakademie.de\/magazin\/wp-content\/uploads\/2023\/10\/Weibliche_Fuerungskraefte_2262322149_702x336.jpg","articleSection":["Karriere","Wirtschaft &amp; Management"],"inLanguage":"de"},{"@type":"WebPage","@id":"https:\/\/www.euroakademie.de\/magazin\/frauen-in-fuehrungspositionen\/","url":"https:\/\/www.euroakademie.de\/magazin\/frauen-in-fuehrungspositionen\/","name":"Alles Spitze? Frauen in F\u00fchrungspositionen - Das Euro Akademie Magazin","isPartOf":{"@id":"https:\/\/www.euroakademie.de\/magazin\/#website"},"primaryImageOfPage":{"@id":"https:\/\/www.euroakademie.de\/magazin\/frauen-in-fuehrungspositionen\/#primaryimage"},"image":{"@id":"https:\/\/www.euroakademie.de\/magazin\/frauen-in-fuehrungspositionen\/#primaryimage"},"thumbnailUrl":"https:\/\/www.euroakademie.de\/magazin\/wp-content\/uploads\/2023\/10\/Weibliche_Fuerungskraefte_2262322149_702x336.jpg","datePublished":"2023-10-27T09:16:35+00:00","dateModified":"2025-12-09T14:44:18+00:00","description":"Seit Einf\u00fchrung der Frauenquote haben weibliche F\u00fchrungskr\u00e4fte per Gesetz bessere Chancen auf Jobs in h\u00f6heren Reihen. Doch wie sieht die Realit\u00e4t aus?","breadcrumb":{"@id":"https:\/\/www.euroakademie.de\/magazin\/frauen-in-fuehrungspositionen\/#breadcrumb"},"inLanguage":"de","potentialAction":[{"@type":"ReadAction","target":["https:\/\/www.euroakademie.de\/magazin\/frauen-in-fuehrungspositionen\/"]}]},{"@type":"ImageObject","inLanguage":"de","@id":"https:\/\/www.euroakademie.de\/magazin\/frauen-in-fuehrungspositionen\/#primaryimage","url":"https:\/\/www.euroakademie.de\/magazin\/wp-content\/uploads\/2023\/10\/Weibliche_Fuerungskraefte_2262322149_702x336.jpg","contentUrl":"https:\/\/www.euroakademie.de\/magazin\/wp-content\/uploads\/2023\/10\/Weibliche_Fuerungskraefte_2262322149_702x336.jpg","width":702,"height":336,"caption":""},{"@type":"BreadcrumbList","@id":"https:\/\/www.euroakademie.de\/magazin\/frauen-in-fuehrungspositionen\/#breadcrumb","itemListElement":[{"@type":"ListItem","position":1,"name":"Startseite","item":"https:\/\/www.euroakademie.de\/magazin\/"},{"@type":"ListItem","position":2,"name":"Alles Spitze? Frauen in F\u00fchrungspositionen"}]},{"@type":"WebSite","@id":"https:\/\/www.euroakademie.de\/magazin\/#website","url":"https:\/\/www.euroakademie.de\/magazin\/","name":"Das Euro Akademie Magazin","description":"Gut informiert durch Ausbildung und Studium","publisher":{"@id":"https:\/\/www.euroakademie.de\/magazin\/#organization"},"potentialAction":[{"@type":"SearchAction","target":{"@type":"EntryPoint","urlTemplate":"https:\/\/www.euroakademie.de\/magazin\/?s={search_term_string}"},"query-input":{"@type":"PropertyValueSpecification","valueRequired":true,"valueName":"search_term_string"}}],"inLanguage":"de"},{"@type":"Organization","@id":"https:\/\/www.euroakademie.de\/magazin\/#organization","name":"ESO Education Group","url":"https:\/\/www.euroakademie.de\/magazin\/","logo":{"@type":"ImageObject","inLanguage":"de","@id":"https:\/\/www.euroakademie.de\/magazin\/#\/schema\/logo\/image\/","url":"https:\/\/relaunch.euroakademie.de\/magazin\/wp-content\/uploads\/2024\/11\/Logo_EA_negativ_Rahmen_5cm_300dpi_RGB.jpg","contentUrl":"https:\/\/relaunch.euroakademie.de\/magazin\/wp-content\/uploads\/2024\/11\/Logo_EA_negativ_Rahmen_5cm_300dpi_RGB.jpg","width":591,"height":236,"caption":"ESO Education Group"},"image":{"@id":"https:\/\/www.euroakademie.de\/magazin\/#\/schema\/logo\/image\/"}},{"@type":"Person","@id":"https:\/\/www.euroakademie.de\/magazin\/#\/schema\/person\/e24646c3fe54db2e7ce8cd5d410df7cd","name":"Franziska Hembt","description":"Seit M\u00e4rz 2018 unterst\u00fctze ich das Team des Euro Akademie Magazins. Als On- und Offline-Redakteurin verfasse ich regelm\u00e4\u00dfig Beitr\u00e4ge zu den Themenbereichen des Formats.","url":"https:\/\/www.euroakademie.de\/magazin\/author\/franziska-hembt\/"}]}},"_links":{"self":[{"href":"https:\/\/www.euroakademie.de\/magazin\/wp-json\/wp\/v2\/posts\/17710","targetHints":{"allow":["GET"]}}],"collection":[{"href":"https:\/\/www.euroakademie.de\/magazin\/wp-json\/wp\/v2\/posts"}],"about":[{"href":"https:\/\/www.euroakademie.de\/magazin\/wp-json\/wp\/v2\/types\/post"}],"author":[{"embeddable":true,"href":"https:\/\/www.euroakademie.de\/magazin\/wp-json\/wp\/v2\/users\/64"}],"replies":[{"embeddable":true,"href":"https:\/\/www.euroakademie.de\/magazin\/wp-json\/wp\/v2\/comments?post=17710"}],"version-history":[{"count":3,"href":"https:\/\/www.euroakademie.de\/magazin\/wp-json\/wp\/v2\/posts\/17710\/revisions"}],"predecessor-version":[{"id":29046,"href":"https:\/\/www.euroakademie.de\/magazin\/wp-json\/wp\/v2\/posts\/17710\/revisions\/29046"}],"wp:featuredmedia":[{"embeddable":true,"href":"https:\/\/www.euroakademie.de\/magazin\/wp-json\/wp\/v2\/media\/17715"}],"wp:attachment":[{"href":"https:\/\/www.euroakademie.de\/magazin\/wp-json\/wp\/v2\/media?parent=17710"}],"wp:term":[{"taxonomy":"category","embeddable":true,"href":"https:\/\/www.euroakademie.de\/magazin\/wp-json\/wp\/v2\/categories?post=17710"},{"taxonomy":"post_tag","embeddable":true,"href":"https:\/\/www.euroakademie.de\/magazin\/wp-json\/wp\/v2\/tags?post=17710"}],"curies":[{"name":"wp","href":"https:\/\/api.w.org\/{rel}","templated":true}]}}