{"id":24024,"date":"2024-11-20T15:32:51","date_gmt":"2024-11-20T14:32:51","guid":{"rendered":"https:\/\/relaunch.euroakademie.de\/magazin\/?p=24024"},"modified":"2024-11-20T16:13:07","modified_gmt":"2024-11-20T15:13:07","slug":"barrierefreiheit-in-der-politik","status":"publish","type":"post","link":"https:\/\/www.euroakademie.de\/magazin\/barrierefreiheit-in-der-politik\/","title":{"rendered":"Barrierefreiheit in der Politik"},"content":{"rendered":"\n<p><strong>Ein Tag, der in die Geschichte einging: Am 10. Oktober 2024 geb\u00e4rdete Heike Heubach als erste Person eine Bundestagsrede. Ein guter Zeitpunkt, um zu schauen, durch welche H\u00fcrden Menschen in unserer modernen Zeit eingeschr\u00e4nkt sind. Aber auch den Blick darauf zu richten, was mit den Mitteln der Politik schon erreicht werden konnte.<\/strong><\/p>\n\n\n\n<h2 class=\"wp-block-heading\">Erster Schritt zur Verst\u00e4ndigung<\/h2>\n\n\n\n<p>Stellen Sie sich vor, Ihre Stimme wird wahrgenommen, aber niemand versteht Ihre Worte. Wie w\u00fcrde sich das f\u00fcr Sie anf\u00fchlen? F\u00fcr etwa 80.000 geh\u00f6rlose Menschen in Deutschland \u2013 laut Sch\u00e4tzungen des Deutschen Geh\u00f6rlosen-Bundes \u2013 ist dies Alltag. Zwar wurden in den vergangenen Jahrzehnten, auch durch den Einsatz von Behindertenverb\u00e4nden, zahlreiche Ma\u00dfnahmen ergriffen, um Barrierefreiheit zu gew\u00e4hrleisten und den Alltag f\u00fcr Menschen mit Behinderungen zug\u00e4nglicher zu machen. Doch es gibt noch viel zu tun. Ein bedeutender Schritt wurde mit der ersten Rede in Geb\u00e4rdensprache im Bundestag gesetzt, die Heike Heubach am 10. Oktober 2024 hielt.<\/p>\n\n\n\n<h2 class=\"wp-block-heading\">Ein historischer Moment<\/h2>\n\n\n\n<p>Die SPD-Abgeordnete aus Bayern, die die Wahlkreise Augsburg-Land und Aichach-Friedberg repr\u00e4sentiert, ist erst seit M\u00e4rz 2024 als Nachr\u00fcckerin im Bundestag. Sie ist Mitglied im Ausschuss f\u00fcr Wohnen, Stadtentwicklung, Bauwesen und Kommunen und widmete ihre Rede der dringenden Notwendigkeit, St\u00e4dte umweltfreundlich zu gestalten. Der Beifall im Plenarsaal galt nicht nur dem Inhalt ihrer Rede, sondern auch der geschichtstr\u00e4chtigen Premiere: Heike Heubach ist die erste Abgeordnete, die in Geb\u00e4rdensprache am Rednerpult stand. Ein Dolmetscher \u00fcbertrug ihre Worte simultan in gesprochene Sprache f\u00fcr die Zuh\u00f6rer*innen.<\/p>\n\n\n\n<h2 class=\"wp-block-heading\">Ein inklusiver Bundestag<\/h2>\n\n\n\n<p>Um die Debatten vollst\u00e4ndig mitverfolgen zu k\u00f6nnen, stehen Heubach Geb\u00e4rdensprachdolmetscher zur Seite, die die Diskussionen \u00fcbersetzen. Auch bei Fragen im Bundestag wird sie durch Dolmetscher unterst\u00fctzt. Nach ihrer Vereidigung sagte Heike Heubach der Deutschen Presse-Agentur, dass sie es als besondere Erfahrung empfand, nun direkt an den Bundestagsdebatten teilzunehmen und nicht, wie zuvor, nur aus der Distanz \u00fcber das Fernsehen. Dies verweist auf die spezielle \u00dcbertragung des Bundestags f\u00fcr Geh\u00f6rlose: \u00dcber das Parlamentsfernsehen werden die Debatten donnerstags und freitags in den Vormittagsstunden in Deutscher Geb\u00e4rdensprache und mit Untertiteln gestreamt.<\/p>\n\n\n\n<h2 class=\"wp-block-heading\">Barrierefreiheit in allen Bereichen<\/h2>\n\n\n\n<p>Erst in den letzten Jahrzehnten r\u00fcckte das Bewusstsein f\u00fcr die Bed\u00fcrfnisse von Menschen mit Behinderungen st\u00e4rker in den Fokus. Seit dem 1. Mai 2002 ist das Behindertengleichstellungsgesetz (BGG) in Kraft, das die Gleichstellung und uneingeschr\u00e4nkte Teilhabe von Menschen mit Behinderungen im gesellschaftlichen Leben f\u00f6rdern soll. Die 2016 eingerichtete Bundesfachstelle f\u00fcr Barrierefreiheit unterst\u00fctzt Bundesbeh\u00f6rden und, bei Bedarf, auch private Unternehmen, die Barrierefreiheit in ihren Planungen und Umsetzungen ber\u00fccksichtigen wollen. Die Unterst\u00fctzung umfasst bauliche, aber auch kommunikative und digitale Barrieren, um Hindernisse in jeder Form abzubauen.<\/p>\n\n\n\n<h2 class=\"wp-block-heading\">Verpflichtung zur Barrierefreiheit im Internet<\/h2>\n\n\n\n<p>Angesichts der zunehmenden digitalen Abh\u00e4ngigkeit wird auch der Zugang zu Webseiten und Apps f\u00fcr Menschen mit Einschr\u00e4nkungen immer wichtiger. Ab Juni 2025 greift das Barrierefreiheitsst\u00e4rkungsgesetz (BFSG), das eine barrierefreie Gestaltung von Webseiten und Apps vorschreibt. Basierend auf dem European Accessibility Act (EAA), der im Juni 2021 verabschiedet wurde, sollen so auch Banken, Transportdienste, Telekommunikationsanbieter und der Onlinehandel zug\u00e4nglich gemacht werden.<\/p>\n\n\n\n<h2 class=\"wp-block-heading\">Talente im Fokus, nicht die Einschr\u00e4nkungen<\/h2>\n\n\n\n<p>Die vollst\u00e4ndige gesellschaftliche Integration von Menschen mit Behinderungen ist noch nicht erreicht. Ein Perspektivwechsel, der die Talente und St\u00e4rken eines Menschen hervorhebt, anstatt sich auf m\u00f6gliche Einschr\u00e4nkungen zu fokussieren, w\u00e4re hierbei ein wichtiger Schritt. Heike Heubach verk\u00f6rpert genau diesen Ansatz: Ihr Enthusiasmus und ihre K\u00f6rpersprache sind bemerkenswert, wie Moderator Hubertus Meyer-Burckhardt in der NDR Talkshow am 27. September 2024 vor ihrer Bundestagsrede feststellte:<\/p>\n\n\n\n<p><\/p>\n\n\n\n<figure class=\"wp-block-pullquote\"><blockquote><p>\u201e<em>Ich glaube, Sie sind seit Langem die erste Bundestagsabgeordnete, die ein solches Temperament im Gesicht hat und ein solches Temperament auch in der K\u00f6rpersprache, notgedrungen, dass Sie vielleicht auch eine der ersten Bundestagsabgeordneten sind, die mal wieder frei redet im Bundestag &#8211; weil es gibt ja Minister, die selbst &#8218;Guten Abend, meine Damen und Herren&#8216; ablesen mittlerweile. Aber vielleicht halten Sie, wahrscheinlich, die seit Langem beste Rede, die in Ihrer Fraktion geredet und die im Bundestag geredet worden ist.<\/em>\u201c<\/p><cite> Hubertus Meyer-Burckhardt <\/cite><\/blockquote><\/figure>\n\n\n\n<p><em>Bildquelle Beitragsbild: DJ Kirei \/ Shutterstock<\/em><\/p>\n","protected":false},"excerpt":{"rendered":"<p>Mit ihrer ersten Bundestagsrede in Geb\u00e4rdensprache ist die SPD-Politikerin Heike Heubach eines der R\u00e4dchen im Getriebe hin zur vollen Inklusion.<\/p>\n","protected":false},"author":79,"featured_media":24030,"comment_status":"open","ping_status":"open","sticky":false,"template":"","format":"standard","meta":{"footnotes":""},"categories":[16,121],"tags":[],"class_list":{"0":"post-24024","1":"post","2":"type-post","3":"status-publish","4":"format-standard","5":"has-post-thumbnail","7":"category-gesundheit-pflege","8":"category-im-gespraech"},"yoast_head":"<!-- This site is optimized with the Yoast SEO plugin v23.5 - https:\/\/yoast.com\/wordpress\/plugins\/seo\/ -->\n<title>Barrierefreiheit in der Politik - Das Euro Akademie Magazin<\/title>\n<meta name=\"description\" content=\"Mit der ersten Bundestagsrede in Geb\u00e4rdensprache ist die SPD-Politikerin Heike Heubach eines der R\u00e4dchen im Getriebe hin zur vollen Inklusion.\" \/>\n<meta name=\"robots\" content=\"index, follow, max-snippet:-1, max-image-preview:large, max-video-preview:-1\" \/>\n<link rel=\"canonical\" href=\"https:\/\/www.euroakademie.de\/magazin\/barrierefreiheit-in-der-politik\/\" \/>\n<meta property=\"og:locale\" content=\"de_DE\" \/>\n<meta property=\"og:type\" content=\"article\" \/>\n<meta property=\"og:title\" content=\"Barrierefreiheit in der Politik - Das Euro Akademie Magazin\" \/>\n<meta property=\"og:description\" content=\"Mit der ersten Bundestagsrede in Geb\u00e4rdensprache ist die SPD-Politikerin Heike Heubach eines der R\u00e4dchen im Getriebe hin zur vollen Inklusion.\" \/>\n<meta property=\"og:url\" content=\"https:\/\/www.euroakademie.de\/magazin\/barrierefreiheit-in-der-politik\/\" \/>\n<meta property=\"og:site_name\" content=\"Das Euro Akademie Magazin\" \/>\n<meta property=\"article:published_time\" content=\"2024-11-20T14:32:51+00:00\" \/>\n<meta property=\"article:modified_time\" content=\"2024-11-20T15:13:07+00:00\" \/>\n<meta property=\"og:image\" content=\"https:\/\/www.euroakademie.de\/magazin\/wp-content\/uploads\/2024\/11\/Diversity_1909146781_702x336.jpg\" \/>\n\t<meta property=\"og:image:width\" content=\"702\" \/>\n\t<meta property=\"og:image:height\" content=\"336\" \/>\n\t<meta property=\"og:image:type\" content=\"image\/jpeg\" \/>\n<meta name=\"author\" content=\"Nadine Elbert\" \/>\n<meta name=\"twitter:card\" content=\"summary_large_image\" \/>\n<meta name=\"twitter:label1\" content=\"Verfasst von\" \/>\n\t<meta name=\"twitter:data1\" content=\"Nadine Elbert\" \/>\n\t<meta name=\"twitter:label2\" content=\"Gesch\u00e4tzte Lesezeit\" \/>\n\t<meta name=\"twitter:data2\" content=\"4\u00a0Minuten\" \/>\n<script type=\"application\/ld+json\" class=\"yoast-schema-graph\">{\"@context\":\"https:\/\/schema.org\",\"@graph\":[{\"@type\":\"Article\",\"@id\":\"https:\/\/www.euroakademie.de\/magazin\/barrierefreiheit-in-der-politik\/#article\",\"isPartOf\":{\"@id\":\"https:\/\/www.euroakademie.de\/magazin\/barrierefreiheit-in-der-politik\/\"},\"author\":{\"name\":\"Nadine Elbert\",\"@id\":\"https:\/\/www.euroakademie.de\/magazin\/#\/schema\/person\/6927904de5cedfa8765d9b35681ccb28\"},\"headline\":\"Barrierefreiheit in der Politik\",\"datePublished\":\"2024-11-20T14:32:51+00:00\",\"dateModified\":\"2024-11-20T15:13:07+00:00\",\"mainEntityOfPage\":{\"@id\":\"https:\/\/www.euroakademie.de\/magazin\/barrierefreiheit-in-der-politik\/\"},\"wordCount\":682,\"commentCount\":0,\"publisher\":{\"@id\":\"https:\/\/www.euroakademie.de\/magazin\/#organization\"},\"image\":{\"@id\":\"https:\/\/www.euroakademie.de\/magazin\/barrierefreiheit-in-der-politik\/#primaryimage\"},\"thumbnailUrl\":\"https:\/\/www.euroakademie.de\/magazin\/wp-content\/uploads\/2024\/11\/Diversity_1909146781_702x336.jpg\",\"articleSection\":[\"Gesundheit &amp; Pflege\",\"Im Gespr\u00e4ch\"],\"inLanguage\":\"de\",\"potentialAction\":[{\"@type\":\"CommentAction\",\"name\":\"Comment\",\"target\":[\"https:\/\/www.euroakademie.de\/magazin\/barrierefreiheit-in-der-politik\/#respond\"]}]},{\"@type\":\"WebPage\",\"@id\":\"https:\/\/www.euroakademie.de\/magazin\/barrierefreiheit-in-der-politik\/\",\"url\":\"https:\/\/www.euroakademie.de\/magazin\/barrierefreiheit-in-der-politik\/\",\"name\":\"Barrierefreiheit in der Politik - Das Euro Akademie Magazin\",\"isPartOf\":{\"@id\":\"https:\/\/www.euroakademie.de\/magazin\/#website\"},\"primaryImageOfPage\":{\"@id\":\"https:\/\/www.euroakademie.de\/magazin\/barrierefreiheit-in-der-politik\/#primaryimage\"},\"image\":{\"@id\":\"https:\/\/www.euroakademie.de\/magazin\/barrierefreiheit-in-der-politik\/#primaryimage\"},\"thumbnailUrl\":\"https:\/\/www.euroakademie.de\/magazin\/wp-content\/uploads\/2024\/11\/Diversity_1909146781_702x336.jpg\",\"datePublished\":\"2024-11-20T14:32:51+00:00\",\"dateModified\":\"2024-11-20T15:13:07+00:00\",\"description\":\"Mit der ersten Bundestagsrede in Geb\u00e4rdensprache ist die SPD-Politikerin Heike Heubach eines der R\u00e4dchen im Getriebe hin zur vollen Inklusion.\",\"breadcrumb\":{\"@id\":\"https:\/\/www.euroakademie.de\/magazin\/barrierefreiheit-in-der-politik\/#breadcrumb\"},\"inLanguage\":\"de\",\"potentialAction\":[{\"@type\":\"ReadAction\",\"target\":[\"https:\/\/www.euroakademie.de\/magazin\/barrierefreiheit-in-der-politik\/\"]}]},{\"@type\":\"ImageObject\",\"inLanguage\":\"de\",\"@id\":\"https:\/\/www.euroakademie.de\/magazin\/barrierefreiheit-in-der-politik\/#primaryimage\",\"url\":\"https:\/\/www.euroakademie.de\/magazin\/wp-content\/uploads\/2024\/11\/Diversity_1909146781_702x336.jpg\",\"contentUrl\":\"https:\/\/www.euroakademie.de\/magazin\/wp-content\/uploads\/2024\/11\/Diversity_1909146781_702x336.jpg\",\"width\":702,\"height\":336},{\"@type\":\"BreadcrumbList\",\"@id\":\"https:\/\/www.euroakademie.de\/magazin\/barrierefreiheit-in-der-politik\/#breadcrumb\",\"itemListElement\":[{\"@type\":\"ListItem\",\"position\":1,\"name\":\"Startseite\",\"item\":\"https:\/\/www.euroakademie.de\/magazin\/\"},{\"@type\":\"ListItem\",\"position\":2,\"name\":\"Barrierefreiheit in der Politik\"}]},{\"@type\":\"WebSite\",\"@id\":\"https:\/\/www.euroakademie.de\/magazin\/#website\",\"url\":\"https:\/\/www.euroakademie.de\/magazin\/\",\"name\":\"Das Euro Akademie Magazin\",\"description\":\"Gut informiert durch Ausbildung und Studium\",\"publisher\":{\"@id\":\"https:\/\/www.euroakademie.de\/magazin\/#organization\"},\"potentialAction\":[{\"@type\":\"SearchAction\",\"target\":{\"@type\":\"EntryPoint\",\"urlTemplate\":\"https:\/\/www.euroakademie.de\/magazin\/?s={search_term_string}\"},\"query-input\":{\"@type\":\"PropertyValueSpecification\",\"valueRequired\":true,\"valueName\":\"search_term_string\"}}],\"inLanguage\":\"de\"},{\"@type\":\"Organization\",\"@id\":\"https:\/\/www.euroakademie.de\/magazin\/#organization\",\"name\":\"ESO Education Group\",\"url\":\"https:\/\/www.euroakademie.de\/magazin\/\",\"logo\":{\"@type\":\"ImageObject\",\"inLanguage\":\"de\",\"@id\":\"https:\/\/www.euroakademie.de\/magazin\/#\/schema\/logo\/image\/\",\"url\":\"https:\/\/relaunch.euroakademie.de\/magazin\/wp-content\/uploads\/2024\/11\/Logo_EA_negativ_Rahmen_5cm_300dpi_RGB.jpg\",\"contentUrl\":\"https:\/\/relaunch.euroakademie.de\/magazin\/wp-content\/uploads\/2024\/11\/Logo_EA_negativ_Rahmen_5cm_300dpi_RGB.jpg\",\"width\":591,\"height\":236,\"caption\":\"ESO Education Group\"},\"image\":{\"@id\":\"https:\/\/www.euroakademie.de\/magazin\/#\/schema\/logo\/image\/\"}},{\"@type\":\"Person\",\"@id\":\"https:\/\/www.euroakademie.de\/magazin\/#\/schema\/person\/6927904de5cedfa8765d9b35681ccb28\",\"name\":\"Nadine Elbert\",\"description\":\"Von Sommer 2019 bis Herbst 2025 schrieb Nadine Elbert hier im Wechsel \u00fcber Themen aus den Bereichen Ausbildung, Studium und Beruf \u2013 und sch\u00f6pfte dabei auch aus ihrem reichhaltigen pers\u00f6nlichen Erfahrungsschatz.\",\"url\":\"https:\/\/www.euroakademie.de\/magazin\/author\/nadine-elbert\/\"}]}<\/script>\n<!-- \/ Yoast SEO plugin. -->","yoast_head_json":{"title":"Barrierefreiheit in der Politik - Das Euro Akademie Magazin","description":"Mit der ersten Bundestagsrede in Geb\u00e4rdensprache ist die SPD-Politikerin Heike Heubach eines der R\u00e4dchen im Getriebe hin zur vollen Inklusion.","robots":{"index":"index","follow":"follow","max-snippet":"max-snippet:-1","max-image-preview":"max-image-preview:large","max-video-preview":"max-video-preview:-1"},"canonical":"https:\/\/www.euroakademie.de\/magazin\/barrierefreiheit-in-der-politik\/","og_locale":"de_DE","og_type":"article","og_title":"Barrierefreiheit in der Politik - Das Euro Akademie Magazin","og_description":"Mit der ersten Bundestagsrede in Geb\u00e4rdensprache ist die SPD-Politikerin Heike Heubach eines der R\u00e4dchen im Getriebe hin zur vollen Inklusion.","og_url":"https:\/\/www.euroakademie.de\/magazin\/barrierefreiheit-in-der-politik\/","og_site_name":"Das Euro Akademie Magazin","article_published_time":"2024-11-20T14:32:51+00:00","article_modified_time":"2024-11-20T15:13:07+00:00","og_image":[{"width":702,"height":336,"url":"https:\/\/www.euroakademie.de\/magazin\/wp-content\/uploads\/2024\/11\/Diversity_1909146781_702x336.jpg","type":"image\/jpeg"}],"author":"Nadine Elbert","twitter_card":"summary_large_image","twitter_misc":{"Verfasst von":"Nadine Elbert","Gesch\u00e4tzte Lesezeit":"4\u00a0Minuten"},"schema":{"@context":"https:\/\/schema.org","@graph":[{"@type":"Article","@id":"https:\/\/www.euroakademie.de\/magazin\/barrierefreiheit-in-der-politik\/#article","isPartOf":{"@id":"https:\/\/www.euroakademie.de\/magazin\/barrierefreiheit-in-der-politik\/"},"author":{"name":"Nadine Elbert","@id":"https:\/\/www.euroakademie.de\/magazin\/#\/schema\/person\/6927904de5cedfa8765d9b35681ccb28"},"headline":"Barrierefreiheit in der Politik","datePublished":"2024-11-20T14:32:51+00:00","dateModified":"2024-11-20T15:13:07+00:00","mainEntityOfPage":{"@id":"https:\/\/www.euroakademie.de\/magazin\/barrierefreiheit-in-der-politik\/"},"wordCount":682,"commentCount":0,"publisher":{"@id":"https:\/\/www.euroakademie.de\/magazin\/#organization"},"image":{"@id":"https:\/\/www.euroakademie.de\/magazin\/barrierefreiheit-in-der-politik\/#primaryimage"},"thumbnailUrl":"https:\/\/www.euroakademie.de\/magazin\/wp-content\/uploads\/2024\/11\/Diversity_1909146781_702x336.jpg","articleSection":["Gesundheit &amp; Pflege","Im Gespr\u00e4ch"],"inLanguage":"de","potentialAction":[{"@type":"CommentAction","name":"Comment","target":["https:\/\/www.euroakademie.de\/magazin\/barrierefreiheit-in-der-politik\/#respond"]}]},{"@type":"WebPage","@id":"https:\/\/www.euroakademie.de\/magazin\/barrierefreiheit-in-der-politik\/","url":"https:\/\/www.euroakademie.de\/magazin\/barrierefreiheit-in-der-politik\/","name":"Barrierefreiheit in der Politik - Das Euro Akademie Magazin","isPartOf":{"@id":"https:\/\/www.euroakademie.de\/magazin\/#website"},"primaryImageOfPage":{"@id":"https:\/\/www.euroakademie.de\/magazin\/barrierefreiheit-in-der-politik\/#primaryimage"},"image":{"@id":"https:\/\/www.euroakademie.de\/magazin\/barrierefreiheit-in-der-politik\/#primaryimage"},"thumbnailUrl":"https:\/\/www.euroakademie.de\/magazin\/wp-content\/uploads\/2024\/11\/Diversity_1909146781_702x336.jpg","datePublished":"2024-11-20T14:32:51+00:00","dateModified":"2024-11-20T15:13:07+00:00","description":"Mit der ersten Bundestagsrede in Geb\u00e4rdensprache ist die SPD-Politikerin Heike Heubach eines der R\u00e4dchen im Getriebe hin zur vollen Inklusion.","breadcrumb":{"@id":"https:\/\/www.euroakademie.de\/magazin\/barrierefreiheit-in-der-politik\/#breadcrumb"},"inLanguage":"de","potentialAction":[{"@type":"ReadAction","target":["https:\/\/www.euroakademie.de\/magazin\/barrierefreiheit-in-der-politik\/"]}]},{"@type":"ImageObject","inLanguage":"de","@id":"https:\/\/www.euroakademie.de\/magazin\/barrierefreiheit-in-der-politik\/#primaryimage","url":"https:\/\/www.euroakademie.de\/magazin\/wp-content\/uploads\/2024\/11\/Diversity_1909146781_702x336.jpg","contentUrl":"https:\/\/www.euroakademie.de\/magazin\/wp-content\/uploads\/2024\/11\/Diversity_1909146781_702x336.jpg","width":702,"height":336},{"@type":"BreadcrumbList","@id":"https:\/\/www.euroakademie.de\/magazin\/barrierefreiheit-in-der-politik\/#breadcrumb","itemListElement":[{"@type":"ListItem","position":1,"name":"Startseite","item":"https:\/\/www.euroakademie.de\/magazin\/"},{"@type":"ListItem","position":2,"name":"Barrierefreiheit in der Politik"}]},{"@type":"WebSite","@id":"https:\/\/www.euroakademie.de\/magazin\/#website","url":"https:\/\/www.euroakademie.de\/magazin\/","name":"Das Euro Akademie Magazin","description":"Gut informiert durch Ausbildung und Studium","publisher":{"@id":"https:\/\/www.euroakademie.de\/magazin\/#organization"},"potentialAction":[{"@type":"SearchAction","target":{"@type":"EntryPoint","urlTemplate":"https:\/\/www.euroakademie.de\/magazin\/?s={search_term_string}"},"query-input":{"@type":"PropertyValueSpecification","valueRequired":true,"valueName":"search_term_string"}}],"inLanguage":"de"},{"@type":"Organization","@id":"https:\/\/www.euroakademie.de\/magazin\/#organization","name":"ESO Education Group","url":"https:\/\/www.euroakademie.de\/magazin\/","logo":{"@type":"ImageObject","inLanguage":"de","@id":"https:\/\/www.euroakademie.de\/magazin\/#\/schema\/logo\/image\/","url":"https:\/\/relaunch.euroakademie.de\/magazin\/wp-content\/uploads\/2024\/11\/Logo_EA_negativ_Rahmen_5cm_300dpi_RGB.jpg","contentUrl":"https:\/\/relaunch.euroakademie.de\/magazin\/wp-content\/uploads\/2024\/11\/Logo_EA_negativ_Rahmen_5cm_300dpi_RGB.jpg","width":591,"height":236,"caption":"ESO Education Group"},"image":{"@id":"https:\/\/www.euroakademie.de\/magazin\/#\/schema\/logo\/image\/"}},{"@type":"Person","@id":"https:\/\/www.euroakademie.de\/magazin\/#\/schema\/person\/6927904de5cedfa8765d9b35681ccb28","name":"Nadine Elbert","description":"Von Sommer 2019 bis Herbst 2025 schrieb Nadine Elbert hier im Wechsel \u00fcber Themen aus den Bereichen Ausbildung, Studium und Beruf \u2013 und sch\u00f6pfte dabei auch aus ihrem reichhaltigen pers\u00f6nlichen Erfahrungsschatz.","url":"https:\/\/www.euroakademie.de\/magazin\/author\/nadine-elbert\/"}]}},"_links":{"self":[{"href":"https:\/\/www.euroakademie.de\/magazin\/wp-json\/wp\/v2\/posts\/24024","targetHints":{"allow":["GET"]}}],"collection":[{"href":"https:\/\/www.euroakademie.de\/magazin\/wp-json\/wp\/v2\/posts"}],"about":[{"href":"https:\/\/www.euroakademie.de\/magazin\/wp-json\/wp\/v2\/types\/post"}],"author":[{"embeddable":true,"href":"https:\/\/www.euroakademie.de\/magazin\/wp-json\/wp\/v2\/users\/79"}],"replies":[{"embeddable":true,"href":"https:\/\/www.euroakademie.de\/magazin\/wp-json\/wp\/v2\/comments?post=24024"}],"version-history":[{"count":3,"href":"https:\/\/www.euroakademie.de\/magazin\/wp-json\/wp\/v2\/posts\/24024\/revisions"}],"predecessor-version":[{"id":24039,"href":"https:\/\/www.euroakademie.de\/magazin\/wp-json\/wp\/v2\/posts\/24024\/revisions\/24039"}],"wp:featuredmedia":[{"embeddable":true,"href":"https:\/\/www.euroakademie.de\/magazin\/wp-json\/wp\/v2\/media\/24030"}],"wp:attachment":[{"href":"https:\/\/www.euroakademie.de\/magazin\/wp-json\/wp\/v2\/media?parent=24024"}],"wp:term":[{"taxonomy":"category","embeddable":true,"href":"https:\/\/www.euroakademie.de\/magazin\/wp-json\/wp\/v2\/categories?post=24024"},{"taxonomy":"post_tag","embeddable":true,"href":"https:\/\/www.euroakademie.de\/magazin\/wp-json\/wp\/v2\/tags?post=24024"}],"curies":[{"name":"wp","href":"https:\/\/api.w.org\/{rel}","templated":true}]}}