{"id":2598,"date":"2015-07-03T08:30:00","date_gmt":"2015-07-03T06:30:00","guid":{"rendered":"https:\/\/www.euroakademie.de\/magazin\/?p=2598"},"modified":"2024-11-19T12:06:27","modified_gmt":"2024-11-19T11:06:27","slug":"ausbildung-des-monats-erzieher","status":"publish","type":"post","link":"https:\/\/www.euroakademie.de\/magazin\/ausbildung-des-monats-erzieher\/","title":{"rendered":"Ausbildung des Monats: Erzieher"},"content":{"rendered":"<p>\t\t\t\t<![CDATA[\n\n<h2>Sie m\u00f6chten etwas bewegen? Sie m\u00f6chten unsere Zukunft gestalten? Tun Sie es, als Erzieher.<\/h2>\n\n\nDer Beruf des Erziehers ist derzeit in aller Munde. Um den Kita-Streik ist es zwischenzeitlich zwar ruhig geworden, doch die Erinnerungen an die mehrw\u00f6chigen Schlie\u00dfungen der Kitas sind insbesondere bei den Eltern noch lange nicht verblasst.\n\nDoch wie sieht der Erzieherberuf in der Praxis aus? Welchen Herausforderungen m\u00fcssen sie sich tagt\u00e4glich stellen und worauf kommt es an? In unserer Rubrik \u201eAusbildung des Monats\u201c m\u00f6chten wir den Beruf des Erziehers ein wenig n\u00e4her beleuchten.\n\n\n<h3>Ein Tag in der Kita<\/h3>\n\n\nLautes Stimmengewirr, herumtollende Fr\u00fchaufsteher, konzentrierte Bastelfans \u2013 die letzten Kinder treffen in der Kita ein bis die Morgenbesprechung Ruhe in die Runde bringt. Der Tag beginnt in vielen Einrichtungen turbulent und vielseitig. F\u00fcr bekennende Morgenmuffel kein leichter Start. Ruhe und Gelassenheit sind gefragt. Geduld f\u00fcr diejenigen, die dem kleinen Felix bereits zum f\u00fcnften Mal erkl\u00e4ren m\u00fcssen, wie er seine Schn\u00fcrsenkel allein zubindet. Durchsetzungsverm\u00f6gen f\u00fcr solche, die der kleinen Emma zum dritten Mal erkl\u00e4ren, dass sie anderen Kindern das Spielzeug nicht wegnehmen darf. Als Erzieher gleicht kein Tag dem anderen. Und dennoch h\u00e4lt er wie kein anderer Beruf unz\u00e4hlige Gl\u00fccksmomente bereit.\n\nDer Berufsalltag ist lebendig. Verantwortungsbewusstsein und Einf\u00fchlungsverm\u00f6gen sind ebenso gefragt wie Kreativit\u00e4t. Erzieher f\u00f6rdern und betreuen Ihre Sch\u00fctzlinge nicht nur, sie sind viel mehr als das: sie sind Vorbilder. Als t\u00e4glicher Elternersatz haben sie die Chance und die Aufgabe, die Kinder in ihrer k\u00f6rperlichen, geistigen und emotionalen Entwicklung zu f\u00f6rdern und sie zu eigenverantwortlichen und gemeinschaftsf\u00e4higen Pers\u00f6nlichkeiten zu erziehen. Der Austausch mit den Eltern und Kollegen ist dabei zu einem elementaren Bestandteil geworden. Pers\u00f6nliche Themen der Kleinen sind ebenso wichtig wie ihre derzeitige Entwicklung, \u00fcber die es sich auszutauschen gilt. Aus diesem Grund ist hier eine gute Teamf\u00e4higkeit Grundvoraussetzung.\n\nIn der Kindertagesbetreuung er\u00f6ffnet sich in den letzten Jahren, insbesondere in den alten Bundel\u00e4ndern, ein neuer Aufgabenkreis: die Betreuung der unter Dreij\u00e4hrigen. Durch den Wunsch vieler Frauen, nach einer Schwangerschaft fr\u00fcher in den Beruf zur\u00fcckzukehren, nimmt dieser einen immer h\u00f6heren Stellenwert ein. Die Arbeit mit den ganz Kleinen verlangt den Erziehern jedoch ein besonderes Feingef\u00fchl ab. Bevor sie die Selbstwahrnehmung der Kleinen f\u00f6rdern, das eigene K\u00f6nnen erkennen und die eigenen Grenzen austesten lassen, ist es Aufgabe des Erziehers, eine elementare Vertrauensbeziehung zu Kindern und Eltern aufzubauen, ihnen Sicherheit zu geben, Geborgenheit und f\u00fcr eine liebevolle Atmosph\u00e4re in der Einrichtung zu sorgen.\n\nOb Sie als Erzieher jedoch nach der Ausbildung in einem Kindergarten oder einer -krippe arbeiten m\u00f6chten oder eine g\u00e4nzlich andere Alternative w\u00e4hlen, ist allein Ihre Entscheidung. Ob in der vorschulischen Bildung, der Ganztagesbetreuung, der Jugendarbeit oder Heimerziehung \u2013 die <a href=\"https:\/\/www.euroakademie.de\/bildungsangebote\/paedagogik-soziales\">Arbeitsfelder<\/a> als Erzieher sind vielf\u00e4ltig.\n\n\n<h3>Der Erzieher als Traumberuf?<\/h3>\n\n\nDer Erzieher gilt seit jeher als ein Traumberuf \u2013 insbesondere f\u00fcr Frauen. Dennoch werden Diskussionen \u00fcber diverse Missst\u00e4nde in diesem Arbeitsbereich laut: Die Aufgaben der Erzieher nehmen zu, aber die Bezahlung bleibt gleich.\n\nVon der Sprachf\u00f6rderung \u00fcber die Integration von Kindern mit Migrationshintergrund bis hin zu aufwendigen Dokumentationen des Entwicklungsstandes eines jeden Kindes ist der Beruf des Erziehers trotz aller Vorteile sehr anspruchsvoll. Und dennoch \u2013 oder gerade deswegen \u2013 bleibt der Grundtenor junger und erfahrener Erzieher gleich: Der Beruf des Erziehers ist und bleibt f\u00fcr viele ein wahres Geschenk. Und das nicht zuletzt wegen der Summe der t\u00e4glichen Gl\u00fccksmomente, dem wahrhaft echten Kinderlachen und der ansteckenden Begeisterung und Kreativit\u00e4t.\n\n<em>Sie interessieren sich f\u00fcr eine Ausbildung zum Erzieher? Dann empfehlen wir Ihnen unsere weiterf\u00fchrenden Informationen zum <\/em><a href=\"https:\/\/www.euroakademie.de\/magazin\/eine-branche-kaempft-um-anerkennung\/\"><em>Berufsbild des Erziehers<\/em><\/a><em>. Hier erfahren Sie mehr zu den Voraussetzungen, die Sie daf\u00fcr mitbringen sollten, zur Dauer der Ausbildung, zum Thema Gehalt sowie zu weiteren Arbeitsorten und Berufsfeldern, die f\u00fcr Sie als Erzieher m\u00f6glich sind.<\/em>\n\n\n<h4>Lesen Sie auch:<\/h4>\n\n\n\n\n<ul>\n \t\n\n<li>Artikel: <a href=\"https:\/\/www.euroakademie.de\/magazin\/eine-branche-kaempft-um-anerkennung\/\">\u201eKita-Streik: Eine Branche k\u00e4mpft um Anerkennung\u201c<\/a><\/li>\n\n\n \t\n\n<li><a href=\"https:\/\/www.euroakademie.de\/bildungsangebote\/paedagogik-soziales\">Ausbildung zum Erzieher<\/a> plus Fachhochschulreife an der Euro Akademie<\/li>\n\n\n<\/ul>\n\n]]>\t\t<\/p>\n","protected":false},"excerpt":{"rendered":"<p>\t\t\t\t<![CDATA[]]>\t\t<\/p>\n","protected":false},"author":7,"featured_media":7294,"comment_status":"closed","ping_status":"closed","sticky":false,"template":"","format":"standard","meta":{"footnotes":""},"categories":[67,7,19],"tags":[808,2587],"class_list":{"0":"post-2598","1":"post","2":"type-post","3":"status-publish","4":"format-standard","5":"has-post-thumbnail","7":"category-ausbildung-des-monats","8":"category-euro-akademie","9":"category-paedagogik-soziales","10":"tag-ausbildung-des-monats","11":"tag-erzieher"},"yoast_head":"<!-- This site is optimized with the Yoast SEO plugin v23.5 - https:\/\/yoast.com\/wordpress\/plugins\/seo\/ -->\n<title>Ausbildung des Monats: Erzieher<\/title>\n<meta name=\"description\" content=\"Ist der Erzieher noch immer ein Traumberuf? Was tun Erzieher in ihrem Berufsalltag, worauf kommt es an, welchen Herausforderungen m\u00fcssen sie sich stellen?\" \/>\n<meta name=\"robots\" content=\"index, follow, max-snippet:-1, max-image-preview:large, max-video-preview:-1\" \/>\n<link rel=\"canonical\" href=\"https:\/\/www.euroakademie.de\/magazin\/ausbildung-des-monats-erzieher\/\" \/>\n<meta property=\"og:locale\" content=\"de_DE\" \/>\n<meta property=\"og:type\" content=\"article\" \/>\n<meta property=\"og:title\" content=\"Ausbildung des Monats: Erzieher\" \/>\n<meta property=\"og:description\" content=\"Ist der Erzieher noch immer ein Traumberuf? Was tun Erzieher in ihrem Berufsalltag, worauf kommt es an, welchen Herausforderungen m\u00fcssen sie sich stellen?\" \/>\n<meta property=\"og:url\" content=\"https:\/\/www.euroakademie.de\/magazin\/ausbildung-des-monats-erzieher\/\" \/>\n<meta property=\"og:site_name\" content=\"Das Euro Akademie Magazin\" \/>\n<meta property=\"article:published_time\" content=\"2015-07-03T06:30:00+00:00\" \/>\n<meta property=\"article:modified_time\" content=\"2024-11-19T11:06:27+00:00\" \/>\n<meta property=\"og:image\" content=\"https:\/\/www.euroakademie.de\/magazin\/wp-content\/uploads\/2015\/07\/shutterstock_578570272_702x336_web.jpg\" \/>\n\t<meta property=\"og:image:width\" content=\"702\" \/>\n\t<meta property=\"og:image:height\" content=\"336\" \/>\n\t<meta property=\"og:image:type\" content=\"image\/jpeg\" \/>\n<meta name=\"author\" content=\"Redaktion\" \/>\n<meta name=\"twitter:card\" content=\"summary_large_image\" \/>\n<meta name=\"twitter:label1\" content=\"Verfasst von\" \/>\n\t<meta name=\"twitter:data1\" content=\"Redaktion\" \/>\n\t<meta name=\"twitter:label2\" content=\"Gesch\u00e4tzte Lesezeit\" \/>\n\t<meta name=\"twitter:data2\" content=\"3\u00a0Minuten\" \/>\n<script type=\"application\/ld+json\" class=\"yoast-schema-graph\">{\"@context\":\"https:\/\/schema.org\",\"@graph\":[{\"@type\":\"Article\",\"@id\":\"https:\/\/www.euroakademie.de\/magazin\/ausbildung-des-monats-erzieher\/#article\",\"isPartOf\":{\"@id\":\"https:\/\/www.euroakademie.de\/magazin\/ausbildung-des-monats-erzieher\/\"},\"author\":{\"name\":\"Redaktion\",\"@id\":\"https:\/\/www.euroakademie.de\/magazin\/#\/schema\/person\/6c9b7b6db765ee31640d80c936be3686\"},\"headline\":\"Ausbildung des Monats: Erzieher\",\"datePublished\":\"2015-07-03T06:30:00+00:00\",\"dateModified\":\"2024-11-19T11:06:27+00:00\",\"mainEntityOfPage\":{\"@id\":\"https:\/\/www.euroakademie.de\/magazin\/ausbildung-des-monats-erzieher\/\"},\"wordCount\":680,\"publisher\":{\"@id\":\"https:\/\/www.euroakademie.de\/magazin\/#organization\"},\"image\":{\"@id\":\"https:\/\/www.euroakademie.de\/magazin\/ausbildung-des-monats-erzieher\/#primaryimage\"},\"thumbnailUrl\":\"https:\/\/www.euroakademie.de\/magazin\/wp-content\/uploads\/2015\/07\/shutterstock_578570272_702x336_web.jpg\",\"keywords\":[\"Ausbildung des Monats\",\"Erzieher\"],\"articleSection\":[\"Ausbildungen im Portrait\",\"Euro Akademie\",\"P\u00e4dagogik &amp; Soziales\"],\"inLanguage\":\"de\"},{\"@type\":\"WebPage\",\"@id\":\"https:\/\/www.euroakademie.de\/magazin\/ausbildung-des-monats-erzieher\/\",\"url\":\"https:\/\/www.euroakademie.de\/magazin\/ausbildung-des-monats-erzieher\/\",\"name\":\"Ausbildung des Monats: Erzieher\",\"isPartOf\":{\"@id\":\"https:\/\/www.euroakademie.de\/magazin\/#website\"},\"primaryImageOfPage\":{\"@id\":\"https:\/\/www.euroakademie.de\/magazin\/ausbildung-des-monats-erzieher\/#primaryimage\"},\"image\":{\"@id\":\"https:\/\/www.euroakademie.de\/magazin\/ausbildung-des-monats-erzieher\/#primaryimage\"},\"thumbnailUrl\":\"https:\/\/www.euroakademie.de\/magazin\/wp-content\/uploads\/2015\/07\/shutterstock_578570272_702x336_web.jpg\",\"datePublished\":\"2015-07-03T06:30:00+00:00\",\"dateModified\":\"2024-11-19T11:06:27+00:00\",\"description\":\"Ist der Erzieher noch immer ein Traumberuf? Was tun Erzieher in ihrem Berufsalltag, worauf kommt es an, welchen Herausforderungen m\u00fcssen sie sich stellen?\",\"breadcrumb\":{\"@id\":\"https:\/\/www.euroakademie.de\/magazin\/ausbildung-des-monats-erzieher\/#breadcrumb\"},\"inLanguage\":\"de\",\"potentialAction\":[{\"@type\":\"ReadAction\",\"target\":[\"https:\/\/www.euroakademie.de\/magazin\/ausbildung-des-monats-erzieher\/\"]}]},{\"@type\":\"ImageObject\",\"inLanguage\":\"de\",\"@id\":\"https:\/\/www.euroakademie.de\/magazin\/ausbildung-des-monats-erzieher\/#primaryimage\",\"url\":\"https:\/\/www.euroakademie.de\/magazin\/wp-content\/uploads\/2015\/07\/shutterstock_578570272_702x336_web.jpg\",\"contentUrl\":\"https:\/\/www.euroakademie.de\/magazin\/wp-content\/uploads\/2015\/07\/shutterstock_578570272_702x336_web.jpg\",\"width\":702,\"height\":336,\"caption\":\"\"},{\"@type\":\"BreadcrumbList\",\"@id\":\"https:\/\/www.euroakademie.de\/magazin\/ausbildung-des-monats-erzieher\/#breadcrumb\",\"itemListElement\":[{\"@type\":\"ListItem\",\"position\":1,\"name\":\"Startseite\",\"item\":\"https:\/\/www.euroakademie.de\/magazin\/\"},{\"@type\":\"ListItem\",\"position\":2,\"name\":\"Ausbildung des Monats: Erzieher\"}]},{\"@type\":\"WebSite\",\"@id\":\"https:\/\/www.euroakademie.de\/magazin\/#website\",\"url\":\"https:\/\/www.euroakademie.de\/magazin\/\",\"name\":\"Das Euro Akademie Magazin\",\"description\":\"Gut informiert durch Ausbildung und Studium\",\"publisher\":{\"@id\":\"https:\/\/www.euroakademie.de\/magazin\/#organization\"},\"potentialAction\":[{\"@type\":\"SearchAction\",\"target\":{\"@type\":\"EntryPoint\",\"urlTemplate\":\"https:\/\/www.euroakademie.de\/magazin\/?s={search_term_string}\"},\"query-input\":{\"@type\":\"PropertyValueSpecification\",\"valueRequired\":true,\"valueName\":\"search_term_string\"}}],\"inLanguage\":\"de\"},{\"@type\":\"Organization\",\"@id\":\"https:\/\/www.euroakademie.de\/magazin\/#organization\",\"name\":\"ESO Education Group\",\"url\":\"https:\/\/www.euroakademie.de\/magazin\/\",\"logo\":{\"@type\":\"ImageObject\",\"inLanguage\":\"de\",\"@id\":\"https:\/\/www.euroakademie.de\/magazin\/#\/schema\/logo\/image\/\",\"url\":\"https:\/\/relaunch.euroakademie.de\/magazin\/wp-content\/uploads\/2024\/11\/Logo_EA_negativ_Rahmen_5cm_300dpi_RGB.jpg\",\"contentUrl\":\"https:\/\/relaunch.euroakademie.de\/magazin\/wp-content\/uploads\/2024\/11\/Logo_EA_negativ_Rahmen_5cm_300dpi_RGB.jpg\",\"width\":591,\"height\":236,\"caption\":\"ESO Education Group\"},\"image\":{\"@id\":\"https:\/\/www.euroakademie.de\/magazin\/#\/schema\/logo\/image\/\"}},{\"@type\":\"Person\",\"@id\":\"https:\/\/www.euroakademie.de\/magazin\/#\/schema\/person\/6c9b7b6db765ee31640d80c936be3686\",\"name\":\"Redaktion\",\"description\":\"Die Redaktion des Euro Akademie Magazins h\u00e4lt Sie regelm\u00e4\u00dfig mit hintergr\u00fcndigen Artikeln auf dem Laufenden. Auf Basis einer fundierten Recherche und mit Spa\u00df am Schreiben erstellen die Redakteur*innen informative und unterhaltsame Inhalte f\u00fcr Sie.\",\"url\":\"https:\/\/www.euroakademie.de\/magazin\/author\/redaktion\/\"}]}<\/script>\n<!-- \/ Yoast SEO plugin. -->","yoast_head_json":{"title":"Ausbildung des Monats: Erzieher","description":"Ist der Erzieher noch immer ein Traumberuf? Was tun Erzieher in ihrem Berufsalltag, worauf kommt es an, welchen Herausforderungen m\u00fcssen sie sich stellen?","robots":{"index":"index","follow":"follow","max-snippet":"max-snippet:-1","max-image-preview":"max-image-preview:large","max-video-preview":"max-video-preview:-1"},"canonical":"https:\/\/www.euroakademie.de\/magazin\/ausbildung-des-monats-erzieher\/","og_locale":"de_DE","og_type":"article","og_title":"Ausbildung des Monats: Erzieher","og_description":"Ist der Erzieher noch immer ein Traumberuf? Was tun Erzieher in ihrem Berufsalltag, worauf kommt es an, welchen Herausforderungen m\u00fcssen sie sich stellen?","og_url":"https:\/\/www.euroakademie.de\/magazin\/ausbildung-des-monats-erzieher\/","og_site_name":"Das Euro Akademie Magazin","article_published_time":"2015-07-03T06:30:00+00:00","article_modified_time":"2024-11-19T11:06:27+00:00","og_image":[{"width":702,"height":336,"url":"https:\/\/www.euroakademie.de\/magazin\/wp-content\/uploads\/2015\/07\/shutterstock_578570272_702x336_web.jpg","type":"image\/jpeg"}],"author":"Redaktion","twitter_card":"summary_large_image","twitter_misc":{"Verfasst von":"Redaktion","Gesch\u00e4tzte Lesezeit":"3\u00a0Minuten"},"schema":{"@context":"https:\/\/schema.org","@graph":[{"@type":"Article","@id":"https:\/\/www.euroakademie.de\/magazin\/ausbildung-des-monats-erzieher\/#article","isPartOf":{"@id":"https:\/\/www.euroakademie.de\/magazin\/ausbildung-des-monats-erzieher\/"},"author":{"name":"Redaktion","@id":"https:\/\/www.euroakademie.de\/magazin\/#\/schema\/person\/6c9b7b6db765ee31640d80c936be3686"},"headline":"Ausbildung des Monats: Erzieher","datePublished":"2015-07-03T06:30:00+00:00","dateModified":"2024-11-19T11:06:27+00:00","mainEntityOfPage":{"@id":"https:\/\/www.euroakademie.de\/magazin\/ausbildung-des-monats-erzieher\/"},"wordCount":680,"publisher":{"@id":"https:\/\/www.euroakademie.de\/magazin\/#organization"},"image":{"@id":"https:\/\/www.euroakademie.de\/magazin\/ausbildung-des-monats-erzieher\/#primaryimage"},"thumbnailUrl":"https:\/\/www.euroakademie.de\/magazin\/wp-content\/uploads\/2015\/07\/shutterstock_578570272_702x336_web.jpg","keywords":["Ausbildung des Monats","Erzieher"],"articleSection":["Ausbildungen im Portrait","Euro Akademie","P\u00e4dagogik &amp; Soziales"],"inLanguage":"de"},{"@type":"WebPage","@id":"https:\/\/www.euroakademie.de\/magazin\/ausbildung-des-monats-erzieher\/","url":"https:\/\/www.euroakademie.de\/magazin\/ausbildung-des-monats-erzieher\/","name":"Ausbildung des Monats: Erzieher","isPartOf":{"@id":"https:\/\/www.euroakademie.de\/magazin\/#website"},"primaryImageOfPage":{"@id":"https:\/\/www.euroakademie.de\/magazin\/ausbildung-des-monats-erzieher\/#primaryimage"},"image":{"@id":"https:\/\/www.euroakademie.de\/magazin\/ausbildung-des-monats-erzieher\/#primaryimage"},"thumbnailUrl":"https:\/\/www.euroakademie.de\/magazin\/wp-content\/uploads\/2015\/07\/shutterstock_578570272_702x336_web.jpg","datePublished":"2015-07-03T06:30:00+00:00","dateModified":"2024-11-19T11:06:27+00:00","description":"Ist der Erzieher noch immer ein Traumberuf? Was tun Erzieher in ihrem Berufsalltag, worauf kommt es an, welchen Herausforderungen m\u00fcssen sie sich stellen?","breadcrumb":{"@id":"https:\/\/www.euroakademie.de\/magazin\/ausbildung-des-monats-erzieher\/#breadcrumb"},"inLanguage":"de","potentialAction":[{"@type":"ReadAction","target":["https:\/\/www.euroakademie.de\/magazin\/ausbildung-des-monats-erzieher\/"]}]},{"@type":"ImageObject","inLanguage":"de","@id":"https:\/\/www.euroakademie.de\/magazin\/ausbildung-des-monats-erzieher\/#primaryimage","url":"https:\/\/www.euroakademie.de\/magazin\/wp-content\/uploads\/2015\/07\/shutterstock_578570272_702x336_web.jpg","contentUrl":"https:\/\/www.euroakademie.de\/magazin\/wp-content\/uploads\/2015\/07\/shutterstock_578570272_702x336_web.jpg","width":702,"height":336,"caption":""},{"@type":"BreadcrumbList","@id":"https:\/\/www.euroakademie.de\/magazin\/ausbildung-des-monats-erzieher\/#breadcrumb","itemListElement":[{"@type":"ListItem","position":1,"name":"Startseite","item":"https:\/\/www.euroakademie.de\/magazin\/"},{"@type":"ListItem","position":2,"name":"Ausbildung des Monats: Erzieher"}]},{"@type":"WebSite","@id":"https:\/\/www.euroakademie.de\/magazin\/#website","url":"https:\/\/www.euroakademie.de\/magazin\/","name":"Das Euro Akademie Magazin","description":"Gut informiert durch Ausbildung und Studium","publisher":{"@id":"https:\/\/www.euroakademie.de\/magazin\/#organization"},"potentialAction":[{"@type":"SearchAction","target":{"@type":"EntryPoint","urlTemplate":"https:\/\/www.euroakademie.de\/magazin\/?s={search_term_string}"},"query-input":{"@type":"PropertyValueSpecification","valueRequired":true,"valueName":"search_term_string"}}],"inLanguage":"de"},{"@type":"Organization","@id":"https:\/\/www.euroakademie.de\/magazin\/#organization","name":"ESO Education Group","url":"https:\/\/www.euroakademie.de\/magazin\/","logo":{"@type":"ImageObject","inLanguage":"de","@id":"https:\/\/www.euroakademie.de\/magazin\/#\/schema\/logo\/image\/","url":"https:\/\/relaunch.euroakademie.de\/magazin\/wp-content\/uploads\/2024\/11\/Logo_EA_negativ_Rahmen_5cm_300dpi_RGB.jpg","contentUrl":"https:\/\/relaunch.euroakademie.de\/magazin\/wp-content\/uploads\/2024\/11\/Logo_EA_negativ_Rahmen_5cm_300dpi_RGB.jpg","width":591,"height":236,"caption":"ESO Education Group"},"image":{"@id":"https:\/\/www.euroakademie.de\/magazin\/#\/schema\/logo\/image\/"}},{"@type":"Person","@id":"https:\/\/www.euroakademie.de\/magazin\/#\/schema\/person\/6c9b7b6db765ee31640d80c936be3686","name":"Redaktion","description":"Die Redaktion des Euro Akademie Magazins h\u00e4lt Sie regelm\u00e4\u00dfig mit hintergr\u00fcndigen Artikeln auf dem Laufenden. Auf Basis einer fundierten Recherche und mit Spa\u00df am Schreiben erstellen die Redakteur*innen informative und unterhaltsame Inhalte f\u00fcr Sie.","url":"https:\/\/www.euroakademie.de\/magazin\/author\/redaktion\/"}]}},"_links":{"self":[{"href":"https:\/\/www.euroakademie.de\/magazin\/wp-json\/wp\/v2\/posts\/2598","targetHints":{"allow":["GET"]}}],"collection":[{"href":"https:\/\/www.euroakademie.de\/magazin\/wp-json\/wp\/v2\/posts"}],"about":[{"href":"https:\/\/www.euroakademie.de\/magazin\/wp-json\/wp\/v2\/types\/post"}],"author":[{"embeddable":true,"href":"https:\/\/www.euroakademie.de\/magazin\/wp-json\/wp\/v2\/users\/7"}],"replies":[{"embeddable":true,"href":"https:\/\/www.euroakademie.de\/magazin\/wp-json\/wp\/v2\/comments?post=2598"}],"version-history":[{"count":1,"href":"https:\/\/www.euroakademie.de\/magazin\/wp-json\/wp\/v2\/posts\/2598\/revisions"}],"predecessor-version":[{"id":23271,"href":"https:\/\/www.euroakademie.de\/magazin\/wp-json\/wp\/v2\/posts\/2598\/revisions\/23271"}],"wp:featuredmedia":[{"embeddable":true,"href":"https:\/\/www.euroakademie.de\/magazin\/wp-json\/wp\/v2\/media\/7294"}],"wp:attachment":[{"href":"https:\/\/www.euroakademie.de\/magazin\/wp-json\/wp\/v2\/media?parent=2598"}],"wp:term":[{"taxonomy":"category","embeddable":true,"href":"https:\/\/www.euroakademie.de\/magazin\/wp-json\/wp\/v2\/categories?post=2598"},{"taxonomy":"post_tag","embeddable":true,"href":"https:\/\/www.euroakademie.de\/magazin\/wp-json\/wp\/v2\/tags?post=2598"}],"curies":[{"name":"wp","href":"https:\/\/api.w.org\/{rel}","templated":true}]}}