{"id":2682,"date":"2015-07-25T16:19:16","date_gmt":"2015-07-25T14:19:16","guid":{"rendered":"https:\/\/www.euroakademie.de\/magazin\/?p=2682"},"modified":"2015-07-25T16:19:16","modified_gmt":"2015-07-25T14:19:16","slug":"hertha-bsc-hinter-den-kulissen-fussball","status":"publish","type":"post","link":"https:\/\/www.euroakademie.de\/magazin\/hertha-bsc-hinter-den-kulissen-fussball\/","title":{"rendered":"Hertha BSC: Hinter den Kulissen des Fu\u00dfballbundesligisten"},"content":{"rendered":"<p>\t\t\t\t<![CDATA[\n\n<h1>Ein Praktikum im Sportmanagement beim Fu\u00dfball<\/h1>\n\n\nDie Zeit der Praktika an den Euro Akademien ist fast vorbei, doch wir werden nicht m\u00fcde, Ihnen die au\u00dfergew\u00f6hnlichsten und sch\u00f6nsten davon vorzustellen. So auch das von Jan Kramer aus Hannover, der die Zeit beim Bundesligisten Hertha BSC Berlin verbringen und Einblick in das derzeit so beliebte Sportmanagement im Fu\u00dfball gewinnen durfte.\n\n\n<h3>Von Hannover nach Berlin: Ein Praktikum im Bereich Sportmanagement<\/h3>\n\n\nAls begeisterter Fu\u00dfballfan und -spieler freut er sich \u00fcber alle Ma\u00dfen \u00fcber diese \u201eau\u00dfergew\u00f6hnliche Chance\u201c und bekommt einen Eindruck von den Arbeitsabl\u00e4ufen hinter den Kulissen des traditionsreichen Fu\u00dfballbundesligisten. Die Abteilung Mitgliederbetreuung, in der Jan seit Juni f\u00fcr drei Monate t\u00e4tig ist, k\u00fcmmert sich um die Anliegen von derzeit 32.600 Vereinsmitgliedern. Hier geht es um Menschen und Emotionen.\n\n[caption id=\"attachment_2684\" align=\"alignleft\" width=\"300\"]<a href=\"https:\/\/relaunch.euroakademie.de\/magazin\/wp-content\/uploads\/2015\/07\/IMG_3835-e1437651068906.jpg\"><img fetchpriority=\"high\" decoding=\"async\" class=\"size-full wp-image-2684\" src=\"https:\/\/relaunch.euroakademie.de\/magazin\/wp-content\/uploads\/2015\/07\/IMG_3835-e1437651068906.jpg\" alt=\"Fu\u00dfballspielen geh\u00f6rt zum Praktikum\" width=\"300\" height=\"200\" srcset=\"https:\/\/www.euroakademie.de\/magazin\/wp-content\/uploads\/2015\/07\/IMG_3835-e1437651068906.jpg 300w, https:\/\/www.euroakademie.de\/magazin\/wp-content\/uploads\/2015\/07\/IMG_3835-e1437651068906-150x100.jpg 150w\" sizes=\"(max-width: 300px) 100vw, 300px\" \/><\/a> Wenn das Hobby zum Beruf wird: Ein Praktikum im Sportmanagement[\/caption]\n\nAn der Euro Akademie Hannover geh\u00f6ren Sport, insbesondere jedoch der Fu\u00dfball zum Schulalltag. Joachim Meyer aus der Buchhaltung fasziniert die Spannung w\u00e4hrend des Spiels, aber auch die Geschichten rund um Spieler und Trainer. Ber\u00fchmte Zitate wie \u201eMailand oder Madrid \u2013 Hauptsache Italien\u201c von Andreas M\u00f6ller vergisst man einfach nicht. Christoph Jaeger, stellvertretender Leiter der Euro Akademie Hannover, erg\u00e4nzt: \u201eDer n\u00e4chste Gegner ist immer der schwerste\u201c (Sepp Herberger) und f\u00fcgt mit einem Augenzwinkern hinzu: \u201eDies l\u00e4sst sich sicher auf viele Situationen \u00fcbertragen.\u201c\n\n\n<h3>Sportliche Aussichten<\/h3>\n\n\nSeit September 2014 ist Jan Kramer bereits Sch\u00fcler an der Euro Akademie Hannover. In nur zwei Jahren ist er staatlich gepr\u00fcfter Kaufm\u00e4nnischer Assistent mit der Fachrichtung Fremdsprachen und Korrespondenz. Ist dieses Ziel erreicht, m\u00f6chte er ab September 2016 ein verk\u00fcrztes Bachelorstudium mit dem Schwerpunkt Sportmanagement an der Copenhagen Business Academy oder dem New College Durham aufnehmen. Beste Chancen bringt er mit der Ausbildung an der Euro Akademie Hannover bereits mit.\n\nSportmanagement ist ein beliebtes und hochkomplexes Studienfach, das auf eine Vielzahl von T\u00e4tigkeiten im Profisport vorbereitet und Organisationsgeschick und Kommunikationstalent erfordert. Die kaufm\u00e4nnisch-fremdsprachliche Ausbildung, die Jan absolviert, ist hierf\u00fcr die optimale Basis.\n\nSimon Bischoff, Lehrkraft f\u00fcr Sport und Englisch an der Euro Akademie Hannover, wei\u00df die Gelegenheit, die sich Jan Kramer mit diesem Praktikum und den damit verbundenen Kontakten in die Welt des Profisports bietet, zu sch\u00e4tzen und freut sich f\u00fcr seinen Sch\u00fcler. Jan wird sein Praktikum weiterhin auskosten: \u201eJetzt beginnt das Bundesligagesch\u00e4ft erst so richtig.\u201c Es bleibt viel zu tun und unz\u00e4hlige neue Erfahrungen zu sammeln.]]>\t\t<\/p>\n","protected":false},"excerpt":{"rendered":"<p>\t\t\t\t<![CDATA[]]>\t\t<\/p>\n","protected":false},"author":7,"featured_media":2683,"comment_status":"closed","ping_status":"closed","sticky":false,"template":"","format":"standard","meta":{"footnotes":""},"categories":[7,112,169,46],"tags":[3322,6601,7744],"class_list":{"0":"post-2682","1":"post","2":"type-post","3":"status-publish","4":"format-standard","5":"has-post-thumbnail","7":"category-euro-akademie","8":"category-hannover","9":"category-success-stories","10":"category-wirtschaft-management","11":"tag-fussball","12":"tag-praktikum","13":"tag-sportmanagement"},"yoast_head":"<!-- This site is optimized with the Yoast SEO plugin v23.5 - https:\/\/yoast.com\/wordpress\/plugins\/seo\/ -->\n<title>Sportmanagement: Praktikum im Fu\u00dfball beim Bundesligisten<\/title>\n<meta name=\"description\" content=\"Jan Kramer von der Euro Akademie Hannover nutzt sein Praktikum f\u00fcr einen Einblick in das Sportmanagement im Fu\u00dfball beim Bundesligisten Hertha BSC.\" \/>\n<meta name=\"robots\" content=\"index, follow, max-snippet:-1, max-image-preview:large, max-video-preview:-1\" \/>\n<link rel=\"canonical\" href=\"https:\/\/www.euroakademie.de\/magazin\/hertha-bsc-hinter-den-kulissen-fussball\/\" \/>\n<meta property=\"og:locale\" content=\"de_DE\" \/>\n<meta property=\"og:type\" content=\"article\" \/>\n<meta property=\"og:title\" content=\"Sportmanagement: Praktikum im Fu\u00dfball beim Bundesligisten\" \/>\n<meta property=\"og:description\" content=\"Jan Kramer von der Euro Akademie Hannover nutzt sein Praktikum f\u00fcr einen Einblick in das Sportmanagement im Fu\u00dfball beim Bundesligisten Hertha BSC.\" \/>\n<meta property=\"og:url\" content=\"https:\/\/www.euroakademie.de\/magazin\/hertha-bsc-hinter-den-kulissen-fussball\/\" \/>\n<meta property=\"og:site_name\" content=\"Das Euro Akademie Magazin\" \/>\n<meta property=\"article:published_time\" content=\"2015-07-25T14:19:16+00:00\" \/>\n<meta property=\"og:image\" content=\"https:\/\/www.euroakademie.de\/magazin\/wp-content\/uploads\/2015\/07\/20150630_111516-e1437650736626.jpg\" \/>\n\t<meta property=\"og:image:width\" content=\"750\" \/>\n\t<meta property=\"og:image:height\" content=\"351\" \/>\n\t<meta property=\"og:image:type\" content=\"image\/jpeg\" \/>\n<meta name=\"author\" content=\"Redaktion\" \/>\n<meta name=\"twitter:card\" content=\"summary_large_image\" \/>\n<meta name=\"twitter:label1\" content=\"Verfasst von\" \/>\n\t<meta name=\"twitter:data1\" content=\"Redaktion\" \/>\n\t<meta name=\"twitter:label2\" content=\"Gesch\u00e4tzte Lesezeit\" \/>\n\t<meta name=\"twitter:data2\" content=\"2\u00a0Minuten\" \/>\n<script type=\"application\/ld+json\" class=\"yoast-schema-graph\">{\"@context\":\"https:\/\/schema.org\",\"@graph\":[{\"@type\":\"Article\",\"@id\":\"https:\/\/www.euroakademie.de\/magazin\/hertha-bsc-hinter-den-kulissen-fussball\/#article\",\"isPartOf\":{\"@id\":\"https:\/\/www.euroakademie.de\/magazin\/hertha-bsc-hinter-den-kulissen-fussball\/\"},\"author\":{\"name\":\"Redaktion\",\"@id\":\"https:\/\/www.euroakademie.de\/magazin\/#\/schema\/person\/6c9b7b6db765ee31640d80c936be3686\"},\"headline\":\"Hertha BSC: Hinter den Kulissen des Fu\u00dfballbundesligisten\",\"datePublished\":\"2015-07-25T14:19:16+00:00\",\"dateModified\":\"2015-07-25T14:19:16+00:00\",\"mainEntityOfPage\":{\"@id\":\"https:\/\/www.euroakademie.de\/magazin\/hertha-bsc-hinter-den-kulissen-fussball\/\"},\"wordCount\":433,\"publisher\":{\"@id\":\"https:\/\/www.euroakademie.de\/magazin\/#organization\"},\"image\":{\"@id\":\"https:\/\/www.euroakademie.de\/magazin\/hertha-bsc-hinter-den-kulissen-fussball\/#primaryimage\"},\"thumbnailUrl\":\"https:\/\/www.euroakademie.de\/magazin\/wp-content\/uploads\/2015\/07\/20150630_111516-e1437650736626.jpg\",\"keywords\":[\"Fu\u00dfball\",\"Praktikum\",\"Sportmanagement\"],\"articleSection\":[\"Euro Akademie\",\"Hannover\",\"Success Stories\",\"Wirtschaft &amp; Management\"],\"inLanguage\":\"de\"},{\"@type\":\"WebPage\",\"@id\":\"https:\/\/www.euroakademie.de\/magazin\/hertha-bsc-hinter-den-kulissen-fussball\/\",\"url\":\"https:\/\/www.euroakademie.de\/magazin\/hertha-bsc-hinter-den-kulissen-fussball\/\",\"name\":\"Sportmanagement: Praktikum im Fu\u00dfball beim Bundesligisten\",\"isPartOf\":{\"@id\":\"https:\/\/www.euroakademie.de\/magazin\/#website\"},\"primaryImageOfPage\":{\"@id\":\"https:\/\/www.euroakademie.de\/magazin\/hertha-bsc-hinter-den-kulissen-fussball\/#primaryimage\"},\"image\":{\"@id\":\"https:\/\/www.euroakademie.de\/magazin\/hertha-bsc-hinter-den-kulissen-fussball\/#primaryimage\"},\"thumbnailUrl\":\"https:\/\/www.euroakademie.de\/magazin\/wp-content\/uploads\/2015\/07\/20150630_111516-e1437650736626.jpg\",\"datePublished\":\"2015-07-25T14:19:16+00:00\",\"dateModified\":\"2015-07-25T14:19:16+00:00\",\"description\":\"Jan Kramer von der Euro Akademie Hannover nutzt sein Praktikum f\u00fcr einen Einblick in das Sportmanagement im Fu\u00dfball beim Bundesligisten Hertha BSC.\",\"breadcrumb\":{\"@id\":\"https:\/\/www.euroakademie.de\/magazin\/hertha-bsc-hinter-den-kulissen-fussball\/#breadcrumb\"},\"inLanguage\":\"de\",\"potentialAction\":[{\"@type\":\"ReadAction\",\"target\":[\"https:\/\/www.euroakademie.de\/magazin\/hertha-bsc-hinter-den-kulissen-fussball\/\"]}]},{\"@type\":\"ImageObject\",\"inLanguage\":\"de\",\"@id\":\"https:\/\/www.euroakademie.de\/magazin\/hertha-bsc-hinter-den-kulissen-fussball\/#primaryimage\",\"url\":\"https:\/\/www.euroakademie.de\/magazin\/wp-content\/uploads\/2015\/07\/20150630_111516-e1437650736626.jpg\",\"contentUrl\":\"https:\/\/www.euroakademie.de\/magazin\/wp-content\/uploads\/2015\/07\/20150630_111516-e1437650736626.jpg\",\"width\":750,\"height\":351,\"caption\":\"\"},{\"@type\":\"BreadcrumbList\",\"@id\":\"https:\/\/www.euroakademie.de\/magazin\/hertha-bsc-hinter-den-kulissen-fussball\/#breadcrumb\",\"itemListElement\":[{\"@type\":\"ListItem\",\"position\":1,\"name\":\"Startseite\",\"item\":\"https:\/\/www.euroakademie.de\/magazin\/\"},{\"@type\":\"ListItem\",\"position\":2,\"name\":\"Hertha BSC: Hinter den Kulissen des Fu\u00dfballbundesligisten\"}]},{\"@type\":\"WebSite\",\"@id\":\"https:\/\/www.euroakademie.de\/magazin\/#website\",\"url\":\"https:\/\/www.euroakademie.de\/magazin\/\",\"name\":\"Das Euro Akademie Magazin\",\"description\":\"Gut informiert durch Ausbildung und Studium\",\"publisher\":{\"@id\":\"https:\/\/www.euroakademie.de\/magazin\/#organization\"},\"potentialAction\":[{\"@type\":\"SearchAction\",\"target\":{\"@type\":\"EntryPoint\",\"urlTemplate\":\"https:\/\/www.euroakademie.de\/magazin\/?s={search_term_string}\"},\"query-input\":{\"@type\":\"PropertyValueSpecification\",\"valueRequired\":true,\"valueName\":\"search_term_string\"}}],\"inLanguage\":\"de\"},{\"@type\":\"Organization\",\"@id\":\"https:\/\/www.euroakademie.de\/magazin\/#organization\",\"name\":\"ESO Education Group\",\"url\":\"https:\/\/www.euroakademie.de\/magazin\/\",\"logo\":{\"@type\":\"ImageObject\",\"inLanguage\":\"de\",\"@id\":\"https:\/\/www.euroakademie.de\/magazin\/#\/schema\/logo\/image\/\",\"url\":\"https:\/\/relaunch.euroakademie.de\/magazin\/wp-content\/uploads\/2024\/11\/Logo_EA_negativ_Rahmen_5cm_300dpi_RGB.jpg\",\"contentUrl\":\"https:\/\/relaunch.euroakademie.de\/magazin\/wp-content\/uploads\/2024\/11\/Logo_EA_negativ_Rahmen_5cm_300dpi_RGB.jpg\",\"width\":591,\"height\":236,\"caption\":\"ESO Education Group\"},\"image\":{\"@id\":\"https:\/\/www.euroakademie.de\/magazin\/#\/schema\/logo\/image\/\"}},{\"@type\":\"Person\",\"@id\":\"https:\/\/www.euroakademie.de\/magazin\/#\/schema\/person\/6c9b7b6db765ee31640d80c936be3686\",\"name\":\"Redaktion\",\"description\":\"Die Redaktion des Euro Akademie Magazins h\u00e4lt Sie regelm\u00e4\u00dfig mit hintergr\u00fcndigen Artikeln auf dem Laufenden. Auf Basis einer fundierten Recherche und mit Spa\u00df am Schreiben erstellen die Redakteur*innen informative und unterhaltsame Inhalte f\u00fcr Sie.\",\"url\":\"https:\/\/www.euroakademie.de\/magazin\/author\/redaktion\/\"}]}<\/script>\n<!-- \/ Yoast SEO plugin. -->","yoast_head_json":{"title":"Sportmanagement: Praktikum im Fu\u00dfball beim Bundesligisten","description":"Jan Kramer von der Euro Akademie Hannover nutzt sein Praktikum f\u00fcr einen Einblick in das Sportmanagement im Fu\u00dfball beim Bundesligisten Hertha BSC.","robots":{"index":"index","follow":"follow","max-snippet":"max-snippet:-1","max-image-preview":"max-image-preview:large","max-video-preview":"max-video-preview:-1"},"canonical":"https:\/\/www.euroakademie.de\/magazin\/hertha-bsc-hinter-den-kulissen-fussball\/","og_locale":"de_DE","og_type":"article","og_title":"Sportmanagement: Praktikum im Fu\u00dfball beim Bundesligisten","og_description":"Jan Kramer von der Euro Akademie Hannover nutzt sein Praktikum f\u00fcr einen Einblick in das Sportmanagement im Fu\u00dfball beim Bundesligisten Hertha BSC.","og_url":"https:\/\/www.euroakademie.de\/magazin\/hertha-bsc-hinter-den-kulissen-fussball\/","og_site_name":"Das Euro Akademie Magazin","article_published_time":"2015-07-25T14:19:16+00:00","og_image":[{"width":750,"height":351,"url":"https:\/\/www.euroakademie.de\/magazin\/wp-content\/uploads\/2015\/07\/20150630_111516-e1437650736626.jpg","type":"image\/jpeg"}],"author":"Redaktion","twitter_card":"summary_large_image","twitter_misc":{"Verfasst von":"Redaktion","Gesch\u00e4tzte Lesezeit":"2\u00a0Minuten"},"schema":{"@context":"https:\/\/schema.org","@graph":[{"@type":"Article","@id":"https:\/\/www.euroakademie.de\/magazin\/hertha-bsc-hinter-den-kulissen-fussball\/#article","isPartOf":{"@id":"https:\/\/www.euroakademie.de\/magazin\/hertha-bsc-hinter-den-kulissen-fussball\/"},"author":{"name":"Redaktion","@id":"https:\/\/www.euroakademie.de\/magazin\/#\/schema\/person\/6c9b7b6db765ee31640d80c936be3686"},"headline":"Hertha BSC: Hinter den Kulissen des Fu\u00dfballbundesligisten","datePublished":"2015-07-25T14:19:16+00:00","dateModified":"2015-07-25T14:19:16+00:00","mainEntityOfPage":{"@id":"https:\/\/www.euroakademie.de\/magazin\/hertha-bsc-hinter-den-kulissen-fussball\/"},"wordCount":433,"publisher":{"@id":"https:\/\/www.euroakademie.de\/magazin\/#organization"},"image":{"@id":"https:\/\/www.euroakademie.de\/magazin\/hertha-bsc-hinter-den-kulissen-fussball\/#primaryimage"},"thumbnailUrl":"https:\/\/www.euroakademie.de\/magazin\/wp-content\/uploads\/2015\/07\/20150630_111516-e1437650736626.jpg","keywords":["Fu\u00dfball","Praktikum","Sportmanagement"],"articleSection":["Euro Akademie","Hannover","Success Stories","Wirtschaft &amp; Management"],"inLanguage":"de"},{"@type":"WebPage","@id":"https:\/\/www.euroakademie.de\/magazin\/hertha-bsc-hinter-den-kulissen-fussball\/","url":"https:\/\/www.euroakademie.de\/magazin\/hertha-bsc-hinter-den-kulissen-fussball\/","name":"Sportmanagement: Praktikum im Fu\u00dfball beim Bundesligisten","isPartOf":{"@id":"https:\/\/www.euroakademie.de\/magazin\/#website"},"primaryImageOfPage":{"@id":"https:\/\/www.euroakademie.de\/magazin\/hertha-bsc-hinter-den-kulissen-fussball\/#primaryimage"},"image":{"@id":"https:\/\/www.euroakademie.de\/magazin\/hertha-bsc-hinter-den-kulissen-fussball\/#primaryimage"},"thumbnailUrl":"https:\/\/www.euroakademie.de\/magazin\/wp-content\/uploads\/2015\/07\/20150630_111516-e1437650736626.jpg","datePublished":"2015-07-25T14:19:16+00:00","dateModified":"2015-07-25T14:19:16+00:00","description":"Jan Kramer von der Euro Akademie Hannover nutzt sein Praktikum f\u00fcr einen Einblick in das Sportmanagement im Fu\u00dfball beim Bundesligisten Hertha BSC.","breadcrumb":{"@id":"https:\/\/www.euroakademie.de\/magazin\/hertha-bsc-hinter-den-kulissen-fussball\/#breadcrumb"},"inLanguage":"de","potentialAction":[{"@type":"ReadAction","target":["https:\/\/www.euroakademie.de\/magazin\/hertha-bsc-hinter-den-kulissen-fussball\/"]}]},{"@type":"ImageObject","inLanguage":"de","@id":"https:\/\/www.euroakademie.de\/magazin\/hertha-bsc-hinter-den-kulissen-fussball\/#primaryimage","url":"https:\/\/www.euroakademie.de\/magazin\/wp-content\/uploads\/2015\/07\/20150630_111516-e1437650736626.jpg","contentUrl":"https:\/\/www.euroakademie.de\/magazin\/wp-content\/uploads\/2015\/07\/20150630_111516-e1437650736626.jpg","width":750,"height":351,"caption":""},{"@type":"BreadcrumbList","@id":"https:\/\/www.euroakademie.de\/magazin\/hertha-bsc-hinter-den-kulissen-fussball\/#breadcrumb","itemListElement":[{"@type":"ListItem","position":1,"name":"Startseite","item":"https:\/\/www.euroakademie.de\/magazin\/"},{"@type":"ListItem","position":2,"name":"Hertha BSC: Hinter den Kulissen des Fu\u00dfballbundesligisten"}]},{"@type":"WebSite","@id":"https:\/\/www.euroakademie.de\/magazin\/#website","url":"https:\/\/www.euroakademie.de\/magazin\/","name":"Das Euro Akademie Magazin","description":"Gut informiert durch Ausbildung und Studium","publisher":{"@id":"https:\/\/www.euroakademie.de\/magazin\/#organization"},"potentialAction":[{"@type":"SearchAction","target":{"@type":"EntryPoint","urlTemplate":"https:\/\/www.euroakademie.de\/magazin\/?s={search_term_string}"},"query-input":{"@type":"PropertyValueSpecification","valueRequired":true,"valueName":"search_term_string"}}],"inLanguage":"de"},{"@type":"Organization","@id":"https:\/\/www.euroakademie.de\/magazin\/#organization","name":"ESO Education Group","url":"https:\/\/www.euroakademie.de\/magazin\/","logo":{"@type":"ImageObject","inLanguage":"de","@id":"https:\/\/www.euroakademie.de\/magazin\/#\/schema\/logo\/image\/","url":"https:\/\/relaunch.euroakademie.de\/magazin\/wp-content\/uploads\/2024\/11\/Logo_EA_negativ_Rahmen_5cm_300dpi_RGB.jpg","contentUrl":"https:\/\/relaunch.euroakademie.de\/magazin\/wp-content\/uploads\/2024\/11\/Logo_EA_negativ_Rahmen_5cm_300dpi_RGB.jpg","width":591,"height":236,"caption":"ESO Education Group"},"image":{"@id":"https:\/\/www.euroakademie.de\/magazin\/#\/schema\/logo\/image\/"}},{"@type":"Person","@id":"https:\/\/www.euroakademie.de\/magazin\/#\/schema\/person\/6c9b7b6db765ee31640d80c936be3686","name":"Redaktion","description":"Die Redaktion des Euro Akademie Magazins h\u00e4lt Sie regelm\u00e4\u00dfig mit hintergr\u00fcndigen Artikeln auf dem Laufenden. Auf Basis einer fundierten Recherche und mit Spa\u00df am Schreiben erstellen die Redakteur*innen informative und unterhaltsame Inhalte f\u00fcr Sie.","url":"https:\/\/www.euroakademie.de\/magazin\/author\/redaktion\/"}]}},"_links":{"self":[{"href":"https:\/\/www.euroakademie.de\/magazin\/wp-json\/wp\/v2\/posts\/2682","targetHints":{"allow":["GET"]}}],"collection":[{"href":"https:\/\/www.euroakademie.de\/magazin\/wp-json\/wp\/v2\/posts"}],"about":[{"href":"https:\/\/www.euroakademie.de\/magazin\/wp-json\/wp\/v2\/types\/post"}],"author":[{"embeddable":true,"href":"https:\/\/www.euroakademie.de\/magazin\/wp-json\/wp\/v2\/users\/7"}],"replies":[{"embeddable":true,"href":"https:\/\/www.euroakademie.de\/magazin\/wp-json\/wp\/v2\/comments?post=2682"}],"version-history":[{"count":0,"href":"https:\/\/www.euroakademie.de\/magazin\/wp-json\/wp\/v2\/posts\/2682\/revisions"}],"wp:featuredmedia":[{"embeddable":true,"href":"https:\/\/www.euroakademie.de\/magazin\/wp-json\/wp\/v2\/media\/2683"}],"wp:attachment":[{"href":"https:\/\/www.euroakademie.de\/magazin\/wp-json\/wp\/v2\/media?parent=2682"}],"wp:term":[{"taxonomy":"category","embeddable":true,"href":"https:\/\/www.euroakademie.de\/magazin\/wp-json\/wp\/v2\/categories?post=2682"},{"taxonomy":"post_tag","embeddable":true,"href":"https:\/\/www.euroakademie.de\/magazin\/wp-json\/wp\/v2\/tags?post=2682"}],"curies":[{"name":"wp","href":"https:\/\/api.w.org\/{rel}","templated":true}]}}