{"id":2746,"date":"2015-08-04T12:24:52","date_gmt":"2015-08-04T10:24:52","guid":{"rendered":"https:\/\/www.euroakademie.de\/magazin\/?p=2746"},"modified":"2024-11-10T19:38:35","modified_gmt":"2024-11-10T18:38:35","slug":"wir-steuern-dem-fachkraeftemangel-entgegen","status":"publish","type":"post","link":"https:\/\/www.euroakademie.de\/magazin\/wir-steuern-dem-fachkraeftemangel-entgegen\/","title":{"rendered":"Wir steuern dem Fachkr\u00e4ftemangel entgegen"},"content":{"rendered":"<p>\t\t\t\t<![CDATA[<strong>MobiPro-EU: Die Euro Akademie Dresden beteiligt sich auch in diesem Jahr an dem Bundesprogramm und erm\u00f6glicht den innereurop\u00e4ischen Erfahrungsaustausch in der Altenpfleger-Ausbildung<\/strong>\n\nInzwischen ist es Tradition: Der Erfahrungsaustausch und die gegenseitige Unterst\u00fctzung und Zusammenarbeit in den unterschiedlichsten Projekten verbinden die Euro-Schulen miteinander und machen sie stark. So auch im Sonderprogramm des Bundes MobiPro-EU. Die Euro Akademie Dresden beteiligte sich auch in diesem Jahr an dem gef\u00f6rderten Austausch und wird ab September 2015 gemeinsam mit verschiedenen Einrichtungen aus der Altenpflege die Ausbildung \u201eStaatlich gepr\u00fcfter Altenpfleger\u201c mit mehreren Jugendlichen aus Portugal starten.\n\n<a href=\"https:\/\/web.archive.org\/web\/20121224054855\/http:\/\/www.thejobofmylife.de\/\"><img decoding=\"async\" class=\"alignleft wp-image-2755 size-full\" src=\"https:\/\/relaunch.euroakademie.de\/magazin\/wp-content\/uploads\/2015\/08\/Logo_MobiPro-EU_Zusatz-e1438689383336.jpg\" alt=\"Logo MobiPro-EU\" width=\"200\" height=\"66\" srcset=\"https:\/\/www.euroakademie.de\/magazin\/wp-content\/uploads\/2015\/08\/Logo_MobiPro-EU_Zusatz-e1438689383336.jpg 200w, https:\/\/www.euroakademie.de\/magazin\/wp-content\/uploads\/2015\/08\/Logo_MobiPro-EU_Zusatz-e1438689383336-150x50.jpg 150w\" sizes=\"(max-width: 200px) 100vw, 200px\" \/><\/a>MobiPro-EU ist ein F\u00f6rderprojekt des Bundesministeriums f\u00fcr Arbeit und Soziales (BMAS), das die berufliche Mobilit\u00e4t von jungen EU-B\u00fcrgern auf dem europ\u00e4ischen Arbeitsmarkt unterst\u00fctzt. Gef\u00f6rdert werden solche Projekte, die jeweils 10 bis 30 junge Erwachsene aus Europa bef\u00e4higen, eine Berufsausbildung in Deutschland mit Erfolg abzuschlie\u00dfen. Das Sonderprogramm verfolgt das Ziel, einen Beitrag zum Abbau der Jugendarbeitslosigkeit in Europa und zur Fachkr\u00e4ftesicherung in Deutschland zu leisten. Eine gezielte F\u00f6rderung versetzt junge EU-B\u00fcrgerinnen und EU-B\u00fcrger in die Lage, au\u00dferhalb ihrer Herkunftsl\u00e4nder in Deutschland eine betriebliche Berufsausbildung erfolgreich abzuschlie\u00dfen. Dies ist insbesondere in den Gesundheits- und Pflegeberufen von gro\u00dfer Bedeutung, da der Mangel an Nachwuchskr\u00e4ften aus dem Inland kaum noch zu decken ist. Das Programm wird aus Mitteln des Bundesministeriums f\u00fcr Arbeit und Soziales (BMAS) gef\u00f6rdert.\n\nAuf Initiative der Euro Akademie Dresden besuchten Vertreter der Euro Akademie Halle im Juli die Elbestadt. Die weiteste Anreise hatte Antonio Oliveira vom Institut KERIGMA aus Portugal, der den weiten Weg von 2.500 Kilometern auf sich nahm, um sich vom Verlauf des Praktikums an den Euro Akademien in Halle, Dresden und P\u00f6\u00dfneck zu informieren. Die wohl wichtigste Person an diesem Tag jedoch war Marcela Aperecida Moura, die bereits seit 2014 in Halle die Ausbildung zum Altenpfleger absolviert. Besondere Aufmerksamkeit erfuhr sie bei der Vermittlung ihrer bisherigen Erfahrungen in der Ausbildung an der Euro Akademie, jedoch auch ihre bisherigen Erlebnisse hier in Deutschland fanden reges Interesse im Publikum. Aufgrund der besonderen Situation war es insoweit verst\u00e4ndlich, dass fast ausschlie\u00dflich portugiesisch gesprochen wurde.\n\nDie gesamte Euro Akademie w\u00fcnscht den Neuank\u00f6mmlingen in Dresden viel Erfolg und Freude in der Ausbildung zum Altenpfleger.\n\n[gallery link=\"file\" ids=\"3670,3671,3672,3673,3674,3675\"]\n\n<strong>Quelle:\n<\/strong><em>Bundesministeriums f\u00fcr Wirtschaft und Energie, F\u00f6rderdatenbank, \u201eF\u00f6rderung der beruflichen Mobilit\u00e4t von ausbildungsinteressierten Jugendlichen aus Europa (MobiPro-EU)\u201c<\/em><em>, <\/em><em>http:\/\/www.foerderdatenbank.de\/Foerder-DB\/Navigation\/Foerderrecherche\/suche.html?get=views;document&amp;doc=11828<\/em><em> (04.08.2015)<\/em>\n\n<em>\u00a0Fotos: Manfred Boide<\/em>]]>\t\t<\/p>\n","protected":false},"excerpt":{"rendered":"<p>\t\t\t\t<![CDATA[]]>\t\t<\/p>\n","protected":false},"author":7,"featured_media":2749,"comment_status":"closed","ping_status":"closed","sticky":false,"template":"","format":"standard","meta":{"footnotes":""},"categories":[97,7,16,106],"tags":[418,2788,5773],"class_list":{"0":"post-2746","1":"post","2":"type-post","3":"status-publish","4":"format-standard","5":"has-post-thumbnail","7":"category-dresden","8":"category-euro-akademie","9":"category-gesundheit-pflege","10":"category-halle-saale","11":"tag-altenpflege","12":"tag-fachkraeftemangel","13":"tag-mobipro-eu"},"yoast_head":"<!-- This site is optimized with the Yoast SEO plugin v23.5 - https:\/\/yoast.com\/wordpress\/plugins\/seo\/ -->\n<title>Altenpfleger: Wir steuern dem Fachkr\u00e4ftemangel entgegen<\/title>\n<meta name=\"description\" content=\"Altenpfleger-Ausbildung: Die Euro Akademie Dresden beteiligt sich auch in diesem Jahr an dem Bundesprogramm MobiPro-EU\" \/>\n<meta name=\"robots\" content=\"index, follow, max-snippet:-1, max-image-preview:large, max-video-preview:-1\" \/>\n<link rel=\"canonical\" href=\"https:\/\/www.euroakademie.de\/magazin\/wir-steuern-dem-fachkraeftemangel-entgegen\/\" \/>\n<meta property=\"og:locale\" content=\"de_DE\" \/>\n<meta property=\"og:type\" content=\"article\" \/>\n<meta property=\"og:title\" content=\"Altenpfleger: Wir steuern dem Fachkr\u00e4ftemangel entgegen\" \/>\n<meta property=\"og:description\" content=\"Altenpfleger-Ausbildung: Die Euro Akademie Dresden beteiligt sich auch in diesem Jahr an dem Bundesprogramm MobiPro-EU\" \/>\n<meta property=\"og:url\" content=\"https:\/\/www.euroakademie.de\/magazin\/wir-steuern-dem-fachkraeftemangel-entgegen\/\" \/>\n<meta property=\"og:site_name\" content=\"Das Euro Akademie Magazin\" \/>\n<meta property=\"article:published_time\" content=\"2015-08-04T10:24:52+00:00\" \/>\n<meta property=\"article:modified_time\" content=\"2024-11-10T18:38:35+00:00\" \/>\n<meta property=\"og:image\" content=\"https:\/\/www.euroakademie.de\/magazin\/wp-content\/uploads\/2015\/08\/ph-portugiesisch-unterrichtsmaterial-bearb-e1438683012972.jpg\" \/>\n\t<meta property=\"og:image:width\" content=\"702\" \/>\n\t<meta property=\"og:image:height\" content=\"336\" \/>\n\t<meta property=\"og:image:type\" content=\"image\/jpeg\" \/>\n<meta name=\"author\" content=\"Redaktion\" \/>\n<meta name=\"twitter:card\" content=\"summary_large_image\" \/>\n<meta name=\"twitter:label1\" content=\"Verfasst von\" \/>\n\t<meta name=\"twitter:data1\" content=\"Redaktion\" \/>\n\t<meta name=\"twitter:label2\" content=\"Gesch\u00e4tzte Lesezeit\" \/>\n\t<meta name=\"twitter:data2\" content=\"2\u00a0Minuten\" \/>\n<script type=\"application\/ld+json\" class=\"yoast-schema-graph\">{\"@context\":\"https:\/\/schema.org\",\"@graph\":[{\"@type\":\"Article\",\"@id\":\"https:\/\/www.euroakademie.de\/magazin\/wir-steuern-dem-fachkraeftemangel-entgegen\/#article\",\"isPartOf\":{\"@id\":\"https:\/\/www.euroakademie.de\/magazin\/wir-steuern-dem-fachkraeftemangel-entgegen\/\"},\"author\":{\"name\":\"Redaktion\",\"@id\":\"https:\/\/www.euroakademie.de\/magazin\/#\/schema\/person\/6c9b7b6db765ee31640d80c936be3686\"},\"headline\":\"Wir steuern dem Fachkr\u00e4ftemangel entgegen\",\"datePublished\":\"2015-08-04T10:24:52+00:00\",\"dateModified\":\"2024-11-10T18:38:35+00:00\",\"mainEntityOfPage\":{\"@id\":\"https:\/\/www.euroakademie.de\/magazin\/wir-steuern-dem-fachkraeftemangel-entgegen\/\"},\"wordCount\":424,\"publisher\":{\"@id\":\"https:\/\/www.euroakademie.de\/magazin\/#organization\"},\"image\":{\"@id\":\"https:\/\/www.euroakademie.de\/magazin\/wir-steuern-dem-fachkraeftemangel-entgegen\/#primaryimage\"},\"thumbnailUrl\":\"https:\/\/www.euroakademie.de\/magazin\/wp-content\/uploads\/2015\/08\/ph-portugiesisch-unterrichtsmaterial-bearb-e1438683012972.jpg\",\"keywords\":[\"Altenpflege\",\"Fachkr\u00e4ftemangel\",\"MobiPro-EU\"],\"articleSection\":[\"Dresden\",\"Euro Akademie\",\"Gesundheit &amp; Pflege\",\"Halle-Saale\"],\"inLanguage\":\"de\"},{\"@type\":\"WebPage\",\"@id\":\"https:\/\/www.euroakademie.de\/magazin\/wir-steuern-dem-fachkraeftemangel-entgegen\/\",\"url\":\"https:\/\/www.euroakademie.de\/magazin\/wir-steuern-dem-fachkraeftemangel-entgegen\/\",\"name\":\"Altenpfleger: Wir steuern dem Fachkr\u00e4ftemangel entgegen\",\"isPartOf\":{\"@id\":\"https:\/\/www.euroakademie.de\/magazin\/#website\"},\"primaryImageOfPage\":{\"@id\":\"https:\/\/www.euroakademie.de\/magazin\/wir-steuern-dem-fachkraeftemangel-entgegen\/#primaryimage\"},\"image\":{\"@id\":\"https:\/\/www.euroakademie.de\/magazin\/wir-steuern-dem-fachkraeftemangel-entgegen\/#primaryimage\"},\"thumbnailUrl\":\"https:\/\/www.euroakademie.de\/magazin\/wp-content\/uploads\/2015\/08\/ph-portugiesisch-unterrichtsmaterial-bearb-e1438683012972.jpg\",\"datePublished\":\"2015-08-04T10:24:52+00:00\",\"dateModified\":\"2024-11-10T18:38:35+00:00\",\"description\":\"Altenpfleger-Ausbildung: Die Euro Akademie Dresden beteiligt sich auch in diesem Jahr an dem Bundesprogramm MobiPro-EU\",\"breadcrumb\":{\"@id\":\"https:\/\/www.euroakademie.de\/magazin\/wir-steuern-dem-fachkraeftemangel-entgegen\/#breadcrumb\"},\"inLanguage\":\"de\",\"potentialAction\":[{\"@type\":\"ReadAction\",\"target\":[\"https:\/\/www.euroakademie.de\/magazin\/wir-steuern-dem-fachkraeftemangel-entgegen\/\"]}]},{\"@type\":\"ImageObject\",\"inLanguage\":\"de\",\"@id\":\"https:\/\/www.euroakademie.de\/magazin\/wir-steuern-dem-fachkraeftemangel-entgegen\/#primaryimage\",\"url\":\"https:\/\/www.euroakademie.de\/magazin\/wp-content\/uploads\/2015\/08\/ph-portugiesisch-unterrichtsmaterial-bearb-e1438683012972.jpg\",\"contentUrl\":\"https:\/\/www.euroakademie.de\/magazin\/wp-content\/uploads\/2015\/08\/ph-portugiesisch-unterrichtsmaterial-bearb-e1438683012972.jpg\",\"width\":702,\"height\":336,\"caption\":\"\"},{\"@type\":\"BreadcrumbList\",\"@id\":\"https:\/\/www.euroakademie.de\/magazin\/wir-steuern-dem-fachkraeftemangel-entgegen\/#breadcrumb\",\"itemListElement\":[{\"@type\":\"ListItem\",\"position\":1,\"name\":\"Startseite\",\"item\":\"https:\/\/www.euroakademie.de\/magazin\/\"},{\"@type\":\"ListItem\",\"position\":2,\"name\":\"Wir steuern dem Fachkr\u00e4ftemangel entgegen\"}]},{\"@type\":\"WebSite\",\"@id\":\"https:\/\/www.euroakademie.de\/magazin\/#website\",\"url\":\"https:\/\/www.euroakademie.de\/magazin\/\",\"name\":\"Das Euro Akademie Magazin\",\"description\":\"Gut informiert durch Ausbildung und Studium\",\"publisher\":{\"@id\":\"https:\/\/www.euroakademie.de\/magazin\/#organization\"},\"potentialAction\":[{\"@type\":\"SearchAction\",\"target\":{\"@type\":\"EntryPoint\",\"urlTemplate\":\"https:\/\/www.euroakademie.de\/magazin\/?s={search_term_string}\"},\"query-input\":{\"@type\":\"PropertyValueSpecification\",\"valueRequired\":true,\"valueName\":\"search_term_string\"}}],\"inLanguage\":\"de\"},{\"@type\":\"Organization\",\"@id\":\"https:\/\/www.euroakademie.de\/magazin\/#organization\",\"name\":\"ESO Education Group\",\"url\":\"https:\/\/www.euroakademie.de\/magazin\/\",\"logo\":{\"@type\":\"ImageObject\",\"inLanguage\":\"de\",\"@id\":\"https:\/\/www.euroakademie.de\/magazin\/#\/schema\/logo\/image\/\",\"url\":\"https:\/\/relaunch.euroakademie.de\/magazin\/wp-content\/uploads\/2024\/11\/Logo_EA_negativ_Rahmen_5cm_300dpi_RGB.jpg\",\"contentUrl\":\"https:\/\/relaunch.euroakademie.de\/magazin\/wp-content\/uploads\/2024\/11\/Logo_EA_negativ_Rahmen_5cm_300dpi_RGB.jpg\",\"width\":591,\"height\":236,\"caption\":\"ESO Education Group\"},\"image\":{\"@id\":\"https:\/\/www.euroakademie.de\/magazin\/#\/schema\/logo\/image\/\"}},{\"@type\":\"Person\",\"@id\":\"https:\/\/www.euroakademie.de\/magazin\/#\/schema\/person\/6c9b7b6db765ee31640d80c936be3686\",\"name\":\"Redaktion\",\"description\":\"Die Redaktion des Euro Akademie Magazins h\u00e4lt Sie regelm\u00e4\u00dfig mit hintergr\u00fcndigen Artikeln auf dem Laufenden. Auf Basis einer fundierten Recherche und mit Spa\u00df am Schreiben erstellen die Redakteur*innen informative und unterhaltsame Inhalte f\u00fcr Sie.\",\"url\":\"https:\/\/www.euroakademie.de\/magazin\/author\/redaktion\/\"}]}<\/script>\n<!-- \/ Yoast SEO plugin. -->","yoast_head_json":{"title":"Altenpfleger: Wir steuern dem Fachkr\u00e4ftemangel entgegen","description":"Altenpfleger-Ausbildung: Die Euro Akademie Dresden beteiligt sich auch in diesem Jahr an dem Bundesprogramm MobiPro-EU","robots":{"index":"index","follow":"follow","max-snippet":"max-snippet:-1","max-image-preview":"max-image-preview:large","max-video-preview":"max-video-preview:-1"},"canonical":"https:\/\/www.euroakademie.de\/magazin\/wir-steuern-dem-fachkraeftemangel-entgegen\/","og_locale":"de_DE","og_type":"article","og_title":"Altenpfleger: Wir steuern dem Fachkr\u00e4ftemangel entgegen","og_description":"Altenpfleger-Ausbildung: Die Euro Akademie Dresden beteiligt sich auch in diesem Jahr an dem Bundesprogramm MobiPro-EU","og_url":"https:\/\/www.euroakademie.de\/magazin\/wir-steuern-dem-fachkraeftemangel-entgegen\/","og_site_name":"Das Euro Akademie Magazin","article_published_time":"2015-08-04T10:24:52+00:00","article_modified_time":"2024-11-10T18:38:35+00:00","og_image":[{"width":702,"height":336,"url":"https:\/\/www.euroakademie.de\/magazin\/wp-content\/uploads\/2015\/08\/ph-portugiesisch-unterrichtsmaterial-bearb-e1438683012972.jpg","type":"image\/jpeg"}],"author":"Redaktion","twitter_card":"summary_large_image","twitter_misc":{"Verfasst von":"Redaktion","Gesch\u00e4tzte Lesezeit":"2\u00a0Minuten"},"schema":{"@context":"https:\/\/schema.org","@graph":[{"@type":"Article","@id":"https:\/\/www.euroakademie.de\/magazin\/wir-steuern-dem-fachkraeftemangel-entgegen\/#article","isPartOf":{"@id":"https:\/\/www.euroakademie.de\/magazin\/wir-steuern-dem-fachkraeftemangel-entgegen\/"},"author":{"name":"Redaktion","@id":"https:\/\/www.euroakademie.de\/magazin\/#\/schema\/person\/6c9b7b6db765ee31640d80c936be3686"},"headline":"Wir steuern dem Fachkr\u00e4ftemangel entgegen","datePublished":"2015-08-04T10:24:52+00:00","dateModified":"2024-11-10T18:38:35+00:00","mainEntityOfPage":{"@id":"https:\/\/www.euroakademie.de\/magazin\/wir-steuern-dem-fachkraeftemangel-entgegen\/"},"wordCount":424,"publisher":{"@id":"https:\/\/www.euroakademie.de\/magazin\/#organization"},"image":{"@id":"https:\/\/www.euroakademie.de\/magazin\/wir-steuern-dem-fachkraeftemangel-entgegen\/#primaryimage"},"thumbnailUrl":"https:\/\/www.euroakademie.de\/magazin\/wp-content\/uploads\/2015\/08\/ph-portugiesisch-unterrichtsmaterial-bearb-e1438683012972.jpg","keywords":["Altenpflege","Fachkr\u00e4ftemangel","MobiPro-EU"],"articleSection":["Dresden","Euro Akademie","Gesundheit &amp; Pflege","Halle-Saale"],"inLanguage":"de"},{"@type":"WebPage","@id":"https:\/\/www.euroakademie.de\/magazin\/wir-steuern-dem-fachkraeftemangel-entgegen\/","url":"https:\/\/www.euroakademie.de\/magazin\/wir-steuern-dem-fachkraeftemangel-entgegen\/","name":"Altenpfleger: Wir steuern dem Fachkr\u00e4ftemangel entgegen","isPartOf":{"@id":"https:\/\/www.euroakademie.de\/magazin\/#website"},"primaryImageOfPage":{"@id":"https:\/\/www.euroakademie.de\/magazin\/wir-steuern-dem-fachkraeftemangel-entgegen\/#primaryimage"},"image":{"@id":"https:\/\/www.euroakademie.de\/magazin\/wir-steuern-dem-fachkraeftemangel-entgegen\/#primaryimage"},"thumbnailUrl":"https:\/\/www.euroakademie.de\/magazin\/wp-content\/uploads\/2015\/08\/ph-portugiesisch-unterrichtsmaterial-bearb-e1438683012972.jpg","datePublished":"2015-08-04T10:24:52+00:00","dateModified":"2024-11-10T18:38:35+00:00","description":"Altenpfleger-Ausbildung: Die Euro Akademie Dresden beteiligt sich auch in diesem Jahr an dem Bundesprogramm MobiPro-EU","breadcrumb":{"@id":"https:\/\/www.euroakademie.de\/magazin\/wir-steuern-dem-fachkraeftemangel-entgegen\/#breadcrumb"},"inLanguage":"de","potentialAction":[{"@type":"ReadAction","target":["https:\/\/www.euroakademie.de\/magazin\/wir-steuern-dem-fachkraeftemangel-entgegen\/"]}]},{"@type":"ImageObject","inLanguage":"de","@id":"https:\/\/www.euroakademie.de\/magazin\/wir-steuern-dem-fachkraeftemangel-entgegen\/#primaryimage","url":"https:\/\/www.euroakademie.de\/magazin\/wp-content\/uploads\/2015\/08\/ph-portugiesisch-unterrichtsmaterial-bearb-e1438683012972.jpg","contentUrl":"https:\/\/www.euroakademie.de\/magazin\/wp-content\/uploads\/2015\/08\/ph-portugiesisch-unterrichtsmaterial-bearb-e1438683012972.jpg","width":702,"height":336,"caption":""},{"@type":"BreadcrumbList","@id":"https:\/\/www.euroakademie.de\/magazin\/wir-steuern-dem-fachkraeftemangel-entgegen\/#breadcrumb","itemListElement":[{"@type":"ListItem","position":1,"name":"Startseite","item":"https:\/\/www.euroakademie.de\/magazin\/"},{"@type":"ListItem","position":2,"name":"Wir steuern dem Fachkr\u00e4ftemangel entgegen"}]},{"@type":"WebSite","@id":"https:\/\/www.euroakademie.de\/magazin\/#website","url":"https:\/\/www.euroakademie.de\/magazin\/","name":"Das Euro Akademie Magazin","description":"Gut informiert durch Ausbildung und Studium","publisher":{"@id":"https:\/\/www.euroakademie.de\/magazin\/#organization"},"potentialAction":[{"@type":"SearchAction","target":{"@type":"EntryPoint","urlTemplate":"https:\/\/www.euroakademie.de\/magazin\/?s={search_term_string}"},"query-input":{"@type":"PropertyValueSpecification","valueRequired":true,"valueName":"search_term_string"}}],"inLanguage":"de"},{"@type":"Organization","@id":"https:\/\/www.euroakademie.de\/magazin\/#organization","name":"ESO Education Group","url":"https:\/\/www.euroakademie.de\/magazin\/","logo":{"@type":"ImageObject","inLanguage":"de","@id":"https:\/\/www.euroakademie.de\/magazin\/#\/schema\/logo\/image\/","url":"https:\/\/relaunch.euroakademie.de\/magazin\/wp-content\/uploads\/2024\/11\/Logo_EA_negativ_Rahmen_5cm_300dpi_RGB.jpg","contentUrl":"https:\/\/relaunch.euroakademie.de\/magazin\/wp-content\/uploads\/2024\/11\/Logo_EA_negativ_Rahmen_5cm_300dpi_RGB.jpg","width":591,"height":236,"caption":"ESO Education Group"},"image":{"@id":"https:\/\/www.euroakademie.de\/magazin\/#\/schema\/logo\/image\/"}},{"@type":"Person","@id":"https:\/\/www.euroakademie.de\/magazin\/#\/schema\/person\/6c9b7b6db765ee31640d80c936be3686","name":"Redaktion","description":"Die Redaktion des Euro Akademie Magazins h\u00e4lt Sie regelm\u00e4\u00dfig mit hintergr\u00fcndigen Artikeln auf dem Laufenden. Auf Basis einer fundierten Recherche und mit Spa\u00df am Schreiben erstellen die Redakteur*innen informative und unterhaltsame Inhalte f\u00fcr Sie.","url":"https:\/\/www.euroakademie.de\/magazin\/author\/redaktion\/"}]}},"_links":{"self":[{"href":"https:\/\/www.euroakademie.de\/magazin\/wp-json\/wp\/v2\/posts\/2746","targetHints":{"allow":["GET"]}}],"collection":[{"href":"https:\/\/www.euroakademie.de\/magazin\/wp-json\/wp\/v2\/posts"}],"about":[{"href":"https:\/\/www.euroakademie.de\/magazin\/wp-json\/wp\/v2\/types\/post"}],"author":[{"embeddable":true,"href":"https:\/\/www.euroakademie.de\/magazin\/wp-json\/wp\/v2\/users\/7"}],"replies":[{"embeddable":true,"href":"https:\/\/www.euroakademie.de\/magazin\/wp-json\/wp\/v2\/comments?post=2746"}],"version-history":[{"count":2,"href":"https:\/\/www.euroakademie.de\/magazin\/wp-json\/wp\/v2\/posts\/2746\/revisions"}],"predecessor-version":[{"id":22320,"href":"https:\/\/www.euroakademie.de\/magazin\/wp-json\/wp\/v2\/posts\/2746\/revisions\/22320"}],"wp:featuredmedia":[{"embeddable":true,"href":"https:\/\/www.euroakademie.de\/magazin\/wp-json\/wp\/v2\/media\/2749"}],"wp:attachment":[{"href":"https:\/\/www.euroakademie.de\/magazin\/wp-json\/wp\/v2\/media?parent=2746"}],"wp:term":[{"taxonomy":"category","embeddable":true,"href":"https:\/\/www.euroakademie.de\/magazin\/wp-json\/wp\/v2\/categories?post=2746"},{"taxonomy":"post_tag","embeddable":true,"href":"https:\/\/www.euroakademie.de\/magazin\/wp-json\/wp\/v2\/tags?post=2746"}],"curies":[{"name":"wp","href":"https:\/\/api.w.org\/{rel}","templated":true}]}}