{"id":2759,"date":"2015-08-10T14:00:23","date_gmt":"2015-08-10T12:00:23","guid":{"rendered":"https:\/\/www.euroakademie.de\/magazin\/?p=2759"},"modified":"2015-08-10T14:00:23","modified_gmt":"2015-08-10T12:00:23","slug":"lesetipp-ausbildung-trotz-abitur","status":"publish","type":"post","link":"https:\/\/www.euroakademie.de\/magazin\/lesetipp-ausbildung-trotz-abitur\/","title":{"rendered":"LESETIPP: Ausbildung trotz Abitur?"},"content":{"rendered":"<p>\t\t\t\t<![CDATA[<strong>Bereits lange vor dem Abschluss beginnt die Qual der Wahl: Welcher Beruf passt zu mir? Welchen Schulabschluss brauche ich daf\u00fcr? Und was, wenn ich mich kurzerhand gegen ein Studium entscheide? Bin ich dann f\u00fcr eine Ausbildung \u00fcberqualifiziert?<\/strong>\n\nEs mag anma\u00dfend klingen, sich mit Abitur f\u00fcr eine Ausbildung als \u00fcberqualifiziert zu bezeichnen. Doch die Praxis best\u00e4tigt diese Annahme leider immer wieder. W\u00e4hrend viele Arbeitgeber das Abitur l\u00e4ngst als entscheidendes Einstellungskriterium f\u00fcr eine Ausbildung festgelegt haben und dementsprechend viele Realsch\u00fcler leer ausgehen, gibt es andere Berufsgruppen, in denen Abiturienten kaum Chancen haben. Woran liegt das? Welche Berufsgruppen sind das und was k\u00f6nnen Sie dagegen tun?\n\nIn unserem diesw\u00f6chigen Lesetipp m\u00f6chten wir Sie auf einen, wie wir finden, sehr guten Artikel auf den Seiten der Karrierebibel aufmerksam machen, der in das Thema <em>Ausbildung trotz Abitur<\/em> Klarheit bringt und Mut macht, sich guten Gewissens zuerst f\u00fcr eine Ausbildung zu entscheiden, bevor eventuell doch noch ein Studium folgt.\n\n\n<h4>LESETIPP zu &#8222;Ausbildung Trotz Abitur&#8220;<\/h4>\n\n\n<a href=\"http:\/\/karrierebibel.de\/ausbildung-mit-abitur\/\" target=\"_blank\" rel=\"noopener\">&#8222;Ausbildung mit Abitur: Lohnt sich das?&#8220;<\/a>, auf der Seite der Karrierebibel]]>\t\t<\/p>\n","protected":false},"excerpt":{"rendered":"<p>\t\t\t\t<![CDATA[]]>\t\t<\/p>\n","protected":false},"author":7,"featured_media":7254,"comment_status":"closed","ping_status":"closed","sticky":false,"template":"","format":"standard","meta":{"footnotes":""},"categories":[127,139],"tags":[841],"class_list":{"0":"post-2759","1":"post","2":"type-post","3":"status-publish","4":"format-standard","5":"has-post-thumbnail","7":"category-karriere","8":"category-lesetipps","9":"tag-ausbildung-trotz-abitur"},"yoast_head":"<!-- This site is optimized with the Yoast SEO plugin v23.5 - https:\/\/yoast.com\/wordpress\/plugins\/seo\/ -->\n<title>LESETIPP: Ausbildung trotz Abitur<\/title>\n<meta name=\"description\" content=\"Es mag anma\u00dfend klingen, sich mit Abitur f\u00fcr eine Ausbildung als \u00fcberqualifiziert zu bezeichnen. Doch die Praxis best\u00e4tigt diese Annahme immer wieder.\" \/>\n<meta name=\"robots\" content=\"index, follow, max-snippet:-1, max-image-preview:large, max-video-preview:-1\" \/>\n<link rel=\"canonical\" href=\"https:\/\/www.euroakademie.de\/magazin\/lesetipp-ausbildung-trotz-abitur\/\" \/>\n<meta property=\"og:locale\" content=\"de_DE\" \/>\n<meta property=\"og:type\" content=\"article\" \/>\n<meta property=\"og:title\" content=\"LESETIPP: Ausbildung trotz Abitur\" \/>\n<meta property=\"og:description\" content=\"Es mag anma\u00dfend klingen, sich mit Abitur f\u00fcr eine Ausbildung als \u00fcberqualifiziert zu bezeichnen. Doch die Praxis best\u00e4tigt diese Annahme immer wieder.\" \/>\n<meta property=\"og:url\" content=\"https:\/\/www.euroakademie.de\/magazin\/lesetipp-ausbildung-trotz-abitur\/\" \/>\n<meta property=\"og:site_name\" content=\"Das Euro Akademie Magazin\" \/>\n<meta property=\"article:published_time\" content=\"2015-08-10T12:00:23+00:00\" \/>\n<meta property=\"og:image\" content=\"https:\/\/www.euroakademie.de\/magazin\/wp-content\/uploads\/2015\/08\/shutterstock_552389068_702x336_web.jpg\" \/>\n\t<meta property=\"og:image:width\" content=\"702\" \/>\n\t<meta property=\"og:image:height\" content=\"336\" \/>\n\t<meta property=\"og:image:type\" content=\"image\/jpeg\" \/>\n<meta name=\"author\" content=\"Redaktion\" \/>\n<meta name=\"twitter:card\" content=\"summary_large_image\" \/>\n<meta name=\"twitter:label1\" content=\"Verfasst von\" \/>\n\t<meta name=\"twitter:data1\" content=\"Redaktion\" \/>\n\t<meta name=\"twitter:label2\" content=\"Gesch\u00e4tzte Lesezeit\" \/>\n\t<meta name=\"twitter:data2\" content=\"1\u00a0Minute\" \/>\n<script type=\"application\/ld+json\" class=\"yoast-schema-graph\">{\"@context\":\"https:\/\/schema.org\",\"@graph\":[{\"@type\":\"Article\",\"@id\":\"https:\/\/www.euroakademie.de\/magazin\/lesetipp-ausbildung-trotz-abitur\/#article\",\"isPartOf\":{\"@id\":\"https:\/\/www.euroakademie.de\/magazin\/lesetipp-ausbildung-trotz-abitur\/\"},\"author\":{\"name\":\"Redaktion\",\"@id\":\"https:\/\/www.euroakademie.de\/magazin\/#\/schema\/person\/6c9b7b6db765ee31640d80c936be3686\"},\"headline\":\"LESETIPP: Ausbildung trotz Abitur?\",\"datePublished\":\"2015-08-10T12:00:23+00:00\",\"dateModified\":\"2015-08-10T12:00:23+00:00\",\"mainEntityOfPage\":{\"@id\":\"https:\/\/www.euroakademie.de\/magazin\/lesetipp-ausbildung-trotz-abitur\/\"},\"wordCount\":186,\"publisher\":{\"@id\":\"https:\/\/www.euroakademie.de\/magazin\/#organization\"},\"image\":{\"@id\":\"https:\/\/www.euroakademie.de\/magazin\/lesetipp-ausbildung-trotz-abitur\/#primaryimage\"},\"thumbnailUrl\":\"https:\/\/www.euroakademie.de\/magazin\/wp-content\/uploads\/2015\/08\/shutterstock_552389068_702x336_web.jpg\",\"keywords\":[\"Ausbildung trotz Abitur\"],\"articleSection\":[\"Karriere\",\"Link- und Lesetipps\"],\"inLanguage\":\"de\"},{\"@type\":\"WebPage\",\"@id\":\"https:\/\/www.euroakademie.de\/magazin\/lesetipp-ausbildung-trotz-abitur\/\",\"url\":\"https:\/\/www.euroakademie.de\/magazin\/lesetipp-ausbildung-trotz-abitur\/\",\"name\":\"LESETIPP: Ausbildung trotz Abitur\",\"isPartOf\":{\"@id\":\"https:\/\/www.euroakademie.de\/magazin\/#website\"},\"primaryImageOfPage\":{\"@id\":\"https:\/\/www.euroakademie.de\/magazin\/lesetipp-ausbildung-trotz-abitur\/#primaryimage\"},\"image\":{\"@id\":\"https:\/\/www.euroakademie.de\/magazin\/lesetipp-ausbildung-trotz-abitur\/#primaryimage\"},\"thumbnailUrl\":\"https:\/\/www.euroakademie.de\/magazin\/wp-content\/uploads\/2015\/08\/shutterstock_552389068_702x336_web.jpg\",\"datePublished\":\"2015-08-10T12:00:23+00:00\",\"dateModified\":\"2015-08-10T12:00:23+00:00\",\"description\":\"Es mag anma\u00dfend klingen, sich mit Abitur f\u00fcr eine Ausbildung als \u00fcberqualifiziert zu bezeichnen. Doch die Praxis best\u00e4tigt diese Annahme immer wieder.\",\"breadcrumb\":{\"@id\":\"https:\/\/www.euroakademie.de\/magazin\/lesetipp-ausbildung-trotz-abitur\/#breadcrumb\"},\"inLanguage\":\"de\",\"potentialAction\":[{\"@type\":\"ReadAction\",\"target\":[\"https:\/\/www.euroakademie.de\/magazin\/lesetipp-ausbildung-trotz-abitur\/\"]}]},{\"@type\":\"ImageObject\",\"inLanguage\":\"de\",\"@id\":\"https:\/\/www.euroakademie.de\/magazin\/lesetipp-ausbildung-trotz-abitur\/#primaryimage\",\"url\":\"https:\/\/www.euroakademie.de\/magazin\/wp-content\/uploads\/2015\/08\/shutterstock_552389068_702x336_web.jpg\",\"contentUrl\":\"https:\/\/www.euroakademie.de\/magazin\/wp-content\/uploads\/2015\/08\/shutterstock_552389068_702x336_web.jpg\",\"width\":702,\"height\":336,\"caption\":\"\"},{\"@type\":\"BreadcrumbList\",\"@id\":\"https:\/\/www.euroakademie.de\/magazin\/lesetipp-ausbildung-trotz-abitur\/#breadcrumb\",\"itemListElement\":[{\"@type\":\"ListItem\",\"position\":1,\"name\":\"Startseite\",\"item\":\"https:\/\/www.euroakademie.de\/magazin\/\"},{\"@type\":\"ListItem\",\"position\":2,\"name\":\"LESETIPP: Ausbildung trotz Abitur?\"}]},{\"@type\":\"WebSite\",\"@id\":\"https:\/\/www.euroakademie.de\/magazin\/#website\",\"url\":\"https:\/\/www.euroakademie.de\/magazin\/\",\"name\":\"Das Euro Akademie Magazin\",\"description\":\"Gut informiert durch Ausbildung und Studium\",\"publisher\":{\"@id\":\"https:\/\/www.euroakademie.de\/magazin\/#organization\"},\"potentialAction\":[{\"@type\":\"SearchAction\",\"target\":{\"@type\":\"EntryPoint\",\"urlTemplate\":\"https:\/\/www.euroakademie.de\/magazin\/?s={search_term_string}\"},\"query-input\":{\"@type\":\"PropertyValueSpecification\",\"valueRequired\":true,\"valueName\":\"search_term_string\"}}],\"inLanguage\":\"de\"},{\"@type\":\"Organization\",\"@id\":\"https:\/\/www.euroakademie.de\/magazin\/#organization\",\"name\":\"ESO Education Group\",\"url\":\"https:\/\/www.euroakademie.de\/magazin\/\",\"logo\":{\"@type\":\"ImageObject\",\"inLanguage\":\"de\",\"@id\":\"https:\/\/www.euroakademie.de\/magazin\/#\/schema\/logo\/image\/\",\"url\":\"https:\/\/relaunch.euroakademie.de\/magazin\/wp-content\/uploads\/2024\/11\/Logo_EA_negativ_Rahmen_5cm_300dpi_RGB.jpg\",\"contentUrl\":\"https:\/\/relaunch.euroakademie.de\/magazin\/wp-content\/uploads\/2024\/11\/Logo_EA_negativ_Rahmen_5cm_300dpi_RGB.jpg\",\"width\":591,\"height\":236,\"caption\":\"ESO Education Group\"},\"image\":{\"@id\":\"https:\/\/www.euroakademie.de\/magazin\/#\/schema\/logo\/image\/\"}},{\"@type\":\"Person\",\"@id\":\"https:\/\/www.euroakademie.de\/magazin\/#\/schema\/person\/6c9b7b6db765ee31640d80c936be3686\",\"name\":\"Redaktion\",\"description\":\"Die Redaktion des Euro Akademie Magazins h\u00e4lt Sie regelm\u00e4\u00dfig mit hintergr\u00fcndigen Artikeln auf dem Laufenden. Auf Basis einer fundierten Recherche und mit Spa\u00df am Schreiben erstellen die Redakteur*innen informative und unterhaltsame Inhalte f\u00fcr Sie.\",\"url\":\"https:\/\/www.euroakademie.de\/magazin\/author\/redaktion\/\"}]}<\/script>\n<!-- \/ Yoast SEO plugin. -->","yoast_head_json":{"title":"LESETIPP: Ausbildung trotz Abitur","description":"Es mag anma\u00dfend klingen, sich mit Abitur f\u00fcr eine Ausbildung als \u00fcberqualifiziert zu bezeichnen. Doch die Praxis best\u00e4tigt diese Annahme immer wieder.","robots":{"index":"index","follow":"follow","max-snippet":"max-snippet:-1","max-image-preview":"max-image-preview:large","max-video-preview":"max-video-preview:-1"},"canonical":"https:\/\/www.euroakademie.de\/magazin\/lesetipp-ausbildung-trotz-abitur\/","og_locale":"de_DE","og_type":"article","og_title":"LESETIPP: Ausbildung trotz Abitur","og_description":"Es mag anma\u00dfend klingen, sich mit Abitur f\u00fcr eine Ausbildung als \u00fcberqualifiziert zu bezeichnen. Doch die Praxis best\u00e4tigt diese Annahme immer wieder.","og_url":"https:\/\/www.euroakademie.de\/magazin\/lesetipp-ausbildung-trotz-abitur\/","og_site_name":"Das Euro Akademie Magazin","article_published_time":"2015-08-10T12:00:23+00:00","og_image":[{"width":702,"height":336,"url":"https:\/\/www.euroakademie.de\/magazin\/wp-content\/uploads\/2015\/08\/shutterstock_552389068_702x336_web.jpg","type":"image\/jpeg"}],"author":"Redaktion","twitter_card":"summary_large_image","twitter_misc":{"Verfasst von":"Redaktion","Gesch\u00e4tzte Lesezeit":"1\u00a0Minute"},"schema":{"@context":"https:\/\/schema.org","@graph":[{"@type":"Article","@id":"https:\/\/www.euroakademie.de\/magazin\/lesetipp-ausbildung-trotz-abitur\/#article","isPartOf":{"@id":"https:\/\/www.euroakademie.de\/magazin\/lesetipp-ausbildung-trotz-abitur\/"},"author":{"name":"Redaktion","@id":"https:\/\/www.euroakademie.de\/magazin\/#\/schema\/person\/6c9b7b6db765ee31640d80c936be3686"},"headline":"LESETIPP: Ausbildung trotz Abitur?","datePublished":"2015-08-10T12:00:23+00:00","dateModified":"2015-08-10T12:00:23+00:00","mainEntityOfPage":{"@id":"https:\/\/www.euroakademie.de\/magazin\/lesetipp-ausbildung-trotz-abitur\/"},"wordCount":186,"publisher":{"@id":"https:\/\/www.euroakademie.de\/magazin\/#organization"},"image":{"@id":"https:\/\/www.euroakademie.de\/magazin\/lesetipp-ausbildung-trotz-abitur\/#primaryimage"},"thumbnailUrl":"https:\/\/www.euroakademie.de\/magazin\/wp-content\/uploads\/2015\/08\/shutterstock_552389068_702x336_web.jpg","keywords":["Ausbildung trotz Abitur"],"articleSection":["Karriere","Link- und Lesetipps"],"inLanguage":"de"},{"@type":"WebPage","@id":"https:\/\/www.euroakademie.de\/magazin\/lesetipp-ausbildung-trotz-abitur\/","url":"https:\/\/www.euroakademie.de\/magazin\/lesetipp-ausbildung-trotz-abitur\/","name":"LESETIPP: Ausbildung trotz Abitur","isPartOf":{"@id":"https:\/\/www.euroakademie.de\/magazin\/#website"},"primaryImageOfPage":{"@id":"https:\/\/www.euroakademie.de\/magazin\/lesetipp-ausbildung-trotz-abitur\/#primaryimage"},"image":{"@id":"https:\/\/www.euroakademie.de\/magazin\/lesetipp-ausbildung-trotz-abitur\/#primaryimage"},"thumbnailUrl":"https:\/\/www.euroakademie.de\/magazin\/wp-content\/uploads\/2015\/08\/shutterstock_552389068_702x336_web.jpg","datePublished":"2015-08-10T12:00:23+00:00","dateModified":"2015-08-10T12:00:23+00:00","description":"Es mag anma\u00dfend klingen, sich mit Abitur f\u00fcr eine Ausbildung als \u00fcberqualifiziert zu bezeichnen. Doch die Praxis best\u00e4tigt diese Annahme immer wieder.","breadcrumb":{"@id":"https:\/\/www.euroakademie.de\/magazin\/lesetipp-ausbildung-trotz-abitur\/#breadcrumb"},"inLanguage":"de","potentialAction":[{"@type":"ReadAction","target":["https:\/\/www.euroakademie.de\/magazin\/lesetipp-ausbildung-trotz-abitur\/"]}]},{"@type":"ImageObject","inLanguage":"de","@id":"https:\/\/www.euroakademie.de\/magazin\/lesetipp-ausbildung-trotz-abitur\/#primaryimage","url":"https:\/\/www.euroakademie.de\/magazin\/wp-content\/uploads\/2015\/08\/shutterstock_552389068_702x336_web.jpg","contentUrl":"https:\/\/www.euroakademie.de\/magazin\/wp-content\/uploads\/2015\/08\/shutterstock_552389068_702x336_web.jpg","width":702,"height":336,"caption":""},{"@type":"BreadcrumbList","@id":"https:\/\/www.euroakademie.de\/magazin\/lesetipp-ausbildung-trotz-abitur\/#breadcrumb","itemListElement":[{"@type":"ListItem","position":1,"name":"Startseite","item":"https:\/\/www.euroakademie.de\/magazin\/"},{"@type":"ListItem","position":2,"name":"LESETIPP: Ausbildung trotz Abitur?"}]},{"@type":"WebSite","@id":"https:\/\/www.euroakademie.de\/magazin\/#website","url":"https:\/\/www.euroakademie.de\/magazin\/","name":"Das Euro Akademie Magazin","description":"Gut informiert durch Ausbildung und Studium","publisher":{"@id":"https:\/\/www.euroakademie.de\/magazin\/#organization"},"potentialAction":[{"@type":"SearchAction","target":{"@type":"EntryPoint","urlTemplate":"https:\/\/www.euroakademie.de\/magazin\/?s={search_term_string}"},"query-input":{"@type":"PropertyValueSpecification","valueRequired":true,"valueName":"search_term_string"}}],"inLanguage":"de"},{"@type":"Organization","@id":"https:\/\/www.euroakademie.de\/magazin\/#organization","name":"ESO Education Group","url":"https:\/\/www.euroakademie.de\/magazin\/","logo":{"@type":"ImageObject","inLanguage":"de","@id":"https:\/\/www.euroakademie.de\/magazin\/#\/schema\/logo\/image\/","url":"https:\/\/relaunch.euroakademie.de\/magazin\/wp-content\/uploads\/2024\/11\/Logo_EA_negativ_Rahmen_5cm_300dpi_RGB.jpg","contentUrl":"https:\/\/relaunch.euroakademie.de\/magazin\/wp-content\/uploads\/2024\/11\/Logo_EA_negativ_Rahmen_5cm_300dpi_RGB.jpg","width":591,"height":236,"caption":"ESO Education Group"},"image":{"@id":"https:\/\/www.euroakademie.de\/magazin\/#\/schema\/logo\/image\/"}},{"@type":"Person","@id":"https:\/\/www.euroakademie.de\/magazin\/#\/schema\/person\/6c9b7b6db765ee31640d80c936be3686","name":"Redaktion","description":"Die Redaktion des Euro Akademie Magazins h\u00e4lt Sie regelm\u00e4\u00dfig mit hintergr\u00fcndigen Artikeln auf dem Laufenden. Auf Basis einer fundierten Recherche und mit Spa\u00df am Schreiben erstellen die Redakteur*innen informative und unterhaltsame Inhalte f\u00fcr Sie.","url":"https:\/\/www.euroakademie.de\/magazin\/author\/redaktion\/"}]}},"_links":{"self":[{"href":"https:\/\/www.euroakademie.de\/magazin\/wp-json\/wp\/v2\/posts\/2759","targetHints":{"allow":["GET"]}}],"collection":[{"href":"https:\/\/www.euroakademie.de\/magazin\/wp-json\/wp\/v2\/posts"}],"about":[{"href":"https:\/\/www.euroakademie.de\/magazin\/wp-json\/wp\/v2\/types\/post"}],"author":[{"embeddable":true,"href":"https:\/\/www.euroakademie.de\/magazin\/wp-json\/wp\/v2\/users\/7"}],"replies":[{"embeddable":true,"href":"https:\/\/www.euroakademie.de\/magazin\/wp-json\/wp\/v2\/comments?post=2759"}],"version-history":[{"count":0,"href":"https:\/\/www.euroakademie.de\/magazin\/wp-json\/wp\/v2\/posts\/2759\/revisions"}],"wp:featuredmedia":[{"embeddable":true,"href":"https:\/\/www.euroakademie.de\/magazin\/wp-json\/wp\/v2\/media\/7254"}],"wp:attachment":[{"href":"https:\/\/www.euroakademie.de\/magazin\/wp-json\/wp\/v2\/media?parent=2759"}],"wp:term":[{"taxonomy":"category","embeddable":true,"href":"https:\/\/www.euroakademie.de\/magazin\/wp-json\/wp\/v2\/categories?post=2759"},{"taxonomy":"post_tag","embeddable":true,"href":"https:\/\/www.euroakademie.de\/magazin\/wp-json\/wp\/v2\/tags?post=2759"}],"curies":[{"name":"wp","href":"https:\/\/api.w.org\/{rel}","templated":true}]}}