{"id":27910,"date":"2025-04-23T07:00:00","date_gmt":"2025-04-23T05:00:00","guid":{"rendered":"https:\/\/www.euroakademie.de\/magazin\/?p=27910"},"modified":"2025-04-28T14:47:38","modified_gmt":"2025-04-28T12:47:38","slug":"welttag-des-buches-quiz-aktionen-und-eine-ueberraschung","status":"publish","type":"post","link":"https:\/\/www.euroakademie.de\/magazin\/welttag-des-buches-quiz-aktionen-und-eine-ueberraschung\/","title":{"rendered":"Welttag des Buches: Quiz, Aktionen \u2013 und eine \u00dcberraschung"},"content":{"rendered":"\n<h2 class=\"wp-block-heading\">Das Beste zuerst: Surprise, surprise!<\/h2>\n\n\n\n<div class=\"wp-block-media-text has-media-on-the-right is-stacked-on-mobile\" style=\"grid-template-columns:auto 38%\"><div class=\"wp-block-media-text__content\">\n<p>Stell dir vor: Es klingelt, du \u00f6ffnest die Wohnungst\u00fcr und der DHL-Bote h\u00e4lt dir ein kleines P\u00e4ckchen vor die Nase. Allerdings hast du doch \u00fcberhaupt nichts bestellt \u2013 wie kann das also sein? Wenn es der 23. April 2025 ist, wurdest du vielleicht ohne dein Wissen Teil der Initiative \u201cIch schenk dir eine Geschichte\u201d &#8211; und zuf\u00e4llig mit einem Buch beschenkt.&nbsp;Im Rahmen der Zusteller-Aktion \u00fcberreichen etliche Zusteller*innen der Deutschen Post kostenlos B\u00fccher an ihre Kund*innen. Jetzt ist nur noch die Frage: Bestseller-Roman oder Krimi, das neueste Trend-Sachbuch oder ein Kinderbuch \u2013 alles ist m\u00f6glich!<\/p>\n<\/div><figure class=\"wp-block-media-text__media\"><img fetchpriority=\"high\" decoding=\"async\" width=\"313\" height=\"469\" src=\"https:\/\/www.euroakademie.de\/magazin\/wp-content\/uploads\/2025\/04\/postbote_1483299467_1600x2400-313x469.jpg\" alt=\"Ein Postbote mit blauer Kappe und gelbem T-Shirt hat f\u00fcnf Pakete in der Hand und strahl in die Kamera.\" class=\"wp-image-28017 size-full\" srcset=\"https:\/\/www.euroakademie.de\/magazin\/wp-content\/uploads\/2025\/04\/postbote_1483299467_1600x2400-313x469.jpg 313w, https:\/\/www.euroakademie.de\/magazin\/wp-content\/uploads\/2025\/04\/postbote_1483299467_1600x2400-222x333.jpg 222w, https:\/\/www.euroakademie.de\/magazin\/wp-content\/uploads\/2025\/04\/postbote_1483299467_1600x2400-768x1152.jpg 768w, https:\/\/www.euroakademie.de\/magazin\/wp-content\/uploads\/2025\/04\/postbote_1483299467_1600x2400-1024x1536.jpg 1024w, https:\/\/www.euroakademie.de\/magazin\/wp-content\/uploads\/2025\/04\/postbote_1483299467_1600x2400-1365x2048.jpg 1365w, https:\/\/www.euroakademie.de\/magazin\/wp-content\/uploads\/2025\/04\/postbote_1483299467_1600x2400-150x225.jpg 150w, https:\/\/www.euroakademie.de\/magazin\/wp-content\/uploads\/2025\/04\/postbote_1483299467_1600x2400-450x675.jpg 450w, https:\/\/www.euroakademie.de\/magazin\/wp-content\/uploads\/2025\/04\/postbote_1483299467_1600x2400-1200x1800.jpg 1200w, https:\/\/www.euroakademie.de\/magazin\/wp-content\/uploads\/2025\/04\/postbote_1483299467_1600x2400.jpg 1600w\" sizes=\"(max-width: 313px) 100vw, 313px\" \/><\/figure><\/div>\n\n\n\n<h2 class=\"wp-block-heading\">Unsere Aktionen zum Welttag des Buches<\/h2>\n\n\n\n<p>Auch wir von der <a href=\"https:\/\/www.eso.de\/\">ESO Education Group<\/a> (das ist die Dachmarke der Euro Akademie und weiterer Bildungseinrichtungen wie den <a href=\"https:\/\/www.euro-schulen.de\/\">Euro-Schulen<\/a>, der <a href=\"https:\/\/www.munich-business-school.de\/\">Munich Business School<\/a> oder der <a href=\"https:\/\/www.dolmetscher-schule.de\/\">W\u00fcrzburger Dolmetscherschule<\/a>) haben uns \u00fcberlegt, wie wir den Welttag des Buches feiern k\u00f6nnen.<\/p>\n\n\n\n<h3 class=\"wp-block-heading\">B\u00fccherspende: B\u00fccher sind f\u00fcr alle da!<\/h3>\n\n\n\n<p>Als Bildungsunternehmen mit dem Credo \u201ePers\u00f6nlichkeiten durch Bildung\u201c setzen wir uns f\u00fcr ein Europa freier und gebildeter B\u00fcrger*innen ein. Deshalb m\u00f6chten wir&nbsp;Menschen unterst\u00fctzen, die nur eingeschr\u00e4nkten Zugang zu B\u00fcchern und Lehrmaterialien haben. Wir haben in den Wochen vor dem Aktionstag gut erhaltene oder neue und nicht (mehr) ben\u00f6tigte B\u00fccher unserer Mitarbeitenden aus dem Headquater in Stockstadt am Main gesammelt. Am 23. April \u00fcbergeben wir die gesammelten B\u00fccher an&nbsp;den <a href=\"https:\/\/www.grenzenlos-ab.de\/\">gemeinn\u00fctzigen Aschaffenburger Verein Grenzenlos e.V.<\/a>, um Menschen mit geringeren finanziellen Mitteln den Zugang zum Lesen zu erm\u00f6glichen. Zudem spendeten unsere Standorte der Euro Akademie und Euro-Schulen Aschaffenburg ebenfalls (Lehr-)B\u00fccher, die auch f\u00fcr andere von gro\u00dfem Wert sein k\u00f6nnen. Auf diese Weise schenken wir nicht nur interessanten B\u00fcchern ein zweites Leben, sondern machen auch anderen Menschen und Leser*innen eine Freude.<\/p>\n\n\n\n<figure class=\"wp-block-image size-large\"><img decoding=\"async\" width=\"703\" height=\"371\" src=\"https:\/\/www.euroakademie.de\/magazin\/wp-content\/uploads\/2025\/04\/EA_Magazin_Lesetyp__2313594157_hoch-703x371.jpg\" alt=\"Ein Kind sitzt mit Mutter und Opa auf dem Sofa. Sie bl\u00e4ttern gemeinsam durch ein Buch.\" class=\"wp-image-27940\" srcset=\"https:\/\/www.euroakademie.de\/magazin\/wp-content\/uploads\/2025\/04\/EA_Magazin_Lesetyp__2313594157_hoch-703x371.jpg 703w, https:\/\/www.euroakademie.de\/magazin\/wp-content\/uploads\/2025\/04\/EA_Magazin_Lesetyp__2313594157_hoch-500x264.jpg 500w, https:\/\/www.euroakademie.de\/magazin\/wp-content\/uploads\/2025\/04\/EA_Magazin_Lesetyp__2313594157_hoch-768x405.jpg 768w, https:\/\/www.euroakademie.de\/magazin\/wp-content\/uploads\/2025\/04\/EA_Magazin_Lesetyp__2313594157_hoch-1536x810.jpg 1536w, https:\/\/www.euroakademie.de\/magazin\/wp-content\/uploads\/2025\/04\/EA_Magazin_Lesetyp__2313594157_hoch-2048x1080.jpg 2048w, https:\/\/www.euroakademie.de\/magazin\/wp-content\/uploads\/2025\/04\/EA_Magazin_Lesetyp__2313594157_hoch-150x79.jpg 150w, https:\/\/www.euroakademie.de\/magazin\/wp-content\/uploads\/2025\/04\/EA_Magazin_Lesetyp__2313594157_hoch-450x237.jpg 450w, https:\/\/www.euroakademie.de\/magazin\/wp-content\/uploads\/2025\/04\/EA_Magazin_Lesetyp__2313594157_hoch-1200x633.jpg 1200w\" sizes=\"(max-width: 703px) 100vw, 703px\" \/><\/figure>\n\n\n\n<div class=\"wp-block-buttons is-layout-flex wp-block-buttons-is-layout-flex\">\n<div class=\"wp-block-button\"><a class=\"wp-block-button__link has-background has-regular-font-size has-custom-font-size wp-element-button\" href=\"https:\/\/www.euroakademie.de\/erzieher-3\" style=\"background-color:#f39200;padding-top:var(--wp--preset--spacing--30);padding-right:var(--wp--preset--spacing--20);padding-bottom:var(--wp--preset--spacing--30);padding-left:var(--wp--preset--spacing--20)\">Du liest gerne vor? Als Erzieher*in geh\u00f6rt das zu deinen aUfgaben &#8211; neben weiteren spannenden dingen.<\/a><\/div>\n<\/div>\n\n\n\n<h3 class=\"wp-block-heading\">Interview mit Autor Michael Stavari\u010d und B\u00fccherverlosung<\/h3>\n\n\n\n<p>Apropos lesen: Gerne m\u00f6chten wir als literarisches Bonbon unser Interview mit dem Schriftsteller Michael Stavari\u010d ans Herz legen, das <a href=\"https:\/\/www.eso.de\/news\/detail\/welttag-des-buches-interview-mit-schriftsteller-michael-stavaric\">in voller L\u00e4nge auf eso.de gelesen werden kann<\/a>. Wir sprechen mit ihm \u00fcber seine vielfach preisgekr\u00f6nten Kinderb\u00fccher und Romane, die Bedeutung von Sprache und Europa. \u00dcber je ein Exemplar d\u00fcrfen sich \u00fcbrigens drei unserer engagierten ESO-Mitarbeiter*innen im Fachbereich Deutsch &amp; Integration f\u00fcr die Euro-Schulen freuen. Wer noch auf der Suche nach neuer Lekt\u00fcre ist, sei hiermit herzlich zum St\u00f6bern und Entdecken im <a href=\"https:\/\/logophon.de\/\">Online-Shop unseres Verlags Logophon<\/a> eingeladen!<\/p>\n\n\n\n<h2 class=\"wp-block-heading\">Das Quiz &#8211; jeder Lesetyp ist anders<\/h2>\n\n\n\n<p>So wie es bei den B\u00fcchern unterschiedliche Genres gibt, ist auch kein Lesetyp wie der andere. Bist du eher der Buchbeschn\u00fcffler, der es liebt, wenn schon der Einband nach Abenteuer riecht? Oder z\u00e4hlst du zu den Bibliotheks-Ninjas, die jede Stadtb\u00fccherei und jedes Verl\u00e4ngerungstrickchen kennen und nach dem Motto leben: &#8222;Warum kaufen, wenn man leihen kann?&#8220; Finde es mit unserem interaktiven Quiz heraus!<\/p>\n\n\n\n<style>\n  .quiz-container {\n    max-width: 700px;\n    margin: 40px auto;\n    font-family: sans-serif;\n    background: #f9f9f9;\n    padding: 30px;\n    border-radius: 12px;\n    box-shadow: 0 0 15px rgba(0,0,0,0.1);\n  }\n\n  .quiz-question {\n    font-size: 1.2em;\n    margin-bottom: 15px;\n  }\n\n  .quiz-options label {\n    display: block;\n    margin-bottom: 10px;\n    cursor: pointer;\n  }\n\n  .quiz-button {\n    display: inline-block;\n    margin-top: 20px;\n    background: #444;\n    color: #fff;\n    padding: 10px 20px;\n    border: none;\n    border-radius: 8px;\n    cursor: pointer;\n  }\n\n  .quiz-button:hover {\n    background: #222;\n  }\n\n  .quiz-result {\n    margin-top: 30px;\n    padding: 20px;\n    background: #e0ffe0;\n    border-left: 5px solid #4caf50;\n    border-radius: 8px;\n  }\n<\/style>\n\n<div class=\"quiz-container\">\n  <div id=\"quiz\"><\/div>\n  <button class=\"quiz-button\" onclick=\"nextQuestion()\">Weiter<\/button>\n  <div id=\"result\" class=\"quiz-result\" style=\"display:none;\"><\/div>\n<\/div>\n\n<script>\n  const questions = [\n    {\n      question: \"1. Wie w\u00e4hlst du ein neues Buch aus?\",\n      options: { A: \"Das Cover z\u00e4hlt!\", B: \"Erstmal Analysemodus an.\", C: \"Ich gehe blind rein.\", D: \"Ist Teil 5? Muss ich haben!\" }\n    },\n    {\n      question: \"2. Dein perfekter Leseplatz ist...\",\n      options: { A: \"Sofa + Decke = \u2764\ufe0f\", B: \"\u00dcberall!\", C: \"Auf dem Klo \ud83d\ude05\", D: \"In der Urlaubs-H\u00e4ngematte\" }\n    },\n    {\n      question: \"3. Wie viele B\u00fccher liest du gleichzeitig?\",\n      options: { A: \"Nur eins \u2013 da bin ich monogam!\", B: \"Zwei bis vier.\", C: \"Unz\u00e4hlige!\", D: \"Eins lesen, eins h\u00f6ren, eins auf dem Klo\" }\n    },\n    {\n      question: \"4. Was machst du, wenn dich ein Buch langweilt?\",\n      options: { A: \"Ich halte durch.\", B: \"Weg damit!\", C: \"Ich lese das Ende zuerst.\", D: \"Ich google, ob\u2019s noch gut wird.\" }\n    },\n    {\n      question: \"5. Wie gehst du mit deinen B\u00fcchern um?\",\n      options: { A: \"Wie mit Porzellan.\", B: \"Mit Notizen und Knicken.\", C: \"Alles digital.\", D: \"Verleihen? Niemals.\" }\n    },\n    {\n      question: \"6. Welches Szenario beschreibt dich am besten?\",\n      options: { A: \"Ich kaufe zu schnell.\", B: \"Ich lese langsam, aber intensiv.\", C: \"Drei B\u00fccher in einer Woche? Klar.\", D: \"Z\u00e4hneputzen = Lesezeit.\" }\n    },\n    {\n      question: \"7. Wie oft postest du \u00fcber B\u00fccher?\",\n      options: { A: \"Jedes sch\u00f6ne Cover!\", B: \"Nur wenn\u2019s mich bewegt.\", C: \"Nie. Lesen ist meins.\", D: \"Ich bin auf BookTok unterwegs!\" }\n    },\n    {\n      question: \"8. Welches Genre darf\u2019s sein?\",\n      options: { A: \"Emotionen, bitte!\", B: \"Sachlich & smart.\", C: \"Fantasy oder Sci-Fi.\", D: \"Romantik & Drama!\" }\n    },\n    {\n      question: \"9. Was machst du mit unpassenden Buchgeschenken?\",\n      options: { A: \"Sie bekommen einene Regalplatz \u2013 aber ungelesen.\", B: \"Ich geb ihnen zumindest eine Chance.\", C: \"Ich vertausche sie heimlich.\", D: \"Ich find das Gute darin.\" }\n    },\n    {\n      question: \"10. Was bedeutet dir Lesen?\",\n      options: { A: \"Entspannung pur.\", B: \"Horizont erweitern.\", C: \"Flucht aus dem Alltag.\", D: \"Emotionen & Identifikation.\" }\n    }\n  ];\n\n  const results = {\n    A: {\n      title: \"\ud83e\udd8b Du bist der*die \u00c4sthetische Leser*in!\",\n      desc: \"Du liebst sch\u00f6ne B\u00fccher, entspannte Lesemomente und \u00e4sthetische Cover. Lesen ist f\u00fcr dich ein Lebensgef\u00fchl.\"\n    },\n    B: {\n      title: \"\ud83e\udde0 Du bist der*die Anspruchsvolle Leser*in!\",\n      desc: \"Du willst mehr vom Buch \u2013 Tiefe, Inhalt, Wissen. Deine Leseliste k\u00f6nnte glatt ein Studiengang sein.\"\n    },\n    C: {\n      title: \"\ud83d\udd25 Du bist der*die Leidenschaftliche Vielleser*in!\",\n      desc: \"Du inhalierst B\u00fccher wie Luft. Immer auf der Suche nach der n\u00e4chsten Story \u2013 Genre egal, Hauptsache intensiv.\"\n    },\n    D: {\n      title: \"\ud83c\udf34 Du bist der*die Gelegenheitsgenie\u00dfer*in!\",\n      desc: \"Du liest nicht jeden Tag, aber wenn, dann mit vollem Herzen. B\u00fccher sind dein Kurzurlaub f\u00fcr den Kopf.\"\n    }\n  };\n\n  let current = 0;\n  const answerCounts = { A: 0, B: 0, C: 0, D: 0 };\n\n  function renderQuestion() {\n    if (current >= questions.length) return showResult();\n    const q = questions[current];\n    let html = `<div class=\"quiz-question\">${q.question}<\/div><div class=\"quiz-options\">`;\n    for (const key in q.options) {\n      html += `\n        <label>\n          <input type=\"radio\" name=\"question${current}\" value=\"${key}\"> \n          <strong>${key}<\/strong>: ${q.options[key]}\n        <\/label>`;\n    }\n    html += \"<\/div>\";\n    document.getElementById(\"quiz\").innerHTML = html;\n  }\n\n  function nextQuestion() {\n    const selected = document.querySelector(`input[name=\"question${current}\"]:checked`);\n    if (!selected) {\n      alert(\"Bitte eine Antwort ausw\u00e4hlen!\");\n      return;\n    }\n    answerCounts[selected.value]++;\n    current++;\n    renderQuestion();\n  }\n\n  function showResult() {\n    document.querySelector(\".quiz-button\").style.display = \"none\";\n    document.getElementById(\"quiz\").style.display = \"none\";\n    let topLetter = Object.keys(answerCounts).reduce((a, b) => answerCounts[a] > answerCounts[b] ? a : b);\n    const result = results[topLetter];\n    document.getElementById(\"result\").style.display = \"block\";\n    document.getElementById(\"result\").innerHTML = `<h2>${result.title}<\/h2><p>${result.desc}<\/p>`;\n  }\n\n  renderQuestion();\n<\/script>\n\n\n\n<p><\/p>\n\n\n\n<p><strong>Fotoquellen:<\/strong><br>Titelbild: LeManna \/ shutterstock<br>Beitragsbilder: Beto Chagas \/ shutterstock \u00b7 Kitreel \/ shutterstock<\/p>\n","protected":false},"excerpt":{"rendered":"<p>Zum Welttag des Buches verschenken wir B\u00fccher, unterst\u00fctzen soziale Einrichtungen, verlosen Lesestoff und laden dich mit einem Quiz zum Mitmachen ein.<\/p>\n","protected":false},"author":79,"featured_media":27996,"comment_status":"open","ping_status":"open","sticky":false,"template":"","format":"standard","meta":{"footnotes":""},"categories":[1],"tags":[9642,5287,9648,9645,9639],"class_list":{"0":"post-27910","1":"post","2":"type-post","3":"status-publish","4":"format-standard","5":"has-post-thumbnail","7":"category-allgemein","8":"tag-buecherspende","9":"tag-lesen","10":"tag-lesetyp","11":"tag-michael-stavaric","12":"tag-welttag-des-buches"},"yoast_head":"<!-- This site is optimized with the Yoast SEO plugin v23.5 - https:\/\/yoast.com\/wordpress\/plugins\/seo\/ -->\n<title>Welttag des Buches: Quiz, Aktionen \u2013 und eine \u00dcberraschung - Das Euro Akademie Magazin<\/title>\n<meta name=\"description\" content=\"Zum Welttag des Buches verschenken wir B\u00fccher, unterst\u00fctzen soziale Einrichtungen und laden dich mit einem Quiz zum Mitmachen ein.\" \/>\n<meta name=\"robots\" content=\"index, follow, max-snippet:-1, max-image-preview:large, max-video-preview:-1\" \/>\n<link rel=\"canonical\" href=\"https:\/\/www.euroakademie.de\/magazin\/welttag-des-buches-quiz-aktionen-und-eine-ueberraschung\/\" \/>\n<meta property=\"og:locale\" content=\"de_DE\" \/>\n<meta property=\"og:type\" content=\"article\" \/>\n<meta property=\"og:title\" content=\"Welttag des Buches: Quiz, Aktionen \u2013 und eine \u00dcberraschung - Das Euro Akademie Magazin\" \/>\n<meta property=\"og:description\" content=\"Zum Welttag des Buches verschenken wir B\u00fccher, unterst\u00fctzen soziale Einrichtungen und laden dich mit einem Quiz zum Mitmachen ein.\" \/>\n<meta property=\"og:url\" content=\"https:\/\/www.euroakademie.de\/magazin\/welttag-des-buches-quiz-aktionen-und-eine-ueberraschung\/\" \/>\n<meta property=\"og:site_name\" content=\"Das Euro Akademie Magazin\" \/>\n<meta property=\"article:published_time\" content=\"2025-04-23T05:00:00+00:00\" \/>\n<meta property=\"article:modified_time\" content=\"2025-04-28T12:47:38+00:00\" \/>\n<meta property=\"og:image\" content=\"https:\/\/www.euroakademie.de\/magazin\/wp-content\/uploads\/2025\/04\/welttagdesbuches_1891215007_1240x772.jpg\" \/>\n\t<meta property=\"og:image:width\" content=\"1240\" \/>\n\t<meta property=\"og:image:height\" content=\"772\" \/>\n\t<meta property=\"og:image:type\" content=\"image\/jpeg\" \/>\n<meta name=\"author\" content=\"Nadine Elbert\" \/>\n<meta name=\"twitter:card\" content=\"summary_large_image\" \/>\n<meta name=\"twitter:label1\" content=\"Verfasst von\" \/>\n\t<meta name=\"twitter:data1\" content=\"Nadine Elbert\" \/>\n\t<meta name=\"twitter:label2\" content=\"Gesch\u00e4tzte Lesezeit\" \/>\n\t<meta name=\"twitter:data2\" content=\"4\u00a0Minuten\" \/>\n<script type=\"application\/ld+json\" class=\"yoast-schema-graph\">{\"@context\":\"https:\/\/schema.org\",\"@graph\":[{\"@type\":\"Article\",\"@id\":\"https:\/\/www.euroakademie.de\/magazin\/welttag-des-buches-quiz-aktionen-und-eine-ueberraschung\/#article\",\"isPartOf\":{\"@id\":\"https:\/\/www.euroakademie.de\/magazin\/welttag-des-buches-quiz-aktionen-und-eine-ueberraschung\/\"},\"author\":{\"name\":\"Nadine Elbert\",\"@id\":\"https:\/\/www.euroakademie.de\/magazin\/#\/schema\/person\/6927904de5cedfa8765d9b35681ccb28\"},\"headline\":\"Welttag des Buches: Quiz, Aktionen \u2013 und eine \u00dcberraschung\",\"datePublished\":\"2025-04-23T05:00:00+00:00\",\"dateModified\":\"2025-04-28T12:47:38+00:00\",\"mainEntityOfPage\":{\"@id\":\"https:\/\/www.euroakademie.de\/magazin\/welttag-des-buches-quiz-aktionen-und-eine-ueberraschung\/\"},\"wordCount\":526,\"commentCount\":0,\"publisher\":{\"@id\":\"https:\/\/www.euroakademie.de\/magazin\/#organization\"},\"image\":{\"@id\":\"https:\/\/www.euroakademie.de\/magazin\/welttag-des-buches-quiz-aktionen-und-eine-ueberraschung\/#primaryimage\"},\"thumbnailUrl\":\"https:\/\/www.euroakademie.de\/magazin\/wp-content\/uploads\/2025\/04\/welttagdesbuches_1891215007_1240x772.jpg\",\"keywords\":[\"B\u00fccherspende\",\"lesen\",\"Lesetyp\",\"Michael Stavari\u010d\",\"Welttag des Buches\"],\"inLanguage\":\"de\",\"potentialAction\":[{\"@type\":\"CommentAction\",\"name\":\"Comment\",\"target\":[\"https:\/\/www.euroakademie.de\/magazin\/welttag-des-buches-quiz-aktionen-und-eine-ueberraschung\/#respond\"]}]},{\"@type\":\"WebPage\",\"@id\":\"https:\/\/www.euroakademie.de\/magazin\/welttag-des-buches-quiz-aktionen-und-eine-ueberraschung\/\",\"url\":\"https:\/\/www.euroakademie.de\/magazin\/welttag-des-buches-quiz-aktionen-und-eine-ueberraschung\/\",\"name\":\"Welttag des Buches: Quiz, Aktionen \u2013 und eine \u00dcberraschung - Das Euro Akademie Magazin\",\"isPartOf\":{\"@id\":\"https:\/\/www.euroakademie.de\/magazin\/#website\"},\"primaryImageOfPage\":{\"@id\":\"https:\/\/www.euroakademie.de\/magazin\/welttag-des-buches-quiz-aktionen-und-eine-ueberraschung\/#primaryimage\"},\"image\":{\"@id\":\"https:\/\/www.euroakademie.de\/magazin\/welttag-des-buches-quiz-aktionen-und-eine-ueberraschung\/#primaryimage\"},\"thumbnailUrl\":\"https:\/\/www.euroakademie.de\/magazin\/wp-content\/uploads\/2025\/04\/welttagdesbuches_1891215007_1240x772.jpg\",\"datePublished\":\"2025-04-23T05:00:00+00:00\",\"dateModified\":\"2025-04-28T12:47:38+00:00\",\"description\":\"Zum Welttag des Buches verschenken wir B\u00fccher, unterst\u00fctzen soziale Einrichtungen und laden dich mit einem Quiz zum Mitmachen ein.\",\"breadcrumb\":{\"@id\":\"https:\/\/www.euroakademie.de\/magazin\/welttag-des-buches-quiz-aktionen-und-eine-ueberraschung\/#breadcrumb\"},\"inLanguage\":\"de\",\"potentialAction\":[{\"@type\":\"ReadAction\",\"target\":[\"https:\/\/www.euroakademie.de\/magazin\/welttag-des-buches-quiz-aktionen-und-eine-ueberraschung\/\"]}]},{\"@type\":\"ImageObject\",\"inLanguage\":\"de\",\"@id\":\"https:\/\/www.euroakademie.de\/magazin\/welttag-des-buches-quiz-aktionen-und-eine-ueberraschung\/#primaryimage\",\"url\":\"https:\/\/www.euroakademie.de\/magazin\/wp-content\/uploads\/2025\/04\/welttagdesbuches_1891215007_1240x772.jpg\",\"contentUrl\":\"https:\/\/www.euroakademie.de\/magazin\/wp-content\/uploads\/2025\/04\/welttagdesbuches_1891215007_1240x772.jpg\",\"width\":1240,\"height\":772,\"caption\":\"Ein aufgeschlagenes Buch liegt bei Sonnenschein in einer Fr\u00fchlingswiese mit L\u00f6wenzahn und G\u00e4nsebl\u00fcmchen.\"},{\"@type\":\"BreadcrumbList\",\"@id\":\"https:\/\/www.euroakademie.de\/magazin\/welttag-des-buches-quiz-aktionen-und-eine-ueberraschung\/#breadcrumb\",\"itemListElement\":[{\"@type\":\"ListItem\",\"position\":1,\"name\":\"Startseite\",\"item\":\"https:\/\/www.euroakademie.de\/magazin\/\"},{\"@type\":\"ListItem\",\"position\":2,\"name\":\"Welttag des Buches: Quiz, Aktionen \u2013 und eine \u00dcberraschung\"}]},{\"@type\":\"WebSite\",\"@id\":\"https:\/\/www.euroakademie.de\/magazin\/#website\",\"url\":\"https:\/\/www.euroakademie.de\/magazin\/\",\"name\":\"Das Euro Akademie Magazin\",\"description\":\"Gut informiert durch Ausbildung und Studium\",\"publisher\":{\"@id\":\"https:\/\/www.euroakademie.de\/magazin\/#organization\"},\"potentialAction\":[{\"@type\":\"SearchAction\",\"target\":{\"@type\":\"EntryPoint\",\"urlTemplate\":\"https:\/\/www.euroakademie.de\/magazin\/?s={search_term_string}\"},\"query-input\":{\"@type\":\"PropertyValueSpecification\",\"valueRequired\":true,\"valueName\":\"search_term_string\"}}],\"inLanguage\":\"de\"},{\"@type\":\"Organization\",\"@id\":\"https:\/\/www.euroakademie.de\/magazin\/#organization\",\"name\":\"ESO Education Group\",\"url\":\"https:\/\/www.euroakademie.de\/magazin\/\",\"logo\":{\"@type\":\"ImageObject\",\"inLanguage\":\"de\",\"@id\":\"https:\/\/www.euroakademie.de\/magazin\/#\/schema\/logo\/image\/\",\"url\":\"https:\/\/relaunch.euroakademie.de\/magazin\/wp-content\/uploads\/2024\/11\/Logo_EA_negativ_Rahmen_5cm_300dpi_RGB.jpg\",\"contentUrl\":\"https:\/\/relaunch.euroakademie.de\/magazin\/wp-content\/uploads\/2024\/11\/Logo_EA_negativ_Rahmen_5cm_300dpi_RGB.jpg\",\"width\":591,\"height\":236,\"caption\":\"ESO Education Group\"},\"image\":{\"@id\":\"https:\/\/www.euroakademie.de\/magazin\/#\/schema\/logo\/image\/\"}},{\"@type\":\"Person\",\"@id\":\"https:\/\/www.euroakademie.de\/magazin\/#\/schema\/person\/6927904de5cedfa8765d9b35681ccb28\",\"name\":\"Nadine Elbert\",\"description\":\"Von Sommer 2019 bis Herbst 2025 schrieb Nadine Elbert hier im Wechsel \u00fcber Themen aus den Bereichen Ausbildung, Studium und Beruf \u2013 und sch\u00f6pfte dabei auch aus ihrem reichhaltigen pers\u00f6nlichen Erfahrungsschatz.\",\"url\":\"https:\/\/www.euroakademie.de\/magazin\/author\/nadine-elbert\/\"}]}<\/script>\n<!-- \/ Yoast SEO plugin. -->","yoast_head_json":{"title":"Welttag des Buches: Quiz, Aktionen \u2013 und eine \u00dcberraschung - Das Euro Akademie Magazin","description":"Zum Welttag des Buches verschenken wir B\u00fccher, unterst\u00fctzen soziale Einrichtungen und laden dich mit einem Quiz zum Mitmachen ein.","robots":{"index":"index","follow":"follow","max-snippet":"max-snippet:-1","max-image-preview":"max-image-preview:large","max-video-preview":"max-video-preview:-1"},"canonical":"https:\/\/www.euroakademie.de\/magazin\/welttag-des-buches-quiz-aktionen-und-eine-ueberraschung\/","og_locale":"de_DE","og_type":"article","og_title":"Welttag des Buches: Quiz, Aktionen \u2013 und eine \u00dcberraschung - Das Euro Akademie Magazin","og_description":"Zum Welttag des Buches verschenken wir B\u00fccher, unterst\u00fctzen soziale Einrichtungen und laden dich mit einem Quiz zum Mitmachen ein.","og_url":"https:\/\/www.euroakademie.de\/magazin\/welttag-des-buches-quiz-aktionen-und-eine-ueberraschung\/","og_site_name":"Das Euro Akademie Magazin","article_published_time":"2025-04-23T05:00:00+00:00","article_modified_time":"2025-04-28T12:47:38+00:00","og_image":[{"width":1240,"height":772,"url":"https:\/\/www.euroakademie.de\/magazin\/wp-content\/uploads\/2025\/04\/welttagdesbuches_1891215007_1240x772.jpg","type":"image\/jpeg"}],"author":"Nadine Elbert","twitter_card":"summary_large_image","twitter_misc":{"Verfasst von":"Nadine Elbert","Gesch\u00e4tzte Lesezeit":"4\u00a0Minuten"},"schema":{"@context":"https:\/\/schema.org","@graph":[{"@type":"Article","@id":"https:\/\/www.euroakademie.de\/magazin\/welttag-des-buches-quiz-aktionen-und-eine-ueberraschung\/#article","isPartOf":{"@id":"https:\/\/www.euroakademie.de\/magazin\/welttag-des-buches-quiz-aktionen-und-eine-ueberraschung\/"},"author":{"name":"Nadine Elbert","@id":"https:\/\/www.euroakademie.de\/magazin\/#\/schema\/person\/6927904de5cedfa8765d9b35681ccb28"},"headline":"Welttag des Buches: Quiz, Aktionen \u2013 und eine \u00dcberraschung","datePublished":"2025-04-23T05:00:00+00:00","dateModified":"2025-04-28T12:47:38+00:00","mainEntityOfPage":{"@id":"https:\/\/www.euroakademie.de\/magazin\/welttag-des-buches-quiz-aktionen-und-eine-ueberraschung\/"},"wordCount":526,"commentCount":0,"publisher":{"@id":"https:\/\/www.euroakademie.de\/magazin\/#organization"},"image":{"@id":"https:\/\/www.euroakademie.de\/magazin\/welttag-des-buches-quiz-aktionen-und-eine-ueberraschung\/#primaryimage"},"thumbnailUrl":"https:\/\/www.euroakademie.de\/magazin\/wp-content\/uploads\/2025\/04\/welttagdesbuches_1891215007_1240x772.jpg","keywords":["B\u00fccherspende","lesen","Lesetyp","Michael Stavari\u010d","Welttag des Buches"],"inLanguage":"de","potentialAction":[{"@type":"CommentAction","name":"Comment","target":["https:\/\/www.euroakademie.de\/magazin\/welttag-des-buches-quiz-aktionen-und-eine-ueberraschung\/#respond"]}]},{"@type":"WebPage","@id":"https:\/\/www.euroakademie.de\/magazin\/welttag-des-buches-quiz-aktionen-und-eine-ueberraschung\/","url":"https:\/\/www.euroakademie.de\/magazin\/welttag-des-buches-quiz-aktionen-und-eine-ueberraschung\/","name":"Welttag des Buches: Quiz, Aktionen \u2013 und eine \u00dcberraschung - Das Euro Akademie Magazin","isPartOf":{"@id":"https:\/\/www.euroakademie.de\/magazin\/#website"},"primaryImageOfPage":{"@id":"https:\/\/www.euroakademie.de\/magazin\/welttag-des-buches-quiz-aktionen-und-eine-ueberraschung\/#primaryimage"},"image":{"@id":"https:\/\/www.euroakademie.de\/magazin\/welttag-des-buches-quiz-aktionen-und-eine-ueberraschung\/#primaryimage"},"thumbnailUrl":"https:\/\/www.euroakademie.de\/magazin\/wp-content\/uploads\/2025\/04\/welttagdesbuches_1891215007_1240x772.jpg","datePublished":"2025-04-23T05:00:00+00:00","dateModified":"2025-04-28T12:47:38+00:00","description":"Zum Welttag des Buches verschenken wir B\u00fccher, unterst\u00fctzen soziale Einrichtungen und laden dich mit einem Quiz zum Mitmachen ein.","breadcrumb":{"@id":"https:\/\/www.euroakademie.de\/magazin\/welttag-des-buches-quiz-aktionen-und-eine-ueberraschung\/#breadcrumb"},"inLanguage":"de","potentialAction":[{"@type":"ReadAction","target":["https:\/\/www.euroakademie.de\/magazin\/welttag-des-buches-quiz-aktionen-und-eine-ueberraschung\/"]}]},{"@type":"ImageObject","inLanguage":"de","@id":"https:\/\/www.euroakademie.de\/magazin\/welttag-des-buches-quiz-aktionen-und-eine-ueberraschung\/#primaryimage","url":"https:\/\/www.euroakademie.de\/magazin\/wp-content\/uploads\/2025\/04\/welttagdesbuches_1891215007_1240x772.jpg","contentUrl":"https:\/\/www.euroakademie.de\/magazin\/wp-content\/uploads\/2025\/04\/welttagdesbuches_1891215007_1240x772.jpg","width":1240,"height":772,"caption":"Ein aufgeschlagenes Buch liegt bei Sonnenschein in einer Fr\u00fchlingswiese mit L\u00f6wenzahn und G\u00e4nsebl\u00fcmchen."},{"@type":"BreadcrumbList","@id":"https:\/\/www.euroakademie.de\/magazin\/welttag-des-buches-quiz-aktionen-und-eine-ueberraschung\/#breadcrumb","itemListElement":[{"@type":"ListItem","position":1,"name":"Startseite","item":"https:\/\/www.euroakademie.de\/magazin\/"},{"@type":"ListItem","position":2,"name":"Welttag des Buches: Quiz, Aktionen \u2013 und eine \u00dcberraschung"}]},{"@type":"WebSite","@id":"https:\/\/www.euroakademie.de\/magazin\/#website","url":"https:\/\/www.euroakademie.de\/magazin\/","name":"Das Euro Akademie Magazin","description":"Gut informiert durch Ausbildung und Studium","publisher":{"@id":"https:\/\/www.euroakademie.de\/magazin\/#organization"},"potentialAction":[{"@type":"SearchAction","target":{"@type":"EntryPoint","urlTemplate":"https:\/\/www.euroakademie.de\/magazin\/?s={search_term_string}"},"query-input":{"@type":"PropertyValueSpecification","valueRequired":true,"valueName":"search_term_string"}}],"inLanguage":"de"},{"@type":"Organization","@id":"https:\/\/www.euroakademie.de\/magazin\/#organization","name":"ESO Education Group","url":"https:\/\/www.euroakademie.de\/magazin\/","logo":{"@type":"ImageObject","inLanguage":"de","@id":"https:\/\/www.euroakademie.de\/magazin\/#\/schema\/logo\/image\/","url":"https:\/\/relaunch.euroakademie.de\/magazin\/wp-content\/uploads\/2024\/11\/Logo_EA_negativ_Rahmen_5cm_300dpi_RGB.jpg","contentUrl":"https:\/\/relaunch.euroakademie.de\/magazin\/wp-content\/uploads\/2024\/11\/Logo_EA_negativ_Rahmen_5cm_300dpi_RGB.jpg","width":591,"height":236,"caption":"ESO Education Group"},"image":{"@id":"https:\/\/www.euroakademie.de\/magazin\/#\/schema\/logo\/image\/"}},{"@type":"Person","@id":"https:\/\/www.euroakademie.de\/magazin\/#\/schema\/person\/6927904de5cedfa8765d9b35681ccb28","name":"Nadine Elbert","description":"Von Sommer 2019 bis Herbst 2025 schrieb Nadine Elbert hier im Wechsel \u00fcber Themen aus den Bereichen Ausbildung, Studium und Beruf \u2013 und sch\u00f6pfte dabei auch aus ihrem reichhaltigen pers\u00f6nlichen Erfahrungsschatz.","url":"https:\/\/www.euroakademie.de\/magazin\/author\/nadine-elbert\/"}]}},"_links":{"self":[{"href":"https:\/\/www.euroakademie.de\/magazin\/wp-json\/wp\/v2\/posts\/27910","targetHints":{"allow":["GET"]}}],"collection":[{"href":"https:\/\/www.euroakademie.de\/magazin\/wp-json\/wp\/v2\/posts"}],"about":[{"href":"https:\/\/www.euroakademie.de\/magazin\/wp-json\/wp\/v2\/types\/post"}],"author":[{"embeddable":true,"href":"https:\/\/www.euroakademie.de\/magazin\/wp-json\/wp\/v2\/users\/79"}],"replies":[{"embeddable":true,"href":"https:\/\/www.euroakademie.de\/magazin\/wp-json\/wp\/v2\/comments?post=27910"}],"version-history":[{"count":43,"href":"https:\/\/www.euroakademie.de\/magazin\/wp-json\/wp\/v2\/posts\/27910\/revisions"}],"predecessor-version":[{"id":28089,"href":"https:\/\/www.euroakademie.de\/magazin\/wp-json\/wp\/v2\/posts\/27910\/revisions\/28089"}],"wp:featuredmedia":[{"embeddable":true,"href":"https:\/\/www.euroakademie.de\/magazin\/wp-json\/wp\/v2\/media\/27996"}],"wp:attachment":[{"href":"https:\/\/www.euroakademie.de\/magazin\/wp-json\/wp\/v2\/media?parent=27910"}],"wp:term":[{"taxonomy":"category","embeddable":true,"href":"https:\/\/www.euroakademie.de\/magazin\/wp-json\/wp\/v2\/categories?post=27910"},{"taxonomy":"post_tag","embeddable":true,"href":"https:\/\/www.euroakademie.de\/magazin\/wp-json\/wp\/v2\/tags?post=27910"}],"curies":[{"name":"wp","href":"https:\/\/api.w.org\/{rel}","templated":true}]}}