{"id":2792,"date":"2015-08-14T09:53:00","date_gmt":"2015-08-14T07:53:00","guid":{"rendered":"https:\/\/www.euroakademie.de\/magazin\/?p=2792"},"modified":"2024-11-19T10:36:13","modified_gmt":"2024-11-19T09:36:13","slug":"ausbildung-des-monats-fremdsprachenkorrespondent","status":"publish","type":"post","link":"https:\/\/www.euroakademie.de\/magazin\/ausbildung-des-monats-fremdsprachenkorrespondent\/","title":{"rendered":"Ausbildung des Monats: Fremdsprachenkorrespondent"},"content":{"rendered":"<p>\t\t\t\t<![CDATA[<strong>Eine Leidenschaft f\u00fcr Sprachen l\u00e4sst sich auf die unterschiedlichste Art und Weise in den Berufsalltag integrieren. Doch welche der vielseitigen M\u00f6glichkeiten bieten auch ein gehaltvolles Leben \u2013 beruflich wie privat? Wir stellen Ihnen eine vor.<\/strong>\n\nSeine Liebe zu der Sprache m\u00f6chte wahrscheinlich jeder, der sie h\u00fctet, gern in seine Berufsausbildung einflie\u00dfen lassen. Und das ist leichter als erwartet. Wie w\u00e4re es beispielsweise mit einem Sprachstudium? Neben Vokabeln und Grammatik stehen Literaturwissenschaft, Linguistik und Landeswissenschaft auf dem Studienplan an der Uni. Von Romanistik, Hispanistik, Anglistik oder Amerikanistik sind der Vielfalt keine Grenzen gesetzt. Doch wie sieht der sp\u00e4tere Berufsalltag eines Geisteswissenschaftlers aus?\n\nAusgereifte Berufe au\u00dferhalb der Uni gibt es nicht. Praxisrelevanter ist es dagegen, die Sprachleidenschaft mit einer Branche, wie P\u00e4dagogik oder Wirtschaft, zu verkn\u00fcpfen. Je nach Interessengebiet er\u00f6ffnen sich ungeahnte M\u00f6glichkeiten. Spannende Aufgabenbereiche ergeben sich beispielsweise in Konzernen oder internationalen Unternehmen mit wirtschaftlichen Beziehungen in verschiedene Regionen f\u00fcr <a href=\"https:\/\/www.euroakademie.de\/details\/_2____AZ2_F18S_1\/Kaufmaennischer-Assistentin-Fachrichtung-Fremdsprachensekretaria\" target=\"_blank\" rel=\"noopener\">Fremdsprachenkorrespondenten<\/a> \u2013 ein Ausbildungsberuf, der nicht in einer bestimmten Branche zu Hause ist, sondern in Architektur- und Ingenieurb\u00fcros, in der Touristik-, Medien- und Dienstleistungsbranche sowie in der Logistik gleicherma\u00dfen gebraucht wird. Was zu den T\u00e4tigkeiten eines Fremdsprachenkorrespondenten geh\u00f6rt, welche Herausforderungen er t\u00e4glich meistert und welche Voraussetzungen ein angehender Fremdsprachenkorrespondent mitbringen sollte, stellen wir Ihnen in unserer Rubrik \u201eAusbildung des Monats\u201c ausf\u00fchrlich vor.\n\n\n<h2><strong>Nichts geht ohne Kommunikation: der Alltag als Fremdsprachenkorrespondent<\/strong><\/h2>\n\n\nF\u00fcr das lang angek\u00fcndigte Meeting um 10:00 Uhr ist alles vorbereitet. Die dreisprachige Brosch\u00fcre, die die letzten 6 Wochen in Anspruch genommen hat, ist in der letzten Woche eingetroffen und ausgelegt. Die Agenda, die das Team f\u00fcr den heutigen Tag entwickelt, in zwei weitere Sprachen \u00fcbersetzt und in einem Programmheft zusammengefasst hat, befindet sich sorgf\u00e4ltig platziert daneben. Die Pr\u00e4sentation, die zwar nur einsprachig ausgearbeitet ist, jedoch w\u00e4hrend des Meetings in die Zielsprachen \u00fcbersetzt wird, ist ebenfalls gestartet und f\u00fcr die Zuschauer aufbereitet. Eine akkurat gedeckte Tafel sorgt unter Ber\u00fccksichtigung kultureller Gewohnheiten der geladenen Nationalit\u00e4ten f\u00fcr eine angenehme Gesch\u00e4ftsatmosph\u00e4re. Es ist Zeit, die portugiesischen und franz\u00f6sischen Gesch\u00e4ftspartner zu empfangen, ihnen das Haus zu zeigen, ihnen einige Mitarbeiter und Vorgesetzte vorzustellen und sie anschlie\u00dfend in den Besprechungsraum zu f\u00fchren, in dem das 5-st\u00fcndige Meeting stattfinden wird.\n\nDie Vorbereitungen f\u00fcr einen solchen Gesch\u00e4ftstermin sind langwierig und umfassend. Nat\u00fcrlich z\u00e4hlen nicht nur die internen Planungen dazu. Die internationalen G\u00e4ste mussten geladen, Hotels herausgesucht und Wegbeschreibungen erstellt werden. Wer jedoch \u00fcbernimmt diese vielf\u00e4ltigen Aufgaben? Event-Manager, Office-Manager, Dolmetscher, Reiseveranstalter oder die Assistenz der Gesch\u00e4ftsf\u00fchrung? Oder sogar alle f\u00fcnf zusammen? Nicht ganz. All diese Aufgaben geh\u00f6ren zum typischen T\u00e4tigkeitsprofil eines Fremdsprachenkorrespondenten. Wobei dieses Profil nicht nur sehr vielseitig ist, sondern sich je nach Position, Unternehmen und Branche stark voneinander unterscheiden kann.\n\nSo bereiten Sie als Fremdsprachenkorrespondent englische, franz\u00f6sische oder spanische Schriftst\u00fccke auf, \u00fcbernehmen die m\u00fcndliche oder schriftliche Kommunikation mit internationalen Gesch\u00e4ftspartnern, tippen diktierte B\u00e4nder ab und verfeinern Stil und Ausdruck. Genauso z\u00e4hlen jedoch administrative T\u00e4tigkeiten dazu, wie Recherchearbeiten, Tabellenkalkulationen oder das Protokollieren von Besprechungen oder Gesch\u00e4ftsprozessen. Aber so sehr die einzelnen Aufgaben eines Fremdsprachenkorrespondenten auch variieren k\u00f6nnen, die fremdsprachige Kommunikation, in schriftlicher und m\u00fcndlicher Form, steht in diesem Beruf stark im Vordergrund.\n\n\n<h2>Fremdsprachenkorrespondent: Ist das etwas f\u00fcr mich?<\/h2>\n\n\nVielf\u00e4ltige Aufgaben erfordern umfassende F\u00e4higkeiten. Nicht jede von ihnen kann\u00a0 allerdings in der Ausbildung erlernt werden. Umfassende Kenntnisse erleichtern den Berufseinstieg, doch ohne gewisse soziale Voraussetzungen l\u00e4sst sich der Beruf des Fremdsprachenkorrespondenten schlecht aus\u00fcben. Hierzu geh\u00f6ren beispielsweise eine hohe Serviceorientierung und ein gutes Verhandlungsgeschick. Nach Ihrer Ausbildung werden Sie viele fremdsprachliche Gespr\u00e4che f\u00fchren, in denen ein freundliches und kommunikatives Auftreten, aber auch Sensibilit\u00e4t im Umgang mit Menschen von Vorteil sind. Auch eine gewisse diplomatische Begabung wird Ihnen in diesem Beruf n\u00fctzen. Letztendlich kommt es jedoch auf Ihr sprachliches Geschick an. Sie lieben Fremdsprachen? Sie befassen sich gern mit anderen L\u00e4ndern und Sitten und haben ein Gesp\u00fcr f\u00fcr interkulturelle Kompetenzen? Dann k\u00f6nnte der Beruf des Fremdsprachenkorrespondenten tats\u00e4chlich der richtige f\u00fcr Sie sein.\n\n\n<h2>Wo kann ich arbeiten und welche Perspektiven bieten sich mir?<\/h2>\n\n\nWenn Sie als Fremdsprachenkorrespondent auch nicht auf nur eine Branche spezialisiert sind, k\u00f6nnen Sie bereits in der Ausbildung die Weichen stellen: Sie interessieren sich f\u00fcr Spanisch, sind jedoch so gut in Englisch, dass Sie auf keine der Sprachen verzichten m\u00f6chten? In der Ausbildung bauen Sie neben Englisch auf eine weitere Fremdsprache auf, so dass Sie vielseitig einsetzbar sind. Neben einem vielf\u00e4ltigen Angebot an Sprachen erhalten Sie zudem eine grundst\u00e4ndige betriebswirtschaftliche Ausbildung, die Ihnen \u00fcber die kommunikativen F\u00e4higkeiten hinaus fachliche Kompetenzen vermittelt. Diese erm\u00f6glichen Ihnen Positionen im Im- und Exporthandel, bei Reiseveranstaltern und Unternehmensberatern, in Medienunternehmen oder Forschungsinstituten, zunehmend jedoch auch in der Politik, \u00f6ffentlichen Beh\u00f6rden oder Fluggesellschaften.\n\nAls Fremdsprachenkorrespondent werden Sie keine Entscheidungen auf obererster Ebene treffen. Mit einer Leidenschaft f\u00fcr Sprachen und einer betriebswirtschaftlichen Grundausbildung gelten Sie als Allround-Talent, das je nach Interessenlage in vielen Unternehmen essentielle und interessante Aufgaben \u00fcbernehmen wird.\n\n<em>Sie interessieren sich f\u00fcr den Beruf des Fremdsprachenkorrespondenten? Sie erw\u00e4gen, eine Ausbildung in dem Bereich Wirtschaft, Management &amp; Internationales zu absolvieren? Dann empfehlen wir Ihnen unsere weiterf\u00fchrenden Informationen zum Berufsbild des <\/em><a href=\"https:\/\/www.euroakademie.de\/details\/_2____AZ2_F18S_1\/Kaufmaennischer-Assistentin-Fachrichtung-Fremdsprachensekretaria\" target=\"_blank\" rel=\"noopener\"><em>Fremdsprachenkorrespondenten<\/em><\/a><em>. Hier erfahren Sie mehr zu den Voraussetzungen, die Sie f\u00fcr diesen Beruf mitbringen sollten, zur Dauer der Ausbildung, zum Thema Gehalt sowie zu weiteren Arbeitsorten und Berufsfeldern, die f\u00fcr Sie als Fremdsprachenkorrespondent m\u00f6glich sind.<\/em>\n\n\n<h4>Lesen Sie auch:<\/h4>\n\n\n\n\n<ul>\n \t\n\n<li><a href=\"https:\/\/www.euroakademie.de\/magazin\/haben-auch-sie-schon-ihren-horizont-erweitert\/\" target=\"_blank\" rel=\"noopener\">\u201eHaben auch Sie schon Ihren Horizont erweitert?\u201c<\/a>, Eindr\u00fccke einer Fremdsprachenkorrespondentin aus ihrem Auslandspraktikum in Edinburgh<\/li>\n\n\n \t\n\n<li><a href=\"https:\/\/www.euroakademie.de\/magazin\/seo-in-the-sun-ein-sonniges-auslandspraktikum\/\" target=\"_blank\" rel=\"noopener\">\u201eSEO in the Sun\u201c: Ein sonniges Auslandspraktikum<\/a><\/li>\n\n\n \t\n\n<li><a href=\"https:\/\/www.euroakademie.de\/magazin\/lesetipp-welche-sprache-lernen-wir-heute\/\" target=\"_blank\" rel=\"noopener\">\u201eLESETIPP: Welche Sprache lernen wir heute?\u201c<\/a>, ein Einblick in die Sprachgewohnheiten der \u201ePolyglott-Br\u00fcder\u201c Youlden<\/li>\n\n\n \t\n\n<li><a href=\"https:\/\/www.euroakademie.de\/magazin\/ja-zum-europagedanken-in-der-berufsbildung\/\" target=\"_blank\" rel=\"noopener\">\u201eJa zum Europagedanken in der Berufsbildung\u201c<\/a>, \u00fcber die an das Programm Erasmus+ gestellten Erwartungen<\/li>\n\n\n \t\n\n<li><a href=\"http:\/\/www.euroakademie.de\/de\/standorte\/aschaffenburg\/aktuelles\/news-detail\/article\/persoenlichkeit-durch-bildung-ausbildungsabschluss-mit-bestnoten.html\" target=\"_blank\" rel=\"noopener\">\u201ePers\u00f6nlichkeit durch Bildung \u2013 Ausbildungsabschluss mit Bestnoten\u201c<\/a><\/li>\n\n\n<\/ul>\n\n]]>\t\t<\/p>\n","protected":false},"excerpt":{"rendered":"<p>\t\t\t\t<![CDATA[]]>\t\t<\/p>\n","protected":false},"author":7,"featured_media":7248,"comment_status":"closed","ping_status":"closed","sticky":false,"template":"","format":"standard","meta":{"footnotes":""},"categories":[67,7,13],"tags":[3196],"class_list":{"0":"post-2792","1":"post","2":"type-post","3":"status-publish","4":"format-standard","5":"has-post-thumbnail","7":"category-ausbildung-des-monats","8":"category-euro-akademie","9":"category-fremdsprachen-internationales","10":"tag-fremdsprachenkorrespondent"},"yoast_head":"<!-- This site is optimized with the Yoast SEO plugin v23.5 - https:\/\/yoast.com\/wordpress\/plugins\/seo\/ -->\n<title>Ausbildung des Monats: Fremdsprachenkorrespondent<\/title>\n<meta name=\"description\" content=\"Seine Liebe zu der Sprache m\u00f6chte wahrscheinlich jeder gern in seinen Beruf einflie\u00dfen lassen. Wir stellen Ihnen eine vor: Fremdspachenkorrespondent.\" \/>\n<meta name=\"robots\" content=\"index, follow, max-snippet:-1, max-image-preview:large, max-video-preview:-1\" \/>\n<link rel=\"canonical\" href=\"https:\/\/www.euroakademie.de\/magazin\/ausbildung-des-monats-fremdsprachenkorrespondent\/\" \/>\n<meta property=\"og:locale\" content=\"de_DE\" \/>\n<meta property=\"og:type\" content=\"article\" \/>\n<meta property=\"og:title\" content=\"Ausbildung des Monats: Fremdsprachenkorrespondent\" \/>\n<meta property=\"og:description\" content=\"Seine Liebe zu der Sprache m\u00f6chte wahrscheinlich jeder gern in seinen Beruf einflie\u00dfen lassen. Wir stellen Ihnen eine vor: Fremdspachenkorrespondent.\" \/>\n<meta property=\"og:url\" content=\"https:\/\/www.euroakademie.de\/magazin\/ausbildung-des-monats-fremdsprachenkorrespondent\/\" \/>\n<meta property=\"og:site_name\" content=\"Das Euro Akademie Magazin\" \/>\n<meta property=\"article:published_time\" content=\"2015-08-14T07:53:00+00:00\" \/>\n<meta property=\"article:modified_time\" content=\"2024-11-19T09:36:13+00:00\" \/>\n<meta property=\"og:image\" content=\"https:\/\/www.euroakademie.de\/magazin\/wp-content\/uploads\/2015\/08\/shutterstock_143834485_702x336_web.jpg\" \/>\n\t<meta property=\"og:image:width\" content=\"702\" \/>\n\t<meta property=\"og:image:height\" content=\"337\" \/>\n\t<meta property=\"og:image:type\" content=\"image\/jpeg\" \/>\n<meta name=\"author\" content=\"Redaktion\" \/>\n<meta name=\"twitter:card\" content=\"summary_large_image\" \/>\n<meta name=\"twitter:label1\" content=\"Verfasst von\" \/>\n\t<meta name=\"twitter:data1\" content=\"Redaktion\" \/>\n\t<meta name=\"twitter:label2\" content=\"Gesch\u00e4tzte Lesezeit\" \/>\n\t<meta name=\"twitter:data2\" content=\"5\u00a0Minuten\" \/>\n<script type=\"application\/ld+json\" class=\"yoast-schema-graph\">{\"@context\":\"https:\/\/schema.org\",\"@graph\":[{\"@type\":\"Article\",\"@id\":\"https:\/\/www.euroakademie.de\/magazin\/ausbildung-des-monats-fremdsprachenkorrespondent\/#article\",\"isPartOf\":{\"@id\":\"https:\/\/www.euroakademie.de\/magazin\/ausbildung-des-monats-fremdsprachenkorrespondent\/\"},\"author\":{\"name\":\"Redaktion\",\"@id\":\"https:\/\/www.euroakademie.de\/magazin\/#\/schema\/person\/6c9b7b6db765ee31640d80c936be3686\"},\"headline\":\"Ausbildung des Monats: Fremdsprachenkorrespondent\",\"datePublished\":\"2015-08-14T07:53:00+00:00\",\"dateModified\":\"2024-11-19T09:36:13+00:00\",\"mainEntityOfPage\":{\"@id\":\"https:\/\/www.euroakademie.de\/magazin\/ausbildung-des-monats-fremdsprachenkorrespondent\/\"},\"wordCount\":1001,\"publisher\":{\"@id\":\"https:\/\/www.euroakademie.de\/magazin\/#organization\"},\"image\":{\"@id\":\"https:\/\/www.euroakademie.de\/magazin\/ausbildung-des-monats-fremdsprachenkorrespondent\/#primaryimage\"},\"thumbnailUrl\":\"https:\/\/www.euroakademie.de\/magazin\/wp-content\/uploads\/2015\/08\/shutterstock_143834485_702x336_web.jpg\",\"keywords\":[\"Fremdsprachenkorrespondent\"],\"articleSection\":[\"Ausbildungen im Portrait\",\"Euro Akademie\",\"Fremdsprachen &amp; Internationales\"],\"inLanguage\":\"de\"},{\"@type\":\"WebPage\",\"@id\":\"https:\/\/www.euroakademie.de\/magazin\/ausbildung-des-monats-fremdsprachenkorrespondent\/\",\"url\":\"https:\/\/www.euroakademie.de\/magazin\/ausbildung-des-monats-fremdsprachenkorrespondent\/\",\"name\":\"Ausbildung des Monats: Fremdsprachenkorrespondent\",\"isPartOf\":{\"@id\":\"https:\/\/www.euroakademie.de\/magazin\/#website\"},\"primaryImageOfPage\":{\"@id\":\"https:\/\/www.euroakademie.de\/magazin\/ausbildung-des-monats-fremdsprachenkorrespondent\/#primaryimage\"},\"image\":{\"@id\":\"https:\/\/www.euroakademie.de\/magazin\/ausbildung-des-monats-fremdsprachenkorrespondent\/#primaryimage\"},\"thumbnailUrl\":\"https:\/\/www.euroakademie.de\/magazin\/wp-content\/uploads\/2015\/08\/shutterstock_143834485_702x336_web.jpg\",\"datePublished\":\"2015-08-14T07:53:00+00:00\",\"dateModified\":\"2024-11-19T09:36:13+00:00\",\"description\":\"Seine Liebe zu der Sprache m\u00f6chte wahrscheinlich jeder gern in seinen Beruf einflie\u00dfen lassen. Wir stellen Ihnen eine vor: Fremdspachenkorrespondent.\",\"breadcrumb\":{\"@id\":\"https:\/\/www.euroakademie.de\/magazin\/ausbildung-des-monats-fremdsprachenkorrespondent\/#breadcrumb\"},\"inLanguage\":\"de\",\"potentialAction\":[{\"@type\":\"ReadAction\",\"target\":[\"https:\/\/www.euroakademie.de\/magazin\/ausbildung-des-monats-fremdsprachenkorrespondent\/\"]}]},{\"@type\":\"ImageObject\",\"inLanguage\":\"de\",\"@id\":\"https:\/\/www.euroakademie.de\/magazin\/ausbildung-des-monats-fremdsprachenkorrespondent\/#primaryimage\",\"url\":\"https:\/\/www.euroakademie.de\/magazin\/wp-content\/uploads\/2015\/08\/shutterstock_143834485_702x336_web.jpg\",\"contentUrl\":\"https:\/\/www.euroakademie.de\/magazin\/wp-content\/uploads\/2015\/08\/shutterstock_143834485_702x336_web.jpg\",\"width\":702,\"height\":337,\"caption\":\"\"},{\"@type\":\"BreadcrumbList\",\"@id\":\"https:\/\/www.euroakademie.de\/magazin\/ausbildung-des-monats-fremdsprachenkorrespondent\/#breadcrumb\",\"itemListElement\":[{\"@type\":\"ListItem\",\"position\":1,\"name\":\"Startseite\",\"item\":\"https:\/\/www.euroakademie.de\/magazin\/\"},{\"@type\":\"ListItem\",\"position\":2,\"name\":\"Ausbildung des Monats: Fremdsprachenkorrespondent\"}]},{\"@type\":\"WebSite\",\"@id\":\"https:\/\/www.euroakademie.de\/magazin\/#website\",\"url\":\"https:\/\/www.euroakademie.de\/magazin\/\",\"name\":\"Das Euro Akademie Magazin\",\"description\":\"Gut informiert durch Ausbildung und Studium\",\"publisher\":{\"@id\":\"https:\/\/www.euroakademie.de\/magazin\/#organization\"},\"potentialAction\":[{\"@type\":\"SearchAction\",\"target\":{\"@type\":\"EntryPoint\",\"urlTemplate\":\"https:\/\/www.euroakademie.de\/magazin\/?s={search_term_string}\"},\"query-input\":{\"@type\":\"PropertyValueSpecification\",\"valueRequired\":true,\"valueName\":\"search_term_string\"}}],\"inLanguage\":\"de\"},{\"@type\":\"Organization\",\"@id\":\"https:\/\/www.euroakademie.de\/magazin\/#organization\",\"name\":\"ESO Education Group\",\"url\":\"https:\/\/www.euroakademie.de\/magazin\/\",\"logo\":{\"@type\":\"ImageObject\",\"inLanguage\":\"de\",\"@id\":\"https:\/\/www.euroakademie.de\/magazin\/#\/schema\/logo\/image\/\",\"url\":\"https:\/\/relaunch.euroakademie.de\/magazin\/wp-content\/uploads\/2024\/11\/Logo_EA_negativ_Rahmen_5cm_300dpi_RGB.jpg\",\"contentUrl\":\"https:\/\/relaunch.euroakademie.de\/magazin\/wp-content\/uploads\/2024\/11\/Logo_EA_negativ_Rahmen_5cm_300dpi_RGB.jpg\",\"width\":591,\"height\":236,\"caption\":\"ESO Education Group\"},\"image\":{\"@id\":\"https:\/\/www.euroakademie.de\/magazin\/#\/schema\/logo\/image\/\"}},{\"@type\":\"Person\",\"@id\":\"https:\/\/www.euroakademie.de\/magazin\/#\/schema\/person\/6c9b7b6db765ee31640d80c936be3686\",\"name\":\"Redaktion\",\"description\":\"Die Redaktion des Euro Akademie Magazins h\u00e4lt Sie regelm\u00e4\u00dfig mit hintergr\u00fcndigen Artikeln auf dem Laufenden. Auf Basis einer fundierten Recherche und mit Spa\u00df am Schreiben erstellen die Redakteur*innen informative und unterhaltsame Inhalte f\u00fcr Sie.\",\"url\":\"https:\/\/www.euroakademie.de\/magazin\/author\/redaktion\/\"}]}<\/script>\n<!-- \/ Yoast SEO plugin. -->","yoast_head_json":{"title":"Ausbildung des Monats: Fremdsprachenkorrespondent","description":"Seine Liebe zu der Sprache m\u00f6chte wahrscheinlich jeder gern in seinen Beruf einflie\u00dfen lassen. Wir stellen Ihnen eine vor: Fremdspachenkorrespondent.","robots":{"index":"index","follow":"follow","max-snippet":"max-snippet:-1","max-image-preview":"max-image-preview:large","max-video-preview":"max-video-preview:-1"},"canonical":"https:\/\/www.euroakademie.de\/magazin\/ausbildung-des-monats-fremdsprachenkorrespondent\/","og_locale":"de_DE","og_type":"article","og_title":"Ausbildung des Monats: Fremdsprachenkorrespondent","og_description":"Seine Liebe zu der Sprache m\u00f6chte wahrscheinlich jeder gern in seinen Beruf einflie\u00dfen lassen. Wir stellen Ihnen eine vor: Fremdspachenkorrespondent.","og_url":"https:\/\/www.euroakademie.de\/magazin\/ausbildung-des-monats-fremdsprachenkorrespondent\/","og_site_name":"Das Euro Akademie Magazin","article_published_time":"2015-08-14T07:53:00+00:00","article_modified_time":"2024-11-19T09:36:13+00:00","og_image":[{"width":702,"height":337,"url":"https:\/\/www.euroakademie.de\/magazin\/wp-content\/uploads\/2015\/08\/shutterstock_143834485_702x336_web.jpg","type":"image\/jpeg"}],"author":"Redaktion","twitter_card":"summary_large_image","twitter_misc":{"Verfasst von":"Redaktion","Gesch\u00e4tzte Lesezeit":"5\u00a0Minuten"},"schema":{"@context":"https:\/\/schema.org","@graph":[{"@type":"Article","@id":"https:\/\/www.euroakademie.de\/magazin\/ausbildung-des-monats-fremdsprachenkorrespondent\/#article","isPartOf":{"@id":"https:\/\/www.euroakademie.de\/magazin\/ausbildung-des-monats-fremdsprachenkorrespondent\/"},"author":{"name":"Redaktion","@id":"https:\/\/www.euroakademie.de\/magazin\/#\/schema\/person\/6c9b7b6db765ee31640d80c936be3686"},"headline":"Ausbildung des Monats: Fremdsprachenkorrespondent","datePublished":"2015-08-14T07:53:00+00:00","dateModified":"2024-11-19T09:36:13+00:00","mainEntityOfPage":{"@id":"https:\/\/www.euroakademie.de\/magazin\/ausbildung-des-monats-fremdsprachenkorrespondent\/"},"wordCount":1001,"publisher":{"@id":"https:\/\/www.euroakademie.de\/magazin\/#organization"},"image":{"@id":"https:\/\/www.euroakademie.de\/magazin\/ausbildung-des-monats-fremdsprachenkorrespondent\/#primaryimage"},"thumbnailUrl":"https:\/\/www.euroakademie.de\/magazin\/wp-content\/uploads\/2015\/08\/shutterstock_143834485_702x336_web.jpg","keywords":["Fremdsprachenkorrespondent"],"articleSection":["Ausbildungen im Portrait","Euro Akademie","Fremdsprachen &amp; Internationales"],"inLanguage":"de"},{"@type":"WebPage","@id":"https:\/\/www.euroakademie.de\/magazin\/ausbildung-des-monats-fremdsprachenkorrespondent\/","url":"https:\/\/www.euroakademie.de\/magazin\/ausbildung-des-monats-fremdsprachenkorrespondent\/","name":"Ausbildung des Monats: Fremdsprachenkorrespondent","isPartOf":{"@id":"https:\/\/www.euroakademie.de\/magazin\/#website"},"primaryImageOfPage":{"@id":"https:\/\/www.euroakademie.de\/magazin\/ausbildung-des-monats-fremdsprachenkorrespondent\/#primaryimage"},"image":{"@id":"https:\/\/www.euroakademie.de\/magazin\/ausbildung-des-monats-fremdsprachenkorrespondent\/#primaryimage"},"thumbnailUrl":"https:\/\/www.euroakademie.de\/magazin\/wp-content\/uploads\/2015\/08\/shutterstock_143834485_702x336_web.jpg","datePublished":"2015-08-14T07:53:00+00:00","dateModified":"2024-11-19T09:36:13+00:00","description":"Seine Liebe zu der Sprache m\u00f6chte wahrscheinlich jeder gern in seinen Beruf einflie\u00dfen lassen. Wir stellen Ihnen eine vor: Fremdspachenkorrespondent.","breadcrumb":{"@id":"https:\/\/www.euroakademie.de\/magazin\/ausbildung-des-monats-fremdsprachenkorrespondent\/#breadcrumb"},"inLanguage":"de","potentialAction":[{"@type":"ReadAction","target":["https:\/\/www.euroakademie.de\/magazin\/ausbildung-des-monats-fremdsprachenkorrespondent\/"]}]},{"@type":"ImageObject","inLanguage":"de","@id":"https:\/\/www.euroakademie.de\/magazin\/ausbildung-des-monats-fremdsprachenkorrespondent\/#primaryimage","url":"https:\/\/www.euroakademie.de\/magazin\/wp-content\/uploads\/2015\/08\/shutterstock_143834485_702x336_web.jpg","contentUrl":"https:\/\/www.euroakademie.de\/magazin\/wp-content\/uploads\/2015\/08\/shutterstock_143834485_702x336_web.jpg","width":702,"height":337,"caption":""},{"@type":"BreadcrumbList","@id":"https:\/\/www.euroakademie.de\/magazin\/ausbildung-des-monats-fremdsprachenkorrespondent\/#breadcrumb","itemListElement":[{"@type":"ListItem","position":1,"name":"Startseite","item":"https:\/\/www.euroakademie.de\/magazin\/"},{"@type":"ListItem","position":2,"name":"Ausbildung des Monats: Fremdsprachenkorrespondent"}]},{"@type":"WebSite","@id":"https:\/\/www.euroakademie.de\/magazin\/#website","url":"https:\/\/www.euroakademie.de\/magazin\/","name":"Das Euro Akademie Magazin","description":"Gut informiert durch Ausbildung und Studium","publisher":{"@id":"https:\/\/www.euroakademie.de\/magazin\/#organization"},"potentialAction":[{"@type":"SearchAction","target":{"@type":"EntryPoint","urlTemplate":"https:\/\/www.euroakademie.de\/magazin\/?s={search_term_string}"},"query-input":{"@type":"PropertyValueSpecification","valueRequired":true,"valueName":"search_term_string"}}],"inLanguage":"de"},{"@type":"Organization","@id":"https:\/\/www.euroakademie.de\/magazin\/#organization","name":"ESO Education Group","url":"https:\/\/www.euroakademie.de\/magazin\/","logo":{"@type":"ImageObject","inLanguage":"de","@id":"https:\/\/www.euroakademie.de\/magazin\/#\/schema\/logo\/image\/","url":"https:\/\/relaunch.euroakademie.de\/magazin\/wp-content\/uploads\/2024\/11\/Logo_EA_negativ_Rahmen_5cm_300dpi_RGB.jpg","contentUrl":"https:\/\/relaunch.euroakademie.de\/magazin\/wp-content\/uploads\/2024\/11\/Logo_EA_negativ_Rahmen_5cm_300dpi_RGB.jpg","width":591,"height":236,"caption":"ESO Education Group"},"image":{"@id":"https:\/\/www.euroakademie.de\/magazin\/#\/schema\/logo\/image\/"}},{"@type":"Person","@id":"https:\/\/www.euroakademie.de\/magazin\/#\/schema\/person\/6c9b7b6db765ee31640d80c936be3686","name":"Redaktion","description":"Die Redaktion des Euro Akademie Magazins h\u00e4lt Sie regelm\u00e4\u00dfig mit hintergr\u00fcndigen Artikeln auf dem Laufenden. Auf Basis einer fundierten Recherche und mit Spa\u00df am Schreiben erstellen die Redakteur*innen informative und unterhaltsame Inhalte f\u00fcr Sie.","url":"https:\/\/www.euroakademie.de\/magazin\/author\/redaktion\/"}]}},"_links":{"self":[{"href":"https:\/\/www.euroakademie.de\/magazin\/wp-json\/wp\/v2\/posts\/2792","targetHints":{"allow":["GET"]}}],"collection":[{"href":"https:\/\/www.euroakademie.de\/magazin\/wp-json\/wp\/v2\/posts"}],"about":[{"href":"https:\/\/www.euroakademie.de\/magazin\/wp-json\/wp\/v2\/types\/post"}],"author":[{"embeddable":true,"href":"https:\/\/www.euroakademie.de\/magazin\/wp-json\/wp\/v2\/users\/7"}],"replies":[{"embeddable":true,"href":"https:\/\/www.euroakademie.de\/magazin\/wp-json\/wp\/v2\/comments?post=2792"}],"version-history":[{"count":1,"href":"https:\/\/www.euroakademie.de\/magazin\/wp-json\/wp\/v2\/posts\/2792\/revisions"}],"predecessor-version":[{"id":23223,"href":"https:\/\/www.euroakademie.de\/magazin\/wp-json\/wp\/v2\/posts\/2792\/revisions\/23223"}],"wp:featuredmedia":[{"embeddable":true,"href":"https:\/\/www.euroakademie.de\/magazin\/wp-json\/wp\/v2\/media\/7248"}],"wp:attachment":[{"href":"https:\/\/www.euroakademie.de\/magazin\/wp-json\/wp\/v2\/media?parent=2792"}],"wp:term":[{"taxonomy":"category","embeddable":true,"href":"https:\/\/www.euroakademie.de\/magazin\/wp-json\/wp\/v2\/categories?post=2792"},{"taxonomy":"post_tag","embeddable":true,"href":"https:\/\/www.euroakademie.de\/magazin\/wp-json\/wp\/v2\/tags?post=2792"}],"curies":[{"name":"wp","href":"https:\/\/api.w.org\/{rel}","templated":true}]}}