{"id":2901,"date":"2015-09-11T13:53:34","date_gmt":"2015-09-11T11:53:34","guid":{"rendered":"https:\/\/www.euroakademie.de\/magazin\/?p=2901"},"modified":"2024-12-09T13:31:06","modified_gmt":"2024-12-09T12:31:06","slug":"von-trauer-leid-und-lebensfreude-fachschueler-im-kinderhospiz-baerenherz","status":"publish","type":"post","link":"https:\/\/www.euroakademie.de\/magazin\/von-trauer-leid-und-lebensfreude-fachschueler-im-kinderhospiz-baerenherz\/","title":{"rendered":"Von Trauer, Leid und Lebensfreude: Fachsch\u00fcler im Kinderhospiz B\u00e4renherz"},"content":{"rendered":"<p>\t\t\t\t<![CDATA[<strong>\u201eHospiz\u201c \u2013 bei diesem Wort denkt wohl jeder an das Sterben, an Trauer und Tod.\u00a0 Dass man dabei aber auch an bewusst gelebtes Leben, ja sogar an Lebensfreude denken kann, wurde am Tag der offenen T\u00fcr des Kinderhospizes \u201eB\u00e4renherz\u201c in Markkleeberg, nahe Leipzig, am 5. September deutlich.<\/strong>\n\nVon 11 bis 17 Uhr gab es in der Umgebung des Kinderhospizes, im Kees\u2019schen Park, ein buntes Familienfest mit Musik, Clowns und etlichen Tieren zum Streicheln. Vierzehn Sch\u00fcler und Lehrer der Fachschule f\u00fcr Sozialwesen an der <a href=\"https:\/\/www.euroakademie.de\/leipzig\" target=\"_blank\" rel=\"noopener\">Euro Akademie Leipzig<\/a> waren, neben zahlreichen anderen ehrenamtlichen Helferinnen und Helfern, an der Gestaltung dieses Festes beteiligt.\n\n\n<h3><strong>Buntes Programm sorgte f\u00fcr viele fr\u00f6hliche Momente<\/strong><\/h3>\n\n\nEs gab ein Musikprogramm, u. a. mit dem Nachwuchs-Ensemble des MDR-Kinderchores und einem original schottischen \u201ePiper\u201c mit Dudelsack und Geige. Ein riesiger, geduldiger Bernhardiner-Hund zog einen Leiterwagen mit Kindern \u00fcber das Gel\u00e4nde, eine Frau bot von ihren mehreren Hundert Teddyb\u00e4ren ganz verschiedene Exemplare an und die Kleinsten tobten sich auf einer H\u00fcpfburg aus. Mit einer gro\u00dfen Kuchenauswahl, Bratw\u00fcrsten und diversen Getr\u00e4nken war auch f\u00fcr das leibliche Wohl gesorgt. Alle diese Angebote waren im engeren Sinne kostenfrei \u2013 die Besucher steckten so viel sie konnten und so viel, wie ihnen angemessen erschien, in die Spendendosen.\n\n\n<h3><strong>Geschenkte Zeit<\/strong><\/h3>\n\n\nBeim Rundgang durch das Haus erfuhren die G\u00e4ste viel Wissenswertes, so z. B. dass das Kinderhospiz das einzige in Sachsen ist, dass die Eltern \u2013 soweit es ihnen m\u00f6glich ist \u2013\u00a0 ohne zeitliche Einschr\u00e4nkung an der Seite ihres schwerstkranken Kindes leben k\u00f6nnen und dass es einen ambulanten Bereich gibt, durch dessen Mitarbeiter und ehrenamtliche Helfer Familien unheilbar kranker Kinder zu Hause betreut werden. Die Eltern und Geschwister bekommen dadurch Zeit geschenkt, denn oft bleibt die Befriedigung ihrer Bed\u00fcrfnisse zugunsten des schwerkranken Kindes auf der Strecke.\n\n\n<h3><strong>Angehende Erzieher wirkten unterst\u00fctzend mit<\/strong><\/h3>\n\n\nDie Fachsch\u00fcler der <a href=\"https:\/\/www.euroakademie.de\/leipzig\">Euro Akademie Leipzig<\/a> gestalteten am Tag der offenen T\u00fcr Traumf\u00e4nger und Dufts\u00e4ckchen, schminkten die Kinder vor Ort als Schmetterlinge oder Marienk\u00e4fer und fertigten Schmuck aus Holzperlen und Nudeln an. Ganz besonders kamen die Kreationen raffinierter Zopf-Frisuren an. Einige der Sch\u00fcler haben sich vorgenommen, die Arbeit des Kinderhospizes auch weiterhin zu unterst\u00fctzen, z. B. den Patienten und ihren Geschwistern vorzulesen oder mit ihnen gemeinsam Musik zu machen. Die professionelle Arbeit im p\u00e4dagogischen Bereich eines Kinderhospizes geh\u00f6rt zu den m\u00f6glichen Berufsfeldern von <a href=\"https:\/\/www.euroakademie.de\/bildungsangebote\/paedagogik-soziales\">Erziehern<\/a>, ist aber mit besonderen Anforderungen an die psychische Belastbarkeit und an die Flexibilit\u00e4t verbunden.\n\nDoch nicht alle Lebenswege im Kinderhospiz enden tragisch: Ein Junge, der mit vier Monaten mit einer prognostizierten Lebenserwartung von nur wenigen Monaten ins Hospiz kam, feierte k\u00fcrzlich in einer Pflegefamilie seinen achten Geburtstag.\n\n<em>Autorin: Dr. Petra Lederer<\/em>]]>\t\t<\/p>\n","protected":false},"excerpt":{"rendered":"<p>\t\t\t\t<![CDATA[]]>\t\t<\/p>\n","protected":false},"author":16,"featured_media":2904,"comment_status":"closed","ping_status":"closed","sticky":false,"template":"","format":"standard","meta":{"footnotes":""},"categories":[136,19],"tags":[],"class_list":{"0":"post-2901","1":"post","2":"type-post","3":"status-publish","4":"format-standard","5":"has-post-thumbnail","7":"category-leipzig","8":"category-paedagogik-soziales"},"yoast_head":"<!-- This site is optimized with the Yoast SEO plugin v23.5 - https:\/\/yoast.com\/wordpress\/plugins\/seo\/ -->\n<title>Erzieher: Fachsch\u00fcler besuchen Kinderhospiz<\/title>\n<meta name=\"description\" content=\"Die Erzieher-Sch\u00fcler der Euro Akademie Leipzig besuchen das Kinderhospiz B\u00e4renherz \u2013 und lernen es damit von einer ganz anderen Seite zu betrachten.\" \/>\n<meta name=\"robots\" content=\"index, follow, max-snippet:-1, max-image-preview:large, max-video-preview:-1\" \/>\n<link rel=\"canonical\" href=\"https:\/\/www.euroakademie.de\/magazin\/von-trauer-leid-und-lebensfreude-fachschueler-im-kinderhospiz-baerenherz\/\" \/>\n<meta property=\"og:locale\" content=\"de_DE\" \/>\n<meta property=\"og:type\" content=\"article\" \/>\n<meta property=\"og:title\" content=\"Erzieher: Fachsch\u00fcler besuchen Kinderhospiz\" \/>\n<meta property=\"og:description\" content=\"Die Erzieher-Sch\u00fcler der Euro Akademie Leipzig besuchen das Kinderhospiz B\u00e4renherz \u2013 und lernen es damit von einer ganz anderen Seite zu betrachten.\" \/>\n<meta property=\"og:url\" content=\"https:\/\/www.euroakademie.de\/magazin\/von-trauer-leid-und-lebensfreude-fachschueler-im-kinderhospiz-baerenherz\/\" \/>\n<meta property=\"og:site_name\" content=\"Das Euro Akademie Magazin\" \/>\n<meta property=\"article:published_time\" content=\"2015-09-11T11:53:34+00:00\" \/>\n<meta property=\"article:modified_time\" content=\"2024-12-09T12:31:06+00:00\" \/>\n<meta property=\"og:image\" content=\"https:\/\/www.euroakademie.de\/magazin\/wp-content\/uploads\/2015\/09\/ph-kinderhospiz-baerenherz-e1441972482229.jpg\" \/>\n\t<meta property=\"og:image:width\" content=\"1182\" \/>\n\t<meta property=\"og:image:height\" content=\"564\" \/>\n\t<meta property=\"og:image:type\" content=\"image\/jpeg\" \/>\n<meta name=\"author\" content=\"Gastautor\" \/>\n<meta name=\"twitter:card\" content=\"summary_large_image\" \/>\n<meta name=\"twitter:label1\" content=\"Verfasst von\" \/>\n\t<meta name=\"twitter:data1\" content=\"Gastautor\" \/>\n\t<meta name=\"twitter:label2\" content=\"Gesch\u00e4tzte Lesezeit\" \/>\n\t<meta name=\"twitter:data2\" content=\"2\u00a0Minuten\" \/>\n<script type=\"application\/ld+json\" class=\"yoast-schema-graph\">{\"@context\":\"https:\/\/schema.org\",\"@graph\":[{\"@type\":\"Article\",\"@id\":\"https:\/\/www.euroakademie.de\/magazin\/von-trauer-leid-und-lebensfreude-fachschueler-im-kinderhospiz-baerenherz\/#article\",\"isPartOf\":{\"@id\":\"https:\/\/www.euroakademie.de\/magazin\/von-trauer-leid-und-lebensfreude-fachschueler-im-kinderhospiz-baerenherz\/\"},\"author\":{\"name\":\"Gastautor\",\"@id\":\"https:\/\/www.euroakademie.de\/magazin\/#\/schema\/person\/29e379ae109b856cf2109112ce9db2f0\"},\"headline\":\"Von Trauer, Leid und Lebensfreude: Fachsch\u00fcler im Kinderhospiz B\u00e4renherz\",\"datePublished\":\"2015-09-11T11:53:34+00:00\",\"dateModified\":\"2024-12-09T12:31:06+00:00\",\"mainEntityOfPage\":{\"@id\":\"https:\/\/www.euroakademie.de\/magazin\/von-trauer-leid-und-lebensfreude-fachschueler-im-kinderhospiz-baerenherz\/\"},\"wordCount\":464,\"publisher\":{\"@id\":\"https:\/\/www.euroakademie.de\/magazin\/#organization\"},\"image\":{\"@id\":\"https:\/\/www.euroakademie.de\/magazin\/von-trauer-leid-und-lebensfreude-fachschueler-im-kinderhospiz-baerenherz\/#primaryimage\"},\"thumbnailUrl\":\"https:\/\/www.euroakademie.de\/magazin\/wp-content\/uploads\/2015\/09\/ph-kinderhospiz-baerenherz-e1441972482229.jpg\",\"articleSection\":[\"Leipzig\",\"P\u00e4dagogik &amp; Soziales\"],\"inLanguage\":\"de\"},{\"@type\":\"WebPage\",\"@id\":\"https:\/\/www.euroakademie.de\/magazin\/von-trauer-leid-und-lebensfreude-fachschueler-im-kinderhospiz-baerenherz\/\",\"url\":\"https:\/\/www.euroakademie.de\/magazin\/von-trauer-leid-und-lebensfreude-fachschueler-im-kinderhospiz-baerenherz\/\",\"name\":\"Erzieher: Fachsch\u00fcler besuchen Kinderhospiz\",\"isPartOf\":{\"@id\":\"https:\/\/www.euroakademie.de\/magazin\/#website\"},\"primaryImageOfPage\":{\"@id\":\"https:\/\/www.euroakademie.de\/magazin\/von-trauer-leid-und-lebensfreude-fachschueler-im-kinderhospiz-baerenherz\/#primaryimage\"},\"image\":{\"@id\":\"https:\/\/www.euroakademie.de\/magazin\/von-trauer-leid-und-lebensfreude-fachschueler-im-kinderhospiz-baerenherz\/#primaryimage\"},\"thumbnailUrl\":\"https:\/\/www.euroakademie.de\/magazin\/wp-content\/uploads\/2015\/09\/ph-kinderhospiz-baerenherz-e1441972482229.jpg\",\"datePublished\":\"2015-09-11T11:53:34+00:00\",\"dateModified\":\"2024-12-09T12:31:06+00:00\",\"description\":\"Die Erzieher-Sch\u00fcler der Euro Akademie Leipzig besuchen das Kinderhospiz B\u00e4renherz \u2013 und lernen es damit von einer ganz anderen Seite zu betrachten.\",\"breadcrumb\":{\"@id\":\"https:\/\/www.euroakademie.de\/magazin\/von-trauer-leid-und-lebensfreude-fachschueler-im-kinderhospiz-baerenherz\/#breadcrumb\"},\"inLanguage\":\"de\",\"potentialAction\":[{\"@type\":\"ReadAction\",\"target\":[\"https:\/\/www.euroakademie.de\/magazin\/von-trauer-leid-und-lebensfreude-fachschueler-im-kinderhospiz-baerenherz\/\"]}]},{\"@type\":\"ImageObject\",\"inLanguage\":\"de\",\"@id\":\"https:\/\/www.euroakademie.de\/magazin\/von-trauer-leid-und-lebensfreude-fachschueler-im-kinderhospiz-baerenherz\/#primaryimage\",\"url\":\"https:\/\/www.euroakademie.de\/magazin\/wp-content\/uploads\/2015\/09\/ph-kinderhospiz-baerenherz-e1441972482229.jpg\",\"contentUrl\":\"https:\/\/www.euroakademie.de\/magazin\/wp-content\/uploads\/2015\/09\/ph-kinderhospiz-baerenherz-e1441972482229.jpg\",\"width\":1182,\"height\":564,\"caption\":\"\"},{\"@type\":\"BreadcrumbList\",\"@id\":\"https:\/\/www.euroakademie.de\/magazin\/von-trauer-leid-und-lebensfreude-fachschueler-im-kinderhospiz-baerenherz\/#breadcrumb\",\"itemListElement\":[{\"@type\":\"ListItem\",\"position\":1,\"name\":\"Startseite\",\"item\":\"https:\/\/www.euroakademie.de\/magazin\/\"},{\"@type\":\"ListItem\",\"position\":2,\"name\":\"Von Trauer, Leid und Lebensfreude: Fachsch\u00fcler im Kinderhospiz B\u00e4renherz\"}]},{\"@type\":\"WebSite\",\"@id\":\"https:\/\/www.euroakademie.de\/magazin\/#website\",\"url\":\"https:\/\/www.euroakademie.de\/magazin\/\",\"name\":\"Das Euro Akademie Magazin\",\"description\":\"Gut informiert durch Ausbildung und Studium\",\"publisher\":{\"@id\":\"https:\/\/www.euroakademie.de\/magazin\/#organization\"},\"potentialAction\":[{\"@type\":\"SearchAction\",\"target\":{\"@type\":\"EntryPoint\",\"urlTemplate\":\"https:\/\/www.euroakademie.de\/magazin\/?s={search_term_string}\"},\"query-input\":{\"@type\":\"PropertyValueSpecification\",\"valueRequired\":true,\"valueName\":\"search_term_string\"}}],\"inLanguage\":\"de\"},{\"@type\":\"Organization\",\"@id\":\"https:\/\/www.euroakademie.de\/magazin\/#organization\",\"name\":\"ESO Education Group\",\"url\":\"https:\/\/www.euroakademie.de\/magazin\/\",\"logo\":{\"@type\":\"ImageObject\",\"inLanguage\":\"de\",\"@id\":\"https:\/\/www.euroakademie.de\/magazin\/#\/schema\/logo\/image\/\",\"url\":\"https:\/\/relaunch.euroakademie.de\/magazin\/wp-content\/uploads\/2024\/11\/Logo_EA_negativ_Rahmen_5cm_300dpi_RGB.jpg\",\"contentUrl\":\"https:\/\/relaunch.euroakademie.de\/magazin\/wp-content\/uploads\/2024\/11\/Logo_EA_negativ_Rahmen_5cm_300dpi_RGB.jpg\",\"width\":591,\"height\":236,\"caption\":\"ESO Education Group\"},\"image\":{\"@id\":\"https:\/\/www.euroakademie.de\/magazin\/#\/schema\/logo\/image\/\"}},{\"@type\":\"Person\",\"@id\":\"https:\/\/www.euroakademie.de\/magazin\/#\/schema\/person\/29e379ae109b856cf2109112ce9db2f0\",\"name\":\"Gastautor\",\"description\":\"P\u00e4dagoge, Bewerbungscoachin, Dozent oder \u00dcbersetzerin \u2013 hier schreibt ein Fachmann oder eine Fachfrau \u00fcber ein Spezialthema. Unsere Gastautor*innen bereichern uns regelm\u00e4\u00dfig mit Expertenwissen und Insider-Infos.\",\"url\":\"https:\/\/www.euroakademie.de\/magazin\/author\/gastautor\/\"}]}<\/script>\n<!-- \/ Yoast SEO plugin. -->","yoast_head_json":{"title":"Erzieher: Fachsch\u00fcler besuchen Kinderhospiz","description":"Die Erzieher-Sch\u00fcler der Euro Akademie Leipzig besuchen das Kinderhospiz B\u00e4renherz \u2013 und lernen es damit von einer ganz anderen Seite zu betrachten.","robots":{"index":"index","follow":"follow","max-snippet":"max-snippet:-1","max-image-preview":"max-image-preview:large","max-video-preview":"max-video-preview:-1"},"canonical":"https:\/\/www.euroakademie.de\/magazin\/von-trauer-leid-und-lebensfreude-fachschueler-im-kinderhospiz-baerenherz\/","og_locale":"de_DE","og_type":"article","og_title":"Erzieher: Fachsch\u00fcler besuchen Kinderhospiz","og_description":"Die Erzieher-Sch\u00fcler der Euro Akademie Leipzig besuchen das Kinderhospiz B\u00e4renherz \u2013 und lernen es damit von einer ganz anderen Seite zu betrachten.","og_url":"https:\/\/www.euroakademie.de\/magazin\/von-trauer-leid-und-lebensfreude-fachschueler-im-kinderhospiz-baerenherz\/","og_site_name":"Das Euro Akademie Magazin","article_published_time":"2015-09-11T11:53:34+00:00","article_modified_time":"2024-12-09T12:31:06+00:00","og_image":[{"width":1182,"height":564,"url":"https:\/\/www.euroakademie.de\/magazin\/wp-content\/uploads\/2015\/09\/ph-kinderhospiz-baerenherz-e1441972482229.jpg","type":"image\/jpeg"}],"author":"Gastautor","twitter_card":"summary_large_image","twitter_misc":{"Verfasst von":"Gastautor","Gesch\u00e4tzte Lesezeit":"2\u00a0Minuten"},"schema":{"@context":"https:\/\/schema.org","@graph":[{"@type":"Article","@id":"https:\/\/www.euroakademie.de\/magazin\/von-trauer-leid-und-lebensfreude-fachschueler-im-kinderhospiz-baerenherz\/#article","isPartOf":{"@id":"https:\/\/www.euroakademie.de\/magazin\/von-trauer-leid-und-lebensfreude-fachschueler-im-kinderhospiz-baerenherz\/"},"author":{"name":"Gastautor","@id":"https:\/\/www.euroakademie.de\/magazin\/#\/schema\/person\/29e379ae109b856cf2109112ce9db2f0"},"headline":"Von Trauer, Leid und Lebensfreude: Fachsch\u00fcler im Kinderhospiz B\u00e4renherz","datePublished":"2015-09-11T11:53:34+00:00","dateModified":"2024-12-09T12:31:06+00:00","mainEntityOfPage":{"@id":"https:\/\/www.euroakademie.de\/magazin\/von-trauer-leid-und-lebensfreude-fachschueler-im-kinderhospiz-baerenherz\/"},"wordCount":464,"publisher":{"@id":"https:\/\/www.euroakademie.de\/magazin\/#organization"},"image":{"@id":"https:\/\/www.euroakademie.de\/magazin\/von-trauer-leid-und-lebensfreude-fachschueler-im-kinderhospiz-baerenherz\/#primaryimage"},"thumbnailUrl":"https:\/\/www.euroakademie.de\/magazin\/wp-content\/uploads\/2015\/09\/ph-kinderhospiz-baerenherz-e1441972482229.jpg","articleSection":["Leipzig","P\u00e4dagogik &amp; Soziales"],"inLanguage":"de"},{"@type":"WebPage","@id":"https:\/\/www.euroakademie.de\/magazin\/von-trauer-leid-und-lebensfreude-fachschueler-im-kinderhospiz-baerenherz\/","url":"https:\/\/www.euroakademie.de\/magazin\/von-trauer-leid-und-lebensfreude-fachschueler-im-kinderhospiz-baerenherz\/","name":"Erzieher: Fachsch\u00fcler besuchen Kinderhospiz","isPartOf":{"@id":"https:\/\/www.euroakademie.de\/magazin\/#website"},"primaryImageOfPage":{"@id":"https:\/\/www.euroakademie.de\/magazin\/von-trauer-leid-und-lebensfreude-fachschueler-im-kinderhospiz-baerenherz\/#primaryimage"},"image":{"@id":"https:\/\/www.euroakademie.de\/magazin\/von-trauer-leid-und-lebensfreude-fachschueler-im-kinderhospiz-baerenherz\/#primaryimage"},"thumbnailUrl":"https:\/\/www.euroakademie.de\/magazin\/wp-content\/uploads\/2015\/09\/ph-kinderhospiz-baerenherz-e1441972482229.jpg","datePublished":"2015-09-11T11:53:34+00:00","dateModified":"2024-12-09T12:31:06+00:00","description":"Die Erzieher-Sch\u00fcler der Euro Akademie Leipzig besuchen das Kinderhospiz B\u00e4renherz \u2013 und lernen es damit von einer ganz anderen Seite zu betrachten.","breadcrumb":{"@id":"https:\/\/www.euroakademie.de\/magazin\/von-trauer-leid-und-lebensfreude-fachschueler-im-kinderhospiz-baerenherz\/#breadcrumb"},"inLanguage":"de","potentialAction":[{"@type":"ReadAction","target":["https:\/\/www.euroakademie.de\/magazin\/von-trauer-leid-und-lebensfreude-fachschueler-im-kinderhospiz-baerenherz\/"]}]},{"@type":"ImageObject","inLanguage":"de","@id":"https:\/\/www.euroakademie.de\/magazin\/von-trauer-leid-und-lebensfreude-fachschueler-im-kinderhospiz-baerenherz\/#primaryimage","url":"https:\/\/www.euroakademie.de\/magazin\/wp-content\/uploads\/2015\/09\/ph-kinderhospiz-baerenherz-e1441972482229.jpg","contentUrl":"https:\/\/www.euroakademie.de\/magazin\/wp-content\/uploads\/2015\/09\/ph-kinderhospiz-baerenherz-e1441972482229.jpg","width":1182,"height":564,"caption":""},{"@type":"BreadcrumbList","@id":"https:\/\/www.euroakademie.de\/magazin\/von-trauer-leid-und-lebensfreude-fachschueler-im-kinderhospiz-baerenherz\/#breadcrumb","itemListElement":[{"@type":"ListItem","position":1,"name":"Startseite","item":"https:\/\/www.euroakademie.de\/magazin\/"},{"@type":"ListItem","position":2,"name":"Von Trauer, Leid und Lebensfreude: Fachsch\u00fcler im Kinderhospiz B\u00e4renherz"}]},{"@type":"WebSite","@id":"https:\/\/www.euroakademie.de\/magazin\/#website","url":"https:\/\/www.euroakademie.de\/magazin\/","name":"Das Euro Akademie Magazin","description":"Gut informiert durch Ausbildung und Studium","publisher":{"@id":"https:\/\/www.euroakademie.de\/magazin\/#organization"},"potentialAction":[{"@type":"SearchAction","target":{"@type":"EntryPoint","urlTemplate":"https:\/\/www.euroakademie.de\/magazin\/?s={search_term_string}"},"query-input":{"@type":"PropertyValueSpecification","valueRequired":true,"valueName":"search_term_string"}}],"inLanguage":"de"},{"@type":"Organization","@id":"https:\/\/www.euroakademie.de\/magazin\/#organization","name":"ESO Education Group","url":"https:\/\/www.euroakademie.de\/magazin\/","logo":{"@type":"ImageObject","inLanguage":"de","@id":"https:\/\/www.euroakademie.de\/magazin\/#\/schema\/logo\/image\/","url":"https:\/\/relaunch.euroakademie.de\/magazin\/wp-content\/uploads\/2024\/11\/Logo_EA_negativ_Rahmen_5cm_300dpi_RGB.jpg","contentUrl":"https:\/\/relaunch.euroakademie.de\/magazin\/wp-content\/uploads\/2024\/11\/Logo_EA_negativ_Rahmen_5cm_300dpi_RGB.jpg","width":591,"height":236,"caption":"ESO Education Group"},"image":{"@id":"https:\/\/www.euroakademie.de\/magazin\/#\/schema\/logo\/image\/"}},{"@type":"Person","@id":"https:\/\/www.euroakademie.de\/magazin\/#\/schema\/person\/29e379ae109b856cf2109112ce9db2f0","name":"Gastautor","description":"P\u00e4dagoge, Bewerbungscoachin, Dozent oder \u00dcbersetzerin \u2013 hier schreibt ein Fachmann oder eine Fachfrau \u00fcber ein Spezialthema. Unsere Gastautor*innen bereichern uns regelm\u00e4\u00dfig mit Expertenwissen und Insider-Infos.","url":"https:\/\/www.euroakademie.de\/magazin\/author\/gastautor\/"}]}},"_links":{"self":[{"href":"https:\/\/www.euroakademie.de\/magazin\/wp-json\/wp\/v2\/posts\/2901","targetHints":{"allow":["GET"]}}],"collection":[{"href":"https:\/\/www.euroakademie.de\/magazin\/wp-json\/wp\/v2\/posts"}],"about":[{"href":"https:\/\/www.euroakademie.de\/magazin\/wp-json\/wp\/v2\/types\/post"}],"author":[{"embeddable":true,"href":"https:\/\/www.euroakademie.de\/magazin\/wp-json\/wp\/v2\/users\/16"}],"replies":[{"embeddable":true,"href":"https:\/\/www.euroakademie.de\/magazin\/wp-json\/wp\/v2\/comments?post=2901"}],"version-history":[{"count":2,"href":"https:\/\/www.euroakademie.de\/magazin\/wp-json\/wp\/v2\/posts\/2901\/revisions"}],"predecessor-version":[{"id":26601,"href":"https:\/\/www.euroakademie.de\/magazin\/wp-json\/wp\/v2\/posts\/2901\/revisions\/26601"}],"wp:featuredmedia":[{"embeddable":true,"href":"https:\/\/www.euroakademie.de\/magazin\/wp-json\/wp\/v2\/media\/2904"}],"wp:attachment":[{"href":"https:\/\/www.euroakademie.de\/magazin\/wp-json\/wp\/v2\/media?parent=2901"}],"wp:term":[{"taxonomy":"category","embeddable":true,"href":"https:\/\/www.euroakademie.de\/magazin\/wp-json\/wp\/v2\/categories?post=2901"},{"taxonomy":"post_tag","embeddable":true,"href":"https:\/\/www.euroakademie.de\/magazin\/wp-json\/wp\/v2\/tags?post=2901"}],"curies":[{"name":"wp","href":"https:\/\/api.w.org\/{rel}","templated":true}]}}