{"id":2953,"date":"2015-09-18T10:03:12","date_gmt":"2015-09-18T08:03:12","guid":{"rendered":"https:\/\/www.euroakademie.de\/magazin\/?p=2953"},"modified":"2015-09-18T10:03:12","modified_gmt":"2015-09-18T08:03:12","slug":"ausbildung-des-monats-physiotherapeut","status":"publish","type":"post","link":"https:\/\/www.euroakademie.de\/magazin\/ausbildung-des-monats-physiotherapeut\/","title":{"rendered":"Ausbildung des Monats: Physiotherapeut"},"content":{"rendered":"<p>\t\t\t\t<![CDATA[<strong>Am 8. September w<\/strong><strong>ar der Welt-Physiotherapie-Tag. Die Botschaft war eindeutig: Egal ob jung oder alt, fit oder nicht \u2013 die Physiothera<\/strong><strong>pie verhilft unabh\u00e4ngig von k\u00f6rperlichen Erkrankungen und Lebensabschnitten zu einem ak<\/strong><strong>tiven und ges\u00fcnderen Leben. Wir nehmen diese Botschaft zum Anlass und stellen Ihnen den Beruf des Physiotherapeuten in unserer Ausbildung des Monats September vor.\n<\/strong>\n\nDer Gesundheitsbranche wird immer wieder nachgesagt, dass sie die zukunftsweisendsten Jobs birgt. Kein Wunder, wenn man bedenkt, dass sie viermal schneller w\u00e4chst als die deutsche Wirtschaft<a href=\"http:\/\/www.welt.de\/wirtschaft\/article110261206\/Gesundheitsbranche-ist-der-Top-Wachstumsmotor.html\" target=\"_blank\" rel=\"noopener\" name=\"_ftnref1\">[1]<\/a>. W\u00e4hrend noch vor wenigen Jahrzehnten Unterern\u00e4hrung und mangelnde Hygiene f\u00fcr die h\u00e4ufigsten Sterbef\u00e4lle weltweit verantwortlich waren, hat sich die Gesellschaft enorm gewandelt. Nicht nur Ern\u00e4hrungsgewohnheiten, sondern ganze Verhaltensmuster haben sich ver\u00e4ndert. Wir arbeiten l\u00e4ngst nicht mehr nur mit unserem K\u00f6rper, sondern \u00fcberwiegend mit dem Kopf. Da \u00fcberrascht es nicht, dass unser K\u00f6rper bereits in jungen Jahren \u201erostet\u201c.\n\nEines der in Deutschland am weitesten verbreiteten Leiden, das durch den Bewegungsmangel entsteht, sind R\u00fcckenschmerzen. Fast 80% aller Mitteleurop\u00e4er leiden mindestens einmal in ihrem Leben daran. Bei akuten Schmerzen hilft da oft nur der Gang zum Physiotherapeuten. Heute ein Beruf, der f\u00fcr viele Patienten oft wahre Wunder vollbringt. Doch was macht ein Physiotherapeut eigentlich? Wann kann er helfen und wann nicht? Wir zeigen Ihnen, wie der normale Tag eines Physiotherapeuten aussieht, f\u00fcr wen dieser Beruf geeignet ist und welche Einsatzm\u00f6glichkeiten sich ihm bieten.\n\n\n<h2><strong>Ein <\/strong><strong>ganz normaler Tag als Physiotherapeut<\/strong><\/h2>\n\n\n<em>\u201eDer Terminplan ist voll. Weit \u00fcber 10 Patienten stehen an, f\u00fcr jeden sind nur 30 Minuten angesetzt. F\u00fcr die meisten ist das viel zu wenig Zeit, aber es wird genug sein, um dem Schmerz entgegenzuwirken. Herr D\u00fcrmann steht ebenfalls im Kalender \u2013 hier konnten wir in der letzten Woche mit der neuen Befundung neue Therapieformen in den Plan integrieren. Das ist sehr gut! Die ersten zwei Sitzungen waren durchaus positiv. Doch es werden weitere folgen m\u00fcssen, um langfristigen Erfolg erzielen zu k\u00f6nnen. Frau Sleiman ist gleich als erstes dran. Bei ihr stehen f\u00fcr den Befund weitere Tests an, die sollten gleich heute fr\u00fch durchgef\u00fchrt werden um m\u00f6glichst zeitig einen Therapieplan erstellen zu k\u00f6nnen. Ich werde unsere Assistentin an der Rezeption ausnahmsweise bitten m\u00fcssen, mir bei der Dokumentation, den Abrechnungen und der Fertigstellung der Verordnungen unter die Arme zu greifen. Das gebe ich sehr ungern ab, doch f\u00fcr Frau Sleiman ben\u00f6tige ich die Zeit um sie zu motivieren, ihr Mut zuzusprechen. Der Therapieerfolg wird wesentlich davon abh\u00e4ngen. Und bei dem Pensum an Patienten sollte ich mich heute ganz besonders an den Zeitplan halten. Auf geht\u2019s.\u201c<\/em>\n\nSo oder so \u00e4hnlich k\u00f6nnte ein ganz gew\u00f6hnlicher Arbeitstag als Physiotherapeut aussehen. Die Therapien der Patienten stehen im Vordergrund, doch wichtig ist genauso, die Schmerzen zu analysieren. Woher kommen die Beschwerden? Schl\u00e4gt eine Therapie nicht an, muss neu befundet und ein neuer Therapieplan erstellt werden. Und auch Dokumentationen, Rezepte und Abrechnungen m\u00fcssen fertiggestellt werden. Das kann stressig werden, doch auch viel Spa\u00df machen!\n\n\n<h2><strong>Kann ich das?<\/strong><\/h2>\n\n\nPhysiotherapeuten haben einen sehr aktiven Beruf. Sie arbeiten mit Menschen und f\u00fcr Menschen. Die Freude an der Arbeit mit Patienten und wenig Ber\u00fchrungs\u00e4ngste mit ihnen sind wichtige Eigenschaften, sich in dem Beruf wohlzuf\u00fchlen. Faszinieren Sie zudem der Aufbau des K\u00f6rpers, Gelenke und Muskeln und haben Sie Freude daran, beschriebene Symptome zu analysieren, Befunde zu erstellen und eine entsprechende Therapie f\u00fcr den Patienten abzuleiten und auch durchzuf\u00fchren, bringen Sie die besten Voraussetzungen f\u00fcr diesen medizinisch-therapeutischen Beruf mit. Der Physiotherapeut ist jedoch mehr als das. Der Beruf verlangt ihnen medizinisches Verst\u00e4ndnis und k\u00f6rperliche Fitness ab. Genauso elementar ist die emotionale St\u00e4rke. Sie haben mit Patienten zu tun, die teils schwere Schmerzen haben. Es ist wichtig, dass Physiotherapeuten sich in sie hineinversetzen und sie motivieren k\u00f6nnen. Bei k\u00f6rperlichen Beschwerden leidet immer auch die Seele. Es ist die Aufgabe des Physiotherapeuten, vom Schmerz abzulenken, die Interessen des Patienten zu kennen und ihn zu motivieren. Dabei ist es oft eine Kunst, auf gleicher emotionaler Ebene kommunizieren zu k\u00f6nnen.\n\n\n<h2><strong>Praxis, Klinik oder Wellnessresort?<\/strong><\/h2>\n\n\nDenkt man an den Beruf des Physiotherapeuten, kommt vielen sofort der Praxisalltag in den Sinn. Und tats\u00e4chlich ist eine Physiotherapiepraxis der wohl h\u00e4ufigste Arbeitsplatz. Der Bedarf an physiotherapeutischen Praxen ist gro\u00df und viele Patienten m\u00f6chten und m\u00fcssen ihre Behandlungen in ihren Alltag integrieren. Es ist jedoch nicht die einzige Einsatzm\u00f6glichkeit. Krankenh\u00e4user, Reha- und Kurkliniken, Fr\u00fchf\u00f6rderstellen, sozialp\u00e4diatrische Zentren sowie andere medizinische Einrichtungen hegen Bedarf an gut ausgebildetem Personal. Der nicht ganz neue, aber stetige Trend eines gesunden K\u00f6rpers und Geists veranlasst Hotels oder Sport-, Fitness- oder Wellnesscenter dazu, physiotherapeutische Behandlungen verst\u00e4rkt anzubieten.\n\n\n<h2><strong>Welche Perspektiven bieten sich nach der Ausbildung?<\/strong><\/h2>\n\n\nDie Perspektiven als gut ausgebildeter Physiotherapeut sind sehr gut. Sie werden bei leichten k\u00f6rperlichen Beschwerden in Gelenk und Muskeln genauso gebraucht wie nach schweren Unf\u00e4llen. Die mangelnde Bewegung auf der einen und das zunehmende Altern der Gesellschaft auf der anderen Seite bedingen auch in Zukunft einen kontinuierlichen Bedarf an physiotherapeutischen Behandlungen.\n\n\u00dcber eines sollte sich allerdings jeder, der diesen Ausbildungsberuf in Erw\u00e4gung zieht, im Klaren sein: Es gibt kaum einen anderen Bereich, der so stark von Weiterbildungen und Spezialisierungen gepr\u00e4gt ist. Es ist durchaus m\u00f6glich, dass ein Berufseinstieg nach der grundst\u00e4ndigen physiotherapeutischen Ausbildung erst mit einer zus\u00e4tzlichen Ausbildung in der Manuellen Lymphdrainage oder der Manuellen Therapie m\u00f6glich ist. Doch es lohnt sich. Physiotherapeuten sind nicht nur sehr gefragt, sie tragen einen wesentlichen Teil zur Gesundheit und Lebensfreude unserer Gesellschaft bei.\n\n\n<h4>Das k\u00f6nnte Sie auch interessieren:<\/h4>\n\n\n\n\n<ul>\n \t\n\n<li><a href=\"https:\/\/www.euroakademie.de\/magazin\/ausbildung-des-monats-erzieher\/\">Ausbildung des Monats: Erzieher<\/a><\/li>\n\n\n \t\n\n<li><a href=\"https:\/\/www.euroakademie.de\/magazin\/lesetipp-neurobiologie-des-kindlichen-lernens\/\">Lesetipp: Neurobiologie des kindlichen Lernens<\/a><\/li>\n\n\n \t\n\n<li><a href=\"https:\/\/www.euroakademie.de\/magazin\/mehr-anerkennung-fuer-den-beruf-heilerziehungspfleger\/\">Mehr Anerkennung f\u00fcr den Beruf Heilerziehungspfleger<\/a><\/li>\n\n\n<\/ul>\n\n\n\n\n<h4><strong>Quellen:<\/strong><\/h4>\n\n\n<a href=\"#_ftnref1\" name=\"_ftn1\">[1]<\/a> http:\/\/www.welt.de\/wirtschaft\/article110261206\/Gesundheitsbranche-ist-der-Top-Wachstumsmotor.html]]>\t\t<\/p>\n","protected":false},"excerpt":{"rendered":"<p>\t\t\t\t<![CDATA[]]>\t\t<\/p>\n","protected":false},"author":7,"featured_media":7225,"comment_status":"closed","ping_status":"closed","sticky":false,"template":"","format":"standard","meta":{"footnotes":""},"categories":[67,16],"tags":[6490],"class_list":{"0":"post-2953","1":"post","2":"type-post","3":"status-publish","4":"format-standard","5":"has-post-thumbnail","7":"category-ausbildung-des-monats","8":"category-gesundheit-pflege","9":"tag-physiotherapeut"},"yoast_head":"<!-- This site is optimized with the Yoast SEO plugin v23.5 - https:\/\/yoast.com\/wordpress\/plugins\/seo\/ -->\n<title>Der Physiotherapeut in unserer Rubrik Ausbildung des Monats<\/title>\n<meta name=\"description\" content=\"Am 8. September ist Welt-Physiotherapie-Tag: Anlass, sich den Beruf Physiotherapeut, der junge wie \u00e4ltere Menschen aktiviert, genauer zu betrachten.\" \/>\n<meta name=\"robots\" content=\"index, follow, max-snippet:-1, max-image-preview:large, max-video-preview:-1\" \/>\n<link rel=\"canonical\" href=\"https:\/\/www.euroakademie.de\/magazin\/ausbildung-des-monats-physiotherapeut\/\" \/>\n<meta property=\"og:locale\" content=\"de_DE\" \/>\n<meta property=\"og:type\" content=\"article\" \/>\n<meta property=\"og:title\" content=\"Der Physiotherapeut in unserer Rubrik Ausbildung des Monats\" \/>\n<meta property=\"og:description\" content=\"Am 8. September ist Welt-Physiotherapie-Tag: Anlass, sich den Beruf Physiotherapeut, der junge wie \u00e4ltere Menschen aktiviert, genauer zu betrachten.\" \/>\n<meta property=\"og:url\" content=\"https:\/\/www.euroakademie.de\/magazin\/ausbildung-des-monats-physiotherapeut\/\" \/>\n<meta property=\"og:site_name\" content=\"Das Euro Akademie Magazin\" \/>\n<meta property=\"article:published_time\" content=\"2015-09-18T08:03:12+00:00\" \/>\n<meta property=\"og:image\" content=\"https:\/\/www.euroakademie.de\/magazin\/wp-content\/uploads\/2015\/09\/shutterstock_1005724756_702x336_web.jpg\" \/>\n\t<meta property=\"og:image:width\" content=\"702\" \/>\n\t<meta property=\"og:image:height\" content=\"336\" \/>\n\t<meta property=\"og:image:type\" content=\"image\/jpeg\" \/>\n<meta name=\"author\" content=\"Redaktion\" \/>\n<meta name=\"twitter:card\" content=\"summary_large_image\" \/>\n<meta name=\"twitter:label1\" content=\"Verfasst von\" \/>\n\t<meta name=\"twitter:data1\" content=\"Redaktion\" \/>\n\t<meta name=\"twitter:label2\" content=\"Gesch\u00e4tzte Lesezeit\" \/>\n\t<meta name=\"twitter:data2\" content=\"5\u00a0Minuten\" \/>\n<script type=\"application\/ld+json\" class=\"yoast-schema-graph\">{\"@context\":\"https:\/\/schema.org\",\"@graph\":[{\"@type\":\"Article\",\"@id\":\"https:\/\/www.euroakademie.de\/magazin\/ausbildung-des-monats-physiotherapeut\/#article\",\"isPartOf\":{\"@id\":\"https:\/\/www.euroakademie.de\/magazin\/ausbildung-des-monats-physiotherapeut\/\"},\"author\":{\"name\":\"Redaktion\",\"@id\":\"https:\/\/www.euroakademie.de\/magazin\/#\/schema\/person\/6c9b7b6db765ee31640d80c936be3686\"},\"headline\":\"Ausbildung des Monats: Physiotherapeut\",\"datePublished\":\"2015-09-18T08:03:12+00:00\",\"dateModified\":\"2015-09-18T08:03:12+00:00\",\"mainEntityOfPage\":{\"@id\":\"https:\/\/www.euroakademie.de\/magazin\/ausbildung-des-monats-physiotherapeut\/\"},\"wordCount\":974,\"publisher\":{\"@id\":\"https:\/\/www.euroakademie.de\/magazin\/#organization\"},\"image\":{\"@id\":\"https:\/\/www.euroakademie.de\/magazin\/ausbildung-des-monats-physiotherapeut\/#primaryimage\"},\"thumbnailUrl\":\"https:\/\/www.euroakademie.de\/magazin\/wp-content\/uploads\/2015\/09\/shutterstock_1005724756_702x336_web.jpg\",\"keywords\":[\"Physiotherapeut\"],\"articleSection\":[\"Ausbildungen im Portrait\",\"Gesundheit &amp; Pflege\"],\"inLanguage\":\"de\"},{\"@type\":\"WebPage\",\"@id\":\"https:\/\/www.euroakademie.de\/magazin\/ausbildung-des-monats-physiotherapeut\/\",\"url\":\"https:\/\/www.euroakademie.de\/magazin\/ausbildung-des-monats-physiotherapeut\/\",\"name\":\"Der Physiotherapeut in unserer Rubrik Ausbildung des Monats\",\"isPartOf\":{\"@id\":\"https:\/\/www.euroakademie.de\/magazin\/#website\"},\"primaryImageOfPage\":{\"@id\":\"https:\/\/www.euroakademie.de\/magazin\/ausbildung-des-monats-physiotherapeut\/#primaryimage\"},\"image\":{\"@id\":\"https:\/\/www.euroakademie.de\/magazin\/ausbildung-des-monats-physiotherapeut\/#primaryimage\"},\"thumbnailUrl\":\"https:\/\/www.euroakademie.de\/magazin\/wp-content\/uploads\/2015\/09\/shutterstock_1005724756_702x336_web.jpg\",\"datePublished\":\"2015-09-18T08:03:12+00:00\",\"dateModified\":\"2015-09-18T08:03:12+00:00\",\"description\":\"Am 8. September ist Welt-Physiotherapie-Tag: Anlass, sich den Beruf Physiotherapeut, der junge wie \u00e4ltere Menschen aktiviert, genauer zu betrachten.\",\"breadcrumb\":{\"@id\":\"https:\/\/www.euroakademie.de\/magazin\/ausbildung-des-monats-physiotherapeut\/#breadcrumb\"},\"inLanguage\":\"de\",\"potentialAction\":[{\"@type\":\"ReadAction\",\"target\":[\"https:\/\/www.euroakademie.de\/magazin\/ausbildung-des-monats-physiotherapeut\/\"]}]},{\"@type\":\"ImageObject\",\"inLanguage\":\"de\",\"@id\":\"https:\/\/www.euroakademie.de\/magazin\/ausbildung-des-monats-physiotherapeut\/#primaryimage\",\"url\":\"https:\/\/www.euroakademie.de\/magazin\/wp-content\/uploads\/2015\/09\/shutterstock_1005724756_702x336_web.jpg\",\"contentUrl\":\"https:\/\/www.euroakademie.de\/magazin\/wp-content\/uploads\/2015\/09\/shutterstock_1005724756_702x336_web.jpg\",\"width\":702,\"height\":336,\"caption\":\"\"},{\"@type\":\"BreadcrumbList\",\"@id\":\"https:\/\/www.euroakademie.de\/magazin\/ausbildung-des-monats-physiotherapeut\/#breadcrumb\",\"itemListElement\":[{\"@type\":\"ListItem\",\"position\":1,\"name\":\"Startseite\",\"item\":\"https:\/\/www.euroakademie.de\/magazin\/\"},{\"@type\":\"ListItem\",\"position\":2,\"name\":\"Ausbildung des Monats: Physiotherapeut\"}]},{\"@type\":\"WebSite\",\"@id\":\"https:\/\/www.euroakademie.de\/magazin\/#website\",\"url\":\"https:\/\/www.euroakademie.de\/magazin\/\",\"name\":\"Das Euro Akademie Magazin\",\"description\":\"Gut informiert durch Ausbildung und Studium\",\"publisher\":{\"@id\":\"https:\/\/www.euroakademie.de\/magazin\/#organization\"},\"potentialAction\":[{\"@type\":\"SearchAction\",\"target\":{\"@type\":\"EntryPoint\",\"urlTemplate\":\"https:\/\/www.euroakademie.de\/magazin\/?s={search_term_string}\"},\"query-input\":{\"@type\":\"PropertyValueSpecification\",\"valueRequired\":true,\"valueName\":\"search_term_string\"}}],\"inLanguage\":\"de\"},{\"@type\":\"Organization\",\"@id\":\"https:\/\/www.euroakademie.de\/magazin\/#organization\",\"name\":\"ESO Education Group\",\"url\":\"https:\/\/www.euroakademie.de\/magazin\/\",\"logo\":{\"@type\":\"ImageObject\",\"inLanguage\":\"de\",\"@id\":\"https:\/\/www.euroakademie.de\/magazin\/#\/schema\/logo\/image\/\",\"url\":\"https:\/\/relaunch.euroakademie.de\/magazin\/wp-content\/uploads\/2024\/11\/Logo_EA_negativ_Rahmen_5cm_300dpi_RGB.jpg\",\"contentUrl\":\"https:\/\/relaunch.euroakademie.de\/magazin\/wp-content\/uploads\/2024\/11\/Logo_EA_negativ_Rahmen_5cm_300dpi_RGB.jpg\",\"width\":591,\"height\":236,\"caption\":\"ESO Education Group\"},\"image\":{\"@id\":\"https:\/\/www.euroakademie.de\/magazin\/#\/schema\/logo\/image\/\"}},{\"@type\":\"Person\",\"@id\":\"https:\/\/www.euroakademie.de\/magazin\/#\/schema\/person\/6c9b7b6db765ee31640d80c936be3686\",\"name\":\"Redaktion\",\"description\":\"Die Redaktion des Euro Akademie Magazins h\u00e4lt Sie regelm\u00e4\u00dfig mit hintergr\u00fcndigen Artikeln auf dem Laufenden. Auf Basis einer fundierten Recherche und mit Spa\u00df am Schreiben erstellen die Redakteur*innen informative und unterhaltsame Inhalte f\u00fcr Sie.\",\"url\":\"https:\/\/www.euroakademie.de\/magazin\/author\/redaktion\/\"}]}<\/script>\n<!-- \/ Yoast SEO plugin. -->","yoast_head_json":{"title":"Der Physiotherapeut in unserer Rubrik Ausbildung des Monats","description":"Am 8. September ist Welt-Physiotherapie-Tag: Anlass, sich den Beruf Physiotherapeut, der junge wie \u00e4ltere Menschen aktiviert, genauer zu betrachten.","robots":{"index":"index","follow":"follow","max-snippet":"max-snippet:-1","max-image-preview":"max-image-preview:large","max-video-preview":"max-video-preview:-1"},"canonical":"https:\/\/www.euroakademie.de\/magazin\/ausbildung-des-monats-physiotherapeut\/","og_locale":"de_DE","og_type":"article","og_title":"Der Physiotherapeut in unserer Rubrik Ausbildung des Monats","og_description":"Am 8. September ist Welt-Physiotherapie-Tag: Anlass, sich den Beruf Physiotherapeut, der junge wie \u00e4ltere Menschen aktiviert, genauer zu betrachten.","og_url":"https:\/\/www.euroakademie.de\/magazin\/ausbildung-des-monats-physiotherapeut\/","og_site_name":"Das Euro Akademie Magazin","article_published_time":"2015-09-18T08:03:12+00:00","og_image":[{"width":702,"height":336,"url":"https:\/\/www.euroakademie.de\/magazin\/wp-content\/uploads\/2015\/09\/shutterstock_1005724756_702x336_web.jpg","type":"image\/jpeg"}],"author":"Redaktion","twitter_card":"summary_large_image","twitter_misc":{"Verfasst von":"Redaktion","Gesch\u00e4tzte Lesezeit":"5\u00a0Minuten"},"schema":{"@context":"https:\/\/schema.org","@graph":[{"@type":"Article","@id":"https:\/\/www.euroakademie.de\/magazin\/ausbildung-des-monats-physiotherapeut\/#article","isPartOf":{"@id":"https:\/\/www.euroakademie.de\/magazin\/ausbildung-des-monats-physiotherapeut\/"},"author":{"name":"Redaktion","@id":"https:\/\/www.euroakademie.de\/magazin\/#\/schema\/person\/6c9b7b6db765ee31640d80c936be3686"},"headline":"Ausbildung des Monats: Physiotherapeut","datePublished":"2015-09-18T08:03:12+00:00","dateModified":"2015-09-18T08:03:12+00:00","mainEntityOfPage":{"@id":"https:\/\/www.euroakademie.de\/magazin\/ausbildung-des-monats-physiotherapeut\/"},"wordCount":974,"publisher":{"@id":"https:\/\/www.euroakademie.de\/magazin\/#organization"},"image":{"@id":"https:\/\/www.euroakademie.de\/magazin\/ausbildung-des-monats-physiotherapeut\/#primaryimage"},"thumbnailUrl":"https:\/\/www.euroakademie.de\/magazin\/wp-content\/uploads\/2015\/09\/shutterstock_1005724756_702x336_web.jpg","keywords":["Physiotherapeut"],"articleSection":["Ausbildungen im Portrait","Gesundheit &amp; Pflege"],"inLanguage":"de"},{"@type":"WebPage","@id":"https:\/\/www.euroakademie.de\/magazin\/ausbildung-des-monats-physiotherapeut\/","url":"https:\/\/www.euroakademie.de\/magazin\/ausbildung-des-monats-physiotherapeut\/","name":"Der Physiotherapeut in unserer Rubrik Ausbildung des Monats","isPartOf":{"@id":"https:\/\/www.euroakademie.de\/magazin\/#website"},"primaryImageOfPage":{"@id":"https:\/\/www.euroakademie.de\/magazin\/ausbildung-des-monats-physiotherapeut\/#primaryimage"},"image":{"@id":"https:\/\/www.euroakademie.de\/magazin\/ausbildung-des-monats-physiotherapeut\/#primaryimage"},"thumbnailUrl":"https:\/\/www.euroakademie.de\/magazin\/wp-content\/uploads\/2015\/09\/shutterstock_1005724756_702x336_web.jpg","datePublished":"2015-09-18T08:03:12+00:00","dateModified":"2015-09-18T08:03:12+00:00","description":"Am 8. September ist Welt-Physiotherapie-Tag: Anlass, sich den Beruf Physiotherapeut, der junge wie \u00e4ltere Menschen aktiviert, genauer zu betrachten.","breadcrumb":{"@id":"https:\/\/www.euroakademie.de\/magazin\/ausbildung-des-monats-physiotherapeut\/#breadcrumb"},"inLanguage":"de","potentialAction":[{"@type":"ReadAction","target":["https:\/\/www.euroakademie.de\/magazin\/ausbildung-des-monats-physiotherapeut\/"]}]},{"@type":"ImageObject","inLanguage":"de","@id":"https:\/\/www.euroakademie.de\/magazin\/ausbildung-des-monats-physiotherapeut\/#primaryimage","url":"https:\/\/www.euroakademie.de\/magazin\/wp-content\/uploads\/2015\/09\/shutterstock_1005724756_702x336_web.jpg","contentUrl":"https:\/\/www.euroakademie.de\/magazin\/wp-content\/uploads\/2015\/09\/shutterstock_1005724756_702x336_web.jpg","width":702,"height":336,"caption":""},{"@type":"BreadcrumbList","@id":"https:\/\/www.euroakademie.de\/magazin\/ausbildung-des-monats-physiotherapeut\/#breadcrumb","itemListElement":[{"@type":"ListItem","position":1,"name":"Startseite","item":"https:\/\/www.euroakademie.de\/magazin\/"},{"@type":"ListItem","position":2,"name":"Ausbildung des Monats: Physiotherapeut"}]},{"@type":"WebSite","@id":"https:\/\/www.euroakademie.de\/magazin\/#website","url":"https:\/\/www.euroakademie.de\/magazin\/","name":"Das Euro Akademie Magazin","description":"Gut informiert durch Ausbildung und Studium","publisher":{"@id":"https:\/\/www.euroakademie.de\/magazin\/#organization"},"potentialAction":[{"@type":"SearchAction","target":{"@type":"EntryPoint","urlTemplate":"https:\/\/www.euroakademie.de\/magazin\/?s={search_term_string}"},"query-input":{"@type":"PropertyValueSpecification","valueRequired":true,"valueName":"search_term_string"}}],"inLanguage":"de"},{"@type":"Organization","@id":"https:\/\/www.euroakademie.de\/magazin\/#organization","name":"ESO Education Group","url":"https:\/\/www.euroakademie.de\/magazin\/","logo":{"@type":"ImageObject","inLanguage":"de","@id":"https:\/\/www.euroakademie.de\/magazin\/#\/schema\/logo\/image\/","url":"https:\/\/relaunch.euroakademie.de\/magazin\/wp-content\/uploads\/2024\/11\/Logo_EA_negativ_Rahmen_5cm_300dpi_RGB.jpg","contentUrl":"https:\/\/relaunch.euroakademie.de\/magazin\/wp-content\/uploads\/2024\/11\/Logo_EA_negativ_Rahmen_5cm_300dpi_RGB.jpg","width":591,"height":236,"caption":"ESO Education Group"},"image":{"@id":"https:\/\/www.euroakademie.de\/magazin\/#\/schema\/logo\/image\/"}},{"@type":"Person","@id":"https:\/\/www.euroakademie.de\/magazin\/#\/schema\/person\/6c9b7b6db765ee31640d80c936be3686","name":"Redaktion","description":"Die Redaktion des Euro Akademie Magazins h\u00e4lt Sie regelm\u00e4\u00dfig mit hintergr\u00fcndigen Artikeln auf dem Laufenden. Auf Basis einer fundierten Recherche und mit Spa\u00df am Schreiben erstellen die Redakteur*innen informative und unterhaltsame Inhalte f\u00fcr Sie.","url":"https:\/\/www.euroakademie.de\/magazin\/author\/redaktion\/"}]}},"_links":{"self":[{"href":"https:\/\/www.euroakademie.de\/magazin\/wp-json\/wp\/v2\/posts\/2953","targetHints":{"allow":["GET"]}}],"collection":[{"href":"https:\/\/www.euroakademie.de\/magazin\/wp-json\/wp\/v2\/posts"}],"about":[{"href":"https:\/\/www.euroakademie.de\/magazin\/wp-json\/wp\/v2\/types\/post"}],"author":[{"embeddable":true,"href":"https:\/\/www.euroakademie.de\/magazin\/wp-json\/wp\/v2\/users\/7"}],"replies":[{"embeddable":true,"href":"https:\/\/www.euroakademie.de\/magazin\/wp-json\/wp\/v2\/comments?post=2953"}],"version-history":[{"count":0,"href":"https:\/\/www.euroakademie.de\/magazin\/wp-json\/wp\/v2\/posts\/2953\/revisions"}],"wp:featuredmedia":[{"embeddable":true,"href":"https:\/\/www.euroakademie.de\/magazin\/wp-json\/wp\/v2\/media\/7225"}],"wp:attachment":[{"href":"https:\/\/www.euroakademie.de\/magazin\/wp-json\/wp\/v2\/media?parent=2953"}],"wp:term":[{"taxonomy":"category","embeddable":true,"href":"https:\/\/www.euroakademie.de\/magazin\/wp-json\/wp\/v2\/categories?post=2953"},{"taxonomy":"post_tag","embeddable":true,"href":"https:\/\/www.euroakademie.de\/magazin\/wp-json\/wp\/v2\/tags?post=2953"}],"curies":[{"name":"wp","href":"https:\/\/api.w.org\/{rel}","templated":true}]}}