{"id":3109,"date":"2015-10-12T15:50:55","date_gmt":"2015-10-12T13:50:55","guid":{"rendered":"https:\/\/www.euroakademie.de\/magazin\/?p=3109"},"modified":"2015-10-12T15:50:55","modified_gmt":"2015-10-12T13:50:55","slug":"link-und-lesetipp-foerdern-bevor-es-zu-spaet-ist","status":"publish","type":"post","link":"https:\/\/www.euroakademie.de\/magazin\/link-und-lesetipp-foerdern-bevor-es-zu-spaet-ist\/","title":{"rendered":"Link- und Lesetipp: \u201eF\u00f6rdern, bevor es zu sp\u00e4t ist\u201c"},"content":{"rendered":"<p>\t\t\t\t<![CDATA[<strong>Die Zeit von der Geburt bis zum vollendeten 6. Lebensjahr bietet viel ungeahntes Potenzial. Die Kleinen beobachten, h\u00f6ren zu, verstehen und entwickeln ein ausgepr\u00e4gtes Sprachverst\u00e4ndnis, lange bevor sie sprechen k\u00f6nnen. Es ist an der Zeit, diesen schier undenkbaren Wissensdurst der Kinder zu befriedigen und ihnen damit den Grundstein f\u00fcr ein zufriedenes und erf\u00fclltes Leben zu legen.<\/strong>\n\nKleine Kinder sind so viel kl\u00fcger, als wir es f\u00fcr m\u00f6glich halten. Bis vor 20 Jahren noch gab es kaum Erkenntnisse dar\u00fcber, was in den K\u00f6pfen der Kleinen vor sich geht. Doch Dank der Bildungsforschung in der fr\u00fchkindlichen Phase von der Geburt bis zur Einschulung wei\u00df man heute, dass Babys und Kleinkinder vor allem Beobachter, Nachahmer, Denker und wahre Forscher sind. Doch trotz der Erkenntnis um die Wichtigkeit dieses essentiellen Lebensabschnittes werden Krippen und Kitas noch immer nicht fl\u00e4chendeckend gef\u00f6rdert \u2013 sowohl in qualitativer als auch quantitativer Hinsicht.\n\nDie Kommunikation ist der gr\u00f6\u00dfte Wachstumsmotor in dieser Zeit. \u201eKinder, mit denen nicht gesprochen wird, lernen auch nicht, ordentlich zu sprechen. Kinder, deren Fragen nicht beantwortet werden, h\u00f6ren auf, Fragen zu stellen. Wem nicht vorgelesen wird, der wird viel schlechter lesen lernen,\u201c schreibt die ZEIT-Autorin Christine Brinck. Dabei verspricht die vorschulische Bildungsf\u00f6rderung eine hervorragende Rendite. Wie diese aussieht und welche Auswirkungen diese viel zu sp\u00e4te F\u00f6rderung haben kann, lesen Sie in unserem diesw\u00f6chigen Lesetipp: <a href=\"http:\/\/www.zeit.de\/2012\/05\/C-Frueherziehung\">\u201cF\u00f6rdern, bevor es zu sp\u00e4t ist<\/a>\u201c. Ein Artikel der ZEIT aus dem Jahre 2012, der nach wie vor aktuell ist.\n\n\n<h3>Link- und Lesetipp<\/h3>\n\n\n<a href=\"http:\/\/www.zeit.de\/2012\/05\/C-Frueherziehung\">F\u00f6rdern, bevor es zu sp\u00e4t ist<\/a>, ZEIT-ONLINE\n\n&nbsp;]]>\t\t<\/p>\n","protected":false},"excerpt":{"rendered":"<p>\t\t\t\t<![CDATA[]]>\t\t<\/p>\n","protected":false},"author":7,"featured_media":7210,"comment_status":"closed","ping_status":"closed","sticky":false,"template":"","format":"standard","meta":{"footnotes":""},"categories":[139,19],"tags":[3250],"class_list":{"0":"post-3109","1":"post","2":"type-post","3":"status-publish","4":"format-standard","5":"has-post-thumbnail","7":"category-lesetipps","8":"category-paedagogik-soziales","9":"tag-fruehkindliche-bildung"},"yoast_head":"<!-- This site is optimized with the Yoast SEO plugin v23.5 - https:\/\/yoast.com\/wordpress\/plugins\/seo\/ -->\n<title>Fr\u00fchkindliche Bildung: &quot;F\u00f6rdern, bevor es zu sp\u00e4t ist&quot;<\/title>\n<meta name=\"description\" content=\"Die Zeit von der Geburt bis zum 6. Lebensjahr bietet ungeahntes Potenzial. Die fr\u00fchkindliche Bildung sollte bereits hier einsetzen. Wir sagen Ihnen warum!\" \/>\n<meta name=\"robots\" content=\"index, follow, max-snippet:-1, max-image-preview:large, max-video-preview:-1\" \/>\n<link rel=\"canonical\" href=\"https:\/\/www.euroakademie.de\/magazin\/link-und-lesetipp-foerdern-bevor-es-zu-spaet-ist\/\" \/>\n<meta property=\"og:locale\" content=\"de_DE\" \/>\n<meta property=\"og:type\" content=\"article\" \/>\n<meta property=\"og:title\" content=\"Fr\u00fchkindliche Bildung: &quot;F\u00f6rdern, bevor es zu sp\u00e4t ist&quot;\" \/>\n<meta property=\"og:description\" content=\"Die Zeit von der Geburt bis zum 6. Lebensjahr bietet ungeahntes Potenzial. Die fr\u00fchkindliche Bildung sollte bereits hier einsetzen. Wir sagen Ihnen warum!\" \/>\n<meta property=\"og:url\" content=\"https:\/\/www.euroakademie.de\/magazin\/link-und-lesetipp-foerdern-bevor-es-zu-spaet-ist\/\" \/>\n<meta property=\"og:site_name\" content=\"Das Euro Akademie Magazin\" \/>\n<meta property=\"article:published_time\" content=\"2015-10-12T13:50:55+00:00\" \/>\n<meta property=\"og:image\" content=\"https:\/\/www.euroakademie.de\/magazin\/wp-content\/uploads\/2015\/10\/shutterstock_683373181_702x336_web.jpg\" \/>\n\t<meta property=\"og:image:width\" content=\"702\" \/>\n\t<meta property=\"og:image:height\" content=\"336\" \/>\n\t<meta property=\"og:image:type\" content=\"image\/jpeg\" \/>\n<meta name=\"author\" content=\"Redaktion\" \/>\n<meta name=\"twitter:card\" content=\"summary_large_image\" \/>\n<meta name=\"twitter:label1\" content=\"Verfasst von\" \/>\n\t<meta name=\"twitter:data1\" content=\"Redaktion\" \/>\n\t<meta name=\"twitter:label2\" content=\"Gesch\u00e4tzte Lesezeit\" \/>\n\t<meta name=\"twitter:data2\" content=\"1\u00a0Minute\" \/>\n<script type=\"application\/ld+json\" class=\"yoast-schema-graph\">{\"@context\":\"https:\/\/schema.org\",\"@graph\":[{\"@type\":\"Article\",\"@id\":\"https:\/\/www.euroakademie.de\/magazin\/link-und-lesetipp-foerdern-bevor-es-zu-spaet-ist\/#article\",\"isPartOf\":{\"@id\":\"https:\/\/www.euroakademie.de\/magazin\/link-und-lesetipp-foerdern-bevor-es-zu-spaet-ist\/\"},\"author\":{\"name\":\"Redaktion\",\"@id\":\"https:\/\/www.euroakademie.de\/magazin\/#\/schema\/person\/6c9b7b6db765ee31640d80c936be3686\"},\"headline\":\"Link- und Lesetipp: \u201eF\u00f6rdern, bevor es zu sp\u00e4t ist\u201c\",\"datePublished\":\"2015-10-12T13:50:55+00:00\",\"dateModified\":\"2015-10-12T13:50:55+00:00\",\"mainEntityOfPage\":{\"@id\":\"https:\/\/www.euroakademie.de\/magazin\/link-und-lesetipp-foerdern-bevor-es-zu-spaet-ist\/\"},\"wordCount\":280,\"publisher\":{\"@id\":\"https:\/\/www.euroakademie.de\/magazin\/#organization\"},\"image\":{\"@id\":\"https:\/\/www.euroakademie.de\/magazin\/link-und-lesetipp-foerdern-bevor-es-zu-spaet-ist\/#primaryimage\"},\"thumbnailUrl\":\"https:\/\/www.euroakademie.de\/magazin\/wp-content\/uploads\/2015\/10\/shutterstock_683373181_702x336_web.jpg\",\"keywords\":[\"fr\u00fchkindliche Bildung\"],\"articleSection\":[\"Link- und Lesetipps\",\"P\u00e4dagogik &amp; Soziales\"],\"inLanguage\":\"de\"},{\"@type\":\"WebPage\",\"@id\":\"https:\/\/www.euroakademie.de\/magazin\/link-und-lesetipp-foerdern-bevor-es-zu-spaet-ist\/\",\"url\":\"https:\/\/www.euroakademie.de\/magazin\/link-und-lesetipp-foerdern-bevor-es-zu-spaet-ist\/\",\"name\":\"Fr\u00fchkindliche Bildung: \\\"F\u00f6rdern, bevor es zu sp\u00e4t ist\\\"\",\"isPartOf\":{\"@id\":\"https:\/\/www.euroakademie.de\/magazin\/#website\"},\"primaryImageOfPage\":{\"@id\":\"https:\/\/www.euroakademie.de\/magazin\/link-und-lesetipp-foerdern-bevor-es-zu-spaet-ist\/#primaryimage\"},\"image\":{\"@id\":\"https:\/\/www.euroakademie.de\/magazin\/link-und-lesetipp-foerdern-bevor-es-zu-spaet-ist\/#primaryimage\"},\"thumbnailUrl\":\"https:\/\/www.euroakademie.de\/magazin\/wp-content\/uploads\/2015\/10\/shutterstock_683373181_702x336_web.jpg\",\"datePublished\":\"2015-10-12T13:50:55+00:00\",\"dateModified\":\"2015-10-12T13:50:55+00:00\",\"description\":\"Die Zeit von der Geburt bis zum 6. Lebensjahr bietet ungeahntes Potenzial. Die fr\u00fchkindliche Bildung sollte bereits hier einsetzen. Wir sagen Ihnen warum!\",\"breadcrumb\":{\"@id\":\"https:\/\/www.euroakademie.de\/magazin\/link-und-lesetipp-foerdern-bevor-es-zu-spaet-ist\/#breadcrumb\"},\"inLanguage\":\"de\",\"potentialAction\":[{\"@type\":\"ReadAction\",\"target\":[\"https:\/\/www.euroakademie.de\/magazin\/link-und-lesetipp-foerdern-bevor-es-zu-spaet-ist\/\"]}]},{\"@type\":\"ImageObject\",\"inLanguage\":\"de\",\"@id\":\"https:\/\/www.euroakademie.de\/magazin\/link-und-lesetipp-foerdern-bevor-es-zu-spaet-ist\/#primaryimage\",\"url\":\"https:\/\/www.euroakademie.de\/magazin\/wp-content\/uploads\/2015\/10\/shutterstock_683373181_702x336_web.jpg\",\"contentUrl\":\"https:\/\/www.euroakademie.de\/magazin\/wp-content\/uploads\/2015\/10\/shutterstock_683373181_702x336_web.jpg\",\"width\":702,\"height\":336,\"caption\":\"\"},{\"@type\":\"BreadcrumbList\",\"@id\":\"https:\/\/www.euroakademie.de\/magazin\/link-und-lesetipp-foerdern-bevor-es-zu-spaet-ist\/#breadcrumb\",\"itemListElement\":[{\"@type\":\"ListItem\",\"position\":1,\"name\":\"Startseite\",\"item\":\"https:\/\/www.euroakademie.de\/magazin\/\"},{\"@type\":\"ListItem\",\"position\":2,\"name\":\"Link- und Lesetipp: \u201eF\u00f6rdern, bevor es zu sp\u00e4t ist\u201c\"}]},{\"@type\":\"WebSite\",\"@id\":\"https:\/\/www.euroakademie.de\/magazin\/#website\",\"url\":\"https:\/\/www.euroakademie.de\/magazin\/\",\"name\":\"Das Euro Akademie Magazin\",\"description\":\"Gut informiert durch Ausbildung und Studium\",\"publisher\":{\"@id\":\"https:\/\/www.euroakademie.de\/magazin\/#organization\"},\"potentialAction\":[{\"@type\":\"SearchAction\",\"target\":{\"@type\":\"EntryPoint\",\"urlTemplate\":\"https:\/\/www.euroakademie.de\/magazin\/?s={search_term_string}\"},\"query-input\":{\"@type\":\"PropertyValueSpecification\",\"valueRequired\":true,\"valueName\":\"search_term_string\"}}],\"inLanguage\":\"de\"},{\"@type\":\"Organization\",\"@id\":\"https:\/\/www.euroakademie.de\/magazin\/#organization\",\"name\":\"ESO Education Group\",\"url\":\"https:\/\/www.euroakademie.de\/magazin\/\",\"logo\":{\"@type\":\"ImageObject\",\"inLanguage\":\"de\",\"@id\":\"https:\/\/www.euroakademie.de\/magazin\/#\/schema\/logo\/image\/\",\"url\":\"https:\/\/relaunch.euroakademie.de\/magazin\/wp-content\/uploads\/2024\/11\/Logo_EA_negativ_Rahmen_5cm_300dpi_RGB.jpg\",\"contentUrl\":\"https:\/\/relaunch.euroakademie.de\/magazin\/wp-content\/uploads\/2024\/11\/Logo_EA_negativ_Rahmen_5cm_300dpi_RGB.jpg\",\"width\":591,\"height\":236,\"caption\":\"ESO Education Group\"},\"image\":{\"@id\":\"https:\/\/www.euroakademie.de\/magazin\/#\/schema\/logo\/image\/\"}},{\"@type\":\"Person\",\"@id\":\"https:\/\/www.euroakademie.de\/magazin\/#\/schema\/person\/6c9b7b6db765ee31640d80c936be3686\",\"name\":\"Redaktion\",\"description\":\"Die Redaktion des Euro Akademie Magazins h\u00e4lt Sie regelm\u00e4\u00dfig mit hintergr\u00fcndigen Artikeln auf dem Laufenden. Auf Basis einer fundierten Recherche und mit Spa\u00df am Schreiben erstellen die Redakteur*innen informative und unterhaltsame Inhalte f\u00fcr Sie.\",\"url\":\"https:\/\/www.euroakademie.de\/magazin\/author\/redaktion\/\"}]}<\/script>\n<!-- \/ Yoast SEO plugin. -->","yoast_head_json":{"title":"Fr\u00fchkindliche Bildung: \"F\u00f6rdern, bevor es zu sp\u00e4t ist\"","description":"Die Zeit von der Geburt bis zum 6. Lebensjahr bietet ungeahntes Potenzial. Die fr\u00fchkindliche Bildung sollte bereits hier einsetzen. Wir sagen Ihnen warum!","robots":{"index":"index","follow":"follow","max-snippet":"max-snippet:-1","max-image-preview":"max-image-preview:large","max-video-preview":"max-video-preview:-1"},"canonical":"https:\/\/www.euroakademie.de\/magazin\/link-und-lesetipp-foerdern-bevor-es-zu-spaet-ist\/","og_locale":"de_DE","og_type":"article","og_title":"Fr\u00fchkindliche Bildung: \"F\u00f6rdern, bevor es zu sp\u00e4t ist\"","og_description":"Die Zeit von der Geburt bis zum 6. Lebensjahr bietet ungeahntes Potenzial. Die fr\u00fchkindliche Bildung sollte bereits hier einsetzen. Wir sagen Ihnen warum!","og_url":"https:\/\/www.euroakademie.de\/magazin\/link-und-lesetipp-foerdern-bevor-es-zu-spaet-ist\/","og_site_name":"Das Euro Akademie Magazin","article_published_time":"2015-10-12T13:50:55+00:00","og_image":[{"width":702,"height":336,"url":"https:\/\/www.euroakademie.de\/magazin\/wp-content\/uploads\/2015\/10\/shutterstock_683373181_702x336_web.jpg","type":"image\/jpeg"}],"author":"Redaktion","twitter_card":"summary_large_image","twitter_misc":{"Verfasst von":"Redaktion","Gesch\u00e4tzte Lesezeit":"1\u00a0Minute"},"schema":{"@context":"https:\/\/schema.org","@graph":[{"@type":"Article","@id":"https:\/\/www.euroakademie.de\/magazin\/link-und-lesetipp-foerdern-bevor-es-zu-spaet-ist\/#article","isPartOf":{"@id":"https:\/\/www.euroakademie.de\/magazin\/link-und-lesetipp-foerdern-bevor-es-zu-spaet-ist\/"},"author":{"name":"Redaktion","@id":"https:\/\/www.euroakademie.de\/magazin\/#\/schema\/person\/6c9b7b6db765ee31640d80c936be3686"},"headline":"Link- und Lesetipp: \u201eF\u00f6rdern, bevor es zu sp\u00e4t ist\u201c","datePublished":"2015-10-12T13:50:55+00:00","dateModified":"2015-10-12T13:50:55+00:00","mainEntityOfPage":{"@id":"https:\/\/www.euroakademie.de\/magazin\/link-und-lesetipp-foerdern-bevor-es-zu-spaet-ist\/"},"wordCount":280,"publisher":{"@id":"https:\/\/www.euroakademie.de\/magazin\/#organization"},"image":{"@id":"https:\/\/www.euroakademie.de\/magazin\/link-und-lesetipp-foerdern-bevor-es-zu-spaet-ist\/#primaryimage"},"thumbnailUrl":"https:\/\/www.euroakademie.de\/magazin\/wp-content\/uploads\/2015\/10\/shutterstock_683373181_702x336_web.jpg","keywords":["fr\u00fchkindliche Bildung"],"articleSection":["Link- und Lesetipps","P\u00e4dagogik &amp; Soziales"],"inLanguage":"de"},{"@type":"WebPage","@id":"https:\/\/www.euroakademie.de\/magazin\/link-und-lesetipp-foerdern-bevor-es-zu-spaet-ist\/","url":"https:\/\/www.euroakademie.de\/magazin\/link-und-lesetipp-foerdern-bevor-es-zu-spaet-ist\/","name":"Fr\u00fchkindliche Bildung: \"F\u00f6rdern, bevor es zu sp\u00e4t ist\"","isPartOf":{"@id":"https:\/\/www.euroakademie.de\/magazin\/#website"},"primaryImageOfPage":{"@id":"https:\/\/www.euroakademie.de\/magazin\/link-und-lesetipp-foerdern-bevor-es-zu-spaet-ist\/#primaryimage"},"image":{"@id":"https:\/\/www.euroakademie.de\/magazin\/link-und-lesetipp-foerdern-bevor-es-zu-spaet-ist\/#primaryimage"},"thumbnailUrl":"https:\/\/www.euroakademie.de\/magazin\/wp-content\/uploads\/2015\/10\/shutterstock_683373181_702x336_web.jpg","datePublished":"2015-10-12T13:50:55+00:00","dateModified":"2015-10-12T13:50:55+00:00","description":"Die Zeit von der Geburt bis zum 6. Lebensjahr bietet ungeahntes Potenzial. Die fr\u00fchkindliche Bildung sollte bereits hier einsetzen. Wir sagen Ihnen warum!","breadcrumb":{"@id":"https:\/\/www.euroakademie.de\/magazin\/link-und-lesetipp-foerdern-bevor-es-zu-spaet-ist\/#breadcrumb"},"inLanguage":"de","potentialAction":[{"@type":"ReadAction","target":["https:\/\/www.euroakademie.de\/magazin\/link-und-lesetipp-foerdern-bevor-es-zu-spaet-ist\/"]}]},{"@type":"ImageObject","inLanguage":"de","@id":"https:\/\/www.euroakademie.de\/magazin\/link-und-lesetipp-foerdern-bevor-es-zu-spaet-ist\/#primaryimage","url":"https:\/\/www.euroakademie.de\/magazin\/wp-content\/uploads\/2015\/10\/shutterstock_683373181_702x336_web.jpg","contentUrl":"https:\/\/www.euroakademie.de\/magazin\/wp-content\/uploads\/2015\/10\/shutterstock_683373181_702x336_web.jpg","width":702,"height":336,"caption":""},{"@type":"BreadcrumbList","@id":"https:\/\/www.euroakademie.de\/magazin\/link-und-lesetipp-foerdern-bevor-es-zu-spaet-ist\/#breadcrumb","itemListElement":[{"@type":"ListItem","position":1,"name":"Startseite","item":"https:\/\/www.euroakademie.de\/magazin\/"},{"@type":"ListItem","position":2,"name":"Link- und Lesetipp: \u201eF\u00f6rdern, bevor es zu sp\u00e4t ist\u201c"}]},{"@type":"WebSite","@id":"https:\/\/www.euroakademie.de\/magazin\/#website","url":"https:\/\/www.euroakademie.de\/magazin\/","name":"Das Euro Akademie Magazin","description":"Gut informiert durch Ausbildung und Studium","publisher":{"@id":"https:\/\/www.euroakademie.de\/magazin\/#organization"},"potentialAction":[{"@type":"SearchAction","target":{"@type":"EntryPoint","urlTemplate":"https:\/\/www.euroakademie.de\/magazin\/?s={search_term_string}"},"query-input":{"@type":"PropertyValueSpecification","valueRequired":true,"valueName":"search_term_string"}}],"inLanguage":"de"},{"@type":"Organization","@id":"https:\/\/www.euroakademie.de\/magazin\/#organization","name":"ESO Education Group","url":"https:\/\/www.euroakademie.de\/magazin\/","logo":{"@type":"ImageObject","inLanguage":"de","@id":"https:\/\/www.euroakademie.de\/magazin\/#\/schema\/logo\/image\/","url":"https:\/\/relaunch.euroakademie.de\/magazin\/wp-content\/uploads\/2024\/11\/Logo_EA_negativ_Rahmen_5cm_300dpi_RGB.jpg","contentUrl":"https:\/\/relaunch.euroakademie.de\/magazin\/wp-content\/uploads\/2024\/11\/Logo_EA_negativ_Rahmen_5cm_300dpi_RGB.jpg","width":591,"height":236,"caption":"ESO Education Group"},"image":{"@id":"https:\/\/www.euroakademie.de\/magazin\/#\/schema\/logo\/image\/"}},{"@type":"Person","@id":"https:\/\/www.euroakademie.de\/magazin\/#\/schema\/person\/6c9b7b6db765ee31640d80c936be3686","name":"Redaktion","description":"Die Redaktion des Euro Akademie Magazins h\u00e4lt Sie regelm\u00e4\u00dfig mit hintergr\u00fcndigen Artikeln auf dem Laufenden. Auf Basis einer fundierten Recherche und mit Spa\u00df am Schreiben erstellen die Redakteur*innen informative und unterhaltsame Inhalte f\u00fcr Sie.","url":"https:\/\/www.euroakademie.de\/magazin\/author\/redaktion\/"}]}},"_links":{"self":[{"href":"https:\/\/www.euroakademie.de\/magazin\/wp-json\/wp\/v2\/posts\/3109","targetHints":{"allow":["GET"]}}],"collection":[{"href":"https:\/\/www.euroakademie.de\/magazin\/wp-json\/wp\/v2\/posts"}],"about":[{"href":"https:\/\/www.euroakademie.de\/magazin\/wp-json\/wp\/v2\/types\/post"}],"author":[{"embeddable":true,"href":"https:\/\/www.euroakademie.de\/magazin\/wp-json\/wp\/v2\/users\/7"}],"replies":[{"embeddable":true,"href":"https:\/\/www.euroakademie.de\/magazin\/wp-json\/wp\/v2\/comments?post=3109"}],"version-history":[{"count":0,"href":"https:\/\/www.euroakademie.de\/magazin\/wp-json\/wp\/v2\/posts\/3109\/revisions"}],"wp:featuredmedia":[{"embeddable":true,"href":"https:\/\/www.euroakademie.de\/magazin\/wp-json\/wp\/v2\/media\/7210"}],"wp:attachment":[{"href":"https:\/\/www.euroakademie.de\/magazin\/wp-json\/wp\/v2\/media?parent=3109"}],"wp:term":[{"taxonomy":"category","embeddable":true,"href":"https:\/\/www.euroakademie.de\/magazin\/wp-json\/wp\/v2\/categories?post=3109"},{"taxonomy":"post_tag","embeddable":true,"href":"https:\/\/www.euroakademie.de\/magazin\/wp-json\/wp\/v2\/tags?post=3109"}],"curies":[{"name":"wp","href":"https:\/\/api.w.org\/{rel}","templated":true}]}}