{"id":3114,"date":"2015-10-14T12:41:14","date_gmt":"2015-10-14T10:41:14","guid":{"rendered":"https:\/\/www.euroakademie.de\/magazin\/?p=3114"},"modified":"2015-10-14T12:41:14","modified_gmt":"2015-10-14T10:41:14","slug":"auf-augenhoehe","status":"publish","type":"post","link":"https:\/\/www.euroakademie.de\/magazin\/auf-augenhoehe\/","title":{"rendered":"Auf Augenh\u00f6he?"},"content":{"rendered":"<p>\t\t\t\t<![CDATA[Es gibt einen Begriff in unserem Modellprojekt, \u00fcber den ich immer wieder stolpere: Die Ausbildung soll \u201eerwachsenengerecht\u201c sein. Ein komischer Begriff, finde ich. Ist \u201eerwachsenengerecht\u201c das Gegenst\u00fcck zu \u201ekindgerecht\u201c? Ist eine berufliche Ausbildung nicht immer \u201eerwachsenengerecht\u201c? Sollten wir nicht \u2013 mit Kindern wie mit Erwachsenen \u2013 immer auf Augenh\u00f6he arbeiten?\n\nIn unserem Team kam die Frage auf, ob wir die Sch\u00fclerInnen duzen oder siezen sollten. \u00dcblicherweise werden die Sch\u00fclerInnen an unserer Fachschule gesiezt, aber mit Vornamen benannt. Die DozentInnen dagegen werden als Herr\u2026 oder Frau \u2026 angeredet.\n\nDoch: Wie w\u00fcrde ich mich f\u00fchlen, s\u00e4\u00dfe ich auf der Seite der Sch\u00fclerInnen? Manch eine Sch\u00fclerIn ist fast in meinem Alter, alle sind lebenserfahren und \u201eerwachsen\u201c. Gebe ich da nicht eine Hierarchie vor, die sich nicht mehr \u201eauf Augenh\u00f6he\u201c befindet \u2013 nicht \u201eerwachsenengerecht\u201c ist?\n\nIn unserem Team wurde das Duzen und Siezen kontrovers diskutiert. Die KritikerInnen des gemeinsamen Duzens argumentierten: Man w\u00fcrde den Respekt verlieren und Gleichmacherei betreiben, wo wir DozentInnen doch diejenigen sind, die das Zepter in der Hand halten. W\u00fcrden Konflikte bei der Notengebung entstehen? W\u00fcrde man Erwartungen von Freundschaft sch\u00fcren, wo es doch darum ging, ein stabiles Sch\u00fclerInnen-DozentInnen-Verh\u00e4ltnis zu schaffen?\n\nIch entschloss mich zun\u00e4chst, die Sch\u00fclerInnen beim Nachnamen zu nennen \u2013 eine echte Herausforderung, weil Nachnamen manchmal ganz sch\u00f6n schwer auszusprechen und zu behalten sind. Es zeigte sich auch bald, dass die Sch\u00fclerInnen und ich aneinander vorbei redeten: Ich sprach von Herrn \u2026, sie von Sven.\n\nDiese Verwirrung allein war es jedoch nicht, warum ich mich letztendlich entschloss, ihnen das Du anzubieten. Es kam mir einfach \u201enat\u00fcrlicher\u201c vor \u2013 schlie\u00dflich arbeiteten wir eng zusammen, wie es auch KollegInnen tun. Nur die Gleichbehandlung war mir wichtig: Es sollten alle zustimmen.\n\nDas taten sie dann auch.\n\nDie Wirkung war bewegend: Eine vertrauensvolle Atmosph\u00e4re entstand, Hemmschwellen wurden abgebaut, wo sie st\u00f6rten. - Zu eng, um eine professionelle Distanz zu wahren? Ich bin gespannt, was sich aus dieser vertrauensvollen Atmosph\u00e4re entwickeln wird.]]>\t\t<\/p>\n","protected":false},"excerpt":{"rendered":"<p>\t\t\t\t<![CDATA[]]>\t\t<\/p>\n","protected":false},"author":19,"featured_media":3024,"comment_status":"closed","ping_status":"closed","sticky":false,"template":"","format":"standard","meta":{"footnotes":""},"categories":[175,118],"tags":[],"class_list":{"0":"post-3114","1":"post","2":"type-post","3":"status-publish","4":"format-standard","5":"has-post-thumbnail","7":"category-maenner-und-frauen-in-kitas","8":"category-im-fokus"},"yoast_head":"<!-- This site is optimized with the Yoast SEO plugin v23.5 - https:\/\/yoast.com\/wordpress\/plugins\/seo\/ -->\n<title>Auf Augenh\u00f6he? - Das Euro Akademie Magazin<\/title>\n<meta name=\"robots\" content=\"index, follow, max-snippet:-1, max-image-preview:large, max-video-preview:-1\" \/>\n<link rel=\"canonical\" href=\"https:\/\/www.euroakademie.de\/magazin\/auf-augenhoehe\/\" \/>\n<meta property=\"og:locale\" content=\"de_DE\" \/>\n<meta property=\"og:type\" content=\"article\" \/>\n<meta property=\"og:title\" content=\"Auf Augenh\u00f6he? - Das Euro Akademie Magazin\" \/>\n<meta property=\"og:url\" content=\"https:\/\/www.euroakademie.de\/magazin\/auf-augenhoehe\/\" \/>\n<meta property=\"og:site_name\" content=\"Das Euro Akademie Magazin\" \/>\n<meta property=\"article:published_time\" content=\"2015-10-14T10:41:14+00:00\" \/>\n<meta property=\"og:image\" content=\"https:\/\/www.euroakademie.de\/magazin\/wp-content\/uploads\/2015\/09\/euro-akademie-hannover-eur-kaufmann-international-business-communication-e1443532628696.jpg\" \/>\n\t<meta property=\"og:image:width\" content=\"1300\" \/>\n\t<meta property=\"og:image:height\" content=\"541\" \/>\n\t<meta property=\"og:image:type\" content=\"image\/jpeg\" \/>\n<meta name=\"author\" content=\"Barbara Tauber\" \/>\n<meta name=\"twitter:card\" content=\"summary_large_image\" \/>\n<meta name=\"twitter:label1\" content=\"Verfasst von\" \/>\n\t<meta name=\"twitter:data1\" content=\"Barbara Tauber\" \/>\n<script type=\"application\/ld+json\" class=\"yoast-schema-graph\">{\"@context\":\"https:\/\/schema.org\",\"@graph\":[{\"@type\":\"Article\",\"@id\":\"https:\/\/www.euroakademie.de\/magazin\/auf-augenhoehe\/#article\",\"isPartOf\":{\"@id\":\"https:\/\/www.euroakademie.de\/magazin\/auf-augenhoehe\/\"},\"author\":{\"name\":\"Barbara Tauber\",\"@id\":\"https:\/\/www.euroakademie.de\/magazin\/#\/schema\/person\/d358a99c9c21358caa2204cfc0644796\"},\"headline\":\"Auf Augenh\u00f6he?\",\"datePublished\":\"2015-10-14T10:41:14+00:00\",\"dateModified\":\"2015-10-14T10:41:14+00:00\",\"mainEntityOfPage\":{\"@id\":\"https:\/\/www.euroakademie.de\/magazin\/auf-augenhoehe\/\"},\"wordCount\":3,\"publisher\":{\"@id\":\"https:\/\/www.euroakademie.de\/magazin\/#organization\"},\"image\":{\"@id\":\"https:\/\/www.euroakademie.de\/magazin\/auf-augenhoehe\/#primaryimage\"},\"thumbnailUrl\":\"https:\/\/www.euroakademie.de\/magazin\/wp-content\/uploads\/2015\/09\/euro-akademie-hannover-eur-kaufmann-international-business-communication-e1443532628696.jpg\",\"articleSection\":[\"\\\"M\u00e4nner und Frauen in Kitas\u201c\",\"Im Fokus\"],\"inLanguage\":\"de\"},{\"@type\":\"WebPage\",\"@id\":\"https:\/\/www.euroakademie.de\/magazin\/auf-augenhoehe\/\",\"url\":\"https:\/\/www.euroakademie.de\/magazin\/auf-augenhoehe\/\",\"name\":\"Auf Augenh\u00f6he? - Das Euro Akademie Magazin\",\"isPartOf\":{\"@id\":\"https:\/\/www.euroakademie.de\/magazin\/#website\"},\"primaryImageOfPage\":{\"@id\":\"https:\/\/www.euroakademie.de\/magazin\/auf-augenhoehe\/#primaryimage\"},\"image\":{\"@id\":\"https:\/\/www.euroakademie.de\/magazin\/auf-augenhoehe\/#primaryimage\"},\"thumbnailUrl\":\"https:\/\/www.euroakademie.de\/magazin\/wp-content\/uploads\/2015\/09\/euro-akademie-hannover-eur-kaufmann-international-business-communication-e1443532628696.jpg\",\"datePublished\":\"2015-10-14T10:41:14+00:00\",\"dateModified\":\"2015-10-14T10:41:14+00:00\",\"breadcrumb\":{\"@id\":\"https:\/\/www.euroakademie.de\/magazin\/auf-augenhoehe\/#breadcrumb\"},\"inLanguage\":\"de\",\"potentialAction\":[{\"@type\":\"ReadAction\",\"target\":[\"https:\/\/www.euroakademie.de\/magazin\/auf-augenhoehe\/\"]}]},{\"@type\":\"ImageObject\",\"inLanguage\":\"de\",\"@id\":\"https:\/\/www.euroakademie.de\/magazin\/auf-augenhoehe\/#primaryimage\",\"url\":\"https:\/\/www.euroakademie.de\/magazin\/wp-content\/uploads\/2015\/09\/euro-akademie-hannover-eur-kaufmann-international-business-communication-e1443532628696.jpg\",\"contentUrl\":\"https:\/\/www.euroakademie.de\/magazin\/wp-content\/uploads\/2015\/09\/euro-akademie-hannover-eur-kaufmann-international-business-communication-e1443532628696.jpg\",\"width\":1300,\"height\":541,\"caption\":\"\"},{\"@type\":\"BreadcrumbList\",\"@id\":\"https:\/\/www.euroakademie.de\/magazin\/auf-augenhoehe\/#breadcrumb\",\"itemListElement\":[{\"@type\":\"ListItem\",\"position\":1,\"name\":\"Startseite\",\"item\":\"https:\/\/www.euroakademie.de\/magazin\/\"},{\"@type\":\"ListItem\",\"position\":2,\"name\":\"Auf Augenh\u00f6he?\"}]},{\"@type\":\"WebSite\",\"@id\":\"https:\/\/www.euroakademie.de\/magazin\/#website\",\"url\":\"https:\/\/www.euroakademie.de\/magazin\/\",\"name\":\"Das Euro Akademie Magazin\",\"description\":\"Gut informiert durch Ausbildung und Studium\",\"publisher\":{\"@id\":\"https:\/\/www.euroakademie.de\/magazin\/#organization\"},\"potentialAction\":[{\"@type\":\"SearchAction\",\"target\":{\"@type\":\"EntryPoint\",\"urlTemplate\":\"https:\/\/www.euroakademie.de\/magazin\/?s={search_term_string}\"},\"query-input\":{\"@type\":\"PropertyValueSpecification\",\"valueRequired\":true,\"valueName\":\"search_term_string\"}}],\"inLanguage\":\"de\"},{\"@type\":\"Organization\",\"@id\":\"https:\/\/www.euroakademie.de\/magazin\/#organization\",\"name\":\"ESO Education Group\",\"url\":\"https:\/\/www.euroakademie.de\/magazin\/\",\"logo\":{\"@type\":\"ImageObject\",\"inLanguage\":\"de\",\"@id\":\"https:\/\/www.euroakademie.de\/magazin\/#\/schema\/logo\/image\/\",\"url\":\"https:\/\/relaunch.euroakademie.de\/magazin\/wp-content\/uploads\/2024\/11\/Logo_EA_negativ_Rahmen_5cm_300dpi_RGB.jpg\",\"contentUrl\":\"https:\/\/relaunch.euroakademie.de\/magazin\/wp-content\/uploads\/2024\/11\/Logo_EA_negativ_Rahmen_5cm_300dpi_RGB.jpg\",\"width\":591,\"height\":236,\"caption\":\"ESO Education Group\"},\"image\":{\"@id\":\"https:\/\/www.euroakademie.de\/magazin\/#\/schema\/logo\/image\/\"}},{\"@type\":\"Person\",\"@id\":\"https:\/\/www.euroakademie.de\/magazin\/#\/schema\/person\/d358a99c9c21358caa2204cfc0644796\",\"name\":\"Barbara Tauber\",\"description\":\"Barbara Tauber, ehemalige Dozentin an der Euro Akademie Berlin, betreute bis August 2017 das Projekt \\\"Quereinstieg \u2013 M\u00e4nner und Frauen in Kitas\\\" federf\u00fchrend. Sie engagiert sich f\u00fcr eine neue Lernkultur: Sch\u00fcler*innen gestalten aktiv und eigenverantwortlich ihren Lernprozess, Dozent*innen werden zu Coaches, die diesen Lernprozess unterst\u00fctzen und begleiten. In diesem Blog schildert sie Erfahrungen aus ihrem p\u00e4dagogischen Alltag.\",\"url\":\"https:\/\/www.euroakademie.de\/magazin\/author\/barbaratauber\/\"}]}<\/script>\n<!-- \/ Yoast SEO plugin. -->","yoast_head_json":{"title":"Auf Augenh\u00f6he? - Das Euro Akademie Magazin","robots":{"index":"index","follow":"follow","max-snippet":"max-snippet:-1","max-image-preview":"max-image-preview:large","max-video-preview":"max-video-preview:-1"},"canonical":"https:\/\/www.euroakademie.de\/magazin\/auf-augenhoehe\/","og_locale":"de_DE","og_type":"article","og_title":"Auf Augenh\u00f6he? - Das Euro Akademie Magazin","og_url":"https:\/\/www.euroakademie.de\/magazin\/auf-augenhoehe\/","og_site_name":"Das Euro Akademie Magazin","article_published_time":"2015-10-14T10:41:14+00:00","og_image":[{"width":1300,"height":541,"url":"https:\/\/www.euroakademie.de\/magazin\/wp-content\/uploads\/2015\/09\/euro-akademie-hannover-eur-kaufmann-international-business-communication-e1443532628696.jpg","type":"image\/jpeg"}],"author":"Barbara Tauber","twitter_card":"summary_large_image","twitter_misc":{"Verfasst von":"Barbara Tauber"},"schema":{"@context":"https:\/\/schema.org","@graph":[{"@type":"Article","@id":"https:\/\/www.euroakademie.de\/magazin\/auf-augenhoehe\/#article","isPartOf":{"@id":"https:\/\/www.euroakademie.de\/magazin\/auf-augenhoehe\/"},"author":{"name":"Barbara Tauber","@id":"https:\/\/www.euroakademie.de\/magazin\/#\/schema\/person\/d358a99c9c21358caa2204cfc0644796"},"headline":"Auf Augenh\u00f6he?","datePublished":"2015-10-14T10:41:14+00:00","dateModified":"2015-10-14T10:41:14+00:00","mainEntityOfPage":{"@id":"https:\/\/www.euroakademie.de\/magazin\/auf-augenhoehe\/"},"wordCount":3,"publisher":{"@id":"https:\/\/www.euroakademie.de\/magazin\/#organization"},"image":{"@id":"https:\/\/www.euroakademie.de\/magazin\/auf-augenhoehe\/#primaryimage"},"thumbnailUrl":"https:\/\/www.euroakademie.de\/magazin\/wp-content\/uploads\/2015\/09\/euro-akademie-hannover-eur-kaufmann-international-business-communication-e1443532628696.jpg","articleSection":["\"M\u00e4nner und Frauen in Kitas\u201c","Im Fokus"],"inLanguage":"de"},{"@type":"WebPage","@id":"https:\/\/www.euroakademie.de\/magazin\/auf-augenhoehe\/","url":"https:\/\/www.euroakademie.de\/magazin\/auf-augenhoehe\/","name":"Auf Augenh\u00f6he? - Das Euro Akademie Magazin","isPartOf":{"@id":"https:\/\/www.euroakademie.de\/magazin\/#website"},"primaryImageOfPage":{"@id":"https:\/\/www.euroakademie.de\/magazin\/auf-augenhoehe\/#primaryimage"},"image":{"@id":"https:\/\/www.euroakademie.de\/magazin\/auf-augenhoehe\/#primaryimage"},"thumbnailUrl":"https:\/\/www.euroakademie.de\/magazin\/wp-content\/uploads\/2015\/09\/euro-akademie-hannover-eur-kaufmann-international-business-communication-e1443532628696.jpg","datePublished":"2015-10-14T10:41:14+00:00","dateModified":"2015-10-14T10:41:14+00:00","breadcrumb":{"@id":"https:\/\/www.euroakademie.de\/magazin\/auf-augenhoehe\/#breadcrumb"},"inLanguage":"de","potentialAction":[{"@type":"ReadAction","target":["https:\/\/www.euroakademie.de\/magazin\/auf-augenhoehe\/"]}]},{"@type":"ImageObject","inLanguage":"de","@id":"https:\/\/www.euroakademie.de\/magazin\/auf-augenhoehe\/#primaryimage","url":"https:\/\/www.euroakademie.de\/magazin\/wp-content\/uploads\/2015\/09\/euro-akademie-hannover-eur-kaufmann-international-business-communication-e1443532628696.jpg","contentUrl":"https:\/\/www.euroakademie.de\/magazin\/wp-content\/uploads\/2015\/09\/euro-akademie-hannover-eur-kaufmann-international-business-communication-e1443532628696.jpg","width":1300,"height":541,"caption":""},{"@type":"BreadcrumbList","@id":"https:\/\/www.euroakademie.de\/magazin\/auf-augenhoehe\/#breadcrumb","itemListElement":[{"@type":"ListItem","position":1,"name":"Startseite","item":"https:\/\/www.euroakademie.de\/magazin\/"},{"@type":"ListItem","position":2,"name":"Auf Augenh\u00f6he?"}]},{"@type":"WebSite","@id":"https:\/\/www.euroakademie.de\/magazin\/#website","url":"https:\/\/www.euroakademie.de\/magazin\/","name":"Das Euro Akademie Magazin","description":"Gut informiert durch Ausbildung und Studium","publisher":{"@id":"https:\/\/www.euroakademie.de\/magazin\/#organization"},"potentialAction":[{"@type":"SearchAction","target":{"@type":"EntryPoint","urlTemplate":"https:\/\/www.euroakademie.de\/magazin\/?s={search_term_string}"},"query-input":{"@type":"PropertyValueSpecification","valueRequired":true,"valueName":"search_term_string"}}],"inLanguage":"de"},{"@type":"Organization","@id":"https:\/\/www.euroakademie.de\/magazin\/#organization","name":"ESO Education Group","url":"https:\/\/www.euroakademie.de\/magazin\/","logo":{"@type":"ImageObject","inLanguage":"de","@id":"https:\/\/www.euroakademie.de\/magazin\/#\/schema\/logo\/image\/","url":"https:\/\/relaunch.euroakademie.de\/magazin\/wp-content\/uploads\/2024\/11\/Logo_EA_negativ_Rahmen_5cm_300dpi_RGB.jpg","contentUrl":"https:\/\/relaunch.euroakademie.de\/magazin\/wp-content\/uploads\/2024\/11\/Logo_EA_negativ_Rahmen_5cm_300dpi_RGB.jpg","width":591,"height":236,"caption":"ESO Education Group"},"image":{"@id":"https:\/\/www.euroakademie.de\/magazin\/#\/schema\/logo\/image\/"}},{"@type":"Person","@id":"https:\/\/www.euroakademie.de\/magazin\/#\/schema\/person\/d358a99c9c21358caa2204cfc0644796","name":"Barbara Tauber","description":"Barbara Tauber, ehemalige Dozentin an der Euro Akademie Berlin, betreute bis August 2017 das Projekt \"Quereinstieg \u2013 M\u00e4nner und Frauen in Kitas\" federf\u00fchrend. Sie engagiert sich f\u00fcr eine neue Lernkultur: Sch\u00fcler*innen gestalten aktiv und eigenverantwortlich ihren Lernprozess, Dozent*innen werden zu Coaches, die diesen Lernprozess unterst\u00fctzen und begleiten. In diesem Blog schildert sie Erfahrungen aus ihrem p\u00e4dagogischen Alltag.","url":"https:\/\/www.euroakademie.de\/magazin\/author\/barbaratauber\/"}]}},"_links":{"self":[{"href":"https:\/\/www.euroakademie.de\/magazin\/wp-json\/wp\/v2\/posts\/3114","targetHints":{"allow":["GET"]}}],"collection":[{"href":"https:\/\/www.euroakademie.de\/magazin\/wp-json\/wp\/v2\/posts"}],"about":[{"href":"https:\/\/www.euroakademie.de\/magazin\/wp-json\/wp\/v2\/types\/post"}],"author":[{"embeddable":true,"href":"https:\/\/www.euroakademie.de\/magazin\/wp-json\/wp\/v2\/users\/19"}],"replies":[{"embeddable":true,"href":"https:\/\/www.euroakademie.de\/magazin\/wp-json\/wp\/v2\/comments?post=3114"}],"version-history":[{"count":0,"href":"https:\/\/www.euroakademie.de\/magazin\/wp-json\/wp\/v2\/posts\/3114\/revisions"}],"wp:featuredmedia":[{"embeddable":true,"href":"https:\/\/www.euroakademie.de\/magazin\/wp-json\/wp\/v2\/media\/3024"}],"wp:attachment":[{"href":"https:\/\/www.euroakademie.de\/magazin\/wp-json\/wp\/v2\/media?parent=3114"}],"wp:term":[{"taxonomy":"category","embeddable":true,"href":"https:\/\/www.euroakademie.de\/magazin\/wp-json\/wp\/v2\/categories?post=3114"},{"taxonomy":"post_tag","embeddable":true,"href":"https:\/\/www.euroakademie.de\/magazin\/wp-json\/wp\/v2\/tags?post=3114"}],"curies":[{"name":"wp","href":"https:\/\/api.w.org\/{rel}","templated":true}]}}