{"id":31258,"date":"2026-09-03T16:07:48","date_gmt":"2026-09-03T14:07:48","guid":{"rendered":"https:\/\/www.euroakademie.de\/magazin\/?p=31258"},"modified":"2026-09-03T16:09:06","modified_gmt":"2026-09-03T14:09:06","slug":"die-neue-ausbildung-in-der-pflegefachassistenz-erstmals-bundesweit-einheitlich","status":"publish","type":"post","link":"https:\/\/www.euroakademie.de\/magazin\/die-neue-ausbildung-in-der-pflegefachassistenz-erstmals-bundesweit-einheitlich\/","title":{"rendered":"Die neue Ausbildung in der Pflegefachassistenz \u2013 erstmals bundesweit einheitlich"},"content":{"rendered":"\t\t<div data-elementor-type=\"wp-post\" data-elementor-id=\"31258\" class=\"elementor elementor-31258\">\n\t\t\t\t\t\t<section class=\"has-el-gap el-gap-default elementor-section elementor-top-section elementor-element elementor-element-b399545 elementor-section-boxed elementor-section-height-default elementor-section-height-default\" data-id=\"b399545\" data-element_type=\"section\">\n\t\t\t\t\t\t<div class=\"elementor-container elementor-column-gap-no\">\n\t\t\t\t\t<div class=\"elementor-column elementor-col-100 elementor-top-column elementor-element elementor-element-7ee88eb\" data-id=\"7ee88eb\" data-element_type=\"column\">\n\t\t\t<div class=\"elementor-widget-wrap elementor-element-populated\">\n\t\t\t\t\t\t<div class=\"elementor-element elementor-element-869b4a6 elementor-widget elementor-widget-text-editor\" data-id=\"869b4a6\" data-element_type=\"widget\" data-widget_type=\"text-editor.default\">\n\t\t\t\t<div class=\"elementor-widget-container\">\n\t\t\t<style>\/*! elementor - v3.22.0 - 26-06-2024 *\/\n.elementor-widget-text-editor.elementor-drop-cap-view-stacked .elementor-drop-cap{background-color:#69727d;color:#fff}.elementor-widget-text-editor.elementor-drop-cap-view-framed .elementor-drop-cap{color:#69727d;border:3px solid;background-color:transparent}.elementor-widget-text-editor:not(.elementor-drop-cap-view-default) .elementor-drop-cap{margin-top:8px}.elementor-widget-text-editor:not(.elementor-drop-cap-view-default) .elementor-drop-cap-letter{width:1em;height:1em}.elementor-widget-text-editor .elementor-drop-cap{float:left;text-align:center;line-height:1;font-size:50px}.elementor-widget-text-editor .elementor-drop-cap-letter{display:inline-block}<\/style>\t\t\t\t<p><strong>Ab dem 1. Januar 2027 wird in Deutschland ein weiterer eigenst\u00e4ndiger Gesundheitsfachberuf mit bundesweit einheitlichen Standards eingef\u00fchrt: die Pflegefachassistenz. Die <a href=\"https:\/\/www.euroakademie.de\/details\/SGG2__7E53Q18S_1\/Pflegefachassistentin---Vollzeitausbildung-18-Monate\" target=\"_blank\" rel=\"noopener\">Ausbildung<\/a> dazu bildet eine grundlegende Basis f\u00fcr alle Bereiche der Pflege \u2013 ob in Pflegeheimen, Pflegediensten oder Kliniken.<\/strong><\/p><p>Zuvor gab es in den verschiedenen Bundesl\u00e4ndern unterschiedliche Ausbildungen f\u00fcr die Pflegehilfe und Pflegeassistenz \u2013 nun werden diese vereinheitlicht, was eine <strong>bundesweite Anerkennung des Berufsabschlusses<\/strong> m\u00f6glich macht.<\/p><p>Welche <strong>vielversprechenden Zukunftsaussichten<\/strong> du mit diesem Berufsabschluss hast, erl\u00e4utern wir weiter unten. Vorher erkl\u00e4ren wir, was die <strong>Inhalte<\/strong> der neuen Ausbildung sind und <strong>was du brauchst<\/strong>, um dich daf\u00fcr zu bewerben.<\/p><h2>Was ist neu an der Ausbildung \u2013 und warum?<\/h2><p>Wie das <a href=\"https:\/\/www.bmbfsfj.bund.de\/bmbfsfj\/ministerium\/gesetze\/gesetz-ueber-die-einfuehrung-einer-bundeseinheitlichen-pflegefachassistenzausbildung-und-zur-aenderung-weiterer-gesetze-242496\" target=\"_blank\" rel=\"noopener\">Bundesministerium f\u00fcr Bildung, Familie, Senioren und Jugend<\/a> schreibt, soll mit der neuen Ausbildung \u201edie Attraktivit\u00e4t des Berufs gesteigert werden, um mehr Interessentinnen und Interessenten f\u00fcr die Ausbildung zu gewinnen.\u201c So kann einerseits dem <strong>Fachkr\u00e4ftemangel<\/strong> entgegengewirkt werden. Andererseits wird bestehendes <strong>Pflegepersonal entlastet<\/strong>, denn Aufgaben, die bisher von Pflegefachpersonen durchgef\u00fchrt werden, k\u00f6nnen k\u00fcnftig teilweise von Pflegefachassistenzpersonen \u00fcbernommen werden.<\/p><p>Das <strong>Besondere<\/strong> an der neuen Pflegefachassistenz-Ausbildung ist nicht nur die <strong>bundesweite Einheitlichkeit<\/strong> \u2013 es gibt noch zwei weitere Punkte, die sie attraktiv machen: Erstens bekommen die Auszubildenden w\u00e4hrend der gesamten Ausbildungsdauer eine <strong>angemessene Entlohnung<\/strong>. Zweitens sind die <strong>Zugangsvoraussetzungen<\/strong> so <strong>offen gestaltet<\/strong>, dass Menschen mit verschiedensten Bildungshintergr\u00fcnden an der Ausbildung teilnehmen k\u00f6nnen.<\/p><h2>Wie sah es vorher aus?<\/h2><p>Bisher gab es in den Bundesl\u00e4ndern 27 unterschiedliche Ausbildungswege. Das spiegelte sich auch in den Ausbildungen an der <a href=\"https:\/\/www.euroakademie.de\/bildungsangebote\/gesundheit-pflege\" target=\"_blank\" rel=\"noopener\">Euro Akademie<\/a> wider: In Th\u00fcringen nannte sich die Ausbildung Altenpflegehilfe, in Sachsen Krankenpflegehilfe und in Sachsen-Anhalt Pflegehilfe. In Berlin hie\u00df die Ausbildung bereits Pflegefachassistenz, war jedoch noch nicht vereinheitlicht.<\/p><p>Dieser \u201eL\u00e4nder-Flickenteppich\u201c, wie es der <a href=\"https:\/\/www.dbfk.de\/de\/\" target=\"_blank\" rel=\"noopener\">Deutsche Berufsverband f\u00fcr Pflegeberufe<\/a> nennt, soll nun beendet werden. Als \u00dcbergang k\u00f6nnen landesrechtliche Pflegefachassistenz-Ausbildungen noch bis zum 31. Dezember 2027 begonnen und bis Ende 2030 abgeschlossen werden. An den Euro Akademien werden die genannten Ausbildungen bereits ab September 2027 durch die neue bundesweit einheitliche Ausbildung ersetzt.<\/p><h2>Welche Zugangsvoraussetzungen gibt es?<\/h2><p>Eine Besonderheit der neuen Pflegefachassistenz-Ausbildung sind die vielf\u00e4ltigen Zugangsvoraussetzungen. Wenn du Pflegefachassistent*in werden m\u00f6chtest, kannst du weiterhin den klassischen Weg \u00fcber einen <strong>Hauptschulabschluss<\/strong> beziehungsweise einen gleichwertigen Schulabschluss gehen. Auch mit einer bereits <strong>erfolgreich abgeschlossenen Ausbildung<\/strong> kannst du teilnehmen. Wenn du schon <strong>Berufserfahrung in der Pflege<\/strong> hast oder eine Ausbildung bereits zum Teil absolviert hast, gibt es Optionen f\u00fcr <strong>verk\u00fcrzte Ausbildungszeiten<\/strong>, <strong>Vorbereitungskurse<\/strong> und <strong>Externenpr\u00fcfungen<\/strong>.<\/p><p>Zudem gibt es einen weiteren Weg in die Ausbildung: Auch <strong>ohne einen Schulabschluss<\/strong> ist die Teilnahme m\u00f6glich, wenn die Pflegeschule auf Basis individueller Kompetenzen, pers\u00f6nlicher Eignung und erkennbarer Entwicklungspotenziale zuversichtlich ist, dass der*die Bewerber*in die Ausbildung erfolgreich bestehen kann.<\/p><h2>Was lernt man in der Ausbildung?<\/h2><p>W\u00e4hrend der Ausbildung zur Pflegefachassistenz durchl\u00e4ufst du <strong>Pflichteins\u00e4tze in drei gro\u00dfen Bereichen<\/strong>: der <strong>station\u00e4ren Langzeitpflege<\/strong> (z.B. im Pflegeheim), der <strong>ambulanten Langzeitpflege<\/strong> (z.B. im ambulanten Pflegedienst) und der <strong>station\u00e4ren Akutpflege<\/strong> (z.B. im Krankenhaus). Hinzukommen k\u00f6nnen weitere Einsatzbereiche wie etwa die Arbeit im Hospiz oder mit \u00e4lteren Menschen mit psychischen Erkrankungen (Gerontopsychiatrie).<\/p><p>Die <strong>Berufspraxis<\/strong> steht im Mittelpunkt der Ausbildung. So umfasst der praktische Teil mit den Pflichteins\u00e4tzen in der Vollzeitausbildung 1.280 Stunden, w\u00e4hrend der theoretische und praktische Unterricht an der Pflegeschule 1.050 Stunden umfasst.<\/p><p>Durch die Kombination von Praxis und Theorie wirst du umfassend auf alle Aspekte der pflegerischen Arbeit vorbereitet. Als Pflegefachassistent*in bist du ma\u00dfgeblich daran beteiligt, Menschen <strong>zu mehr Lebensqualit\u00e4t<\/strong> zu verhelfen und sie in ihrer <strong>Selbstst\u00e4ndigkeit zu unterst\u00fctzen<\/strong>. Dazu geh\u00f6rt eine breite Palette an T\u00e4tigkeiten:<\/p><p>\u2022 Gesundheit und Pr\u00e4vention f\u00f6rdern<br \/>\u2022 Professionell kommunizieren und Beziehungen gestalten<br \/>\u2022 Hygiene- und Qualit\u00e4tsstandards sicher anwenden<br \/>\u2022 Pflegerische Ma\u00dfnahmen in verschiedenen Settings durchf\u00fchren<br \/>\u2022 Bei Diagnostik und Therapie mitwirken<br \/>\u2022 Pflegeprozesse beobachten und mitgestalten<br \/>\u2022 Pflegeprozesse dokumentieren (mittels digitaler Systeme)<br \/>\u2022 In Teams mit Menschen aus verschiedenen Gesundheitsberufen arbeiten<br \/>\u2022 Rechtliche und ethische Rahmenbedingungen beachten<\/p><h2>Ausbildungsdauer und Pr\u00fcfung<\/h2><p>In <strong>Vollzeit<\/strong> dauert die Pflegefachassistenz-Ausbildung <strong>18 Monate<\/strong>, also eineinhalb Jahre. In Teilzeit kann sie bis zu 36 Monate, also drei Jahre dauern. Wie oben angedeutet, ist mit den entsprechenden Voraussetzungen auch eine verk\u00fcrzte Ausbildung von 12 Monaten m\u00f6glich.<\/p><p>Den Abschluss der Ausbildung bildet eine <strong>staatliche Pr\u00fcfung<\/strong> mit einem schriftlichen, einem m\u00fcndlichen und einem praktischen Teil. Wenn du bereits in der Pflege arbeitest oder pflegerische Erfahrungen hast, kannst du deinen staatlichen Abschluss auch \u00fcber Vorbereitungskurse und Externenpr\u00fcfungen nachholen.<\/p><h2>Zukunftsaussichten nach der Ausbildung<\/h2><p>Der erfolgreiche Abschluss als Pflegefachassistent*in er\u00f6ffnet dir <strong>vielf\u00e4ltige Besch\u00e4ftigungsm\u00f6glichkeiten<\/strong> in so gut wie allen pflegerischen Bereichen: ob in Pflegeheimen, ambulanten Pflegediensten, Krankenh\u00e4usern oder Kliniken.<\/p><p>Laut dem <a href=\"https:\/\/web.arbeitsagentur.de\/entgeltatlas\/beruf\/143398\" target=\"_blank\" rel=\"noopener\">Entgeltatlas der Bundesagentur f\u00fcr Arbeit<\/a> kannst du nach der Ausbildung als Pflegefachassistent*in in Vollzeit durchschnittlich <strong>3.596 \u20ac brutto<\/strong> im Monat verdienen.<\/p><p>Als Pflegefachassistent*in kannst du dich vielf\u00e4ltig <a href=\"https:\/\/www.euroakademie.de\/bildungsangebote\/gesundheit-pflege\" target=\"_blank\" rel=\"noopener\">weiterbilden<\/a> und dich spezialisieren. Du kannst mehr Verantwortung \u00fcbernehmen, indem du dich <strong>zum*r <a href=\"https:\/\/www.euroakademie.de\/details\/DRFO1_C213Q18S_1\/Praxisanleiterin-fuer-Pflegeberufe\" target=\"_blank\" rel=\"noopener\">Praxisanleiter*in fortbilden<\/a><\/strong> l\u00e4sst, um Auszubildende, Praktikant*innen und neue Mitarbeitende einarbeiten zu k\u00f6nnen.<\/p><p>Zudem kannst du dich weiterentwickeln, indem du eine <strong><a href=\"https:\/\/www.euroakademie.de\/bildungsangebote\/gesundheit-pflege\" target=\"_blank\" rel=\"noopener\">Ausbildung zum*r Pflegefachfrau*mann<\/a><\/strong> anh\u00e4ngst \u2013 diese Ausbildung wurde bereits im Jahr <a href=\"https:\/\/www.euroakademie.de\/magazin\/im-gespraech-mit-liane-michaelis-ueber-die-neue-pflegeausbildung\/\" target=\"_blank\" rel=\"noopener\">2020 generalisiert<\/a>. Auch eine anschlie\u00dfende <strong>Ausbildung in der <a href=\"https:\/\/www.euroakademie.de\/details\/X62___798_R_8S_1\/Heilerziehungspflegerin---staatlich-anerkannt---Vollzeit\" target=\"_blank\" rel=\"noopener\">Heilerziehungspflege<\/a><\/strong> ist eine vielversprechende Perspektive.<\/p><h2>Deine Vorteile der neuen Pflegeausbildung auf einen Blick<\/h2><p>\u2022 Du erh\u00e4ltst eine <strong>angemessene Entlohnung<\/strong> f\u00fcr die gesamte Dauer deiner Ausbildung.<br \/>\u2022 Du kannst nach der Ausbildung <strong>deutschlandweit in allen Bereichen der Pflege<\/strong> arbeiten.<br \/>\u2022 Du hast <strong>auch ohne Schulabschluss<\/strong> die M\u00f6glichkeit, an der Ausbildung teilzunehmen.<br \/>\u2022 Du kannst dir <strong>bisherige Berufserfahrung<\/strong> in der Pflege staatlich <strong>anerkennen lassen<\/strong>.<br \/>\u2022 An der Euro Akademie ist die Ausbildung <strong>schulgeldfrei<\/strong>.<br \/>\u2022 An der Euro Akademie bekommst du zus\u00e4tzlich einen <strong>Sch\u00fclerausweis<\/strong>, der verschiedene Verg\u00fcnstigungen beinhaltet.<\/p><p><strong>Au\u00dferdem ist die Pflegefachassistenz mehr als nur ein Job: Indem du Menschen zu mehr Lebensqualit\u00e4t verhilfst, schenkst du Freude und tust t\u00e4glich Gutes. Informiere dich jetzt \u00fcber die neue <a href=\"https:\/\/www.euroakademie.de\/details\/SGG2__7E53Q18S_1\/Pflegefachassistentin---Vollzeitausbildung-18-Monate\" target=\"_blank\" rel=\"noopener\">Ausbildung an der Euro Akademie<\/a>, bewirb dich und starte deine Karriere in einem aussichtsreichen und krisensicheren Berufsfeld!<\/strong><\/p><p><em>Beitragsbild: Halfpoint \/ Shutterstock.com<\/em><\/p>\t\t\t\t\t\t<\/div>\n\t\t\t\t<\/div>\n\t\t\t\t\t<\/div>\n\t\t<\/div>\n\t\t\t\t\t<\/div>\n\t\t<\/section>\n\t\t\t\t<\/div>\n\t\t","protected":false},"excerpt":{"rendered":"<p>Ab dem 1. Januar 2027 wird in Deutschland ein weiterer eigenst\u00e4ndiger Gesundheitsfachberuf mit bundesweit einheitlichen Standards eingef\u00fchrt: die Pflegefachassistenz. Die Ausbildung dazu bildet eine grundlegende Basis f\u00fcr alle Bereiche der Pflege \u2013 ob in Pflegeheimen, Pflegediensten oder Kliniken. Zuvor gab es in den verschiedenen Bundesl\u00e4ndern unterschiedliche Ausbildungen f\u00fcr die Pflegehilfe und Pflegeassistenz \u2013 nun werden<\/p>\n","protected":false},"author":108,"featured_media":31261,"comment_status":"open","ping_status":"open","sticky":false,"template":"","format":"standard","meta":{"footnotes":""},"categories":[82,16],"tags":[6364,6370,9796],"class_list":["post-31258","post","type-post","status-publish","format-standard","has-post-thumbnail","category-branchennews","category-gesundheit-pflege","tag-pflege","tag-pflegeausbildung","tag-pflegefachassistenz"],"yoast_head":"<!-- This site is optimized with the Yoast SEO plugin v23.5 - https:\/\/yoast.com\/wordpress\/plugins\/seo\/ -->\n<title>Die neue Ausbildung in der Pflegefachassistenz \u2013 erstmals bundesweit einheitlich - Das Euro Akademie Magazin<\/title>\n<meta name=\"description\" content=\"Erfahre alles Wichtige zur neuen bundesweit einheitlichen Ausbildung in der Pflegefachassistenz \u2013 inklusive spannender Zukunftsaussichten.\" \/>\n<meta name=\"robots\" content=\"index, follow, max-snippet:-1, max-image-preview:large, max-video-preview:-1\" \/>\n<link rel=\"canonical\" href=\"https:\/\/www.euroakademie.de\/magazin\/die-neue-ausbildung-in-der-pflegefachassistenz-erstmals-bundesweit-einheitlich\/\" \/>\n<meta property=\"og:locale\" content=\"de_DE\" \/>\n<meta property=\"og:type\" content=\"article\" \/>\n<meta property=\"og:title\" content=\"Die neue Ausbildung in der Pflegefachassistenz \u2013 erstmals bundesweit einheitlich - Das Euro Akademie Magazin\" \/>\n<meta property=\"og:description\" content=\"Erfahre alles Wichtige zur neuen bundesweit einheitlichen Ausbildung in der Pflegefachassistenz \u2013 inklusive spannender Zukunftsaussichten.\" \/>\n<meta property=\"og:url\" content=\"https:\/\/www.euroakademie.de\/magazin\/die-neue-ausbildung-in-der-pflegefachassistenz-erstmals-bundesweit-einheitlich\/\" \/>\n<meta property=\"og:site_name\" content=\"Das Euro Akademie Magazin\" \/>\n<meta property=\"article:published_time\" content=\"2026-09-03T14:07:48+00:00\" \/>\n<meta property=\"article:modified_time\" content=\"2026-09-03T14:09:06+00:00\" \/>\n<meta property=\"og:image\" content=\"https:\/\/www.euroakademie.de\/magazin\/wp-content\/uploads\/2026\/09\/Pflegefachassistent-Vollzeitausbildung-18-Monate_shutterstock-Halfpoint.jpg\" \/>\n\t<meta property=\"og:image:width\" content=\"1200\" \/>\n\t<meta property=\"og:image:height\" content=\"900\" \/>\n\t<meta property=\"og:image:type\" content=\"image\/jpeg\" \/>\n<meta name=\"author\" content=\"Dr. Melina Lieb\" \/>\n<meta name=\"twitter:card\" content=\"summary_large_image\" \/>\n<meta name=\"twitter:label1\" content=\"Verfasst von\" \/>\n\t<meta name=\"twitter:data1\" content=\"Dr. Melina Lieb\" \/>\n\t<meta name=\"twitter:label2\" content=\"Gesch\u00e4tzte Lesezeit\" \/>\n\t<meta name=\"twitter:data2\" content=\"6\u00a0Minuten\" \/>\n<script type=\"application\/ld+json\" class=\"yoast-schema-graph\">{\"@context\":\"https:\/\/schema.org\",\"@graph\":[{\"@type\":\"Article\",\"@id\":\"https:\/\/www.euroakademie.de\/magazin\/die-neue-ausbildung-in-der-pflegefachassistenz-erstmals-bundesweit-einheitlich\/#article\",\"isPartOf\":{\"@id\":\"https:\/\/www.euroakademie.de\/magazin\/die-neue-ausbildung-in-der-pflegefachassistenz-erstmals-bundesweit-einheitlich\/\"},\"author\":{\"name\":\"Dr. Melina Lieb\",\"@id\":\"https:\/\/www.euroakademie.de\/magazin\/#\/schema\/person\/8bf2b58d1ada882ce24a68c5c125791f\"},\"headline\":\"Die neue Ausbildung in der Pflegefachassistenz \u2013 erstmals bundesweit einheitlich\",\"datePublished\":\"2026-09-03T14:07:48+00:00\",\"dateModified\":\"2026-09-03T14:09:06+00:00\",\"mainEntityOfPage\":{\"@id\":\"https:\/\/www.euroakademie.de\/magazin\/die-neue-ausbildung-in-der-pflegefachassistenz-erstmals-bundesweit-einheitlich\/\"},\"wordCount\":1001,\"commentCount\":0,\"publisher\":{\"@id\":\"https:\/\/www.euroakademie.de\/magazin\/#organization\"},\"image\":{\"@id\":\"https:\/\/www.euroakademie.de\/magazin\/die-neue-ausbildung-in-der-pflegefachassistenz-erstmals-bundesweit-einheitlich\/#primaryimage\"},\"thumbnailUrl\":\"https:\/\/www.euroakademie.de\/magazin\/wp-content\/uploads\/2026\/09\/Pflegefachassistent-Vollzeitausbildung-18-Monate_shutterstock-Halfpoint.jpg\",\"keywords\":[\"Pflege\",\"Pflegeausbildung\",\"Pflegefachassistenz\"],\"articleSection\":[\"Branchennews\",\"Gesundheit &amp; Pflege\"],\"inLanguage\":\"de\",\"potentialAction\":[{\"@type\":\"CommentAction\",\"name\":\"Comment\",\"target\":[\"https:\/\/www.euroakademie.de\/magazin\/die-neue-ausbildung-in-der-pflegefachassistenz-erstmals-bundesweit-einheitlich\/#respond\"]}]},{\"@type\":\"WebPage\",\"@id\":\"https:\/\/www.euroakademie.de\/magazin\/die-neue-ausbildung-in-der-pflegefachassistenz-erstmals-bundesweit-einheitlich\/\",\"url\":\"https:\/\/www.euroakademie.de\/magazin\/die-neue-ausbildung-in-der-pflegefachassistenz-erstmals-bundesweit-einheitlich\/\",\"name\":\"Die neue Ausbildung in der Pflegefachassistenz \u2013 erstmals bundesweit einheitlich - Das Euro Akademie Magazin\",\"isPartOf\":{\"@id\":\"https:\/\/www.euroakademie.de\/magazin\/#website\"},\"primaryImageOfPage\":{\"@id\":\"https:\/\/www.euroakademie.de\/magazin\/die-neue-ausbildung-in-der-pflegefachassistenz-erstmals-bundesweit-einheitlich\/#primaryimage\"},\"image\":{\"@id\":\"https:\/\/www.euroakademie.de\/magazin\/die-neue-ausbildung-in-der-pflegefachassistenz-erstmals-bundesweit-einheitlich\/#primaryimage\"},\"thumbnailUrl\":\"https:\/\/www.euroakademie.de\/magazin\/wp-content\/uploads\/2026\/09\/Pflegefachassistent-Vollzeitausbildung-18-Monate_shutterstock-Halfpoint.jpg\",\"datePublished\":\"2026-09-03T14:07:48+00:00\",\"dateModified\":\"2026-09-03T14:09:06+00:00\",\"description\":\"Erfahre alles Wichtige zur neuen bundesweit einheitlichen Ausbildung in der Pflegefachassistenz \u2013 inklusive spannender Zukunftsaussichten.\",\"breadcrumb\":{\"@id\":\"https:\/\/www.euroakademie.de\/magazin\/die-neue-ausbildung-in-der-pflegefachassistenz-erstmals-bundesweit-einheitlich\/#breadcrumb\"},\"inLanguage\":\"de\",\"potentialAction\":[{\"@type\":\"ReadAction\",\"target\":[\"https:\/\/www.euroakademie.de\/magazin\/die-neue-ausbildung-in-der-pflegefachassistenz-erstmals-bundesweit-einheitlich\/\"]}]},{\"@type\":\"ImageObject\",\"inLanguage\":\"de\",\"@id\":\"https:\/\/www.euroakademie.de\/magazin\/die-neue-ausbildung-in-der-pflegefachassistenz-erstmals-bundesweit-einheitlich\/#primaryimage\",\"url\":\"https:\/\/www.euroakademie.de\/magazin\/wp-content\/uploads\/2026\/09\/Pflegefachassistent-Vollzeitausbildung-18-Monate_shutterstock-Halfpoint.jpg\",\"contentUrl\":\"https:\/\/www.euroakademie.de\/magazin\/wp-content\/uploads\/2026\/09\/Pflegefachassistent-Vollzeitausbildung-18-Monate_shutterstock-Halfpoint.jpg\",\"width\":1200,\"height\":900,\"caption\":\"Eine junge Frau in blauem Pflegekittel steht rechts neben einer \u00e4lteren Frau in gebl\u00fcmter Bluse. Die junge Frau beugt sich zur \u00e4lteren Frau hinunter und legt ihr eine Hand auf die Schulter. Beide Frauen lachen herzlich.\"},{\"@type\":\"BreadcrumbList\",\"@id\":\"https:\/\/www.euroakademie.de\/magazin\/die-neue-ausbildung-in-der-pflegefachassistenz-erstmals-bundesweit-einheitlich\/#breadcrumb\",\"itemListElement\":[{\"@type\":\"ListItem\",\"position\":1,\"name\":\"Startseite\",\"item\":\"https:\/\/www.euroakademie.de\/magazin\/\"},{\"@type\":\"ListItem\",\"position\":2,\"name\":\"Die neue Ausbildung in der Pflegefachassistenz \u2013 erstmals bundesweit einheitlich\"}]},{\"@type\":\"WebSite\",\"@id\":\"https:\/\/www.euroakademie.de\/magazin\/#website\",\"url\":\"https:\/\/www.euroakademie.de\/magazin\/\",\"name\":\"Das Euro Akademie Magazin\",\"description\":\"Gut informiert durch Ausbildung und Studium\",\"publisher\":{\"@id\":\"https:\/\/www.euroakademie.de\/magazin\/#organization\"},\"potentialAction\":[{\"@type\":\"SearchAction\",\"target\":{\"@type\":\"EntryPoint\",\"urlTemplate\":\"https:\/\/www.euroakademie.de\/magazin\/?s={search_term_string}\"},\"query-input\":{\"@type\":\"PropertyValueSpecification\",\"valueRequired\":true,\"valueName\":\"search_term_string\"}}],\"inLanguage\":\"de\"},{\"@type\":\"Organization\",\"@id\":\"https:\/\/www.euroakademie.de\/magazin\/#organization\",\"name\":\"ESO Education Group\",\"url\":\"https:\/\/www.euroakademie.de\/magazin\/\",\"logo\":{\"@type\":\"ImageObject\",\"inLanguage\":\"de\",\"@id\":\"https:\/\/www.euroakademie.de\/magazin\/#\/schema\/logo\/image\/\",\"url\":\"https:\/\/relaunch.euroakademie.de\/magazin\/wp-content\/uploads\/2024\/11\/Logo_EA_negativ_Rahmen_5cm_300dpi_RGB.jpg\",\"contentUrl\":\"https:\/\/relaunch.euroakademie.de\/magazin\/wp-content\/uploads\/2024\/11\/Logo_EA_negativ_Rahmen_5cm_300dpi_RGB.jpg\",\"width\":591,\"height\":236,\"caption\":\"ESO Education Group\"},\"image\":{\"@id\":\"https:\/\/www.euroakademie.de\/magazin\/#\/schema\/logo\/image\/\"}},{\"@type\":\"Person\",\"@id\":\"https:\/\/www.euroakademie.de\/magazin\/#\/schema\/person\/8bf2b58d1ada882ce24a68c5c125791f\",\"name\":\"Dr. Melina Lieb\",\"description\":\"Wissensdurst und Kreativit\u00e4t gehen bei mir Hand in Hand. Daher freue ich mich, dass ich seit Herbst 2025 meine vielseitigen Interessen und Erfahrungen in Artikel f\u00fcr das Euro Akademie Magazin einflie\u00dfen lassen kann.\",\"url\":\"https:\/\/www.euroakademie.de\/magazin\/author\/liebm\/\"}]}<\/script>\n<!-- \/ Yoast SEO plugin. -->","yoast_head_json":{"title":"Die neue Ausbildung in der Pflegefachassistenz \u2013 erstmals bundesweit einheitlich - Das Euro Akademie Magazin","description":"Erfahre alles Wichtige zur neuen bundesweit einheitlichen Ausbildung in der Pflegefachassistenz \u2013 inklusive spannender Zukunftsaussichten.","robots":{"index":"index","follow":"follow","max-snippet":"max-snippet:-1","max-image-preview":"max-image-preview:large","max-video-preview":"max-video-preview:-1"},"canonical":"https:\/\/www.euroakademie.de\/magazin\/die-neue-ausbildung-in-der-pflegefachassistenz-erstmals-bundesweit-einheitlich\/","og_locale":"de_DE","og_type":"article","og_title":"Die neue Ausbildung in der Pflegefachassistenz \u2013 erstmals bundesweit einheitlich - Das Euro Akademie Magazin","og_description":"Erfahre alles Wichtige zur neuen bundesweit einheitlichen Ausbildung in der Pflegefachassistenz \u2013 inklusive spannender Zukunftsaussichten.","og_url":"https:\/\/www.euroakademie.de\/magazin\/die-neue-ausbildung-in-der-pflegefachassistenz-erstmals-bundesweit-einheitlich\/","og_site_name":"Das Euro Akademie Magazin","article_published_time":"2026-09-03T14:07:48+00:00","article_modified_time":"2026-09-03T14:09:06+00:00","og_image":[{"width":1200,"height":900,"url":"https:\/\/www.euroakademie.de\/magazin\/wp-content\/uploads\/2026\/09\/Pflegefachassistent-Vollzeitausbildung-18-Monate_shutterstock-Halfpoint.jpg","type":"image\/jpeg"}],"author":"Dr. Melina Lieb","twitter_card":"summary_large_image","twitter_misc":{"Verfasst von":"Dr. Melina Lieb","Gesch\u00e4tzte Lesezeit":"6\u00a0Minuten"},"schema":{"@context":"https:\/\/schema.org","@graph":[{"@type":"Article","@id":"https:\/\/www.euroakademie.de\/magazin\/die-neue-ausbildung-in-der-pflegefachassistenz-erstmals-bundesweit-einheitlich\/#article","isPartOf":{"@id":"https:\/\/www.euroakademie.de\/magazin\/die-neue-ausbildung-in-der-pflegefachassistenz-erstmals-bundesweit-einheitlich\/"},"author":{"name":"Dr. Melina Lieb","@id":"https:\/\/www.euroakademie.de\/magazin\/#\/schema\/person\/8bf2b58d1ada882ce24a68c5c125791f"},"headline":"Die neue Ausbildung in der Pflegefachassistenz \u2013 erstmals bundesweit einheitlich","datePublished":"2026-09-03T14:07:48+00:00","dateModified":"2026-09-03T14:09:06+00:00","mainEntityOfPage":{"@id":"https:\/\/www.euroakademie.de\/magazin\/die-neue-ausbildung-in-der-pflegefachassistenz-erstmals-bundesweit-einheitlich\/"},"wordCount":1001,"commentCount":0,"publisher":{"@id":"https:\/\/www.euroakademie.de\/magazin\/#organization"},"image":{"@id":"https:\/\/www.euroakademie.de\/magazin\/die-neue-ausbildung-in-der-pflegefachassistenz-erstmals-bundesweit-einheitlich\/#primaryimage"},"thumbnailUrl":"https:\/\/www.euroakademie.de\/magazin\/wp-content\/uploads\/2026\/09\/Pflegefachassistent-Vollzeitausbildung-18-Monate_shutterstock-Halfpoint.jpg","keywords":["Pflege","Pflegeausbildung","Pflegefachassistenz"],"articleSection":["Branchennews","Gesundheit &amp; Pflege"],"inLanguage":"de","potentialAction":[{"@type":"CommentAction","name":"Comment","target":["https:\/\/www.euroakademie.de\/magazin\/die-neue-ausbildung-in-der-pflegefachassistenz-erstmals-bundesweit-einheitlich\/#respond"]}]},{"@type":"WebPage","@id":"https:\/\/www.euroakademie.de\/magazin\/die-neue-ausbildung-in-der-pflegefachassistenz-erstmals-bundesweit-einheitlich\/","url":"https:\/\/www.euroakademie.de\/magazin\/die-neue-ausbildung-in-der-pflegefachassistenz-erstmals-bundesweit-einheitlich\/","name":"Die neue Ausbildung in der Pflegefachassistenz \u2013 erstmals bundesweit einheitlich - Das Euro Akademie Magazin","isPartOf":{"@id":"https:\/\/www.euroakademie.de\/magazin\/#website"},"primaryImageOfPage":{"@id":"https:\/\/www.euroakademie.de\/magazin\/die-neue-ausbildung-in-der-pflegefachassistenz-erstmals-bundesweit-einheitlich\/#primaryimage"},"image":{"@id":"https:\/\/www.euroakademie.de\/magazin\/die-neue-ausbildung-in-der-pflegefachassistenz-erstmals-bundesweit-einheitlich\/#primaryimage"},"thumbnailUrl":"https:\/\/www.euroakademie.de\/magazin\/wp-content\/uploads\/2026\/09\/Pflegefachassistent-Vollzeitausbildung-18-Monate_shutterstock-Halfpoint.jpg","datePublished":"2026-09-03T14:07:48+00:00","dateModified":"2026-09-03T14:09:06+00:00","description":"Erfahre alles Wichtige zur neuen bundesweit einheitlichen Ausbildung in der Pflegefachassistenz \u2013 inklusive spannender Zukunftsaussichten.","breadcrumb":{"@id":"https:\/\/www.euroakademie.de\/magazin\/die-neue-ausbildung-in-der-pflegefachassistenz-erstmals-bundesweit-einheitlich\/#breadcrumb"},"inLanguage":"de","potentialAction":[{"@type":"ReadAction","target":["https:\/\/www.euroakademie.de\/magazin\/die-neue-ausbildung-in-der-pflegefachassistenz-erstmals-bundesweit-einheitlich\/"]}]},{"@type":"ImageObject","inLanguage":"de","@id":"https:\/\/www.euroakademie.de\/magazin\/die-neue-ausbildung-in-der-pflegefachassistenz-erstmals-bundesweit-einheitlich\/#primaryimage","url":"https:\/\/www.euroakademie.de\/magazin\/wp-content\/uploads\/2026\/09\/Pflegefachassistent-Vollzeitausbildung-18-Monate_shutterstock-Halfpoint.jpg","contentUrl":"https:\/\/www.euroakademie.de\/magazin\/wp-content\/uploads\/2026\/09\/Pflegefachassistent-Vollzeitausbildung-18-Monate_shutterstock-Halfpoint.jpg","width":1200,"height":900,"caption":"Eine junge Frau in blauem Pflegekittel steht rechts neben einer \u00e4lteren Frau in gebl\u00fcmter Bluse. Die junge Frau beugt sich zur \u00e4lteren Frau hinunter und legt ihr eine Hand auf die Schulter. Beide Frauen lachen herzlich."},{"@type":"BreadcrumbList","@id":"https:\/\/www.euroakademie.de\/magazin\/die-neue-ausbildung-in-der-pflegefachassistenz-erstmals-bundesweit-einheitlich\/#breadcrumb","itemListElement":[{"@type":"ListItem","position":1,"name":"Startseite","item":"https:\/\/www.euroakademie.de\/magazin\/"},{"@type":"ListItem","position":2,"name":"Die neue Ausbildung in der Pflegefachassistenz \u2013 erstmals bundesweit einheitlich"}]},{"@type":"WebSite","@id":"https:\/\/www.euroakademie.de\/magazin\/#website","url":"https:\/\/www.euroakademie.de\/magazin\/","name":"Das Euro Akademie Magazin","description":"Gut informiert durch Ausbildung und Studium","publisher":{"@id":"https:\/\/www.euroakademie.de\/magazin\/#organization"},"potentialAction":[{"@type":"SearchAction","target":{"@type":"EntryPoint","urlTemplate":"https:\/\/www.euroakademie.de\/magazin\/?s={search_term_string}"},"query-input":{"@type":"PropertyValueSpecification","valueRequired":true,"valueName":"search_term_string"}}],"inLanguage":"de"},{"@type":"Organization","@id":"https:\/\/www.euroakademie.de\/magazin\/#organization","name":"ESO Education Group","url":"https:\/\/www.euroakademie.de\/magazin\/","logo":{"@type":"ImageObject","inLanguage":"de","@id":"https:\/\/www.euroakademie.de\/magazin\/#\/schema\/logo\/image\/","url":"https:\/\/relaunch.euroakademie.de\/magazin\/wp-content\/uploads\/2024\/11\/Logo_EA_negativ_Rahmen_5cm_300dpi_RGB.jpg","contentUrl":"https:\/\/relaunch.euroakademie.de\/magazin\/wp-content\/uploads\/2024\/11\/Logo_EA_negativ_Rahmen_5cm_300dpi_RGB.jpg","width":591,"height":236,"caption":"ESO Education Group"},"image":{"@id":"https:\/\/www.euroakademie.de\/magazin\/#\/schema\/logo\/image\/"}},{"@type":"Person","@id":"https:\/\/www.euroakademie.de\/magazin\/#\/schema\/person\/8bf2b58d1ada882ce24a68c5c125791f","name":"Dr. Melina Lieb","description":"Wissensdurst und Kreativit\u00e4t gehen bei mir Hand in Hand. Daher freue ich mich, dass ich seit Herbst 2025 meine vielseitigen Interessen und Erfahrungen in Artikel f\u00fcr das Euro Akademie Magazin einflie\u00dfen lassen kann.","url":"https:\/\/www.euroakademie.de\/magazin\/author\/liebm\/"}]}},"_links":{"self":[{"href":"https:\/\/www.euroakademie.de\/magazin\/wp-json\/wp\/v2\/posts\/31258","targetHints":{"allow":["GET"]}}],"collection":[{"href":"https:\/\/www.euroakademie.de\/magazin\/wp-json\/wp\/v2\/posts"}],"about":[{"href":"https:\/\/www.euroakademie.de\/magazin\/wp-json\/wp\/v2\/types\/post"}],"author":[{"embeddable":true,"href":"https:\/\/www.euroakademie.de\/magazin\/wp-json\/wp\/v2\/users\/108"}],"replies":[{"embeddable":true,"href":"https:\/\/www.euroakademie.de\/magazin\/wp-json\/wp\/v2\/comments?post=31258"}],"version-history":[{"count":16,"href":"https:\/\/www.euroakademie.de\/magazin\/wp-json\/wp\/v2\/posts\/31258\/revisions"}],"predecessor-version":[{"id":31309,"href":"https:\/\/www.euroakademie.de\/magazin\/wp-json\/wp\/v2\/posts\/31258\/revisions\/31309"}],"wp:featuredmedia":[{"embeddable":true,"href":"https:\/\/www.euroakademie.de\/magazin\/wp-json\/wp\/v2\/media\/31261"}],"wp:attachment":[{"href":"https:\/\/www.euroakademie.de\/magazin\/wp-json\/wp\/v2\/media?parent=31258"}],"wp:term":[{"taxonomy":"category","embeddable":true,"href":"https:\/\/www.euroakademie.de\/magazin\/wp-json\/wp\/v2\/categories?post=31258"},{"taxonomy":"post_tag","embeddable":true,"href":"https:\/\/www.euroakademie.de\/magazin\/wp-json\/wp\/v2\/tags?post=31258"}],"curies":[{"name":"wp","href":"https:\/\/api.w.org\/{rel}","templated":true}]}}