{"id":3143,"date":"2015-10-26T13:10:41","date_gmt":"2015-10-26T12:10:41","guid":{"rendered":"https:\/\/www.euroakademie.de\/magazin\/?p=3143"},"modified":"2024-12-09T08:59:33","modified_gmt":"2024-12-09T07:59:33","slug":"link-und-lesetipp-vermessene-schulen-standardisierte-schueler","status":"publish","type":"post","link":"https:\/\/www.euroakademie.de\/magazin\/link-und-lesetipp-vermessene-schulen-standardisierte-schueler\/","title":{"rendered":"Link- und Lesetipp: \u201eVermessene Schulen \u2013 standardisierte Sch\u00fcler\u201c"},"content":{"rendered":"<p>\t\t\t\t<![CDATA[<strong>\u201eIn den 50er Jahren fand eine Studie heraus: Kinder aus Familien, die einen Staubsauger besitzen, lesen besser als Kinder aus Familien ohne Staubsauger. Nun k\u00e4me niemand auf die Idee, Leseschwierigkeiten bei Kindern mit dem Kauf eines Staubsaugers zu behandeln. Ein Fernsehverbot halten diesbez\u00fcglich aber viele f\u00fcr vern\u00fcnftig.\u201c<\/strong>\n\nSolche und \u00e4hnliche R\u00fcckschl\u00fcsse auf die zur\u00fcckliegende Bildungsforschung zieht Hans Br\u00fcgemann in seinem neuesten Werk aus den Reihen der P\u00e4dagogik \u201eVermessene Schulen \u2013 standardisierte Sch\u00fcler\u201c. Der Autor ist selbst Bildungsforscher und Evaluator. Im Gegensatz zu vielen seiner Kollegen verurteilt er PISA, Hattie, VerA und Co. zwar nicht, zeigt jedoch neben deren M\u00f6glichkeiten auch die Grenzen auf, die diese Studien mit sich bringen, und gibt L\u00f6sungsvorschl\u00e4ge, die zum Nachdenken anregen.\n\n\u201eVermessene Schulen \u2013 standardisierte Sch\u00fcler\u201c ist nicht nur an Lehrende und all diejenigen gerichtet, die von Bildungsforschung, Evaluation und ihren Ergebnissen im p\u00e4dagogischen Alltag betroffen sind, sondern dient ebenso Politik-, Medien- und P\u00e4dagogikinteressierten als aufschlussreiche Orientierungshilfe im Studien-Wirrwarr.\n\n\u201eDie Lekt\u00fcre erm\u00f6glicht es Lehrkr\u00e4ften und selbst interessierten Laien, die Geltungsanspr\u00fcche evidenzbasierter Forschung zu pr\u00fcfen, kann aber zugleich auch Fachleuten als gute Zusammenfassung der Thematik dienen.\u201c Prof. Dr. Karl-Heinz-Dammer, P\u00e4dagogische Hochschule Heidelberg\n\n\n<div class=\"buchmeta-colgroup clearfix\"><span class=\"produkteauthor\"><a href=\"https:\/\/relaunch.euroakademie.de\/magazin\/wp-content\/uploads\/2015\/10\/cover-hans-bruegemann-belztverlag-e1445601894627.jpg\"><\/a><a title=\"Hans Br\u00fcgelmann\" href=\"http:\/\/www.beltz.de\/fachmedien\/paedagogik\/buecher\/produkt_produktdetails\/35226-bildung_2030_sieben_trends_die_die_schule_revolutionieren.html\">Hans Br\u00fcgelmann<\/a><\/span><\/div>\n\n\n\n\n<div class=\"buchmeta-colgroup clearfix\"><strong>Vermessene Schulen &#8211; standardisierte Sch\u00fcler\n<\/strong>Zu Risiken und Nebenwirkungen von PISA, Hattie, VerA &amp; Co\n<span class=\"buchmeta-col1 buchmeta-format\">Buch<i>: <\/i><\/span><span class=\"buchmeta-col2 buchmeta-page\">143 Seiten\n<\/span><span class=\"buchmeta-col1\">ISBN: <\/span><span class=\"buchmeta-col2\">978-3-407-25729-1\n<\/span><\/div>\n\n\n\n\n<div><\/div>\n\n\n\n\n<div><\/div>\n\n\n\n\n<div><\/div>\n\n\n\n\n<h4>Das k\u00f6nnte Sie auch interessieren:<\/h4>\n\n\n\n\n<ul>\n \t\n\n<li><a href=\"https:\/\/www.euroakademie.de\/magazin\/link-und-lesetipp-foerdern-bevor-es-zu-spaet-ist\/\" target=\"_blank\" rel=\"noopener\">Link- und Lesetipp: &#8222;F\u00f6rdern, bevor es zu sp\u00e4t ist&#8220;<\/a><\/li>\n\n\n \t\n\n<li><a href=\"https:\/\/www.euroakademie.de\/magazin\/adhs-wie-erzieher-kindern-helfen-koennen\/\" target=\"_blank\" rel=\"noopener\">ADHS: Wie Erzieher das dritte Standbein f\u00fcr verhaltensauff\u00e4llige Kinder sein k\u00f6nnen<\/a><\/li>\n\n\n \t\n\n<li><a href=\"https:\/\/www.euroakademie.de\/magazin\/lesetipp-paedagogik-als-beruf-mit-verlosung\/\">Lesetipp: \u201eP\u00e4dagogik als Beruf\u201c<\/a><\/li>\n\n\n \t\n\n<li><a href=\"https:\/\/www.euroakademie.de\/magazin\/eine-branche-lebt-auf\/\" target=\"_blank\" rel=\"noopener\">Eine Branche lebt auf<\/a><\/li>\n\n\n<\/ul>\n\n]]>\t\t<\/p>\n","protected":false},"excerpt":{"rendered":"<p>\t\t\t\t<![CDATA[]]>\t\t<\/p>\n","protected":false},"author":7,"featured_media":7199,"comment_status":"closed","ping_status":"closed","sticky":false,"template":"","format":"standard","meta":{"footnotes":""},"categories":[139,19],"tags":[1459,3850,6517,8671],"class_list":{"0":"post-3143","1":"post","2":"type-post","3":"status-publish","4":"format-standard","5":"has-post-thumbnail","7":"category-lesetipps","8":"category-paedagogik-soziales","9":"tag-bildungsforschung","10":"tag-hattie","11":"tag-pisa","12":"tag-vera"},"yoast_head":"<!-- This site is optimized with the Yoast SEO plugin v23.5 - https:\/\/yoast.com\/wordpress\/plugins\/seo\/ -->\n<title>Bildungsforschung: \u201eVermessene Schulen \u2013 standardisierte Sch\u00fcler\u201c<\/title>\n<meta name=\"description\" content=\"Hans Br\u00fcgemann war 40 Jahre in der Bildungsforschung t\u00e4tig. Er untersucht PISA, Hattie, VerA und Co. und zeigt Optimierungsvorschl\u00e4ge auf. Zum Nachdenken.\" \/>\n<meta name=\"robots\" content=\"index, follow, max-snippet:-1, max-image-preview:large, max-video-preview:-1\" \/>\n<link rel=\"canonical\" href=\"https:\/\/www.euroakademie.de\/magazin\/link-und-lesetipp-vermessene-schulen-standardisierte-schueler\/\" \/>\n<meta property=\"og:locale\" content=\"de_DE\" \/>\n<meta property=\"og:type\" content=\"article\" \/>\n<meta property=\"og:title\" content=\"Bildungsforschung: \u201eVermessene Schulen \u2013 standardisierte Sch\u00fcler\u201c\" \/>\n<meta property=\"og:description\" content=\"Hans Br\u00fcgemann war 40 Jahre in der Bildungsforschung t\u00e4tig. Er untersucht PISA, Hattie, VerA und Co. und zeigt Optimierungsvorschl\u00e4ge auf. Zum Nachdenken.\" \/>\n<meta property=\"og:url\" content=\"https:\/\/www.euroakademie.de\/magazin\/link-und-lesetipp-vermessene-schulen-standardisierte-schueler\/\" \/>\n<meta property=\"og:site_name\" content=\"Das Euro Akademie Magazin\" \/>\n<meta property=\"article:published_time\" content=\"2015-10-26T12:10:41+00:00\" \/>\n<meta property=\"article:modified_time\" content=\"2024-12-09T07:59:33+00:00\" \/>\n<meta property=\"og:image\" content=\"https:\/\/www.euroakademie.de\/magazin\/wp-content\/uploads\/2015\/10\/shutterstock_520160692_702x336_web.jpg\" \/>\n\t<meta property=\"og:image:width\" content=\"702\" \/>\n\t<meta property=\"og:image:height\" content=\"336\" \/>\n\t<meta property=\"og:image:type\" content=\"image\/jpeg\" \/>\n<meta name=\"author\" content=\"Redaktion\" \/>\n<meta name=\"twitter:card\" content=\"summary_large_image\" \/>\n<meta name=\"twitter:label1\" content=\"Verfasst von\" \/>\n\t<meta name=\"twitter:data1\" content=\"Redaktion\" \/>\n\t<meta name=\"twitter:label2\" content=\"Gesch\u00e4tzte Lesezeit\" \/>\n\t<meta name=\"twitter:data2\" content=\"1\u00a0Minute\" \/>\n<script type=\"application\/ld+json\" class=\"yoast-schema-graph\">{\"@context\":\"https:\/\/schema.org\",\"@graph\":[{\"@type\":\"Article\",\"@id\":\"https:\/\/www.euroakademie.de\/magazin\/link-und-lesetipp-vermessene-schulen-standardisierte-schueler\/#article\",\"isPartOf\":{\"@id\":\"https:\/\/www.euroakademie.de\/magazin\/link-und-lesetipp-vermessene-schulen-standardisierte-schueler\/\"},\"author\":{\"name\":\"Redaktion\",\"@id\":\"https:\/\/www.euroakademie.de\/magazin\/#\/schema\/person\/6c9b7b6db765ee31640d80c936be3686\"},\"headline\":\"Link- und Lesetipp: \u201eVermessene Schulen \u2013 standardisierte Sch\u00fcler\u201c\",\"datePublished\":\"2015-10-26T12:10:41+00:00\",\"dateModified\":\"2024-12-09T07:59:33+00:00\",\"mainEntityOfPage\":{\"@id\":\"https:\/\/www.euroakademie.de\/magazin\/link-und-lesetipp-vermessene-schulen-standardisierte-schueler\/\"},\"wordCount\":280,\"publisher\":{\"@id\":\"https:\/\/www.euroakademie.de\/magazin\/#organization\"},\"image\":{\"@id\":\"https:\/\/www.euroakademie.de\/magazin\/link-und-lesetipp-vermessene-schulen-standardisierte-schueler\/#primaryimage\"},\"thumbnailUrl\":\"https:\/\/www.euroakademie.de\/magazin\/wp-content\/uploads\/2015\/10\/shutterstock_520160692_702x336_web.jpg\",\"keywords\":[\"Bildungsforschung\",\"Hattie\",\"PISA\",\"VerA\"],\"articleSection\":[\"Link- und Lesetipps\",\"P\u00e4dagogik &amp; Soziales\"],\"inLanguage\":\"de\"},{\"@type\":\"WebPage\",\"@id\":\"https:\/\/www.euroakademie.de\/magazin\/link-und-lesetipp-vermessene-schulen-standardisierte-schueler\/\",\"url\":\"https:\/\/www.euroakademie.de\/magazin\/link-und-lesetipp-vermessene-schulen-standardisierte-schueler\/\",\"name\":\"Bildungsforschung: \u201eVermessene Schulen \u2013 standardisierte Sch\u00fcler\u201c\",\"isPartOf\":{\"@id\":\"https:\/\/www.euroakademie.de\/magazin\/#website\"},\"primaryImageOfPage\":{\"@id\":\"https:\/\/www.euroakademie.de\/magazin\/link-und-lesetipp-vermessene-schulen-standardisierte-schueler\/#primaryimage\"},\"image\":{\"@id\":\"https:\/\/www.euroakademie.de\/magazin\/link-und-lesetipp-vermessene-schulen-standardisierte-schueler\/#primaryimage\"},\"thumbnailUrl\":\"https:\/\/www.euroakademie.de\/magazin\/wp-content\/uploads\/2015\/10\/shutterstock_520160692_702x336_web.jpg\",\"datePublished\":\"2015-10-26T12:10:41+00:00\",\"dateModified\":\"2024-12-09T07:59:33+00:00\",\"description\":\"Hans Br\u00fcgemann war 40 Jahre in der Bildungsforschung t\u00e4tig. Er untersucht PISA, Hattie, VerA und Co. und zeigt Optimierungsvorschl\u00e4ge auf. Zum Nachdenken.\",\"breadcrumb\":{\"@id\":\"https:\/\/www.euroakademie.de\/magazin\/link-und-lesetipp-vermessene-schulen-standardisierte-schueler\/#breadcrumb\"},\"inLanguage\":\"de\",\"potentialAction\":[{\"@type\":\"ReadAction\",\"target\":[\"https:\/\/www.euroakademie.de\/magazin\/link-und-lesetipp-vermessene-schulen-standardisierte-schueler\/\"]}]},{\"@type\":\"ImageObject\",\"inLanguage\":\"de\",\"@id\":\"https:\/\/www.euroakademie.de\/magazin\/link-und-lesetipp-vermessene-schulen-standardisierte-schueler\/#primaryimage\",\"url\":\"https:\/\/www.euroakademie.de\/magazin\/wp-content\/uploads\/2015\/10\/shutterstock_520160692_702x336_web.jpg\",\"contentUrl\":\"https:\/\/www.euroakademie.de\/magazin\/wp-content\/uploads\/2015\/10\/shutterstock_520160692_702x336_web.jpg\",\"width\":702,\"height\":336,\"caption\":\"\"},{\"@type\":\"BreadcrumbList\",\"@id\":\"https:\/\/www.euroakademie.de\/magazin\/link-und-lesetipp-vermessene-schulen-standardisierte-schueler\/#breadcrumb\",\"itemListElement\":[{\"@type\":\"ListItem\",\"position\":1,\"name\":\"Startseite\",\"item\":\"https:\/\/www.euroakademie.de\/magazin\/\"},{\"@type\":\"ListItem\",\"position\":2,\"name\":\"Link- und Lesetipp: \u201eVermessene Schulen \u2013 standardisierte Sch\u00fcler\u201c\"}]},{\"@type\":\"WebSite\",\"@id\":\"https:\/\/www.euroakademie.de\/magazin\/#website\",\"url\":\"https:\/\/www.euroakademie.de\/magazin\/\",\"name\":\"Das Euro Akademie Magazin\",\"description\":\"Gut informiert durch Ausbildung und Studium\",\"publisher\":{\"@id\":\"https:\/\/www.euroakademie.de\/magazin\/#organization\"},\"potentialAction\":[{\"@type\":\"SearchAction\",\"target\":{\"@type\":\"EntryPoint\",\"urlTemplate\":\"https:\/\/www.euroakademie.de\/magazin\/?s={search_term_string}\"},\"query-input\":{\"@type\":\"PropertyValueSpecification\",\"valueRequired\":true,\"valueName\":\"search_term_string\"}}],\"inLanguage\":\"de\"},{\"@type\":\"Organization\",\"@id\":\"https:\/\/www.euroakademie.de\/magazin\/#organization\",\"name\":\"ESO Education Group\",\"url\":\"https:\/\/www.euroakademie.de\/magazin\/\",\"logo\":{\"@type\":\"ImageObject\",\"inLanguage\":\"de\",\"@id\":\"https:\/\/www.euroakademie.de\/magazin\/#\/schema\/logo\/image\/\",\"url\":\"https:\/\/relaunch.euroakademie.de\/magazin\/wp-content\/uploads\/2024\/11\/Logo_EA_negativ_Rahmen_5cm_300dpi_RGB.jpg\",\"contentUrl\":\"https:\/\/relaunch.euroakademie.de\/magazin\/wp-content\/uploads\/2024\/11\/Logo_EA_negativ_Rahmen_5cm_300dpi_RGB.jpg\",\"width\":591,\"height\":236,\"caption\":\"ESO Education Group\"},\"image\":{\"@id\":\"https:\/\/www.euroakademie.de\/magazin\/#\/schema\/logo\/image\/\"}},{\"@type\":\"Person\",\"@id\":\"https:\/\/www.euroakademie.de\/magazin\/#\/schema\/person\/6c9b7b6db765ee31640d80c936be3686\",\"name\":\"Redaktion\",\"description\":\"Die Redaktion des Euro Akademie Magazins h\u00e4lt Sie regelm\u00e4\u00dfig mit hintergr\u00fcndigen Artikeln auf dem Laufenden. Auf Basis einer fundierten Recherche und mit Spa\u00df am Schreiben erstellen die Redakteur*innen informative und unterhaltsame Inhalte f\u00fcr Sie.\",\"url\":\"https:\/\/www.euroakademie.de\/magazin\/author\/redaktion\/\"}]}<\/script>\n<!-- \/ Yoast SEO plugin. -->","yoast_head_json":{"title":"Bildungsforschung: \u201eVermessene Schulen \u2013 standardisierte Sch\u00fcler\u201c","description":"Hans Br\u00fcgemann war 40 Jahre in der Bildungsforschung t\u00e4tig. Er untersucht PISA, Hattie, VerA und Co. und zeigt Optimierungsvorschl\u00e4ge auf. Zum Nachdenken.","robots":{"index":"index","follow":"follow","max-snippet":"max-snippet:-1","max-image-preview":"max-image-preview:large","max-video-preview":"max-video-preview:-1"},"canonical":"https:\/\/www.euroakademie.de\/magazin\/link-und-lesetipp-vermessene-schulen-standardisierte-schueler\/","og_locale":"de_DE","og_type":"article","og_title":"Bildungsforschung: \u201eVermessene Schulen \u2013 standardisierte Sch\u00fcler\u201c","og_description":"Hans Br\u00fcgemann war 40 Jahre in der Bildungsforschung t\u00e4tig. Er untersucht PISA, Hattie, VerA und Co. und zeigt Optimierungsvorschl\u00e4ge auf. Zum Nachdenken.","og_url":"https:\/\/www.euroakademie.de\/magazin\/link-und-lesetipp-vermessene-schulen-standardisierte-schueler\/","og_site_name":"Das Euro Akademie Magazin","article_published_time":"2015-10-26T12:10:41+00:00","article_modified_time":"2024-12-09T07:59:33+00:00","og_image":[{"width":702,"height":336,"url":"https:\/\/www.euroakademie.de\/magazin\/wp-content\/uploads\/2015\/10\/shutterstock_520160692_702x336_web.jpg","type":"image\/jpeg"}],"author":"Redaktion","twitter_card":"summary_large_image","twitter_misc":{"Verfasst von":"Redaktion","Gesch\u00e4tzte Lesezeit":"1\u00a0Minute"},"schema":{"@context":"https:\/\/schema.org","@graph":[{"@type":"Article","@id":"https:\/\/www.euroakademie.de\/magazin\/link-und-lesetipp-vermessene-schulen-standardisierte-schueler\/#article","isPartOf":{"@id":"https:\/\/www.euroakademie.de\/magazin\/link-und-lesetipp-vermessene-schulen-standardisierte-schueler\/"},"author":{"name":"Redaktion","@id":"https:\/\/www.euroakademie.de\/magazin\/#\/schema\/person\/6c9b7b6db765ee31640d80c936be3686"},"headline":"Link- und Lesetipp: \u201eVermessene Schulen \u2013 standardisierte Sch\u00fcler\u201c","datePublished":"2015-10-26T12:10:41+00:00","dateModified":"2024-12-09T07:59:33+00:00","mainEntityOfPage":{"@id":"https:\/\/www.euroakademie.de\/magazin\/link-und-lesetipp-vermessene-schulen-standardisierte-schueler\/"},"wordCount":280,"publisher":{"@id":"https:\/\/www.euroakademie.de\/magazin\/#organization"},"image":{"@id":"https:\/\/www.euroakademie.de\/magazin\/link-und-lesetipp-vermessene-schulen-standardisierte-schueler\/#primaryimage"},"thumbnailUrl":"https:\/\/www.euroakademie.de\/magazin\/wp-content\/uploads\/2015\/10\/shutterstock_520160692_702x336_web.jpg","keywords":["Bildungsforschung","Hattie","PISA","VerA"],"articleSection":["Link- und Lesetipps","P\u00e4dagogik &amp; Soziales"],"inLanguage":"de"},{"@type":"WebPage","@id":"https:\/\/www.euroakademie.de\/magazin\/link-und-lesetipp-vermessene-schulen-standardisierte-schueler\/","url":"https:\/\/www.euroakademie.de\/magazin\/link-und-lesetipp-vermessene-schulen-standardisierte-schueler\/","name":"Bildungsforschung: \u201eVermessene Schulen \u2013 standardisierte Sch\u00fcler\u201c","isPartOf":{"@id":"https:\/\/www.euroakademie.de\/magazin\/#website"},"primaryImageOfPage":{"@id":"https:\/\/www.euroakademie.de\/magazin\/link-und-lesetipp-vermessene-schulen-standardisierte-schueler\/#primaryimage"},"image":{"@id":"https:\/\/www.euroakademie.de\/magazin\/link-und-lesetipp-vermessene-schulen-standardisierte-schueler\/#primaryimage"},"thumbnailUrl":"https:\/\/www.euroakademie.de\/magazin\/wp-content\/uploads\/2015\/10\/shutterstock_520160692_702x336_web.jpg","datePublished":"2015-10-26T12:10:41+00:00","dateModified":"2024-12-09T07:59:33+00:00","description":"Hans Br\u00fcgemann war 40 Jahre in der Bildungsforschung t\u00e4tig. Er untersucht PISA, Hattie, VerA und Co. und zeigt Optimierungsvorschl\u00e4ge auf. Zum Nachdenken.","breadcrumb":{"@id":"https:\/\/www.euroakademie.de\/magazin\/link-und-lesetipp-vermessene-schulen-standardisierte-schueler\/#breadcrumb"},"inLanguage":"de","potentialAction":[{"@type":"ReadAction","target":["https:\/\/www.euroakademie.de\/magazin\/link-und-lesetipp-vermessene-schulen-standardisierte-schueler\/"]}]},{"@type":"ImageObject","inLanguage":"de","@id":"https:\/\/www.euroakademie.de\/magazin\/link-und-lesetipp-vermessene-schulen-standardisierte-schueler\/#primaryimage","url":"https:\/\/www.euroakademie.de\/magazin\/wp-content\/uploads\/2015\/10\/shutterstock_520160692_702x336_web.jpg","contentUrl":"https:\/\/www.euroakademie.de\/magazin\/wp-content\/uploads\/2015\/10\/shutterstock_520160692_702x336_web.jpg","width":702,"height":336,"caption":""},{"@type":"BreadcrumbList","@id":"https:\/\/www.euroakademie.de\/magazin\/link-und-lesetipp-vermessene-schulen-standardisierte-schueler\/#breadcrumb","itemListElement":[{"@type":"ListItem","position":1,"name":"Startseite","item":"https:\/\/www.euroakademie.de\/magazin\/"},{"@type":"ListItem","position":2,"name":"Link- und Lesetipp: \u201eVermessene Schulen \u2013 standardisierte Sch\u00fcler\u201c"}]},{"@type":"WebSite","@id":"https:\/\/www.euroakademie.de\/magazin\/#website","url":"https:\/\/www.euroakademie.de\/magazin\/","name":"Das Euro Akademie Magazin","description":"Gut informiert durch Ausbildung und Studium","publisher":{"@id":"https:\/\/www.euroakademie.de\/magazin\/#organization"},"potentialAction":[{"@type":"SearchAction","target":{"@type":"EntryPoint","urlTemplate":"https:\/\/www.euroakademie.de\/magazin\/?s={search_term_string}"},"query-input":{"@type":"PropertyValueSpecification","valueRequired":true,"valueName":"search_term_string"}}],"inLanguage":"de"},{"@type":"Organization","@id":"https:\/\/www.euroakademie.de\/magazin\/#organization","name":"ESO Education Group","url":"https:\/\/www.euroakademie.de\/magazin\/","logo":{"@type":"ImageObject","inLanguage":"de","@id":"https:\/\/www.euroakademie.de\/magazin\/#\/schema\/logo\/image\/","url":"https:\/\/relaunch.euroakademie.de\/magazin\/wp-content\/uploads\/2024\/11\/Logo_EA_negativ_Rahmen_5cm_300dpi_RGB.jpg","contentUrl":"https:\/\/relaunch.euroakademie.de\/magazin\/wp-content\/uploads\/2024\/11\/Logo_EA_negativ_Rahmen_5cm_300dpi_RGB.jpg","width":591,"height":236,"caption":"ESO Education Group"},"image":{"@id":"https:\/\/www.euroakademie.de\/magazin\/#\/schema\/logo\/image\/"}},{"@type":"Person","@id":"https:\/\/www.euroakademie.de\/magazin\/#\/schema\/person\/6c9b7b6db765ee31640d80c936be3686","name":"Redaktion","description":"Die Redaktion des Euro Akademie Magazins h\u00e4lt Sie regelm\u00e4\u00dfig mit hintergr\u00fcndigen Artikeln auf dem Laufenden. Auf Basis einer fundierten Recherche und mit Spa\u00df am Schreiben erstellen die Redakteur*innen informative und unterhaltsame Inhalte f\u00fcr Sie.","url":"https:\/\/www.euroakademie.de\/magazin\/author\/redaktion\/"}]}},"_links":{"self":[{"href":"https:\/\/www.euroakademie.de\/magazin\/wp-json\/wp\/v2\/posts\/3143","targetHints":{"allow":["GET"]}}],"collection":[{"href":"https:\/\/www.euroakademie.de\/magazin\/wp-json\/wp\/v2\/posts"}],"about":[{"href":"https:\/\/www.euroakademie.de\/magazin\/wp-json\/wp\/v2\/types\/post"}],"author":[{"embeddable":true,"href":"https:\/\/www.euroakademie.de\/magazin\/wp-json\/wp\/v2\/users\/7"}],"replies":[{"embeddable":true,"href":"https:\/\/www.euroakademie.de\/magazin\/wp-json\/wp\/v2\/comments?post=3143"}],"version-history":[{"count":1,"href":"https:\/\/www.euroakademie.de\/magazin\/wp-json\/wp\/v2\/posts\/3143\/revisions"}],"predecessor-version":[{"id":26166,"href":"https:\/\/www.euroakademie.de\/magazin\/wp-json\/wp\/v2\/posts\/3143\/revisions\/26166"}],"wp:featuredmedia":[{"embeddable":true,"href":"https:\/\/www.euroakademie.de\/magazin\/wp-json\/wp\/v2\/media\/7199"}],"wp:attachment":[{"href":"https:\/\/www.euroakademie.de\/magazin\/wp-json\/wp\/v2\/media?parent=3143"}],"wp:term":[{"taxonomy":"category","embeddable":true,"href":"https:\/\/www.euroakademie.de\/magazin\/wp-json\/wp\/v2\/categories?post=3143"},{"taxonomy":"post_tag","embeddable":true,"href":"https:\/\/www.euroakademie.de\/magazin\/wp-json\/wp\/v2\/tags?post=3143"}],"curies":[{"name":"wp","href":"https:\/\/api.w.org\/{rel}","templated":true}]}}