{"id":3203,"date":"2015-11-09T18:03:49","date_gmt":"2015-11-09T17:03:49","guid":{"rendered":"https:\/\/www.euroakademie.de\/magazin\/?p=3203"},"modified":"2024-11-14T14:21:06","modified_gmt":"2024-11-14T13:21:06","slug":"link-und-lesetipp-wie-kinder-medien-gesundheitsbewusst-nutzen","status":"publish","type":"post","link":"https:\/\/www.euroakademie.de\/magazin\/link-und-lesetipp-wie-kinder-medien-gesundheitsbewusst-nutzen\/","title":{"rendered":"Link- und Lesetipp: Wie Kinder Medien \u201egesundheitsbewusst\u201c nutzen"},"content":{"rendered":"<p>\t\t\t\t<![CDATA[<strong>Die starke Nutzung der Medien ist ein beliebtes Diskussionsthema. Besonders heikel wird es, wenn es um die mediale Nutzung durch Kinder geht. Wann ist sie sinnvoll und wann werden Grenzen \u00fcberschritten?<\/strong>\n\nZumeist haben bereits die Kleinsten ihre erste Smartphone-Anwendung ausprobiert, wissen, wie sie mit einem Touch-Screen umgehen m\u00fcssen und klatschen zum Lied ihrer Lieblingssendung mit, das sie t\u00e4glich h\u00f6ren. H\u00e4ufig wird dieses Verhalten der Kleinen bel\u00e4chelt und als \u00fcberaus niedlich empfunden. Warum auch nicht? Zumal es einem leicht ein Schmunzeln entlockt, wenn die Kleinen den Gro\u00dfen in der Mediennutzung etwas vormachen. Doch Eltern sollten das Verhalten ihrer Kinder beobachten und die Zeit vor dem Bildschirm bewusst gestalten. Denn was als unterhaltsames Lernen beginnt, kann sich schnell in eine ungesunde Lebensweise verwandeln.\n\nIn unserem diesw\u00f6chigen Link- und Lesetipp haben wir auf der Seite \u201eKindergesundheit-Info\u201c sehr interessante Tipps zum Umgang mit den Medien durch Kinder gefunden. Dar\u00fcber hinaus offenbart sie die Chancen und Risiken der medialen Nutzung und beschreibt, wie ein harmonischer und ausgeglichener Alltag eines Kindes, in dem nat\u00fcrlich auch einmal die neuen Medien Platz finden d\u00fcrfen, aussehen sollte.\n\nNicht nur f\u00fcr Eltern, sondern auch f\u00fcr Erzieher, Kindheitsp\u00e4dagogen und Kitaleitungen bietet die Website eine interessante Wissenssammlung zum Thema \u201eKinder und Medien\u201c.\n\n\n<h2>Link- und Lesetipp:<\/h2>\n\n\n\n\n<ul>\n \t\n\n<li><strong><a href=\"http:\/\/www.kindergesundheit-info.de\/themen\/medien\/alltagstipps\/mediennutzung\/vernuenftiger-umgang\/\">Medien &#8222;gesundheitsbewusst&#8220; nutzen<\/a><\/strong><\/li>\n\n\n \t\n\n<li><a href=\"http:\/\/www.kindergesundheit-info.de\/themen\/medien\/mediennutzung\/kinder-und-medien\/\">Kinder in einer Welt der Medien<\/a><\/li>\n\n\n \t\n\n<li><a href=\"http:\/\/www.kindergesundheit-info.de\/themen\/medien\/mediennutzung\/medien-chancen\/\">Chancen der Mediennutzung durch Kinder<\/a><\/li>\n\n\n \t\n\n<li><a href=\"https:\/\/www.kindergesundheit-info.de\/themen\/medien\/mediennutzung\/medien-gefahren\/\">M\u00f6gliche Risiken f\u00fcr die Entwicklung durch Medien<\/a><\/li>\n\n\n \t\n\n<li><a href=\"http:\/\/www.kindergesundheit-info.de\/themen\/medien\/mediennutzung\/medienerziehung\/\">Kinder durch die Welt der Medien begleiten<\/a><\/li>\n\n\n<\/ul>\n\n\n\n\n<h3>Das k\u00f6nnte Sie auch interessieren:<\/h3>\n\n\n\n\n<ul>\n \t\n\n<li><a href=\"https:\/\/www.euroakademie.de\/magazin\/link-und-lesetipp-foerdern-bevor-es-zu-spaet-ist\/\">Link- und Lesetipp: F\u00f6rdern, bevor es zu sp\u00e4t ist<\/a><\/li>\n\n\n \t\n\n<li><a href=\"https:\/\/www.euroakademie.de\/magazin\/adhs-wie-erzieher-kindern-helfen-koennen\/\">ADHS: Wie Erzieher das dritte Standbein f\u00fcr verhaltensauff\u00e4llige Kinder sein k\u00f6nnen<\/a><\/li>\n\n\n \t\n\n<li><a href=\"https:\/\/www.euroakademie.de\/magazin\/ausbildung-des-monats-erzieher\/\">Ausbildung des Monats: Erzieher<\/a><\/li>\n\n\n<\/ul>\n\n]]>\t\t<\/p>\n","protected":false},"excerpt":{"rendered":"<p>\t\t\t\t<![CDATA[]]>\t\t<\/p>\n","protected":false},"author":7,"featured_media":7268,"comment_status":"closed","ping_status":"closed","sticky":false,"template":"","format":"standard","meta":{"footnotes":""},"categories":[139,19],"tags":[],"class_list":{"0":"post-3203","1":"post","2":"type-post","3":"status-publish","4":"format-standard","5":"has-post-thumbnail","7":"category-lesetipps","8":"category-paedagogik-soziales"},"yoast_head":"<!-- This site is optimized with the Yoast SEO plugin v23.5 - https:\/\/yoast.com\/wordpress\/plugins\/seo\/ -->\n<title>Von der Mediennutzung unserer Kinder<\/title>\n<meta name=\"description\" content=\"Die Mediennutzung ist ein beliebtes Diskussionsthema. Besonders heikel wird es, wenn es um die mediale Nutzung durch Kinder geht. Wann ist sie sinnvoll?\" \/>\n<meta name=\"robots\" content=\"index, follow, max-snippet:-1, max-image-preview:large, max-video-preview:-1\" \/>\n<link rel=\"canonical\" href=\"https:\/\/www.euroakademie.de\/magazin\/link-und-lesetipp-wie-kinder-medien-gesundheitsbewusst-nutzen\/\" \/>\n<meta property=\"og:locale\" content=\"de_DE\" \/>\n<meta property=\"og:type\" content=\"article\" \/>\n<meta property=\"og:title\" content=\"Von der Mediennutzung unserer Kinder\" \/>\n<meta property=\"og:description\" content=\"Die Mediennutzung ist ein beliebtes Diskussionsthema. Besonders heikel wird es, wenn es um die mediale Nutzung durch Kinder geht. Wann ist sie sinnvoll?\" \/>\n<meta property=\"og:url\" content=\"https:\/\/www.euroakademie.de\/magazin\/link-und-lesetipp-wie-kinder-medien-gesundheitsbewusst-nutzen\/\" \/>\n<meta property=\"og:site_name\" content=\"Das Euro Akademie Magazin\" \/>\n<meta property=\"article:published_time\" content=\"2015-11-09T17:03:49+00:00\" \/>\n<meta property=\"article:modified_time\" content=\"2024-11-14T13:21:06+00:00\" \/>\n<meta property=\"og:image\" content=\"https:\/\/www.euroakademie.de\/magazin\/wp-content\/uploads\/2015\/11\/shutterstock_627085859_702x336_web.jpg\" \/>\n\t<meta property=\"og:image:width\" content=\"702\" \/>\n\t<meta property=\"og:image:height\" content=\"336\" \/>\n\t<meta property=\"og:image:type\" content=\"image\/jpeg\" \/>\n<meta name=\"author\" content=\"Redaktion\" \/>\n<meta name=\"twitter:card\" content=\"summary_large_image\" \/>\n<meta name=\"twitter:label1\" content=\"Verfasst von\" \/>\n\t<meta name=\"twitter:data1\" content=\"Redaktion\" \/>\n\t<meta name=\"twitter:label2\" content=\"Gesch\u00e4tzte Lesezeit\" \/>\n\t<meta name=\"twitter:data2\" content=\"1\u00a0Minute\" \/>\n<script type=\"application\/ld+json\" class=\"yoast-schema-graph\">{\"@context\":\"https:\/\/schema.org\",\"@graph\":[{\"@type\":\"Article\",\"@id\":\"https:\/\/www.euroakademie.de\/magazin\/link-und-lesetipp-wie-kinder-medien-gesundheitsbewusst-nutzen\/#article\",\"isPartOf\":{\"@id\":\"https:\/\/www.euroakademie.de\/magazin\/link-und-lesetipp-wie-kinder-medien-gesundheitsbewusst-nutzen\/\"},\"author\":{\"name\":\"Redaktion\",\"@id\":\"https:\/\/www.euroakademie.de\/magazin\/#\/schema\/person\/6c9b7b6db765ee31640d80c936be3686\"},\"headline\":\"Link- und Lesetipp: Wie Kinder Medien \u201egesundheitsbewusst\u201c nutzen\",\"datePublished\":\"2015-11-09T17:03:49+00:00\",\"dateModified\":\"2024-11-14T13:21:06+00:00\",\"mainEntityOfPage\":{\"@id\":\"https:\/\/www.euroakademie.de\/magazin\/link-und-lesetipp-wie-kinder-medien-gesundheitsbewusst-nutzen\/\"},\"wordCount\":289,\"publisher\":{\"@id\":\"https:\/\/www.euroakademie.de\/magazin\/#organization\"},\"image\":{\"@id\":\"https:\/\/www.euroakademie.de\/magazin\/link-und-lesetipp-wie-kinder-medien-gesundheitsbewusst-nutzen\/#primaryimage\"},\"thumbnailUrl\":\"https:\/\/www.euroakademie.de\/magazin\/wp-content\/uploads\/2015\/11\/shutterstock_627085859_702x336_web.jpg\",\"articleSection\":[\"Link- und Lesetipps\",\"P\u00e4dagogik &amp; Soziales\"],\"inLanguage\":\"de\"},{\"@type\":\"WebPage\",\"@id\":\"https:\/\/www.euroakademie.de\/magazin\/link-und-lesetipp-wie-kinder-medien-gesundheitsbewusst-nutzen\/\",\"url\":\"https:\/\/www.euroakademie.de\/magazin\/link-und-lesetipp-wie-kinder-medien-gesundheitsbewusst-nutzen\/\",\"name\":\"Von der Mediennutzung unserer Kinder\",\"isPartOf\":{\"@id\":\"https:\/\/www.euroakademie.de\/magazin\/#website\"},\"primaryImageOfPage\":{\"@id\":\"https:\/\/www.euroakademie.de\/magazin\/link-und-lesetipp-wie-kinder-medien-gesundheitsbewusst-nutzen\/#primaryimage\"},\"image\":{\"@id\":\"https:\/\/www.euroakademie.de\/magazin\/link-und-lesetipp-wie-kinder-medien-gesundheitsbewusst-nutzen\/#primaryimage\"},\"thumbnailUrl\":\"https:\/\/www.euroakademie.de\/magazin\/wp-content\/uploads\/2015\/11\/shutterstock_627085859_702x336_web.jpg\",\"datePublished\":\"2015-11-09T17:03:49+00:00\",\"dateModified\":\"2024-11-14T13:21:06+00:00\",\"description\":\"Die Mediennutzung ist ein beliebtes Diskussionsthema. Besonders heikel wird es, wenn es um die mediale Nutzung durch Kinder geht. Wann ist sie sinnvoll?\",\"breadcrumb\":{\"@id\":\"https:\/\/www.euroakademie.de\/magazin\/link-und-lesetipp-wie-kinder-medien-gesundheitsbewusst-nutzen\/#breadcrumb\"},\"inLanguage\":\"de\",\"potentialAction\":[{\"@type\":\"ReadAction\",\"target\":[\"https:\/\/www.euroakademie.de\/magazin\/link-und-lesetipp-wie-kinder-medien-gesundheitsbewusst-nutzen\/\"]}]},{\"@type\":\"ImageObject\",\"inLanguage\":\"de\",\"@id\":\"https:\/\/www.euroakademie.de\/magazin\/link-und-lesetipp-wie-kinder-medien-gesundheitsbewusst-nutzen\/#primaryimage\",\"url\":\"https:\/\/www.euroakademie.de\/magazin\/wp-content\/uploads\/2015\/11\/shutterstock_627085859_702x336_web.jpg\",\"contentUrl\":\"https:\/\/www.euroakademie.de\/magazin\/wp-content\/uploads\/2015\/11\/shutterstock_627085859_702x336_web.jpg\",\"width\":702,\"height\":336,\"caption\":\"\"},{\"@type\":\"BreadcrumbList\",\"@id\":\"https:\/\/www.euroakademie.de\/magazin\/link-und-lesetipp-wie-kinder-medien-gesundheitsbewusst-nutzen\/#breadcrumb\",\"itemListElement\":[{\"@type\":\"ListItem\",\"position\":1,\"name\":\"Startseite\",\"item\":\"https:\/\/www.euroakademie.de\/magazin\/\"},{\"@type\":\"ListItem\",\"position\":2,\"name\":\"Link- und Lesetipp: Wie Kinder Medien \u201egesundheitsbewusst\u201c nutzen\"}]},{\"@type\":\"WebSite\",\"@id\":\"https:\/\/www.euroakademie.de\/magazin\/#website\",\"url\":\"https:\/\/www.euroakademie.de\/magazin\/\",\"name\":\"Das Euro Akademie Magazin\",\"description\":\"Gut informiert durch Ausbildung und Studium\",\"publisher\":{\"@id\":\"https:\/\/www.euroakademie.de\/magazin\/#organization\"},\"potentialAction\":[{\"@type\":\"SearchAction\",\"target\":{\"@type\":\"EntryPoint\",\"urlTemplate\":\"https:\/\/www.euroakademie.de\/magazin\/?s={search_term_string}\"},\"query-input\":{\"@type\":\"PropertyValueSpecification\",\"valueRequired\":true,\"valueName\":\"search_term_string\"}}],\"inLanguage\":\"de\"},{\"@type\":\"Organization\",\"@id\":\"https:\/\/www.euroakademie.de\/magazin\/#organization\",\"name\":\"ESO Education Group\",\"url\":\"https:\/\/www.euroakademie.de\/magazin\/\",\"logo\":{\"@type\":\"ImageObject\",\"inLanguage\":\"de\",\"@id\":\"https:\/\/www.euroakademie.de\/magazin\/#\/schema\/logo\/image\/\",\"url\":\"https:\/\/relaunch.euroakademie.de\/magazin\/wp-content\/uploads\/2024\/11\/Logo_EA_negativ_Rahmen_5cm_300dpi_RGB.jpg\",\"contentUrl\":\"https:\/\/relaunch.euroakademie.de\/magazin\/wp-content\/uploads\/2024\/11\/Logo_EA_negativ_Rahmen_5cm_300dpi_RGB.jpg\",\"width\":591,\"height\":236,\"caption\":\"ESO Education Group\"},\"image\":{\"@id\":\"https:\/\/www.euroakademie.de\/magazin\/#\/schema\/logo\/image\/\"}},{\"@type\":\"Person\",\"@id\":\"https:\/\/www.euroakademie.de\/magazin\/#\/schema\/person\/6c9b7b6db765ee31640d80c936be3686\",\"name\":\"Redaktion\",\"description\":\"Die Redaktion des Euro Akademie Magazins h\u00e4lt Sie regelm\u00e4\u00dfig mit hintergr\u00fcndigen Artikeln auf dem Laufenden. Auf Basis einer fundierten Recherche und mit Spa\u00df am Schreiben erstellen die Redakteur*innen informative und unterhaltsame Inhalte f\u00fcr Sie.\",\"url\":\"https:\/\/www.euroakademie.de\/magazin\/author\/redaktion\/\"}]}<\/script>\n<!-- \/ Yoast SEO plugin. -->","yoast_head_json":{"title":"Von der Mediennutzung unserer Kinder","description":"Die Mediennutzung ist ein beliebtes Diskussionsthema. Besonders heikel wird es, wenn es um die mediale Nutzung durch Kinder geht. Wann ist sie sinnvoll?","robots":{"index":"index","follow":"follow","max-snippet":"max-snippet:-1","max-image-preview":"max-image-preview:large","max-video-preview":"max-video-preview:-1"},"canonical":"https:\/\/www.euroakademie.de\/magazin\/link-und-lesetipp-wie-kinder-medien-gesundheitsbewusst-nutzen\/","og_locale":"de_DE","og_type":"article","og_title":"Von der Mediennutzung unserer Kinder","og_description":"Die Mediennutzung ist ein beliebtes Diskussionsthema. Besonders heikel wird es, wenn es um die mediale Nutzung durch Kinder geht. Wann ist sie sinnvoll?","og_url":"https:\/\/www.euroakademie.de\/magazin\/link-und-lesetipp-wie-kinder-medien-gesundheitsbewusst-nutzen\/","og_site_name":"Das Euro Akademie Magazin","article_published_time":"2015-11-09T17:03:49+00:00","article_modified_time":"2024-11-14T13:21:06+00:00","og_image":[{"width":702,"height":336,"url":"https:\/\/www.euroakademie.de\/magazin\/wp-content\/uploads\/2015\/11\/shutterstock_627085859_702x336_web.jpg","type":"image\/jpeg"}],"author":"Redaktion","twitter_card":"summary_large_image","twitter_misc":{"Verfasst von":"Redaktion","Gesch\u00e4tzte Lesezeit":"1\u00a0Minute"},"schema":{"@context":"https:\/\/schema.org","@graph":[{"@type":"Article","@id":"https:\/\/www.euroakademie.de\/magazin\/link-und-lesetipp-wie-kinder-medien-gesundheitsbewusst-nutzen\/#article","isPartOf":{"@id":"https:\/\/www.euroakademie.de\/magazin\/link-und-lesetipp-wie-kinder-medien-gesundheitsbewusst-nutzen\/"},"author":{"name":"Redaktion","@id":"https:\/\/www.euroakademie.de\/magazin\/#\/schema\/person\/6c9b7b6db765ee31640d80c936be3686"},"headline":"Link- und Lesetipp: Wie Kinder Medien \u201egesundheitsbewusst\u201c nutzen","datePublished":"2015-11-09T17:03:49+00:00","dateModified":"2024-11-14T13:21:06+00:00","mainEntityOfPage":{"@id":"https:\/\/www.euroakademie.de\/magazin\/link-und-lesetipp-wie-kinder-medien-gesundheitsbewusst-nutzen\/"},"wordCount":289,"publisher":{"@id":"https:\/\/www.euroakademie.de\/magazin\/#organization"},"image":{"@id":"https:\/\/www.euroakademie.de\/magazin\/link-und-lesetipp-wie-kinder-medien-gesundheitsbewusst-nutzen\/#primaryimage"},"thumbnailUrl":"https:\/\/www.euroakademie.de\/magazin\/wp-content\/uploads\/2015\/11\/shutterstock_627085859_702x336_web.jpg","articleSection":["Link- und Lesetipps","P\u00e4dagogik &amp; Soziales"],"inLanguage":"de"},{"@type":"WebPage","@id":"https:\/\/www.euroakademie.de\/magazin\/link-und-lesetipp-wie-kinder-medien-gesundheitsbewusst-nutzen\/","url":"https:\/\/www.euroakademie.de\/magazin\/link-und-lesetipp-wie-kinder-medien-gesundheitsbewusst-nutzen\/","name":"Von der Mediennutzung unserer Kinder","isPartOf":{"@id":"https:\/\/www.euroakademie.de\/magazin\/#website"},"primaryImageOfPage":{"@id":"https:\/\/www.euroakademie.de\/magazin\/link-und-lesetipp-wie-kinder-medien-gesundheitsbewusst-nutzen\/#primaryimage"},"image":{"@id":"https:\/\/www.euroakademie.de\/magazin\/link-und-lesetipp-wie-kinder-medien-gesundheitsbewusst-nutzen\/#primaryimage"},"thumbnailUrl":"https:\/\/www.euroakademie.de\/magazin\/wp-content\/uploads\/2015\/11\/shutterstock_627085859_702x336_web.jpg","datePublished":"2015-11-09T17:03:49+00:00","dateModified":"2024-11-14T13:21:06+00:00","description":"Die Mediennutzung ist ein beliebtes Diskussionsthema. Besonders heikel wird es, wenn es um die mediale Nutzung durch Kinder geht. Wann ist sie sinnvoll?","breadcrumb":{"@id":"https:\/\/www.euroakademie.de\/magazin\/link-und-lesetipp-wie-kinder-medien-gesundheitsbewusst-nutzen\/#breadcrumb"},"inLanguage":"de","potentialAction":[{"@type":"ReadAction","target":["https:\/\/www.euroakademie.de\/magazin\/link-und-lesetipp-wie-kinder-medien-gesundheitsbewusst-nutzen\/"]}]},{"@type":"ImageObject","inLanguage":"de","@id":"https:\/\/www.euroakademie.de\/magazin\/link-und-lesetipp-wie-kinder-medien-gesundheitsbewusst-nutzen\/#primaryimage","url":"https:\/\/www.euroakademie.de\/magazin\/wp-content\/uploads\/2015\/11\/shutterstock_627085859_702x336_web.jpg","contentUrl":"https:\/\/www.euroakademie.de\/magazin\/wp-content\/uploads\/2015\/11\/shutterstock_627085859_702x336_web.jpg","width":702,"height":336,"caption":""},{"@type":"BreadcrumbList","@id":"https:\/\/www.euroakademie.de\/magazin\/link-und-lesetipp-wie-kinder-medien-gesundheitsbewusst-nutzen\/#breadcrumb","itemListElement":[{"@type":"ListItem","position":1,"name":"Startseite","item":"https:\/\/www.euroakademie.de\/magazin\/"},{"@type":"ListItem","position":2,"name":"Link- und Lesetipp: Wie Kinder Medien \u201egesundheitsbewusst\u201c nutzen"}]},{"@type":"WebSite","@id":"https:\/\/www.euroakademie.de\/magazin\/#website","url":"https:\/\/www.euroakademie.de\/magazin\/","name":"Das Euro Akademie Magazin","description":"Gut informiert durch Ausbildung und Studium","publisher":{"@id":"https:\/\/www.euroakademie.de\/magazin\/#organization"},"potentialAction":[{"@type":"SearchAction","target":{"@type":"EntryPoint","urlTemplate":"https:\/\/www.euroakademie.de\/magazin\/?s={search_term_string}"},"query-input":{"@type":"PropertyValueSpecification","valueRequired":true,"valueName":"search_term_string"}}],"inLanguage":"de"},{"@type":"Organization","@id":"https:\/\/www.euroakademie.de\/magazin\/#organization","name":"ESO Education Group","url":"https:\/\/www.euroakademie.de\/magazin\/","logo":{"@type":"ImageObject","inLanguage":"de","@id":"https:\/\/www.euroakademie.de\/magazin\/#\/schema\/logo\/image\/","url":"https:\/\/relaunch.euroakademie.de\/magazin\/wp-content\/uploads\/2024\/11\/Logo_EA_negativ_Rahmen_5cm_300dpi_RGB.jpg","contentUrl":"https:\/\/relaunch.euroakademie.de\/magazin\/wp-content\/uploads\/2024\/11\/Logo_EA_negativ_Rahmen_5cm_300dpi_RGB.jpg","width":591,"height":236,"caption":"ESO Education Group"},"image":{"@id":"https:\/\/www.euroakademie.de\/magazin\/#\/schema\/logo\/image\/"}},{"@type":"Person","@id":"https:\/\/www.euroakademie.de\/magazin\/#\/schema\/person\/6c9b7b6db765ee31640d80c936be3686","name":"Redaktion","description":"Die Redaktion des Euro Akademie Magazins h\u00e4lt Sie regelm\u00e4\u00dfig mit hintergr\u00fcndigen Artikeln auf dem Laufenden. Auf Basis einer fundierten Recherche und mit Spa\u00df am Schreiben erstellen die Redakteur*innen informative und unterhaltsame Inhalte f\u00fcr Sie.","url":"https:\/\/www.euroakademie.de\/magazin\/author\/redaktion\/"}]}},"_links":{"self":[{"href":"https:\/\/www.euroakademie.de\/magazin\/wp-json\/wp\/v2\/posts\/3203","targetHints":{"allow":["GET"]}}],"collection":[{"href":"https:\/\/www.euroakademie.de\/magazin\/wp-json\/wp\/v2\/posts"}],"about":[{"href":"https:\/\/www.euroakademie.de\/magazin\/wp-json\/wp\/v2\/types\/post"}],"author":[{"embeddable":true,"href":"https:\/\/www.euroakademie.de\/magazin\/wp-json\/wp\/v2\/users\/7"}],"replies":[{"embeddable":true,"href":"https:\/\/www.euroakademie.de\/magazin\/wp-json\/wp\/v2\/comments?post=3203"}],"version-history":[{"count":1,"href":"https:\/\/www.euroakademie.de\/magazin\/wp-json\/wp\/v2\/posts\/3203\/revisions"}],"predecessor-version":[{"id":22461,"href":"https:\/\/www.euroakademie.de\/magazin\/wp-json\/wp\/v2\/posts\/3203\/revisions\/22461"}],"wp:featuredmedia":[{"embeddable":true,"href":"https:\/\/www.euroakademie.de\/magazin\/wp-json\/wp\/v2\/media\/7268"}],"wp:attachment":[{"href":"https:\/\/www.euroakademie.de\/magazin\/wp-json\/wp\/v2\/media?parent=3203"}],"wp:term":[{"taxonomy":"category","embeddable":true,"href":"https:\/\/www.euroakademie.de\/magazin\/wp-json\/wp\/v2\/categories?post=3203"},{"taxonomy":"post_tag","embeddable":true,"href":"https:\/\/www.euroakademie.de\/magazin\/wp-json\/wp\/v2\/tags?post=3203"}],"curies":[{"name":"wp","href":"https:\/\/api.w.org\/{rel}","templated":true}]}}