{"id":3272,"date":"2015-11-25T14:27:23","date_gmt":"2015-11-25T13:27:23","guid":{"rendered":"https:\/\/www.euroakademie.de\/magazin\/?p=3272"},"modified":"2026-02-17T15:24:48","modified_gmt":"2026-02-17T14:24:48","slug":"ausbildung-und-dann","status":"publish","type":"post","link":"https:\/\/www.euroakademie.de\/magazin\/ausbildung-und-dann\/","title":{"rendered":"Ausbildung \u2013 und dann?"},"content":{"rendered":"\t\t<div data-elementor-type=\"wp-post\" data-elementor-id=\"3272\" class=\"elementor elementor-3272\">\n\t\t\t\t\t\t<section class=\"elementor-section elementor-top-section elementor-element elementor-element-3f0ced47 elementor-section-boxed elementor-section-height-default elementor-section-height-default\" data-id=\"3f0ced47\" data-element_type=\"section\">\n\t\t\t\t\t\t<div class=\"elementor-container elementor-column-gap-default\">\n\t\t\t\t\t<div class=\"elementor-column elementor-col-100 elementor-top-column elementor-element elementor-element-3294a0e7\" data-id=\"3294a0e7\" data-element_type=\"column\">\n\t\t\t<div class=\"elementor-widget-wrap elementor-element-populated\">\n\t\t\t\t\t\t<div class=\"elementor-element elementor-element-76ed37f4 elementor-widget elementor-widget-text-editor\" data-id=\"76ed37f4\" data-element_type=\"widget\" data-widget_type=\"text-editor.default\">\n\t\t\t\t<div class=\"elementor-widget-container\">\n\t\t\t<style>\/*! elementor - v3.22.0 - 26-06-2024 *\/\n.elementor-widget-text-editor.elementor-drop-cap-view-stacked .elementor-drop-cap{background-color:#69727d;color:#fff}.elementor-widget-text-editor.elementor-drop-cap-view-framed .elementor-drop-cap{color:#69727d;border:3px solid;background-color:transparent}.elementor-widget-text-editor:not(.elementor-drop-cap-view-default) .elementor-drop-cap{margin-top:8px}.elementor-widget-text-editor:not(.elementor-drop-cap-view-default) .elementor-drop-cap-letter{width:1em;height:1em}.elementor-widget-text-editor .elementor-drop-cap{float:left;text-align:center;line-height:1;font-size:50px}.elementor-widget-text-editor .elementor-drop-cap-letter{display:inline-block}<\/style>\t\t\t\t<p><!--[CDATA[<strong-->Ein Artikel von Sch\u00fclern f\u00fcr Sch\u00fcler: Die Ausbildung Fremdsprachenkorrespondent ist vielseitig und interessant. Doch was kommt danach? Euro Akademie Sch\u00fclerin Jaqualine Fritz aus Dortmund hat nachgefragt.<\/p>\n<p>Viele stehen vermutlich nicht nur bei der Ausbildungssuche vor einer Herausforderung, sondern oft bringt schon die Frage: \u201eWas m\u00f6chte ich eigentlich lernen und welche Chancen habe ich mit meiner Berufswahl?\u201c Schwierigkeiten mit sich. Als sei es nicht bereits aufregend und verwirrend genug, einen neuen Lebensabschnitt zu gehen und dem Erwachsenenleben ein St\u00fcck n\u00e4herzukommen, stellen sich einem dann auch noch tausend Fragen.<\/p>\n<p>Doch wenn ihr Interesse an einer Ausbildung zum Fremdsprachenkorrespondenten oder zum EU-Kaufmann hegt, kann ich euch einige dieser Fragen vielleicht schon beantworten. Ich habe verschiedenen Unternehmen, die unter anderem auch mit der Euro Akademie kooperieren, folgende Fragen gestellt:<\/p>\n<ol>\n<li>Worauf achten Sie bei einer Bewerbung besonders?<\/li>\n<li>Was sollte ein Bewerber unbedingt mitbringen? Was hebt ihn von anderen ab?<\/li>\n<li>In welchen Aufgabenbereichen ist man nach Abschluss der Ausbildung t\u00e4tig?<\/li>\n<li>Wie wichtig ist ein Praktikum und werden Auslandspraktikanten bevorzugt?<\/li>\n<li>Mit welcher Note sollte man mindestens abschlie\u00dfen?<\/li>\n<li>In welchen Branchen kann man nach Abschluss der Ausbildung t\u00e4tig werden?<\/li>\n<li>Was sind absolute No-Gos bei Bewerbern?<\/li>\n<\/ol>\n<p>Die Antworten sind bei allen Unternehmen sehr deutlich ausgefallen. Auf die Frage, worauf man bei seiner Bewerbung achten sollte, waren sich alle einig, dass der Lebenslauf am wichtigsten sei. Er sollte sowohl chronologisch als auch m\u00f6glichst l\u00fcckenlos sein. Wenn man der Bewerbung jedoch ein Anschreiben hinzuf\u00fcgt, sollte man nat\u00fcrlich auch darauf achten, Rechtschreib- und Grammatikfehler zu vermeiden, die DIN-Normen einzuhalten und sein Anschreiben kurz, aber pers\u00f6nlich zu halten.<\/p>\n<p>Au\u00dferdem spielt das Auftreten eines Bewerbers eine gro\u00dfe Rolle. Der erste Eindruck sollte stimmen, der Rest macht die Pers\u00f6nlichkeit. Ein freundliches und gepflegtes Auftreten \u00fcberzeugt und wenn man sich auf einer Wellenl\u00e4nge befindet, kommt der Rest von ganz alleine.<\/p>\n<p>Die klassischen Aufgaben eines Fremdsprachenkorrespondenten bzw. eines EU-Kaufmanns sind Assistentenaufgaben, das Vorstellen von Pr\u00e4sentationen und der Umgang mit Kunden.<\/p>\n<p>Auf die Frage nach Praktika antworteten alle ganz klar mit: \u201eJa, wenigstens ein Praktikum gemacht zu haben, ist super wichtig!\u201c, schlie\u00dflich seien die Ausbildungen schulisch und es kann nur von Vorteil sein, praktische Erfahrungen mitzubringen. Ob man jedoch mit einem Auslandspraktikum bevorzugt wird, ist unternehmensabh\u00e4ngig.&nbsp;<\/p>\n<p>Da wir in einer globalisierten Welt leben, ist der Umgang mit internationalen Kunden in den meisten Branchen von gro\u00dfer Wichtigkeit. Hier ein paar Beispiele: In der Tourismusbranche, im Ein- und Verkauf, aber auch in kreativeren Branchen wie in den Medien ist man gut aufgehoben.<\/p>\n<p>Zudem besteht die M\u00f6glichkeit, sich zum \u00dcbersetzer oder Dolmetscher weiterzubilden, oder im Anschluss ein Studium dranzuh\u00e4ngen.<\/p>\n<p>Und zu guter Letzt die Frage nach den No-Gos. Auch hier waren die Antworten sehr einstimmig. Ein schlampiges und unorganisiertes Auftreten vermittelt einen schlechten Eindruck, au\u00dferdem sollte man in einem Bewerbungsgespr\u00e4ch nicht abweisend wirken, schlie\u00dflich ist ein Bewerbungsgespr\u00e4ch auch f\u00fcr den Arbeitgeber mit viel Aufwand verbunden.<\/p>\n<p>Von <strong>Jacqueline Fritz<br><\/strong><em>Euro Akademie Dortmund<br><\/em>In der Ausbildung zur <em>Fremdsprachenkorrespondentin<\/em><\/p>\t\t\t\t\t\t<\/div>\n\t\t\t\t<\/div>\n\t\t\t\t\t<\/div>\n\t\t<\/div>\n\t\t\t\t\t<\/div>\n\t\t<\/section>\n\t\t\t\t<\/div>\n\t\t","protected":false},"excerpt":{"rendered":"<p>\t\t\t\t<![CDATA[]]>\t\t<\/p>\n","protected":false},"author":25,"featured_media":7174,"comment_status":"closed","ping_status":"closed","sticky":false,"template":"","format":"standard","meta":{"footnotes":""},"categories":[94,37],"tags":[],"class_list":{"0":"post-3272","1":"post","2":"type-post","3":"status-publish","4":"format-standard","5":"has-post-thumbnail","7":"category-dortmund","8":"category-von-schuelern-fuer-schueler"},"yoast_head":"<!-- This site is optimized with the Yoast SEO plugin v23.5 - https:\/\/yoast.com\/wordpress\/plugins\/seo\/ -->\n<title>Fremdsprachenkorrespondent: Ausbildung - und dann?<\/title>\n<meta name=\"description\" content=\"Die Ausbildung Fremdsprachenkorrespondent ist vielseitig und interessant. Doch was kommt danach? Euro Akademie Sch\u00fclerin Jaqualine Fritz hat nachgefragt.\" \/>\n<meta name=\"robots\" content=\"index, follow, max-snippet:-1, max-image-preview:large, max-video-preview:-1\" \/>\n<link rel=\"canonical\" href=\"https:\/\/www.euroakademie.de\/magazin\/ausbildung-und-dann\/\" \/>\n<meta property=\"og:locale\" content=\"de_DE\" \/>\n<meta property=\"og:type\" content=\"article\" \/>\n<meta property=\"og:title\" content=\"Fremdsprachenkorrespondent: Ausbildung - und dann?\" \/>\n<meta property=\"og:description\" content=\"Die Ausbildung Fremdsprachenkorrespondent ist vielseitig und interessant. Doch was kommt danach? Euro Akademie Sch\u00fclerin Jaqualine Fritz hat nachgefragt.\" \/>\n<meta property=\"og:url\" content=\"https:\/\/www.euroakademie.de\/magazin\/ausbildung-und-dann\/\" \/>\n<meta property=\"og:site_name\" content=\"Das Euro Akademie Magazin\" \/>\n<meta property=\"article:published_time\" content=\"2015-11-25T13:27:23+00:00\" \/>\n<meta property=\"article:modified_time\" content=\"2026-02-17T14:24:48+00:00\" \/>\n<meta property=\"og:image\" content=\"https:\/\/www.euroakademie.de\/magazin\/wp-content\/uploads\/2015\/11\/shutterstock_310072547_702x336_web.jpg\" \/>\n\t<meta property=\"og:image:width\" content=\"702\" \/>\n\t<meta property=\"og:image:height\" content=\"336\" \/>\n\t<meta property=\"og:image:type\" content=\"image\/jpeg\" \/>\n<meta name=\"author\" content=\"Sch\u00fcler*innen der Euro Akademie\" \/>\n<meta name=\"twitter:card\" content=\"summary_large_image\" \/>\n<meta name=\"twitter:label1\" content=\"Verfasst von\" \/>\n\t<meta name=\"twitter:data1\" content=\"Sch\u00fcler*innen der Euro Akademie\" \/>\n\t<meta name=\"twitter:label2\" content=\"Gesch\u00e4tzte Lesezeit\" \/>\n\t<meta name=\"twitter:data2\" content=\"3\u00a0Minuten\" \/>\n<script type=\"application\/ld+json\" class=\"yoast-schema-graph\">{\"@context\":\"https:\/\/schema.org\",\"@graph\":[{\"@type\":\"Article\",\"@id\":\"https:\/\/www.euroakademie.de\/magazin\/ausbildung-und-dann\/#article\",\"isPartOf\":{\"@id\":\"https:\/\/www.euroakademie.de\/magazin\/ausbildung-und-dann\/\"},\"author\":{\"name\":\"Sch\u00fcler*innen der Euro Akademie\",\"@id\":\"https:\/\/www.euroakademie.de\/magazin\/#\/schema\/person\/88061163260e860aeebdcfa336a1a0d7\"},\"headline\":\"Ausbildung \u2013 und dann?\",\"datePublished\":\"2015-11-25T13:27:23+00:00\",\"dateModified\":\"2026-02-17T14:24:48+00:00\",\"mainEntityOfPage\":{\"@id\":\"https:\/\/www.euroakademie.de\/magazin\/ausbildung-und-dann\/\"},\"wordCount\":509,\"publisher\":{\"@id\":\"https:\/\/www.euroakademie.de\/magazin\/#organization\"},\"image\":{\"@id\":\"https:\/\/www.euroakademie.de\/magazin\/ausbildung-und-dann\/#primaryimage\"},\"thumbnailUrl\":\"https:\/\/www.euroakademie.de\/magazin\/wp-content\/uploads\/2015\/11\/shutterstock_310072547_702x336_web.jpg\",\"articleSection\":[\"Dortmund\",\"Von Sch\u00fclern f\u00fcr Sch\u00fcler\"],\"inLanguage\":\"de\"},{\"@type\":\"WebPage\",\"@id\":\"https:\/\/www.euroakademie.de\/magazin\/ausbildung-und-dann\/\",\"url\":\"https:\/\/www.euroakademie.de\/magazin\/ausbildung-und-dann\/\",\"name\":\"Fremdsprachenkorrespondent: Ausbildung - und dann?\",\"isPartOf\":{\"@id\":\"https:\/\/www.euroakademie.de\/magazin\/#website\"},\"primaryImageOfPage\":{\"@id\":\"https:\/\/www.euroakademie.de\/magazin\/ausbildung-und-dann\/#primaryimage\"},\"image\":{\"@id\":\"https:\/\/www.euroakademie.de\/magazin\/ausbildung-und-dann\/#primaryimage\"},\"thumbnailUrl\":\"https:\/\/www.euroakademie.de\/magazin\/wp-content\/uploads\/2015\/11\/shutterstock_310072547_702x336_web.jpg\",\"datePublished\":\"2015-11-25T13:27:23+00:00\",\"dateModified\":\"2026-02-17T14:24:48+00:00\",\"description\":\"Die Ausbildung Fremdsprachenkorrespondent ist vielseitig und interessant. Doch was kommt danach? Euro Akademie Sch\u00fclerin Jaqualine Fritz hat nachgefragt.\",\"breadcrumb\":{\"@id\":\"https:\/\/www.euroakademie.de\/magazin\/ausbildung-und-dann\/#breadcrumb\"},\"inLanguage\":\"de\",\"potentialAction\":[{\"@type\":\"ReadAction\",\"target\":[\"https:\/\/www.euroakademie.de\/magazin\/ausbildung-und-dann\/\"]}]},{\"@type\":\"ImageObject\",\"inLanguage\":\"de\",\"@id\":\"https:\/\/www.euroakademie.de\/magazin\/ausbildung-und-dann\/#primaryimage\",\"url\":\"https:\/\/www.euroakademie.de\/magazin\/wp-content\/uploads\/2015\/11\/shutterstock_310072547_702x336_web.jpg\",\"contentUrl\":\"https:\/\/www.euroakademie.de\/magazin\/wp-content\/uploads\/2015\/11\/shutterstock_310072547_702x336_web.jpg\",\"width\":702,\"height\":336,\"caption\":\"\"},{\"@type\":\"BreadcrumbList\",\"@id\":\"https:\/\/www.euroakademie.de\/magazin\/ausbildung-und-dann\/#breadcrumb\",\"itemListElement\":[{\"@type\":\"ListItem\",\"position\":1,\"name\":\"Startseite\",\"item\":\"https:\/\/www.euroakademie.de\/magazin\/\"},{\"@type\":\"ListItem\",\"position\":2,\"name\":\"Ausbildung \u2013 und dann?\"}]},{\"@type\":\"WebSite\",\"@id\":\"https:\/\/www.euroakademie.de\/magazin\/#website\",\"url\":\"https:\/\/www.euroakademie.de\/magazin\/\",\"name\":\"Das Euro Akademie Magazin\",\"description\":\"Gut informiert durch Ausbildung und Studium\",\"publisher\":{\"@id\":\"https:\/\/www.euroakademie.de\/magazin\/#organization\"},\"potentialAction\":[{\"@type\":\"SearchAction\",\"target\":{\"@type\":\"EntryPoint\",\"urlTemplate\":\"https:\/\/www.euroakademie.de\/magazin\/?s={search_term_string}\"},\"query-input\":{\"@type\":\"PropertyValueSpecification\",\"valueRequired\":true,\"valueName\":\"search_term_string\"}}],\"inLanguage\":\"de\"},{\"@type\":\"Organization\",\"@id\":\"https:\/\/www.euroakademie.de\/magazin\/#organization\",\"name\":\"ESO Education Group\",\"url\":\"https:\/\/www.euroakademie.de\/magazin\/\",\"logo\":{\"@type\":\"ImageObject\",\"inLanguage\":\"de\",\"@id\":\"https:\/\/www.euroakademie.de\/magazin\/#\/schema\/logo\/image\/\",\"url\":\"https:\/\/relaunch.euroakademie.de\/magazin\/wp-content\/uploads\/2024\/11\/Logo_EA_negativ_Rahmen_5cm_300dpi_RGB.jpg\",\"contentUrl\":\"https:\/\/relaunch.euroakademie.de\/magazin\/wp-content\/uploads\/2024\/11\/Logo_EA_negativ_Rahmen_5cm_300dpi_RGB.jpg\",\"width\":591,\"height\":236,\"caption\":\"ESO Education Group\"},\"image\":{\"@id\":\"https:\/\/www.euroakademie.de\/magazin\/#\/schema\/logo\/image\/\"}},{\"@type\":\"Person\",\"@id\":\"https:\/\/www.euroakademie.de\/magazin\/#\/schema\/person\/88061163260e860aeebdcfa336a1a0d7\",\"name\":\"Sch\u00fcler*innen der Euro Akademie\",\"description\":\"Unter diesem Autorennamen schildern Sch\u00fcler*innen der Euro Akademien ihre pers\u00f6nlichen Erfahrungen zum Thema Ausbildung, berichten \u00fcber Projekte, Praktika oder Veranstaltungen und geben anderen Lernenden wertvolle Tipps. Sie gehen dabei auf Fragen ein, auf die sie vor und in ihrer Ausbildungszeit selbst gern Antworten gehabt h\u00e4tten.\",\"url\":\"https:\/\/www.euroakademie.de\/magazin\/author\/schueler\/\"}]}<\/script>\n<!-- \/ Yoast SEO plugin. -->","yoast_head_json":{"title":"Fremdsprachenkorrespondent: Ausbildung - und dann?","description":"Die Ausbildung Fremdsprachenkorrespondent ist vielseitig und interessant. Doch was kommt danach? Euro Akademie Sch\u00fclerin Jaqualine Fritz hat nachgefragt.","robots":{"index":"index","follow":"follow","max-snippet":"max-snippet:-1","max-image-preview":"max-image-preview:large","max-video-preview":"max-video-preview:-1"},"canonical":"https:\/\/www.euroakademie.de\/magazin\/ausbildung-und-dann\/","og_locale":"de_DE","og_type":"article","og_title":"Fremdsprachenkorrespondent: Ausbildung - und dann?","og_description":"Die Ausbildung Fremdsprachenkorrespondent ist vielseitig und interessant. Doch was kommt danach? Euro Akademie Sch\u00fclerin Jaqualine Fritz hat nachgefragt.","og_url":"https:\/\/www.euroakademie.de\/magazin\/ausbildung-und-dann\/","og_site_name":"Das Euro Akademie Magazin","article_published_time":"2015-11-25T13:27:23+00:00","article_modified_time":"2026-02-17T14:24:48+00:00","og_image":[{"width":702,"height":336,"url":"https:\/\/www.euroakademie.de\/magazin\/wp-content\/uploads\/2015\/11\/shutterstock_310072547_702x336_web.jpg","type":"image\/jpeg"}],"author":"Sch\u00fcler*innen der Euro Akademie","twitter_card":"summary_large_image","twitter_misc":{"Verfasst von":"Sch\u00fcler*innen der Euro Akademie","Gesch\u00e4tzte Lesezeit":"3\u00a0Minuten"},"schema":{"@context":"https:\/\/schema.org","@graph":[{"@type":"Article","@id":"https:\/\/www.euroakademie.de\/magazin\/ausbildung-und-dann\/#article","isPartOf":{"@id":"https:\/\/www.euroakademie.de\/magazin\/ausbildung-und-dann\/"},"author":{"name":"Sch\u00fcler*innen der Euro Akademie","@id":"https:\/\/www.euroakademie.de\/magazin\/#\/schema\/person\/88061163260e860aeebdcfa336a1a0d7"},"headline":"Ausbildung \u2013 und dann?","datePublished":"2015-11-25T13:27:23+00:00","dateModified":"2026-02-17T14:24:48+00:00","mainEntityOfPage":{"@id":"https:\/\/www.euroakademie.de\/magazin\/ausbildung-und-dann\/"},"wordCount":509,"publisher":{"@id":"https:\/\/www.euroakademie.de\/magazin\/#organization"},"image":{"@id":"https:\/\/www.euroakademie.de\/magazin\/ausbildung-und-dann\/#primaryimage"},"thumbnailUrl":"https:\/\/www.euroakademie.de\/magazin\/wp-content\/uploads\/2015\/11\/shutterstock_310072547_702x336_web.jpg","articleSection":["Dortmund","Von Sch\u00fclern f\u00fcr Sch\u00fcler"],"inLanguage":"de"},{"@type":"WebPage","@id":"https:\/\/www.euroakademie.de\/magazin\/ausbildung-und-dann\/","url":"https:\/\/www.euroakademie.de\/magazin\/ausbildung-und-dann\/","name":"Fremdsprachenkorrespondent: Ausbildung - und dann?","isPartOf":{"@id":"https:\/\/www.euroakademie.de\/magazin\/#website"},"primaryImageOfPage":{"@id":"https:\/\/www.euroakademie.de\/magazin\/ausbildung-und-dann\/#primaryimage"},"image":{"@id":"https:\/\/www.euroakademie.de\/magazin\/ausbildung-und-dann\/#primaryimage"},"thumbnailUrl":"https:\/\/www.euroakademie.de\/magazin\/wp-content\/uploads\/2015\/11\/shutterstock_310072547_702x336_web.jpg","datePublished":"2015-11-25T13:27:23+00:00","dateModified":"2026-02-17T14:24:48+00:00","description":"Die Ausbildung Fremdsprachenkorrespondent ist vielseitig und interessant. Doch was kommt danach? Euro Akademie Sch\u00fclerin Jaqualine Fritz hat nachgefragt.","breadcrumb":{"@id":"https:\/\/www.euroakademie.de\/magazin\/ausbildung-und-dann\/#breadcrumb"},"inLanguage":"de","potentialAction":[{"@type":"ReadAction","target":["https:\/\/www.euroakademie.de\/magazin\/ausbildung-und-dann\/"]}]},{"@type":"ImageObject","inLanguage":"de","@id":"https:\/\/www.euroakademie.de\/magazin\/ausbildung-und-dann\/#primaryimage","url":"https:\/\/www.euroakademie.de\/magazin\/wp-content\/uploads\/2015\/11\/shutterstock_310072547_702x336_web.jpg","contentUrl":"https:\/\/www.euroakademie.de\/magazin\/wp-content\/uploads\/2015\/11\/shutterstock_310072547_702x336_web.jpg","width":702,"height":336,"caption":""},{"@type":"BreadcrumbList","@id":"https:\/\/www.euroakademie.de\/magazin\/ausbildung-und-dann\/#breadcrumb","itemListElement":[{"@type":"ListItem","position":1,"name":"Startseite","item":"https:\/\/www.euroakademie.de\/magazin\/"},{"@type":"ListItem","position":2,"name":"Ausbildung \u2013 und dann?"}]},{"@type":"WebSite","@id":"https:\/\/www.euroakademie.de\/magazin\/#website","url":"https:\/\/www.euroakademie.de\/magazin\/","name":"Das Euro Akademie Magazin","description":"Gut informiert durch Ausbildung und Studium","publisher":{"@id":"https:\/\/www.euroakademie.de\/magazin\/#organization"},"potentialAction":[{"@type":"SearchAction","target":{"@type":"EntryPoint","urlTemplate":"https:\/\/www.euroakademie.de\/magazin\/?s={search_term_string}"},"query-input":{"@type":"PropertyValueSpecification","valueRequired":true,"valueName":"search_term_string"}}],"inLanguage":"de"},{"@type":"Organization","@id":"https:\/\/www.euroakademie.de\/magazin\/#organization","name":"ESO Education Group","url":"https:\/\/www.euroakademie.de\/magazin\/","logo":{"@type":"ImageObject","inLanguage":"de","@id":"https:\/\/www.euroakademie.de\/magazin\/#\/schema\/logo\/image\/","url":"https:\/\/relaunch.euroakademie.de\/magazin\/wp-content\/uploads\/2024\/11\/Logo_EA_negativ_Rahmen_5cm_300dpi_RGB.jpg","contentUrl":"https:\/\/relaunch.euroakademie.de\/magazin\/wp-content\/uploads\/2024\/11\/Logo_EA_negativ_Rahmen_5cm_300dpi_RGB.jpg","width":591,"height":236,"caption":"ESO Education Group"},"image":{"@id":"https:\/\/www.euroakademie.de\/magazin\/#\/schema\/logo\/image\/"}},{"@type":"Person","@id":"https:\/\/www.euroakademie.de\/magazin\/#\/schema\/person\/88061163260e860aeebdcfa336a1a0d7","name":"Sch\u00fcler*innen der Euro Akademie","description":"Unter diesem Autorennamen schildern Sch\u00fcler*innen der Euro Akademien ihre pers\u00f6nlichen Erfahrungen zum Thema Ausbildung, berichten \u00fcber Projekte, Praktika oder Veranstaltungen und geben anderen Lernenden wertvolle Tipps. Sie gehen dabei auf Fragen ein, auf die sie vor und in ihrer Ausbildungszeit selbst gern Antworten gehabt h\u00e4tten.","url":"https:\/\/www.euroakademie.de\/magazin\/author\/schueler\/"}]}},"_links":{"self":[{"href":"https:\/\/www.euroakademie.de\/magazin\/wp-json\/wp\/v2\/posts\/3272","targetHints":{"allow":["GET"]}}],"collection":[{"href":"https:\/\/www.euroakademie.de\/magazin\/wp-json\/wp\/v2\/posts"}],"about":[{"href":"https:\/\/www.euroakademie.de\/magazin\/wp-json\/wp\/v2\/types\/post"}],"author":[{"embeddable":true,"href":"https:\/\/www.euroakademie.de\/magazin\/wp-json\/wp\/v2\/users\/25"}],"replies":[{"embeddable":true,"href":"https:\/\/www.euroakademie.de\/magazin\/wp-json\/wp\/v2\/comments?post=3272"}],"version-history":[{"count":3,"href":"https:\/\/www.euroakademie.de\/magazin\/wp-json\/wp\/v2\/posts\/3272\/revisions"}],"predecessor-version":[{"id":29667,"href":"https:\/\/www.euroakademie.de\/magazin\/wp-json\/wp\/v2\/posts\/3272\/revisions\/29667"}],"wp:featuredmedia":[{"embeddable":true,"href":"https:\/\/www.euroakademie.de\/magazin\/wp-json\/wp\/v2\/media\/7174"}],"wp:attachment":[{"href":"https:\/\/www.euroakademie.de\/magazin\/wp-json\/wp\/v2\/media?parent=3272"}],"wp:term":[{"taxonomy":"category","embeddable":true,"href":"https:\/\/www.euroakademie.de\/magazin\/wp-json\/wp\/v2\/categories?post=3272"},{"taxonomy":"post_tag","embeddable":true,"href":"https:\/\/www.euroakademie.de\/magazin\/wp-json\/wp\/v2\/tags?post=3272"}],"curies":[{"name":"wp","href":"https:\/\/api.w.org\/{rel}","templated":true}]}}