{"id":3278,"date":"2015-11-30T13:17:50","date_gmt":"2015-11-30T12:17:50","guid":{"rendered":"https:\/\/www.euroakademie.de\/magazin\/?p=3278"},"modified":"2015-11-30T13:17:50","modified_gmt":"2015-11-30T12:17:50","slug":"link-und-lesetipp-kindertageseinrichtungen-als-einen-sicheren-ort-entdecken","status":"publish","type":"post","link":"https:\/\/www.euroakademie.de\/magazin\/link-und-lesetipp-kindertageseinrichtungen-als-einen-sicheren-ort-entdecken\/","title":{"rendered":"Link- und Lesetipp: &quot;Die Kita als einen sicheren Ort entdecken!&quot;"},"content":{"rendered":"<p>\t\t\t\t<![CDATA[<strong>Das Programm \u201eWillkommensKITAs\u201c unterst\u00fctzt s\u00e4chsische Kindertageseinrichtungen, die Kinder aus Fl\u00fcchtlingsfamilien aufnehmen. Vier fundamentale Bausteine machen das Projekt so einzigartig \u2013 und k\u00f6nnen Vorbild f\u00fcr andere Einrichtungen sein.<\/strong>\n\nIm Interview schildert Axel M\u00f6ller von der Deutschen Kinder- und Jugendstiftung Regionalstelle Sachsen, wie dieses Projekt ganze Kindertageseinrichtungen unterst\u00fctzt, wie eine vorurteilsbewusste Erziehung und Bildung f\u00fcr Erzieher m\u00f6glich wird und wie wichtig Sicherheit und Ordnung f\u00fcr diese Kinder sind.\n\n\n<h4>Link- und Lesetipp:<\/h4>\n\n\n<a href=\"http:\/\/www.erzieherin.de\/\" target=\"_blank\" rel=\"noopener\">&#8222;Die Kita als einen sicheren Ort entdecken!&#8220; Fl\u00fcchtlingskinder in der Kita, Axel M\u00f6ller im Gespr\u00e4ch mit Sibylle M\u00fcnnich auf www.erzieherin.de<\/a>\n\n\n<h4>Das k\u00f6nnte Sie auch interessieren:<\/h4>\n\n\n\n\n<ul>\n \t\n\n<li><a href=\"https:\/\/www.euroakademie.de\/magazin\/link-und-lesetipp-foerdern-bevor-es-zu-spaet-ist\/\">F\u00f6rdern, bevor es zu sp\u00e4t ist<\/a><\/li>\n\n\n \t\n\n<li><a href=\"https:\/\/www.euroakademie.de\/magazin\/adhs-wie-erzieher-kindern-helfen-koennen\/\">ADHS: Wie Erzieher das dritte Standbein f\u00fcr verhaltensauff\u00e4llige Kinder sein k\u00f6nnen.<\/a><\/li>\n\n\n \t\n\n<li><a href=\"https:\/\/www.euroakademie.de\/magazin\/mehr-anerkennung-fuer-den-beruf-heilerziehungspfleger\/\">Mehr Anerkennung f\u00fcr den Beruf Heilerziehungspfleger<\/a><\/li>\n\n\n<\/ul>\n\n]]>\t\t<\/p>\n","protected":false},"excerpt":{"rendered":"<p>\t\t\t\t<![CDATA[]]>\t\t<\/p>\n","protected":false},"author":7,"featured_media":7171,"comment_status":"closed","ping_status":"closed","sticky":false,"template":"","format":"standard","meta":{"footnotes":""},"categories":[139,19],"tags":[],"class_list":{"0":"post-3278","1":"post","2":"type-post","3":"status-publish","4":"format-standard","5":"has-post-thumbnail","7":"category-lesetipps","8":"category-paedagogik-soziales"},"yoast_head":"<!-- This site is optimized with the Yoast SEO plugin v23.5 - https:\/\/yoast.com\/wordpress\/plugins\/seo\/ -->\n<title>Kindertageseinrichtungen als sicheren Ort<\/title>\n<meta name=\"description\" content=\"Das Programm \u201eWillkommensKITAs\u201c unterst\u00fctzt s\u00e4chsische Kindertageseinrichtungen, die Fl\u00fcchtlingskinder aufnehmen. Ein Interview mit Axel M\u00f6ller.\" \/>\n<meta name=\"robots\" content=\"index, follow, max-snippet:-1, max-image-preview:large, max-video-preview:-1\" \/>\n<link rel=\"canonical\" href=\"https:\/\/www.euroakademie.de\/magazin\/link-und-lesetipp-kindertageseinrichtungen-als-einen-sicheren-ort-entdecken\/\" \/>\n<meta property=\"og:locale\" content=\"de_DE\" \/>\n<meta property=\"og:type\" content=\"article\" \/>\n<meta property=\"og:title\" content=\"Kindertageseinrichtungen als sicheren Ort\" \/>\n<meta property=\"og:description\" content=\"Das Programm \u201eWillkommensKITAs\u201c unterst\u00fctzt s\u00e4chsische Kindertageseinrichtungen, die Fl\u00fcchtlingskinder aufnehmen. Ein Interview mit Axel M\u00f6ller.\" \/>\n<meta property=\"og:url\" content=\"https:\/\/www.euroakademie.de\/magazin\/link-und-lesetipp-kindertageseinrichtungen-als-einen-sicheren-ort-entdecken\/\" \/>\n<meta property=\"og:site_name\" content=\"Das Euro Akademie Magazin\" \/>\n<meta property=\"article:published_time\" content=\"2015-11-30T12:17:50+00:00\" \/>\n<meta property=\"og:image\" content=\"https:\/\/www.euroakademie.de\/magazin\/wp-content\/uploads\/2015\/11\/shutterstock_402459625_702x336_web.jpg\" \/>\n\t<meta property=\"og:image:width\" content=\"702\" \/>\n\t<meta property=\"og:image:height\" content=\"336\" \/>\n\t<meta property=\"og:image:type\" content=\"image\/jpeg\" \/>\n<meta name=\"author\" content=\"Redaktion\" \/>\n<meta name=\"twitter:card\" content=\"summary_large_image\" \/>\n<meta name=\"twitter:label1\" content=\"Verfasst von\" \/>\n\t<meta name=\"twitter:data1\" content=\"Redaktion\" \/>\n\t<meta name=\"twitter:label2\" content=\"Gesch\u00e4tzte Lesezeit\" \/>\n\t<meta name=\"twitter:data2\" content=\"1\u00a0Minute\" \/>\n<script type=\"application\/ld+json\" class=\"yoast-schema-graph\">{\"@context\":\"https:\/\/schema.org\",\"@graph\":[{\"@type\":\"Article\",\"@id\":\"https:\/\/www.euroakademie.de\/magazin\/link-und-lesetipp-kindertageseinrichtungen-als-einen-sicheren-ort-entdecken\/#article\",\"isPartOf\":{\"@id\":\"https:\/\/www.euroakademie.de\/magazin\/link-und-lesetipp-kindertageseinrichtungen-als-einen-sicheren-ort-entdecken\/\"},\"author\":{\"name\":\"Redaktion\",\"@id\":\"https:\/\/www.euroakademie.de\/magazin\/#\/schema\/person\/6c9b7b6db765ee31640d80c936be3686\"},\"headline\":\"Link- und Lesetipp: &quot;Die Kita als einen sicheren Ort entdecken!&quot;\",\"datePublished\":\"2015-11-30T12:17:50+00:00\",\"dateModified\":\"2015-11-30T12:17:50+00:00\",\"mainEntityOfPage\":{\"@id\":\"https:\/\/www.euroakademie.de\/magazin\/link-und-lesetipp-kindertageseinrichtungen-als-einen-sicheren-ort-entdecken\/\"},\"wordCount\":151,\"publisher\":{\"@id\":\"https:\/\/www.euroakademie.de\/magazin\/#organization\"},\"image\":{\"@id\":\"https:\/\/www.euroakademie.de\/magazin\/link-und-lesetipp-kindertageseinrichtungen-als-einen-sicheren-ort-entdecken\/#primaryimage\"},\"thumbnailUrl\":\"https:\/\/www.euroakademie.de\/magazin\/wp-content\/uploads\/2015\/11\/shutterstock_402459625_702x336_web.jpg\",\"articleSection\":[\"Link- und Lesetipps\",\"P\u00e4dagogik &amp; Soziales\"],\"inLanguage\":\"de\"},{\"@type\":\"WebPage\",\"@id\":\"https:\/\/www.euroakademie.de\/magazin\/link-und-lesetipp-kindertageseinrichtungen-als-einen-sicheren-ort-entdecken\/\",\"url\":\"https:\/\/www.euroakademie.de\/magazin\/link-und-lesetipp-kindertageseinrichtungen-als-einen-sicheren-ort-entdecken\/\",\"name\":\"Kindertageseinrichtungen als sicheren Ort\",\"isPartOf\":{\"@id\":\"https:\/\/www.euroakademie.de\/magazin\/#website\"},\"primaryImageOfPage\":{\"@id\":\"https:\/\/www.euroakademie.de\/magazin\/link-und-lesetipp-kindertageseinrichtungen-als-einen-sicheren-ort-entdecken\/#primaryimage\"},\"image\":{\"@id\":\"https:\/\/www.euroakademie.de\/magazin\/link-und-lesetipp-kindertageseinrichtungen-als-einen-sicheren-ort-entdecken\/#primaryimage\"},\"thumbnailUrl\":\"https:\/\/www.euroakademie.de\/magazin\/wp-content\/uploads\/2015\/11\/shutterstock_402459625_702x336_web.jpg\",\"datePublished\":\"2015-11-30T12:17:50+00:00\",\"dateModified\":\"2015-11-30T12:17:50+00:00\",\"description\":\"Das Programm \u201eWillkommensKITAs\u201c unterst\u00fctzt s\u00e4chsische Kindertageseinrichtungen, die Fl\u00fcchtlingskinder aufnehmen. Ein Interview mit Axel M\u00f6ller.\",\"breadcrumb\":{\"@id\":\"https:\/\/www.euroakademie.de\/magazin\/link-und-lesetipp-kindertageseinrichtungen-als-einen-sicheren-ort-entdecken\/#breadcrumb\"},\"inLanguage\":\"de\",\"potentialAction\":[{\"@type\":\"ReadAction\",\"target\":[\"https:\/\/www.euroakademie.de\/magazin\/link-und-lesetipp-kindertageseinrichtungen-als-einen-sicheren-ort-entdecken\/\"]}]},{\"@type\":\"ImageObject\",\"inLanguage\":\"de\",\"@id\":\"https:\/\/www.euroakademie.de\/magazin\/link-und-lesetipp-kindertageseinrichtungen-als-einen-sicheren-ort-entdecken\/#primaryimage\",\"url\":\"https:\/\/www.euroakademie.de\/magazin\/wp-content\/uploads\/2015\/11\/shutterstock_402459625_702x336_web.jpg\",\"contentUrl\":\"https:\/\/www.euroakademie.de\/magazin\/wp-content\/uploads\/2015\/11\/shutterstock_402459625_702x336_web.jpg\",\"width\":702,\"height\":336,\"caption\":\"\"},{\"@type\":\"BreadcrumbList\",\"@id\":\"https:\/\/www.euroakademie.de\/magazin\/link-und-lesetipp-kindertageseinrichtungen-als-einen-sicheren-ort-entdecken\/#breadcrumb\",\"itemListElement\":[{\"@type\":\"ListItem\",\"position\":1,\"name\":\"Startseite\",\"item\":\"https:\/\/www.euroakademie.de\/magazin\/\"},{\"@type\":\"ListItem\",\"position\":2,\"name\":\"Link- und Lesetipp: &quot;Die Kita als einen sicheren Ort entdecken!&quot;\"}]},{\"@type\":\"WebSite\",\"@id\":\"https:\/\/www.euroakademie.de\/magazin\/#website\",\"url\":\"https:\/\/www.euroakademie.de\/magazin\/\",\"name\":\"Das Euro Akademie Magazin\",\"description\":\"Gut informiert durch Ausbildung und Studium\",\"publisher\":{\"@id\":\"https:\/\/www.euroakademie.de\/magazin\/#organization\"},\"potentialAction\":[{\"@type\":\"SearchAction\",\"target\":{\"@type\":\"EntryPoint\",\"urlTemplate\":\"https:\/\/www.euroakademie.de\/magazin\/?s={search_term_string}\"},\"query-input\":{\"@type\":\"PropertyValueSpecification\",\"valueRequired\":true,\"valueName\":\"search_term_string\"}}],\"inLanguage\":\"de\"},{\"@type\":\"Organization\",\"@id\":\"https:\/\/www.euroakademie.de\/magazin\/#organization\",\"name\":\"ESO Education Group\",\"url\":\"https:\/\/www.euroakademie.de\/magazin\/\",\"logo\":{\"@type\":\"ImageObject\",\"inLanguage\":\"de\",\"@id\":\"https:\/\/www.euroakademie.de\/magazin\/#\/schema\/logo\/image\/\",\"url\":\"https:\/\/relaunch.euroakademie.de\/magazin\/wp-content\/uploads\/2024\/11\/Logo_EA_negativ_Rahmen_5cm_300dpi_RGB.jpg\",\"contentUrl\":\"https:\/\/relaunch.euroakademie.de\/magazin\/wp-content\/uploads\/2024\/11\/Logo_EA_negativ_Rahmen_5cm_300dpi_RGB.jpg\",\"width\":591,\"height\":236,\"caption\":\"ESO Education Group\"},\"image\":{\"@id\":\"https:\/\/www.euroakademie.de\/magazin\/#\/schema\/logo\/image\/\"}},{\"@type\":\"Person\",\"@id\":\"https:\/\/www.euroakademie.de\/magazin\/#\/schema\/person\/6c9b7b6db765ee31640d80c936be3686\",\"name\":\"Redaktion\",\"description\":\"Die Redaktion des Euro Akademie Magazins h\u00e4lt Sie regelm\u00e4\u00dfig mit hintergr\u00fcndigen Artikeln auf dem Laufenden. Auf Basis einer fundierten Recherche und mit Spa\u00df am Schreiben erstellen die Redakteur*innen informative und unterhaltsame Inhalte f\u00fcr Sie.\",\"url\":\"https:\/\/www.euroakademie.de\/magazin\/author\/redaktion\/\"}]}<\/script>\n<!-- \/ Yoast SEO plugin. -->","yoast_head_json":{"title":"Kindertageseinrichtungen als sicheren Ort","description":"Das Programm \u201eWillkommensKITAs\u201c unterst\u00fctzt s\u00e4chsische Kindertageseinrichtungen, die Fl\u00fcchtlingskinder aufnehmen. Ein Interview mit Axel M\u00f6ller.","robots":{"index":"index","follow":"follow","max-snippet":"max-snippet:-1","max-image-preview":"max-image-preview:large","max-video-preview":"max-video-preview:-1"},"canonical":"https:\/\/www.euroakademie.de\/magazin\/link-und-lesetipp-kindertageseinrichtungen-als-einen-sicheren-ort-entdecken\/","og_locale":"de_DE","og_type":"article","og_title":"Kindertageseinrichtungen als sicheren Ort","og_description":"Das Programm \u201eWillkommensKITAs\u201c unterst\u00fctzt s\u00e4chsische Kindertageseinrichtungen, die Fl\u00fcchtlingskinder aufnehmen. Ein Interview mit Axel M\u00f6ller.","og_url":"https:\/\/www.euroakademie.de\/magazin\/link-und-lesetipp-kindertageseinrichtungen-als-einen-sicheren-ort-entdecken\/","og_site_name":"Das Euro Akademie Magazin","article_published_time":"2015-11-30T12:17:50+00:00","og_image":[{"width":702,"height":336,"url":"https:\/\/www.euroakademie.de\/magazin\/wp-content\/uploads\/2015\/11\/shutterstock_402459625_702x336_web.jpg","type":"image\/jpeg"}],"author":"Redaktion","twitter_card":"summary_large_image","twitter_misc":{"Verfasst von":"Redaktion","Gesch\u00e4tzte Lesezeit":"1\u00a0Minute"},"schema":{"@context":"https:\/\/schema.org","@graph":[{"@type":"Article","@id":"https:\/\/www.euroakademie.de\/magazin\/link-und-lesetipp-kindertageseinrichtungen-als-einen-sicheren-ort-entdecken\/#article","isPartOf":{"@id":"https:\/\/www.euroakademie.de\/magazin\/link-und-lesetipp-kindertageseinrichtungen-als-einen-sicheren-ort-entdecken\/"},"author":{"name":"Redaktion","@id":"https:\/\/www.euroakademie.de\/magazin\/#\/schema\/person\/6c9b7b6db765ee31640d80c936be3686"},"headline":"Link- und Lesetipp: &quot;Die Kita als einen sicheren Ort entdecken!&quot;","datePublished":"2015-11-30T12:17:50+00:00","dateModified":"2015-11-30T12:17:50+00:00","mainEntityOfPage":{"@id":"https:\/\/www.euroakademie.de\/magazin\/link-und-lesetipp-kindertageseinrichtungen-als-einen-sicheren-ort-entdecken\/"},"wordCount":151,"publisher":{"@id":"https:\/\/www.euroakademie.de\/magazin\/#organization"},"image":{"@id":"https:\/\/www.euroakademie.de\/magazin\/link-und-lesetipp-kindertageseinrichtungen-als-einen-sicheren-ort-entdecken\/#primaryimage"},"thumbnailUrl":"https:\/\/www.euroakademie.de\/magazin\/wp-content\/uploads\/2015\/11\/shutterstock_402459625_702x336_web.jpg","articleSection":["Link- und Lesetipps","P\u00e4dagogik &amp; Soziales"],"inLanguage":"de"},{"@type":"WebPage","@id":"https:\/\/www.euroakademie.de\/magazin\/link-und-lesetipp-kindertageseinrichtungen-als-einen-sicheren-ort-entdecken\/","url":"https:\/\/www.euroakademie.de\/magazin\/link-und-lesetipp-kindertageseinrichtungen-als-einen-sicheren-ort-entdecken\/","name":"Kindertageseinrichtungen als sicheren Ort","isPartOf":{"@id":"https:\/\/www.euroakademie.de\/magazin\/#website"},"primaryImageOfPage":{"@id":"https:\/\/www.euroakademie.de\/magazin\/link-und-lesetipp-kindertageseinrichtungen-als-einen-sicheren-ort-entdecken\/#primaryimage"},"image":{"@id":"https:\/\/www.euroakademie.de\/magazin\/link-und-lesetipp-kindertageseinrichtungen-als-einen-sicheren-ort-entdecken\/#primaryimage"},"thumbnailUrl":"https:\/\/www.euroakademie.de\/magazin\/wp-content\/uploads\/2015\/11\/shutterstock_402459625_702x336_web.jpg","datePublished":"2015-11-30T12:17:50+00:00","dateModified":"2015-11-30T12:17:50+00:00","description":"Das Programm \u201eWillkommensKITAs\u201c unterst\u00fctzt s\u00e4chsische Kindertageseinrichtungen, die Fl\u00fcchtlingskinder aufnehmen. Ein Interview mit Axel M\u00f6ller.","breadcrumb":{"@id":"https:\/\/www.euroakademie.de\/magazin\/link-und-lesetipp-kindertageseinrichtungen-als-einen-sicheren-ort-entdecken\/#breadcrumb"},"inLanguage":"de","potentialAction":[{"@type":"ReadAction","target":["https:\/\/www.euroakademie.de\/magazin\/link-und-lesetipp-kindertageseinrichtungen-als-einen-sicheren-ort-entdecken\/"]}]},{"@type":"ImageObject","inLanguage":"de","@id":"https:\/\/www.euroakademie.de\/magazin\/link-und-lesetipp-kindertageseinrichtungen-als-einen-sicheren-ort-entdecken\/#primaryimage","url":"https:\/\/www.euroakademie.de\/magazin\/wp-content\/uploads\/2015\/11\/shutterstock_402459625_702x336_web.jpg","contentUrl":"https:\/\/www.euroakademie.de\/magazin\/wp-content\/uploads\/2015\/11\/shutterstock_402459625_702x336_web.jpg","width":702,"height":336,"caption":""},{"@type":"BreadcrumbList","@id":"https:\/\/www.euroakademie.de\/magazin\/link-und-lesetipp-kindertageseinrichtungen-als-einen-sicheren-ort-entdecken\/#breadcrumb","itemListElement":[{"@type":"ListItem","position":1,"name":"Startseite","item":"https:\/\/www.euroakademie.de\/magazin\/"},{"@type":"ListItem","position":2,"name":"Link- und Lesetipp: &quot;Die Kita als einen sicheren Ort entdecken!&quot;"}]},{"@type":"WebSite","@id":"https:\/\/www.euroakademie.de\/magazin\/#website","url":"https:\/\/www.euroakademie.de\/magazin\/","name":"Das Euro Akademie Magazin","description":"Gut informiert durch Ausbildung und Studium","publisher":{"@id":"https:\/\/www.euroakademie.de\/magazin\/#organization"},"potentialAction":[{"@type":"SearchAction","target":{"@type":"EntryPoint","urlTemplate":"https:\/\/www.euroakademie.de\/magazin\/?s={search_term_string}"},"query-input":{"@type":"PropertyValueSpecification","valueRequired":true,"valueName":"search_term_string"}}],"inLanguage":"de"},{"@type":"Organization","@id":"https:\/\/www.euroakademie.de\/magazin\/#organization","name":"ESO Education Group","url":"https:\/\/www.euroakademie.de\/magazin\/","logo":{"@type":"ImageObject","inLanguage":"de","@id":"https:\/\/www.euroakademie.de\/magazin\/#\/schema\/logo\/image\/","url":"https:\/\/relaunch.euroakademie.de\/magazin\/wp-content\/uploads\/2024\/11\/Logo_EA_negativ_Rahmen_5cm_300dpi_RGB.jpg","contentUrl":"https:\/\/relaunch.euroakademie.de\/magazin\/wp-content\/uploads\/2024\/11\/Logo_EA_negativ_Rahmen_5cm_300dpi_RGB.jpg","width":591,"height":236,"caption":"ESO Education Group"},"image":{"@id":"https:\/\/www.euroakademie.de\/magazin\/#\/schema\/logo\/image\/"}},{"@type":"Person","@id":"https:\/\/www.euroakademie.de\/magazin\/#\/schema\/person\/6c9b7b6db765ee31640d80c936be3686","name":"Redaktion","description":"Die Redaktion des Euro Akademie Magazins h\u00e4lt Sie regelm\u00e4\u00dfig mit hintergr\u00fcndigen Artikeln auf dem Laufenden. Auf Basis einer fundierten Recherche und mit Spa\u00df am Schreiben erstellen die Redakteur*innen informative und unterhaltsame Inhalte f\u00fcr Sie.","url":"https:\/\/www.euroakademie.de\/magazin\/author\/redaktion\/"}]}},"_links":{"self":[{"href":"https:\/\/www.euroakademie.de\/magazin\/wp-json\/wp\/v2\/posts\/3278","targetHints":{"allow":["GET"]}}],"collection":[{"href":"https:\/\/www.euroakademie.de\/magazin\/wp-json\/wp\/v2\/posts"}],"about":[{"href":"https:\/\/www.euroakademie.de\/magazin\/wp-json\/wp\/v2\/types\/post"}],"author":[{"embeddable":true,"href":"https:\/\/www.euroakademie.de\/magazin\/wp-json\/wp\/v2\/users\/7"}],"replies":[{"embeddable":true,"href":"https:\/\/www.euroakademie.de\/magazin\/wp-json\/wp\/v2\/comments?post=3278"}],"version-history":[{"count":0,"href":"https:\/\/www.euroakademie.de\/magazin\/wp-json\/wp\/v2\/posts\/3278\/revisions"}],"wp:featuredmedia":[{"embeddable":true,"href":"https:\/\/www.euroakademie.de\/magazin\/wp-json\/wp\/v2\/media\/7171"}],"wp:attachment":[{"href":"https:\/\/www.euroakademie.de\/magazin\/wp-json\/wp\/v2\/media?parent=3278"}],"wp:term":[{"taxonomy":"category","embeddable":true,"href":"https:\/\/www.euroakademie.de\/magazin\/wp-json\/wp\/v2\/categories?post=3278"},{"taxonomy":"post_tag","embeddable":true,"href":"https:\/\/www.euroakademie.de\/magazin\/wp-json\/wp\/v2\/tags?post=3278"}],"curies":[{"name":"wp","href":"https:\/\/api.w.org\/{rel}","templated":true}]}}