{"id":3306,"date":"2015-12-10T12:05:33","date_gmt":"2015-12-10T11:05:33","guid":{"rendered":"https:\/\/www.euroakademie.de\/magazin\/?p=3306"},"modified":"2024-12-09T13:31:57","modified_gmt":"2024-12-09T12:31:57","slug":"ausbildung-des-monats-heilerziehungspfleger","status":"publish","type":"post","link":"https:\/\/www.euroakademie.de\/magazin\/ausbildung-des-monats-heilerziehungspfleger\/","title":{"rendered":"Ausbildung des Monats: Heilerziehungspfleger"},"content":{"rendered":"<p>\t\t\t\t<![CDATA[<strong>Eine helfende Hand, ein liebevoller Umgang und lebensfrohe Energie \u2013 Heilerziehungspfleger ist ein Beruf mit Herz.<\/strong>\n\nSie m\u00f6chten einen erf\u00fcllenden Beruf, der Ihr soziales Engagement w\u00fcrdigt und in dem Sie wirklich etwas bewegen k\u00f6nnen? Im Dezember m\u00f6chten wir Ihnen den <a href=\"http:\/\/www.euroakademie.de\/de\/ausbildung\/fruehkindliche-bildung-betreuung\/heilerziehungspfleger.html\" target=\"_blank\" rel=\"noopener\">Heilerziehungspfleger <\/a>in unserer Rubrik Ausbildung des Monats vorstellen. Ein Beruf, der p\u00e4dagogisch, medizinisch und psychologisch fordert.\n\n\n<h2>Was zeichnet Sie als Heilerziehungspfleger aus?<\/h2>\n\n\nNicht jedem liegt das Arbeiten mit hilfebed\u00fcrftigen Menschen. Ganz gleich, ob es sich um eine altersbedingte, genetische oder durch einen Unfall verursachte Beeintr\u00e4chtigung handelt \u2013 Menschen mit Behinderungen bed\u00fcrfen stets einer f\u00fcrsorglichen Hand, eines liebevollen Umgangs und der Energie, zu motivieren und ihren Alltag interessant und f\u00f6rderlich zu gestalten. All dies \u00fcbernehmen Heilerziehungspfleger. Zu ihren Aufgaben geh\u00f6rt es, Menschen mit Behinderungen zu betreuen, zu bilden und zu pflegen. Dabei ist soziales Engagement gefragt. Denn das Ziel von Heilerziehungspflegern ist es, sensibel und geduldig zu motivieren, die Selbstst\u00e4ndigkeit und Lebensqualit\u00e4t ihrer Klienten zu steigern und ihre Potenziale auszusch\u00f6pfen und zu erweitern. Dar\u00fcber hinaus sind in diesem Beruf ein gesundes Ma\u00df an Verantwortung, eine gute Beobachtungsgabe und ein ausgepr\u00e4gtes Einf\u00fchlungsverm\u00f6gen f\u00f6rderlich. Insbesondere psychische Stabilit\u00e4t und eine starke k\u00f6rperliche Belastbarkeit sch\u00fctzen Heilerziehungspfleger in diesem sozial anspruchsvollen Beruf.\n\n\n<h2>Ausbildung und Berufsalltag als Heilerziehungspfleger<\/h2>\n\n\nDoch wie sieht die Arbeit von Heilerziehungspflegern im Detail aus? Was z\u00e4hlt zu ihren Aufgaben? Da Menschen mit Behinderungen in vielen Einrichtungen eine Rund-um-Betreuung ben\u00f6tigen, ist der Beruf h\u00e4ufig von Schichtarbeit gepr\u00e4gt. Jede davon beginnt mit einer \u00dcbergabe und einem Austausch \u00fcber die Klienten, deren Befinden und den jeweiligen Geschehnissen des Tages und der Nacht. Heilerziehungspfleger helfen in erster Linie ihren Klienten bei der Nahrungsaufnahme, K\u00f6rperpflege und Ankleide \u2013 denn diese f\u00fcr uns so einfachen Dinge fallen Menschen mit k\u00f6rperlicher, geistiger oder seelischer Beeintr\u00e4chtigung oft sehr schwer. Auch f\u00fcr die Medikamentenversorgung sind Heilerziehungspfleger verantwortlich, wobei sie sich mit deren Wirkungsweise und Nebenwirkungen sehr gut auskennen. Ganze Krankheits- und Behinderungsbilder inklusive deren Besonderheiten, die Pflegegrundlagen sowie einzelne Erziehungsmodelle sind ihnen bekannt und erm\u00f6glichen ihnen, heilerziehungspflegerische Prozesse und f\u00f6rderliche Freizeitaktivit\u00e4ten zu planen und durchzuf\u00fchren. Die anschlie\u00dfenden Dokumentationen der Krankheitsbilder und des Klientenstatus nehmen inzwischen einen sehr gro\u00dfen Raum im Alltag ein. All die p\u00e4dagogischen, medizinischen und psychologischen Themenkomplexe, die Heilerziehungspfleger in ihrer schulischen Ausbildung lernen, finden sich im Umgang mit geistig und k\u00f6rperlich behinderten Menschen wieder. Sie sind die St\u00fctze ihrer Klienten und bringen sie auf den Weg in ein Leben in einem H\u00f6chstma\u00df an Selbstst\u00e4ndigkeit, mit Toleranz und viel Freude.\n\nDie Euro Akademie bietet die Ausbildung an den Standorten <a href=\"https:\/\/www.euroakademie.de\/chemnitz\" target=\"_blank\" rel=\"noopener\">Chemnitz<\/a>, <a href=\"https:\/\/www.euroakademie.de\/hohenstein-ernstthal\" target=\"_blank\" rel=\"noopener\">Hohenstein-Ernstthal<\/a> und <a href=\"http:\/\/www.euroakademie.de\/meissen\" target=\"_blank\" rel=\"noopener\">Mei\u00dfen <\/a>an.\n\n\n<h2>T\u00e4tigkeitsfelder und Perspektiven: Wo arbeitet ein Heilerziehungspfleger?<\/h2>\n\n\nNach drei Jahren schulischer Berufsausbildung arbeiten Heilerziehungspfleger haupts\u00e4chlich in station\u00e4ren und teilstation\u00e4ren Institutionen, wie Heimen, Kliniken oder Tagesst\u00e4tten. Hier sammeln sie auch ihre ersten praktischen Erfahrungen in den Blockpraktika w\u00e4hrend der Ausbildung. Doch auch in F\u00f6rderschulen, Kinderg\u00e4rten oder Privathaushalten ist dieser Beruf gefragt.\n\nNach der Ausbildung gibt es dar\u00fcber hinaus die M\u00f6glichkeit, sich als Fachlehrer weiterzubilden oder aber im pflegerischen Bereich auf Managementebene zu studieren.\n\nWelche Wege Sie auch immer als Heilerziehungspfleger gehen, mit diesem Beruf haben Sie die M\u00f6glichkeit wirklich etwas zu bewegen. Menschenleben voller Hoffnung und Freude zu gestalten und denjenigen zu helfen, die auf die Hilfe angewiesen sind.\n\n\n<h3>Das k\u00f6nnte Sie auch interessieren:<\/h3>\n\n\n\n\n<ul>\n \t\n\n<li><a href=\"https:\/\/www.euroakademie.de\/magazin\/mehr-anerkennung-fuer-den-beruf-heilerziehungspfleger\/\" target=\"_blank\" rel=\"noopener\">Mehr Anerkennung f\u00fcr den Beruf Heilerziehungspfleger<\/a><\/li>\n\n\n \t\n\n<li><a href=\"https:\/\/www.euroakademie.de\/magazin\/adhs-wie-erzieher-kindern-helfen-koennen\/\" target=\"_blank\" rel=\"noopener\">ADHS: Wie Erzieher das dritte Standbein f\u00fcr verhaltensauff\u00e4llige Kinder sein k\u00f6nnen<\/a><\/li>\n\n\n \t\n\n<li>Link- und Lesetipp: Die Kita als einen sicheren Ort entdecken<\/li>\n\n\n<\/ul>\n\n]]>\t\t<\/p>\n","protected":false},"excerpt":{"rendered":"<p>\t\t\t\t<![CDATA[]]>\t\t<\/p>\n","protected":false},"author":7,"featured_media":7163,"comment_status":"closed","ping_status":"closed","sticky":false,"template":"","format":"standard","meta":{"footnotes":""},"categories":[67,19],"tags":[3076,3586,3889,3892,5533,6217,6364],"class_list":{"0":"post-3306","1":"post","2":"type-post","3":"status-publish","4":"format-standard","5":"has-post-thumbnail","7":"category-ausbildung-des-monats","8":"category-paedagogik-soziales","9":"tag-foerderschule","10":"tag-gesundheit","11":"tag-heilerziehung","12":"tag-heilerziehungspflege","13":"tag-medizin","14":"tag-paedagogik","15":"tag-pflege"},"yoast_head":"<!-- This site is optimized with the Yoast SEO plugin v23.5 - https:\/\/yoast.com\/wordpress\/plugins\/seo\/ -->\n<title>Ausbildung des Monats: Heilerziehungspfleger - Das Euro Akademie Magazin<\/title>\n<meta name=\"description\" content=\"Eine helfende Hand, ein liebevoller Umgang und lebensfrohe Energie. In unserer Ausbildung des Monats stellen wir Ihnen den Heilerziehungspfleger vor.\" \/>\n<meta name=\"robots\" content=\"index, follow, max-snippet:-1, max-image-preview:large, max-video-preview:-1\" \/>\n<link rel=\"canonical\" href=\"https:\/\/www.euroakademie.de\/magazin\/ausbildung-des-monats-heilerziehungspfleger\/\" \/>\n<meta property=\"og:locale\" content=\"de_DE\" \/>\n<meta property=\"og:type\" content=\"article\" \/>\n<meta property=\"og:title\" content=\"Ausbildung des Monats: Heilerziehungspfleger - Das Euro Akademie Magazin\" \/>\n<meta property=\"og:description\" content=\"Eine helfende Hand, ein liebevoller Umgang und lebensfrohe Energie. In unserer Ausbildung des Monats stellen wir Ihnen den Heilerziehungspfleger vor.\" \/>\n<meta property=\"og:url\" content=\"https:\/\/www.euroakademie.de\/magazin\/ausbildung-des-monats-heilerziehungspfleger\/\" \/>\n<meta property=\"og:site_name\" content=\"Das Euro Akademie Magazin\" \/>\n<meta property=\"article:published_time\" content=\"2015-12-10T11:05:33+00:00\" \/>\n<meta property=\"article:modified_time\" content=\"2024-12-09T12:31:57+00:00\" \/>\n<meta property=\"og:image\" content=\"https:\/\/www.euroakademie.de\/magazin\/wp-content\/uploads\/2015\/12\/shutterstock_202500247_702x336_web.jpg\" \/>\n\t<meta property=\"og:image:width\" content=\"702\" \/>\n\t<meta property=\"og:image:height\" content=\"337\" \/>\n\t<meta property=\"og:image:type\" content=\"image\/jpeg\" \/>\n<meta name=\"author\" content=\"Redaktion\" \/>\n<meta name=\"twitter:card\" content=\"summary_large_image\" \/>\n<meta name=\"twitter:label1\" content=\"Verfasst von\" \/>\n\t<meta name=\"twitter:data1\" content=\"Redaktion\" \/>\n\t<meta name=\"twitter:label2\" content=\"Gesch\u00e4tzte Lesezeit\" \/>\n\t<meta name=\"twitter:data2\" content=\"3\u00a0Minuten\" \/>\n<script type=\"application\/ld+json\" class=\"yoast-schema-graph\">{\"@context\":\"https:\/\/schema.org\",\"@graph\":[{\"@type\":\"Article\",\"@id\":\"https:\/\/www.euroakademie.de\/magazin\/ausbildung-des-monats-heilerziehungspfleger\/#article\",\"isPartOf\":{\"@id\":\"https:\/\/www.euroakademie.de\/magazin\/ausbildung-des-monats-heilerziehungspfleger\/\"},\"author\":{\"name\":\"Redaktion\",\"@id\":\"https:\/\/www.euroakademie.de\/magazin\/#\/schema\/person\/6c9b7b6db765ee31640d80c936be3686\"},\"headline\":\"Ausbildung des Monats: Heilerziehungspfleger\",\"datePublished\":\"2015-12-10T11:05:33+00:00\",\"dateModified\":\"2024-12-09T12:31:57+00:00\",\"mainEntityOfPage\":{\"@id\":\"https:\/\/www.euroakademie.de\/magazin\/ausbildung-des-monats-heilerziehungspfleger\/\"},\"wordCount\":615,\"publisher\":{\"@id\":\"https:\/\/www.euroakademie.de\/magazin\/#organization\"},\"image\":{\"@id\":\"https:\/\/www.euroakademie.de\/magazin\/ausbildung-des-monats-heilerziehungspfleger\/#primaryimage\"},\"thumbnailUrl\":\"https:\/\/www.euroakademie.de\/magazin\/wp-content\/uploads\/2015\/12\/shutterstock_202500247_702x336_web.jpg\",\"keywords\":[\"F\u00f6rderschule\",\"Gesundheit\",\"Heilerziehung\",\"Heilerziehungspflege\",\"Medizin\",\"P\u00e4dagogik\",\"Pflege\"],\"articleSection\":[\"Ausbildungen im Portrait\",\"P\u00e4dagogik &amp; Soziales\"],\"inLanguage\":\"de\"},{\"@type\":\"WebPage\",\"@id\":\"https:\/\/www.euroakademie.de\/magazin\/ausbildung-des-monats-heilerziehungspfleger\/\",\"url\":\"https:\/\/www.euroakademie.de\/magazin\/ausbildung-des-monats-heilerziehungspfleger\/\",\"name\":\"Ausbildung des Monats: Heilerziehungspfleger - Das Euro Akademie Magazin\",\"isPartOf\":{\"@id\":\"https:\/\/www.euroakademie.de\/magazin\/#website\"},\"primaryImageOfPage\":{\"@id\":\"https:\/\/www.euroakademie.de\/magazin\/ausbildung-des-monats-heilerziehungspfleger\/#primaryimage\"},\"image\":{\"@id\":\"https:\/\/www.euroakademie.de\/magazin\/ausbildung-des-monats-heilerziehungspfleger\/#primaryimage\"},\"thumbnailUrl\":\"https:\/\/www.euroakademie.de\/magazin\/wp-content\/uploads\/2015\/12\/shutterstock_202500247_702x336_web.jpg\",\"datePublished\":\"2015-12-10T11:05:33+00:00\",\"dateModified\":\"2024-12-09T12:31:57+00:00\",\"description\":\"Eine helfende Hand, ein liebevoller Umgang und lebensfrohe Energie. In unserer Ausbildung des Monats stellen wir Ihnen den Heilerziehungspfleger vor.\",\"breadcrumb\":{\"@id\":\"https:\/\/www.euroakademie.de\/magazin\/ausbildung-des-monats-heilerziehungspfleger\/#breadcrumb\"},\"inLanguage\":\"de\",\"potentialAction\":[{\"@type\":\"ReadAction\",\"target\":[\"https:\/\/www.euroakademie.de\/magazin\/ausbildung-des-monats-heilerziehungspfleger\/\"]}]},{\"@type\":\"ImageObject\",\"inLanguage\":\"de\",\"@id\":\"https:\/\/www.euroakademie.de\/magazin\/ausbildung-des-monats-heilerziehungspfleger\/#primaryimage\",\"url\":\"https:\/\/www.euroakademie.de\/magazin\/wp-content\/uploads\/2015\/12\/shutterstock_202500247_702x336_web.jpg\",\"contentUrl\":\"https:\/\/www.euroakademie.de\/magazin\/wp-content\/uploads\/2015\/12\/shutterstock_202500247_702x336_web.jpg\",\"width\":702,\"height\":337,\"caption\":\"\"},{\"@type\":\"BreadcrumbList\",\"@id\":\"https:\/\/www.euroakademie.de\/magazin\/ausbildung-des-monats-heilerziehungspfleger\/#breadcrumb\",\"itemListElement\":[{\"@type\":\"ListItem\",\"position\":1,\"name\":\"Startseite\",\"item\":\"https:\/\/www.euroakademie.de\/magazin\/\"},{\"@type\":\"ListItem\",\"position\":2,\"name\":\"Ausbildung des Monats: Heilerziehungspfleger\"}]},{\"@type\":\"WebSite\",\"@id\":\"https:\/\/www.euroakademie.de\/magazin\/#website\",\"url\":\"https:\/\/www.euroakademie.de\/magazin\/\",\"name\":\"Das Euro Akademie Magazin\",\"description\":\"Gut informiert durch Ausbildung und Studium\",\"publisher\":{\"@id\":\"https:\/\/www.euroakademie.de\/magazin\/#organization\"},\"potentialAction\":[{\"@type\":\"SearchAction\",\"target\":{\"@type\":\"EntryPoint\",\"urlTemplate\":\"https:\/\/www.euroakademie.de\/magazin\/?s={search_term_string}\"},\"query-input\":{\"@type\":\"PropertyValueSpecification\",\"valueRequired\":true,\"valueName\":\"search_term_string\"}}],\"inLanguage\":\"de\"},{\"@type\":\"Organization\",\"@id\":\"https:\/\/www.euroakademie.de\/magazin\/#organization\",\"name\":\"ESO Education Group\",\"url\":\"https:\/\/www.euroakademie.de\/magazin\/\",\"logo\":{\"@type\":\"ImageObject\",\"inLanguage\":\"de\",\"@id\":\"https:\/\/www.euroakademie.de\/magazin\/#\/schema\/logo\/image\/\",\"url\":\"https:\/\/relaunch.euroakademie.de\/magazin\/wp-content\/uploads\/2024\/11\/Logo_EA_negativ_Rahmen_5cm_300dpi_RGB.jpg\",\"contentUrl\":\"https:\/\/relaunch.euroakademie.de\/magazin\/wp-content\/uploads\/2024\/11\/Logo_EA_negativ_Rahmen_5cm_300dpi_RGB.jpg\",\"width\":591,\"height\":236,\"caption\":\"ESO Education Group\"},\"image\":{\"@id\":\"https:\/\/www.euroakademie.de\/magazin\/#\/schema\/logo\/image\/\"}},{\"@type\":\"Person\",\"@id\":\"https:\/\/www.euroakademie.de\/magazin\/#\/schema\/person\/6c9b7b6db765ee31640d80c936be3686\",\"name\":\"Redaktion\",\"description\":\"Die Redaktion des Euro Akademie Magazins h\u00e4lt Sie regelm\u00e4\u00dfig mit hintergr\u00fcndigen Artikeln auf dem Laufenden. Auf Basis einer fundierten Recherche und mit Spa\u00df am Schreiben erstellen die Redakteur*innen informative und unterhaltsame Inhalte f\u00fcr Sie.\",\"url\":\"https:\/\/www.euroakademie.de\/magazin\/author\/redaktion\/\"}]}<\/script>\n<!-- \/ Yoast SEO plugin. -->","yoast_head_json":{"title":"Ausbildung des Monats: Heilerziehungspfleger - Das Euro Akademie Magazin","description":"Eine helfende Hand, ein liebevoller Umgang und lebensfrohe Energie. In unserer Ausbildung des Monats stellen wir Ihnen den Heilerziehungspfleger vor.","robots":{"index":"index","follow":"follow","max-snippet":"max-snippet:-1","max-image-preview":"max-image-preview:large","max-video-preview":"max-video-preview:-1"},"canonical":"https:\/\/www.euroakademie.de\/magazin\/ausbildung-des-monats-heilerziehungspfleger\/","og_locale":"de_DE","og_type":"article","og_title":"Ausbildung des Monats: Heilerziehungspfleger - Das Euro Akademie Magazin","og_description":"Eine helfende Hand, ein liebevoller Umgang und lebensfrohe Energie. In unserer Ausbildung des Monats stellen wir Ihnen den Heilerziehungspfleger vor.","og_url":"https:\/\/www.euroakademie.de\/magazin\/ausbildung-des-monats-heilerziehungspfleger\/","og_site_name":"Das Euro Akademie Magazin","article_published_time":"2015-12-10T11:05:33+00:00","article_modified_time":"2024-12-09T12:31:57+00:00","og_image":[{"width":702,"height":337,"url":"https:\/\/www.euroakademie.de\/magazin\/wp-content\/uploads\/2015\/12\/shutterstock_202500247_702x336_web.jpg","type":"image\/jpeg"}],"author":"Redaktion","twitter_card":"summary_large_image","twitter_misc":{"Verfasst von":"Redaktion","Gesch\u00e4tzte Lesezeit":"3\u00a0Minuten"},"schema":{"@context":"https:\/\/schema.org","@graph":[{"@type":"Article","@id":"https:\/\/www.euroakademie.de\/magazin\/ausbildung-des-monats-heilerziehungspfleger\/#article","isPartOf":{"@id":"https:\/\/www.euroakademie.de\/magazin\/ausbildung-des-monats-heilerziehungspfleger\/"},"author":{"name":"Redaktion","@id":"https:\/\/www.euroakademie.de\/magazin\/#\/schema\/person\/6c9b7b6db765ee31640d80c936be3686"},"headline":"Ausbildung des Monats: Heilerziehungspfleger","datePublished":"2015-12-10T11:05:33+00:00","dateModified":"2024-12-09T12:31:57+00:00","mainEntityOfPage":{"@id":"https:\/\/www.euroakademie.de\/magazin\/ausbildung-des-monats-heilerziehungspfleger\/"},"wordCount":615,"publisher":{"@id":"https:\/\/www.euroakademie.de\/magazin\/#organization"},"image":{"@id":"https:\/\/www.euroakademie.de\/magazin\/ausbildung-des-monats-heilerziehungspfleger\/#primaryimage"},"thumbnailUrl":"https:\/\/www.euroakademie.de\/magazin\/wp-content\/uploads\/2015\/12\/shutterstock_202500247_702x336_web.jpg","keywords":["F\u00f6rderschule","Gesundheit","Heilerziehung","Heilerziehungspflege","Medizin","P\u00e4dagogik","Pflege"],"articleSection":["Ausbildungen im Portrait","P\u00e4dagogik &amp; Soziales"],"inLanguage":"de"},{"@type":"WebPage","@id":"https:\/\/www.euroakademie.de\/magazin\/ausbildung-des-monats-heilerziehungspfleger\/","url":"https:\/\/www.euroakademie.de\/magazin\/ausbildung-des-monats-heilerziehungspfleger\/","name":"Ausbildung des Monats: Heilerziehungspfleger - Das Euro Akademie Magazin","isPartOf":{"@id":"https:\/\/www.euroakademie.de\/magazin\/#website"},"primaryImageOfPage":{"@id":"https:\/\/www.euroakademie.de\/magazin\/ausbildung-des-monats-heilerziehungspfleger\/#primaryimage"},"image":{"@id":"https:\/\/www.euroakademie.de\/magazin\/ausbildung-des-monats-heilerziehungspfleger\/#primaryimage"},"thumbnailUrl":"https:\/\/www.euroakademie.de\/magazin\/wp-content\/uploads\/2015\/12\/shutterstock_202500247_702x336_web.jpg","datePublished":"2015-12-10T11:05:33+00:00","dateModified":"2024-12-09T12:31:57+00:00","description":"Eine helfende Hand, ein liebevoller Umgang und lebensfrohe Energie. In unserer Ausbildung des Monats stellen wir Ihnen den Heilerziehungspfleger vor.","breadcrumb":{"@id":"https:\/\/www.euroakademie.de\/magazin\/ausbildung-des-monats-heilerziehungspfleger\/#breadcrumb"},"inLanguage":"de","potentialAction":[{"@type":"ReadAction","target":["https:\/\/www.euroakademie.de\/magazin\/ausbildung-des-monats-heilerziehungspfleger\/"]}]},{"@type":"ImageObject","inLanguage":"de","@id":"https:\/\/www.euroakademie.de\/magazin\/ausbildung-des-monats-heilerziehungspfleger\/#primaryimage","url":"https:\/\/www.euroakademie.de\/magazin\/wp-content\/uploads\/2015\/12\/shutterstock_202500247_702x336_web.jpg","contentUrl":"https:\/\/www.euroakademie.de\/magazin\/wp-content\/uploads\/2015\/12\/shutterstock_202500247_702x336_web.jpg","width":702,"height":337,"caption":""},{"@type":"BreadcrumbList","@id":"https:\/\/www.euroakademie.de\/magazin\/ausbildung-des-monats-heilerziehungspfleger\/#breadcrumb","itemListElement":[{"@type":"ListItem","position":1,"name":"Startseite","item":"https:\/\/www.euroakademie.de\/magazin\/"},{"@type":"ListItem","position":2,"name":"Ausbildung des Monats: Heilerziehungspfleger"}]},{"@type":"WebSite","@id":"https:\/\/www.euroakademie.de\/magazin\/#website","url":"https:\/\/www.euroakademie.de\/magazin\/","name":"Das Euro Akademie Magazin","description":"Gut informiert durch Ausbildung und Studium","publisher":{"@id":"https:\/\/www.euroakademie.de\/magazin\/#organization"},"potentialAction":[{"@type":"SearchAction","target":{"@type":"EntryPoint","urlTemplate":"https:\/\/www.euroakademie.de\/magazin\/?s={search_term_string}"},"query-input":{"@type":"PropertyValueSpecification","valueRequired":true,"valueName":"search_term_string"}}],"inLanguage":"de"},{"@type":"Organization","@id":"https:\/\/www.euroakademie.de\/magazin\/#organization","name":"ESO Education Group","url":"https:\/\/www.euroakademie.de\/magazin\/","logo":{"@type":"ImageObject","inLanguage":"de","@id":"https:\/\/www.euroakademie.de\/magazin\/#\/schema\/logo\/image\/","url":"https:\/\/relaunch.euroakademie.de\/magazin\/wp-content\/uploads\/2024\/11\/Logo_EA_negativ_Rahmen_5cm_300dpi_RGB.jpg","contentUrl":"https:\/\/relaunch.euroakademie.de\/magazin\/wp-content\/uploads\/2024\/11\/Logo_EA_negativ_Rahmen_5cm_300dpi_RGB.jpg","width":591,"height":236,"caption":"ESO Education Group"},"image":{"@id":"https:\/\/www.euroakademie.de\/magazin\/#\/schema\/logo\/image\/"}},{"@type":"Person","@id":"https:\/\/www.euroakademie.de\/magazin\/#\/schema\/person\/6c9b7b6db765ee31640d80c936be3686","name":"Redaktion","description":"Die Redaktion des Euro Akademie Magazins h\u00e4lt Sie regelm\u00e4\u00dfig mit hintergr\u00fcndigen Artikeln auf dem Laufenden. Auf Basis einer fundierten Recherche und mit Spa\u00df am Schreiben erstellen die Redakteur*innen informative und unterhaltsame Inhalte f\u00fcr Sie.","url":"https:\/\/www.euroakademie.de\/magazin\/author\/redaktion\/"}]}},"_links":{"self":[{"href":"https:\/\/www.euroakademie.de\/magazin\/wp-json\/wp\/v2\/posts\/3306","targetHints":{"allow":["GET"]}}],"collection":[{"href":"https:\/\/www.euroakademie.de\/magazin\/wp-json\/wp\/v2\/posts"}],"about":[{"href":"https:\/\/www.euroakademie.de\/magazin\/wp-json\/wp\/v2\/types\/post"}],"author":[{"embeddable":true,"href":"https:\/\/www.euroakademie.de\/magazin\/wp-json\/wp\/v2\/users\/7"}],"replies":[{"embeddable":true,"href":"https:\/\/www.euroakademie.de\/magazin\/wp-json\/wp\/v2\/comments?post=3306"}],"version-history":[{"count":5,"href":"https:\/\/www.euroakademie.de\/magazin\/wp-json\/wp\/v2\/posts\/3306\/revisions"}],"predecessor-version":[{"id":26637,"href":"https:\/\/www.euroakademie.de\/magazin\/wp-json\/wp\/v2\/posts\/3306\/revisions\/26637"}],"wp:featuredmedia":[{"embeddable":true,"href":"https:\/\/www.euroakademie.de\/magazin\/wp-json\/wp\/v2\/media\/7163"}],"wp:attachment":[{"href":"https:\/\/www.euroakademie.de\/magazin\/wp-json\/wp\/v2\/media?parent=3306"}],"wp:term":[{"taxonomy":"category","embeddable":true,"href":"https:\/\/www.euroakademie.de\/magazin\/wp-json\/wp\/v2\/categories?post=3306"},{"taxonomy":"post_tag","embeddable":true,"href":"https:\/\/www.euroakademie.de\/magazin\/wp-json\/wp\/v2\/tags?post=3306"}],"curies":[{"name":"wp","href":"https:\/\/api.w.org\/{rel}","templated":true}]}}