{"id":3374,"date":"2016-01-14T14:40:37","date_gmt":"2016-01-14T13:40:37","guid":{"rendered":"https:\/\/www.euroakademie.de\/magazin\/?p=3374"},"modified":"2016-01-14T14:40:37","modified_gmt":"2016-01-14T13:40:37","slug":"gute-noten-schlechte-noten-gedanken-zur-notengebung","status":"publish","type":"post","link":"https:\/\/www.euroakademie.de\/magazin\/gute-noten-schlechte-noten-gedanken-zur-notengebung\/","title":{"rendered":"Gute Noten \u2013 schlechte Noten: Gedanken zur Notengebung"},"content":{"rendered":"<p>\t\t\t\t<![CDATA[<strong>Wir n\u00e4hern uns der Phase der gro\u00dfen Notengebung. Die Zeugnisse sind im Anmarsch. W\u00e4hrend zu Beginn des Semesters h\u00e4ufig der Neuanfang steht, steigt die Spannung gegen Ende des Semesters und jetzt geht es um die Frage: Was krieg ich zur\u00fcck f\u00fcr das, was ich in diesem Semester geleistet habe?<\/strong>\n\nEs kommt mir manchmal vor wie Lohnt\u00fcten, die am Ende des Halbjahres verteilt werden. Lohn f\u00fcr die getane Arbeit. Noten sollen eigentlich den Leistungsstand reflektieren und werden doch h\u00e4ufig als \u201eBelohnung\u201c angesehen. Und wehe dem, sie fallen nicht gut aus &#8230;\n\nWas sind eigentlich Noten? Was sollen sie bewirken? Und wie werden sie von den Sch\u00fclern wahrgenommen?\n\nFangen wir mit der ersten Frage an: Noten sollen die Leistungen der Sch\u00fcler beurteilen und einsch\u00e4tzen. Sie k\u00f6nnen ihnen zeigen, wo sie im Vergleich stehen und geben auch Au\u00dfenstehenden wie Eltern und potentiellen Arbeitgebern einen Hinweis auf die Leistungsf\u00e4higkeit des jeweiligen Sch\u00fclers. Gute Noten machen stolz.\n\nUnd was sollen sie bewirken? Sie sollen dem Sch\u00fcler den Weg weisen. Muss ich noch mehr lernen? Oder bin ich ganz gut und kann mich erst mal zur\u00fccklehnen und darauf vertrauen, dass ich auch ohne viel Stress im kommenden Jahr gut mitarbeiten kann? Noten sch\u00e4tzen die Sch\u00fcler ein und sie k\u00f6nnen vor allem eines: motivieren \u2026 oder auch demotivieren.\n\nBleibt die letzte Frage offen: Wie wird die Notengebung von den Sch\u00fclern selbst wahrgenommen? Ich finde, das ist eine Frage, die ich weitergeben sollte.\nSchreiben Sie doch selbst einmal: Wie nehmen Sie Noten wahr und welche Bedeutung haben diese f\u00fcr Sie?\n\nDas k\u00f6nnte Sie auch interessieren:\n<a href=\"https:\/\/www.euroakademie.de\/magazin\/wo-gehts-lang-zur-motivation\/\" target=\"_blank\" rel=\"noopener\">Wo geht\u2019s lang zur Motivation?<\/a>\n<a href=\"https:\/\/www.euroakademie.de\/magazin\/lerntagebuch-schreiben\/\" target=\"_blank\" rel=\"noopener\">Lerntagebuch schreiben<\/a>\n<a href=\"https:\/\/www.euroakademie.de\/magazin\/lernen-in-den-ferien\/\" target=\"_blank\" rel=\"noopener\">Lernen in den Ferien?<\/a>]]>\t\t<\/p>\n","protected":false},"excerpt":{"rendered":"<p>\t\t\t\t<![CDATA[]]>\t\t<\/p>\n","protected":false},"author":19,"featured_media":7133,"comment_status":"closed","ping_status":"closed","sticky":false,"template":"","format":"standard","meta":{"footnotes":""},"categories":[175,73,7,118],"tags":[5149,6091,9421],"class_list":{"0":"post-3374","1":"post","2":"type-post","3":"status-publish","4":"format-standard","5":"has-post-thumbnail","7":"category-maenner-und-frauen-in-kitas","8":"category-berlin","9":"category-euro-akademie","10":"category-im-fokus","11":"tag-leistungen","12":"tag-noten","13":"tag-zeugnisse"},"yoast_head":"<!-- This site is optimized with the Yoast SEO plugin v23.5 - https:\/\/yoast.com\/wordpress\/plugins\/seo\/ -->\n<title>Gute Noten - schlechte Noten: Gedanken zur Notengebung<\/title>\n<meta name=\"description\" content=\"In diesem Magazinbeitrag widmet sich die Berliner Lehrerin Barbara Tauber dem spannendem Thema Notengebung. Nicht nur f\u00fcr Sch\u00fcler interessant.\" \/>\n<meta name=\"robots\" content=\"index, follow, max-snippet:-1, max-image-preview:large, max-video-preview:-1\" \/>\n<link rel=\"canonical\" href=\"https:\/\/www.euroakademie.de\/magazin\/gute-noten-schlechte-noten-gedanken-zur-notengebung\/\" \/>\n<meta property=\"og:locale\" content=\"de_DE\" \/>\n<meta property=\"og:type\" content=\"article\" \/>\n<meta property=\"og:title\" content=\"Gute Noten - schlechte Noten: Gedanken zur Notengebung\" \/>\n<meta property=\"og:description\" content=\"In diesem Magazinbeitrag widmet sich die Berliner Lehrerin Barbara Tauber dem spannendem Thema Notengebung. Nicht nur f\u00fcr Sch\u00fcler interessant.\" \/>\n<meta property=\"og:url\" content=\"https:\/\/www.euroakademie.de\/magazin\/gute-noten-schlechte-noten-gedanken-zur-notengebung\/\" \/>\n<meta property=\"og:site_name\" content=\"Das Euro Akademie Magazin\" \/>\n<meta property=\"article:published_time\" content=\"2016-01-14T13:40:37+00:00\" \/>\n<meta property=\"og:image\" content=\"https:\/\/www.euroakademie.de\/magazin\/wp-content\/uploads\/2016\/01\/shutterstock_214290028_702x336_web.jpg\" \/>\n\t<meta property=\"og:image:width\" content=\"702\" \/>\n\t<meta property=\"og:image:height\" content=\"336\" \/>\n\t<meta property=\"og:image:type\" content=\"image\/jpeg\" \/>\n<meta name=\"author\" content=\"Barbara Tauber\" \/>\n<meta name=\"twitter:card\" content=\"summary_large_image\" \/>\n<meta name=\"twitter:label1\" content=\"Verfasst von\" \/>\n\t<meta name=\"twitter:data1\" content=\"Barbara Tauber\" \/>\n\t<meta name=\"twitter:label2\" content=\"Gesch\u00e4tzte Lesezeit\" \/>\n\t<meta name=\"twitter:data2\" content=\"1\u00a0Minute\" \/>\n<script type=\"application\/ld+json\" class=\"yoast-schema-graph\">{\"@context\":\"https:\/\/schema.org\",\"@graph\":[{\"@type\":\"Article\",\"@id\":\"https:\/\/www.euroakademie.de\/magazin\/gute-noten-schlechte-noten-gedanken-zur-notengebung\/#article\",\"isPartOf\":{\"@id\":\"https:\/\/www.euroakademie.de\/magazin\/gute-noten-schlechte-noten-gedanken-zur-notengebung\/\"},\"author\":{\"name\":\"Barbara Tauber\",\"@id\":\"https:\/\/www.euroakademie.de\/magazin\/#\/schema\/person\/d358a99c9c21358caa2204cfc0644796\"},\"headline\":\"Gute Noten \u2013 schlechte Noten: Gedanken zur Notengebung\",\"datePublished\":\"2016-01-14T13:40:37+00:00\",\"dateModified\":\"2016-01-14T13:40:37+00:00\",\"mainEntityOfPage\":{\"@id\":\"https:\/\/www.euroakademie.de\/magazin\/gute-noten-schlechte-noten-gedanken-zur-notengebung\/\"},\"wordCount\":298,\"publisher\":{\"@id\":\"https:\/\/www.euroakademie.de\/magazin\/#organization\"},\"image\":{\"@id\":\"https:\/\/www.euroakademie.de\/magazin\/gute-noten-schlechte-noten-gedanken-zur-notengebung\/#primaryimage\"},\"thumbnailUrl\":\"https:\/\/www.euroakademie.de\/magazin\/wp-content\/uploads\/2016\/01\/shutterstock_214290028_702x336_web.jpg\",\"keywords\":[\"Leistungen\",\"Noten\",\"Zeugnisse\"],\"articleSection\":[\"\\\"M\u00e4nner und Frauen in Kitas\u201c\",\"Berlin\",\"Euro Akademie\",\"Im Fokus\"],\"inLanguage\":\"de\"},{\"@type\":\"WebPage\",\"@id\":\"https:\/\/www.euroakademie.de\/magazin\/gute-noten-schlechte-noten-gedanken-zur-notengebung\/\",\"url\":\"https:\/\/www.euroakademie.de\/magazin\/gute-noten-schlechte-noten-gedanken-zur-notengebung\/\",\"name\":\"Gute Noten - schlechte Noten: Gedanken zur Notengebung\",\"isPartOf\":{\"@id\":\"https:\/\/www.euroakademie.de\/magazin\/#website\"},\"primaryImageOfPage\":{\"@id\":\"https:\/\/www.euroakademie.de\/magazin\/gute-noten-schlechte-noten-gedanken-zur-notengebung\/#primaryimage\"},\"image\":{\"@id\":\"https:\/\/www.euroakademie.de\/magazin\/gute-noten-schlechte-noten-gedanken-zur-notengebung\/#primaryimage\"},\"thumbnailUrl\":\"https:\/\/www.euroakademie.de\/magazin\/wp-content\/uploads\/2016\/01\/shutterstock_214290028_702x336_web.jpg\",\"datePublished\":\"2016-01-14T13:40:37+00:00\",\"dateModified\":\"2016-01-14T13:40:37+00:00\",\"description\":\"In diesem Magazinbeitrag widmet sich die Berliner Lehrerin Barbara Tauber dem spannendem Thema Notengebung. Nicht nur f\u00fcr Sch\u00fcler interessant.\",\"breadcrumb\":{\"@id\":\"https:\/\/www.euroakademie.de\/magazin\/gute-noten-schlechte-noten-gedanken-zur-notengebung\/#breadcrumb\"},\"inLanguage\":\"de\",\"potentialAction\":[{\"@type\":\"ReadAction\",\"target\":[\"https:\/\/www.euroakademie.de\/magazin\/gute-noten-schlechte-noten-gedanken-zur-notengebung\/\"]}]},{\"@type\":\"ImageObject\",\"inLanguage\":\"de\",\"@id\":\"https:\/\/www.euroakademie.de\/magazin\/gute-noten-schlechte-noten-gedanken-zur-notengebung\/#primaryimage\",\"url\":\"https:\/\/www.euroakademie.de\/magazin\/wp-content\/uploads\/2016\/01\/shutterstock_214290028_702x336_web.jpg\",\"contentUrl\":\"https:\/\/www.euroakademie.de\/magazin\/wp-content\/uploads\/2016\/01\/shutterstock_214290028_702x336_web.jpg\",\"width\":702,\"height\":336,\"caption\":\"\"},{\"@type\":\"BreadcrumbList\",\"@id\":\"https:\/\/www.euroakademie.de\/magazin\/gute-noten-schlechte-noten-gedanken-zur-notengebung\/#breadcrumb\",\"itemListElement\":[{\"@type\":\"ListItem\",\"position\":1,\"name\":\"Startseite\",\"item\":\"https:\/\/www.euroakademie.de\/magazin\/\"},{\"@type\":\"ListItem\",\"position\":2,\"name\":\"Gute Noten \u2013 schlechte Noten: Gedanken zur Notengebung\"}]},{\"@type\":\"WebSite\",\"@id\":\"https:\/\/www.euroakademie.de\/magazin\/#website\",\"url\":\"https:\/\/www.euroakademie.de\/magazin\/\",\"name\":\"Das Euro Akademie Magazin\",\"description\":\"Gut informiert durch Ausbildung und Studium\",\"publisher\":{\"@id\":\"https:\/\/www.euroakademie.de\/magazin\/#organization\"},\"potentialAction\":[{\"@type\":\"SearchAction\",\"target\":{\"@type\":\"EntryPoint\",\"urlTemplate\":\"https:\/\/www.euroakademie.de\/magazin\/?s={search_term_string}\"},\"query-input\":{\"@type\":\"PropertyValueSpecification\",\"valueRequired\":true,\"valueName\":\"search_term_string\"}}],\"inLanguage\":\"de\"},{\"@type\":\"Organization\",\"@id\":\"https:\/\/www.euroakademie.de\/magazin\/#organization\",\"name\":\"ESO Education Group\",\"url\":\"https:\/\/www.euroakademie.de\/magazin\/\",\"logo\":{\"@type\":\"ImageObject\",\"inLanguage\":\"de\",\"@id\":\"https:\/\/www.euroakademie.de\/magazin\/#\/schema\/logo\/image\/\",\"url\":\"https:\/\/relaunch.euroakademie.de\/magazin\/wp-content\/uploads\/2024\/11\/Logo_EA_negativ_Rahmen_5cm_300dpi_RGB.jpg\",\"contentUrl\":\"https:\/\/relaunch.euroakademie.de\/magazin\/wp-content\/uploads\/2024\/11\/Logo_EA_negativ_Rahmen_5cm_300dpi_RGB.jpg\",\"width\":591,\"height\":236,\"caption\":\"ESO Education Group\"},\"image\":{\"@id\":\"https:\/\/www.euroakademie.de\/magazin\/#\/schema\/logo\/image\/\"}},{\"@type\":\"Person\",\"@id\":\"https:\/\/www.euroakademie.de\/magazin\/#\/schema\/person\/d358a99c9c21358caa2204cfc0644796\",\"name\":\"Barbara Tauber\",\"description\":\"Barbara Tauber, ehemalige Dozentin an der Euro Akademie Berlin, betreute bis August 2017 das Projekt \\\"Quereinstieg \u2013 M\u00e4nner und Frauen in Kitas\\\" federf\u00fchrend. Sie engagiert sich f\u00fcr eine neue Lernkultur: Sch\u00fcler*innen gestalten aktiv und eigenverantwortlich ihren Lernprozess, Dozent*innen werden zu Coaches, die diesen Lernprozess unterst\u00fctzen und begleiten. In diesem Blog schildert sie Erfahrungen aus ihrem p\u00e4dagogischen Alltag.\",\"url\":\"https:\/\/www.euroakademie.de\/magazin\/author\/barbaratauber\/\"}]}<\/script>\n<!-- \/ Yoast SEO plugin. -->","yoast_head_json":{"title":"Gute Noten - schlechte Noten: Gedanken zur Notengebung","description":"In diesem Magazinbeitrag widmet sich die Berliner Lehrerin Barbara Tauber dem spannendem Thema Notengebung. Nicht nur f\u00fcr Sch\u00fcler interessant.","robots":{"index":"index","follow":"follow","max-snippet":"max-snippet:-1","max-image-preview":"max-image-preview:large","max-video-preview":"max-video-preview:-1"},"canonical":"https:\/\/www.euroakademie.de\/magazin\/gute-noten-schlechte-noten-gedanken-zur-notengebung\/","og_locale":"de_DE","og_type":"article","og_title":"Gute Noten - schlechte Noten: Gedanken zur Notengebung","og_description":"In diesem Magazinbeitrag widmet sich die Berliner Lehrerin Barbara Tauber dem spannendem Thema Notengebung. Nicht nur f\u00fcr Sch\u00fcler interessant.","og_url":"https:\/\/www.euroakademie.de\/magazin\/gute-noten-schlechte-noten-gedanken-zur-notengebung\/","og_site_name":"Das Euro Akademie Magazin","article_published_time":"2016-01-14T13:40:37+00:00","og_image":[{"width":702,"height":336,"url":"https:\/\/www.euroakademie.de\/magazin\/wp-content\/uploads\/2016\/01\/shutterstock_214290028_702x336_web.jpg","type":"image\/jpeg"}],"author":"Barbara Tauber","twitter_card":"summary_large_image","twitter_misc":{"Verfasst von":"Barbara Tauber","Gesch\u00e4tzte Lesezeit":"1\u00a0Minute"},"schema":{"@context":"https:\/\/schema.org","@graph":[{"@type":"Article","@id":"https:\/\/www.euroakademie.de\/magazin\/gute-noten-schlechte-noten-gedanken-zur-notengebung\/#article","isPartOf":{"@id":"https:\/\/www.euroakademie.de\/magazin\/gute-noten-schlechte-noten-gedanken-zur-notengebung\/"},"author":{"name":"Barbara Tauber","@id":"https:\/\/www.euroakademie.de\/magazin\/#\/schema\/person\/d358a99c9c21358caa2204cfc0644796"},"headline":"Gute Noten \u2013 schlechte Noten: Gedanken zur Notengebung","datePublished":"2016-01-14T13:40:37+00:00","dateModified":"2016-01-14T13:40:37+00:00","mainEntityOfPage":{"@id":"https:\/\/www.euroakademie.de\/magazin\/gute-noten-schlechte-noten-gedanken-zur-notengebung\/"},"wordCount":298,"publisher":{"@id":"https:\/\/www.euroakademie.de\/magazin\/#organization"},"image":{"@id":"https:\/\/www.euroakademie.de\/magazin\/gute-noten-schlechte-noten-gedanken-zur-notengebung\/#primaryimage"},"thumbnailUrl":"https:\/\/www.euroakademie.de\/magazin\/wp-content\/uploads\/2016\/01\/shutterstock_214290028_702x336_web.jpg","keywords":["Leistungen","Noten","Zeugnisse"],"articleSection":["\"M\u00e4nner und Frauen in Kitas\u201c","Berlin","Euro Akademie","Im Fokus"],"inLanguage":"de"},{"@type":"WebPage","@id":"https:\/\/www.euroakademie.de\/magazin\/gute-noten-schlechte-noten-gedanken-zur-notengebung\/","url":"https:\/\/www.euroakademie.de\/magazin\/gute-noten-schlechte-noten-gedanken-zur-notengebung\/","name":"Gute Noten - schlechte Noten: Gedanken zur Notengebung","isPartOf":{"@id":"https:\/\/www.euroakademie.de\/magazin\/#website"},"primaryImageOfPage":{"@id":"https:\/\/www.euroakademie.de\/magazin\/gute-noten-schlechte-noten-gedanken-zur-notengebung\/#primaryimage"},"image":{"@id":"https:\/\/www.euroakademie.de\/magazin\/gute-noten-schlechte-noten-gedanken-zur-notengebung\/#primaryimage"},"thumbnailUrl":"https:\/\/www.euroakademie.de\/magazin\/wp-content\/uploads\/2016\/01\/shutterstock_214290028_702x336_web.jpg","datePublished":"2016-01-14T13:40:37+00:00","dateModified":"2016-01-14T13:40:37+00:00","description":"In diesem Magazinbeitrag widmet sich die Berliner Lehrerin Barbara Tauber dem spannendem Thema Notengebung. Nicht nur f\u00fcr Sch\u00fcler interessant.","breadcrumb":{"@id":"https:\/\/www.euroakademie.de\/magazin\/gute-noten-schlechte-noten-gedanken-zur-notengebung\/#breadcrumb"},"inLanguage":"de","potentialAction":[{"@type":"ReadAction","target":["https:\/\/www.euroakademie.de\/magazin\/gute-noten-schlechte-noten-gedanken-zur-notengebung\/"]}]},{"@type":"ImageObject","inLanguage":"de","@id":"https:\/\/www.euroakademie.de\/magazin\/gute-noten-schlechte-noten-gedanken-zur-notengebung\/#primaryimage","url":"https:\/\/www.euroakademie.de\/magazin\/wp-content\/uploads\/2016\/01\/shutterstock_214290028_702x336_web.jpg","contentUrl":"https:\/\/www.euroakademie.de\/magazin\/wp-content\/uploads\/2016\/01\/shutterstock_214290028_702x336_web.jpg","width":702,"height":336,"caption":""},{"@type":"BreadcrumbList","@id":"https:\/\/www.euroakademie.de\/magazin\/gute-noten-schlechte-noten-gedanken-zur-notengebung\/#breadcrumb","itemListElement":[{"@type":"ListItem","position":1,"name":"Startseite","item":"https:\/\/www.euroakademie.de\/magazin\/"},{"@type":"ListItem","position":2,"name":"Gute Noten \u2013 schlechte Noten: Gedanken zur Notengebung"}]},{"@type":"WebSite","@id":"https:\/\/www.euroakademie.de\/magazin\/#website","url":"https:\/\/www.euroakademie.de\/magazin\/","name":"Das Euro Akademie Magazin","description":"Gut informiert durch Ausbildung und Studium","publisher":{"@id":"https:\/\/www.euroakademie.de\/magazin\/#organization"},"potentialAction":[{"@type":"SearchAction","target":{"@type":"EntryPoint","urlTemplate":"https:\/\/www.euroakademie.de\/magazin\/?s={search_term_string}"},"query-input":{"@type":"PropertyValueSpecification","valueRequired":true,"valueName":"search_term_string"}}],"inLanguage":"de"},{"@type":"Organization","@id":"https:\/\/www.euroakademie.de\/magazin\/#organization","name":"ESO Education Group","url":"https:\/\/www.euroakademie.de\/magazin\/","logo":{"@type":"ImageObject","inLanguage":"de","@id":"https:\/\/www.euroakademie.de\/magazin\/#\/schema\/logo\/image\/","url":"https:\/\/relaunch.euroakademie.de\/magazin\/wp-content\/uploads\/2024\/11\/Logo_EA_negativ_Rahmen_5cm_300dpi_RGB.jpg","contentUrl":"https:\/\/relaunch.euroakademie.de\/magazin\/wp-content\/uploads\/2024\/11\/Logo_EA_negativ_Rahmen_5cm_300dpi_RGB.jpg","width":591,"height":236,"caption":"ESO Education Group"},"image":{"@id":"https:\/\/www.euroakademie.de\/magazin\/#\/schema\/logo\/image\/"}},{"@type":"Person","@id":"https:\/\/www.euroakademie.de\/magazin\/#\/schema\/person\/d358a99c9c21358caa2204cfc0644796","name":"Barbara Tauber","description":"Barbara Tauber, ehemalige Dozentin an der Euro Akademie Berlin, betreute bis August 2017 das Projekt \"Quereinstieg \u2013 M\u00e4nner und Frauen in Kitas\" federf\u00fchrend. Sie engagiert sich f\u00fcr eine neue Lernkultur: Sch\u00fcler*innen gestalten aktiv und eigenverantwortlich ihren Lernprozess, Dozent*innen werden zu Coaches, die diesen Lernprozess unterst\u00fctzen und begleiten. In diesem Blog schildert sie Erfahrungen aus ihrem p\u00e4dagogischen Alltag.","url":"https:\/\/www.euroakademie.de\/magazin\/author\/barbaratauber\/"}]}},"_links":{"self":[{"href":"https:\/\/www.euroakademie.de\/magazin\/wp-json\/wp\/v2\/posts\/3374","targetHints":{"allow":["GET"]}}],"collection":[{"href":"https:\/\/www.euroakademie.de\/magazin\/wp-json\/wp\/v2\/posts"}],"about":[{"href":"https:\/\/www.euroakademie.de\/magazin\/wp-json\/wp\/v2\/types\/post"}],"author":[{"embeddable":true,"href":"https:\/\/www.euroakademie.de\/magazin\/wp-json\/wp\/v2\/users\/19"}],"replies":[{"embeddable":true,"href":"https:\/\/www.euroakademie.de\/magazin\/wp-json\/wp\/v2\/comments?post=3374"}],"version-history":[{"count":0,"href":"https:\/\/www.euroakademie.de\/magazin\/wp-json\/wp\/v2\/posts\/3374\/revisions"}],"wp:featuredmedia":[{"embeddable":true,"href":"https:\/\/www.euroakademie.de\/magazin\/wp-json\/wp\/v2\/media\/7133"}],"wp:attachment":[{"href":"https:\/\/www.euroakademie.de\/magazin\/wp-json\/wp\/v2\/media?parent=3374"}],"wp:term":[{"taxonomy":"category","embeddable":true,"href":"https:\/\/www.euroakademie.de\/magazin\/wp-json\/wp\/v2\/categories?post=3374"},{"taxonomy":"post_tag","embeddable":true,"href":"https:\/\/www.euroakademie.de\/magazin\/wp-json\/wp\/v2\/tags?post=3374"}],"curies":[{"name":"wp","href":"https:\/\/api.w.org\/{rel}","templated":true}]}}