{"id":3465,"date":"2016-02-09T09:15:27","date_gmt":"2016-02-09T08:15:27","guid":{"rendered":"https:\/\/www.euroakademie.de\/magazin\/?p=3465"},"modified":"2024-12-09T13:30:51","modified_gmt":"2024-12-09T12:30:51","slug":"schueler-engagieren-sich-fuer-tierschutz","status":"publish","type":"post","link":"https:\/\/www.euroakademie.de\/magazin\/schueler-engagieren-sich-fuer-tierschutz\/","title":{"rendered":"Sch\u00fcler engagieren sich f\u00fcr Tierschutz"},"content":{"rendered":"<p>\t\t\t\t<![CDATA[<strong>Handemade to help: Mit dem Erl\u00f6s aus dem Verkauf von Selbstgebasteltem und Selbstgebackenem unterst\u00fctzte eine Gruppe angehender <a href=\"https:\/\/www.euroakademie.de\/bildungsangebote\/wirtschaft-management\" target=\"_blank\" rel=\"noopener\">Euro-Management-Assistentinnen<\/a> der <a href=\"https:\/\/www.euroakademie.de\/aschaffenburg\" target=\"_blank\" rel=\"noopener\">Euro Akademie Aschaffenburg<\/a> ein Tierheim in Moldawien. Daf\u00fcr hatten die vier Sch\u00fclerinnen Kuchen und Pl\u00e4tzchen gebacken, kleine Filzfeen hergestellt, Schl\u00fcsselb\u00e4nder gen\u00e4ht und Schutzengel gebastelt. Die Resonanz war \u00fcberw\u00e4ltigend: \u00dcber 550 Euro sowie zahlreiche Futterspenden konnten die Aschaffenburger Sch\u00fclerinnen an die Tierhilfe Casa Katharina \u00fcbergeben.<\/strong>\n\n\n<h3>Von der Idee zur Umsetzung<\/h3>\n\n\nEinstimmig hatten Lisa Go\u00dfmann, Irina-Sophie Krause, Mich\u00e8le Weis und Nathalie Zech beschlossen, sich f\u00fcr einen sozialen Zweck zu engagieren. Da von Nathalies Seite aus bereits ein konkreter Kontakt nach Moldawien und einer dort ans\u00e4ssigen Tiernothilfe bestand, waren sich die vier schnell einig, diese durch eine Spendenaktion zu unterst\u00fctzen.\n\nUnd so schlossen sich Lisa, Irina-Sophie, Mich\u00e8le und Nathalie an der Euro Akademie Aschaffenburg zu einer Projektgruppe zusammen. Zur Projektleiterin wurde Nathalie bestimmt. Die Teammitglieder entschieden sich daf\u00fcr, vorrangig Geldspenden f\u00fcr das Tierheim zu sammeln. Diese sollten \u00fcber den Verkauf von Kuchen und Handarbeiten eingenommen werden. Die vier Sch\u00fclerinnen hielten sich jedoch die M\u00f6glichkeit offen, auch Sachspenden anzunehmen.\n\n\n<h3>Professionelle Projektplanung inklusive Risikoanalyse<\/h3>\n\n\nIm Rahmen der Planungsphase f\u00fchrte die Gruppe zun\u00e4chst eine Risikoanalyse durch. Als m\u00f6gliche\u00a0 Risiken kamen die fehlende Abnahme des Kuchens und ein Nichtgefallen der Handarbeitswaren in Frage. Ebenso mussten ein geringes Interesse der Spender am Thema Tierschutz und eine daraus resultierende geringe Spendenbereitschaft in Erw\u00e4gung gezogen werden. Um den Worst Case zu vermeiden, f\u00fchrten Lisa, Irina-Sophie, Mich\u00e8le und Nathalie eine Bedarfsermittlung der Bastelartikel mit Hilfe von Informationsflyern mit angeh\u00e4ngten Bestelllisten in den Klassen der Euro Akademie Aschaffenburg durch. Bei der Ermittlung des Kuchenbedarfs konnte man auf die Erfahrungen von Eltern und Bekannten zur\u00fcckgreifen. Um den Erfolg der Aktion zu garantieren, beschloss das Projektteam, auf jeden Fall ausreichend Werbung daf\u00fcr zu machen.\n\n\n<h3>Verteilen der Aufgaben<\/h3>\n\n\nDie unterschiedlichen Aufgaben wurden unter den Teammitgliedern verteilt. So \u00fcbernahm Nathalie die Kontaktaufnahme mit dem Drogeriemarkt, vor dem der Kuchen verkauft werden sollte, sowie die Planung des Kuchenverkaufs. Lisa wurde mit der Besorgung der Dekoration und der ben\u00f6tigten Hilfsmittel beauftragt, w\u00e4hrend sich Irina-Sophie um die Werbung k\u00fcmmerte. Irina und Mich\u00e8le waren f\u00fcr die Besorgung der Backzutaten verantwortlich. Das Backen der Pl\u00e4tzchen und Kuchen \u00fcbernahmen dann alle Projektteilnehmer gemeinsam. Mich\u00e8le organisierte die Herstellung der Filzfeen und der Engel-Anh\u00e4nger. Lisa erkl\u00e4rte sich bereit die Schl\u00fcsselanh\u00e4nger anzufertigen.\nUm einen m\u00f6glichst hohen Spendenbetrag zu erzielen, wurde beschlossen, die Kosten f\u00fcr die verwendeten Materialien unter den Mitgliedern aufzuteilen.\n\n\n<h3>Kuchenverkauf vor dem Drogeriemarkt in Kleinostheim<\/h3>\n\n\n<a href=\"https:\/\/relaunch.euroakademie.de\/magazin\/wp-content\/uploads\/2016\/02\/P1140304-2-w.jpg\" rel=\"attachment wp-att-3470\"><img fetchpriority=\"high\" decoding=\"async\" class=\"size-medium wp-image-3470 alignleft\" src=\"https:\/\/relaunch.euroakademie.de\/magazin\/wp-content\/uploads\/2016\/02\/P1140304-2-w-300x225.jpg\" alt=\"Kuchenverkauf zugunsten von Tierschutz\" width=\"300\" height=\"225\" srcset=\"https:\/\/www.euroakademie.de\/magazin\/wp-content\/uploads\/2016\/02\/P1140304-2-w-300x225.jpg 300w, https:\/\/www.euroakademie.de\/magazin\/wp-content\/uploads\/2016\/02\/P1140304-2-w-150x113.jpg 150w, https:\/\/www.euroakademie.de\/magazin\/wp-content\/uploads\/2016\/02\/P1140304-2-w-450x338.jpg 450w, https:\/\/www.euroakademie.de\/magazin\/wp-content\/uploads\/2016\/02\/P1140304-2-w.jpg 500w\" sizes=\"(max-width: 300px) 100vw, 300px\" \/><\/a>Da die Verkaufsaktion zu Gunsten der Casa Katharina unter dem Titel \u201eHandmade to help\u201c stand, wurden Pl\u00e4tzchen und Kuchen nat\u00fcrlich selbst gebacken.\nUm gen\u00fcgend Backwaren f\u00fcr die Aktion zu erhalten, wurden auch Klassenkameraden gefragt, ob sie Kuchen oder Muffins beisteuern w\u00fcrden.\n\nDa aus rechtlichen Gr\u00fcnden eine Person mit Hygienenachweis f\u00fcr einen Kuchenverkauf ben\u00f6tigt wird und keiner aus dem Team \u00fcber einen solchen verf\u00fcgt, erkl\u00e4rte sich Nathalies Schwester bereit, beim Kuchenverkauf am Aktionstag mitzuhelfen.\n\nDie ersten Interessenten fanden sich schnell ein. Lisa, Irina-Sophie, Mich\u00e8le und Nathalie entschieden sich daf\u00fcr, keine festen Preise zu verlangen, sondern den Kuchen gegen eine beliebige Spende anzubieten. Die Teammitglieder waren zun\u00e4chst unsicher, ob diese Art der Preispolitik funktionieren w\u00fcrde, wurden jedoch positiv \u00fcberrascht. In den ersten zwei Stunden der Aktion kamen viele Leute, die gerne etwas mehr Geld gaben.\n\n\n<h3>Verkauf von Feen, Engeln und Schl\u00fcsselb\u00e4ndern an der Weihnachtsfeier<\/h3>\n\n\n<a href=\"https:\/\/relaunch.euroakademie.de\/magazin\/wp-content\/uploads\/2016\/02\/4-w.jpg\" rel=\"attachment wp-att-3471\"><img decoding=\"async\" class=\"size-full wp-image-3471 alignleft\" src=\"https:\/\/relaunch.euroakademie.de\/magazin\/wp-content\/uploads\/2016\/02\/4-w.jpg\" alt=\"Selbstgebastelte Feen\" width=\"299\" height=\"239\" srcset=\"https:\/\/www.euroakademie.de\/magazin\/wp-content\/uploads\/2016\/02\/4-w.jpg 299w, https:\/\/www.euroakademie.de\/magazin\/wp-content\/uploads\/2016\/02\/4-w-150x120.jpg 150w\" sizes=\"(max-width: 299px) 100vw, 299px\" \/><\/a>Unter Anleitung von Mich\u00e8le Weis\u2019 Familie lernten die Projektteilnehmer die richtige Herstellung der Filzfeen. Innerhalb von 6 Stunden wurden 10 Feen gefertigt und 45 Engel-Anh\u00e4nger aufgef\u00e4delt. Die ben\u00f6tigte Filzwolle, sowie weitere Bastelutensilien wurden von Familie Weis, die Perlen f\u00fcr die Engel von Familie Zech gespendet. Die Schl\u00fcsselb\u00e4nder wurden von Lisa Go\u00dfmann angefertigt. Hierzu n\u00e4hte sie Schmuckborten auf Gurtband und versah das Ganze mit einem Ringanh\u00e4nger.\n\nBez\u00fcglich der Preisgestaltung der selbsthergestellten Handarbeitswaren orientierte sich das Team unter anderem daran, dass der Verkauf auch an Sch\u00fcler gerichtet war und somit das Budget der gew\u00e4hlten Zielgruppe begrenzt war. Daher wurden f\u00fcr die Feen ein Preis von 15,00 Euro, f\u00fcr die Engel 2,00 Euro und f\u00fcr die Schl\u00fcsselb\u00e4nder 3 Euro festgelegt.\nDie kreativen Produkte wurden dann an einem liebevoll dekorierten Stand auf der Weihnachtsfeier der Euro Akademie Aschaffenburg angeboten und fanden rei\u00dfenden Absatz.\n\n\n<h3>Projekterfolg<\/h3>\n\n\nVon dem erfolgreichen Verkauf und der Spendenbereitschaft sind die vier Sch\u00fclerinnen nach wie vor begeistert und nehmen dies als Ansporn f\u00fcr weitere caritative Aktionen.\nSowohl die Futterspenden als auch das Geld sind bereits bei der Tiernothilfe Casa Katharina angekommen und wir hoffen, dass den ca. 300 Sch\u00fctzlingen dort schnellstm\u00f6glich geholfen werden kann.\n\n\n<h3>Das Tierheim Casa Katharina<\/h3>\n\n\nDie Casa Katharina ist ein Tierheim in Moldawien, das 2007 von Deutschen gegr\u00fcndet wurde. In Moldawien gibt es eine gro\u00dfe Stra\u00dfenhundeproblematik. Alleine in Chi\u015fin\u0103u, der Hauptstadt des zwischen der Ukraine und Rum\u00e4nien gelegenen Landes, spricht man von ca. 30.000 Tieren. Aufgrund mangelnder Kastrationen vermehren sich sowohl Privat- als auch Stra\u00dfentiere unkontrolliert. Da es kein Tierschutzgesetz gibt, kommt es immer wieder zu gro\u00dfangelegten \u201eS\u00e4uberungsaktionen\u201c, bei denen die Tiere auf brutalste Art und Weise eingefangen und in das staatliche Todeshaus gebracht werden. J\u00e4hrlich ist dies die Endstation f\u00fcr tausende Hunde.\n\nDie Casa Katharina hat es sich unter Anderem zur Aufgabe gemacht, diese Tiere aufzunehmen und vor einem grausamen Schicksal zu bewahren. So kommt es, dass das in Ciobanovca gelegene Tierasyl im Durchschnitt rund 300 Tiere beherbergt und verpflegt. Jeden Monat muss der deutsche Verein allein f\u00fcr die Futterkosten ca. 2.000\u20ac aufbringen. Um die medizinische Versorgung sicherzustellen, hat die \u201eTierhilfe Casa Katharina\u201c einen Tierarzt angestellt. Vor kurzem wurde dank Spendengeldern eine geflieste Tierklinik gebaut, um die Arbeit des Veterin\u00e4rs zu erleichtern.\nVon staatlicher Seite gibt es keinerlei Unterst\u00fctzung und so ist die Organisation auf Spenden aus Deutschland angewiesen.\n\nWeiterhin setzt sich die Tierhilfe Casa Katharina als Ziel, die moldawische Bev\u00f6lkerung \u00fcber Kastrationen aufzukl\u00e4ren und ihnen das Bewusstsein, dass Tiere Lebewesen mit Gef\u00fchlen sind, zu vermitteln. Um dies langfristig zu erreichen, besuchen einige Pfleger in unregelm\u00e4\u00dfigen Abst\u00e4nden Schulen, um bereits junge Menschen f\u00fcr das Thema \u201eTierschutz\u201c zu sensibilisieren.\nDar\u00fcber hinaus f\u00fchrt der Verein immer wieder mit einigen Politikern Gespr\u00e4che, um in Zukunft ein akzeptables Tierschutzgesetz in Moldawien auf den Weg zu bringen.\n\n[gallery link=\"file\" ids=\"3655,3656,3657,3658,3659,3660,3661\"]\n\n<em>Text: Die Sch\u00fclerinnen der Euro Akademie Aschaffenburg und die Redaktion des Magazins<\/em>\n<em>Fotos: Euro Akademie Aschaffenburg<\/em>\n\n<strong>Das k\u00f6nnte Sie auch interessieren:<\/strong>\n<a href=\"https:\/\/www.euroakademie.de\/magazin\/von-trauer-leid-und-lebensfreude-fachschueler-im-kinderhospiz-baerenherz\/\" target=\"_blank\" rel=\"noopener\">Von Trauer, Leid und Lebensfreude: Fachsch\u00fcler im Kinderhospiz B\u00e4renherz<\/a>]]>\t\t<\/p>\n","protected":false},"excerpt":{"rendered":"<p>\t\t\t\t<![CDATA[]]>\t\t<\/p>\n","protected":false},"author":7,"featured_media":7151,"comment_status":"closed","ping_status":"closed","sticky":false,"template":"","format":"standard","meta":{"footnotes":""},"categories":[64,46],"tags":[2686,7663,8293],"class_list":{"0":"post-3465","1":"post","2":"type-post","3":"status-publish","4":"format-standard","5":"has-post-thumbnail","7":"category-aschaffenburg","8":"category-wirtschaft-management","9":"tag-euro-management-assistent","10":"tag-soziales-engagement-von-schuelern","11":"tag-tierschutz"},"yoast_head":"<!-- This site is optimized with the Yoast SEO plugin v23.5 - https:\/\/yoast.com\/wordpress\/plugins\/seo\/ -->\n<title>Sch\u00fcler engagieren sich f\u00fcr Tierschutz - Das Euro Akademie Magazin<\/title>\n<meta name=\"description\" content=\"Handemade to help: Sch\u00fclerinnen der Euro Akademie Aschaffenburg spendeten den Erl\u00f6s aus dem Verkauf von Selbstgebasteltem an ein Tierheim in Moldawien.\u00a0\" \/>\n<meta name=\"robots\" content=\"index, follow, max-snippet:-1, max-image-preview:large, max-video-preview:-1\" \/>\n<link rel=\"canonical\" href=\"https:\/\/www.euroakademie.de\/magazin\/schueler-engagieren-sich-fuer-tierschutz\/\" \/>\n<meta property=\"og:locale\" content=\"de_DE\" \/>\n<meta property=\"og:type\" content=\"article\" \/>\n<meta property=\"og:title\" content=\"Sch\u00fcler engagieren sich f\u00fcr Tierschutz - Das Euro Akademie Magazin\" \/>\n<meta property=\"og:description\" content=\"Handemade to help: Sch\u00fclerinnen der Euro Akademie Aschaffenburg spendeten den Erl\u00f6s aus dem Verkauf von Selbstgebasteltem an ein Tierheim in Moldawien.\u00a0\" \/>\n<meta property=\"og:url\" content=\"https:\/\/www.euroakademie.de\/magazin\/schueler-engagieren-sich-fuer-tierschutz\/\" \/>\n<meta property=\"og:site_name\" content=\"Das Euro Akademie Magazin\" \/>\n<meta property=\"article:published_time\" content=\"2016-02-09T08:15:27+00:00\" \/>\n<meta property=\"article:modified_time\" content=\"2024-12-09T12:30:51+00:00\" \/>\n<meta property=\"og:image\" content=\"https:\/\/www.euroakademie.de\/magazin\/wp-content\/uploads\/2016\/02\/shutterstock_646123102_702x336_web.jpg\" \/>\n\t<meta property=\"og:image:width\" content=\"702\" \/>\n\t<meta property=\"og:image:height\" content=\"336\" \/>\n\t<meta property=\"og:image:type\" content=\"image\/jpeg\" \/>\n<meta name=\"author\" content=\"Redaktion\" \/>\n<meta name=\"twitter:card\" content=\"summary_large_image\" \/>\n<meta name=\"twitter:label1\" content=\"Verfasst von\" \/>\n\t<meta name=\"twitter:data1\" content=\"Redaktion\" \/>\n\t<meta name=\"twitter:label2\" content=\"Gesch\u00e4tzte Lesezeit\" \/>\n\t<meta name=\"twitter:data2\" content=\"6\u00a0Minuten\" \/>\n<script type=\"application\/ld+json\" class=\"yoast-schema-graph\">{\"@context\":\"https:\/\/schema.org\",\"@graph\":[{\"@type\":\"Article\",\"@id\":\"https:\/\/www.euroakademie.de\/magazin\/schueler-engagieren-sich-fuer-tierschutz\/#article\",\"isPartOf\":{\"@id\":\"https:\/\/www.euroakademie.de\/magazin\/schueler-engagieren-sich-fuer-tierschutz\/\"},\"author\":{\"name\":\"Redaktion\",\"@id\":\"https:\/\/www.euroakademie.de\/magazin\/#\/schema\/person\/6c9b7b6db765ee31640d80c936be3686\"},\"headline\":\"Sch\u00fcler engagieren sich f\u00fcr Tierschutz\",\"datePublished\":\"2016-02-09T08:15:27+00:00\",\"dateModified\":\"2024-12-09T12:30:51+00:00\",\"mainEntityOfPage\":{\"@id\":\"https:\/\/www.euroakademie.de\/magazin\/schueler-engagieren-sich-fuer-tierschutz\/\"},\"wordCount\":1134,\"publisher\":{\"@id\":\"https:\/\/www.euroakademie.de\/magazin\/#organization\"},\"image\":{\"@id\":\"https:\/\/www.euroakademie.de\/magazin\/schueler-engagieren-sich-fuer-tierschutz\/#primaryimage\"},\"thumbnailUrl\":\"https:\/\/www.euroakademie.de\/magazin\/wp-content\/uploads\/2016\/02\/shutterstock_646123102_702x336_web.jpg\",\"keywords\":[\"Euro-Management-Assistent\",\"Soziales Engagement von Sch\u00fclern\",\"Tierschutz\"],\"articleSection\":[\"Aschaffenburg\",\"Wirtschaft &amp; Management\"],\"inLanguage\":\"de\"},{\"@type\":\"WebPage\",\"@id\":\"https:\/\/www.euroakademie.de\/magazin\/schueler-engagieren-sich-fuer-tierschutz\/\",\"url\":\"https:\/\/www.euroakademie.de\/magazin\/schueler-engagieren-sich-fuer-tierschutz\/\",\"name\":\"Sch\u00fcler engagieren sich f\u00fcr Tierschutz - Das Euro Akademie Magazin\",\"isPartOf\":{\"@id\":\"https:\/\/www.euroakademie.de\/magazin\/#website\"},\"primaryImageOfPage\":{\"@id\":\"https:\/\/www.euroakademie.de\/magazin\/schueler-engagieren-sich-fuer-tierschutz\/#primaryimage\"},\"image\":{\"@id\":\"https:\/\/www.euroakademie.de\/magazin\/schueler-engagieren-sich-fuer-tierschutz\/#primaryimage\"},\"thumbnailUrl\":\"https:\/\/www.euroakademie.de\/magazin\/wp-content\/uploads\/2016\/02\/shutterstock_646123102_702x336_web.jpg\",\"datePublished\":\"2016-02-09T08:15:27+00:00\",\"dateModified\":\"2024-12-09T12:30:51+00:00\",\"description\":\"Handemade to help: Sch\u00fclerinnen der Euro Akademie Aschaffenburg spendeten den Erl\u00f6s aus dem Verkauf von Selbstgebasteltem an ein Tierheim in Moldawien.\u00a0\",\"breadcrumb\":{\"@id\":\"https:\/\/www.euroakademie.de\/magazin\/schueler-engagieren-sich-fuer-tierschutz\/#breadcrumb\"},\"inLanguage\":\"de\",\"potentialAction\":[{\"@type\":\"ReadAction\",\"target\":[\"https:\/\/www.euroakademie.de\/magazin\/schueler-engagieren-sich-fuer-tierschutz\/\"]}]},{\"@type\":\"ImageObject\",\"inLanguage\":\"de\",\"@id\":\"https:\/\/www.euroakademie.de\/magazin\/schueler-engagieren-sich-fuer-tierschutz\/#primaryimage\",\"url\":\"https:\/\/www.euroakademie.de\/magazin\/wp-content\/uploads\/2016\/02\/shutterstock_646123102_702x336_web.jpg\",\"contentUrl\":\"https:\/\/www.euroakademie.de\/magazin\/wp-content\/uploads\/2016\/02\/shutterstock_646123102_702x336_web.jpg\",\"width\":702,\"height\":336,\"caption\":\"\"},{\"@type\":\"BreadcrumbList\",\"@id\":\"https:\/\/www.euroakademie.de\/magazin\/schueler-engagieren-sich-fuer-tierschutz\/#breadcrumb\",\"itemListElement\":[{\"@type\":\"ListItem\",\"position\":1,\"name\":\"Startseite\",\"item\":\"https:\/\/www.euroakademie.de\/magazin\/\"},{\"@type\":\"ListItem\",\"position\":2,\"name\":\"Sch\u00fcler engagieren sich f\u00fcr Tierschutz\"}]},{\"@type\":\"WebSite\",\"@id\":\"https:\/\/www.euroakademie.de\/magazin\/#website\",\"url\":\"https:\/\/www.euroakademie.de\/magazin\/\",\"name\":\"Das Euro Akademie Magazin\",\"description\":\"Gut informiert durch Ausbildung und Studium\",\"publisher\":{\"@id\":\"https:\/\/www.euroakademie.de\/magazin\/#organization\"},\"potentialAction\":[{\"@type\":\"SearchAction\",\"target\":{\"@type\":\"EntryPoint\",\"urlTemplate\":\"https:\/\/www.euroakademie.de\/magazin\/?s={search_term_string}\"},\"query-input\":{\"@type\":\"PropertyValueSpecification\",\"valueRequired\":true,\"valueName\":\"search_term_string\"}}],\"inLanguage\":\"de\"},{\"@type\":\"Organization\",\"@id\":\"https:\/\/www.euroakademie.de\/magazin\/#organization\",\"name\":\"ESO Education Group\",\"url\":\"https:\/\/www.euroakademie.de\/magazin\/\",\"logo\":{\"@type\":\"ImageObject\",\"inLanguage\":\"de\",\"@id\":\"https:\/\/www.euroakademie.de\/magazin\/#\/schema\/logo\/image\/\",\"url\":\"https:\/\/relaunch.euroakademie.de\/magazin\/wp-content\/uploads\/2024\/11\/Logo_EA_negativ_Rahmen_5cm_300dpi_RGB.jpg\",\"contentUrl\":\"https:\/\/relaunch.euroakademie.de\/magazin\/wp-content\/uploads\/2024\/11\/Logo_EA_negativ_Rahmen_5cm_300dpi_RGB.jpg\",\"width\":591,\"height\":236,\"caption\":\"ESO Education Group\"},\"image\":{\"@id\":\"https:\/\/www.euroakademie.de\/magazin\/#\/schema\/logo\/image\/\"}},{\"@type\":\"Person\",\"@id\":\"https:\/\/www.euroakademie.de\/magazin\/#\/schema\/person\/6c9b7b6db765ee31640d80c936be3686\",\"name\":\"Redaktion\",\"description\":\"Die Redaktion des Euro Akademie Magazins h\u00e4lt Sie regelm\u00e4\u00dfig mit hintergr\u00fcndigen Artikeln auf dem Laufenden. Auf Basis einer fundierten Recherche und mit Spa\u00df am Schreiben erstellen die Redakteur*innen informative und unterhaltsame Inhalte f\u00fcr Sie.\",\"url\":\"https:\/\/www.euroakademie.de\/magazin\/author\/redaktion\/\"}]}<\/script>\n<!-- \/ Yoast SEO plugin. -->","yoast_head_json":{"title":"Sch\u00fcler engagieren sich f\u00fcr Tierschutz - Das Euro Akademie Magazin","description":"Handemade to help: Sch\u00fclerinnen der Euro Akademie Aschaffenburg spendeten den Erl\u00f6s aus dem Verkauf von Selbstgebasteltem an ein Tierheim in Moldawien.\u00a0","robots":{"index":"index","follow":"follow","max-snippet":"max-snippet:-1","max-image-preview":"max-image-preview:large","max-video-preview":"max-video-preview:-1"},"canonical":"https:\/\/www.euroakademie.de\/magazin\/schueler-engagieren-sich-fuer-tierschutz\/","og_locale":"de_DE","og_type":"article","og_title":"Sch\u00fcler engagieren sich f\u00fcr Tierschutz - Das Euro Akademie Magazin","og_description":"Handemade to help: Sch\u00fclerinnen der Euro Akademie Aschaffenburg spendeten den Erl\u00f6s aus dem Verkauf von Selbstgebasteltem an ein Tierheim in Moldawien.\u00a0","og_url":"https:\/\/www.euroakademie.de\/magazin\/schueler-engagieren-sich-fuer-tierschutz\/","og_site_name":"Das Euro Akademie Magazin","article_published_time":"2016-02-09T08:15:27+00:00","article_modified_time":"2024-12-09T12:30:51+00:00","og_image":[{"width":702,"height":336,"url":"https:\/\/www.euroakademie.de\/magazin\/wp-content\/uploads\/2016\/02\/shutterstock_646123102_702x336_web.jpg","type":"image\/jpeg"}],"author":"Redaktion","twitter_card":"summary_large_image","twitter_misc":{"Verfasst von":"Redaktion","Gesch\u00e4tzte Lesezeit":"6\u00a0Minuten"},"schema":{"@context":"https:\/\/schema.org","@graph":[{"@type":"Article","@id":"https:\/\/www.euroakademie.de\/magazin\/schueler-engagieren-sich-fuer-tierschutz\/#article","isPartOf":{"@id":"https:\/\/www.euroakademie.de\/magazin\/schueler-engagieren-sich-fuer-tierschutz\/"},"author":{"name":"Redaktion","@id":"https:\/\/www.euroakademie.de\/magazin\/#\/schema\/person\/6c9b7b6db765ee31640d80c936be3686"},"headline":"Sch\u00fcler engagieren sich f\u00fcr Tierschutz","datePublished":"2016-02-09T08:15:27+00:00","dateModified":"2024-12-09T12:30:51+00:00","mainEntityOfPage":{"@id":"https:\/\/www.euroakademie.de\/magazin\/schueler-engagieren-sich-fuer-tierschutz\/"},"wordCount":1134,"publisher":{"@id":"https:\/\/www.euroakademie.de\/magazin\/#organization"},"image":{"@id":"https:\/\/www.euroakademie.de\/magazin\/schueler-engagieren-sich-fuer-tierschutz\/#primaryimage"},"thumbnailUrl":"https:\/\/www.euroakademie.de\/magazin\/wp-content\/uploads\/2016\/02\/shutterstock_646123102_702x336_web.jpg","keywords":["Euro-Management-Assistent","Soziales Engagement von Sch\u00fclern","Tierschutz"],"articleSection":["Aschaffenburg","Wirtschaft &amp; Management"],"inLanguage":"de"},{"@type":"WebPage","@id":"https:\/\/www.euroakademie.de\/magazin\/schueler-engagieren-sich-fuer-tierschutz\/","url":"https:\/\/www.euroakademie.de\/magazin\/schueler-engagieren-sich-fuer-tierschutz\/","name":"Sch\u00fcler engagieren sich f\u00fcr Tierschutz - Das Euro Akademie Magazin","isPartOf":{"@id":"https:\/\/www.euroakademie.de\/magazin\/#website"},"primaryImageOfPage":{"@id":"https:\/\/www.euroakademie.de\/magazin\/schueler-engagieren-sich-fuer-tierschutz\/#primaryimage"},"image":{"@id":"https:\/\/www.euroakademie.de\/magazin\/schueler-engagieren-sich-fuer-tierschutz\/#primaryimage"},"thumbnailUrl":"https:\/\/www.euroakademie.de\/magazin\/wp-content\/uploads\/2016\/02\/shutterstock_646123102_702x336_web.jpg","datePublished":"2016-02-09T08:15:27+00:00","dateModified":"2024-12-09T12:30:51+00:00","description":"Handemade to help: Sch\u00fclerinnen der Euro Akademie Aschaffenburg spendeten den Erl\u00f6s aus dem Verkauf von Selbstgebasteltem an ein Tierheim in Moldawien.\u00a0","breadcrumb":{"@id":"https:\/\/www.euroakademie.de\/magazin\/schueler-engagieren-sich-fuer-tierschutz\/#breadcrumb"},"inLanguage":"de","potentialAction":[{"@type":"ReadAction","target":["https:\/\/www.euroakademie.de\/magazin\/schueler-engagieren-sich-fuer-tierschutz\/"]}]},{"@type":"ImageObject","inLanguage":"de","@id":"https:\/\/www.euroakademie.de\/magazin\/schueler-engagieren-sich-fuer-tierschutz\/#primaryimage","url":"https:\/\/www.euroakademie.de\/magazin\/wp-content\/uploads\/2016\/02\/shutterstock_646123102_702x336_web.jpg","contentUrl":"https:\/\/www.euroakademie.de\/magazin\/wp-content\/uploads\/2016\/02\/shutterstock_646123102_702x336_web.jpg","width":702,"height":336,"caption":""},{"@type":"BreadcrumbList","@id":"https:\/\/www.euroakademie.de\/magazin\/schueler-engagieren-sich-fuer-tierschutz\/#breadcrumb","itemListElement":[{"@type":"ListItem","position":1,"name":"Startseite","item":"https:\/\/www.euroakademie.de\/magazin\/"},{"@type":"ListItem","position":2,"name":"Sch\u00fcler engagieren sich f\u00fcr Tierschutz"}]},{"@type":"WebSite","@id":"https:\/\/www.euroakademie.de\/magazin\/#website","url":"https:\/\/www.euroakademie.de\/magazin\/","name":"Das Euro Akademie Magazin","description":"Gut informiert durch Ausbildung und Studium","publisher":{"@id":"https:\/\/www.euroakademie.de\/magazin\/#organization"},"potentialAction":[{"@type":"SearchAction","target":{"@type":"EntryPoint","urlTemplate":"https:\/\/www.euroakademie.de\/magazin\/?s={search_term_string}"},"query-input":{"@type":"PropertyValueSpecification","valueRequired":true,"valueName":"search_term_string"}}],"inLanguage":"de"},{"@type":"Organization","@id":"https:\/\/www.euroakademie.de\/magazin\/#organization","name":"ESO Education Group","url":"https:\/\/www.euroakademie.de\/magazin\/","logo":{"@type":"ImageObject","inLanguage":"de","@id":"https:\/\/www.euroakademie.de\/magazin\/#\/schema\/logo\/image\/","url":"https:\/\/relaunch.euroakademie.de\/magazin\/wp-content\/uploads\/2024\/11\/Logo_EA_negativ_Rahmen_5cm_300dpi_RGB.jpg","contentUrl":"https:\/\/relaunch.euroakademie.de\/magazin\/wp-content\/uploads\/2024\/11\/Logo_EA_negativ_Rahmen_5cm_300dpi_RGB.jpg","width":591,"height":236,"caption":"ESO Education Group"},"image":{"@id":"https:\/\/www.euroakademie.de\/magazin\/#\/schema\/logo\/image\/"}},{"@type":"Person","@id":"https:\/\/www.euroakademie.de\/magazin\/#\/schema\/person\/6c9b7b6db765ee31640d80c936be3686","name":"Redaktion","description":"Die Redaktion des Euro Akademie Magazins h\u00e4lt Sie regelm\u00e4\u00dfig mit hintergr\u00fcndigen Artikeln auf dem Laufenden. Auf Basis einer fundierten Recherche und mit Spa\u00df am Schreiben erstellen die Redakteur*innen informative und unterhaltsame Inhalte f\u00fcr Sie.","url":"https:\/\/www.euroakademie.de\/magazin\/author\/redaktion\/"}]}},"_links":{"self":[{"href":"https:\/\/www.euroakademie.de\/magazin\/wp-json\/wp\/v2\/posts\/3465","targetHints":{"allow":["GET"]}}],"collection":[{"href":"https:\/\/www.euroakademie.de\/magazin\/wp-json\/wp\/v2\/posts"}],"about":[{"href":"https:\/\/www.euroakademie.de\/magazin\/wp-json\/wp\/v2\/types\/post"}],"author":[{"embeddable":true,"href":"https:\/\/www.euroakademie.de\/magazin\/wp-json\/wp\/v2\/users\/7"}],"replies":[{"embeddable":true,"href":"https:\/\/www.euroakademie.de\/magazin\/wp-json\/wp\/v2\/comments?post=3465"}],"version-history":[{"count":3,"href":"https:\/\/www.euroakademie.de\/magazin\/wp-json\/wp\/v2\/posts\/3465\/revisions"}],"predecessor-version":[{"id":26595,"href":"https:\/\/www.euroakademie.de\/magazin\/wp-json\/wp\/v2\/posts\/3465\/revisions\/26595"}],"wp:featuredmedia":[{"embeddable":true,"href":"https:\/\/www.euroakademie.de\/magazin\/wp-json\/wp\/v2\/media\/7151"}],"wp:attachment":[{"href":"https:\/\/www.euroakademie.de\/magazin\/wp-json\/wp\/v2\/media?parent=3465"}],"wp:term":[{"taxonomy":"category","embeddable":true,"href":"https:\/\/www.euroakademie.de\/magazin\/wp-json\/wp\/v2\/categories?post=3465"},{"taxonomy":"post_tag","embeddable":true,"href":"https:\/\/www.euroakademie.de\/magazin\/wp-json\/wp\/v2\/tags?post=3465"}],"curies":[{"name":"wp","href":"https:\/\/api.w.org\/{rel}","templated":true}]}}