{"id":3504,"date":"2016-02-15T17:43:27","date_gmt":"2016-02-15T16:43:27","guid":{"rendered":"https:\/\/www.euroakademie.de\/magazin\/?p=3504"},"modified":"2024-12-09T13:32:06","modified_gmt":"2024-12-09T12:32:06","slug":"vietnamesisches-neujahrsfest-an-der-euro-akademie","status":"publish","type":"post","link":"https:\/\/www.euroakademie.de\/magazin\/vietnamesisches-neujahrsfest-an-der-euro-akademie\/","title":{"rendered":"Vietnamesisches Neujahrsfest an der Euro Akademie P\u00f6\u00dfneck"},"content":{"rendered":"<p>\t\t\t\t<![CDATA[<strong>Die vietnamesischen Sch\u00fcler, die sich gerade mit einem Deutschkurs auf die Altenpflegerausbildung an der Euro Akademie P\u00f6\u00dfneck vorbereiten, feierten jetzt das &#8222;Tet-Fest&#8220;<\/strong>.\n\nZur <a href=\"https:\/\/www.euroakademie.de\/poessneck\" target=\"_blank\" rel=\"noopener\">Euro Akademie P\u00f6\u00dfneck<\/a> geh\u00f6ren seit November vergangenen Jahres 36 junge vietnamesische Sch\u00fcler. Sie erlernen die deutsche Sprache und bereiten sich auf die im M\u00e4rz beginnende <a href=\"https:\/\/www.euroakademie.de\/details\/AL____RGG_Q18S_1\/Altenpflegehelferin---staatlich-anerkannt\" target=\"_blank\" rel=\"noopener\">Ausbildung zum Altenpfleger<\/a> vor.\n\nZu ihrem sch\u00f6nsten und wichtigsten Festtag im Jahr, dem vietnamesischen Neujahrsfest, haben die Sch\u00fcler aus Vietnam am 8. Februar all diejenigen eingeladen, die sich mit ihnen, dem Projekt und der Arbeit an der Euro Akademie und den Euro-Schulen P\u00f6\u00dfneck verbunden f\u00fchlen.\n\n<a href=\"https:\/\/relaunch.euroakademie.de\/magazin\/wp-content\/uploads\/2016\/02\/IMG_0543-2-web-1.jpg\" rel=\"attachment wp-att-3518\"><img decoding=\"async\" class=\"wp-image-3518 alignright\" src=\"https:\/\/relaunch.euroakademie.de\/magazin\/wp-content\/uploads\/2016\/02\/IMG_0543-2-web-1-281x300.jpg\" alt=\"IMG_0543-2-web\" width=\"192\" height=\"204\" srcset=\"https:\/\/www.euroakademie.de\/magazin\/wp-content\/uploads\/2016\/02\/IMG_0543-2-web-1-281x300.jpg 281w, https:\/\/www.euroakademie.de\/magazin\/wp-content\/uploads\/2016\/02\/IMG_0543-2-web-1-150x160.jpg 150w, https:\/\/www.euroakademie.de\/magazin\/wp-content\/uploads\/2016\/02\/IMG_0543-2-web-1-450x480.jpg 450w, https:\/\/www.euroakademie.de\/magazin\/wp-content\/uploads\/2016\/02\/IMG_0543-2-web-1.jpg 500w\" sizes=\"(max-width: 192px) 100vw, 192px\" \/><\/a>Der Neujahrstag wird auch &#8222;Fest des Ersten Morgens&#8220; oder kurz &#8222;Tet&#8220; genannt. Es handelt sich dabei um das Fest des neuen Jahres nach dem Mondkalender. Das vietnamesische Neujahrsfest wird vom ersten bis zum dritten Tag des ersten Monats des chinesischen Mondkalenders gefeiert. Nach europ\u00e4ischer Zeitrechnung liegen diese Daten ungef\u00e4hr im Zeitraum des Tierkreiszeichens Wassermann. Traditionell besuchen Vietnamesen an diesem Tag ihre Familie und die Tempel. Es werden au\u00dferdem Festspeisen zubereitet und dann wird gemeinsam gefeiert.\n\n<a href=\"https:\/\/relaunch.euroakademie.de\/magazin\/wp-content\/uploads\/2016\/02\/IMG_1600-web.jpg\" rel=\"attachment wp-att-3512\"><img fetchpriority=\"high\" decoding=\"async\" class=\"size-medium wp-image-3512 alignleft\" src=\"https:\/\/relaunch.euroakademie.de\/magazin\/wp-content\/uploads\/2016\/02\/IMG_1600-web-300x225.jpg\" alt=\"IMG_1600-web\" width=\"300\" height=\"225\" srcset=\"https:\/\/www.euroakademie.de\/magazin\/wp-content\/uploads\/2016\/02\/IMG_1600-web-300x225.jpg 300w, https:\/\/www.euroakademie.de\/magazin\/wp-content\/uploads\/2016\/02\/IMG_1600-web-150x113.jpg 150w, https:\/\/www.euroakademie.de\/magazin\/wp-content\/uploads\/2016\/02\/IMG_1600-web-450x338.jpg 450w, https:\/\/www.euroakademie.de\/magazin\/wp-content\/uploads\/2016\/02\/IMG_1600-web.jpg 500w\" sizes=\"(max-width: 300px) 100vw, 300px\" \/><\/a>Ganz im Sinne dieser Tradition konnten alle G\u00e4ste in der wundersch\u00f6n geschm\u00fcckten Cafeteria der Euro Akademie P\u00f6\u00dfneck ein sehr sch\u00f6nes, buntes und auch sehr emotionales vietnamesisches Programm mit viel Musik und Tanz erleben. Dazu wurden traditionelle Speisen gereicht.\n\nDie Energie und die Ideen, die die Sch\u00fcler zur Ausgestaltung ihres Festes investiert haben, ist nicht nur grandios, es l\u00e4sst auch auf eine mehr als positive Entwicklung im Zusammenwachsen deutsch-vietnamesischer Kulturen schlie\u00dfen.\n\n<strong>Das k\u00f6nnte Sie auch interessieren:<\/strong>\n<a href=\"https:\/\/www.euroakademie.de\/magazin\/fachkraeftemangel-in-der-altenpflege-wir-werden-weniger-aelter-und-bunter\/\" target=\"_blank\" rel=\"noopener\">Fachkr\u00e4ftemangel in der Altenpflege\n<\/a><a href=\"https:\/\/www.euroakademie.de\/magazin\/ein-fest-im-regenwald\/\" target=\"_blank\" rel=\"noopener\">Ein Fest im Regenwald<\/a>\n<a href=\"https:\/\/www.euroakademie.de\/magazin\/europaeischer-tag-der-sprachen-10-gruende-noch-heute-mit-dem-erlernen-einer-fremdsprache-zu-beginnen\/\" target=\"_blank\" rel=\"noopener\">Europ\u00e4ischer Tag der Sprachen<\/a>\n\n&nbsp;\n\n&nbsp;]]>\t\t<\/p>\n","protected":false},"excerpt":{"rendered":"<p>\t\t\t\t<![CDATA[]]>\t\t<\/p>\n","protected":false},"author":7,"featured_media":3506,"comment_status":"closed","ping_status":"closed","sticky":false,"template":"","format":"standard","meta":{"footnotes":""},"categories":[16,160],"tags":[805,8239,8860],"class_list":{"0":"post-3504","1":"post","2":"type-post","3":"status-publish","4":"format-standard","5":"has-post-thumbnail","7":"category-gesundheit-pflege","8":"category-poessneck","9":"tag-ausbildung-altenpfleger","10":"tag-tet-fest","11":"tag-vietnamesisches-neujahrsfest"},"yoast_head":"<!-- This site is optimized with the Yoast SEO plugin v23.5 - https:\/\/yoast.com\/wordpress\/plugins\/seo\/ -->\n<title>Vietnamesisches Neujahrsfest an der Euro Akademie P\u00f6\u00dfneck - Das Euro Akademie Magazin<\/title>\n<meta name=\"description\" content=\"Die vietnamesischen Sch\u00fcler, die sich gerade mit einem Deutschkurs auf ihre Altenpflegerausbildung vorbereiten, feierten jetzt das &quot;Tet-Fest&quot;.\" \/>\n<meta name=\"robots\" content=\"index, follow, max-snippet:-1, max-image-preview:large, max-video-preview:-1\" \/>\n<link rel=\"canonical\" href=\"https:\/\/www.euroakademie.de\/magazin\/vietnamesisches-neujahrsfest-an-der-euro-akademie\/\" \/>\n<meta property=\"og:locale\" content=\"de_DE\" \/>\n<meta property=\"og:type\" content=\"article\" \/>\n<meta property=\"og:title\" content=\"Vietnamesisches Neujahrsfest an der Euro Akademie P\u00f6\u00dfneck - Das Euro Akademie Magazin\" \/>\n<meta property=\"og:description\" content=\"Die vietnamesischen Sch\u00fcler, die sich gerade mit einem Deutschkurs auf ihre Altenpflegerausbildung vorbereiten, feierten jetzt das &quot;Tet-Fest&quot;.\" \/>\n<meta property=\"og:url\" content=\"https:\/\/www.euroakademie.de\/magazin\/vietnamesisches-neujahrsfest-an-der-euro-akademie\/\" \/>\n<meta property=\"og:site_name\" content=\"Das Euro Akademie Magazin\" \/>\n<meta property=\"article:published_time\" content=\"2016-02-15T16:43:27+00:00\" \/>\n<meta property=\"article:modified_time\" content=\"2024-12-09T12:32:06+00:00\" \/>\n<meta property=\"og:image\" content=\"https:\/\/www.euroakademie.de\/magazin\/wp-content\/uploads\/2016\/02\/IMG_0552-702-web.jpg\" \/>\n\t<meta property=\"og:image:width\" content=\"702\" \/>\n\t<meta property=\"og:image:height\" content=\"336\" \/>\n\t<meta property=\"og:image:type\" content=\"image\/jpeg\" \/>\n<meta name=\"author\" content=\"Redaktion\" \/>\n<meta name=\"twitter:card\" content=\"summary_large_image\" \/>\n<meta name=\"twitter:label1\" content=\"Verfasst von\" \/>\n\t<meta name=\"twitter:data1\" content=\"Redaktion\" \/>\n\t<meta name=\"twitter:label2\" content=\"Gesch\u00e4tzte Lesezeit\" \/>\n\t<meta name=\"twitter:data2\" content=\"1\u00a0Minute\" \/>\n<script type=\"application\/ld+json\" class=\"yoast-schema-graph\">{\"@context\":\"https:\/\/schema.org\",\"@graph\":[{\"@type\":\"Article\",\"@id\":\"https:\/\/www.euroakademie.de\/magazin\/vietnamesisches-neujahrsfest-an-der-euro-akademie\/#article\",\"isPartOf\":{\"@id\":\"https:\/\/www.euroakademie.de\/magazin\/vietnamesisches-neujahrsfest-an-der-euro-akademie\/\"},\"author\":{\"name\":\"Redaktion\",\"@id\":\"https:\/\/www.euroakademie.de\/magazin\/#\/schema\/person\/6c9b7b6db765ee31640d80c936be3686\"},\"headline\":\"Vietnamesisches Neujahrsfest an der Euro Akademie P\u00f6\u00dfneck\",\"datePublished\":\"2016-02-15T16:43:27+00:00\",\"dateModified\":\"2024-12-09T12:32:06+00:00\",\"mainEntityOfPage\":{\"@id\":\"https:\/\/www.euroakademie.de\/magazin\/vietnamesisches-neujahrsfest-an-der-euro-akademie\/\"},\"wordCount\":287,\"publisher\":{\"@id\":\"https:\/\/www.euroakademie.de\/magazin\/#organization\"},\"image\":{\"@id\":\"https:\/\/www.euroakademie.de\/magazin\/vietnamesisches-neujahrsfest-an-der-euro-akademie\/#primaryimage\"},\"thumbnailUrl\":\"https:\/\/www.euroakademie.de\/magazin\/wp-content\/uploads\/2016\/02\/IMG_0552-702-web.jpg\",\"keywords\":[\"Ausbildung Altenpfleger\",\"Tet-Fest\",\"Vietnamesisches Neujahrsfest\"],\"articleSection\":[\"Gesundheit &amp; Pflege\",\"P\u00f6\u00dfneck\"],\"inLanguage\":\"de\"},{\"@type\":\"WebPage\",\"@id\":\"https:\/\/www.euroakademie.de\/magazin\/vietnamesisches-neujahrsfest-an-der-euro-akademie\/\",\"url\":\"https:\/\/www.euroakademie.de\/magazin\/vietnamesisches-neujahrsfest-an-der-euro-akademie\/\",\"name\":\"Vietnamesisches Neujahrsfest an der Euro Akademie P\u00f6\u00dfneck - Das Euro Akademie Magazin\",\"isPartOf\":{\"@id\":\"https:\/\/www.euroakademie.de\/magazin\/#website\"},\"primaryImageOfPage\":{\"@id\":\"https:\/\/www.euroakademie.de\/magazin\/vietnamesisches-neujahrsfest-an-der-euro-akademie\/#primaryimage\"},\"image\":{\"@id\":\"https:\/\/www.euroakademie.de\/magazin\/vietnamesisches-neujahrsfest-an-der-euro-akademie\/#primaryimage\"},\"thumbnailUrl\":\"https:\/\/www.euroakademie.de\/magazin\/wp-content\/uploads\/2016\/02\/IMG_0552-702-web.jpg\",\"datePublished\":\"2016-02-15T16:43:27+00:00\",\"dateModified\":\"2024-12-09T12:32:06+00:00\",\"description\":\"Die vietnamesischen Sch\u00fcler, die sich gerade mit einem Deutschkurs auf ihre Altenpflegerausbildung vorbereiten, feierten jetzt das \\\"Tet-Fest\\\".\",\"breadcrumb\":{\"@id\":\"https:\/\/www.euroakademie.de\/magazin\/vietnamesisches-neujahrsfest-an-der-euro-akademie\/#breadcrumb\"},\"inLanguage\":\"de\",\"potentialAction\":[{\"@type\":\"ReadAction\",\"target\":[\"https:\/\/www.euroakademie.de\/magazin\/vietnamesisches-neujahrsfest-an-der-euro-akademie\/\"]}]},{\"@type\":\"ImageObject\",\"inLanguage\":\"de\",\"@id\":\"https:\/\/www.euroakademie.de\/magazin\/vietnamesisches-neujahrsfest-an-der-euro-akademie\/#primaryimage\",\"url\":\"https:\/\/www.euroakademie.de\/magazin\/wp-content\/uploads\/2016\/02\/IMG_0552-702-web.jpg\",\"contentUrl\":\"https:\/\/www.euroakademie.de\/magazin\/wp-content\/uploads\/2016\/02\/IMG_0552-702-web.jpg\",\"width\":702,\"height\":336,\"caption\":\"\"},{\"@type\":\"BreadcrumbList\",\"@id\":\"https:\/\/www.euroakademie.de\/magazin\/vietnamesisches-neujahrsfest-an-der-euro-akademie\/#breadcrumb\",\"itemListElement\":[{\"@type\":\"ListItem\",\"position\":1,\"name\":\"Startseite\",\"item\":\"https:\/\/www.euroakademie.de\/magazin\/\"},{\"@type\":\"ListItem\",\"position\":2,\"name\":\"Vietnamesisches Neujahrsfest an der Euro Akademie P\u00f6\u00dfneck\"}]},{\"@type\":\"WebSite\",\"@id\":\"https:\/\/www.euroakademie.de\/magazin\/#website\",\"url\":\"https:\/\/www.euroakademie.de\/magazin\/\",\"name\":\"Das Euro Akademie Magazin\",\"description\":\"Gut informiert durch Ausbildung und Studium\",\"publisher\":{\"@id\":\"https:\/\/www.euroakademie.de\/magazin\/#organization\"},\"potentialAction\":[{\"@type\":\"SearchAction\",\"target\":{\"@type\":\"EntryPoint\",\"urlTemplate\":\"https:\/\/www.euroakademie.de\/magazin\/?s={search_term_string}\"},\"query-input\":{\"@type\":\"PropertyValueSpecification\",\"valueRequired\":true,\"valueName\":\"search_term_string\"}}],\"inLanguage\":\"de\"},{\"@type\":\"Organization\",\"@id\":\"https:\/\/www.euroakademie.de\/magazin\/#organization\",\"name\":\"ESO Education Group\",\"url\":\"https:\/\/www.euroakademie.de\/magazin\/\",\"logo\":{\"@type\":\"ImageObject\",\"inLanguage\":\"de\",\"@id\":\"https:\/\/www.euroakademie.de\/magazin\/#\/schema\/logo\/image\/\",\"url\":\"https:\/\/relaunch.euroakademie.de\/magazin\/wp-content\/uploads\/2024\/11\/Logo_EA_negativ_Rahmen_5cm_300dpi_RGB.jpg\",\"contentUrl\":\"https:\/\/relaunch.euroakademie.de\/magazin\/wp-content\/uploads\/2024\/11\/Logo_EA_negativ_Rahmen_5cm_300dpi_RGB.jpg\",\"width\":591,\"height\":236,\"caption\":\"ESO Education Group\"},\"image\":{\"@id\":\"https:\/\/www.euroakademie.de\/magazin\/#\/schema\/logo\/image\/\"}},{\"@type\":\"Person\",\"@id\":\"https:\/\/www.euroakademie.de\/magazin\/#\/schema\/person\/6c9b7b6db765ee31640d80c936be3686\",\"name\":\"Redaktion\",\"description\":\"Die Redaktion des Euro Akademie Magazins h\u00e4lt Sie regelm\u00e4\u00dfig mit hintergr\u00fcndigen Artikeln auf dem Laufenden. Auf Basis einer fundierten Recherche und mit Spa\u00df am Schreiben erstellen die Redakteur*innen informative und unterhaltsame Inhalte f\u00fcr Sie.\",\"url\":\"https:\/\/www.euroakademie.de\/magazin\/author\/redaktion\/\"}]}<\/script>\n<!-- \/ Yoast SEO plugin. -->","yoast_head_json":{"title":"Vietnamesisches Neujahrsfest an der Euro Akademie P\u00f6\u00dfneck - Das Euro Akademie Magazin","description":"Die vietnamesischen Sch\u00fcler, die sich gerade mit einem Deutschkurs auf ihre Altenpflegerausbildung vorbereiten, feierten jetzt das \"Tet-Fest\".","robots":{"index":"index","follow":"follow","max-snippet":"max-snippet:-1","max-image-preview":"max-image-preview:large","max-video-preview":"max-video-preview:-1"},"canonical":"https:\/\/www.euroakademie.de\/magazin\/vietnamesisches-neujahrsfest-an-der-euro-akademie\/","og_locale":"de_DE","og_type":"article","og_title":"Vietnamesisches Neujahrsfest an der Euro Akademie P\u00f6\u00dfneck - Das Euro Akademie Magazin","og_description":"Die vietnamesischen Sch\u00fcler, die sich gerade mit einem Deutschkurs auf ihre Altenpflegerausbildung vorbereiten, feierten jetzt das \"Tet-Fest\".","og_url":"https:\/\/www.euroakademie.de\/magazin\/vietnamesisches-neujahrsfest-an-der-euro-akademie\/","og_site_name":"Das Euro Akademie Magazin","article_published_time":"2016-02-15T16:43:27+00:00","article_modified_time":"2024-12-09T12:32:06+00:00","og_image":[{"width":702,"height":336,"url":"https:\/\/www.euroakademie.de\/magazin\/wp-content\/uploads\/2016\/02\/IMG_0552-702-web.jpg","type":"image\/jpeg"}],"author":"Redaktion","twitter_card":"summary_large_image","twitter_misc":{"Verfasst von":"Redaktion","Gesch\u00e4tzte Lesezeit":"1\u00a0Minute"},"schema":{"@context":"https:\/\/schema.org","@graph":[{"@type":"Article","@id":"https:\/\/www.euroakademie.de\/magazin\/vietnamesisches-neujahrsfest-an-der-euro-akademie\/#article","isPartOf":{"@id":"https:\/\/www.euroakademie.de\/magazin\/vietnamesisches-neujahrsfest-an-der-euro-akademie\/"},"author":{"name":"Redaktion","@id":"https:\/\/www.euroakademie.de\/magazin\/#\/schema\/person\/6c9b7b6db765ee31640d80c936be3686"},"headline":"Vietnamesisches Neujahrsfest an der Euro Akademie P\u00f6\u00dfneck","datePublished":"2016-02-15T16:43:27+00:00","dateModified":"2024-12-09T12:32:06+00:00","mainEntityOfPage":{"@id":"https:\/\/www.euroakademie.de\/magazin\/vietnamesisches-neujahrsfest-an-der-euro-akademie\/"},"wordCount":287,"publisher":{"@id":"https:\/\/www.euroakademie.de\/magazin\/#organization"},"image":{"@id":"https:\/\/www.euroakademie.de\/magazin\/vietnamesisches-neujahrsfest-an-der-euro-akademie\/#primaryimage"},"thumbnailUrl":"https:\/\/www.euroakademie.de\/magazin\/wp-content\/uploads\/2016\/02\/IMG_0552-702-web.jpg","keywords":["Ausbildung Altenpfleger","Tet-Fest","Vietnamesisches Neujahrsfest"],"articleSection":["Gesundheit &amp; Pflege","P\u00f6\u00dfneck"],"inLanguage":"de"},{"@type":"WebPage","@id":"https:\/\/www.euroakademie.de\/magazin\/vietnamesisches-neujahrsfest-an-der-euro-akademie\/","url":"https:\/\/www.euroakademie.de\/magazin\/vietnamesisches-neujahrsfest-an-der-euro-akademie\/","name":"Vietnamesisches Neujahrsfest an der Euro Akademie P\u00f6\u00dfneck - Das Euro Akademie Magazin","isPartOf":{"@id":"https:\/\/www.euroakademie.de\/magazin\/#website"},"primaryImageOfPage":{"@id":"https:\/\/www.euroakademie.de\/magazin\/vietnamesisches-neujahrsfest-an-der-euro-akademie\/#primaryimage"},"image":{"@id":"https:\/\/www.euroakademie.de\/magazin\/vietnamesisches-neujahrsfest-an-der-euro-akademie\/#primaryimage"},"thumbnailUrl":"https:\/\/www.euroakademie.de\/magazin\/wp-content\/uploads\/2016\/02\/IMG_0552-702-web.jpg","datePublished":"2016-02-15T16:43:27+00:00","dateModified":"2024-12-09T12:32:06+00:00","description":"Die vietnamesischen Sch\u00fcler, die sich gerade mit einem Deutschkurs auf ihre Altenpflegerausbildung vorbereiten, feierten jetzt das \"Tet-Fest\".","breadcrumb":{"@id":"https:\/\/www.euroakademie.de\/magazin\/vietnamesisches-neujahrsfest-an-der-euro-akademie\/#breadcrumb"},"inLanguage":"de","potentialAction":[{"@type":"ReadAction","target":["https:\/\/www.euroakademie.de\/magazin\/vietnamesisches-neujahrsfest-an-der-euro-akademie\/"]}]},{"@type":"ImageObject","inLanguage":"de","@id":"https:\/\/www.euroakademie.de\/magazin\/vietnamesisches-neujahrsfest-an-der-euro-akademie\/#primaryimage","url":"https:\/\/www.euroakademie.de\/magazin\/wp-content\/uploads\/2016\/02\/IMG_0552-702-web.jpg","contentUrl":"https:\/\/www.euroakademie.de\/magazin\/wp-content\/uploads\/2016\/02\/IMG_0552-702-web.jpg","width":702,"height":336,"caption":""},{"@type":"BreadcrumbList","@id":"https:\/\/www.euroakademie.de\/magazin\/vietnamesisches-neujahrsfest-an-der-euro-akademie\/#breadcrumb","itemListElement":[{"@type":"ListItem","position":1,"name":"Startseite","item":"https:\/\/www.euroakademie.de\/magazin\/"},{"@type":"ListItem","position":2,"name":"Vietnamesisches Neujahrsfest an der Euro Akademie P\u00f6\u00dfneck"}]},{"@type":"WebSite","@id":"https:\/\/www.euroakademie.de\/magazin\/#website","url":"https:\/\/www.euroakademie.de\/magazin\/","name":"Das Euro Akademie Magazin","description":"Gut informiert durch Ausbildung und Studium","publisher":{"@id":"https:\/\/www.euroakademie.de\/magazin\/#organization"},"potentialAction":[{"@type":"SearchAction","target":{"@type":"EntryPoint","urlTemplate":"https:\/\/www.euroakademie.de\/magazin\/?s={search_term_string}"},"query-input":{"@type":"PropertyValueSpecification","valueRequired":true,"valueName":"search_term_string"}}],"inLanguage":"de"},{"@type":"Organization","@id":"https:\/\/www.euroakademie.de\/magazin\/#organization","name":"ESO Education Group","url":"https:\/\/www.euroakademie.de\/magazin\/","logo":{"@type":"ImageObject","inLanguage":"de","@id":"https:\/\/www.euroakademie.de\/magazin\/#\/schema\/logo\/image\/","url":"https:\/\/relaunch.euroakademie.de\/magazin\/wp-content\/uploads\/2024\/11\/Logo_EA_negativ_Rahmen_5cm_300dpi_RGB.jpg","contentUrl":"https:\/\/relaunch.euroakademie.de\/magazin\/wp-content\/uploads\/2024\/11\/Logo_EA_negativ_Rahmen_5cm_300dpi_RGB.jpg","width":591,"height":236,"caption":"ESO Education Group"},"image":{"@id":"https:\/\/www.euroakademie.de\/magazin\/#\/schema\/logo\/image\/"}},{"@type":"Person","@id":"https:\/\/www.euroakademie.de\/magazin\/#\/schema\/person\/6c9b7b6db765ee31640d80c936be3686","name":"Redaktion","description":"Die Redaktion des Euro Akademie Magazins h\u00e4lt Sie regelm\u00e4\u00dfig mit hintergr\u00fcndigen Artikeln auf dem Laufenden. Auf Basis einer fundierten Recherche und mit Spa\u00df am Schreiben erstellen die Redakteur*innen informative und unterhaltsame Inhalte f\u00fcr Sie.","url":"https:\/\/www.euroakademie.de\/magazin\/author\/redaktion\/"}]}},"_links":{"self":[{"href":"https:\/\/www.euroakademie.de\/magazin\/wp-json\/wp\/v2\/posts\/3504","targetHints":{"allow":["GET"]}}],"collection":[{"href":"https:\/\/www.euroakademie.de\/magazin\/wp-json\/wp\/v2\/posts"}],"about":[{"href":"https:\/\/www.euroakademie.de\/magazin\/wp-json\/wp\/v2\/types\/post"}],"author":[{"embeddable":true,"href":"https:\/\/www.euroakademie.de\/magazin\/wp-json\/wp\/v2\/users\/7"}],"replies":[{"embeddable":true,"href":"https:\/\/www.euroakademie.de\/magazin\/wp-json\/wp\/v2\/comments?post=3504"}],"version-history":[{"count":2,"href":"https:\/\/www.euroakademie.de\/magazin\/wp-json\/wp\/v2\/posts\/3504\/revisions"}],"predecessor-version":[{"id":26640,"href":"https:\/\/www.euroakademie.de\/magazin\/wp-json\/wp\/v2\/posts\/3504\/revisions\/26640"}],"wp:featuredmedia":[{"embeddable":true,"href":"https:\/\/www.euroakademie.de\/magazin\/wp-json\/wp\/v2\/media\/3506"}],"wp:attachment":[{"href":"https:\/\/www.euroakademie.de\/magazin\/wp-json\/wp\/v2\/media?parent=3504"}],"wp:term":[{"taxonomy":"category","embeddable":true,"href":"https:\/\/www.euroakademie.de\/magazin\/wp-json\/wp\/v2\/categories?post=3504"},{"taxonomy":"post_tag","embeddable":true,"href":"https:\/\/www.euroakademie.de\/magazin\/wp-json\/wp\/v2\/tags?post=3504"}],"curies":[{"name":"wp","href":"https:\/\/api.w.org\/{rel}","templated":true}]}}