{"id":3712,"date":"2016-03-29T08:00:40","date_gmt":"2016-03-29T06:00:40","guid":{"rendered":"https:\/\/www.euroakademie.de\/magazin\/?p=3712"},"modified":"2024-12-09T09:10:46","modified_gmt":"2024-12-09T08:10:46","slug":"link-und-lesetipp-malbuch-die-kuh-macht","status":"publish","type":"post","link":"https:\/\/www.euroakademie.de\/magazin\/link-und-lesetipp-malbuch-die-kuh-macht\/","title":{"rendered":"Link- und Lesetipp: Die Kuh macht \u0645\u0648\u0648\u0648\u0648"},"content":{"rendered":"<p>\t\t\t\t<![CDATA[Noch immer hat sich die Lage in Syrien nicht entspannt und noch immer kommen Tag f\u00fcr Tag mehr Fl\u00fcchtlinge nach Deutschland. Unter ihnen sind aber nicht nur Erwachsene, die ihr Leben neu organisieren m\u00fcssen, sondern auch viele Kinder. Trotz der Schrecken in ihrer Heimat haben sie dennoch das Bed\u00fcrfnis zu spielen, zu lernen und andere Kinder kennenzulernen.\n\nDie Kleinen aus dem Ausland stellen f\u00fcr viele <a href=\"https:\/\/www.euroakademie.de\/bildungsangebote\/paedagogik-soziales\">Erzieher<\/a> eine Herausforderung dar. Durch den anderen Kulturkreis, ihre Erlebnisse und nicht zuletzt die Sprache ist es gar nicht so einfach, p\u00e4dagogisch wertvolle Inhalte zu vermitteln. Auf der anderen Seite l\u00e4sst sich die deutsche Sprache ohne kindgerechte Themen nur schwer vermitteln.\n\nUnterst\u00fctzung bekommen Erzieher und auch Lehrkr\u00e4fte von dem Portal PETAKids, der Kinder-, Eltern- und Lehrerseite der Tierrechtsorganisation PETA. Dieses bietet auf seiner Homepage ein Malbuch zum kostenlosen Download an. Der Clou: Die kurzen Texte im <a href=\"http:\/\/www.peta.de\/unterrichtsmaterial#.Vuwf4vFf_yX\" target=\"_blank\" rel=\"noopener\">\u201eMal- und Lesespa\u00df f\u00fcr Kinder\u201c<\/a> sind auf Deutsch, Arabisch und Afghanisch.\n\n<strong>Das k\u00f6nnte Sie auch interessieren:<\/strong>\n\n<a href=\"https:\/\/www.euroakademie.de\/magazin\/ausbildung-des-monats-erzieher\/\">Ausbildung des Monats: Erzieher<\/a>\nLink- und Lesetipp: \u201eDie Kita als einen sicheren Ort entdecken!\u201c\n<a href=\"https:\/\/www.euroakademie.de\/magazin\/link-und-lesetipp-die-vorboten-einer-neuzeitlichen-voelkerwanderung\/\">Link- und Lesetipp: Die Vorboten einer neuzeitlichen V\u00f6lkerwanderung<\/a>]]>\t\t<\/p>\n","protected":false},"excerpt":{"rendered":"<p>\t\t\t\t<![CDATA[]]>\t\t<\/p>\n","protected":false},"author":7,"featured_media":7051,"comment_status":"closed","ping_status":"closed","sticky":false,"template":"","format":"standard","meta":{"footnotes":""},"categories":[139,19,172],"tags":[304,562,2587,3040,4489,5278,5419],"class_list":{"0":"post-3712","1":"post","2":"type-post","3":"status-publish","4":"format-standard","5":"has-post-thumbnail","7":"category-lesetipps","8":"category-paedagogik-soziales","9":"category-100-tipps-tricks","10":"tag-afghanisch","11":"tag-arabisch","12":"tag-erzieher","13":"tag-fluechtlinge","14":"tag-kinder","15":"tag-lesebuch","16":"tag-malbuch"},"yoast_head":"<!-- This site is optimized with the Yoast SEO plugin v23.5 - https:\/\/yoast.com\/wordpress\/plugins\/seo\/ -->\n<title>Link- und Lesetipp: Malbuch: Die Kuh macht<\/title>\n<meta name=\"description\" content=\"Noch immer kommen Tag f\u00fcr Tag mehr Fl\u00fcchtlinge nach Deutschland. Die Kinder stellen f\u00fcr Erzieher eine gro\u00dfe Herausforderung dar. Ein Malbuch hilft.\" \/>\n<meta name=\"robots\" content=\"index, follow, max-snippet:-1, max-image-preview:large, max-video-preview:-1\" \/>\n<link rel=\"canonical\" href=\"https:\/\/www.euroakademie.de\/magazin\/link-und-lesetipp-malbuch-die-kuh-macht\/\" \/>\n<meta property=\"og:locale\" content=\"de_DE\" \/>\n<meta property=\"og:type\" content=\"article\" \/>\n<meta property=\"og:title\" content=\"Link- und Lesetipp: Malbuch: Die Kuh macht\" \/>\n<meta property=\"og:description\" content=\"Noch immer kommen Tag f\u00fcr Tag mehr Fl\u00fcchtlinge nach Deutschland. Die Kinder stellen f\u00fcr Erzieher eine gro\u00dfe Herausforderung dar. Ein Malbuch hilft.\" \/>\n<meta property=\"og:url\" content=\"https:\/\/www.euroakademie.de\/magazin\/link-und-lesetipp-malbuch-die-kuh-macht\/\" \/>\n<meta property=\"og:site_name\" content=\"Das Euro Akademie Magazin\" \/>\n<meta property=\"article:published_time\" content=\"2016-03-29T06:00:40+00:00\" \/>\n<meta property=\"article:modified_time\" content=\"2024-12-09T08:10:46+00:00\" \/>\n<meta property=\"og:image\" content=\"https:\/\/www.euroakademie.de\/magazin\/wp-content\/uploads\/2016\/03\/shutterstock_585998702_702x336_web.jpg\" \/>\n\t<meta property=\"og:image:width\" content=\"702\" \/>\n\t<meta property=\"og:image:height\" content=\"335\" \/>\n\t<meta property=\"og:image:type\" content=\"image\/jpeg\" \/>\n<meta name=\"author\" content=\"Redaktion\" \/>\n<meta name=\"twitter:card\" content=\"summary_large_image\" \/>\n<meta name=\"twitter:label1\" content=\"Verfasst von\" \/>\n\t<meta name=\"twitter:data1\" content=\"Redaktion\" \/>\n\t<meta name=\"twitter:label2\" content=\"Gesch\u00e4tzte Lesezeit\" \/>\n\t<meta name=\"twitter:data2\" content=\"1\u00a0Minute\" \/>\n<script type=\"application\/ld+json\" class=\"yoast-schema-graph\">{\"@context\":\"https:\/\/schema.org\",\"@graph\":[{\"@type\":\"Article\",\"@id\":\"https:\/\/www.euroakademie.de\/magazin\/link-und-lesetipp-malbuch-die-kuh-macht\/#article\",\"isPartOf\":{\"@id\":\"https:\/\/www.euroakademie.de\/magazin\/link-und-lesetipp-malbuch-die-kuh-macht\/\"},\"author\":{\"name\":\"Redaktion\",\"@id\":\"https:\/\/www.euroakademie.de\/magazin\/#\/schema\/person\/6c9b7b6db765ee31640d80c936be3686\"},\"headline\":\"Link- und Lesetipp: Die Kuh macht \u0645\u0648\u0648\u0648\u0648\",\"datePublished\":\"2016-03-29T06:00:40+00:00\",\"dateModified\":\"2024-12-09T08:10:46+00:00\",\"mainEntityOfPage\":{\"@id\":\"https:\/\/www.euroakademie.de\/magazin\/link-und-lesetipp-malbuch-die-kuh-macht\/\"},\"wordCount\":127,\"publisher\":{\"@id\":\"https:\/\/www.euroakademie.de\/magazin\/#organization\"},\"image\":{\"@id\":\"https:\/\/www.euroakademie.de\/magazin\/link-und-lesetipp-malbuch-die-kuh-macht\/#primaryimage\"},\"thumbnailUrl\":\"https:\/\/www.euroakademie.de\/magazin\/wp-content\/uploads\/2016\/03\/shutterstock_585998702_702x336_web.jpg\",\"keywords\":[\"afghanisch\",\"arabisch\",\"Erzieher\",\"Fl\u00fcchtlinge\",\"Kinder\",\"Lesebuch\",\"Malbuch\"],\"articleSection\":[\"Link- und Lesetipps\",\"P\u00e4dagogik &amp; Soziales\",\"Tipps &amp; Tricks\"],\"inLanguage\":\"de\"},{\"@type\":\"WebPage\",\"@id\":\"https:\/\/www.euroakademie.de\/magazin\/link-und-lesetipp-malbuch-die-kuh-macht\/\",\"url\":\"https:\/\/www.euroakademie.de\/magazin\/link-und-lesetipp-malbuch-die-kuh-macht\/\",\"name\":\"Link- und Lesetipp: Malbuch: Die Kuh macht\",\"isPartOf\":{\"@id\":\"https:\/\/www.euroakademie.de\/magazin\/#website\"},\"primaryImageOfPage\":{\"@id\":\"https:\/\/www.euroakademie.de\/magazin\/link-und-lesetipp-malbuch-die-kuh-macht\/#primaryimage\"},\"image\":{\"@id\":\"https:\/\/www.euroakademie.de\/magazin\/link-und-lesetipp-malbuch-die-kuh-macht\/#primaryimage\"},\"thumbnailUrl\":\"https:\/\/www.euroakademie.de\/magazin\/wp-content\/uploads\/2016\/03\/shutterstock_585998702_702x336_web.jpg\",\"datePublished\":\"2016-03-29T06:00:40+00:00\",\"dateModified\":\"2024-12-09T08:10:46+00:00\",\"description\":\"Noch immer kommen Tag f\u00fcr Tag mehr Fl\u00fcchtlinge nach Deutschland. Die Kinder stellen f\u00fcr Erzieher eine gro\u00dfe Herausforderung dar. Ein Malbuch hilft.\",\"breadcrumb\":{\"@id\":\"https:\/\/www.euroakademie.de\/magazin\/link-und-lesetipp-malbuch-die-kuh-macht\/#breadcrumb\"},\"inLanguage\":\"de\",\"potentialAction\":[{\"@type\":\"ReadAction\",\"target\":[\"https:\/\/www.euroakademie.de\/magazin\/link-und-lesetipp-malbuch-die-kuh-macht\/\"]}]},{\"@type\":\"ImageObject\",\"inLanguage\":\"de\",\"@id\":\"https:\/\/www.euroakademie.de\/magazin\/link-und-lesetipp-malbuch-die-kuh-macht\/#primaryimage\",\"url\":\"https:\/\/www.euroakademie.de\/magazin\/wp-content\/uploads\/2016\/03\/shutterstock_585998702_702x336_web.jpg\",\"contentUrl\":\"https:\/\/www.euroakademie.de\/magazin\/wp-content\/uploads\/2016\/03\/shutterstock_585998702_702x336_web.jpg\",\"width\":702,\"height\":335,\"caption\":\"\"},{\"@type\":\"BreadcrumbList\",\"@id\":\"https:\/\/www.euroakademie.de\/magazin\/link-und-lesetipp-malbuch-die-kuh-macht\/#breadcrumb\",\"itemListElement\":[{\"@type\":\"ListItem\",\"position\":1,\"name\":\"Startseite\",\"item\":\"https:\/\/www.euroakademie.de\/magazin\/\"},{\"@type\":\"ListItem\",\"position\":2,\"name\":\"Link- und Lesetipp: Die Kuh macht \u0645\u0648\u0648\u0648\u0648\"}]},{\"@type\":\"WebSite\",\"@id\":\"https:\/\/www.euroakademie.de\/magazin\/#website\",\"url\":\"https:\/\/www.euroakademie.de\/magazin\/\",\"name\":\"Das Euro Akademie Magazin\",\"description\":\"Gut informiert durch Ausbildung und Studium\",\"publisher\":{\"@id\":\"https:\/\/www.euroakademie.de\/magazin\/#organization\"},\"potentialAction\":[{\"@type\":\"SearchAction\",\"target\":{\"@type\":\"EntryPoint\",\"urlTemplate\":\"https:\/\/www.euroakademie.de\/magazin\/?s={search_term_string}\"},\"query-input\":{\"@type\":\"PropertyValueSpecification\",\"valueRequired\":true,\"valueName\":\"search_term_string\"}}],\"inLanguage\":\"de\"},{\"@type\":\"Organization\",\"@id\":\"https:\/\/www.euroakademie.de\/magazin\/#organization\",\"name\":\"ESO Education Group\",\"url\":\"https:\/\/www.euroakademie.de\/magazin\/\",\"logo\":{\"@type\":\"ImageObject\",\"inLanguage\":\"de\",\"@id\":\"https:\/\/www.euroakademie.de\/magazin\/#\/schema\/logo\/image\/\",\"url\":\"https:\/\/relaunch.euroakademie.de\/magazin\/wp-content\/uploads\/2024\/11\/Logo_EA_negativ_Rahmen_5cm_300dpi_RGB.jpg\",\"contentUrl\":\"https:\/\/relaunch.euroakademie.de\/magazin\/wp-content\/uploads\/2024\/11\/Logo_EA_negativ_Rahmen_5cm_300dpi_RGB.jpg\",\"width\":591,\"height\":236,\"caption\":\"ESO Education Group\"},\"image\":{\"@id\":\"https:\/\/www.euroakademie.de\/magazin\/#\/schema\/logo\/image\/\"}},{\"@type\":\"Person\",\"@id\":\"https:\/\/www.euroakademie.de\/magazin\/#\/schema\/person\/6c9b7b6db765ee31640d80c936be3686\",\"name\":\"Redaktion\",\"description\":\"Die Redaktion des Euro Akademie Magazins h\u00e4lt Sie regelm\u00e4\u00dfig mit hintergr\u00fcndigen Artikeln auf dem Laufenden. Auf Basis einer fundierten Recherche und mit Spa\u00df am Schreiben erstellen die Redakteur*innen informative und unterhaltsame Inhalte f\u00fcr Sie.\",\"url\":\"https:\/\/www.euroakademie.de\/magazin\/author\/redaktion\/\"}]}<\/script>\n<!-- \/ Yoast SEO plugin. -->","yoast_head_json":{"title":"Link- und Lesetipp: Malbuch: Die Kuh macht","description":"Noch immer kommen Tag f\u00fcr Tag mehr Fl\u00fcchtlinge nach Deutschland. Die Kinder stellen f\u00fcr Erzieher eine gro\u00dfe Herausforderung dar. Ein Malbuch hilft.","robots":{"index":"index","follow":"follow","max-snippet":"max-snippet:-1","max-image-preview":"max-image-preview:large","max-video-preview":"max-video-preview:-1"},"canonical":"https:\/\/www.euroakademie.de\/magazin\/link-und-lesetipp-malbuch-die-kuh-macht\/","og_locale":"de_DE","og_type":"article","og_title":"Link- und Lesetipp: Malbuch: Die Kuh macht","og_description":"Noch immer kommen Tag f\u00fcr Tag mehr Fl\u00fcchtlinge nach Deutschland. Die Kinder stellen f\u00fcr Erzieher eine gro\u00dfe Herausforderung dar. Ein Malbuch hilft.","og_url":"https:\/\/www.euroakademie.de\/magazin\/link-und-lesetipp-malbuch-die-kuh-macht\/","og_site_name":"Das Euro Akademie Magazin","article_published_time":"2016-03-29T06:00:40+00:00","article_modified_time":"2024-12-09T08:10:46+00:00","og_image":[{"width":702,"height":335,"url":"https:\/\/www.euroakademie.de\/magazin\/wp-content\/uploads\/2016\/03\/shutterstock_585998702_702x336_web.jpg","type":"image\/jpeg"}],"author":"Redaktion","twitter_card":"summary_large_image","twitter_misc":{"Verfasst von":"Redaktion","Gesch\u00e4tzte Lesezeit":"1\u00a0Minute"},"schema":{"@context":"https:\/\/schema.org","@graph":[{"@type":"Article","@id":"https:\/\/www.euroakademie.de\/magazin\/link-und-lesetipp-malbuch-die-kuh-macht\/#article","isPartOf":{"@id":"https:\/\/www.euroakademie.de\/magazin\/link-und-lesetipp-malbuch-die-kuh-macht\/"},"author":{"name":"Redaktion","@id":"https:\/\/www.euroakademie.de\/magazin\/#\/schema\/person\/6c9b7b6db765ee31640d80c936be3686"},"headline":"Link- und Lesetipp: Die Kuh macht \u0645\u0648\u0648\u0648\u0648","datePublished":"2016-03-29T06:00:40+00:00","dateModified":"2024-12-09T08:10:46+00:00","mainEntityOfPage":{"@id":"https:\/\/www.euroakademie.de\/magazin\/link-und-lesetipp-malbuch-die-kuh-macht\/"},"wordCount":127,"publisher":{"@id":"https:\/\/www.euroakademie.de\/magazin\/#organization"},"image":{"@id":"https:\/\/www.euroakademie.de\/magazin\/link-und-lesetipp-malbuch-die-kuh-macht\/#primaryimage"},"thumbnailUrl":"https:\/\/www.euroakademie.de\/magazin\/wp-content\/uploads\/2016\/03\/shutterstock_585998702_702x336_web.jpg","keywords":["afghanisch","arabisch","Erzieher","Fl\u00fcchtlinge","Kinder","Lesebuch","Malbuch"],"articleSection":["Link- und Lesetipps","P\u00e4dagogik &amp; Soziales","Tipps &amp; Tricks"],"inLanguage":"de"},{"@type":"WebPage","@id":"https:\/\/www.euroakademie.de\/magazin\/link-und-lesetipp-malbuch-die-kuh-macht\/","url":"https:\/\/www.euroakademie.de\/magazin\/link-und-lesetipp-malbuch-die-kuh-macht\/","name":"Link- und Lesetipp: Malbuch: Die Kuh macht","isPartOf":{"@id":"https:\/\/www.euroakademie.de\/magazin\/#website"},"primaryImageOfPage":{"@id":"https:\/\/www.euroakademie.de\/magazin\/link-und-lesetipp-malbuch-die-kuh-macht\/#primaryimage"},"image":{"@id":"https:\/\/www.euroakademie.de\/magazin\/link-und-lesetipp-malbuch-die-kuh-macht\/#primaryimage"},"thumbnailUrl":"https:\/\/www.euroakademie.de\/magazin\/wp-content\/uploads\/2016\/03\/shutterstock_585998702_702x336_web.jpg","datePublished":"2016-03-29T06:00:40+00:00","dateModified":"2024-12-09T08:10:46+00:00","description":"Noch immer kommen Tag f\u00fcr Tag mehr Fl\u00fcchtlinge nach Deutschland. Die Kinder stellen f\u00fcr Erzieher eine gro\u00dfe Herausforderung dar. Ein Malbuch hilft.","breadcrumb":{"@id":"https:\/\/www.euroakademie.de\/magazin\/link-und-lesetipp-malbuch-die-kuh-macht\/#breadcrumb"},"inLanguage":"de","potentialAction":[{"@type":"ReadAction","target":["https:\/\/www.euroakademie.de\/magazin\/link-und-lesetipp-malbuch-die-kuh-macht\/"]}]},{"@type":"ImageObject","inLanguage":"de","@id":"https:\/\/www.euroakademie.de\/magazin\/link-und-lesetipp-malbuch-die-kuh-macht\/#primaryimage","url":"https:\/\/www.euroakademie.de\/magazin\/wp-content\/uploads\/2016\/03\/shutterstock_585998702_702x336_web.jpg","contentUrl":"https:\/\/www.euroakademie.de\/magazin\/wp-content\/uploads\/2016\/03\/shutterstock_585998702_702x336_web.jpg","width":702,"height":335,"caption":""},{"@type":"BreadcrumbList","@id":"https:\/\/www.euroakademie.de\/magazin\/link-und-lesetipp-malbuch-die-kuh-macht\/#breadcrumb","itemListElement":[{"@type":"ListItem","position":1,"name":"Startseite","item":"https:\/\/www.euroakademie.de\/magazin\/"},{"@type":"ListItem","position":2,"name":"Link- und Lesetipp: Die Kuh macht \u0645\u0648\u0648\u0648\u0648"}]},{"@type":"WebSite","@id":"https:\/\/www.euroakademie.de\/magazin\/#website","url":"https:\/\/www.euroakademie.de\/magazin\/","name":"Das Euro Akademie Magazin","description":"Gut informiert durch Ausbildung und Studium","publisher":{"@id":"https:\/\/www.euroakademie.de\/magazin\/#organization"},"potentialAction":[{"@type":"SearchAction","target":{"@type":"EntryPoint","urlTemplate":"https:\/\/www.euroakademie.de\/magazin\/?s={search_term_string}"},"query-input":{"@type":"PropertyValueSpecification","valueRequired":true,"valueName":"search_term_string"}}],"inLanguage":"de"},{"@type":"Organization","@id":"https:\/\/www.euroakademie.de\/magazin\/#organization","name":"ESO Education Group","url":"https:\/\/www.euroakademie.de\/magazin\/","logo":{"@type":"ImageObject","inLanguage":"de","@id":"https:\/\/www.euroakademie.de\/magazin\/#\/schema\/logo\/image\/","url":"https:\/\/relaunch.euroakademie.de\/magazin\/wp-content\/uploads\/2024\/11\/Logo_EA_negativ_Rahmen_5cm_300dpi_RGB.jpg","contentUrl":"https:\/\/relaunch.euroakademie.de\/magazin\/wp-content\/uploads\/2024\/11\/Logo_EA_negativ_Rahmen_5cm_300dpi_RGB.jpg","width":591,"height":236,"caption":"ESO Education Group"},"image":{"@id":"https:\/\/www.euroakademie.de\/magazin\/#\/schema\/logo\/image\/"}},{"@type":"Person","@id":"https:\/\/www.euroakademie.de\/magazin\/#\/schema\/person\/6c9b7b6db765ee31640d80c936be3686","name":"Redaktion","description":"Die Redaktion des Euro Akademie Magazins h\u00e4lt Sie regelm\u00e4\u00dfig mit hintergr\u00fcndigen Artikeln auf dem Laufenden. Auf Basis einer fundierten Recherche und mit Spa\u00df am Schreiben erstellen die Redakteur*innen informative und unterhaltsame Inhalte f\u00fcr Sie.","url":"https:\/\/www.euroakademie.de\/magazin\/author\/redaktion\/"}]}},"_links":{"self":[{"href":"https:\/\/www.euroakademie.de\/magazin\/wp-json\/wp\/v2\/posts\/3712","targetHints":{"allow":["GET"]}}],"collection":[{"href":"https:\/\/www.euroakademie.de\/magazin\/wp-json\/wp\/v2\/posts"}],"about":[{"href":"https:\/\/www.euroakademie.de\/magazin\/wp-json\/wp\/v2\/types\/post"}],"author":[{"embeddable":true,"href":"https:\/\/www.euroakademie.de\/magazin\/wp-json\/wp\/v2\/users\/7"}],"replies":[{"embeddable":true,"href":"https:\/\/www.euroakademie.de\/magazin\/wp-json\/wp\/v2\/comments?post=3712"}],"version-history":[{"count":2,"href":"https:\/\/www.euroakademie.de\/magazin\/wp-json\/wp\/v2\/posts\/3712\/revisions"}],"predecessor-version":[{"id":26220,"href":"https:\/\/www.euroakademie.de\/magazin\/wp-json\/wp\/v2\/posts\/3712\/revisions\/26220"}],"wp:featuredmedia":[{"embeddable":true,"href":"https:\/\/www.euroakademie.de\/magazin\/wp-json\/wp\/v2\/media\/7051"}],"wp:attachment":[{"href":"https:\/\/www.euroakademie.de\/magazin\/wp-json\/wp\/v2\/media?parent=3712"}],"wp:term":[{"taxonomy":"category","embeddable":true,"href":"https:\/\/www.euroakademie.de\/magazin\/wp-json\/wp\/v2\/categories?post=3712"},{"taxonomy":"post_tag","embeddable":true,"href":"https:\/\/www.euroakademie.de\/magazin\/wp-json\/wp\/v2\/tags?post=3712"}],"curies":[{"name":"wp","href":"https:\/\/api.w.org\/{rel}","templated":true}]}}