{"id":3960,"date":"2016-04-27T08:30:36","date_gmt":"2016-04-27T06:30:36","guid":{"rendered":"https:\/\/www.euroakademie.de\/magazin\/?p=3960"},"modified":"2024-12-09T13:32:37","modified_gmt":"2024-12-09T12:32:37","slug":"krankenpflegehelfer-auf-umwegen-interview","status":"publish","type":"post","link":"https:\/\/www.euroakademie.de\/magazin\/krankenpflegehelfer-auf-umwegen-interview\/","title":{"rendered":"Krankenpflegehelfer auf Umwegen: Interview mit Samanta Moog"},"content":{"rendered":"<p>\t\t\t\t<![CDATA[<strong>Samanta Moog ist keinen geradlinigen Bildungsweg gegangen. Zu bereuen gibt es f\u00fcr sie aber nichts, denn trotz allem steht sie heute mit guten Aussichten auf dem Arbeitsmarkt: Den Realschulabschluss und die abgeschlossene <a href=\"http:\/\/www.euroakademie.de\/de\/standorte\/goerlitz\/ausbildung\/krankenpflegehelfer.html\">Ausbildung zum Krankenpflegehelfer<\/a> hat sie dank der <a href=\"https:\/\/www.euroakademie.de\/goerlitz\">Euro Akademie G\u00f6rlitz<\/a> in der Tasche.<\/strong>\n\nIn dem folgenden Ausschnitt aus einem Interview aus der Zeit ihrer Ausbildung erz\u00e4hlt sie nicht nur von den Strukturen und Inhalten des Unterrichts, sondern auch von den Werten, die dort vermittelt werden. Selbst mit Hauptschulabschluss wurde sie mit offenen Armen von der Euro Akademie G\u00f6rlitz aufgenommen. Frau Moog wei\u00df heute, dass die Richtung, die sie eingeschlagen hat, sie gepr\u00e4gt und zu dem Menschen gemacht hat, der sie ist.\n\nDas vollst\u00e4ndige Interview finden Sie in unserem <a href=\"https:\/\/www.youtube.com\/watch?v=iuD57VO43OM&amp;feature=youtu.be\">YouTube-Kanal<\/a>.\n\n<a href=\"https:\/\/relaunch.euroakademie.de\/magazin\/wp-content\/uploads\/2016\/04\/SamantaMoog.jpg\"><img fetchpriority=\"high\" decoding=\"async\" class=\"alignleft wp-image-3964 size-medium\" src=\"https:\/\/relaunch.euroakademie.de\/magazin\/wp-content\/uploads\/2016\/04\/SamantaMoog-300x262.jpg\" alt=\"Krankenpflegehelfer Samanta Moog\" width=\"300\" height=\"262\" srcset=\"https:\/\/www.euroakademie.de\/magazin\/wp-content\/uploads\/2016\/04\/SamantaMoog-300x262.jpg 300w, https:\/\/www.euroakademie.de\/magazin\/wp-content\/uploads\/2016\/04\/SamantaMoog-150x131.jpg 150w, https:\/\/www.euroakademie.de\/magazin\/wp-content\/uploads\/2016\/04\/SamantaMoog-450x393.jpg 450w, https:\/\/www.euroakademie.de\/magazin\/wp-content\/uploads\/2016\/04\/SamantaMoog.jpg 505w\" sizes=\"(max-width: 300px) 100vw, 300px\" \/><\/a><em><strong>Wieso haben Sie sich bei Ihrer Ausbildung zum Krankenpflegehelfer f\u00fcr die Euro Akademie entschieden?<\/strong><\/em>\n\nMich hat an der Euro Akademie \u00fcberzeugt, dass bis jetzt die Abgangssch\u00fcler zum gr\u00f6\u00dften Teil bestanden haben \u2013 und das auch mit Bravour \u2013 und nur positiv davon gesprochen haben.\n\n<strong><em>Was spricht Sie am Konzept der Euro Akademie besonders an?<\/em> <\/strong>\n\nAn der Ausbildung macht mir besonders Spa\u00df, dass man Lehrkr\u00e4fte hat, die aus der Praxis kommen, mit denen man aber auch eine pers\u00f6nliche Bindung aufbauen kann, weil sie viele Emotionen teilen k\u00f6nnen. Es ist im Unterricht sehr professionell und man lernt unheimlich viel, aber man kann sich nat\u00fcrlich auch immer, wenn man Probleme oder Sorgen hat, an die Lehrer wenden. Deshalb macht mir der ganze Unterricht eigentlich so viel Spa\u00df.\n\n<em><strong>W\u00fcrden Sie eine Ausbildung an der Euro Akademie weiterempfehlen?<\/strong><\/em>\n\nIch w\u00fcrde die Euro Akademie meinen Freunden und Bekannten auf jeden Fall empfehlen, da der Praxisbezug zur Theorie sehr gut hergestellt wird. Man kann die Theorie sehr gut verinnerlichen.\nJa, und generell von den R\u00e4umlichkeiten her, von der ganzen Atmosph\u00e4re und weil man nat\u00fcrlich eine Klasse hat mit unterschiedlichem Alter. Es sind nicht alle gleich alt und somit kann jeder immer vom anderen lernen.\nIch w\u00fcrde es definitiv empfehlen, weil es einen Riesenspa\u00df macht.\n\n<em><strong>Ein Krankenpflegehelfer ist aber nicht in Unterrichtsr\u00e4umen t\u00e4tig. Wie steht es mit dem Praxisbezug bei der schulischen Ausbildung?<\/strong><\/em>\n\nDer praktische Teil [&#8230;] in meiner Ausbildung besteht darin, dass man drei bis vier Praktika im Altenheim absolvieren muss und f\u00fcr die restliche Ausbildung finden die Praxiseins\u00e4tze nur noch im Krankenhaus statt.\nMan muss nach jedem Einsatz eine Praxisbeurteilung schreiben [&#8230;] und auch einen Praxisauftrag erf\u00fcllen. Schon alleine da lernt man unheimlich viel und reflektiert sich auch selber.\nWas ich gelernt habe, kann ich nicht in wenige Worte fassen. Das war schon eine Menge.\n\n<strong><em>Was in den Praxisphasen ist Ihnen besonders im Ged\u00e4chtnis geblieben?<\/em> <\/strong>\n\nBei der Arbeit mit \u00e4lteren Menschen hat mich besonders deren Vergangenheit beeindruckt oder, dass sie einfach nicht so oberfl\u00e4chlich sind wie manche Jugendliche heutzutage. Die Gespr\u00e4che haben eigentlich tiefgr\u00fcndig stattgefunden und dabei trotzdem Spa\u00df gemacht. Man hat es dann nicht unbedingt als Arbeit angesehen.\nBesonders beeindruckt hat mich an manchen Bewohnern, dass sie zum Beispiel den Zweiten Weltkrieg miterlebt haben, sie haben die Wende miterlebt. Eigentlich ist ihnen viel Leid widerfahren im Leben, sie sind aber trotzdem noch unheimlich aufgeschlossen, beantworten alle Fragen, die man so hat, und akzeptieren einen, so wie man ist. [&#8230;]\n\n<em><strong>Wie wird gelernt, was f\u00fcr einen Krankenpflegehelfer wichtig ist?<\/strong><\/em>\n\nEffektive Lernmethoden, die an der Euro Akademie stattfinden, sind zum Beispiel das alleinige Arbeiten am PC [&#8230;], eigene Recherchen und irgendwelche Prospekte anfertigen. Dann nat\u00fcrlich auch Plakate erstellen oder Mind-Maps. Es wird viel mit Bildern und nicht nur mit Texten und Kopien gearbeitet, was nat\u00fcrlich auch sehr gut ist. Somit lernt man nat\u00fcrlich auch effektiver, weil es viel freundlicher und \u00fcbersichtlicher r\u00fcberkommt. Das ist auch eine St\u00e4rke.\n\n\n<h2>Pers\u00f6nliche Entwicklung auf dem Weg zum Krankenpflegehelfer<\/h2>\n\n\n<em><strong>Was hat Sie in der Ausbildung am meisten gepr\u00e4gt?<\/strong> <\/em>\n\nDie Euro Akademie hat ja den Slogan \u201ePers\u00f6nlichkeit durch Bildung\u201c, wo ich definitiv zustimme. Ich selber habe das nat\u00fcrlich auch gemerkt. Nicht nur, weil wir Schule hatten, sondern durch die ganzen Praxiseins\u00e4tze und eben dieses Selber-Reflektieren und Selber-An-Sich-Arbeiten und Einsch\u00e4tzen-M\u00fcssen, was mache ich im n\u00e4chsten Praktikum besser, [&#8230;] hat sich meine Pers\u00f6nlichkeit schon entwickelt.\nMan hat viele Menschen kennengelernt, auch gerade in der Klasse durch das unterschiedliche Alter. Man hat viele unterschiedliche Lehrer kennengelernt [&#8230;]. Es hat unheimlich viel Spa\u00df gemacht und ich w\u00fcrde schon sagen, es hat meine Pers\u00f6nlichkeit ver\u00e4ndert, wenn man auch mal merkt, wie es anderen Menschen geht, oder wenn man anderen Menschen hilft und f\u00fcr sie da ist und nicht immer nur an sich selber denkt.\n\n<em><strong>Haben Sie Tipps f\u00fcr alle, die gerade \u00fcberlegen, an die Euro Akademie zu gehen?<\/strong><\/em>\n\nWas ich definitiv noch allen mit auf den Weg geben kann: Wenn man auch nur mit einem Hauptschulabschluss die Schule verlassen hat, hat man an der Euro Akademie noch die Chance, zu der Ausbildung zus\u00e4tzlich noch den Realschulabschluss zu erlangen, um nat\u00fcrlich auch den Grundstein f\u00fcr weitere berufliche Wege zu legen. [&#8230;] Man wird halt auf dem Level gef\u00f6rdert, das man besessen hat, und nat\u00fcrlich noch weit dar\u00fcber hinaus.\nAlso am Anfang war es mir auch relativ unangenehm, bin ich ehrlich, aber mittlerweile ist das total super und ich wei\u00df, ich bekomme das zu meinen Abschlusspr\u00fcfungen dazu. [&#8230;]\n\n<em><strong>Sind Sie jetzt selbstbewusster?<\/strong><\/em>\n\nJa, also ich habe schon ein Selbstbewusstsein entwickelt. H\u00e4tte man mich vor zwei Jahren noch gefragt, h\u00e4tte ich dagestanden und h\u00e4tte gesagt: \u201eNaja, ich habe einen Hauptschulabschluss&#8230;\u201c Heute sage ich: \u201eJa! Ich hatte einen Hauptschulabschluss und jetzt habe ich eine abgeschlossene Berufsausbildung und einen Realschulabschluss und mache jetzt noch weiter.\u201c Was will man mehr.\n\n<em><strong>Das klingt, als haben Sie eine strahlende Zukunft vor sich. Wir w\u00fcnschen Ihnen alles Gute.\nVielen Dank f\u00fcr das Interview.<\/strong><\/em>\n\n<a href=\"https:\/\/www.youtube.com\/watch?v=iuD57VO43OM\" target=\"_blank\" rel=\"noopener noreferrer\">Sehen Sie alle vollst\u00e4ndigen Antworten von Samanta Moog auf YouTube.<\/a>]]>\t\t<\/p>\n","protected":false},"excerpt":{"rendered":"<p>\t\t\t\t<![CDATA[]]>\t\t<\/p>\n","protected":false},"author":7,"featured_media":7028,"comment_status":"closed","ping_status":"closed","sticky":false,"template":"","format":"standard","meta":{"footnotes":""},"categories":[16,103,121],"tags":[799,3715,3856,4249,4834],"class_list":{"0":"post-3960","1":"post","2":"type-post","3":"status-publish","4":"format-standard","5":"has-post-thumbnail","7":"category-gesundheit-pflege","8":"category-goerlitz","9":"category-im-gespraech","10":"tag-ausbildung","11":"tag-goerlitz","12":"tag-hauptschulabschluss","13":"tag-interview","14":"tag-krankenpflegehelfer"},"yoast_head":"<!-- This site is optimized with the Yoast SEO plugin v23.5 - https:\/\/yoast.com\/wordpress\/plugins\/seo\/ -->\n<title>Krankenpflegehelfer auf Umwegen: Interview mit Samanta Moog<\/title>\n<meta name=\"description\" content=\"Samanta Moog ist keinen geradlinigen Bildungsweg gegangen. Dennoch hat sie den Realschulabschluss und die Ausbildung zum Krankenpflegehelfer in der Tasche.\" \/>\n<meta name=\"robots\" content=\"index, follow, max-snippet:-1, max-image-preview:large, max-video-preview:-1\" \/>\n<link rel=\"canonical\" href=\"https:\/\/www.euroakademie.de\/magazin\/krankenpflegehelfer-auf-umwegen-interview\/\" \/>\n<meta property=\"og:locale\" content=\"de_DE\" \/>\n<meta property=\"og:type\" content=\"article\" \/>\n<meta property=\"og:title\" content=\"Krankenpflegehelfer auf Umwegen: Interview mit Samanta Moog\" \/>\n<meta property=\"og:description\" content=\"Samanta Moog ist keinen geradlinigen Bildungsweg gegangen. Dennoch hat sie den Realschulabschluss und die Ausbildung zum Krankenpflegehelfer in der Tasche.\" \/>\n<meta property=\"og:url\" content=\"https:\/\/www.euroakademie.de\/magazin\/krankenpflegehelfer-auf-umwegen-interview\/\" \/>\n<meta property=\"og:site_name\" content=\"Das Euro Akademie Magazin\" \/>\n<meta property=\"article:published_time\" content=\"2016-04-27T06:30:36+00:00\" \/>\n<meta property=\"article:modified_time\" content=\"2024-12-09T12:32:37+00:00\" \/>\n<meta property=\"og:image\" content=\"https:\/\/www.euroakademie.de\/magazin\/wp-content\/uploads\/2016\/04\/shutterstock_313075607_702x336_web.jpg\" \/>\n\t<meta property=\"og:image:width\" content=\"702\" \/>\n\t<meta property=\"og:image:height\" content=\"337\" \/>\n\t<meta property=\"og:image:type\" content=\"image\/jpeg\" \/>\n<meta name=\"author\" content=\"Redaktion\" \/>\n<meta name=\"twitter:card\" content=\"summary_large_image\" \/>\n<meta name=\"twitter:label1\" content=\"Verfasst von\" \/>\n\t<meta name=\"twitter:data1\" content=\"Redaktion\" \/>\n\t<meta name=\"twitter:label2\" content=\"Gesch\u00e4tzte Lesezeit\" \/>\n\t<meta name=\"twitter:data2\" content=\"5\u00a0Minuten\" \/>\n<script type=\"application\/ld+json\" class=\"yoast-schema-graph\">{\"@context\":\"https:\/\/schema.org\",\"@graph\":[{\"@type\":\"Article\",\"@id\":\"https:\/\/www.euroakademie.de\/magazin\/krankenpflegehelfer-auf-umwegen-interview\/#article\",\"isPartOf\":{\"@id\":\"https:\/\/www.euroakademie.de\/magazin\/krankenpflegehelfer-auf-umwegen-interview\/\"},\"author\":{\"name\":\"Redaktion\",\"@id\":\"https:\/\/www.euroakademie.de\/magazin\/#\/schema\/person\/6c9b7b6db765ee31640d80c936be3686\"},\"headline\":\"Krankenpflegehelfer auf Umwegen: Interview mit Samanta Moog\",\"datePublished\":\"2016-04-27T06:30:36+00:00\",\"dateModified\":\"2024-12-09T12:32:37+00:00\",\"mainEntityOfPage\":{\"@id\":\"https:\/\/www.euroakademie.de\/magazin\/krankenpflegehelfer-auf-umwegen-interview\/\"},\"wordCount\":995,\"publisher\":{\"@id\":\"https:\/\/www.euroakademie.de\/magazin\/#organization\"},\"image\":{\"@id\":\"https:\/\/www.euroakademie.de\/magazin\/krankenpflegehelfer-auf-umwegen-interview\/#primaryimage\"},\"thumbnailUrl\":\"https:\/\/www.euroakademie.de\/magazin\/wp-content\/uploads\/2016\/04\/shutterstock_313075607_702x336_web.jpg\",\"keywords\":[\"Ausbildung\",\"G\u00f6rlitz\",\"Hauptschulabschluss\",\"Interview\",\"Krankenpflegehelfer\"],\"articleSection\":[\"Gesundheit &amp; Pflege\",\"G\u00f6rlitz\",\"Im Gespr\u00e4ch\"],\"inLanguage\":\"de\"},{\"@type\":\"WebPage\",\"@id\":\"https:\/\/www.euroakademie.de\/magazin\/krankenpflegehelfer-auf-umwegen-interview\/\",\"url\":\"https:\/\/www.euroakademie.de\/magazin\/krankenpflegehelfer-auf-umwegen-interview\/\",\"name\":\"Krankenpflegehelfer auf Umwegen: Interview mit Samanta Moog\",\"isPartOf\":{\"@id\":\"https:\/\/www.euroakademie.de\/magazin\/#website\"},\"primaryImageOfPage\":{\"@id\":\"https:\/\/www.euroakademie.de\/magazin\/krankenpflegehelfer-auf-umwegen-interview\/#primaryimage\"},\"image\":{\"@id\":\"https:\/\/www.euroakademie.de\/magazin\/krankenpflegehelfer-auf-umwegen-interview\/#primaryimage\"},\"thumbnailUrl\":\"https:\/\/www.euroakademie.de\/magazin\/wp-content\/uploads\/2016\/04\/shutterstock_313075607_702x336_web.jpg\",\"datePublished\":\"2016-04-27T06:30:36+00:00\",\"dateModified\":\"2024-12-09T12:32:37+00:00\",\"description\":\"Samanta Moog ist keinen geradlinigen Bildungsweg gegangen. Dennoch hat sie den Realschulabschluss und die Ausbildung zum Krankenpflegehelfer in der Tasche.\",\"breadcrumb\":{\"@id\":\"https:\/\/www.euroakademie.de\/magazin\/krankenpflegehelfer-auf-umwegen-interview\/#breadcrumb\"},\"inLanguage\":\"de\",\"potentialAction\":[{\"@type\":\"ReadAction\",\"target\":[\"https:\/\/www.euroakademie.de\/magazin\/krankenpflegehelfer-auf-umwegen-interview\/\"]}]},{\"@type\":\"ImageObject\",\"inLanguage\":\"de\",\"@id\":\"https:\/\/www.euroakademie.de\/magazin\/krankenpflegehelfer-auf-umwegen-interview\/#primaryimage\",\"url\":\"https:\/\/www.euroakademie.de\/magazin\/wp-content\/uploads\/2016\/04\/shutterstock_313075607_702x336_web.jpg\",\"contentUrl\":\"https:\/\/www.euroakademie.de\/magazin\/wp-content\/uploads\/2016\/04\/shutterstock_313075607_702x336_web.jpg\",\"width\":702,\"height\":337,\"caption\":\"\"},{\"@type\":\"BreadcrumbList\",\"@id\":\"https:\/\/www.euroakademie.de\/magazin\/krankenpflegehelfer-auf-umwegen-interview\/#breadcrumb\",\"itemListElement\":[{\"@type\":\"ListItem\",\"position\":1,\"name\":\"Startseite\",\"item\":\"https:\/\/www.euroakademie.de\/magazin\/\"},{\"@type\":\"ListItem\",\"position\":2,\"name\":\"Krankenpflegehelfer auf Umwegen: Interview mit Samanta Moog\"}]},{\"@type\":\"WebSite\",\"@id\":\"https:\/\/www.euroakademie.de\/magazin\/#website\",\"url\":\"https:\/\/www.euroakademie.de\/magazin\/\",\"name\":\"Das Euro Akademie Magazin\",\"description\":\"Gut informiert durch Ausbildung und Studium\",\"publisher\":{\"@id\":\"https:\/\/www.euroakademie.de\/magazin\/#organization\"},\"potentialAction\":[{\"@type\":\"SearchAction\",\"target\":{\"@type\":\"EntryPoint\",\"urlTemplate\":\"https:\/\/www.euroakademie.de\/magazin\/?s={search_term_string}\"},\"query-input\":{\"@type\":\"PropertyValueSpecification\",\"valueRequired\":true,\"valueName\":\"search_term_string\"}}],\"inLanguage\":\"de\"},{\"@type\":\"Organization\",\"@id\":\"https:\/\/www.euroakademie.de\/magazin\/#organization\",\"name\":\"ESO Education Group\",\"url\":\"https:\/\/www.euroakademie.de\/magazin\/\",\"logo\":{\"@type\":\"ImageObject\",\"inLanguage\":\"de\",\"@id\":\"https:\/\/www.euroakademie.de\/magazin\/#\/schema\/logo\/image\/\",\"url\":\"https:\/\/relaunch.euroakademie.de\/magazin\/wp-content\/uploads\/2024\/11\/Logo_EA_negativ_Rahmen_5cm_300dpi_RGB.jpg\",\"contentUrl\":\"https:\/\/relaunch.euroakademie.de\/magazin\/wp-content\/uploads\/2024\/11\/Logo_EA_negativ_Rahmen_5cm_300dpi_RGB.jpg\",\"width\":591,\"height\":236,\"caption\":\"ESO Education Group\"},\"image\":{\"@id\":\"https:\/\/www.euroakademie.de\/magazin\/#\/schema\/logo\/image\/\"}},{\"@type\":\"Person\",\"@id\":\"https:\/\/www.euroakademie.de\/magazin\/#\/schema\/person\/6c9b7b6db765ee31640d80c936be3686\",\"name\":\"Redaktion\",\"description\":\"Die Redaktion des Euro Akademie Magazins h\u00e4lt Sie regelm\u00e4\u00dfig mit hintergr\u00fcndigen Artikeln auf dem Laufenden. Auf Basis einer fundierten Recherche und mit Spa\u00df am Schreiben erstellen die Redakteur*innen informative und unterhaltsame Inhalte f\u00fcr Sie.\",\"url\":\"https:\/\/www.euroakademie.de\/magazin\/author\/redaktion\/\"}]}<\/script>\n<!-- \/ Yoast SEO plugin. -->","yoast_head_json":{"title":"Krankenpflegehelfer auf Umwegen: Interview mit Samanta Moog","description":"Samanta Moog ist keinen geradlinigen Bildungsweg gegangen. Dennoch hat sie den Realschulabschluss und die Ausbildung zum Krankenpflegehelfer in der Tasche.","robots":{"index":"index","follow":"follow","max-snippet":"max-snippet:-1","max-image-preview":"max-image-preview:large","max-video-preview":"max-video-preview:-1"},"canonical":"https:\/\/www.euroakademie.de\/magazin\/krankenpflegehelfer-auf-umwegen-interview\/","og_locale":"de_DE","og_type":"article","og_title":"Krankenpflegehelfer auf Umwegen: Interview mit Samanta Moog","og_description":"Samanta Moog ist keinen geradlinigen Bildungsweg gegangen. Dennoch hat sie den Realschulabschluss und die Ausbildung zum Krankenpflegehelfer in der Tasche.","og_url":"https:\/\/www.euroakademie.de\/magazin\/krankenpflegehelfer-auf-umwegen-interview\/","og_site_name":"Das Euro Akademie Magazin","article_published_time":"2016-04-27T06:30:36+00:00","article_modified_time":"2024-12-09T12:32:37+00:00","og_image":[{"width":702,"height":337,"url":"https:\/\/www.euroakademie.de\/magazin\/wp-content\/uploads\/2016\/04\/shutterstock_313075607_702x336_web.jpg","type":"image\/jpeg"}],"author":"Redaktion","twitter_card":"summary_large_image","twitter_misc":{"Verfasst von":"Redaktion","Gesch\u00e4tzte Lesezeit":"5\u00a0Minuten"},"schema":{"@context":"https:\/\/schema.org","@graph":[{"@type":"Article","@id":"https:\/\/www.euroakademie.de\/magazin\/krankenpflegehelfer-auf-umwegen-interview\/#article","isPartOf":{"@id":"https:\/\/www.euroakademie.de\/magazin\/krankenpflegehelfer-auf-umwegen-interview\/"},"author":{"name":"Redaktion","@id":"https:\/\/www.euroakademie.de\/magazin\/#\/schema\/person\/6c9b7b6db765ee31640d80c936be3686"},"headline":"Krankenpflegehelfer auf Umwegen: Interview mit Samanta Moog","datePublished":"2016-04-27T06:30:36+00:00","dateModified":"2024-12-09T12:32:37+00:00","mainEntityOfPage":{"@id":"https:\/\/www.euroakademie.de\/magazin\/krankenpflegehelfer-auf-umwegen-interview\/"},"wordCount":995,"publisher":{"@id":"https:\/\/www.euroakademie.de\/magazin\/#organization"},"image":{"@id":"https:\/\/www.euroakademie.de\/magazin\/krankenpflegehelfer-auf-umwegen-interview\/#primaryimage"},"thumbnailUrl":"https:\/\/www.euroakademie.de\/magazin\/wp-content\/uploads\/2016\/04\/shutterstock_313075607_702x336_web.jpg","keywords":["Ausbildung","G\u00f6rlitz","Hauptschulabschluss","Interview","Krankenpflegehelfer"],"articleSection":["Gesundheit &amp; Pflege","G\u00f6rlitz","Im Gespr\u00e4ch"],"inLanguage":"de"},{"@type":"WebPage","@id":"https:\/\/www.euroakademie.de\/magazin\/krankenpflegehelfer-auf-umwegen-interview\/","url":"https:\/\/www.euroakademie.de\/magazin\/krankenpflegehelfer-auf-umwegen-interview\/","name":"Krankenpflegehelfer auf Umwegen: Interview mit Samanta Moog","isPartOf":{"@id":"https:\/\/www.euroakademie.de\/magazin\/#website"},"primaryImageOfPage":{"@id":"https:\/\/www.euroakademie.de\/magazin\/krankenpflegehelfer-auf-umwegen-interview\/#primaryimage"},"image":{"@id":"https:\/\/www.euroakademie.de\/magazin\/krankenpflegehelfer-auf-umwegen-interview\/#primaryimage"},"thumbnailUrl":"https:\/\/www.euroakademie.de\/magazin\/wp-content\/uploads\/2016\/04\/shutterstock_313075607_702x336_web.jpg","datePublished":"2016-04-27T06:30:36+00:00","dateModified":"2024-12-09T12:32:37+00:00","description":"Samanta Moog ist keinen geradlinigen Bildungsweg gegangen. Dennoch hat sie den Realschulabschluss und die Ausbildung zum Krankenpflegehelfer in der Tasche.","breadcrumb":{"@id":"https:\/\/www.euroakademie.de\/magazin\/krankenpflegehelfer-auf-umwegen-interview\/#breadcrumb"},"inLanguage":"de","potentialAction":[{"@type":"ReadAction","target":["https:\/\/www.euroakademie.de\/magazin\/krankenpflegehelfer-auf-umwegen-interview\/"]}]},{"@type":"ImageObject","inLanguage":"de","@id":"https:\/\/www.euroakademie.de\/magazin\/krankenpflegehelfer-auf-umwegen-interview\/#primaryimage","url":"https:\/\/www.euroakademie.de\/magazin\/wp-content\/uploads\/2016\/04\/shutterstock_313075607_702x336_web.jpg","contentUrl":"https:\/\/www.euroakademie.de\/magazin\/wp-content\/uploads\/2016\/04\/shutterstock_313075607_702x336_web.jpg","width":702,"height":337,"caption":""},{"@type":"BreadcrumbList","@id":"https:\/\/www.euroakademie.de\/magazin\/krankenpflegehelfer-auf-umwegen-interview\/#breadcrumb","itemListElement":[{"@type":"ListItem","position":1,"name":"Startseite","item":"https:\/\/www.euroakademie.de\/magazin\/"},{"@type":"ListItem","position":2,"name":"Krankenpflegehelfer auf Umwegen: Interview mit Samanta Moog"}]},{"@type":"WebSite","@id":"https:\/\/www.euroakademie.de\/magazin\/#website","url":"https:\/\/www.euroakademie.de\/magazin\/","name":"Das Euro Akademie Magazin","description":"Gut informiert durch Ausbildung und Studium","publisher":{"@id":"https:\/\/www.euroakademie.de\/magazin\/#organization"},"potentialAction":[{"@type":"SearchAction","target":{"@type":"EntryPoint","urlTemplate":"https:\/\/www.euroakademie.de\/magazin\/?s={search_term_string}"},"query-input":{"@type":"PropertyValueSpecification","valueRequired":true,"valueName":"search_term_string"}}],"inLanguage":"de"},{"@type":"Organization","@id":"https:\/\/www.euroakademie.de\/magazin\/#organization","name":"ESO Education Group","url":"https:\/\/www.euroakademie.de\/magazin\/","logo":{"@type":"ImageObject","inLanguage":"de","@id":"https:\/\/www.euroakademie.de\/magazin\/#\/schema\/logo\/image\/","url":"https:\/\/relaunch.euroakademie.de\/magazin\/wp-content\/uploads\/2024\/11\/Logo_EA_negativ_Rahmen_5cm_300dpi_RGB.jpg","contentUrl":"https:\/\/relaunch.euroakademie.de\/magazin\/wp-content\/uploads\/2024\/11\/Logo_EA_negativ_Rahmen_5cm_300dpi_RGB.jpg","width":591,"height":236,"caption":"ESO Education Group"},"image":{"@id":"https:\/\/www.euroakademie.de\/magazin\/#\/schema\/logo\/image\/"}},{"@type":"Person","@id":"https:\/\/www.euroakademie.de\/magazin\/#\/schema\/person\/6c9b7b6db765ee31640d80c936be3686","name":"Redaktion","description":"Die Redaktion des Euro Akademie Magazins h\u00e4lt Sie regelm\u00e4\u00dfig mit hintergr\u00fcndigen Artikeln auf dem Laufenden. Auf Basis einer fundierten Recherche und mit Spa\u00df am Schreiben erstellen die Redakteur*innen informative und unterhaltsame Inhalte f\u00fcr Sie.","url":"https:\/\/www.euroakademie.de\/magazin\/author\/redaktion\/"}]}},"_links":{"self":[{"href":"https:\/\/www.euroakademie.de\/magazin\/wp-json\/wp\/v2\/posts\/3960","targetHints":{"allow":["GET"]}}],"collection":[{"href":"https:\/\/www.euroakademie.de\/magazin\/wp-json\/wp\/v2\/posts"}],"about":[{"href":"https:\/\/www.euroakademie.de\/magazin\/wp-json\/wp\/v2\/types\/post"}],"author":[{"embeddable":true,"href":"https:\/\/www.euroakademie.de\/magazin\/wp-json\/wp\/v2\/users\/7"}],"replies":[{"embeddable":true,"href":"https:\/\/www.euroakademie.de\/magazin\/wp-json\/wp\/v2\/comments?post=3960"}],"version-history":[{"count":1,"href":"https:\/\/www.euroakademie.de\/magazin\/wp-json\/wp\/v2\/posts\/3960\/revisions"}],"predecessor-version":[{"id":26676,"href":"https:\/\/www.euroakademie.de\/magazin\/wp-json\/wp\/v2\/posts\/3960\/revisions\/26676"}],"wp:featuredmedia":[{"embeddable":true,"href":"https:\/\/www.euroakademie.de\/magazin\/wp-json\/wp\/v2\/media\/7028"}],"wp:attachment":[{"href":"https:\/\/www.euroakademie.de\/magazin\/wp-json\/wp\/v2\/media?parent=3960"}],"wp:term":[{"taxonomy":"category","embeddable":true,"href":"https:\/\/www.euroakademie.de\/magazin\/wp-json\/wp\/v2\/categories?post=3960"},{"taxonomy":"post_tag","embeddable":true,"href":"https:\/\/www.euroakademie.de\/magazin\/wp-json\/wp\/v2\/tags?post=3960"}],"curies":[{"name":"wp","href":"https:\/\/api.w.org\/{rel}","templated":true}]}}