{"id":4007,"date":"2016-05-03T08:30:39","date_gmt":"2016-05-03T06:30:39","guid":{"rendered":"https:\/\/www.euroakademie.de\/magazin\/?p=4007"},"modified":"2016-05-03T08:30:39","modified_gmt":"2016-05-03T06:30:39","slug":"selbstanalyse-kompetenzen-benennen-und-fuer-die-berufsfindung-und-bewerbung-nutzen","status":"publish","type":"post","link":"https:\/\/www.euroakademie.de\/magazin\/selbstanalyse-kompetenzen-benennen-und-fuer-die-berufsfindung-und-bewerbung-nutzen\/","title":{"rendered":"Die Selbstanalyse &#8211; Kompetenzen zur Berufsfindung und Bewerbung nutzen"},"content":{"rendered":"<p>\t\t\t\t<![CDATA[Unternehmen suchen Mitarbeiter, die f\u00fcr die Position relevante Kompetenzen mitbringen. F\u00fcr jede Stelle bedarf es eines anderen Kompetenzmixes. Um ein Stellenangebot zu analysieren, eine fundierte Bewerbung zu schreiben und im Bewerbungsgespr\u00e4ch zu bestehen, gilt es seine eigenen Kompetenzen zu kennen. Hier hilft Ihnen eine Selbstanalyse.\n\n\n<h2>Schritt 1: Kompetenzen strukturieren<\/h2>\n\n\nDer Begriff Kompetenzen umfasst sehr viel. Um Klarheit zu bekommen, m\u00f6chte ich diesen Begriff in vier Untergruppen einteilen: die Fach- und Sachkompetenz, die soziale Kompetenz, die Methodenkompetenz und die pers\u00f6nliche Kompetenz. Doch auch diese Oberbegriffe sind zu grob strukturiert und m\u00fcssen nochmals aufgeschl\u00fcsselt werden.\n\n\n<ul>\n \t\n\n<li><em>Zur Fach- und Sachkompetenz z\u00e4hlen:<\/em> Studium, Berufspraxis, Fremdsprachen, Auslandserfahrung, EDV-Kenntnisse, Weiterbildung<\/li>\n\n\n \t\n\n<li><em>Zur sozialen Kompetenz z\u00e4hlen:<\/em> Teamf\u00e4higkeit, Durchsetzungsverm\u00f6gen, Kontakt- und Kommunikationsst\u00e4rke, Konflikt- und Konsensf\u00e4higkeit, Kritikf\u00e4higkeit<\/li>\n\n\n \t\n\n<li><em>Zur Methodenkompetenz z\u00e4hlen:<\/em> (Eigen-)Motivation, Analysef\u00e4higkeit, Flexibilit\u00e4t, effiziente Arbeitsorganisation, Zeitmanagement, F\u00e4higkeit zur Einarbeitung in neue Aufgaben<\/li>\n\n\n \t\n\n<li><em>Zur pers\u00f6nlichen Kompetenz z\u00e4hlen:<\/em> L\u00f6sungsorientiertes Denken, kundenorientiertes Denken, Leistungsbereitschaft, Selbstst\u00e4ndigkeit, Zielstrebigkeit, Ehrgeiz, Bereitschaft zur \u00dcbernahme von Verantwortung, Entscheidungsf\u00e4higkeit, Kreativit\u00e4t, Empathie<\/li>\n\n\n<\/ul>\n\n\nIm n\u00e4chsten Schritt sollten Sie die einzelnen Kompetenzbegriffe in den vier Gruppen f\u00fcr Ihre Person hinterfragen. Welche dieser Kompetenzen bringe ich mit? Welche dieser Kompetenzen zeichnen mich aus? Wie kann ich diese Kompetenzen umschreiben?\u2028Beispiele sind f\u00fcr das Bewerbungsgespr\u00e4ch aber auch f\u00fcr das Anschreiben wichtig. Zudem k\u00f6nnen Sie mit Hilfe von Beispielen die Darstellung Ihrer Kompetenzen erweitern und veranschaulichen. Nehmen wir den Begriff der Teamf\u00e4higkeit. Darin stecken eine Menge Eigenschaften. Hinterfragen Sie den Begriff f\u00fcr Ihre Person, k\u00f6nnen Sie Ihr Kompetenzprofil nochmals erweitern.\n\n\n<ul>\n \t\n\n<li><em>Was steckt hinter der Teamf\u00e4higkeit?<\/em> Jemand der teamf\u00e4hig ist, bringt Partnern Vertrauen entgegen, teilt Erfolgserlebnisse mit anderen, bezieht Schw\u00e4chere mit ein, best\u00e4rkt einzelne Teilnehmer durch positive Wertung ihrer Beitr\u00e4ge, kann sich in sein Gegen\u00fcber hineinversetzen, versorgt andere mit Informationen, bleibt sachlich, wird nicht aggressiv, tr\u00e4gt aktiv zum Erfolg des Teams bei und ber\u00fccksichtigt die Bed\u00fcrfnisse anderer bei seiner Zielsetzung.<\/li>\n\n\n<\/ul>\n\n\nDiese intensivere Analyse sollten Sie mit allen Begriffen durchf\u00fchren und dann die Eigenschaften herausfiltern, die zu Ihrer Person passen. Heraus kommt ein umfassendes pers\u00f6nliches Kompetenzprofil, dass f\u00fcr die Bewerbung genutzt werden kann.\n\nIm n\u00e4chsten Schritt k\u00f6nnen Sie dieses Profil noch mit einer Selbsteinsch\u00e4tzung untermauern, um sich Ihrer St\u00e4rken und Schw\u00e4chen noch bewusster zu werden. Bitte immer daran denken: Der Bewerbungsprozess orientiert sich an Ihren St\u00e4rken. Trotzdem kann es nie schaden, auch seine Schw\u00e4chen zu kennen.\n\n\n<h2>Schritt 2: Meine pers\u00f6nliche Selbsteinsch\u00e4tzung<\/h2>\n\n\nIm Folgenden gebe ich Ihnen ein Formular f\u00fcr Ihre pers\u00f6nliche Selbsteinsch\u00e4tzung an die Hand. Lassen Sie sich Zeit und f\u00fcllen Sie es in Ruhe aus. Am besten besprechen Sie es auch noch mit der Familie oder Freunden. Es ist \u00fcbrigens grunds\u00e4tzlich sehr positiv, seine Freunde einmal zu fragen: \u201eWie sch\u00e4tzt du mich ein?\u201c\u00a0 Denn auch die Frage zu Fremdeinsch\u00e4tzung ist sehr beliebt im Bewerbungsgespr\u00e4ch.\n\n<strong>Meine Selbsteinsch\u00e4tzung<\/strong>\n\n\n<ul>\n \t\n\n<li>Diese Eigenschaften charakterisieren mich:<\/li>\n\n\n \t\n\n<li>Diese F\u00e4higkeiten zeichnen mich aus:<\/li>\n\n\n \t\n\n<li>Auf diese Kenntnisse bin ich stolz:<\/li>\n\n\n \t\n\n<li>An diesen T\u00e4tigkeiten habe ich am meisten Freude:<\/li>\n\n\n \t\n\n<li>Diese Dinge kann ich nicht so gut:<\/li>\n\n\n \t\n\n<li>Diese Eigenschaften mag ich nicht an mir:<\/li>\n\n\n \t\n\n<li>Darin habe ich Schwierigkeiten:<\/li>\n\n\n \t\n\n<li>Diese Eigenschaften m\u00f6chte ich noch entwickeln:<\/li>\n\n\n \t\n\n<li>Das m\u00f6chte ich noch k\u00f6nnen:<\/li>\n\n\n \t\n\n<li>Diese Lebensziele m\u00f6chte ich erreichen:<\/li>\n\n\n<\/ul>\n\n\nMit der Selbsteinsch\u00e4tzung und der Kompetenzanalyse sind Sie nun gut ger\u00fcstet, um ein Stellenangebot zu analysieren, die Bewerbung zu schreiben und sich auf das Bewerbungsgespr\u00e4ch vorzubereiten.\n\nDas k\u00f6nnte Sie auch interessieren:\n<a href=\"https:\/\/www.euroakademie.de\/magazin\/zeitplan-fuer-die-bewerbung-nach-der-ausbildung-in-den-job\/\"> Zeitplan f\u00fcr die Bewerbung: Nach der Ausbildung erfolgreich in den Job\n<\/a><a href=\"https:\/\/www.euroakademie.de\/magazin\/bewerbung-ueber-xing\/\">Karrieresprungbrett Social Media: Bewerbung \u00fcber XING\n<\/a><a href=\"https:\/\/www.euroakademie.de\/magazin\/bewusst-selbstbewusst-sein-selbstsicherheit-kann-man-trainieren\/\">Bewusst selbstbewusst sein \u2013 Selbstsicherheit kann man trainieren<\/a>]]>\t\t<\/p>\n","protected":false},"excerpt":{"rendered":"<p>\t\t\t\t<![CDATA[]]>\t\t<\/p>\n","protected":false},"author":34,"featured_media":7006,"comment_status":"closed","ping_status":"closed","sticky":false,"template":"","format":"standard","meta":{"footnotes":""},"categories":[127,172],"tags":[1222,1351,4708,4711,7345,7360,7861],"class_list":{"0":"post-4007","1":"post","2":"type-post","3":"status-publish","4":"format-standard","5":"has-post-thumbnail","7":"category-karriere","8":"category-100-tipps-tricks","9":"tag-berufsfindung","10":"tag-bewerbung","11":"tag-kompetenz","12":"tag-kompetenzen","13":"tag-selbstanalyse","14":"tag-selbsteinschaetzung","15":"tag-staerken"},"yoast_head":"<!-- This site is optimized with the Yoast SEO plugin v23.5 - https:\/\/yoast.com\/wordpress\/plugins\/seo\/ -->\n<title>Selbstanalyse - Kompetenzen benennen und f\u00fcr Bewerbung nutzen<\/title>\n<meta name=\"description\" content=\"Um eine Bewerbung zu schreiben und im Bewerbungsgespr\u00e4ch zu bestehen, muss man seine Kompetenzen kennen. Hier hilft Ihnen eine Selbstanalyse.\" \/>\n<meta name=\"robots\" content=\"index, follow, max-snippet:-1, max-image-preview:large, max-video-preview:-1\" \/>\n<link rel=\"canonical\" href=\"https:\/\/www.euroakademie.de\/magazin\/selbstanalyse-kompetenzen-benennen-und-fuer-die-berufsfindung-und-bewerbung-nutzen\/\" \/>\n<meta property=\"og:locale\" content=\"de_DE\" \/>\n<meta property=\"og:type\" content=\"article\" \/>\n<meta property=\"og:title\" content=\"Selbstanalyse - Kompetenzen benennen und f\u00fcr Bewerbung nutzen\" \/>\n<meta property=\"og:description\" content=\"Um eine Bewerbung zu schreiben und im Bewerbungsgespr\u00e4ch zu bestehen, muss man seine Kompetenzen kennen. Hier hilft Ihnen eine Selbstanalyse.\" \/>\n<meta property=\"og:url\" content=\"https:\/\/www.euroakademie.de\/magazin\/selbstanalyse-kompetenzen-benennen-und-fuer-die-berufsfindung-und-bewerbung-nutzen\/\" \/>\n<meta property=\"og:site_name\" content=\"Das Euro Akademie Magazin\" \/>\n<meta property=\"article:published_time\" content=\"2016-05-03T06:30:39+00:00\" \/>\n<meta property=\"og:image\" content=\"https:\/\/www.euroakademie.de\/magazin\/wp-content\/uploads\/2016\/05\/shutterstock_231366088_702x336_web.jpg\" \/>\n\t<meta property=\"og:image:width\" content=\"703\" \/>\n\t<meta property=\"og:image:height\" content=\"336\" \/>\n\t<meta property=\"og:image:type\" content=\"image\/jpeg\" \/>\n<meta name=\"author\" content=\"Angela Sch\u00fctte\" \/>\n<meta name=\"twitter:card\" content=\"summary_large_image\" \/>\n<meta name=\"twitter:label1\" content=\"Verfasst von\" \/>\n\t<meta name=\"twitter:data1\" content=\"Angela Sch\u00fctte\" \/>\n\t<meta name=\"twitter:label2\" content=\"Gesch\u00e4tzte Lesezeit\" \/>\n\t<meta name=\"twitter:data2\" content=\"3\u00a0Minuten\" \/>\n<script type=\"application\/ld+json\" class=\"yoast-schema-graph\">{\"@context\":\"https:\/\/schema.org\",\"@graph\":[{\"@type\":\"Article\",\"@id\":\"https:\/\/www.euroakademie.de\/magazin\/selbstanalyse-kompetenzen-benennen-und-fuer-die-berufsfindung-und-bewerbung-nutzen\/#article\",\"isPartOf\":{\"@id\":\"https:\/\/www.euroakademie.de\/magazin\/selbstanalyse-kompetenzen-benennen-und-fuer-die-berufsfindung-und-bewerbung-nutzen\/\"},\"author\":{\"name\":\"Angela Sch\u00fctte\",\"@id\":\"https:\/\/www.euroakademie.de\/magazin\/#\/schema\/person\/67e6e0cbe692d2fa061c1d2c2c81fba4\"},\"headline\":\"Die Selbstanalyse &#8211; Kompetenzen zur Berufsfindung und Bewerbung nutzen\",\"datePublished\":\"2016-05-03T06:30:39+00:00\",\"dateModified\":\"2016-05-03T06:30:39+00:00\",\"mainEntityOfPage\":{\"@id\":\"https:\/\/www.euroakademie.de\/magazin\/selbstanalyse-kompetenzen-benennen-und-fuer-die-berufsfindung-und-bewerbung-nutzen\/\"},\"wordCount\":586,\"publisher\":{\"@id\":\"https:\/\/www.euroakademie.de\/magazin\/#organization\"},\"image\":{\"@id\":\"https:\/\/www.euroakademie.de\/magazin\/selbstanalyse-kompetenzen-benennen-und-fuer-die-berufsfindung-und-bewerbung-nutzen\/#primaryimage\"},\"thumbnailUrl\":\"https:\/\/www.euroakademie.de\/magazin\/wp-content\/uploads\/2016\/05\/shutterstock_231366088_702x336_web.jpg\",\"keywords\":[\"Berufsfindung\",\"Bewerbung\",\"Kompetenz\",\"Kompetenzen\",\"Selbstanalyse\",\"Selbsteinsch\u00e4tzung\",\"St\u00e4rken\"],\"articleSection\":[\"Karriere\",\"Tipps &amp; Tricks\"],\"inLanguage\":\"de\"},{\"@type\":\"WebPage\",\"@id\":\"https:\/\/www.euroakademie.de\/magazin\/selbstanalyse-kompetenzen-benennen-und-fuer-die-berufsfindung-und-bewerbung-nutzen\/\",\"url\":\"https:\/\/www.euroakademie.de\/magazin\/selbstanalyse-kompetenzen-benennen-und-fuer-die-berufsfindung-und-bewerbung-nutzen\/\",\"name\":\"Selbstanalyse - Kompetenzen benennen und f\u00fcr Bewerbung nutzen\",\"isPartOf\":{\"@id\":\"https:\/\/www.euroakademie.de\/magazin\/#website\"},\"primaryImageOfPage\":{\"@id\":\"https:\/\/www.euroakademie.de\/magazin\/selbstanalyse-kompetenzen-benennen-und-fuer-die-berufsfindung-und-bewerbung-nutzen\/#primaryimage\"},\"image\":{\"@id\":\"https:\/\/www.euroakademie.de\/magazin\/selbstanalyse-kompetenzen-benennen-und-fuer-die-berufsfindung-und-bewerbung-nutzen\/#primaryimage\"},\"thumbnailUrl\":\"https:\/\/www.euroakademie.de\/magazin\/wp-content\/uploads\/2016\/05\/shutterstock_231366088_702x336_web.jpg\",\"datePublished\":\"2016-05-03T06:30:39+00:00\",\"dateModified\":\"2016-05-03T06:30:39+00:00\",\"description\":\"Um eine Bewerbung zu schreiben und im Bewerbungsgespr\u00e4ch zu bestehen, muss man seine Kompetenzen kennen. Hier hilft Ihnen eine Selbstanalyse.\",\"breadcrumb\":{\"@id\":\"https:\/\/www.euroakademie.de\/magazin\/selbstanalyse-kompetenzen-benennen-und-fuer-die-berufsfindung-und-bewerbung-nutzen\/#breadcrumb\"},\"inLanguage\":\"de\",\"potentialAction\":[{\"@type\":\"ReadAction\",\"target\":[\"https:\/\/www.euroakademie.de\/magazin\/selbstanalyse-kompetenzen-benennen-und-fuer-die-berufsfindung-und-bewerbung-nutzen\/\"]}]},{\"@type\":\"ImageObject\",\"inLanguage\":\"de\",\"@id\":\"https:\/\/www.euroakademie.de\/magazin\/selbstanalyse-kompetenzen-benennen-und-fuer-die-berufsfindung-und-bewerbung-nutzen\/#primaryimage\",\"url\":\"https:\/\/www.euroakademie.de\/magazin\/wp-content\/uploads\/2016\/05\/shutterstock_231366088_702x336_web.jpg\",\"contentUrl\":\"https:\/\/www.euroakademie.de\/magazin\/wp-content\/uploads\/2016\/05\/shutterstock_231366088_702x336_web.jpg\",\"width\":703,\"height\":336,\"caption\":\"\"},{\"@type\":\"BreadcrumbList\",\"@id\":\"https:\/\/www.euroakademie.de\/magazin\/selbstanalyse-kompetenzen-benennen-und-fuer-die-berufsfindung-und-bewerbung-nutzen\/#breadcrumb\",\"itemListElement\":[{\"@type\":\"ListItem\",\"position\":1,\"name\":\"Startseite\",\"item\":\"https:\/\/www.euroakademie.de\/magazin\/\"},{\"@type\":\"ListItem\",\"position\":2,\"name\":\"Die Selbstanalyse &#8211; Kompetenzen zur Berufsfindung und Bewerbung nutzen\"}]},{\"@type\":\"WebSite\",\"@id\":\"https:\/\/www.euroakademie.de\/magazin\/#website\",\"url\":\"https:\/\/www.euroakademie.de\/magazin\/\",\"name\":\"Das Euro Akademie Magazin\",\"description\":\"Gut informiert durch Ausbildung und Studium\",\"publisher\":{\"@id\":\"https:\/\/www.euroakademie.de\/magazin\/#organization\"},\"potentialAction\":[{\"@type\":\"SearchAction\",\"target\":{\"@type\":\"EntryPoint\",\"urlTemplate\":\"https:\/\/www.euroakademie.de\/magazin\/?s={search_term_string}\"},\"query-input\":{\"@type\":\"PropertyValueSpecification\",\"valueRequired\":true,\"valueName\":\"search_term_string\"}}],\"inLanguage\":\"de\"},{\"@type\":\"Organization\",\"@id\":\"https:\/\/www.euroakademie.de\/magazin\/#organization\",\"name\":\"ESO Education Group\",\"url\":\"https:\/\/www.euroakademie.de\/magazin\/\",\"logo\":{\"@type\":\"ImageObject\",\"inLanguage\":\"de\",\"@id\":\"https:\/\/www.euroakademie.de\/magazin\/#\/schema\/logo\/image\/\",\"url\":\"https:\/\/relaunch.euroakademie.de\/magazin\/wp-content\/uploads\/2024\/11\/Logo_EA_negativ_Rahmen_5cm_300dpi_RGB.jpg\",\"contentUrl\":\"https:\/\/relaunch.euroakademie.de\/magazin\/wp-content\/uploads\/2024\/11\/Logo_EA_negativ_Rahmen_5cm_300dpi_RGB.jpg\",\"width\":591,\"height\":236,\"caption\":\"ESO Education Group\"},\"image\":{\"@id\":\"https:\/\/www.euroakademie.de\/magazin\/#\/schema\/logo\/image\/\"}},{\"@type\":\"Person\",\"@id\":\"https:\/\/www.euroakademie.de\/magazin\/#\/schema\/person\/67e6e0cbe692d2fa061c1d2c2c81fba4\",\"name\":\"Angela Sch\u00fctte\",\"description\":\"Als erfahrene Karriereberaterin unterst\u00fctzt Dipl.-Ing. (FH) M.A. Angela Sch\u00fctte seit 20 Jahren junge Menschen w\u00e4hrend der Ausbildung, im Studium und beim Berufseinstieg. In ihren motivierenden Vortr\u00e4gen und Seminaren hilft sie jungen Menschen bei ihren ersten Schritten auf der Karriereleiter und gibt ihnen praktische Bewerbungstipps an die Hand. Weitere Informationen zu ihren Angeboten gibt es auf ihrer Internetseite und in ihrem Xing-Profil. Ein Bewerbungsratgeber mit Tipps von Angela Sch\u00fctte steht auf der Website Berufsstart oder als PDF zum Download zur Verf\u00fcgung.\",\"url\":\"https:\/\/www.euroakademie.de\/magazin\/author\/angela-schuette\/\"}]}<\/script>\n<!-- \/ Yoast SEO plugin. -->","yoast_head_json":{"title":"Selbstanalyse - Kompetenzen benennen und f\u00fcr Bewerbung nutzen","description":"Um eine Bewerbung zu schreiben und im Bewerbungsgespr\u00e4ch zu bestehen, muss man seine Kompetenzen kennen. Hier hilft Ihnen eine Selbstanalyse.","robots":{"index":"index","follow":"follow","max-snippet":"max-snippet:-1","max-image-preview":"max-image-preview:large","max-video-preview":"max-video-preview:-1"},"canonical":"https:\/\/www.euroakademie.de\/magazin\/selbstanalyse-kompetenzen-benennen-und-fuer-die-berufsfindung-und-bewerbung-nutzen\/","og_locale":"de_DE","og_type":"article","og_title":"Selbstanalyse - Kompetenzen benennen und f\u00fcr Bewerbung nutzen","og_description":"Um eine Bewerbung zu schreiben und im Bewerbungsgespr\u00e4ch zu bestehen, muss man seine Kompetenzen kennen. Hier hilft Ihnen eine Selbstanalyse.","og_url":"https:\/\/www.euroakademie.de\/magazin\/selbstanalyse-kompetenzen-benennen-und-fuer-die-berufsfindung-und-bewerbung-nutzen\/","og_site_name":"Das Euro Akademie Magazin","article_published_time":"2016-05-03T06:30:39+00:00","og_image":[{"width":703,"height":336,"url":"https:\/\/www.euroakademie.de\/magazin\/wp-content\/uploads\/2016\/05\/shutterstock_231366088_702x336_web.jpg","type":"image\/jpeg"}],"author":"Angela Sch\u00fctte","twitter_card":"summary_large_image","twitter_misc":{"Verfasst von":"Angela Sch\u00fctte","Gesch\u00e4tzte Lesezeit":"3\u00a0Minuten"},"schema":{"@context":"https:\/\/schema.org","@graph":[{"@type":"Article","@id":"https:\/\/www.euroakademie.de\/magazin\/selbstanalyse-kompetenzen-benennen-und-fuer-die-berufsfindung-und-bewerbung-nutzen\/#article","isPartOf":{"@id":"https:\/\/www.euroakademie.de\/magazin\/selbstanalyse-kompetenzen-benennen-und-fuer-die-berufsfindung-und-bewerbung-nutzen\/"},"author":{"name":"Angela Sch\u00fctte","@id":"https:\/\/www.euroakademie.de\/magazin\/#\/schema\/person\/67e6e0cbe692d2fa061c1d2c2c81fba4"},"headline":"Die Selbstanalyse &#8211; Kompetenzen zur Berufsfindung und Bewerbung nutzen","datePublished":"2016-05-03T06:30:39+00:00","dateModified":"2016-05-03T06:30:39+00:00","mainEntityOfPage":{"@id":"https:\/\/www.euroakademie.de\/magazin\/selbstanalyse-kompetenzen-benennen-und-fuer-die-berufsfindung-und-bewerbung-nutzen\/"},"wordCount":586,"publisher":{"@id":"https:\/\/www.euroakademie.de\/magazin\/#organization"},"image":{"@id":"https:\/\/www.euroakademie.de\/magazin\/selbstanalyse-kompetenzen-benennen-und-fuer-die-berufsfindung-und-bewerbung-nutzen\/#primaryimage"},"thumbnailUrl":"https:\/\/www.euroakademie.de\/magazin\/wp-content\/uploads\/2016\/05\/shutterstock_231366088_702x336_web.jpg","keywords":["Berufsfindung","Bewerbung","Kompetenz","Kompetenzen","Selbstanalyse","Selbsteinsch\u00e4tzung","St\u00e4rken"],"articleSection":["Karriere","Tipps &amp; Tricks"],"inLanguage":"de"},{"@type":"WebPage","@id":"https:\/\/www.euroakademie.de\/magazin\/selbstanalyse-kompetenzen-benennen-und-fuer-die-berufsfindung-und-bewerbung-nutzen\/","url":"https:\/\/www.euroakademie.de\/magazin\/selbstanalyse-kompetenzen-benennen-und-fuer-die-berufsfindung-und-bewerbung-nutzen\/","name":"Selbstanalyse - Kompetenzen benennen und f\u00fcr Bewerbung nutzen","isPartOf":{"@id":"https:\/\/www.euroakademie.de\/magazin\/#website"},"primaryImageOfPage":{"@id":"https:\/\/www.euroakademie.de\/magazin\/selbstanalyse-kompetenzen-benennen-und-fuer-die-berufsfindung-und-bewerbung-nutzen\/#primaryimage"},"image":{"@id":"https:\/\/www.euroakademie.de\/magazin\/selbstanalyse-kompetenzen-benennen-und-fuer-die-berufsfindung-und-bewerbung-nutzen\/#primaryimage"},"thumbnailUrl":"https:\/\/www.euroakademie.de\/magazin\/wp-content\/uploads\/2016\/05\/shutterstock_231366088_702x336_web.jpg","datePublished":"2016-05-03T06:30:39+00:00","dateModified":"2016-05-03T06:30:39+00:00","description":"Um eine Bewerbung zu schreiben und im Bewerbungsgespr\u00e4ch zu bestehen, muss man seine Kompetenzen kennen. Hier hilft Ihnen eine Selbstanalyse.","breadcrumb":{"@id":"https:\/\/www.euroakademie.de\/magazin\/selbstanalyse-kompetenzen-benennen-und-fuer-die-berufsfindung-und-bewerbung-nutzen\/#breadcrumb"},"inLanguage":"de","potentialAction":[{"@type":"ReadAction","target":["https:\/\/www.euroakademie.de\/magazin\/selbstanalyse-kompetenzen-benennen-und-fuer-die-berufsfindung-und-bewerbung-nutzen\/"]}]},{"@type":"ImageObject","inLanguage":"de","@id":"https:\/\/www.euroakademie.de\/magazin\/selbstanalyse-kompetenzen-benennen-und-fuer-die-berufsfindung-und-bewerbung-nutzen\/#primaryimage","url":"https:\/\/www.euroakademie.de\/magazin\/wp-content\/uploads\/2016\/05\/shutterstock_231366088_702x336_web.jpg","contentUrl":"https:\/\/www.euroakademie.de\/magazin\/wp-content\/uploads\/2016\/05\/shutterstock_231366088_702x336_web.jpg","width":703,"height":336,"caption":""},{"@type":"BreadcrumbList","@id":"https:\/\/www.euroakademie.de\/magazin\/selbstanalyse-kompetenzen-benennen-und-fuer-die-berufsfindung-und-bewerbung-nutzen\/#breadcrumb","itemListElement":[{"@type":"ListItem","position":1,"name":"Startseite","item":"https:\/\/www.euroakademie.de\/magazin\/"},{"@type":"ListItem","position":2,"name":"Die Selbstanalyse &#8211; Kompetenzen zur Berufsfindung und Bewerbung nutzen"}]},{"@type":"WebSite","@id":"https:\/\/www.euroakademie.de\/magazin\/#website","url":"https:\/\/www.euroakademie.de\/magazin\/","name":"Das Euro Akademie Magazin","description":"Gut informiert durch Ausbildung und Studium","publisher":{"@id":"https:\/\/www.euroakademie.de\/magazin\/#organization"},"potentialAction":[{"@type":"SearchAction","target":{"@type":"EntryPoint","urlTemplate":"https:\/\/www.euroakademie.de\/magazin\/?s={search_term_string}"},"query-input":{"@type":"PropertyValueSpecification","valueRequired":true,"valueName":"search_term_string"}}],"inLanguage":"de"},{"@type":"Organization","@id":"https:\/\/www.euroakademie.de\/magazin\/#organization","name":"ESO Education Group","url":"https:\/\/www.euroakademie.de\/magazin\/","logo":{"@type":"ImageObject","inLanguage":"de","@id":"https:\/\/www.euroakademie.de\/magazin\/#\/schema\/logo\/image\/","url":"https:\/\/relaunch.euroakademie.de\/magazin\/wp-content\/uploads\/2024\/11\/Logo_EA_negativ_Rahmen_5cm_300dpi_RGB.jpg","contentUrl":"https:\/\/relaunch.euroakademie.de\/magazin\/wp-content\/uploads\/2024\/11\/Logo_EA_negativ_Rahmen_5cm_300dpi_RGB.jpg","width":591,"height":236,"caption":"ESO Education Group"},"image":{"@id":"https:\/\/www.euroakademie.de\/magazin\/#\/schema\/logo\/image\/"}},{"@type":"Person","@id":"https:\/\/www.euroakademie.de\/magazin\/#\/schema\/person\/67e6e0cbe692d2fa061c1d2c2c81fba4","name":"Angela Sch\u00fctte","description":"Als erfahrene Karriereberaterin unterst\u00fctzt Dipl.-Ing. (FH) M.A. Angela Sch\u00fctte seit 20 Jahren junge Menschen w\u00e4hrend der Ausbildung, im Studium und beim Berufseinstieg. In ihren motivierenden Vortr\u00e4gen und Seminaren hilft sie jungen Menschen bei ihren ersten Schritten auf der Karriereleiter und gibt ihnen praktische Bewerbungstipps an die Hand. Weitere Informationen zu ihren Angeboten gibt es auf ihrer Internetseite und in ihrem Xing-Profil. Ein Bewerbungsratgeber mit Tipps von Angela Sch\u00fctte steht auf der Website Berufsstart oder als PDF zum Download zur Verf\u00fcgung.","url":"https:\/\/www.euroakademie.de\/magazin\/author\/angela-schuette\/"}]}},"_links":{"self":[{"href":"https:\/\/www.euroakademie.de\/magazin\/wp-json\/wp\/v2\/posts\/4007","targetHints":{"allow":["GET"]}}],"collection":[{"href":"https:\/\/www.euroakademie.de\/magazin\/wp-json\/wp\/v2\/posts"}],"about":[{"href":"https:\/\/www.euroakademie.de\/magazin\/wp-json\/wp\/v2\/types\/post"}],"author":[{"embeddable":true,"href":"https:\/\/www.euroakademie.de\/magazin\/wp-json\/wp\/v2\/users\/34"}],"replies":[{"embeddable":true,"href":"https:\/\/www.euroakademie.de\/magazin\/wp-json\/wp\/v2\/comments?post=4007"}],"version-history":[{"count":0,"href":"https:\/\/www.euroakademie.de\/magazin\/wp-json\/wp\/v2\/posts\/4007\/revisions"}],"wp:featuredmedia":[{"embeddable":true,"href":"https:\/\/www.euroakademie.de\/magazin\/wp-json\/wp\/v2\/media\/7006"}],"wp:attachment":[{"href":"https:\/\/www.euroakademie.de\/magazin\/wp-json\/wp\/v2\/media?parent=4007"}],"wp:term":[{"taxonomy":"category","embeddable":true,"href":"https:\/\/www.euroakademie.de\/magazin\/wp-json\/wp\/v2\/categories?post=4007"},{"taxonomy":"post_tag","embeddable":true,"href":"https:\/\/www.euroakademie.de\/magazin\/wp-json\/wp\/v2\/tags?post=4007"}],"curies":[{"name":"wp","href":"https:\/\/api.w.org\/{rel}","templated":true}]}}