{"id":4073,"date":"2016-05-17T08:30:45","date_gmt":"2016-05-17T06:30:45","guid":{"rendered":"https:\/\/www.euroakademie.de\/magazin\/?p=4073"},"modified":"2024-11-15T08:19:34","modified_gmt":"2024-11-15T07:19:34","slug":"link-lesetipp-luegen-vom-chef-im-bewerbungsgespraech","status":"publish","type":"post","link":"https:\/\/www.euroakademie.de\/magazin\/link-lesetipp-luegen-vom-chef-im-bewerbungsgespraech\/","title":{"rendered":"Link- und Lesetipp: L\u00fcgen vom Chef im Bewerbungsgespr\u00e4ch"},"content":{"rendered":"<p>\t\t\t\t<![CDATA[<strong>Praktikum, Nebenjob, Berufseinstieg oder -wechsel \u2013 in allen Szenarien m\u00fcssen Sie sich bewerben und auf Erfolg hoffen. Haben Sie dann tats\u00e4chlich ein Vorstellungsgespr\u00e4ch hinter sich gebracht, stellt sich heraus: Nicht nur Sie haben Kleinigkeiten im Lebenslauf positiver dargestellt, als sie sind, auch Ihr Gegen\u00fcber hat ab und zu gelogen.<\/strong>\n\nZwar bringen Sie im Laufe der Ausbildung und der Karriere zahlreiche Vorstellungsgespr\u00e4che hinter sich, doch die Nervosit\u00e4t und das Bangen hinterher verschwinden nie so ganz. Immer und immer wieder spielen Sie Fragen und Antworten im Kopf durch. Wo haben Sie gepunktet, wo gepatzt und warum haben die Personaler bei Ihrer einen \u00c4u\u00dferung so merkw\u00fcrdig geguckt?\n\nDann kommt der Tag, an dem Sie allersp\u00e4testens eine R\u00fcckmeldung von der erhofften Stelle bekommen sollten \u2013 und geht wieder. Jetzt dreht Ihr Gedankenkarussell erst richtig auf. Was war an Ihrem Vorstellungsgespr\u00e4ch so au\u00dfergew\u00f6hnlich, dass das Unternehmen sich nicht an die Absprache halten konnte?\n\nEndlich \u2013 zwei Wochen zu sp\u00e4t \u2013 bekommen Sie per E-Mail eine Absage. Dabei hat Ihnen Ihr Gespr\u00e4chspartner doch zugesichert, dass Sie sein Favorit f\u00fcr die Stelle sind. Wieso muss er dann \u201eleider aus Gr\u00fcnden, die nichts mit Ihrer Person zu tun haben, absagen\u201c?\n\n\n<h2>Nicht auf L\u00fcgen hereinfallen<\/h2>\n\n\nDie Antwort ist ganz einfach: Die Gespr\u00e4chsf\u00fchrer Ihres Traumarbeitgebers haben Ihnen einige L\u00fcgen aufgetischt. Und das ist noch nicht einmal die Ausnahme. Gerne verabschieden die Personaler die nerv\u00f6sen Bewerber mit einem positiven Gef\u00fchl. Da ist das Unternehmen ein bisschen erfolgreicher, Ihre baldige Karriere ein wenig steiler und der Termin der R\u00fcckmeldung deutlich zu fr\u00fch.\n\nSchlimmer noch sind die Unwahrheiten im Bewerbungsgespr\u00e4ch, die Ihnen erst klarwerden, nachdem Sie eingestellt wurden. Da kann es sein, dass Sie sich schnell wundern, wo die z\u00fcgige Gehaltserh\u00f6hung, die flexiblen Arbeitszeiten und die umfangreichen Weiterbildungsma\u00dfnahmen bleiben.\n\nAm besten gehen Sie bereits ohne Illusionen in ein Vorstellungsgespr\u00e4ch und fragen bei wagen Versprechungen gezielt nach. Einige Aussagen, bei denen bei Ihnen die Alarmglocken klingeln sollten, hat Nils Warkentin in seinem Artikel \u201e<a href=\"http:\/\/karrierebibel.de\/falsche-versprechungen-das-erzaehlen-personaler\/\" target=\"_blank\" rel=\"noopener\">Falsche Versprechungen: Das erz\u00e4hlen Personaler<\/a>\u201c auf karrierebibel.de zusammengestellt. Auch der Bericht von Suzanne Lucas \u201e<a href=\"https:\/\/www.evilhrlady.org\/2015\/09\/applicant-beware-the-10-biggest-lies-headhunters-tell-you.html\" target=\"_blank\" rel=\"noopener\">Applicant, Beware! The 10 Biggest Lies Headhunters Tell You<\/a>\u201c auf business.com besch\u00e4ftigt sich mit diesem Thema und ist eine n\u00e4here Betrachtung vor dem n\u00e4chsten Bewerbungsgespr\u00e4ch wert.\n\nDas k\u00f6nnte Sie auch interessieren:\n<a href=\"https:\/\/www.euroakademie.de\/magazin\/selbstanalyse-kompetenzen-benennen\/\">Die Selbstanalyse \u2013 Kompetenzen benennen und f\u00fcr die Berufsfindung und Bewerbung nutzen<\/a>\n<a href=\"https:\/\/www.euroakademie.de\/magazin\/zeitplan-fuer-die-bewerbung-nach-der-ausbildung-in-den-job\/\">Zeitplan f\u00fcr die Bewerbung: Nach der Ausbildung erfolgreich in den Job<\/a>\n<a href=\"http:\/\/Karrieresprungbrett Social Media: Bewerbung \u00fcber XING\">Karrieresprungbrett Social Media: Bewerbung \u00fcber XING<\/a>]]>\t\t<\/p>\n","protected":false},"excerpt":{"rendered":"<p>\t\t\t\t<![CDATA[]]>\t\t<\/p>\n","protected":false},"author":7,"featured_media":6995,"comment_status":"closed","ping_status":"closed","sticky":false,"template":"","format":"standard","meta":{"footnotes":""},"categories":[127,139],"tags":[1351,1363,5386,8806,8965],"class_list":{"0":"post-4073","1":"post","2":"type-post","3":"status-publish","4":"format-standard","5":"has-post-thumbnail","7":"category-karriere","8":"category-lesetipps","9":"tag-bewerbung","10":"tag-bewerbungsgespraech","11":"tag-luegen","12":"tag-versprechungen","13":"tag-vorstellungsgespraech"},"yoast_head":"<!-- This site is optimized with the Yoast SEO plugin v23.5 - https:\/\/yoast.com\/wordpress\/plugins\/seo\/ -->\n<title>Link- und Lesetipp: L\u00fcgen vom Chef im Bewerbungsgespr\u00e4ch<\/title>\n<meta name=\"description\" content=\"Nach einem Vorstellungsgespr\u00e4ch kommt es hin und wieder zum b\u00f6sen Erwachen, denn auch die Personaler und der zuk\u00fcnftige Chef erz\u00e4hlen L\u00fcgen.\" \/>\n<meta name=\"robots\" content=\"index, follow, max-snippet:-1, max-image-preview:large, max-video-preview:-1\" \/>\n<link rel=\"canonical\" href=\"https:\/\/www.euroakademie.de\/magazin\/link-lesetipp-luegen-vom-chef-im-bewerbungsgespraech\/\" \/>\n<meta property=\"og:locale\" content=\"de_DE\" \/>\n<meta property=\"og:type\" content=\"article\" \/>\n<meta property=\"og:title\" content=\"Link- und Lesetipp: L\u00fcgen vom Chef im Bewerbungsgespr\u00e4ch\" \/>\n<meta property=\"og:description\" content=\"Nach einem Vorstellungsgespr\u00e4ch kommt es hin und wieder zum b\u00f6sen Erwachen, denn auch die Personaler und der zuk\u00fcnftige Chef erz\u00e4hlen L\u00fcgen.\" \/>\n<meta property=\"og:url\" content=\"https:\/\/www.euroakademie.de\/magazin\/link-lesetipp-luegen-vom-chef-im-bewerbungsgespraech\/\" \/>\n<meta property=\"og:site_name\" content=\"Das Euro Akademie Magazin\" \/>\n<meta property=\"article:published_time\" content=\"2016-05-17T06:30:45+00:00\" \/>\n<meta property=\"article:modified_time\" content=\"2024-11-15T07:19:34+00:00\" \/>\n<meta property=\"og:image\" content=\"https:\/\/www.euroakademie.de\/magazin\/wp-content\/uploads\/2016\/05\/shutterstock_617014355_702x336_web.jpg\" \/>\n\t<meta property=\"og:image:width\" content=\"702\" \/>\n\t<meta property=\"og:image:height\" content=\"336\" \/>\n\t<meta property=\"og:image:type\" content=\"image\/jpeg\" \/>\n<meta name=\"author\" content=\"Redaktion\" \/>\n<meta name=\"twitter:card\" content=\"summary_large_image\" \/>\n<meta name=\"twitter:label1\" content=\"Verfasst von\" \/>\n\t<meta name=\"twitter:data1\" content=\"Redaktion\" \/>\n\t<meta name=\"twitter:label2\" content=\"Gesch\u00e4tzte Lesezeit\" \/>\n\t<meta name=\"twitter:data2\" content=\"2\u00a0Minuten\" \/>\n<script type=\"application\/ld+json\" class=\"yoast-schema-graph\">{\"@context\":\"https:\/\/schema.org\",\"@graph\":[{\"@type\":\"Article\",\"@id\":\"https:\/\/www.euroakademie.de\/magazin\/link-lesetipp-luegen-vom-chef-im-bewerbungsgespraech\/#article\",\"isPartOf\":{\"@id\":\"https:\/\/www.euroakademie.de\/magazin\/link-lesetipp-luegen-vom-chef-im-bewerbungsgespraech\/\"},\"author\":{\"name\":\"Redaktion\",\"@id\":\"https:\/\/www.euroakademie.de\/magazin\/#\/schema\/person\/6c9b7b6db765ee31640d80c936be3686\"},\"headline\":\"Link- und Lesetipp: L\u00fcgen vom Chef im Bewerbungsgespr\u00e4ch\",\"datePublished\":\"2016-05-17T06:30:45+00:00\",\"dateModified\":\"2024-11-15T07:19:34+00:00\",\"mainEntityOfPage\":{\"@id\":\"https:\/\/www.euroakademie.de\/magazin\/link-lesetipp-luegen-vom-chef-im-bewerbungsgespraech\/\"},\"wordCount\":437,\"publisher\":{\"@id\":\"https:\/\/www.euroakademie.de\/magazin\/#organization\"},\"image\":{\"@id\":\"https:\/\/www.euroakademie.de\/magazin\/link-lesetipp-luegen-vom-chef-im-bewerbungsgespraech\/#primaryimage\"},\"thumbnailUrl\":\"https:\/\/www.euroakademie.de\/magazin\/wp-content\/uploads\/2016\/05\/shutterstock_617014355_702x336_web.jpg\",\"keywords\":[\"Bewerbung\",\"Bewerbungsgespr\u00e4ch\",\"L\u00fcgen\",\"Versprechungen\",\"Vorstellungsgespr\u00e4ch\"],\"articleSection\":[\"Karriere\",\"Link- und Lesetipps\"],\"inLanguage\":\"de\"},{\"@type\":\"WebPage\",\"@id\":\"https:\/\/www.euroakademie.de\/magazin\/link-lesetipp-luegen-vom-chef-im-bewerbungsgespraech\/\",\"url\":\"https:\/\/www.euroakademie.de\/magazin\/link-lesetipp-luegen-vom-chef-im-bewerbungsgespraech\/\",\"name\":\"Link- und Lesetipp: L\u00fcgen vom Chef im Bewerbungsgespr\u00e4ch\",\"isPartOf\":{\"@id\":\"https:\/\/www.euroakademie.de\/magazin\/#website\"},\"primaryImageOfPage\":{\"@id\":\"https:\/\/www.euroakademie.de\/magazin\/link-lesetipp-luegen-vom-chef-im-bewerbungsgespraech\/#primaryimage\"},\"image\":{\"@id\":\"https:\/\/www.euroakademie.de\/magazin\/link-lesetipp-luegen-vom-chef-im-bewerbungsgespraech\/#primaryimage\"},\"thumbnailUrl\":\"https:\/\/www.euroakademie.de\/magazin\/wp-content\/uploads\/2016\/05\/shutterstock_617014355_702x336_web.jpg\",\"datePublished\":\"2016-05-17T06:30:45+00:00\",\"dateModified\":\"2024-11-15T07:19:34+00:00\",\"description\":\"Nach einem Vorstellungsgespr\u00e4ch kommt es hin und wieder zum b\u00f6sen Erwachen, denn auch die Personaler und der zuk\u00fcnftige Chef erz\u00e4hlen L\u00fcgen.\",\"breadcrumb\":{\"@id\":\"https:\/\/www.euroakademie.de\/magazin\/link-lesetipp-luegen-vom-chef-im-bewerbungsgespraech\/#breadcrumb\"},\"inLanguage\":\"de\",\"potentialAction\":[{\"@type\":\"ReadAction\",\"target\":[\"https:\/\/www.euroakademie.de\/magazin\/link-lesetipp-luegen-vom-chef-im-bewerbungsgespraech\/\"]}]},{\"@type\":\"ImageObject\",\"inLanguage\":\"de\",\"@id\":\"https:\/\/www.euroakademie.de\/magazin\/link-lesetipp-luegen-vom-chef-im-bewerbungsgespraech\/#primaryimage\",\"url\":\"https:\/\/www.euroakademie.de\/magazin\/wp-content\/uploads\/2016\/05\/shutterstock_617014355_702x336_web.jpg\",\"contentUrl\":\"https:\/\/www.euroakademie.de\/magazin\/wp-content\/uploads\/2016\/05\/shutterstock_617014355_702x336_web.jpg\",\"width\":702,\"height\":336,\"caption\":\"\"},{\"@type\":\"BreadcrumbList\",\"@id\":\"https:\/\/www.euroakademie.de\/magazin\/link-lesetipp-luegen-vom-chef-im-bewerbungsgespraech\/#breadcrumb\",\"itemListElement\":[{\"@type\":\"ListItem\",\"position\":1,\"name\":\"Startseite\",\"item\":\"https:\/\/www.euroakademie.de\/magazin\/\"},{\"@type\":\"ListItem\",\"position\":2,\"name\":\"Link- und Lesetipp: L\u00fcgen vom Chef im Bewerbungsgespr\u00e4ch\"}]},{\"@type\":\"WebSite\",\"@id\":\"https:\/\/www.euroakademie.de\/magazin\/#website\",\"url\":\"https:\/\/www.euroakademie.de\/magazin\/\",\"name\":\"Das Euro Akademie Magazin\",\"description\":\"Gut informiert durch Ausbildung und Studium\",\"publisher\":{\"@id\":\"https:\/\/www.euroakademie.de\/magazin\/#organization\"},\"potentialAction\":[{\"@type\":\"SearchAction\",\"target\":{\"@type\":\"EntryPoint\",\"urlTemplate\":\"https:\/\/www.euroakademie.de\/magazin\/?s={search_term_string}\"},\"query-input\":{\"@type\":\"PropertyValueSpecification\",\"valueRequired\":true,\"valueName\":\"search_term_string\"}}],\"inLanguage\":\"de\"},{\"@type\":\"Organization\",\"@id\":\"https:\/\/www.euroakademie.de\/magazin\/#organization\",\"name\":\"ESO Education Group\",\"url\":\"https:\/\/www.euroakademie.de\/magazin\/\",\"logo\":{\"@type\":\"ImageObject\",\"inLanguage\":\"de\",\"@id\":\"https:\/\/www.euroakademie.de\/magazin\/#\/schema\/logo\/image\/\",\"url\":\"https:\/\/relaunch.euroakademie.de\/magazin\/wp-content\/uploads\/2024\/11\/Logo_EA_negativ_Rahmen_5cm_300dpi_RGB.jpg\",\"contentUrl\":\"https:\/\/relaunch.euroakademie.de\/magazin\/wp-content\/uploads\/2024\/11\/Logo_EA_negativ_Rahmen_5cm_300dpi_RGB.jpg\",\"width\":591,\"height\":236,\"caption\":\"ESO Education Group\"},\"image\":{\"@id\":\"https:\/\/www.euroakademie.de\/magazin\/#\/schema\/logo\/image\/\"}},{\"@type\":\"Person\",\"@id\":\"https:\/\/www.euroakademie.de\/magazin\/#\/schema\/person\/6c9b7b6db765ee31640d80c936be3686\",\"name\":\"Redaktion\",\"description\":\"Die Redaktion des Euro Akademie Magazins h\u00e4lt Sie regelm\u00e4\u00dfig mit hintergr\u00fcndigen Artikeln auf dem Laufenden. Auf Basis einer fundierten Recherche und mit Spa\u00df am Schreiben erstellen die Redakteur*innen informative und unterhaltsame Inhalte f\u00fcr Sie.\",\"url\":\"https:\/\/www.euroakademie.de\/magazin\/author\/redaktion\/\"}]}<\/script>\n<!-- \/ Yoast SEO plugin. -->","yoast_head_json":{"title":"Link- und Lesetipp: L\u00fcgen vom Chef im Bewerbungsgespr\u00e4ch","description":"Nach einem Vorstellungsgespr\u00e4ch kommt es hin und wieder zum b\u00f6sen Erwachen, denn auch die Personaler und der zuk\u00fcnftige Chef erz\u00e4hlen L\u00fcgen.","robots":{"index":"index","follow":"follow","max-snippet":"max-snippet:-1","max-image-preview":"max-image-preview:large","max-video-preview":"max-video-preview:-1"},"canonical":"https:\/\/www.euroakademie.de\/magazin\/link-lesetipp-luegen-vom-chef-im-bewerbungsgespraech\/","og_locale":"de_DE","og_type":"article","og_title":"Link- und Lesetipp: L\u00fcgen vom Chef im Bewerbungsgespr\u00e4ch","og_description":"Nach einem Vorstellungsgespr\u00e4ch kommt es hin und wieder zum b\u00f6sen Erwachen, denn auch die Personaler und der zuk\u00fcnftige Chef erz\u00e4hlen L\u00fcgen.","og_url":"https:\/\/www.euroakademie.de\/magazin\/link-lesetipp-luegen-vom-chef-im-bewerbungsgespraech\/","og_site_name":"Das Euro Akademie Magazin","article_published_time":"2016-05-17T06:30:45+00:00","article_modified_time":"2024-11-15T07:19:34+00:00","og_image":[{"width":702,"height":336,"url":"https:\/\/www.euroakademie.de\/magazin\/wp-content\/uploads\/2016\/05\/shutterstock_617014355_702x336_web.jpg","type":"image\/jpeg"}],"author":"Redaktion","twitter_card":"summary_large_image","twitter_misc":{"Verfasst von":"Redaktion","Gesch\u00e4tzte Lesezeit":"2\u00a0Minuten"},"schema":{"@context":"https:\/\/schema.org","@graph":[{"@type":"Article","@id":"https:\/\/www.euroakademie.de\/magazin\/link-lesetipp-luegen-vom-chef-im-bewerbungsgespraech\/#article","isPartOf":{"@id":"https:\/\/www.euroakademie.de\/magazin\/link-lesetipp-luegen-vom-chef-im-bewerbungsgespraech\/"},"author":{"name":"Redaktion","@id":"https:\/\/www.euroakademie.de\/magazin\/#\/schema\/person\/6c9b7b6db765ee31640d80c936be3686"},"headline":"Link- und Lesetipp: L\u00fcgen vom Chef im Bewerbungsgespr\u00e4ch","datePublished":"2016-05-17T06:30:45+00:00","dateModified":"2024-11-15T07:19:34+00:00","mainEntityOfPage":{"@id":"https:\/\/www.euroakademie.de\/magazin\/link-lesetipp-luegen-vom-chef-im-bewerbungsgespraech\/"},"wordCount":437,"publisher":{"@id":"https:\/\/www.euroakademie.de\/magazin\/#organization"},"image":{"@id":"https:\/\/www.euroakademie.de\/magazin\/link-lesetipp-luegen-vom-chef-im-bewerbungsgespraech\/#primaryimage"},"thumbnailUrl":"https:\/\/www.euroakademie.de\/magazin\/wp-content\/uploads\/2016\/05\/shutterstock_617014355_702x336_web.jpg","keywords":["Bewerbung","Bewerbungsgespr\u00e4ch","L\u00fcgen","Versprechungen","Vorstellungsgespr\u00e4ch"],"articleSection":["Karriere","Link- und Lesetipps"],"inLanguage":"de"},{"@type":"WebPage","@id":"https:\/\/www.euroakademie.de\/magazin\/link-lesetipp-luegen-vom-chef-im-bewerbungsgespraech\/","url":"https:\/\/www.euroakademie.de\/magazin\/link-lesetipp-luegen-vom-chef-im-bewerbungsgespraech\/","name":"Link- und Lesetipp: L\u00fcgen vom Chef im Bewerbungsgespr\u00e4ch","isPartOf":{"@id":"https:\/\/www.euroakademie.de\/magazin\/#website"},"primaryImageOfPage":{"@id":"https:\/\/www.euroakademie.de\/magazin\/link-lesetipp-luegen-vom-chef-im-bewerbungsgespraech\/#primaryimage"},"image":{"@id":"https:\/\/www.euroakademie.de\/magazin\/link-lesetipp-luegen-vom-chef-im-bewerbungsgespraech\/#primaryimage"},"thumbnailUrl":"https:\/\/www.euroakademie.de\/magazin\/wp-content\/uploads\/2016\/05\/shutterstock_617014355_702x336_web.jpg","datePublished":"2016-05-17T06:30:45+00:00","dateModified":"2024-11-15T07:19:34+00:00","description":"Nach einem Vorstellungsgespr\u00e4ch kommt es hin und wieder zum b\u00f6sen Erwachen, denn auch die Personaler und der zuk\u00fcnftige Chef erz\u00e4hlen L\u00fcgen.","breadcrumb":{"@id":"https:\/\/www.euroakademie.de\/magazin\/link-lesetipp-luegen-vom-chef-im-bewerbungsgespraech\/#breadcrumb"},"inLanguage":"de","potentialAction":[{"@type":"ReadAction","target":["https:\/\/www.euroakademie.de\/magazin\/link-lesetipp-luegen-vom-chef-im-bewerbungsgespraech\/"]}]},{"@type":"ImageObject","inLanguage":"de","@id":"https:\/\/www.euroakademie.de\/magazin\/link-lesetipp-luegen-vom-chef-im-bewerbungsgespraech\/#primaryimage","url":"https:\/\/www.euroakademie.de\/magazin\/wp-content\/uploads\/2016\/05\/shutterstock_617014355_702x336_web.jpg","contentUrl":"https:\/\/www.euroakademie.de\/magazin\/wp-content\/uploads\/2016\/05\/shutterstock_617014355_702x336_web.jpg","width":702,"height":336,"caption":""},{"@type":"BreadcrumbList","@id":"https:\/\/www.euroakademie.de\/magazin\/link-lesetipp-luegen-vom-chef-im-bewerbungsgespraech\/#breadcrumb","itemListElement":[{"@type":"ListItem","position":1,"name":"Startseite","item":"https:\/\/www.euroakademie.de\/magazin\/"},{"@type":"ListItem","position":2,"name":"Link- und Lesetipp: L\u00fcgen vom Chef im Bewerbungsgespr\u00e4ch"}]},{"@type":"WebSite","@id":"https:\/\/www.euroakademie.de\/magazin\/#website","url":"https:\/\/www.euroakademie.de\/magazin\/","name":"Das Euro Akademie Magazin","description":"Gut informiert durch Ausbildung und Studium","publisher":{"@id":"https:\/\/www.euroakademie.de\/magazin\/#organization"},"potentialAction":[{"@type":"SearchAction","target":{"@type":"EntryPoint","urlTemplate":"https:\/\/www.euroakademie.de\/magazin\/?s={search_term_string}"},"query-input":{"@type":"PropertyValueSpecification","valueRequired":true,"valueName":"search_term_string"}}],"inLanguage":"de"},{"@type":"Organization","@id":"https:\/\/www.euroakademie.de\/magazin\/#organization","name":"ESO Education Group","url":"https:\/\/www.euroakademie.de\/magazin\/","logo":{"@type":"ImageObject","inLanguage":"de","@id":"https:\/\/www.euroakademie.de\/magazin\/#\/schema\/logo\/image\/","url":"https:\/\/relaunch.euroakademie.de\/magazin\/wp-content\/uploads\/2024\/11\/Logo_EA_negativ_Rahmen_5cm_300dpi_RGB.jpg","contentUrl":"https:\/\/relaunch.euroakademie.de\/magazin\/wp-content\/uploads\/2024\/11\/Logo_EA_negativ_Rahmen_5cm_300dpi_RGB.jpg","width":591,"height":236,"caption":"ESO Education Group"},"image":{"@id":"https:\/\/www.euroakademie.de\/magazin\/#\/schema\/logo\/image\/"}},{"@type":"Person","@id":"https:\/\/www.euroakademie.de\/magazin\/#\/schema\/person\/6c9b7b6db765ee31640d80c936be3686","name":"Redaktion","description":"Die Redaktion des Euro Akademie Magazins h\u00e4lt Sie regelm\u00e4\u00dfig mit hintergr\u00fcndigen Artikeln auf dem Laufenden. Auf Basis einer fundierten Recherche und mit Spa\u00df am Schreiben erstellen die Redakteur*innen informative und unterhaltsame Inhalte f\u00fcr Sie.","url":"https:\/\/www.euroakademie.de\/magazin\/author\/redaktion\/"}]}},"_links":{"self":[{"href":"https:\/\/www.euroakademie.de\/magazin\/wp-json\/wp\/v2\/posts\/4073","targetHints":{"allow":["GET"]}}],"collection":[{"href":"https:\/\/www.euroakademie.de\/magazin\/wp-json\/wp\/v2\/posts"}],"about":[{"href":"https:\/\/www.euroakademie.de\/magazin\/wp-json\/wp\/v2\/types\/post"}],"author":[{"embeddable":true,"href":"https:\/\/www.euroakademie.de\/magazin\/wp-json\/wp\/v2\/users\/7"}],"replies":[{"embeddable":true,"href":"https:\/\/www.euroakademie.de\/magazin\/wp-json\/wp\/v2\/comments?post=4073"}],"version-history":[{"count":1,"href":"https:\/\/www.euroakademie.de\/magazin\/wp-json\/wp\/v2\/posts\/4073\/revisions"}],"predecessor-version":[{"id":22518,"href":"https:\/\/www.euroakademie.de\/magazin\/wp-json\/wp\/v2\/posts\/4073\/revisions\/22518"}],"wp:featuredmedia":[{"embeddable":true,"href":"https:\/\/www.euroakademie.de\/magazin\/wp-json\/wp\/v2\/media\/6995"}],"wp:attachment":[{"href":"https:\/\/www.euroakademie.de\/magazin\/wp-json\/wp\/v2\/media?parent=4073"}],"wp:term":[{"taxonomy":"category","embeddable":true,"href":"https:\/\/www.euroakademie.de\/magazin\/wp-json\/wp\/v2\/categories?post=4073"},{"taxonomy":"post_tag","embeddable":true,"href":"https:\/\/www.euroakademie.de\/magazin\/wp-json\/wp\/v2\/tags?post=4073"}],"curies":[{"name":"wp","href":"https:\/\/api.w.org\/{rel}","templated":true}]}}