{"id":4149,"date":"2016-06-06T08:30:58","date_gmt":"2016-06-06T06:30:58","guid":{"rendered":"https:\/\/www.euroakademie.de\/magazin\/?p=4149"},"modified":"2016-06-06T08:30:58","modified_gmt":"2016-06-06T06:30:58","slug":"blitzschnell-zum-eigenen-lebenslauf","status":"publish","type":"post","link":"https:\/\/www.euroakademie.de\/magazin\/blitzschnell-zum-eigenen-lebenslauf\/","title":{"rendered":"Link- und Lesetipp: Blitzschnell zum eigenen Lebenslauf"},"content":{"rendered":"<p>\t\t\t\t<![CDATA[<strong>Viele sagen, das Anschreiben sei das Schwerste an der Bewerbung. Doch auch die Erstellung des Lebenslaufs kann eine gro\u00dfe Herausforderung sein \u2013 besonders, wenn Sie vorher noch nie einen gemacht haben. Unser Linktipp diese Woche hilft Ihnen, hier viel Zeit zu sparen, die Ihnen dann f\u00fcr das Feilen an den Formulierungen bleibt.<\/strong>\n\nIn mehreren Spalten, gegliedert, mit Zwischen\u00fcberschriften und besonderem Design? Welche Schriftart, -gr\u00f6\u00dfe und -farbe? Welche Informationen sind wichtig? Bis das Ger\u00fcst eines guten Lebenslaufs steht, k\u00f6nnen leicht mehrere Stunden vergehen. Sie m\u00fcssen schlie\u00dflich beim Formatieren den schmalen Grat zwischen langweilig und unseri\u00f6s finden. Dabei sollte das Dokument \u00fcbersichtlich bleiben und alle wichtigen Daten beinhalten.\n\n\n<h2>Keine Sch\u00f6nheitskorrektur n\u00f6tig<\/h2>\n\n\nAnstatt sich lange den Kopf \u00fcber die Optik zu zerbrechen, k\u00f6nnen Sie eine kleine Abk\u00fcrzung nutzen. Die Webseite <a href=\"https:\/\/www.lebenslauf2go.de\/\" target=\"_blank\" rel=\"noopener\">lebenslauf2go.de<\/a> bietet Ihnen eine elegante Mustervorlage, die Sie nur noch mit Ihren eigenen Daten f\u00fcllen m\u00fcssen. Das geht schnell und unkompliziert direkt online. Die am h\u00e4ufigsten gebrauchten Kategorien sind bereits vorgegeben. Zudem k\u00f6nnen Sie eigene Abschnitte anlegen und sogar die Reihenfolge \u00e4ndern. Auch Ihr Bewerbungsfoto l\u00e4sst sich direkt hochladen und einf\u00fcgen.\n\nDa es verschiedene Branchen mit ebenso unterschiedlichen Anspr\u00fcchen gibt, ist es m\u00f6glich, aus drei Designvorschl\u00e4gen zu w\u00e4hlen und so den f\u00fcr Ihre Zwecke passenden Lebenslauf zu erzeugen. Damit Ihre Unterlagen alle zusammenpassen, wird au\u00dferdem eine Vorlage im selben Design f\u00fcr das Anschreiben angeboten. Nur den Text m\u00fcssen Sie leider immer noch eigenst\u00e4ndig verfassen, doch daf\u00fcr haben Sie nun ja gen\u00fcgend Zeit zur Verf\u00fcgung.\n\nDas k\u00f6nnte Sie auch interessieren:\n<a href=\"https:\/\/www.euroakademie.de\/magazin\/zeitplan-fuer-die-bewerbung-nach-der-ausbildung-in-den-job\/\">Zeitplan f\u00fcr die Bewerbung: Nach der Ausbildung erfolgreich in den Job<\/a>\n<a href=\"https:\/\/www.euroakademie.de\/magazin\/selbstanalyse-kompetenzen-benennen-und-fuer-die-berufsfindung-und-bewerbung-nutzen\/\">Die Selbstanalyse \u2013 Kompetenzen zur Berufsfindung und Bewerbung nutzen<\/a>\n<a href=\"https:\/\/www.euroakademie.de\/magazin\/link-lesetipp-gehaltsvorstellung-im-bewerbungsschreiben\/\">Link- und Lesetipp: Gehaltsvorstellung im Bewerbungsschreiben<\/a>]]>\t\t<\/p>\n","protected":false},"excerpt":{"rendered":"<p>\t\t\t\t<![CDATA[]]>\t\t<\/p>\n","protected":false},"author":7,"featured_media":6982,"comment_status":"closed","ping_status":"closed","sticky":false,"template":"","format":"standard","meta":{"footnotes":""},"categories":[139,172],"tags":[517,1351,5077,7201,9376],"class_list":{"0":"post-4149","1":"post","2":"type-post","3":"status-publish","4":"format-standard","5":"has-post-thumbnail","7":"category-lesetipps","8":"category-100-tipps-tricks","9":"tag-anschreiben","10":"tag-bewerbung","11":"tag-lebenslauf","12":"tag-schnell","13":"tag-zeit"},"yoast_head":"<!-- This site is optimized with the Yoast SEO plugin v23.5 - https:\/\/yoast.com\/wordpress\/plugins\/seo\/ -->\n<title>Blitzschnell zum eigenen Lebenslauf<\/title>\n<meta name=\"description\" content=\"Unser Linktipp diese Woche hilft Ihnen, beim Lebenslauf viel Zeit zu sparen, die Ihnen dann f\u00fcr das Feilen an den Formulierungen bleibt.\" \/>\n<meta name=\"robots\" content=\"index, follow, max-snippet:-1, max-image-preview:large, max-video-preview:-1\" \/>\n<link rel=\"canonical\" href=\"https:\/\/www.euroakademie.de\/magazin\/blitzschnell-zum-eigenen-lebenslauf\/\" \/>\n<meta property=\"og:locale\" content=\"de_DE\" \/>\n<meta property=\"og:type\" content=\"article\" \/>\n<meta property=\"og:title\" content=\"Blitzschnell zum eigenen Lebenslauf\" \/>\n<meta property=\"og:description\" content=\"Unser Linktipp diese Woche hilft Ihnen, beim Lebenslauf viel Zeit zu sparen, die Ihnen dann f\u00fcr das Feilen an den Formulierungen bleibt.\" \/>\n<meta property=\"og:url\" content=\"https:\/\/www.euroakademie.de\/magazin\/blitzschnell-zum-eigenen-lebenslauf\/\" \/>\n<meta property=\"og:site_name\" content=\"Das Euro Akademie Magazin\" \/>\n<meta property=\"article:published_time\" content=\"2016-06-06T06:30:58+00:00\" \/>\n<meta property=\"og:image\" content=\"https:\/\/www.euroakademie.de\/magazin\/wp-content\/uploads\/2016\/06\/shutterstock_372904642_702x336_web.jpg\" \/>\n\t<meta property=\"og:image:width\" content=\"702\" \/>\n\t<meta property=\"og:image:height\" content=\"336\" \/>\n\t<meta property=\"og:image:type\" content=\"image\/jpeg\" \/>\n<meta name=\"author\" content=\"Redaktion\" \/>\n<meta name=\"twitter:card\" content=\"summary_large_image\" \/>\n<meta name=\"twitter:label1\" content=\"Verfasst von\" \/>\n\t<meta name=\"twitter:data1\" content=\"Redaktion\" \/>\n\t<meta name=\"twitter:label2\" content=\"Gesch\u00e4tzte Lesezeit\" \/>\n\t<meta name=\"twitter:data2\" content=\"2\u00a0Minuten\" \/>\n<script type=\"application\/ld+json\" class=\"yoast-schema-graph\">{\"@context\":\"https:\/\/schema.org\",\"@graph\":[{\"@type\":\"Article\",\"@id\":\"https:\/\/www.euroakademie.de\/magazin\/blitzschnell-zum-eigenen-lebenslauf\/#article\",\"isPartOf\":{\"@id\":\"https:\/\/www.euroakademie.de\/magazin\/blitzschnell-zum-eigenen-lebenslauf\/\"},\"author\":{\"name\":\"Redaktion\",\"@id\":\"https:\/\/www.euroakademie.de\/magazin\/#\/schema\/person\/6c9b7b6db765ee31640d80c936be3686\"},\"headline\":\"Link- und Lesetipp: Blitzschnell zum eigenen Lebenslauf\",\"datePublished\":\"2016-06-06T06:30:58+00:00\",\"dateModified\":\"2016-06-06T06:30:58+00:00\",\"mainEntityOfPage\":{\"@id\":\"https:\/\/www.euroakademie.de\/magazin\/blitzschnell-zum-eigenen-lebenslauf\/\"},\"wordCount\":312,\"publisher\":{\"@id\":\"https:\/\/www.euroakademie.de\/magazin\/#organization\"},\"image\":{\"@id\":\"https:\/\/www.euroakademie.de\/magazin\/blitzschnell-zum-eigenen-lebenslauf\/#primaryimage\"},\"thumbnailUrl\":\"https:\/\/www.euroakademie.de\/magazin\/wp-content\/uploads\/2016\/06\/shutterstock_372904642_702x336_web.jpg\",\"keywords\":[\"Anschreiben\",\"Bewerbung\",\"Lebenslauf\",\"schnell\",\"Zeit\"],\"articleSection\":[\"Link- und Lesetipps\",\"Tipps &amp; Tricks\"],\"inLanguage\":\"de\"},{\"@type\":\"WebPage\",\"@id\":\"https:\/\/www.euroakademie.de\/magazin\/blitzschnell-zum-eigenen-lebenslauf\/\",\"url\":\"https:\/\/www.euroakademie.de\/magazin\/blitzschnell-zum-eigenen-lebenslauf\/\",\"name\":\"Blitzschnell zum eigenen Lebenslauf\",\"isPartOf\":{\"@id\":\"https:\/\/www.euroakademie.de\/magazin\/#website\"},\"primaryImageOfPage\":{\"@id\":\"https:\/\/www.euroakademie.de\/magazin\/blitzschnell-zum-eigenen-lebenslauf\/#primaryimage\"},\"image\":{\"@id\":\"https:\/\/www.euroakademie.de\/magazin\/blitzschnell-zum-eigenen-lebenslauf\/#primaryimage\"},\"thumbnailUrl\":\"https:\/\/www.euroakademie.de\/magazin\/wp-content\/uploads\/2016\/06\/shutterstock_372904642_702x336_web.jpg\",\"datePublished\":\"2016-06-06T06:30:58+00:00\",\"dateModified\":\"2016-06-06T06:30:58+00:00\",\"description\":\"Unser Linktipp diese Woche hilft Ihnen, beim Lebenslauf viel Zeit zu sparen, die Ihnen dann f\u00fcr das Feilen an den Formulierungen bleibt.\",\"breadcrumb\":{\"@id\":\"https:\/\/www.euroakademie.de\/magazin\/blitzschnell-zum-eigenen-lebenslauf\/#breadcrumb\"},\"inLanguage\":\"de\",\"potentialAction\":[{\"@type\":\"ReadAction\",\"target\":[\"https:\/\/www.euroakademie.de\/magazin\/blitzschnell-zum-eigenen-lebenslauf\/\"]}]},{\"@type\":\"ImageObject\",\"inLanguage\":\"de\",\"@id\":\"https:\/\/www.euroakademie.de\/magazin\/blitzschnell-zum-eigenen-lebenslauf\/#primaryimage\",\"url\":\"https:\/\/www.euroakademie.de\/magazin\/wp-content\/uploads\/2016\/06\/shutterstock_372904642_702x336_web.jpg\",\"contentUrl\":\"https:\/\/www.euroakademie.de\/magazin\/wp-content\/uploads\/2016\/06\/shutterstock_372904642_702x336_web.jpg\",\"width\":702,\"height\":336,\"caption\":\"\"},{\"@type\":\"BreadcrumbList\",\"@id\":\"https:\/\/www.euroakademie.de\/magazin\/blitzschnell-zum-eigenen-lebenslauf\/#breadcrumb\",\"itemListElement\":[{\"@type\":\"ListItem\",\"position\":1,\"name\":\"Startseite\",\"item\":\"https:\/\/www.euroakademie.de\/magazin\/\"},{\"@type\":\"ListItem\",\"position\":2,\"name\":\"Link- und Lesetipp: Blitzschnell zum eigenen Lebenslauf\"}]},{\"@type\":\"WebSite\",\"@id\":\"https:\/\/www.euroakademie.de\/magazin\/#website\",\"url\":\"https:\/\/www.euroakademie.de\/magazin\/\",\"name\":\"Das Euro Akademie Magazin\",\"description\":\"Gut informiert durch Ausbildung und Studium\",\"publisher\":{\"@id\":\"https:\/\/www.euroakademie.de\/magazin\/#organization\"},\"potentialAction\":[{\"@type\":\"SearchAction\",\"target\":{\"@type\":\"EntryPoint\",\"urlTemplate\":\"https:\/\/www.euroakademie.de\/magazin\/?s={search_term_string}\"},\"query-input\":{\"@type\":\"PropertyValueSpecification\",\"valueRequired\":true,\"valueName\":\"search_term_string\"}}],\"inLanguage\":\"de\"},{\"@type\":\"Organization\",\"@id\":\"https:\/\/www.euroakademie.de\/magazin\/#organization\",\"name\":\"ESO Education Group\",\"url\":\"https:\/\/www.euroakademie.de\/magazin\/\",\"logo\":{\"@type\":\"ImageObject\",\"inLanguage\":\"de\",\"@id\":\"https:\/\/www.euroakademie.de\/magazin\/#\/schema\/logo\/image\/\",\"url\":\"https:\/\/relaunch.euroakademie.de\/magazin\/wp-content\/uploads\/2024\/11\/Logo_EA_negativ_Rahmen_5cm_300dpi_RGB.jpg\",\"contentUrl\":\"https:\/\/relaunch.euroakademie.de\/magazin\/wp-content\/uploads\/2024\/11\/Logo_EA_negativ_Rahmen_5cm_300dpi_RGB.jpg\",\"width\":591,\"height\":236,\"caption\":\"ESO Education Group\"},\"image\":{\"@id\":\"https:\/\/www.euroakademie.de\/magazin\/#\/schema\/logo\/image\/\"}},{\"@type\":\"Person\",\"@id\":\"https:\/\/www.euroakademie.de\/magazin\/#\/schema\/person\/6c9b7b6db765ee31640d80c936be3686\",\"name\":\"Redaktion\",\"description\":\"Die Redaktion des Euro Akademie Magazins h\u00e4lt Sie regelm\u00e4\u00dfig mit hintergr\u00fcndigen Artikeln auf dem Laufenden. Auf Basis einer fundierten Recherche und mit Spa\u00df am Schreiben erstellen die Redakteur*innen informative und unterhaltsame Inhalte f\u00fcr Sie.\",\"url\":\"https:\/\/www.euroakademie.de\/magazin\/author\/redaktion\/\"}]}<\/script>\n<!-- \/ Yoast SEO plugin. -->","yoast_head_json":{"title":"Blitzschnell zum eigenen Lebenslauf","description":"Unser Linktipp diese Woche hilft Ihnen, beim Lebenslauf viel Zeit zu sparen, die Ihnen dann f\u00fcr das Feilen an den Formulierungen bleibt.","robots":{"index":"index","follow":"follow","max-snippet":"max-snippet:-1","max-image-preview":"max-image-preview:large","max-video-preview":"max-video-preview:-1"},"canonical":"https:\/\/www.euroakademie.de\/magazin\/blitzschnell-zum-eigenen-lebenslauf\/","og_locale":"de_DE","og_type":"article","og_title":"Blitzschnell zum eigenen Lebenslauf","og_description":"Unser Linktipp diese Woche hilft Ihnen, beim Lebenslauf viel Zeit zu sparen, die Ihnen dann f\u00fcr das Feilen an den Formulierungen bleibt.","og_url":"https:\/\/www.euroakademie.de\/magazin\/blitzschnell-zum-eigenen-lebenslauf\/","og_site_name":"Das Euro Akademie Magazin","article_published_time":"2016-06-06T06:30:58+00:00","og_image":[{"width":702,"height":336,"url":"https:\/\/www.euroakademie.de\/magazin\/wp-content\/uploads\/2016\/06\/shutterstock_372904642_702x336_web.jpg","type":"image\/jpeg"}],"author":"Redaktion","twitter_card":"summary_large_image","twitter_misc":{"Verfasst von":"Redaktion","Gesch\u00e4tzte Lesezeit":"2\u00a0Minuten"},"schema":{"@context":"https:\/\/schema.org","@graph":[{"@type":"Article","@id":"https:\/\/www.euroakademie.de\/magazin\/blitzschnell-zum-eigenen-lebenslauf\/#article","isPartOf":{"@id":"https:\/\/www.euroakademie.de\/magazin\/blitzschnell-zum-eigenen-lebenslauf\/"},"author":{"name":"Redaktion","@id":"https:\/\/www.euroakademie.de\/magazin\/#\/schema\/person\/6c9b7b6db765ee31640d80c936be3686"},"headline":"Link- und Lesetipp: Blitzschnell zum eigenen Lebenslauf","datePublished":"2016-06-06T06:30:58+00:00","dateModified":"2016-06-06T06:30:58+00:00","mainEntityOfPage":{"@id":"https:\/\/www.euroakademie.de\/magazin\/blitzschnell-zum-eigenen-lebenslauf\/"},"wordCount":312,"publisher":{"@id":"https:\/\/www.euroakademie.de\/magazin\/#organization"},"image":{"@id":"https:\/\/www.euroakademie.de\/magazin\/blitzschnell-zum-eigenen-lebenslauf\/#primaryimage"},"thumbnailUrl":"https:\/\/www.euroakademie.de\/magazin\/wp-content\/uploads\/2016\/06\/shutterstock_372904642_702x336_web.jpg","keywords":["Anschreiben","Bewerbung","Lebenslauf","schnell","Zeit"],"articleSection":["Link- und Lesetipps","Tipps &amp; Tricks"],"inLanguage":"de"},{"@type":"WebPage","@id":"https:\/\/www.euroakademie.de\/magazin\/blitzschnell-zum-eigenen-lebenslauf\/","url":"https:\/\/www.euroakademie.de\/magazin\/blitzschnell-zum-eigenen-lebenslauf\/","name":"Blitzschnell zum eigenen Lebenslauf","isPartOf":{"@id":"https:\/\/www.euroakademie.de\/magazin\/#website"},"primaryImageOfPage":{"@id":"https:\/\/www.euroakademie.de\/magazin\/blitzschnell-zum-eigenen-lebenslauf\/#primaryimage"},"image":{"@id":"https:\/\/www.euroakademie.de\/magazin\/blitzschnell-zum-eigenen-lebenslauf\/#primaryimage"},"thumbnailUrl":"https:\/\/www.euroakademie.de\/magazin\/wp-content\/uploads\/2016\/06\/shutterstock_372904642_702x336_web.jpg","datePublished":"2016-06-06T06:30:58+00:00","dateModified":"2016-06-06T06:30:58+00:00","description":"Unser Linktipp diese Woche hilft Ihnen, beim Lebenslauf viel Zeit zu sparen, die Ihnen dann f\u00fcr das Feilen an den Formulierungen bleibt.","breadcrumb":{"@id":"https:\/\/www.euroakademie.de\/magazin\/blitzschnell-zum-eigenen-lebenslauf\/#breadcrumb"},"inLanguage":"de","potentialAction":[{"@type":"ReadAction","target":["https:\/\/www.euroakademie.de\/magazin\/blitzschnell-zum-eigenen-lebenslauf\/"]}]},{"@type":"ImageObject","inLanguage":"de","@id":"https:\/\/www.euroakademie.de\/magazin\/blitzschnell-zum-eigenen-lebenslauf\/#primaryimage","url":"https:\/\/www.euroakademie.de\/magazin\/wp-content\/uploads\/2016\/06\/shutterstock_372904642_702x336_web.jpg","contentUrl":"https:\/\/www.euroakademie.de\/magazin\/wp-content\/uploads\/2016\/06\/shutterstock_372904642_702x336_web.jpg","width":702,"height":336,"caption":""},{"@type":"BreadcrumbList","@id":"https:\/\/www.euroakademie.de\/magazin\/blitzschnell-zum-eigenen-lebenslauf\/#breadcrumb","itemListElement":[{"@type":"ListItem","position":1,"name":"Startseite","item":"https:\/\/www.euroakademie.de\/magazin\/"},{"@type":"ListItem","position":2,"name":"Link- und Lesetipp: Blitzschnell zum eigenen Lebenslauf"}]},{"@type":"WebSite","@id":"https:\/\/www.euroakademie.de\/magazin\/#website","url":"https:\/\/www.euroakademie.de\/magazin\/","name":"Das Euro Akademie Magazin","description":"Gut informiert durch Ausbildung und Studium","publisher":{"@id":"https:\/\/www.euroakademie.de\/magazin\/#organization"},"potentialAction":[{"@type":"SearchAction","target":{"@type":"EntryPoint","urlTemplate":"https:\/\/www.euroakademie.de\/magazin\/?s={search_term_string}"},"query-input":{"@type":"PropertyValueSpecification","valueRequired":true,"valueName":"search_term_string"}}],"inLanguage":"de"},{"@type":"Organization","@id":"https:\/\/www.euroakademie.de\/magazin\/#organization","name":"ESO Education Group","url":"https:\/\/www.euroakademie.de\/magazin\/","logo":{"@type":"ImageObject","inLanguage":"de","@id":"https:\/\/www.euroakademie.de\/magazin\/#\/schema\/logo\/image\/","url":"https:\/\/relaunch.euroakademie.de\/magazin\/wp-content\/uploads\/2024\/11\/Logo_EA_negativ_Rahmen_5cm_300dpi_RGB.jpg","contentUrl":"https:\/\/relaunch.euroakademie.de\/magazin\/wp-content\/uploads\/2024\/11\/Logo_EA_negativ_Rahmen_5cm_300dpi_RGB.jpg","width":591,"height":236,"caption":"ESO Education Group"},"image":{"@id":"https:\/\/www.euroakademie.de\/magazin\/#\/schema\/logo\/image\/"}},{"@type":"Person","@id":"https:\/\/www.euroakademie.de\/magazin\/#\/schema\/person\/6c9b7b6db765ee31640d80c936be3686","name":"Redaktion","description":"Die Redaktion des Euro Akademie Magazins h\u00e4lt Sie regelm\u00e4\u00dfig mit hintergr\u00fcndigen Artikeln auf dem Laufenden. Auf Basis einer fundierten Recherche und mit Spa\u00df am Schreiben erstellen die Redakteur*innen informative und unterhaltsame Inhalte f\u00fcr Sie.","url":"https:\/\/www.euroakademie.de\/magazin\/author\/redaktion\/"}]}},"_links":{"self":[{"href":"https:\/\/www.euroakademie.de\/magazin\/wp-json\/wp\/v2\/posts\/4149","targetHints":{"allow":["GET"]}}],"collection":[{"href":"https:\/\/www.euroakademie.de\/magazin\/wp-json\/wp\/v2\/posts"}],"about":[{"href":"https:\/\/www.euroakademie.de\/magazin\/wp-json\/wp\/v2\/types\/post"}],"author":[{"embeddable":true,"href":"https:\/\/www.euroakademie.de\/magazin\/wp-json\/wp\/v2\/users\/7"}],"replies":[{"embeddable":true,"href":"https:\/\/www.euroakademie.de\/magazin\/wp-json\/wp\/v2\/comments?post=4149"}],"version-history":[{"count":0,"href":"https:\/\/www.euroakademie.de\/magazin\/wp-json\/wp\/v2\/posts\/4149\/revisions"}],"wp:featuredmedia":[{"embeddable":true,"href":"https:\/\/www.euroakademie.de\/magazin\/wp-json\/wp\/v2\/media\/6982"}],"wp:attachment":[{"href":"https:\/\/www.euroakademie.de\/magazin\/wp-json\/wp\/v2\/media?parent=4149"}],"wp:term":[{"taxonomy":"category","embeddable":true,"href":"https:\/\/www.euroakademie.de\/magazin\/wp-json\/wp\/v2\/categories?post=4149"},{"taxonomy":"post_tag","embeddable":true,"href":"https:\/\/www.euroakademie.de\/magazin\/wp-json\/wp\/v2\/tags?post=4149"}],"curies":[{"name":"wp","href":"https:\/\/api.w.org\/{rel}","templated":true}]}}