{"id":4234,"date":"2016-06-27T08:30:56","date_gmt":"2016-06-27T06:30:56","guid":{"rendered":"https:\/\/www.euroakademie.de\/magazin\/?p=4234"},"modified":"2016-06-27T08:30:56","modified_gmt":"2016-06-27T06:30:56","slug":"wer-sind-wir-studie-ueber-die-junge-generation","status":"publish","type":"post","link":"https:\/\/www.euroakademie.de\/magazin\/wer-sind-wir-studie-ueber-die-junge-generation\/","title":{"rendered":"Link- und Lesetipp: Wer sind wir? Studie \u00fcber die junge Generation"},"content":{"rendered":"<p>\t\t\t\t<![CDATA[<strong>Das Internet mit Antworten auf alle Fragen, st\u00e4ndige Erreichbarkeit, Internationalit\u00e4t, unz\u00e4hlige M\u00f6glichkeiten \u2013 die Wirklichkeit der heute 18- bis 34-J\u00e4hrigen unterscheidet sich ma\u00dfgeblich von der ihrer Eltern. Was diese Generation ausmacht, was sie will und was ihr wichtig ist, untersucht derzeit eine riesige europaweite Studie.<\/strong>\n\n\u00dcber 700.000 Menschen haben bis jetzt an der Studie \u201e<a href=\"http:\/\/www.generation-what.de\/\" target=\"_blank\" rel=\"noopener\">Generation What<\/a>\u201c teilgenommen. Seit dem 11. April beantworten die 18- bis 34-J\u00e4hrigen aus 32 L\u00e4ndern 149 Fragen zu allen Themen des t\u00e4glichen Lebens. Unter anderem geht es um Gott, Geld, Sexualit\u00e4t, Politik und die Bildung. Es ist die bisher gr\u00f6\u00dfte europaweite Jugendstudie, die endlich herausfinden soll, wof\u00fcr diese undurchsichtige Generation eigentlich steht. Daf\u00fcr haben sich mehrere Fernsehsender auf dem Kontinent zusammengetan. In Deutschland wird die Umfrage vom BR, SWR und ZDF pr\u00e4sentiert.\n\n\n<h2>Eine Generation in Zahlen<\/h2>\n\n\nWer nicht gleich mitmachen will, sollte zumindest einen Blick auf die Homepage riskieren. Denn mittlerweile gibt es beim Projekt \u201eGeneration What\u201c schon interessante Ergebnisse. Die Antworten lassen sich nach L\u00e4ndern einteilen und ergeben ein Bild der Stimmung in den einzelnen L\u00e4ndern. Zus\u00e4tzlich k\u00f6nnen Sie nach Alter, Bildung und Geschlecht filtern und viele Videos mit Gedanken zu den Fragen ansehen.\n\nNoch bis November k\u00f6nnen Sie sich durch den Fragenkatalog klicken. Dann wird die Studie von Soziologen ausgewertet und von den Sendern vorgestellt. Wer nicht so lange warten will, kann sich auch jetzt schon jederzeit Zwischenergebnisse anschauen. Wussten Sie zum Beispiel, dass die deutschen 18- bis 34-J\u00e4hrigen jederzeit ohne Auto, Handy, Fernsehen und Alkohol leben k\u00f6nnten, aber niemals ohne Musik, B\u00fccher und Sport. \u00dcber 50 Prozent ben\u00f6tigen au\u00dferdem das Internet zum Gl\u00fccklichsein.\n\n<strong>Das k\u00f6nnte Sie auch interessieren:<\/strong>\n<a href=\"https:\/\/www.euroakademie.de\/magazin\/lesetipp-sinus-jugendstudie-2016\/\">Lesetipp: SINUS-Jugendstudie 2016<\/a>\n<a href=\"https:\/\/www.euroakademie.de\/magazin\/ja-zum-europagedanken-in-der-berufsbildung\/\">Ja zum Europagedanken in der Berufsbildung<\/a>]]>\t\t<\/p>\n","protected":false},"excerpt":{"rendered":"<p>\t\t\t\t<![CDATA[]]>\t\t<\/p>\n","protected":false},"author":7,"featured_media":6957,"comment_status":"closed","ping_status":"closed","sticky":false,"template":"","format":"standard","meta":{"footnotes":""},"categories":[139],"tags":[2692,3478,4372,7975,8506],"class_list":{"0":"post-4234","1":"post","2":"type-post","3":"status-publish","4":"format-standard","5":"has-post-thumbnail","7":"category-lesetipps","8":"tag-europa","9":"tag-generation","10":"tag-jung","11":"tag-studie","12":"tag-umfrage"},"yoast_head":"<!-- This site is optimized with the Yoast SEO plugin v23.5 - https:\/\/yoast.com\/wordpress\/plugins\/seo\/ -->\n<title>Wer sind wir? Studie \u00fcber die junge Generation<\/title>\n<meta name=\"description\" content=\"Was diese Generation der 18- bis 34-J\u00e4hrigen ausmacht, was sie will und was ihr wichtig ist, untersucht derzeit eine riesige europaweite Studie.\" \/>\n<meta name=\"robots\" content=\"index, follow, max-snippet:-1, max-image-preview:large, max-video-preview:-1\" \/>\n<link rel=\"canonical\" href=\"https:\/\/www.euroakademie.de\/magazin\/wer-sind-wir-studie-ueber-die-junge-generation\/\" \/>\n<meta property=\"og:locale\" content=\"de_DE\" \/>\n<meta property=\"og:type\" content=\"article\" \/>\n<meta property=\"og:title\" content=\"Wer sind wir? Studie \u00fcber die junge Generation\" \/>\n<meta property=\"og:description\" content=\"Was diese Generation der 18- bis 34-J\u00e4hrigen ausmacht, was sie will und was ihr wichtig ist, untersucht derzeit eine riesige europaweite Studie.\" \/>\n<meta property=\"og:url\" content=\"https:\/\/www.euroakademie.de\/magazin\/wer-sind-wir-studie-ueber-die-junge-generation\/\" \/>\n<meta property=\"og:site_name\" content=\"Das Euro Akademie Magazin\" \/>\n<meta property=\"article:published_time\" content=\"2016-06-27T06:30:56+00:00\" \/>\n<meta property=\"og:image\" content=\"https:\/\/www.euroakademie.de\/magazin\/wp-content\/uploads\/2016\/06\/shutterstock_315075050_702x336_web.jpg\" \/>\n\t<meta property=\"og:image:width\" content=\"702\" \/>\n\t<meta property=\"og:image:height\" content=\"336\" \/>\n\t<meta property=\"og:image:type\" content=\"image\/jpeg\" \/>\n<meta name=\"author\" content=\"Redaktion\" \/>\n<meta name=\"twitter:card\" content=\"summary_large_image\" \/>\n<meta name=\"twitter:label1\" content=\"Verfasst von\" \/>\n\t<meta name=\"twitter:data1\" content=\"Redaktion\" \/>\n\t<meta name=\"twitter:label2\" content=\"Gesch\u00e4tzte Lesezeit\" \/>\n\t<meta name=\"twitter:data2\" content=\"1\u00a0Minute\" \/>\n<script type=\"application\/ld+json\" class=\"yoast-schema-graph\">{\"@context\":\"https:\/\/schema.org\",\"@graph\":[{\"@type\":\"Article\",\"@id\":\"https:\/\/www.euroakademie.de\/magazin\/wer-sind-wir-studie-ueber-die-junge-generation\/#article\",\"isPartOf\":{\"@id\":\"https:\/\/www.euroakademie.de\/magazin\/wer-sind-wir-studie-ueber-die-junge-generation\/\"},\"author\":{\"name\":\"Redaktion\",\"@id\":\"https:\/\/www.euroakademie.de\/magazin\/#\/schema\/person\/6c9b7b6db765ee31640d80c936be3686\"},\"headline\":\"Link- und Lesetipp: Wer sind wir? Studie \u00fcber die junge Generation\",\"datePublished\":\"2016-06-27T06:30:56+00:00\",\"dateModified\":\"2016-06-27T06:30:56+00:00\",\"mainEntityOfPage\":{\"@id\":\"https:\/\/www.euroakademie.de\/magazin\/wer-sind-wir-studie-ueber-die-junge-generation\/\"},\"wordCount\":304,\"publisher\":{\"@id\":\"https:\/\/www.euroakademie.de\/magazin\/#organization\"},\"image\":{\"@id\":\"https:\/\/www.euroakademie.de\/magazin\/wer-sind-wir-studie-ueber-die-junge-generation\/#primaryimage\"},\"thumbnailUrl\":\"https:\/\/www.euroakademie.de\/magazin\/wp-content\/uploads\/2016\/06\/shutterstock_315075050_702x336_web.jpg\",\"keywords\":[\"Europa\",\"Generation\",\"jung\",\"Studie\",\"Umfrage\"],\"articleSection\":[\"Link- und Lesetipps\"],\"inLanguage\":\"de\"},{\"@type\":\"WebPage\",\"@id\":\"https:\/\/www.euroakademie.de\/magazin\/wer-sind-wir-studie-ueber-die-junge-generation\/\",\"url\":\"https:\/\/www.euroakademie.de\/magazin\/wer-sind-wir-studie-ueber-die-junge-generation\/\",\"name\":\"Wer sind wir? Studie \u00fcber die junge Generation\",\"isPartOf\":{\"@id\":\"https:\/\/www.euroakademie.de\/magazin\/#website\"},\"primaryImageOfPage\":{\"@id\":\"https:\/\/www.euroakademie.de\/magazin\/wer-sind-wir-studie-ueber-die-junge-generation\/#primaryimage\"},\"image\":{\"@id\":\"https:\/\/www.euroakademie.de\/magazin\/wer-sind-wir-studie-ueber-die-junge-generation\/#primaryimage\"},\"thumbnailUrl\":\"https:\/\/www.euroakademie.de\/magazin\/wp-content\/uploads\/2016\/06\/shutterstock_315075050_702x336_web.jpg\",\"datePublished\":\"2016-06-27T06:30:56+00:00\",\"dateModified\":\"2016-06-27T06:30:56+00:00\",\"description\":\"Was diese Generation der 18- bis 34-J\u00e4hrigen ausmacht, was sie will und was ihr wichtig ist, untersucht derzeit eine riesige europaweite Studie.\",\"breadcrumb\":{\"@id\":\"https:\/\/www.euroakademie.de\/magazin\/wer-sind-wir-studie-ueber-die-junge-generation\/#breadcrumb\"},\"inLanguage\":\"de\",\"potentialAction\":[{\"@type\":\"ReadAction\",\"target\":[\"https:\/\/www.euroakademie.de\/magazin\/wer-sind-wir-studie-ueber-die-junge-generation\/\"]}]},{\"@type\":\"ImageObject\",\"inLanguage\":\"de\",\"@id\":\"https:\/\/www.euroakademie.de\/magazin\/wer-sind-wir-studie-ueber-die-junge-generation\/#primaryimage\",\"url\":\"https:\/\/www.euroakademie.de\/magazin\/wp-content\/uploads\/2016\/06\/shutterstock_315075050_702x336_web.jpg\",\"contentUrl\":\"https:\/\/www.euroakademie.de\/magazin\/wp-content\/uploads\/2016\/06\/shutterstock_315075050_702x336_web.jpg\",\"width\":702,\"height\":336,\"caption\":\"\"},{\"@type\":\"BreadcrumbList\",\"@id\":\"https:\/\/www.euroakademie.de\/magazin\/wer-sind-wir-studie-ueber-die-junge-generation\/#breadcrumb\",\"itemListElement\":[{\"@type\":\"ListItem\",\"position\":1,\"name\":\"Startseite\",\"item\":\"https:\/\/www.euroakademie.de\/magazin\/\"},{\"@type\":\"ListItem\",\"position\":2,\"name\":\"Link- und Lesetipp: Wer sind wir? Studie \u00fcber die junge Generation\"}]},{\"@type\":\"WebSite\",\"@id\":\"https:\/\/www.euroakademie.de\/magazin\/#website\",\"url\":\"https:\/\/www.euroakademie.de\/magazin\/\",\"name\":\"Das Euro Akademie Magazin\",\"description\":\"Gut informiert durch Ausbildung und Studium\",\"publisher\":{\"@id\":\"https:\/\/www.euroakademie.de\/magazin\/#organization\"},\"potentialAction\":[{\"@type\":\"SearchAction\",\"target\":{\"@type\":\"EntryPoint\",\"urlTemplate\":\"https:\/\/www.euroakademie.de\/magazin\/?s={search_term_string}\"},\"query-input\":{\"@type\":\"PropertyValueSpecification\",\"valueRequired\":true,\"valueName\":\"search_term_string\"}}],\"inLanguage\":\"de\"},{\"@type\":\"Organization\",\"@id\":\"https:\/\/www.euroakademie.de\/magazin\/#organization\",\"name\":\"ESO Education Group\",\"url\":\"https:\/\/www.euroakademie.de\/magazin\/\",\"logo\":{\"@type\":\"ImageObject\",\"inLanguage\":\"de\",\"@id\":\"https:\/\/www.euroakademie.de\/magazin\/#\/schema\/logo\/image\/\",\"url\":\"https:\/\/relaunch.euroakademie.de\/magazin\/wp-content\/uploads\/2024\/11\/Logo_EA_negativ_Rahmen_5cm_300dpi_RGB.jpg\",\"contentUrl\":\"https:\/\/relaunch.euroakademie.de\/magazin\/wp-content\/uploads\/2024\/11\/Logo_EA_negativ_Rahmen_5cm_300dpi_RGB.jpg\",\"width\":591,\"height\":236,\"caption\":\"ESO Education Group\"},\"image\":{\"@id\":\"https:\/\/www.euroakademie.de\/magazin\/#\/schema\/logo\/image\/\"}},{\"@type\":\"Person\",\"@id\":\"https:\/\/www.euroakademie.de\/magazin\/#\/schema\/person\/6c9b7b6db765ee31640d80c936be3686\",\"name\":\"Redaktion\",\"description\":\"Die Redaktion des Euro Akademie Magazins h\u00e4lt Sie regelm\u00e4\u00dfig mit hintergr\u00fcndigen Artikeln auf dem Laufenden. Auf Basis einer fundierten Recherche und mit Spa\u00df am Schreiben erstellen die Redakteur*innen informative und unterhaltsame Inhalte f\u00fcr Sie.\",\"url\":\"https:\/\/www.euroakademie.de\/magazin\/author\/redaktion\/\"}]}<\/script>\n<!-- \/ Yoast SEO plugin. -->","yoast_head_json":{"title":"Wer sind wir? Studie \u00fcber die junge Generation","description":"Was diese Generation der 18- bis 34-J\u00e4hrigen ausmacht, was sie will und was ihr wichtig ist, untersucht derzeit eine riesige europaweite Studie.","robots":{"index":"index","follow":"follow","max-snippet":"max-snippet:-1","max-image-preview":"max-image-preview:large","max-video-preview":"max-video-preview:-1"},"canonical":"https:\/\/www.euroakademie.de\/magazin\/wer-sind-wir-studie-ueber-die-junge-generation\/","og_locale":"de_DE","og_type":"article","og_title":"Wer sind wir? Studie \u00fcber die junge Generation","og_description":"Was diese Generation der 18- bis 34-J\u00e4hrigen ausmacht, was sie will und was ihr wichtig ist, untersucht derzeit eine riesige europaweite Studie.","og_url":"https:\/\/www.euroakademie.de\/magazin\/wer-sind-wir-studie-ueber-die-junge-generation\/","og_site_name":"Das Euro Akademie Magazin","article_published_time":"2016-06-27T06:30:56+00:00","og_image":[{"width":702,"height":336,"url":"https:\/\/www.euroakademie.de\/magazin\/wp-content\/uploads\/2016\/06\/shutterstock_315075050_702x336_web.jpg","type":"image\/jpeg"}],"author":"Redaktion","twitter_card":"summary_large_image","twitter_misc":{"Verfasst von":"Redaktion","Gesch\u00e4tzte Lesezeit":"1\u00a0Minute"},"schema":{"@context":"https:\/\/schema.org","@graph":[{"@type":"Article","@id":"https:\/\/www.euroakademie.de\/magazin\/wer-sind-wir-studie-ueber-die-junge-generation\/#article","isPartOf":{"@id":"https:\/\/www.euroakademie.de\/magazin\/wer-sind-wir-studie-ueber-die-junge-generation\/"},"author":{"name":"Redaktion","@id":"https:\/\/www.euroakademie.de\/magazin\/#\/schema\/person\/6c9b7b6db765ee31640d80c936be3686"},"headline":"Link- und Lesetipp: Wer sind wir? Studie \u00fcber die junge Generation","datePublished":"2016-06-27T06:30:56+00:00","dateModified":"2016-06-27T06:30:56+00:00","mainEntityOfPage":{"@id":"https:\/\/www.euroakademie.de\/magazin\/wer-sind-wir-studie-ueber-die-junge-generation\/"},"wordCount":304,"publisher":{"@id":"https:\/\/www.euroakademie.de\/magazin\/#organization"},"image":{"@id":"https:\/\/www.euroakademie.de\/magazin\/wer-sind-wir-studie-ueber-die-junge-generation\/#primaryimage"},"thumbnailUrl":"https:\/\/www.euroakademie.de\/magazin\/wp-content\/uploads\/2016\/06\/shutterstock_315075050_702x336_web.jpg","keywords":["Europa","Generation","jung","Studie","Umfrage"],"articleSection":["Link- und Lesetipps"],"inLanguage":"de"},{"@type":"WebPage","@id":"https:\/\/www.euroakademie.de\/magazin\/wer-sind-wir-studie-ueber-die-junge-generation\/","url":"https:\/\/www.euroakademie.de\/magazin\/wer-sind-wir-studie-ueber-die-junge-generation\/","name":"Wer sind wir? Studie \u00fcber die junge Generation","isPartOf":{"@id":"https:\/\/www.euroakademie.de\/magazin\/#website"},"primaryImageOfPage":{"@id":"https:\/\/www.euroakademie.de\/magazin\/wer-sind-wir-studie-ueber-die-junge-generation\/#primaryimage"},"image":{"@id":"https:\/\/www.euroakademie.de\/magazin\/wer-sind-wir-studie-ueber-die-junge-generation\/#primaryimage"},"thumbnailUrl":"https:\/\/www.euroakademie.de\/magazin\/wp-content\/uploads\/2016\/06\/shutterstock_315075050_702x336_web.jpg","datePublished":"2016-06-27T06:30:56+00:00","dateModified":"2016-06-27T06:30:56+00:00","description":"Was diese Generation der 18- bis 34-J\u00e4hrigen ausmacht, was sie will und was ihr wichtig ist, untersucht derzeit eine riesige europaweite Studie.","breadcrumb":{"@id":"https:\/\/www.euroakademie.de\/magazin\/wer-sind-wir-studie-ueber-die-junge-generation\/#breadcrumb"},"inLanguage":"de","potentialAction":[{"@type":"ReadAction","target":["https:\/\/www.euroakademie.de\/magazin\/wer-sind-wir-studie-ueber-die-junge-generation\/"]}]},{"@type":"ImageObject","inLanguage":"de","@id":"https:\/\/www.euroakademie.de\/magazin\/wer-sind-wir-studie-ueber-die-junge-generation\/#primaryimage","url":"https:\/\/www.euroakademie.de\/magazin\/wp-content\/uploads\/2016\/06\/shutterstock_315075050_702x336_web.jpg","contentUrl":"https:\/\/www.euroakademie.de\/magazin\/wp-content\/uploads\/2016\/06\/shutterstock_315075050_702x336_web.jpg","width":702,"height":336,"caption":""},{"@type":"BreadcrumbList","@id":"https:\/\/www.euroakademie.de\/magazin\/wer-sind-wir-studie-ueber-die-junge-generation\/#breadcrumb","itemListElement":[{"@type":"ListItem","position":1,"name":"Startseite","item":"https:\/\/www.euroakademie.de\/magazin\/"},{"@type":"ListItem","position":2,"name":"Link- und Lesetipp: Wer sind wir? Studie \u00fcber die junge Generation"}]},{"@type":"WebSite","@id":"https:\/\/www.euroakademie.de\/magazin\/#website","url":"https:\/\/www.euroakademie.de\/magazin\/","name":"Das Euro Akademie Magazin","description":"Gut informiert durch Ausbildung und Studium","publisher":{"@id":"https:\/\/www.euroakademie.de\/magazin\/#organization"},"potentialAction":[{"@type":"SearchAction","target":{"@type":"EntryPoint","urlTemplate":"https:\/\/www.euroakademie.de\/magazin\/?s={search_term_string}"},"query-input":{"@type":"PropertyValueSpecification","valueRequired":true,"valueName":"search_term_string"}}],"inLanguage":"de"},{"@type":"Organization","@id":"https:\/\/www.euroakademie.de\/magazin\/#organization","name":"ESO Education Group","url":"https:\/\/www.euroakademie.de\/magazin\/","logo":{"@type":"ImageObject","inLanguage":"de","@id":"https:\/\/www.euroakademie.de\/magazin\/#\/schema\/logo\/image\/","url":"https:\/\/relaunch.euroakademie.de\/magazin\/wp-content\/uploads\/2024\/11\/Logo_EA_negativ_Rahmen_5cm_300dpi_RGB.jpg","contentUrl":"https:\/\/relaunch.euroakademie.de\/magazin\/wp-content\/uploads\/2024\/11\/Logo_EA_negativ_Rahmen_5cm_300dpi_RGB.jpg","width":591,"height":236,"caption":"ESO Education Group"},"image":{"@id":"https:\/\/www.euroakademie.de\/magazin\/#\/schema\/logo\/image\/"}},{"@type":"Person","@id":"https:\/\/www.euroakademie.de\/magazin\/#\/schema\/person\/6c9b7b6db765ee31640d80c936be3686","name":"Redaktion","description":"Die Redaktion des Euro Akademie Magazins h\u00e4lt Sie regelm\u00e4\u00dfig mit hintergr\u00fcndigen Artikeln auf dem Laufenden. Auf Basis einer fundierten Recherche und mit Spa\u00df am Schreiben erstellen die Redakteur*innen informative und unterhaltsame Inhalte f\u00fcr Sie.","url":"https:\/\/www.euroakademie.de\/magazin\/author\/redaktion\/"}]}},"_links":{"self":[{"href":"https:\/\/www.euroakademie.de\/magazin\/wp-json\/wp\/v2\/posts\/4234","targetHints":{"allow":["GET"]}}],"collection":[{"href":"https:\/\/www.euroakademie.de\/magazin\/wp-json\/wp\/v2\/posts"}],"about":[{"href":"https:\/\/www.euroakademie.de\/magazin\/wp-json\/wp\/v2\/types\/post"}],"author":[{"embeddable":true,"href":"https:\/\/www.euroakademie.de\/magazin\/wp-json\/wp\/v2\/users\/7"}],"replies":[{"embeddable":true,"href":"https:\/\/www.euroakademie.de\/magazin\/wp-json\/wp\/v2\/comments?post=4234"}],"version-history":[{"count":0,"href":"https:\/\/www.euroakademie.de\/magazin\/wp-json\/wp\/v2\/posts\/4234\/revisions"}],"wp:featuredmedia":[{"embeddable":true,"href":"https:\/\/www.euroakademie.de\/magazin\/wp-json\/wp\/v2\/media\/6957"}],"wp:attachment":[{"href":"https:\/\/www.euroakademie.de\/magazin\/wp-json\/wp\/v2\/media?parent=4234"}],"wp:term":[{"taxonomy":"category","embeddable":true,"href":"https:\/\/www.euroakademie.de\/magazin\/wp-json\/wp\/v2\/categories?post=4234"},{"taxonomy":"post_tag","embeddable":true,"href":"https:\/\/www.euroakademie.de\/magazin\/wp-json\/wp\/v2\/tags?post=4234"}],"curies":[{"name":"wp","href":"https:\/\/api.w.org\/{rel}","templated":true}]}}