{"id":4295,"date":"2016-07-13T08:30:48","date_gmt":"2016-07-13T06:30:48","guid":{"rendered":"https:\/\/www.euroakademie.de\/magazin\/?p=4295"},"modified":"2016-07-13T08:30:48","modified_gmt":"2016-07-13T06:30:48","slug":"urlaubsvorbereitung-im-buero","status":"publish","type":"post","link":"https:\/\/www.euroakademie.de\/magazin\/urlaubsvorbereitung-im-buero\/","title":{"rendered":"Urlaubsvorbereitung im B\u00fcro &#8211; ohne Stress in die Ferien"},"content":{"rendered":"<p>\t\t\t\t<![CDATA[<strong>Urlaubszeit, Entspannungszeit? Von wegen! Zumindest nicht im B\u00fcro \u2013 es sei denn, Sie besch\u00e4ftigen sich rechtzeitig mit einer ausgiebigen Urlaubsvorbereitung.<\/strong>\n\nMeistens ist die Situation so: Wochen vor dem Urlaub wird so viel wie m\u00f6glich im Voraus erledigt, w\u00e4hrend des Urlaubs f\u00e4llt das Abschalten schwer. St\u00e4ndig kreisen Gedanken durch den Kopf: \u201eKlappt alles im B\u00fcro?\u201c, \u201eWird der Chef gut betreut?\u201c oder \u201eKommt er alleine zurecht und hinterl\u00e4sst er mir nicht ein Chaos?\u201c. Und nach der R\u00fcckkehr ins B\u00fcro erwarten uns meistens jede Menge neuer Themen und unerledigter Vorg\u00e4nge. Die Erholung ist sekundenschnell verpufft und man dreht sich schnell wieder im Hamsterrad.\nUm Ihnen solche Erfahrungen zu ersparen, m\u00f6chte ich Ihnen heute einige Tipps f\u00fcr die Urlaubsvorbereitung geben, damit Sie Ihren Urlaub entspannt antreten und gut gelaunt, erholt und motiviert nach Ihrer R\u00fcckkehr wieder Ihren Office-Alltag bestreiten k\u00f6nnen.\n\n\n<h2>Stellvertretung \u2013 ja oder nein?<\/h2>\n\n\nDie wichtigste Frage, die sich bei der Urlaubsvorbereitung im B\u00fcro stellt ist, ob Sie sich von einer Kollegin oder einem Kollegen vertreten lassen. Das h\u00e4ngt einerseits von der Gr\u00f6\u00dfe Ihres Unternehmens ab und andererseits auch davon, was f\u00fcr ein Typ ihr Chef ist. Manche Chefs erledigen viele Aufgaben selbst\u00e4ndig, andere wiederum brauchen f\u00fcr jede Angelegenheit Unterst\u00fctzung. Wenn jemand f\u00fcr Sie die Vertretung \u00fcbernimmt, hat das auch entscheidende Vorteile. Zum einem wissen Sie, dass ihr Chef w\u00e4hrend ihrer Abwesenheit Hilfe bekommt. Das hat wiederum den Vorteil, dass Sie nicht permanent durch seine Anrufe im Urlaub gest\u00f6rt werden. Zum anderen werden durch die Stellvertretung auch viele anfallende Arbeiten erledigt, die Sie nach Ihrem Urlaub nicht mehr auf dem Schreibtisch liegen haben. Damit jemand anderes Ihre Aufgaben \u00fcbernehmen kann, m\u00fcssen Sie unbedingt die Voraussetzungen daf\u00fcr schaffen.\n\n\n<h2>Zugriffsrechte<\/h2>\n\n\nBei der Urlaubsvorbereitung ist auch darauf zu achten, dass Zugriffsrechte f\u00fcr E-Mail-Accounts und Ordner vorhanden sind, sowie Passw\u00f6rter oder andere Codes Ihrer Urlaubsvertretung bekannt sind. Wenn es im Unternehmen strenge Datenschutzrechtlinien gibt, sollte man vorher vielleicht noch beim Datenschutzbeauftragten nachhaken, wie mit solchen Dingen umzugehen ist. Im besten Fall die Passw\u00f6rter nach dem Urlaub einfach wieder \u00e4ndern lassen.\n\n\n<h2>Ablage<\/h2>\n\n\nNahezu untersch\u00e4tzt ist die Wichtigkeit der Ablage w\u00e4hrend einer Vertretung. Wei\u00df die Kollegin, wo welche Ordner, Dokumente, Formulare, Informationen oder auch vertrauliche Unterlagen liegen? Soll Sie \u00fcberhaupt die Ablage erledigen oder legen Sie einfach fest, wo die Unterlagen gesammelt werden sollen? M\u00f6glicherweise k\u00f6nnen Sie ihr auch eine Liste vorbereiten (Stichwort, Ablageort Datum), in der sie jeden abgelegten Vorgang vermerkt. So finden Sie sich nach Ihrem Urlaub schnell wieder zurecht.\n\n\n<h2>Post<\/h2>\n\n\nWas passiert mit der Post w\u00e4hrend Ihrer Abwesenheit? Soll die Post grunds\u00e4tzlich bearbeitet werden? Falls ja, geben Sie eine Einf\u00fchrung in Ihre Postsortierung und in Ihre mit dem Chef abgestimmten K\u00fcrzel f\u00fcr die Bearbeitung. Kl\u00e4ren Sie, welche Post (virtuell und real) ge\u00f6ffnet werden darf, was darf oder muss weitergeleitet werden? Denken Sie auch hier daran, eine Postvollmacht f\u00fcr Ihre Stellvertreterin einzurichten. Hier k\u00f6nnen Sie genauso wie bei der Ablage vorgehen: Lassen Sie Ihre Kollegin alle ein- und ausgehenden Schriftst\u00fccke in einer Tabelle dokumentieren, so behalten Sie auch hier den \u00dcberblick und sind nach dem Urlaub gut informiert.\n\n\n<h2>Kontaktdaten und Ansprechpartner<\/h2>\n\n\nAchten Sie darauf, dass Ihre Kontakte immer auf den neusten Stand sind. Es ist peinlich, wenn ihre Vertretung im Auftrag des Chefs Termine koordinieren soll und der Ansprechpartner nicht mehr unter der Telefonnummer zu erreichen ist. Benennen Sie die wichtigsten Ansprechpartner und \u00fcbergeben Sie gegebenenfalls eine Liste mit den wichtigsten Gesch\u00e4ftspartnern und Lieferanten, mit denen Ihr Vorgesetzter regelm\u00e4\u00dfig zu tun hat. Kl\u00e4ren Sie Ihre Kollegin auf, welche Telefonate durchgestellt werden d\u00fcrfen und welche abgewimmelt werden m\u00fcssen.\n\n\n<h2>Termin- und Reiseplanung<\/h2>\n\n\nHaben Sie an die Vorbereitung aller Besprechungen und Konferenzen gedacht? Wenn m\u00f6glich legen Sie wichtige Besprechungen oder auch Events nach Ihrem Urlaub. Sollte das nicht m\u00f6glich sein, dann informieren Sie Ihre Stellvertreterin, worauf zu achten ist und was von ihr erwartet wird. F\u00fcr eine Zusammenfassung (Ansprechpartner, Bewirtung, Einladung, Agenda, Teilnehmer etc.) mit allen anstehenden Besprechungen und Veranstaltungen ist Ihre Stellvertreterin bestimmt dankbar. Geben Sie ihr auch Hinweise f\u00fcr die Terminvergabe. Muss der Vorgesetzte jedes Mal gefragt werden oder kann Sie Termine selbst\u00e4ndig vergeben?\nGenauso hilfreich f\u00fcr Ihre Kollegin ist im Rahmen der Urlaubsvorbereitung auch eine Liste aller anstehenden Gesch\u00e4ftsreisen Ihres Chefs. Legen Sie daf\u00fcr einen separaten Reiseordner an, egal ob elektronisch oder manuell. Hinterlegen Sie dort Angaben \u00fcber die Vorlieben Ihres Vorgesetzten bei Buchungen, Hotels, Mietwagen, Fl\u00fcgen, Bahnfahrten und seine Reisezeiten.\n\n\n<h2>Zusammenarbeit mit dem Chef<\/h2>\n\n\nBriefen Sie Ihre Stellvertretung \u00fcber die Vorlieben und Abneigungen Ihres Chefs. Was f\u00fcr ein F\u00fchrungstyp ist er? Welche Priorit\u00e4ten hat er? Womit startet er in den Tag? Welche Unterlagen ben\u00f6tigt er zuerst auf seinem Schreibtisch? \u00dcberzeugen Sie beide (Chef und Vertretung), dass ein morgendlicher 5-Minuten-Austausch nur Vorteile bringt. Mit dem 5-Minten-Gespr\u00e4ch kl\u00e4rt man im Vorwege Priorit\u00e4ten ab und l\u00e4uft nicht Gefahr, dass man aneinander vorbei arbeitet.\n\n\n<h2>Projekte<\/h2>\n\n\nUm immer auf dem Laufenden \u00fcber die Projekte zu bleiben, arbeiten mein Chef und ich zum Beispiel mit einer aktiven Projektliste. Diese ist nicht nur hilfreich bei der Urlaubs\u00fcbergabe, sondern auch im laufenden Gesch\u00e4ftsalltag. Jedes Projekt ist dort mit dem aktuellen Stand versehen. Man sieht sofort, wer im Projekt verantwortlich ist und welche Termine einzuhalten sind. F\u00fcr die Urlaubsvertretung ist so eine Liste hilfreich, besonders wenn die Vertretung aus einer anderen Abteilung kommt und nicht in das t\u00e4gliche Doing involviert ist. Solch eine Projektliste kann zur Urlaubsvorbereitung dann noch durch zus\u00e4tzliche Informationen erg\u00e4nzt werden: \u201eVom wem kommt Input?\u201c, \u201eAn wen wird das Ergebnis weitergeleitet?\u201c etc. Legen Sie f\u00fcr Ihren Chef und die Kollegin eine zus\u00e4tzliche Ablage fest, wo unerledigte Vorg\u00e4nge f\u00fcr Sie gesammelt werden k\u00f6nnen.\n\n\n<h2>Geburtstage<\/h2>\n\n\nMachen Sie im Kalender Ihres Chefs Reminder zu Geburtstagen und Jubil\u00e4en, die w\u00e4hrend Ihres Urlaubs anfallen. M\u00f6glicherweise bereiten Sie schon Gratulationen vor und besorgen kleine Geschenke. So bleibt Ihr Stil auch w\u00e4hrend Ihres Urlaubs gewahrt und Ihre Stellvertretung wird Ihnen f\u00fcr die Arbeitserleichterung dankbar sein.\n\n\n<h2>Urlaubs\u00fcbergabe \u2013 so l\u00e4uft alles rund<\/h2>\n\n\nBereiten Sie Ihre Abwesenheit immer professionell und rechtzeitig vor. Achten Sie darauf, dass Sie eine gute Ordnung in Ihren Schubladen auf Ihrem Schreibtisch oder bei der Ablage haben. Verhindern Sie gro\u00dfe Suchaktionen um eine effiziente Urlaubs\u00fcbergabe zu gew\u00e4hrleisten. Ganz wichtig ist: Weisen Sie Ihre Stellvertretung pr\u00e4zise in alle Vorg\u00e4nge ein. Sie m\u00fcssen keine Bedenken haben, dass diese Ihre Arbeit besser erledigt. Es zeugt von Ihrer Professionalit\u00e4t und Kompetenz, wenn in Ihrer Abwesenheit alles rund l\u00e4uft.\n\n<strong>Das k\u00f6nnte Sie auch interessieren:<\/strong>\n<a href=\"https:\/\/www.euroakademie.de\/magazin\/von-der-datenflut-zur-professionellen-e-mail-kommunikation\/\">Von der Datenflut zur professionellen E-Mail-Kommunikation<\/a>\n<a href=\"https:\/\/www.euroakademie.de\/magazin\/delegieren-im-auftrag-des-chefs-tipps-und-tuecken\/\">Delegieren im Auftrag des Chefs<\/a>\n<a href=\"https:\/\/www.euroakademie.de\/magazin\/tipps-fuer-erfolgreiches-zeitmanagement\/\">Besser organisieren &#8211; Tipps f\u00fcr erfolgreiches Zeitmanagement<\/a>\n\n&nbsp;\n\n&nbsp;]]>\t\t<\/p>\n","protected":false},"excerpt":{"rendered":"<p>\t\t\t\t<![CDATA[]]>\t\t<\/p>\n","protected":false},"author":22,"featured_media":6944,"comment_status":"closed","ping_status":"closed","sticky":false,"template":"","format":"standard","meta":{"footnotes":""},"categories":[133,172],"tags":[8629,8647,8650,8653],"class_list":{"0":"post-4295","1":"post","2":"type-post","3":"status-publish","4":"format-standard","5":"has-post-thumbnail","7":"category-kolumne","8":"category-100-tipps-tricks","9":"tag-urlaub","10":"tag-urlaubsuebergabe","11":"tag-urlaubsvertretung","12":"tag-urlaubsvorbereitung"},"yoast_head":"<!-- This site is optimized with the Yoast SEO plugin v23.5 - https:\/\/yoast.com\/wordpress\/plugins\/seo\/ -->\n<title>Urlaubsvorbereitung im B\u00fcro - ohne Stress in die Ferien<\/title>\n<meta name=\"description\" content=\"Eine gute Urlaubsvorbereitung ist wichtig, damit w\u00e4hrend Ihrer Abwesenheit im B\u00fcro alles rund l\u00e4uft und Sie beruhigt in die Ferien starten k\u00f6nnen.\" \/>\n<meta name=\"robots\" content=\"index, follow, max-snippet:-1, max-image-preview:large, max-video-preview:-1\" \/>\n<link rel=\"canonical\" href=\"https:\/\/www.euroakademie.de\/magazin\/urlaubsvorbereitung-im-buero\/\" \/>\n<meta property=\"og:locale\" content=\"de_DE\" \/>\n<meta property=\"og:type\" content=\"article\" \/>\n<meta property=\"og:title\" content=\"Urlaubsvorbereitung im B\u00fcro - ohne Stress in die Ferien\" \/>\n<meta property=\"og:description\" content=\"Eine gute Urlaubsvorbereitung ist wichtig, damit w\u00e4hrend Ihrer Abwesenheit im B\u00fcro alles rund l\u00e4uft und Sie beruhigt in die Ferien starten k\u00f6nnen.\" \/>\n<meta property=\"og:url\" content=\"https:\/\/www.euroakademie.de\/magazin\/urlaubsvorbereitung-im-buero\/\" \/>\n<meta property=\"og:site_name\" content=\"Das Euro Akademie Magazin\" \/>\n<meta property=\"article:published_time\" content=\"2016-07-13T06:30:48+00:00\" \/>\n<meta property=\"og:image\" content=\"https:\/\/www.euroakademie.de\/magazin\/wp-content\/uploads\/2016\/07\/shutterstock_275814059_702x336_web.jpg\" \/>\n\t<meta property=\"og:image:width\" content=\"700\" \/>\n\t<meta property=\"og:image:height\" content=\"336\" \/>\n\t<meta property=\"og:image:type\" content=\"image\/jpeg\" \/>\n<meta name=\"author\" content=\"Enisa Romanic\" \/>\n<meta name=\"twitter:card\" content=\"summary_large_image\" \/>\n<meta name=\"twitter:label1\" content=\"Verfasst von\" \/>\n\t<meta name=\"twitter:data1\" content=\"Enisa Romanic\" \/>\n\t<meta name=\"twitter:label2\" content=\"Gesch\u00e4tzte Lesezeit\" \/>\n\t<meta name=\"twitter:data2\" content=\"6\u00a0Minuten\" \/>\n<script type=\"application\/ld+json\" class=\"yoast-schema-graph\">{\"@context\":\"https:\/\/schema.org\",\"@graph\":[{\"@type\":\"Article\",\"@id\":\"https:\/\/www.euroakademie.de\/magazin\/urlaubsvorbereitung-im-buero\/#article\",\"isPartOf\":{\"@id\":\"https:\/\/www.euroakademie.de\/magazin\/urlaubsvorbereitung-im-buero\/\"},\"author\":{\"name\":\"Enisa Romanic\",\"@id\":\"https:\/\/www.euroakademie.de\/magazin\/#\/schema\/person\/9dccbbd106e796477abd5793b4e35386\"},\"headline\":\"Urlaubsvorbereitung im B\u00fcro &#8211; ohne Stress in die Ferien\",\"datePublished\":\"2016-07-13T06:30:48+00:00\",\"dateModified\":\"2016-07-13T06:30:48+00:00\",\"mainEntityOfPage\":{\"@id\":\"https:\/\/www.euroakademie.de\/magazin\/urlaubsvorbereitung-im-buero\/\"},\"wordCount\":1163,\"publisher\":{\"@id\":\"https:\/\/www.euroakademie.de\/magazin\/#organization\"},\"image\":{\"@id\":\"https:\/\/www.euroakademie.de\/magazin\/urlaubsvorbereitung-im-buero\/#primaryimage\"},\"thumbnailUrl\":\"https:\/\/www.euroakademie.de\/magazin\/wp-content\/uploads\/2016\/07\/shutterstock_275814059_702x336_web.jpg\",\"keywords\":[\"Urlaub\",\"Urlaubs\u00fcbergabe\",\"Urlaubsvertretung\",\"Urlaubsvorbereitung\"],\"articleSection\":[\"Kolumne\",\"Tipps &amp; Tricks\"],\"inLanguage\":\"de\"},{\"@type\":\"WebPage\",\"@id\":\"https:\/\/www.euroakademie.de\/magazin\/urlaubsvorbereitung-im-buero\/\",\"url\":\"https:\/\/www.euroakademie.de\/magazin\/urlaubsvorbereitung-im-buero\/\",\"name\":\"Urlaubsvorbereitung im B\u00fcro - ohne Stress in die Ferien\",\"isPartOf\":{\"@id\":\"https:\/\/www.euroakademie.de\/magazin\/#website\"},\"primaryImageOfPage\":{\"@id\":\"https:\/\/www.euroakademie.de\/magazin\/urlaubsvorbereitung-im-buero\/#primaryimage\"},\"image\":{\"@id\":\"https:\/\/www.euroakademie.de\/magazin\/urlaubsvorbereitung-im-buero\/#primaryimage\"},\"thumbnailUrl\":\"https:\/\/www.euroakademie.de\/magazin\/wp-content\/uploads\/2016\/07\/shutterstock_275814059_702x336_web.jpg\",\"datePublished\":\"2016-07-13T06:30:48+00:00\",\"dateModified\":\"2016-07-13T06:30:48+00:00\",\"description\":\"Eine gute Urlaubsvorbereitung ist wichtig, damit w\u00e4hrend Ihrer Abwesenheit im B\u00fcro alles rund l\u00e4uft und Sie beruhigt in die Ferien starten k\u00f6nnen.\",\"breadcrumb\":{\"@id\":\"https:\/\/www.euroakademie.de\/magazin\/urlaubsvorbereitung-im-buero\/#breadcrumb\"},\"inLanguage\":\"de\",\"potentialAction\":[{\"@type\":\"ReadAction\",\"target\":[\"https:\/\/www.euroakademie.de\/magazin\/urlaubsvorbereitung-im-buero\/\"]}]},{\"@type\":\"ImageObject\",\"inLanguage\":\"de\",\"@id\":\"https:\/\/www.euroakademie.de\/magazin\/urlaubsvorbereitung-im-buero\/#primaryimage\",\"url\":\"https:\/\/www.euroakademie.de\/magazin\/wp-content\/uploads\/2016\/07\/shutterstock_275814059_702x336_web.jpg\",\"contentUrl\":\"https:\/\/www.euroakademie.de\/magazin\/wp-content\/uploads\/2016\/07\/shutterstock_275814059_702x336_web.jpg\",\"width\":700,\"height\":336,\"caption\":\"\"},{\"@type\":\"BreadcrumbList\",\"@id\":\"https:\/\/www.euroakademie.de\/magazin\/urlaubsvorbereitung-im-buero\/#breadcrumb\",\"itemListElement\":[{\"@type\":\"ListItem\",\"position\":1,\"name\":\"Startseite\",\"item\":\"https:\/\/www.euroakademie.de\/magazin\/\"},{\"@type\":\"ListItem\",\"position\":2,\"name\":\"Urlaubsvorbereitung im B\u00fcro &#8211; ohne Stress in die Ferien\"}]},{\"@type\":\"WebSite\",\"@id\":\"https:\/\/www.euroakademie.de\/magazin\/#website\",\"url\":\"https:\/\/www.euroakademie.de\/magazin\/\",\"name\":\"Das Euro Akademie Magazin\",\"description\":\"Gut informiert durch Ausbildung und Studium\",\"publisher\":{\"@id\":\"https:\/\/www.euroakademie.de\/magazin\/#organization\"},\"potentialAction\":[{\"@type\":\"SearchAction\",\"target\":{\"@type\":\"EntryPoint\",\"urlTemplate\":\"https:\/\/www.euroakademie.de\/magazin\/?s={search_term_string}\"},\"query-input\":{\"@type\":\"PropertyValueSpecification\",\"valueRequired\":true,\"valueName\":\"search_term_string\"}}],\"inLanguage\":\"de\"},{\"@type\":\"Organization\",\"@id\":\"https:\/\/www.euroakademie.de\/magazin\/#organization\",\"name\":\"ESO Education Group\",\"url\":\"https:\/\/www.euroakademie.de\/magazin\/\",\"logo\":{\"@type\":\"ImageObject\",\"inLanguage\":\"de\",\"@id\":\"https:\/\/www.euroakademie.de\/magazin\/#\/schema\/logo\/image\/\",\"url\":\"https:\/\/relaunch.euroakademie.de\/magazin\/wp-content\/uploads\/2024\/11\/Logo_EA_negativ_Rahmen_5cm_300dpi_RGB.jpg\",\"contentUrl\":\"https:\/\/relaunch.euroakademie.de\/magazin\/wp-content\/uploads\/2024\/11\/Logo_EA_negativ_Rahmen_5cm_300dpi_RGB.jpg\",\"width\":591,\"height\":236,\"caption\":\"ESO Education Group\"},\"image\":{\"@id\":\"https:\/\/www.euroakademie.de\/magazin\/#\/schema\/logo\/image\/\"}},{\"@type\":\"Person\",\"@id\":\"https:\/\/www.euroakademie.de\/magazin\/#\/schema\/person\/9dccbbd106e796477abd5793b4e35386\",\"name\":\"Enisa Romanic\",\"description\":\"Enisa Romanic ist Trainerin und bietet unter B\u00fcrotrainingplus Seminare zum Office Management. Sie spricht Englisch, Franz\u00f6sisch, Spanisch, Serbisch und Kroatisch und blickt neben ihrem Studium als \\\"International Management Assistant\\\" an der AMA (Euro Akademie Lippstadt) auf zahlreiche Aus- und Weiterbildungen zur\u00fcck. F\u00fcr das Euro Akademie Magazin schrieb sie Kolumnen aus ihrer Berufspraxis als Assistentin in unterschiedlichsten Branchen und Unternehmensbereichen.\",\"url\":\"https:\/\/www.euroakademie.de\/magazin\/author\/enisa-romanic\/\"}]}<\/script>\n<!-- \/ Yoast SEO plugin. -->","yoast_head_json":{"title":"Urlaubsvorbereitung im B\u00fcro - ohne Stress in die Ferien","description":"Eine gute Urlaubsvorbereitung ist wichtig, damit w\u00e4hrend Ihrer Abwesenheit im B\u00fcro alles rund l\u00e4uft und Sie beruhigt in die Ferien starten k\u00f6nnen.","robots":{"index":"index","follow":"follow","max-snippet":"max-snippet:-1","max-image-preview":"max-image-preview:large","max-video-preview":"max-video-preview:-1"},"canonical":"https:\/\/www.euroakademie.de\/magazin\/urlaubsvorbereitung-im-buero\/","og_locale":"de_DE","og_type":"article","og_title":"Urlaubsvorbereitung im B\u00fcro - ohne Stress in die Ferien","og_description":"Eine gute Urlaubsvorbereitung ist wichtig, damit w\u00e4hrend Ihrer Abwesenheit im B\u00fcro alles rund l\u00e4uft und Sie beruhigt in die Ferien starten k\u00f6nnen.","og_url":"https:\/\/www.euroakademie.de\/magazin\/urlaubsvorbereitung-im-buero\/","og_site_name":"Das Euro Akademie Magazin","article_published_time":"2016-07-13T06:30:48+00:00","og_image":[{"width":700,"height":336,"url":"https:\/\/www.euroakademie.de\/magazin\/wp-content\/uploads\/2016\/07\/shutterstock_275814059_702x336_web.jpg","type":"image\/jpeg"}],"author":"Enisa Romanic","twitter_card":"summary_large_image","twitter_misc":{"Verfasst von":"Enisa Romanic","Gesch\u00e4tzte Lesezeit":"6\u00a0Minuten"},"schema":{"@context":"https:\/\/schema.org","@graph":[{"@type":"Article","@id":"https:\/\/www.euroakademie.de\/magazin\/urlaubsvorbereitung-im-buero\/#article","isPartOf":{"@id":"https:\/\/www.euroakademie.de\/magazin\/urlaubsvorbereitung-im-buero\/"},"author":{"name":"Enisa Romanic","@id":"https:\/\/www.euroakademie.de\/magazin\/#\/schema\/person\/9dccbbd106e796477abd5793b4e35386"},"headline":"Urlaubsvorbereitung im B\u00fcro &#8211; ohne Stress in die Ferien","datePublished":"2016-07-13T06:30:48+00:00","dateModified":"2016-07-13T06:30:48+00:00","mainEntityOfPage":{"@id":"https:\/\/www.euroakademie.de\/magazin\/urlaubsvorbereitung-im-buero\/"},"wordCount":1163,"publisher":{"@id":"https:\/\/www.euroakademie.de\/magazin\/#organization"},"image":{"@id":"https:\/\/www.euroakademie.de\/magazin\/urlaubsvorbereitung-im-buero\/#primaryimage"},"thumbnailUrl":"https:\/\/www.euroakademie.de\/magazin\/wp-content\/uploads\/2016\/07\/shutterstock_275814059_702x336_web.jpg","keywords":["Urlaub","Urlaubs\u00fcbergabe","Urlaubsvertretung","Urlaubsvorbereitung"],"articleSection":["Kolumne","Tipps &amp; Tricks"],"inLanguage":"de"},{"@type":"WebPage","@id":"https:\/\/www.euroakademie.de\/magazin\/urlaubsvorbereitung-im-buero\/","url":"https:\/\/www.euroakademie.de\/magazin\/urlaubsvorbereitung-im-buero\/","name":"Urlaubsvorbereitung im B\u00fcro - ohne Stress in die Ferien","isPartOf":{"@id":"https:\/\/www.euroakademie.de\/magazin\/#website"},"primaryImageOfPage":{"@id":"https:\/\/www.euroakademie.de\/magazin\/urlaubsvorbereitung-im-buero\/#primaryimage"},"image":{"@id":"https:\/\/www.euroakademie.de\/magazin\/urlaubsvorbereitung-im-buero\/#primaryimage"},"thumbnailUrl":"https:\/\/www.euroakademie.de\/magazin\/wp-content\/uploads\/2016\/07\/shutterstock_275814059_702x336_web.jpg","datePublished":"2016-07-13T06:30:48+00:00","dateModified":"2016-07-13T06:30:48+00:00","description":"Eine gute Urlaubsvorbereitung ist wichtig, damit w\u00e4hrend Ihrer Abwesenheit im B\u00fcro alles rund l\u00e4uft und Sie beruhigt in die Ferien starten k\u00f6nnen.","breadcrumb":{"@id":"https:\/\/www.euroakademie.de\/magazin\/urlaubsvorbereitung-im-buero\/#breadcrumb"},"inLanguage":"de","potentialAction":[{"@type":"ReadAction","target":["https:\/\/www.euroakademie.de\/magazin\/urlaubsvorbereitung-im-buero\/"]}]},{"@type":"ImageObject","inLanguage":"de","@id":"https:\/\/www.euroakademie.de\/magazin\/urlaubsvorbereitung-im-buero\/#primaryimage","url":"https:\/\/www.euroakademie.de\/magazin\/wp-content\/uploads\/2016\/07\/shutterstock_275814059_702x336_web.jpg","contentUrl":"https:\/\/www.euroakademie.de\/magazin\/wp-content\/uploads\/2016\/07\/shutterstock_275814059_702x336_web.jpg","width":700,"height":336,"caption":""},{"@type":"BreadcrumbList","@id":"https:\/\/www.euroakademie.de\/magazin\/urlaubsvorbereitung-im-buero\/#breadcrumb","itemListElement":[{"@type":"ListItem","position":1,"name":"Startseite","item":"https:\/\/www.euroakademie.de\/magazin\/"},{"@type":"ListItem","position":2,"name":"Urlaubsvorbereitung im B\u00fcro &#8211; ohne Stress in die Ferien"}]},{"@type":"WebSite","@id":"https:\/\/www.euroakademie.de\/magazin\/#website","url":"https:\/\/www.euroakademie.de\/magazin\/","name":"Das Euro Akademie Magazin","description":"Gut informiert durch Ausbildung und Studium","publisher":{"@id":"https:\/\/www.euroakademie.de\/magazin\/#organization"},"potentialAction":[{"@type":"SearchAction","target":{"@type":"EntryPoint","urlTemplate":"https:\/\/www.euroakademie.de\/magazin\/?s={search_term_string}"},"query-input":{"@type":"PropertyValueSpecification","valueRequired":true,"valueName":"search_term_string"}}],"inLanguage":"de"},{"@type":"Organization","@id":"https:\/\/www.euroakademie.de\/magazin\/#organization","name":"ESO Education Group","url":"https:\/\/www.euroakademie.de\/magazin\/","logo":{"@type":"ImageObject","inLanguage":"de","@id":"https:\/\/www.euroakademie.de\/magazin\/#\/schema\/logo\/image\/","url":"https:\/\/relaunch.euroakademie.de\/magazin\/wp-content\/uploads\/2024\/11\/Logo_EA_negativ_Rahmen_5cm_300dpi_RGB.jpg","contentUrl":"https:\/\/relaunch.euroakademie.de\/magazin\/wp-content\/uploads\/2024\/11\/Logo_EA_negativ_Rahmen_5cm_300dpi_RGB.jpg","width":591,"height":236,"caption":"ESO Education Group"},"image":{"@id":"https:\/\/www.euroakademie.de\/magazin\/#\/schema\/logo\/image\/"}},{"@type":"Person","@id":"https:\/\/www.euroakademie.de\/magazin\/#\/schema\/person\/9dccbbd106e796477abd5793b4e35386","name":"Enisa Romanic","description":"Enisa Romanic ist Trainerin und bietet unter B\u00fcrotrainingplus Seminare zum Office Management. Sie spricht Englisch, Franz\u00f6sisch, Spanisch, Serbisch und Kroatisch und blickt neben ihrem Studium als \"International Management Assistant\" an der AMA (Euro Akademie Lippstadt) auf zahlreiche Aus- und Weiterbildungen zur\u00fcck. F\u00fcr das Euro Akademie Magazin schrieb sie Kolumnen aus ihrer Berufspraxis als Assistentin in unterschiedlichsten Branchen und Unternehmensbereichen.","url":"https:\/\/www.euroakademie.de\/magazin\/author\/enisa-romanic\/"}]}},"_links":{"self":[{"href":"https:\/\/www.euroakademie.de\/magazin\/wp-json\/wp\/v2\/posts\/4295","targetHints":{"allow":["GET"]}}],"collection":[{"href":"https:\/\/www.euroakademie.de\/magazin\/wp-json\/wp\/v2\/posts"}],"about":[{"href":"https:\/\/www.euroakademie.de\/magazin\/wp-json\/wp\/v2\/types\/post"}],"author":[{"embeddable":true,"href":"https:\/\/www.euroakademie.de\/magazin\/wp-json\/wp\/v2\/users\/22"}],"replies":[{"embeddable":true,"href":"https:\/\/www.euroakademie.de\/magazin\/wp-json\/wp\/v2\/comments?post=4295"}],"version-history":[{"count":0,"href":"https:\/\/www.euroakademie.de\/magazin\/wp-json\/wp\/v2\/posts\/4295\/revisions"}],"wp:featuredmedia":[{"embeddable":true,"href":"https:\/\/www.euroakademie.de\/magazin\/wp-json\/wp\/v2\/media\/6944"}],"wp:attachment":[{"href":"https:\/\/www.euroakademie.de\/magazin\/wp-json\/wp\/v2\/media?parent=4295"}],"wp:term":[{"taxonomy":"category","embeddable":true,"href":"https:\/\/www.euroakademie.de\/magazin\/wp-json\/wp\/v2\/categories?post=4295"},{"taxonomy":"post_tag","embeddable":true,"href":"https:\/\/www.euroakademie.de\/magazin\/wp-json\/wp\/v2\/tags?post=4295"}],"curies":[{"name":"wp","href":"https:\/\/api.w.org\/{rel}","templated":true}]}}