{"id":4384,"date":"2016-08-03T08:30:03","date_gmt":"2016-08-03T06:30:03","guid":{"rendered":"https:\/\/www.euroakademie.de\/magazin\/?p=4384"},"modified":"2024-11-19T10:36:14","modified_gmt":"2024-11-19T09:36:14","slug":"absolvent-der-fremdsprachenkorrespondenz","status":"publish","type":"post","link":"https:\/\/www.euroakademie.de\/magazin\/absolvent-der-fremdsprachenkorrespondenz\/","title":{"rendered":"Erfahrungsbericht eines Absolventen der Fremdsprachenkorrespondenz"},"content":{"rendered":"<p>\t\t\t\t<![CDATA[<em>\u201eUnd was machst du so?\u201c \u2013 \u201eIch mache eine <a href=\"https:\/\/www.euroakademie.de\/details\/_2____AZ2_F18S_1\/Kaufmaennischer-Assistentin-Fachrichtung-Fremdsprachensekretaria\" target=\"_blank\" rel=\"noopener\">Ausbildung zum Fremdsprachenkorrespondenten.<\/a>\u201c \u2013 \u201eAch, und was macht man da genau?\u201c<\/em>\n\nSo oder so \u00e4hnlich beginnen zahlreiche Unterhaltungen \u00fcber diesen Beruf, von dem man zunehmend h\u00e4ufiger h\u00f6rt, unter dem sich aber nur Wenige etwas vorstellen k\u00f6nnen. Was also erwartet einen Interessenten dieser Ausbildung an der <a href=\"http:\/\/www.euroakademie.de\/mainz\" target=\"_blank\" rel=\"noopener\">Euro Akademie Mainz<\/a>?\n\nDie Fremdsprachenkorrespondenz vereint Wissen \u00fcber Business, Wirtschaft und Handel mit fremdsprachlichen Kompetenzen. Entsprechend gestaltet sich auch der Stundenplan eines Sch\u00fclers der Euro Akademie: Den gr\u00f6\u00dften Teil nimmt der Sprachunterricht ein, welcher Englisch, Spanisch und Franz\u00f6sisch umfasst. Innerhalb k\u00fcrzester Zeit wird umfangreiches Wissen \u00fcber Grammatik und Wortschatz vermittelt, doch es bleibt nicht bei grauer Theorie.\nAls Lehrkr\u00e4fte sind \u00fcberwiegend Muttersprachler eingesetzt, sodass die Vermittlung von Sprachgef\u00fchl und kulturellen Hintergr\u00fcnden ein fester Bestandteil der Ausbildung wird \u2013 unbedingt erforderliche Kenntnisse eines Fremdsprachenkorrespondenten. Umgesetzt werden diese Kompetenzen in zahlreichen \u00dcbungen und Klausuren sowie im Dialog mit Mitsch\u00fclern oder der Lehrkraft.\n\nW\u00e4hrend der sprachliche Aspekt eher kreativer Natur ist, sind die F\u00e4cher EDV, Wirtschaftslehre und B\u00fcrokunde die Hard Skills der Korrespondenz. Der Umgang mit Office-Programmen, Gesch\u00e4ftsbriefen, die Vermittlung von juristischem Wissen, praxisnaher Arbeitsroutine und beinahe diplomatischen Aspekten sind Gegenstand des Unterrichts.\n\nDas alles in nur zwei Jahren? Als Absolvent dieser Ausbildung kann ich nur sagen, dass es funktioniert. Der Lehrstoff wird zielgerichtet und praxisorientiert vermittelt und zahlreiche Exkursionen und Workshops bringen immer wieder andere wichtige Aspekte der Berufswelt in den Fokus. Es war eine h\u00f6chst interessante und lehrreiche Zeit und an Spa\u00df an der Sache hat es nie gemangelt.\n\n<strong>Das k\u00f6nnte Sie auch interessieren:<\/strong>\n<a href=\"https:\/\/www.euroakademie.de\/magazin\/ausbildung-des-monats-fremdsprachenkorrespondent\/\">Ausbildung des Monats: Fremdsprachenkorrespondent<\/a>\n<a href=\"https:\/\/www.euroakademie.de\/magazin\/fremdsprachen-im-beruf-traum-oder-albtraum\/\">Fremdsprachen im Beruf: Traum oder Albtraum?<\/a>\n<a href=\"https:\/\/www.euroakademie.de\/magazin\/mein-erstes-semester\/\">Mein erstes Semester<\/a>\n\n<em>Autor: <strong>Birk Arnold, <\/strong>Euro Akademie Mainz<\/em>]]>\t\t<\/p>\n","protected":false},"excerpt":{"rendered":"<p>\t\t\t\t<![CDATA[]]>\t\t<\/p>\n","protected":false},"author":25,"featured_media":6916,"comment_status":"closed","ping_status":"closed","sticky":false,"template":"","format":"standard","meta":{"footnotes":""},"categories":[13,148,37],"tags":[256,2473,3196,5413],"class_list":{"0":"post-4384","1":"post","2":"type-post","3":"status-publish","4":"format-standard","5":"has-post-thumbnail","7":"category-fremdsprachen-internationales","8":"category-mainz","9":"category-von-schuelern-fuer-schueler","10":"tag-absolvent","11":"tag-erfahrungsbericht","12":"tag-fremdsprachenkorrespondent","13":"tag-mainz"},"yoast_head":"<!-- This site is optimized with the Yoast SEO plugin v23.5 - https:\/\/yoast.com\/wordpress\/plugins\/seo\/ -->\n<title>Erfahrungsbericht eines Absolventen der Fremdsprachenkorrespondenz<\/title>\n<meta name=\"description\" content=\"Birk Arnold hat an der Euro Akademie Mainz erfolgreich eine Ausbildung zum Fremdsprachenkorrespondenten gemacht. Lesen Sie seinen Erfahrungsbericht!\" \/>\n<meta name=\"robots\" content=\"index, follow, max-snippet:-1, max-image-preview:large, max-video-preview:-1\" \/>\n<link rel=\"canonical\" href=\"https:\/\/www.euroakademie.de\/magazin\/absolvent-der-fremdsprachenkorrespondenz\/\" \/>\n<meta property=\"og:locale\" content=\"de_DE\" \/>\n<meta property=\"og:type\" content=\"article\" \/>\n<meta property=\"og:title\" content=\"Erfahrungsbericht eines Absolventen der Fremdsprachenkorrespondenz\" \/>\n<meta property=\"og:description\" content=\"Birk Arnold hat an der Euro Akademie Mainz erfolgreich eine Ausbildung zum Fremdsprachenkorrespondenten gemacht. Lesen Sie seinen Erfahrungsbericht!\" \/>\n<meta property=\"og:url\" content=\"https:\/\/www.euroakademie.de\/magazin\/absolvent-der-fremdsprachenkorrespondenz\/\" \/>\n<meta property=\"og:site_name\" content=\"Das Euro Akademie Magazin\" \/>\n<meta property=\"article:published_time\" content=\"2016-08-03T06:30:03+00:00\" \/>\n<meta property=\"article:modified_time\" content=\"2024-11-19T09:36:14+00:00\" \/>\n<meta property=\"og:image\" content=\"https:\/\/www.euroakademie.de\/magazin\/wp-content\/uploads\/2016\/08\/shutterstock_680318077_702x336_web.jpg\" \/>\n\t<meta property=\"og:image:width\" content=\"702\" \/>\n\t<meta property=\"og:image:height\" content=\"336\" \/>\n\t<meta property=\"og:image:type\" content=\"image\/jpeg\" \/>\n<meta name=\"author\" content=\"Sch\u00fcler*innen der Euro Akademie\" \/>\n<meta name=\"twitter:card\" content=\"summary_large_image\" \/>\n<meta name=\"twitter:label1\" content=\"Verfasst von\" \/>\n\t<meta name=\"twitter:data1\" content=\"Sch\u00fcler*innen der Euro Akademie\" \/>\n\t<meta name=\"twitter:label2\" content=\"Gesch\u00e4tzte Lesezeit\" \/>\n\t<meta name=\"twitter:data2\" content=\"1\u00a0Minute\" \/>\n<script type=\"application\/ld+json\" class=\"yoast-schema-graph\">{\"@context\":\"https:\/\/schema.org\",\"@graph\":[{\"@type\":\"Article\",\"@id\":\"https:\/\/www.euroakademie.de\/magazin\/absolvent-der-fremdsprachenkorrespondenz\/#article\",\"isPartOf\":{\"@id\":\"https:\/\/www.euroakademie.de\/magazin\/absolvent-der-fremdsprachenkorrespondenz\/\"},\"author\":{\"name\":\"Sch\u00fcler*innen der Euro Akademie\",\"@id\":\"https:\/\/www.euroakademie.de\/magazin\/#\/schema\/person\/88061163260e860aeebdcfa336a1a0d7\"},\"headline\":\"Erfahrungsbericht eines Absolventen der Fremdsprachenkorrespondenz\",\"datePublished\":\"2016-08-03T06:30:03+00:00\",\"dateModified\":\"2024-11-19T09:36:14+00:00\",\"mainEntityOfPage\":{\"@id\":\"https:\/\/www.euroakademie.de\/magazin\/absolvent-der-fremdsprachenkorrespondenz\/\"},\"wordCount\":295,\"publisher\":{\"@id\":\"https:\/\/www.euroakademie.de\/magazin\/#organization\"},\"image\":{\"@id\":\"https:\/\/www.euroakademie.de\/magazin\/absolvent-der-fremdsprachenkorrespondenz\/#primaryimage\"},\"thumbnailUrl\":\"https:\/\/www.euroakademie.de\/magazin\/wp-content\/uploads\/2016\/08\/shutterstock_680318077_702x336_web.jpg\",\"keywords\":[\"Absolvent\",\"Erfahrungsbericht\",\"Fremdsprachenkorrespondent\",\"Mainz\"],\"articleSection\":[\"Fremdsprachen &amp; Internationales\",\"Mainz\",\"Von Sch\u00fclern f\u00fcr Sch\u00fcler\"],\"inLanguage\":\"de\"},{\"@type\":\"WebPage\",\"@id\":\"https:\/\/www.euroakademie.de\/magazin\/absolvent-der-fremdsprachenkorrespondenz\/\",\"url\":\"https:\/\/www.euroakademie.de\/magazin\/absolvent-der-fremdsprachenkorrespondenz\/\",\"name\":\"Erfahrungsbericht eines Absolventen der Fremdsprachenkorrespondenz\",\"isPartOf\":{\"@id\":\"https:\/\/www.euroakademie.de\/magazin\/#website\"},\"primaryImageOfPage\":{\"@id\":\"https:\/\/www.euroakademie.de\/magazin\/absolvent-der-fremdsprachenkorrespondenz\/#primaryimage\"},\"image\":{\"@id\":\"https:\/\/www.euroakademie.de\/magazin\/absolvent-der-fremdsprachenkorrespondenz\/#primaryimage\"},\"thumbnailUrl\":\"https:\/\/www.euroakademie.de\/magazin\/wp-content\/uploads\/2016\/08\/shutterstock_680318077_702x336_web.jpg\",\"datePublished\":\"2016-08-03T06:30:03+00:00\",\"dateModified\":\"2024-11-19T09:36:14+00:00\",\"description\":\"Birk Arnold hat an der Euro Akademie Mainz erfolgreich eine Ausbildung zum Fremdsprachenkorrespondenten gemacht. Lesen Sie seinen Erfahrungsbericht!\",\"breadcrumb\":{\"@id\":\"https:\/\/www.euroakademie.de\/magazin\/absolvent-der-fremdsprachenkorrespondenz\/#breadcrumb\"},\"inLanguage\":\"de\",\"potentialAction\":[{\"@type\":\"ReadAction\",\"target\":[\"https:\/\/www.euroakademie.de\/magazin\/absolvent-der-fremdsprachenkorrespondenz\/\"]}]},{\"@type\":\"ImageObject\",\"inLanguage\":\"de\",\"@id\":\"https:\/\/www.euroakademie.de\/magazin\/absolvent-der-fremdsprachenkorrespondenz\/#primaryimage\",\"url\":\"https:\/\/www.euroakademie.de\/magazin\/wp-content\/uploads\/2016\/08\/shutterstock_680318077_702x336_web.jpg\",\"contentUrl\":\"https:\/\/www.euroakademie.de\/magazin\/wp-content\/uploads\/2016\/08\/shutterstock_680318077_702x336_web.jpg\",\"width\":702,\"height\":336,\"caption\":\"\"},{\"@type\":\"BreadcrumbList\",\"@id\":\"https:\/\/www.euroakademie.de\/magazin\/absolvent-der-fremdsprachenkorrespondenz\/#breadcrumb\",\"itemListElement\":[{\"@type\":\"ListItem\",\"position\":1,\"name\":\"Startseite\",\"item\":\"https:\/\/www.euroakademie.de\/magazin\/\"},{\"@type\":\"ListItem\",\"position\":2,\"name\":\"Erfahrungsbericht eines Absolventen der Fremdsprachenkorrespondenz\"}]},{\"@type\":\"WebSite\",\"@id\":\"https:\/\/www.euroakademie.de\/magazin\/#website\",\"url\":\"https:\/\/www.euroakademie.de\/magazin\/\",\"name\":\"Das Euro Akademie Magazin\",\"description\":\"Gut informiert durch Ausbildung und Studium\",\"publisher\":{\"@id\":\"https:\/\/www.euroakademie.de\/magazin\/#organization\"},\"potentialAction\":[{\"@type\":\"SearchAction\",\"target\":{\"@type\":\"EntryPoint\",\"urlTemplate\":\"https:\/\/www.euroakademie.de\/magazin\/?s={search_term_string}\"},\"query-input\":{\"@type\":\"PropertyValueSpecification\",\"valueRequired\":true,\"valueName\":\"search_term_string\"}}],\"inLanguage\":\"de\"},{\"@type\":\"Organization\",\"@id\":\"https:\/\/www.euroakademie.de\/magazin\/#organization\",\"name\":\"ESO Education Group\",\"url\":\"https:\/\/www.euroakademie.de\/magazin\/\",\"logo\":{\"@type\":\"ImageObject\",\"inLanguage\":\"de\",\"@id\":\"https:\/\/www.euroakademie.de\/magazin\/#\/schema\/logo\/image\/\",\"url\":\"https:\/\/relaunch.euroakademie.de\/magazin\/wp-content\/uploads\/2024\/11\/Logo_EA_negativ_Rahmen_5cm_300dpi_RGB.jpg\",\"contentUrl\":\"https:\/\/relaunch.euroakademie.de\/magazin\/wp-content\/uploads\/2024\/11\/Logo_EA_negativ_Rahmen_5cm_300dpi_RGB.jpg\",\"width\":591,\"height\":236,\"caption\":\"ESO Education Group\"},\"image\":{\"@id\":\"https:\/\/www.euroakademie.de\/magazin\/#\/schema\/logo\/image\/\"}},{\"@type\":\"Person\",\"@id\":\"https:\/\/www.euroakademie.de\/magazin\/#\/schema\/person\/88061163260e860aeebdcfa336a1a0d7\",\"name\":\"Sch\u00fcler*innen der Euro Akademie\",\"description\":\"Unter diesem Autorennamen schildern Sch\u00fcler*innen der Euro Akademien ihre pers\u00f6nlichen Erfahrungen zum Thema Ausbildung, berichten \u00fcber Projekte, Praktika oder Veranstaltungen und geben anderen Lernenden wertvolle Tipps. Sie gehen dabei auf Fragen ein, auf die sie vor und in ihrer Ausbildungszeit selbst gern Antworten gehabt h\u00e4tten.\",\"url\":\"https:\/\/www.euroakademie.de\/magazin\/author\/schueler\/\"}]}<\/script>\n<!-- \/ Yoast SEO plugin. -->","yoast_head_json":{"title":"Erfahrungsbericht eines Absolventen der Fremdsprachenkorrespondenz","description":"Birk Arnold hat an der Euro Akademie Mainz erfolgreich eine Ausbildung zum Fremdsprachenkorrespondenten gemacht. Lesen Sie seinen Erfahrungsbericht!","robots":{"index":"index","follow":"follow","max-snippet":"max-snippet:-1","max-image-preview":"max-image-preview:large","max-video-preview":"max-video-preview:-1"},"canonical":"https:\/\/www.euroakademie.de\/magazin\/absolvent-der-fremdsprachenkorrespondenz\/","og_locale":"de_DE","og_type":"article","og_title":"Erfahrungsbericht eines Absolventen der Fremdsprachenkorrespondenz","og_description":"Birk Arnold hat an der Euro Akademie Mainz erfolgreich eine Ausbildung zum Fremdsprachenkorrespondenten gemacht. Lesen Sie seinen Erfahrungsbericht!","og_url":"https:\/\/www.euroakademie.de\/magazin\/absolvent-der-fremdsprachenkorrespondenz\/","og_site_name":"Das Euro Akademie Magazin","article_published_time":"2016-08-03T06:30:03+00:00","article_modified_time":"2024-11-19T09:36:14+00:00","og_image":[{"width":702,"height":336,"url":"https:\/\/www.euroakademie.de\/magazin\/wp-content\/uploads\/2016\/08\/shutterstock_680318077_702x336_web.jpg","type":"image\/jpeg"}],"author":"Sch\u00fcler*innen der Euro Akademie","twitter_card":"summary_large_image","twitter_misc":{"Verfasst von":"Sch\u00fcler*innen der Euro Akademie","Gesch\u00e4tzte Lesezeit":"1\u00a0Minute"},"schema":{"@context":"https:\/\/schema.org","@graph":[{"@type":"Article","@id":"https:\/\/www.euroakademie.de\/magazin\/absolvent-der-fremdsprachenkorrespondenz\/#article","isPartOf":{"@id":"https:\/\/www.euroakademie.de\/magazin\/absolvent-der-fremdsprachenkorrespondenz\/"},"author":{"name":"Sch\u00fcler*innen der Euro Akademie","@id":"https:\/\/www.euroakademie.de\/magazin\/#\/schema\/person\/88061163260e860aeebdcfa336a1a0d7"},"headline":"Erfahrungsbericht eines Absolventen der Fremdsprachenkorrespondenz","datePublished":"2016-08-03T06:30:03+00:00","dateModified":"2024-11-19T09:36:14+00:00","mainEntityOfPage":{"@id":"https:\/\/www.euroakademie.de\/magazin\/absolvent-der-fremdsprachenkorrespondenz\/"},"wordCount":295,"publisher":{"@id":"https:\/\/www.euroakademie.de\/magazin\/#organization"},"image":{"@id":"https:\/\/www.euroakademie.de\/magazin\/absolvent-der-fremdsprachenkorrespondenz\/#primaryimage"},"thumbnailUrl":"https:\/\/www.euroakademie.de\/magazin\/wp-content\/uploads\/2016\/08\/shutterstock_680318077_702x336_web.jpg","keywords":["Absolvent","Erfahrungsbericht","Fremdsprachenkorrespondent","Mainz"],"articleSection":["Fremdsprachen &amp; Internationales","Mainz","Von Sch\u00fclern f\u00fcr Sch\u00fcler"],"inLanguage":"de"},{"@type":"WebPage","@id":"https:\/\/www.euroakademie.de\/magazin\/absolvent-der-fremdsprachenkorrespondenz\/","url":"https:\/\/www.euroakademie.de\/magazin\/absolvent-der-fremdsprachenkorrespondenz\/","name":"Erfahrungsbericht eines Absolventen der Fremdsprachenkorrespondenz","isPartOf":{"@id":"https:\/\/www.euroakademie.de\/magazin\/#website"},"primaryImageOfPage":{"@id":"https:\/\/www.euroakademie.de\/magazin\/absolvent-der-fremdsprachenkorrespondenz\/#primaryimage"},"image":{"@id":"https:\/\/www.euroakademie.de\/magazin\/absolvent-der-fremdsprachenkorrespondenz\/#primaryimage"},"thumbnailUrl":"https:\/\/www.euroakademie.de\/magazin\/wp-content\/uploads\/2016\/08\/shutterstock_680318077_702x336_web.jpg","datePublished":"2016-08-03T06:30:03+00:00","dateModified":"2024-11-19T09:36:14+00:00","description":"Birk Arnold hat an der Euro Akademie Mainz erfolgreich eine Ausbildung zum Fremdsprachenkorrespondenten gemacht. Lesen Sie seinen Erfahrungsbericht!","breadcrumb":{"@id":"https:\/\/www.euroakademie.de\/magazin\/absolvent-der-fremdsprachenkorrespondenz\/#breadcrumb"},"inLanguage":"de","potentialAction":[{"@type":"ReadAction","target":["https:\/\/www.euroakademie.de\/magazin\/absolvent-der-fremdsprachenkorrespondenz\/"]}]},{"@type":"ImageObject","inLanguage":"de","@id":"https:\/\/www.euroakademie.de\/magazin\/absolvent-der-fremdsprachenkorrespondenz\/#primaryimage","url":"https:\/\/www.euroakademie.de\/magazin\/wp-content\/uploads\/2016\/08\/shutterstock_680318077_702x336_web.jpg","contentUrl":"https:\/\/www.euroakademie.de\/magazin\/wp-content\/uploads\/2016\/08\/shutterstock_680318077_702x336_web.jpg","width":702,"height":336,"caption":""},{"@type":"BreadcrumbList","@id":"https:\/\/www.euroakademie.de\/magazin\/absolvent-der-fremdsprachenkorrespondenz\/#breadcrumb","itemListElement":[{"@type":"ListItem","position":1,"name":"Startseite","item":"https:\/\/www.euroakademie.de\/magazin\/"},{"@type":"ListItem","position":2,"name":"Erfahrungsbericht eines Absolventen der Fremdsprachenkorrespondenz"}]},{"@type":"WebSite","@id":"https:\/\/www.euroakademie.de\/magazin\/#website","url":"https:\/\/www.euroakademie.de\/magazin\/","name":"Das Euro Akademie Magazin","description":"Gut informiert durch Ausbildung und Studium","publisher":{"@id":"https:\/\/www.euroakademie.de\/magazin\/#organization"},"potentialAction":[{"@type":"SearchAction","target":{"@type":"EntryPoint","urlTemplate":"https:\/\/www.euroakademie.de\/magazin\/?s={search_term_string}"},"query-input":{"@type":"PropertyValueSpecification","valueRequired":true,"valueName":"search_term_string"}}],"inLanguage":"de"},{"@type":"Organization","@id":"https:\/\/www.euroakademie.de\/magazin\/#organization","name":"ESO Education Group","url":"https:\/\/www.euroakademie.de\/magazin\/","logo":{"@type":"ImageObject","inLanguage":"de","@id":"https:\/\/www.euroakademie.de\/magazin\/#\/schema\/logo\/image\/","url":"https:\/\/relaunch.euroakademie.de\/magazin\/wp-content\/uploads\/2024\/11\/Logo_EA_negativ_Rahmen_5cm_300dpi_RGB.jpg","contentUrl":"https:\/\/relaunch.euroakademie.de\/magazin\/wp-content\/uploads\/2024\/11\/Logo_EA_negativ_Rahmen_5cm_300dpi_RGB.jpg","width":591,"height":236,"caption":"ESO Education Group"},"image":{"@id":"https:\/\/www.euroakademie.de\/magazin\/#\/schema\/logo\/image\/"}},{"@type":"Person","@id":"https:\/\/www.euroakademie.de\/magazin\/#\/schema\/person\/88061163260e860aeebdcfa336a1a0d7","name":"Sch\u00fcler*innen der Euro Akademie","description":"Unter diesem Autorennamen schildern Sch\u00fcler*innen der Euro Akademien ihre pers\u00f6nlichen Erfahrungen zum Thema Ausbildung, berichten \u00fcber Projekte, Praktika oder Veranstaltungen und geben anderen Lernenden wertvolle Tipps. Sie gehen dabei auf Fragen ein, auf die sie vor und in ihrer Ausbildungszeit selbst gern Antworten gehabt h\u00e4tten.","url":"https:\/\/www.euroakademie.de\/magazin\/author\/schueler\/"}]}},"_links":{"self":[{"href":"https:\/\/www.euroakademie.de\/magazin\/wp-json\/wp\/v2\/posts\/4384","targetHints":{"allow":["GET"]}}],"collection":[{"href":"https:\/\/www.euroakademie.de\/magazin\/wp-json\/wp\/v2\/posts"}],"about":[{"href":"https:\/\/www.euroakademie.de\/magazin\/wp-json\/wp\/v2\/types\/post"}],"author":[{"embeddable":true,"href":"https:\/\/www.euroakademie.de\/magazin\/wp-json\/wp\/v2\/users\/25"}],"replies":[{"embeddable":true,"href":"https:\/\/www.euroakademie.de\/magazin\/wp-json\/wp\/v2\/comments?post=4384"}],"version-history":[{"count":1,"href":"https:\/\/www.euroakademie.de\/magazin\/wp-json\/wp\/v2\/posts\/4384\/revisions"}],"predecessor-version":[{"id":23247,"href":"https:\/\/www.euroakademie.de\/magazin\/wp-json\/wp\/v2\/posts\/4384\/revisions\/23247"}],"wp:featuredmedia":[{"embeddable":true,"href":"https:\/\/www.euroakademie.de\/magazin\/wp-json\/wp\/v2\/media\/6916"}],"wp:attachment":[{"href":"https:\/\/www.euroakademie.de\/magazin\/wp-json\/wp\/v2\/media?parent=4384"}],"wp:term":[{"taxonomy":"category","embeddable":true,"href":"https:\/\/www.euroakademie.de\/magazin\/wp-json\/wp\/v2\/categories?post=4384"},{"taxonomy":"post_tag","embeddable":true,"href":"https:\/\/www.euroakademie.de\/magazin\/wp-json\/wp\/v2\/tags?post=4384"}],"curies":[{"name":"wp","href":"https:\/\/api.w.org\/{rel}","templated":true}]}}