{"id":4430,"date":"2016-08-10T08:30:58","date_gmt":"2016-08-10T06:30:58","guid":{"rendered":"https:\/\/www.euroakademie.de\/magazin\/?p=4430"},"modified":"2024-11-19T10:36:14","modified_gmt":"2024-11-19T09:36:14","slug":"einblick-in-die-ausbildung-zum-fremdpsrachenkorrespondenten","status":"publish","type":"post","link":"https:\/\/www.euroakademie.de\/magazin\/einblick-in-die-ausbildung-zum-fremdpsrachenkorrespondenten\/","title":{"rendered":"Einblick in die Ausbildung zum Fremdsprachenkorrespondenten"},"content":{"rendered":"<p>\t\t\t\t<![CDATA[Liebe Leser und Leserinnen,\n\nmein Name ist Martha Kling, ich bin 30 Jahre alt und habe vor Kurzem meine <a href=\"https:\/\/www.euroakademie.de\/details\/_2____AZ2_F18S_1\/Kaufmaennischer-Assistentin-Fachrichtung-Fremdsprachensekretaria\">Ausbildung zur Fremdsprachenkorrespondentin<\/a> bei der <a href=\"http:\/\/www.euroakademie.de\/mainz\">Euro Akademie Mainz<\/a> absolviert. Im Folgenden m\u00f6chte ich \u00fcber meine Erfahrungen w\u00e4hrend dieser Ausbildung berichten.\n\nNach so vielen Jahren im Berufsleben war es f\u00fcr mich am Anfang nicht ganz einfach. Vor allem mit drei Fremdsprachen auf einen Schlag: Englisch, Spanisch und Franz\u00f6sisch.\u2028 Klar hatte ich in Englisch und Franz\u00f6sisch schon Vorkenntnisse aus meiner Schulzeit, aber diese lag ja auch schon 12 Jahre zur\u00fcck.\n\nNichtsdestotrotz habe ich mich schnell zurechtgefunden, auch aufgrund des Lehrerkollegiums, das alles darangesetzt hat, alle Sch\u00fcler auf den gleichen Stand zu bringen \u2013 peu \u00e0 peu. Der Unterricht war super organisiert, auch teilweise mit praktischen Beispielen, was mir pers\u00f6nlich sehr geholfen hat, da ich eher ein praktischer und kein theoretischer Mensch bin. \u2028Nat\u00fcrlich muss man auch erw\u00e4hnen, dass die Schule alles daransetzt, um ihre Sch\u00fcler perfekt auf die Abschlusspr\u00fcfung vorzubereiten. Und wenn man dem Unterricht regelm\u00e4\u00dfig folgt, nicht zu viele Fehltage sammelt, dann ist die Pr\u00fcfung auch zu bew\u00e4ltigen.\n\nEin gro\u00dfer Vorteil bei der Euro Akademie Mainz sind auch die Lehrk\u00f6rper f\u00fcr Sprachen, da diese haupts\u00e4chlich Muttersprachler sind. Somit ist die zweij\u00e4hrige Ausbildung auf jeden Fall eine Investition wert.\n\n<strong>Das k\u00f6nnte Sie auch interessieren:<\/strong>\n<a href=\"https:\/\/www.euroakademie.de\/magazin\/ausbildung-des-monats-fremdsprachenkorrespondent\/\">Ausbildung des Monats: Fremdsprachenkorrespondent<\/a>\n<a href=\"https:\/\/www.euroakademie.de\/magazin\/absolvent-der-fremdsprachenkorrespondenz\/\">Erfahrungsbericht eines Absolventen der Fremdsprachenkorrespondenz<\/a>\n<a href=\"https:\/\/www.euroakademie.de\/magazin\/link-und-lesetipp-zukunftsstarter-es-ist-niemals-zu-spaet\/\">Link- und Lesetipp: Zukunftsstarter \u2013 Es ist niemals zu sp\u00e4t!<\/a>\n\n<em>Autorin: <strong>Martha Kling<\/strong>, Euro Akademie Mainz<\/em>]]>\t\t<\/p>\n","protected":false},"excerpt":{"rendered":"<p>\t\t\t\t<![CDATA[]]>\t\t<\/p>\n","protected":false},"author":25,"featured_media":4432,"comment_status":"closed","ping_status":"closed","sticky":false,"template":"","format":"standard","meta":{"footnotes":""},"categories":[13,148,37],"tags":[2467,3196,3202,5413],"class_list":{"0":"post-4430","1":"post","2":"type-post","3":"status-publish","4":"format-standard","5":"has-post-thumbnail","7":"category-fremdsprachen-internationales","8":"category-mainz","9":"category-von-schuelern-fuer-schueler","10":"tag-erfahrung","11":"tag-fremdsprachenkorrespondent","12":"tag-fremdsprachenkorrespondenz","13":"tag-mainz"},"yoast_head":"<!-- This site is optimized with the Yoast SEO plugin v23.5 - https:\/\/yoast.com\/wordpress\/plugins\/seo\/ -->\n<title>Einblick in die Ausbildung zum Fremdpsrachenkorrespondenten<\/title>\n<meta name=\"description\" content=\"Die 30-j\u00e4hrige Martha Kling hat erst vor kurzem eine Ausbildung zumFremdsprachenkorrespondenten an der Euro Akademie Mainz begonnen \u2013 und ist begeistert.\" \/>\n<meta name=\"robots\" content=\"index, follow, max-snippet:-1, max-image-preview:large, max-video-preview:-1\" \/>\n<link rel=\"canonical\" href=\"https:\/\/www.euroakademie.de\/magazin\/einblick-in-die-ausbildung-zum-fremdpsrachenkorrespondenten\/\" \/>\n<meta property=\"og:locale\" content=\"de_DE\" \/>\n<meta property=\"og:type\" content=\"article\" \/>\n<meta property=\"og:title\" content=\"Einblick in die Ausbildung zum Fremdpsrachenkorrespondenten\" \/>\n<meta property=\"og:description\" content=\"Die 30-j\u00e4hrige Martha Kling hat erst vor kurzem eine Ausbildung zumFremdsprachenkorrespondenten an der Euro Akademie Mainz begonnen \u2013 und ist begeistert.\" \/>\n<meta property=\"og:url\" content=\"https:\/\/www.euroakademie.de\/magazin\/einblick-in-die-ausbildung-zum-fremdpsrachenkorrespondenten\/\" \/>\n<meta property=\"og:site_name\" content=\"Das Euro Akademie Magazin\" \/>\n<meta property=\"article:published_time\" content=\"2016-08-10T06:30:58+00:00\" \/>\n<meta property=\"article:modified_time\" content=\"2024-11-19T09:36:14+00:00\" \/>\n<meta property=\"og:image\" content=\"https:\/\/www.euroakademie.de\/magazin\/wp-content\/uploads\/2016\/08\/42-32181986_702x336-web.jpg\" \/>\n\t<meta property=\"og:image:width\" content=\"702\" \/>\n\t<meta property=\"og:image:height\" content=\"336\" \/>\n\t<meta property=\"og:image:type\" content=\"image\/jpeg\" \/>\n<meta name=\"author\" content=\"Sch\u00fcler*innen der Euro Akademie\" \/>\n<meta name=\"twitter:card\" content=\"summary_large_image\" \/>\n<meta name=\"twitter:label1\" content=\"Verfasst von\" \/>\n\t<meta name=\"twitter:data1\" content=\"Sch\u00fcler*innen der Euro Akademie\" \/>\n\t<meta name=\"twitter:label2\" content=\"Gesch\u00e4tzte Lesezeit\" \/>\n\t<meta name=\"twitter:data2\" content=\"1\u00a0Minute\" \/>\n<script type=\"application\/ld+json\" class=\"yoast-schema-graph\">{\"@context\":\"https:\/\/schema.org\",\"@graph\":[{\"@type\":\"Article\",\"@id\":\"https:\/\/www.euroakademie.de\/magazin\/einblick-in-die-ausbildung-zum-fremdpsrachenkorrespondenten\/#article\",\"isPartOf\":{\"@id\":\"https:\/\/www.euroakademie.de\/magazin\/einblick-in-die-ausbildung-zum-fremdpsrachenkorrespondenten\/\"},\"author\":{\"name\":\"Sch\u00fcler*innen der Euro Akademie\",\"@id\":\"https:\/\/www.euroakademie.de\/magazin\/#\/schema\/person\/88061163260e860aeebdcfa336a1a0d7\"},\"headline\":\"Einblick in die Ausbildung zum Fremdsprachenkorrespondenten\",\"datePublished\":\"2016-08-10T06:30:58+00:00\",\"dateModified\":\"2024-11-19T09:36:14+00:00\",\"mainEntityOfPage\":{\"@id\":\"https:\/\/www.euroakademie.de\/magazin\/einblick-in-die-ausbildung-zum-fremdpsrachenkorrespondenten\/\"},\"wordCount\":241,\"publisher\":{\"@id\":\"https:\/\/www.euroakademie.de\/magazin\/#organization\"},\"image\":{\"@id\":\"https:\/\/www.euroakademie.de\/magazin\/einblick-in-die-ausbildung-zum-fremdpsrachenkorrespondenten\/#primaryimage\"},\"thumbnailUrl\":\"https:\/\/www.euroakademie.de\/magazin\/wp-content\/uploads\/2016\/08\/42-32181986_702x336-web.jpg\",\"keywords\":[\"Erfahrung\",\"Fremdsprachenkorrespondent\",\"Fremdsprachenkorrespondenz\",\"Mainz\"],\"articleSection\":[\"Fremdsprachen &amp; Internationales\",\"Mainz\",\"Von Sch\u00fclern f\u00fcr Sch\u00fcler\"],\"inLanguage\":\"de\"},{\"@type\":\"WebPage\",\"@id\":\"https:\/\/www.euroakademie.de\/magazin\/einblick-in-die-ausbildung-zum-fremdpsrachenkorrespondenten\/\",\"url\":\"https:\/\/www.euroakademie.de\/magazin\/einblick-in-die-ausbildung-zum-fremdpsrachenkorrespondenten\/\",\"name\":\"Einblick in die Ausbildung zum Fremdpsrachenkorrespondenten\",\"isPartOf\":{\"@id\":\"https:\/\/www.euroakademie.de\/magazin\/#website\"},\"primaryImageOfPage\":{\"@id\":\"https:\/\/www.euroakademie.de\/magazin\/einblick-in-die-ausbildung-zum-fremdpsrachenkorrespondenten\/#primaryimage\"},\"image\":{\"@id\":\"https:\/\/www.euroakademie.de\/magazin\/einblick-in-die-ausbildung-zum-fremdpsrachenkorrespondenten\/#primaryimage\"},\"thumbnailUrl\":\"https:\/\/www.euroakademie.de\/magazin\/wp-content\/uploads\/2016\/08\/42-32181986_702x336-web.jpg\",\"datePublished\":\"2016-08-10T06:30:58+00:00\",\"dateModified\":\"2024-11-19T09:36:14+00:00\",\"description\":\"Die 30-j\u00e4hrige Martha Kling hat erst vor kurzem eine Ausbildung zumFremdsprachenkorrespondenten an der Euro Akademie Mainz begonnen \u2013 und ist begeistert.\",\"breadcrumb\":{\"@id\":\"https:\/\/www.euroakademie.de\/magazin\/einblick-in-die-ausbildung-zum-fremdpsrachenkorrespondenten\/#breadcrumb\"},\"inLanguage\":\"de\",\"potentialAction\":[{\"@type\":\"ReadAction\",\"target\":[\"https:\/\/www.euroakademie.de\/magazin\/einblick-in-die-ausbildung-zum-fremdpsrachenkorrespondenten\/\"]}]},{\"@type\":\"ImageObject\",\"inLanguage\":\"de\",\"@id\":\"https:\/\/www.euroakademie.de\/magazin\/einblick-in-die-ausbildung-zum-fremdpsrachenkorrespondenten\/#primaryimage\",\"url\":\"https:\/\/www.euroakademie.de\/magazin\/wp-content\/uploads\/2016\/08\/42-32181986_702x336-web.jpg\",\"contentUrl\":\"https:\/\/www.euroakademie.de\/magazin\/wp-content\/uploads\/2016\/08\/42-32181986_702x336-web.jpg\",\"width\":702,\"height\":336,\"caption\":\"\"},{\"@type\":\"BreadcrumbList\",\"@id\":\"https:\/\/www.euroakademie.de\/magazin\/einblick-in-die-ausbildung-zum-fremdpsrachenkorrespondenten\/#breadcrumb\",\"itemListElement\":[{\"@type\":\"ListItem\",\"position\":1,\"name\":\"Startseite\",\"item\":\"https:\/\/www.euroakademie.de\/magazin\/\"},{\"@type\":\"ListItem\",\"position\":2,\"name\":\"Einblick in die Ausbildung zum Fremdsprachenkorrespondenten\"}]},{\"@type\":\"WebSite\",\"@id\":\"https:\/\/www.euroakademie.de\/magazin\/#website\",\"url\":\"https:\/\/www.euroakademie.de\/magazin\/\",\"name\":\"Das Euro Akademie Magazin\",\"description\":\"Gut informiert durch Ausbildung und Studium\",\"publisher\":{\"@id\":\"https:\/\/www.euroakademie.de\/magazin\/#organization\"},\"potentialAction\":[{\"@type\":\"SearchAction\",\"target\":{\"@type\":\"EntryPoint\",\"urlTemplate\":\"https:\/\/www.euroakademie.de\/magazin\/?s={search_term_string}\"},\"query-input\":{\"@type\":\"PropertyValueSpecification\",\"valueRequired\":true,\"valueName\":\"search_term_string\"}}],\"inLanguage\":\"de\"},{\"@type\":\"Organization\",\"@id\":\"https:\/\/www.euroakademie.de\/magazin\/#organization\",\"name\":\"ESO Education Group\",\"url\":\"https:\/\/www.euroakademie.de\/magazin\/\",\"logo\":{\"@type\":\"ImageObject\",\"inLanguage\":\"de\",\"@id\":\"https:\/\/www.euroakademie.de\/magazin\/#\/schema\/logo\/image\/\",\"url\":\"https:\/\/relaunch.euroakademie.de\/magazin\/wp-content\/uploads\/2024\/11\/Logo_EA_negativ_Rahmen_5cm_300dpi_RGB.jpg\",\"contentUrl\":\"https:\/\/relaunch.euroakademie.de\/magazin\/wp-content\/uploads\/2024\/11\/Logo_EA_negativ_Rahmen_5cm_300dpi_RGB.jpg\",\"width\":591,\"height\":236,\"caption\":\"ESO Education Group\"},\"image\":{\"@id\":\"https:\/\/www.euroakademie.de\/magazin\/#\/schema\/logo\/image\/\"}},{\"@type\":\"Person\",\"@id\":\"https:\/\/www.euroakademie.de\/magazin\/#\/schema\/person\/88061163260e860aeebdcfa336a1a0d7\",\"name\":\"Sch\u00fcler*innen der Euro Akademie\",\"description\":\"Unter diesem Autorennamen schildern Sch\u00fcler*innen der Euro Akademien ihre pers\u00f6nlichen Erfahrungen zum Thema Ausbildung, berichten \u00fcber Projekte, Praktika oder Veranstaltungen und geben anderen Lernenden wertvolle Tipps. Sie gehen dabei auf Fragen ein, auf die sie vor und in ihrer Ausbildungszeit selbst gern Antworten gehabt h\u00e4tten.\",\"url\":\"https:\/\/www.euroakademie.de\/magazin\/author\/schueler\/\"}]}<\/script>\n<!-- \/ Yoast SEO plugin. -->","yoast_head_json":{"title":"Einblick in die Ausbildung zum Fremdpsrachenkorrespondenten","description":"Die 30-j\u00e4hrige Martha Kling hat erst vor kurzem eine Ausbildung zumFremdsprachenkorrespondenten an der Euro Akademie Mainz begonnen \u2013 und ist begeistert.","robots":{"index":"index","follow":"follow","max-snippet":"max-snippet:-1","max-image-preview":"max-image-preview:large","max-video-preview":"max-video-preview:-1"},"canonical":"https:\/\/www.euroakademie.de\/magazin\/einblick-in-die-ausbildung-zum-fremdpsrachenkorrespondenten\/","og_locale":"de_DE","og_type":"article","og_title":"Einblick in die Ausbildung zum Fremdpsrachenkorrespondenten","og_description":"Die 30-j\u00e4hrige Martha Kling hat erst vor kurzem eine Ausbildung zumFremdsprachenkorrespondenten an der Euro Akademie Mainz begonnen \u2013 und ist begeistert.","og_url":"https:\/\/www.euroakademie.de\/magazin\/einblick-in-die-ausbildung-zum-fremdpsrachenkorrespondenten\/","og_site_name":"Das Euro Akademie Magazin","article_published_time":"2016-08-10T06:30:58+00:00","article_modified_time":"2024-11-19T09:36:14+00:00","og_image":[{"width":702,"height":336,"url":"https:\/\/www.euroakademie.de\/magazin\/wp-content\/uploads\/2016\/08\/42-32181986_702x336-web.jpg","type":"image\/jpeg"}],"author":"Sch\u00fcler*innen der Euro Akademie","twitter_card":"summary_large_image","twitter_misc":{"Verfasst von":"Sch\u00fcler*innen der Euro Akademie","Gesch\u00e4tzte Lesezeit":"1\u00a0Minute"},"schema":{"@context":"https:\/\/schema.org","@graph":[{"@type":"Article","@id":"https:\/\/www.euroakademie.de\/magazin\/einblick-in-die-ausbildung-zum-fremdpsrachenkorrespondenten\/#article","isPartOf":{"@id":"https:\/\/www.euroakademie.de\/magazin\/einblick-in-die-ausbildung-zum-fremdpsrachenkorrespondenten\/"},"author":{"name":"Sch\u00fcler*innen der Euro Akademie","@id":"https:\/\/www.euroakademie.de\/magazin\/#\/schema\/person\/88061163260e860aeebdcfa336a1a0d7"},"headline":"Einblick in die Ausbildung zum Fremdsprachenkorrespondenten","datePublished":"2016-08-10T06:30:58+00:00","dateModified":"2024-11-19T09:36:14+00:00","mainEntityOfPage":{"@id":"https:\/\/www.euroakademie.de\/magazin\/einblick-in-die-ausbildung-zum-fremdpsrachenkorrespondenten\/"},"wordCount":241,"publisher":{"@id":"https:\/\/www.euroakademie.de\/magazin\/#organization"},"image":{"@id":"https:\/\/www.euroakademie.de\/magazin\/einblick-in-die-ausbildung-zum-fremdpsrachenkorrespondenten\/#primaryimage"},"thumbnailUrl":"https:\/\/www.euroakademie.de\/magazin\/wp-content\/uploads\/2016\/08\/42-32181986_702x336-web.jpg","keywords":["Erfahrung","Fremdsprachenkorrespondent","Fremdsprachenkorrespondenz","Mainz"],"articleSection":["Fremdsprachen &amp; Internationales","Mainz","Von Sch\u00fclern f\u00fcr Sch\u00fcler"],"inLanguage":"de"},{"@type":"WebPage","@id":"https:\/\/www.euroakademie.de\/magazin\/einblick-in-die-ausbildung-zum-fremdpsrachenkorrespondenten\/","url":"https:\/\/www.euroakademie.de\/magazin\/einblick-in-die-ausbildung-zum-fremdpsrachenkorrespondenten\/","name":"Einblick in die Ausbildung zum Fremdpsrachenkorrespondenten","isPartOf":{"@id":"https:\/\/www.euroakademie.de\/magazin\/#website"},"primaryImageOfPage":{"@id":"https:\/\/www.euroakademie.de\/magazin\/einblick-in-die-ausbildung-zum-fremdpsrachenkorrespondenten\/#primaryimage"},"image":{"@id":"https:\/\/www.euroakademie.de\/magazin\/einblick-in-die-ausbildung-zum-fremdpsrachenkorrespondenten\/#primaryimage"},"thumbnailUrl":"https:\/\/www.euroakademie.de\/magazin\/wp-content\/uploads\/2016\/08\/42-32181986_702x336-web.jpg","datePublished":"2016-08-10T06:30:58+00:00","dateModified":"2024-11-19T09:36:14+00:00","description":"Die 30-j\u00e4hrige Martha Kling hat erst vor kurzem eine Ausbildung zumFremdsprachenkorrespondenten an der Euro Akademie Mainz begonnen \u2013 und ist begeistert.","breadcrumb":{"@id":"https:\/\/www.euroakademie.de\/magazin\/einblick-in-die-ausbildung-zum-fremdpsrachenkorrespondenten\/#breadcrumb"},"inLanguage":"de","potentialAction":[{"@type":"ReadAction","target":["https:\/\/www.euroakademie.de\/magazin\/einblick-in-die-ausbildung-zum-fremdpsrachenkorrespondenten\/"]}]},{"@type":"ImageObject","inLanguage":"de","@id":"https:\/\/www.euroakademie.de\/magazin\/einblick-in-die-ausbildung-zum-fremdpsrachenkorrespondenten\/#primaryimage","url":"https:\/\/www.euroakademie.de\/magazin\/wp-content\/uploads\/2016\/08\/42-32181986_702x336-web.jpg","contentUrl":"https:\/\/www.euroakademie.de\/magazin\/wp-content\/uploads\/2016\/08\/42-32181986_702x336-web.jpg","width":702,"height":336,"caption":""},{"@type":"BreadcrumbList","@id":"https:\/\/www.euroakademie.de\/magazin\/einblick-in-die-ausbildung-zum-fremdpsrachenkorrespondenten\/#breadcrumb","itemListElement":[{"@type":"ListItem","position":1,"name":"Startseite","item":"https:\/\/www.euroakademie.de\/magazin\/"},{"@type":"ListItem","position":2,"name":"Einblick in die Ausbildung zum Fremdsprachenkorrespondenten"}]},{"@type":"WebSite","@id":"https:\/\/www.euroakademie.de\/magazin\/#website","url":"https:\/\/www.euroakademie.de\/magazin\/","name":"Das Euro Akademie Magazin","description":"Gut informiert durch Ausbildung und Studium","publisher":{"@id":"https:\/\/www.euroakademie.de\/magazin\/#organization"},"potentialAction":[{"@type":"SearchAction","target":{"@type":"EntryPoint","urlTemplate":"https:\/\/www.euroakademie.de\/magazin\/?s={search_term_string}"},"query-input":{"@type":"PropertyValueSpecification","valueRequired":true,"valueName":"search_term_string"}}],"inLanguage":"de"},{"@type":"Organization","@id":"https:\/\/www.euroakademie.de\/magazin\/#organization","name":"ESO Education Group","url":"https:\/\/www.euroakademie.de\/magazin\/","logo":{"@type":"ImageObject","inLanguage":"de","@id":"https:\/\/www.euroakademie.de\/magazin\/#\/schema\/logo\/image\/","url":"https:\/\/relaunch.euroakademie.de\/magazin\/wp-content\/uploads\/2024\/11\/Logo_EA_negativ_Rahmen_5cm_300dpi_RGB.jpg","contentUrl":"https:\/\/relaunch.euroakademie.de\/magazin\/wp-content\/uploads\/2024\/11\/Logo_EA_negativ_Rahmen_5cm_300dpi_RGB.jpg","width":591,"height":236,"caption":"ESO Education Group"},"image":{"@id":"https:\/\/www.euroakademie.de\/magazin\/#\/schema\/logo\/image\/"}},{"@type":"Person","@id":"https:\/\/www.euroakademie.de\/magazin\/#\/schema\/person\/88061163260e860aeebdcfa336a1a0d7","name":"Sch\u00fcler*innen der Euro Akademie","description":"Unter diesem Autorennamen schildern Sch\u00fcler*innen der Euro Akademien ihre pers\u00f6nlichen Erfahrungen zum Thema Ausbildung, berichten \u00fcber Projekte, Praktika oder Veranstaltungen und geben anderen Lernenden wertvolle Tipps. Sie gehen dabei auf Fragen ein, auf die sie vor und in ihrer Ausbildungszeit selbst gern Antworten gehabt h\u00e4tten.","url":"https:\/\/www.euroakademie.de\/magazin\/author\/schueler\/"}]}},"_links":{"self":[{"href":"https:\/\/www.euroakademie.de\/magazin\/wp-json\/wp\/v2\/posts\/4430","targetHints":{"allow":["GET"]}}],"collection":[{"href":"https:\/\/www.euroakademie.de\/magazin\/wp-json\/wp\/v2\/posts"}],"about":[{"href":"https:\/\/www.euroakademie.de\/magazin\/wp-json\/wp\/v2\/types\/post"}],"author":[{"embeddable":true,"href":"https:\/\/www.euroakademie.de\/magazin\/wp-json\/wp\/v2\/users\/25"}],"replies":[{"embeddable":true,"href":"https:\/\/www.euroakademie.de\/magazin\/wp-json\/wp\/v2\/comments?post=4430"}],"version-history":[{"count":1,"href":"https:\/\/www.euroakademie.de\/magazin\/wp-json\/wp\/v2\/posts\/4430\/revisions"}],"predecessor-version":[{"id":23250,"href":"https:\/\/www.euroakademie.de\/magazin\/wp-json\/wp\/v2\/posts\/4430\/revisions\/23250"}],"wp:featuredmedia":[{"embeddable":true,"href":"https:\/\/www.euroakademie.de\/magazin\/wp-json\/wp\/v2\/media\/4432"}],"wp:attachment":[{"href":"https:\/\/www.euroakademie.de\/magazin\/wp-json\/wp\/v2\/media?parent=4430"}],"wp:term":[{"taxonomy":"category","embeddable":true,"href":"https:\/\/www.euroakademie.de\/magazin\/wp-json\/wp\/v2\/categories?post=4430"},{"taxonomy":"post_tag","embeddable":true,"href":"https:\/\/www.euroakademie.de\/magazin\/wp-json\/wp\/v2\/tags?post=4430"}],"curies":[{"name":"wp","href":"https:\/\/api.w.org\/{rel}","templated":true}]}}