{"id":4479,"date":"2016-08-19T08:30:08","date_gmt":"2016-08-19T06:30:08","guid":{"rendered":"https:\/\/www.euroakademie.de\/magazin\/?p=4479"},"modified":"2016-08-19T08:30:08","modified_gmt":"2016-08-19T06:30:08","slug":"sommer-dresscode-im-office","status":"publish","type":"post","link":"https:\/\/www.euroakademie.de\/magazin\/sommer-dresscode-im-office\/","title":{"rendered":"Sommer-Dresscode im Office"},"content":{"rendered":"<p>\t\t\t\t<![CDATA[<strong>Kaum ist der Sommer da, verwandeln sich B\u00fcros, ohne Klimaanlagen, nicht selten in Saunen. Da stellt sich vielen Damen die Frage: Was ziehe ich an ins B\u00fcro? Flip-Flops, kurze Hosen und Tops geh\u00f6ren sicher nicht dazu.<\/strong>\n\nSind Seidenstr\u00fcmpfe bei 30 Grad im B\u00fcro erforderlich? Viele Kolleginnen im B\u00fcro reagieren meistens erstaunt: Gewiss keine Strumpfhosen, da schwitzt man doch noch mehr, ist die g\u00e4ngige Meinung. Weit gefehlt: Zum einen geh\u00f6rt zur korrekten Bekleidung im Business immer eine Strumpfhose dazu, zum anderen ist es tats\u00e4chlich so, dass die Strumpfhose gerade bei hohen Temperaturen ein angenehmes Gef\u00fchl zwischen Kleid und Haut hinterl\u00e4sst. Und man schwitzt tats\u00e4chlich weniger.\n\n\n<h2>Durch den passenden Kleidungsstil Professionalit\u00e4t zeigen<\/h2>\n\n\nSicherlich ist der Dresscode in konservativen Branchen wie Unternehmensberatungen, Banken, Anwaltskanzleien, \u00c4mtern und Versicherungen strikter als in kreativen Branchen ohne offizielle Kleidervorschriften. Egal, ob Sie in einem konservativen Unternehmen oder in einer Branche arbeiten, in der der Dresscode eher unkonventionell ist, Ihre Professionalit\u00e4t und Seriosit\u00e4t spiegelt sich in Ihrer Kleidung wieder. Als Assistentin haben Sie immer Vorbildfunktion. Repr\u00e4sentieren Sie ihr Unternehmen auch nach au\u00dfen, umso wichtiger ist es auf Ihre Bekleidung zu achten.\n\n\n<h2>Was geht und was geht gar nicht?<\/h2>\n\n\nIn welche Fettn\u00e4pfchen Sie bei der Auswahl Ihrer Sommer-Kleiderordnung im Office treten k\u00f6nnen, erfahren Sie gleich hier:\n\n\n<h3>\u2022\u00a0\u00a0\u00a0 No-Go: Flip-Flops<\/h3>\n\n\nIm Sommer sind nicht alle Arten von offenen Schuhen gern gesehen. Die Schuhe sollten vorne immer geschlossen sein. Slingpumps zum Rock sind in Ordnung. Peeptoes, also vorne offene Schuhe geh\u00f6ren nicht ins B\u00fcro. Ebenso wenig wie Flip-Flops, Plateauabs\u00e4tze oder barfu\u00df in Sandalen. Wichtig ist, dass die Schuhe gepflegt, d.h. geputzt und ohne abgelaufene Sohlen sind. Alles andere w\u00fcrde Ihr komplettes Erscheinungsbild zerst\u00f6ren.\n\n\n<h3>\u2022\u00a0\u00a0 \u00a0Schmuck: Weniger ist mehr!<\/h3>\n\n\nTragen Sie nicht zu viele auff\u00e4llige Schmuckst\u00fccke. Gro\u00dfe Ohrringe, dicke Ketten, unz\u00e4hlige Ringe und Armb\u00e4nder mit \u201eBling-Bling-Effekt\u201c erinnern eher an einen geschm\u00fcckten Weihnachtsbaum. Hier kommt das Sprichwort \u201eWeniger ist mehr\u201c zum Einsatz. Beschr\u00e4nken Sie sich auf maximal vier Schmuckst\u00fccke. Vermeiden Sie lange Geh\u00e4nge bei Ohrringen und konzentrieren Sie sich auf schlichten Schmuck und eine edle Armbanduhr. Auf Accessoires brauchen Sie nicht zu verzichten. Sie unterstreichen ihr Outfit und runden Ihr Erscheinungsbild ab. Dennoch sollte man darauf achten, dass die Accessoires aufeinander abgestimmt sind. Dazu z\u00e4hlen Schuhe, G\u00fcrtel, Uhr, Schmuck, Sonnenbrille und Handtasche.\n\n\n<h3>\u2022\u00a0\u00a0 \u00a0Ein gepflegtes \u00c4u\u00dferes als pers\u00f6nliche Visitenkarte<\/h3>\n\n\nSie sollten immer Wert auf ein gepflegtes \u00c4u\u00dferes legen. Die ersten drei Sekunden entscheiden \u00fcber Ihren positiven Eindruck bei anderen Menschen. Fettige Haare, unsch\u00f6ne ungef\u00e4rbte Haarans\u00e4tze, zu lange und zu auff\u00e4llig lackierte Fingern\u00e4gel, ungepflegte F\u00fc\u00dfe, zu viel Parf\u00fcm und zu auff\u00e4lliges Make-up sollten Sie vermeiden. Auff\u00e4llige Tattoos und Piercings sollten Sie im Beruf nicht offiziell zur Schau tragen.\n\n\n<h3>\u2022\u00a0\u00a0 \u00a0Seri\u00f6s statt sexy<\/h3>\n\n\nAchten Sie darauf, dass Sie kein zu tiefes Dekollet\u00e9 zeigen. Nat\u00fcrlich d\u00fcrfen wir Damen unsere Attraktivit\u00e4t betonen, dennoch k\u00f6nnen zu tiefe Einblicke, m\u00f6glicherweise auf die Unterw\u00e4sche, keinen besonders guten Eindruck hinterlassen. Kleider mit Spaghettitr\u00e4gern und zu kurze R\u00f6cke haben im Business Dresscode nichts zu suchen. Tragen Sie lieber Etuikleider oder Kleider mit \u00c4rmeln, die Ihre Schultern bedecken. Das Kleid oder der Rock darf nicht k\u00fcrzer als eine Handbreit \u00fcber den Knien sein. Alles andere ist unseri\u00f6s. \u2028\u2028Vermeiden Sie zu starke Muster und kr\u00e4ftige Farben. Unifarbene Modelle (Blau, Taupe, Ros\u00e9, Beige, Grau etc.) wirken besonders seri\u00f6s und sommerlich. Vermeiden Sie auch transparente Kleidungsst\u00fccke sowie enge H\u00fcft-Jeans-Hosen. Was Sie drunter tragen, sollte auf keinen Fall zu sehen sein. Ziehen Sie bei transparenten Blusen immer ein Top darunter. Wichtig ist ebenfalls, dass Ihnen Ihre Kleidung auch passt. Eine zu enge Bluse oder eine zu enge Hose, wo alle Details sichtbar werden, sind nicht immer vorteilhaft. Schlie\u00dflich wollen Sie ernst genommen werden. Denken Sie immer daran: Sie gehen ins B\u00fcro und nicht zu einer Party.\n\n\n<h3>\u2022\u00a0\u00a0 \u00a0Auf gute Qualit\u00e4t achten<\/h3>\n\n\nInvestieren Sie in gute Kleidungsst\u00fccke. Das hei\u00dft, Kleider mit guter Stoffqualit\u00e4t. Hochwertige Baumwolle, Leinen oder Seide eigenen sich besonders gut f\u00fcr den Sommer. Die Stoffe flie\u00dfen auf der Haut und geben ein angenehmes Tragegef\u00fchl. Lassen Sie Kleidungsst\u00fccke mit Polyester oder Synthetik lieber sein. In diesen Kleidungsst\u00fccken schwitzt man noch mehr und entwickelt vielleicht auch unangenehme Ger\u00fcche. Hauchd\u00fcnne Nylon-Sommerstrumpfhosen oder Str\u00fcmpfe, die fast unsichtbar sind, sollten beim Sommer-Dresscode nicht fehlen. Nackte Beine sind immer tabu! Ohne Str\u00fcmpfe laufen Sie auch Gefahr, sich in den geschlossenen Schuhen Blasen zu laufen. Und das ist schlussendlich sehr unangenehm und schmerzhaft.\n\nDenken Sie daran, Kleidung ist Kommunikation. Durch die Wahl Ihres Outfits beeinflussen Sie, wie Sie bei anderen wahrgenommen werden.\n\n<strong>Das k\u00f6nnte Sie auch interessieren:<\/strong>\n<a href=\"https:\/\/www.euroakademie.de\/magazin\/bewusst-selbstbewusst-sein-selbstsicherheit-kann-man-trainieren\/\">Bewusst selbstbewusst sein \u2013 Selbstsicherheit kann man trainieren<\/a>\n<a href=\"https:\/\/www.euroakademie.de\/magazin\/urlaubsvorbereitung-im-buero\/\">Urlaubsvorbereitung im B\u00fcro \u2013 ohne Stress in die Ferien<\/a>\n<a href=\"https:\/\/www.euroakademie.de\/magazin\/mit-der-richtigen-kleidung-ins-bewerbungsgespraech\/\">Mit der richtigen Kleidung ins Bewerbungsgespr\u00e4ch<\/a>]]>\t\t<\/p>\n","protected":false},"excerpt":{"rendered":"<p>\t\t\t\t<![CDATA[]]>\t\t<\/p>\n","protected":false},"author":22,"featured_media":6914,"comment_status":"closed","ping_status":"closed","sticky":false,"template":"","format":"standard","meta":{"footnotes":""},"categories":[127,133],"tags":[1705,2191,4615,5368,7576],"class_list":{"0":"post-4479","1":"post","2":"type-post","3":"status-publish","4":"format-standard","5":"has-post-thumbnail","7":"category-karriere","8":"category-kolumne","9":"tag-buero","10":"tag-dresscode","11":"tag-kleidung","12":"tag-look","13":"tag-sommer"},"yoast_head":"<!-- This site is optimized with the Yoast SEO plugin v23.5 - https:\/\/yoast.com\/wordpress\/plugins\/seo\/ -->\n<title>Sommer-Dresscode im Office \u2013 Der richtige Look f\u00fcrs B\u00fcro<\/title>\n<meta name=\"description\" content=\"Kaum ist der Sommer da, verwandeln sich B\u00fcros nicht selten in Saunen. Da stellt sich vielen Damen die Frage: Was ziehe ich an? Was ist der Dresscode?\" \/>\n<meta name=\"robots\" content=\"index, follow, max-snippet:-1, max-image-preview:large, max-video-preview:-1\" \/>\n<link rel=\"canonical\" href=\"https:\/\/www.euroakademie.de\/magazin\/sommer-dresscode-im-office\/\" \/>\n<meta property=\"og:locale\" content=\"de_DE\" \/>\n<meta property=\"og:type\" content=\"article\" \/>\n<meta property=\"og:title\" content=\"Sommer-Dresscode im Office \u2013 Der richtige Look f\u00fcrs B\u00fcro\" \/>\n<meta property=\"og:description\" content=\"Kaum ist der Sommer da, verwandeln sich B\u00fcros nicht selten in Saunen. Da stellt sich vielen Damen die Frage: Was ziehe ich an? Was ist der Dresscode?\" \/>\n<meta property=\"og:url\" content=\"https:\/\/www.euroakademie.de\/magazin\/sommer-dresscode-im-office\/\" \/>\n<meta property=\"og:site_name\" content=\"Das Euro Akademie Magazin\" \/>\n<meta property=\"article:published_time\" content=\"2016-08-19T06:30:08+00:00\" \/>\n<meta property=\"og:image\" content=\"https:\/\/www.euroakademie.de\/magazin\/wp-content\/uploads\/2016\/08\/shutterstock_147853409_702x336_web.jpg\" \/>\n\t<meta property=\"og:image:width\" content=\"702\" \/>\n\t<meta property=\"og:image:height\" content=\"336\" \/>\n\t<meta property=\"og:image:type\" content=\"image\/jpeg\" \/>\n<meta name=\"author\" content=\"Enisa Romanic\" \/>\n<meta name=\"twitter:card\" content=\"summary_large_image\" \/>\n<meta name=\"twitter:label1\" content=\"Verfasst von\" \/>\n\t<meta name=\"twitter:data1\" content=\"Enisa Romanic\" \/>\n\t<meta name=\"twitter:label2\" content=\"Gesch\u00e4tzte Lesezeit\" \/>\n\t<meta name=\"twitter:data2\" content=\"4\u00a0Minuten\" \/>\n<script type=\"application\/ld+json\" class=\"yoast-schema-graph\">{\"@context\":\"https:\/\/schema.org\",\"@graph\":[{\"@type\":\"Article\",\"@id\":\"https:\/\/www.euroakademie.de\/magazin\/sommer-dresscode-im-office\/#article\",\"isPartOf\":{\"@id\":\"https:\/\/www.euroakademie.de\/magazin\/sommer-dresscode-im-office\/\"},\"author\":{\"name\":\"Enisa Romanic\",\"@id\":\"https:\/\/www.euroakademie.de\/magazin\/#\/schema\/person\/9dccbbd106e796477abd5793b4e35386\"},\"headline\":\"Sommer-Dresscode im Office\",\"datePublished\":\"2016-08-19T06:30:08+00:00\",\"dateModified\":\"2016-08-19T06:30:08+00:00\",\"mainEntityOfPage\":{\"@id\":\"https:\/\/www.euroakademie.de\/magazin\/sommer-dresscode-im-office\/\"},\"wordCount\":833,\"publisher\":{\"@id\":\"https:\/\/www.euroakademie.de\/magazin\/#organization\"},\"image\":{\"@id\":\"https:\/\/www.euroakademie.de\/magazin\/sommer-dresscode-im-office\/#primaryimage\"},\"thumbnailUrl\":\"https:\/\/www.euroakademie.de\/magazin\/wp-content\/uploads\/2016\/08\/shutterstock_147853409_702x336_web.jpg\",\"keywords\":[\"B\u00fcro\",\"Dresscode\",\"Kleidung\",\"Look\",\"Sommer\"],\"articleSection\":[\"Karriere\",\"Kolumne\"],\"inLanguage\":\"de\"},{\"@type\":\"WebPage\",\"@id\":\"https:\/\/www.euroakademie.de\/magazin\/sommer-dresscode-im-office\/\",\"url\":\"https:\/\/www.euroakademie.de\/magazin\/sommer-dresscode-im-office\/\",\"name\":\"Sommer-Dresscode im Office \u2013 Der richtige Look f\u00fcrs B\u00fcro\",\"isPartOf\":{\"@id\":\"https:\/\/www.euroakademie.de\/magazin\/#website\"},\"primaryImageOfPage\":{\"@id\":\"https:\/\/www.euroakademie.de\/magazin\/sommer-dresscode-im-office\/#primaryimage\"},\"image\":{\"@id\":\"https:\/\/www.euroakademie.de\/magazin\/sommer-dresscode-im-office\/#primaryimage\"},\"thumbnailUrl\":\"https:\/\/www.euroakademie.de\/magazin\/wp-content\/uploads\/2016\/08\/shutterstock_147853409_702x336_web.jpg\",\"datePublished\":\"2016-08-19T06:30:08+00:00\",\"dateModified\":\"2016-08-19T06:30:08+00:00\",\"description\":\"Kaum ist der Sommer da, verwandeln sich B\u00fcros nicht selten in Saunen. Da stellt sich vielen Damen die Frage: Was ziehe ich an? Was ist der Dresscode?\",\"breadcrumb\":{\"@id\":\"https:\/\/www.euroakademie.de\/magazin\/sommer-dresscode-im-office\/#breadcrumb\"},\"inLanguage\":\"de\",\"potentialAction\":[{\"@type\":\"ReadAction\",\"target\":[\"https:\/\/www.euroakademie.de\/magazin\/sommer-dresscode-im-office\/\"]}]},{\"@type\":\"ImageObject\",\"inLanguage\":\"de\",\"@id\":\"https:\/\/www.euroakademie.de\/magazin\/sommer-dresscode-im-office\/#primaryimage\",\"url\":\"https:\/\/www.euroakademie.de\/magazin\/wp-content\/uploads\/2016\/08\/shutterstock_147853409_702x336_web.jpg\",\"contentUrl\":\"https:\/\/www.euroakademie.de\/magazin\/wp-content\/uploads\/2016\/08\/shutterstock_147853409_702x336_web.jpg\",\"width\":702,\"height\":336,\"caption\":\"\"},{\"@type\":\"BreadcrumbList\",\"@id\":\"https:\/\/www.euroakademie.de\/magazin\/sommer-dresscode-im-office\/#breadcrumb\",\"itemListElement\":[{\"@type\":\"ListItem\",\"position\":1,\"name\":\"Startseite\",\"item\":\"https:\/\/www.euroakademie.de\/magazin\/\"},{\"@type\":\"ListItem\",\"position\":2,\"name\":\"Sommer-Dresscode im Office\"}]},{\"@type\":\"WebSite\",\"@id\":\"https:\/\/www.euroakademie.de\/magazin\/#website\",\"url\":\"https:\/\/www.euroakademie.de\/magazin\/\",\"name\":\"Das Euro Akademie Magazin\",\"description\":\"Gut informiert durch Ausbildung und Studium\",\"publisher\":{\"@id\":\"https:\/\/www.euroakademie.de\/magazin\/#organization\"},\"potentialAction\":[{\"@type\":\"SearchAction\",\"target\":{\"@type\":\"EntryPoint\",\"urlTemplate\":\"https:\/\/www.euroakademie.de\/magazin\/?s={search_term_string}\"},\"query-input\":{\"@type\":\"PropertyValueSpecification\",\"valueRequired\":true,\"valueName\":\"search_term_string\"}}],\"inLanguage\":\"de\"},{\"@type\":\"Organization\",\"@id\":\"https:\/\/www.euroakademie.de\/magazin\/#organization\",\"name\":\"ESO Education Group\",\"url\":\"https:\/\/www.euroakademie.de\/magazin\/\",\"logo\":{\"@type\":\"ImageObject\",\"inLanguage\":\"de\",\"@id\":\"https:\/\/www.euroakademie.de\/magazin\/#\/schema\/logo\/image\/\",\"url\":\"https:\/\/relaunch.euroakademie.de\/magazin\/wp-content\/uploads\/2024\/11\/Logo_EA_negativ_Rahmen_5cm_300dpi_RGB.jpg\",\"contentUrl\":\"https:\/\/relaunch.euroakademie.de\/magazin\/wp-content\/uploads\/2024\/11\/Logo_EA_negativ_Rahmen_5cm_300dpi_RGB.jpg\",\"width\":591,\"height\":236,\"caption\":\"ESO Education Group\"},\"image\":{\"@id\":\"https:\/\/www.euroakademie.de\/magazin\/#\/schema\/logo\/image\/\"}},{\"@type\":\"Person\",\"@id\":\"https:\/\/www.euroakademie.de\/magazin\/#\/schema\/person\/9dccbbd106e796477abd5793b4e35386\",\"name\":\"Enisa Romanic\",\"description\":\"Enisa Romanic ist Trainerin und bietet unter B\u00fcrotrainingplus Seminare zum Office Management. Sie spricht Englisch, Franz\u00f6sisch, Spanisch, Serbisch und Kroatisch und blickt neben ihrem Studium als \\\"International Management Assistant\\\" an der AMA (Euro Akademie Lippstadt) auf zahlreiche Aus- und Weiterbildungen zur\u00fcck. F\u00fcr das Euro Akademie Magazin schrieb sie Kolumnen aus ihrer Berufspraxis als Assistentin in unterschiedlichsten Branchen und Unternehmensbereichen.\",\"url\":\"https:\/\/www.euroakademie.de\/magazin\/author\/enisa-romanic\/\"}]}<\/script>\n<!-- \/ Yoast SEO plugin. -->","yoast_head_json":{"title":"Sommer-Dresscode im Office \u2013 Der richtige Look f\u00fcrs B\u00fcro","description":"Kaum ist der Sommer da, verwandeln sich B\u00fcros nicht selten in Saunen. Da stellt sich vielen Damen die Frage: Was ziehe ich an? Was ist der Dresscode?","robots":{"index":"index","follow":"follow","max-snippet":"max-snippet:-1","max-image-preview":"max-image-preview:large","max-video-preview":"max-video-preview:-1"},"canonical":"https:\/\/www.euroakademie.de\/magazin\/sommer-dresscode-im-office\/","og_locale":"de_DE","og_type":"article","og_title":"Sommer-Dresscode im Office \u2013 Der richtige Look f\u00fcrs B\u00fcro","og_description":"Kaum ist der Sommer da, verwandeln sich B\u00fcros nicht selten in Saunen. Da stellt sich vielen Damen die Frage: Was ziehe ich an? Was ist der Dresscode?","og_url":"https:\/\/www.euroakademie.de\/magazin\/sommer-dresscode-im-office\/","og_site_name":"Das Euro Akademie Magazin","article_published_time":"2016-08-19T06:30:08+00:00","og_image":[{"width":702,"height":336,"url":"https:\/\/www.euroakademie.de\/magazin\/wp-content\/uploads\/2016\/08\/shutterstock_147853409_702x336_web.jpg","type":"image\/jpeg"}],"author":"Enisa Romanic","twitter_card":"summary_large_image","twitter_misc":{"Verfasst von":"Enisa Romanic","Gesch\u00e4tzte Lesezeit":"4\u00a0Minuten"},"schema":{"@context":"https:\/\/schema.org","@graph":[{"@type":"Article","@id":"https:\/\/www.euroakademie.de\/magazin\/sommer-dresscode-im-office\/#article","isPartOf":{"@id":"https:\/\/www.euroakademie.de\/magazin\/sommer-dresscode-im-office\/"},"author":{"name":"Enisa Romanic","@id":"https:\/\/www.euroakademie.de\/magazin\/#\/schema\/person\/9dccbbd106e796477abd5793b4e35386"},"headline":"Sommer-Dresscode im Office","datePublished":"2016-08-19T06:30:08+00:00","dateModified":"2016-08-19T06:30:08+00:00","mainEntityOfPage":{"@id":"https:\/\/www.euroakademie.de\/magazin\/sommer-dresscode-im-office\/"},"wordCount":833,"publisher":{"@id":"https:\/\/www.euroakademie.de\/magazin\/#organization"},"image":{"@id":"https:\/\/www.euroakademie.de\/magazin\/sommer-dresscode-im-office\/#primaryimage"},"thumbnailUrl":"https:\/\/www.euroakademie.de\/magazin\/wp-content\/uploads\/2016\/08\/shutterstock_147853409_702x336_web.jpg","keywords":["B\u00fcro","Dresscode","Kleidung","Look","Sommer"],"articleSection":["Karriere","Kolumne"],"inLanguage":"de"},{"@type":"WebPage","@id":"https:\/\/www.euroakademie.de\/magazin\/sommer-dresscode-im-office\/","url":"https:\/\/www.euroakademie.de\/magazin\/sommer-dresscode-im-office\/","name":"Sommer-Dresscode im Office \u2013 Der richtige Look f\u00fcrs B\u00fcro","isPartOf":{"@id":"https:\/\/www.euroakademie.de\/magazin\/#website"},"primaryImageOfPage":{"@id":"https:\/\/www.euroakademie.de\/magazin\/sommer-dresscode-im-office\/#primaryimage"},"image":{"@id":"https:\/\/www.euroakademie.de\/magazin\/sommer-dresscode-im-office\/#primaryimage"},"thumbnailUrl":"https:\/\/www.euroakademie.de\/magazin\/wp-content\/uploads\/2016\/08\/shutterstock_147853409_702x336_web.jpg","datePublished":"2016-08-19T06:30:08+00:00","dateModified":"2016-08-19T06:30:08+00:00","description":"Kaum ist der Sommer da, verwandeln sich B\u00fcros nicht selten in Saunen. Da stellt sich vielen Damen die Frage: Was ziehe ich an? Was ist der Dresscode?","breadcrumb":{"@id":"https:\/\/www.euroakademie.de\/magazin\/sommer-dresscode-im-office\/#breadcrumb"},"inLanguage":"de","potentialAction":[{"@type":"ReadAction","target":["https:\/\/www.euroakademie.de\/magazin\/sommer-dresscode-im-office\/"]}]},{"@type":"ImageObject","inLanguage":"de","@id":"https:\/\/www.euroakademie.de\/magazin\/sommer-dresscode-im-office\/#primaryimage","url":"https:\/\/www.euroakademie.de\/magazin\/wp-content\/uploads\/2016\/08\/shutterstock_147853409_702x336_web.jpg","contentUrl":"https:\/\/www.euroakademie.de\/magazin\/wp-content\/uploads\/2016\/08\/shutterstock_147853409_702x336_web.jpg","width":702,"height":336,"caption":""},{"@type":"BreadcrumbList","@id":"https:\/\/www.euroakademie.de\/magazin\/sommer-dresscode-im-office\/#breadcrumb","itemListElement":[{"@type":"ListItem","position":1,"name":"Startseite","item":"https:\/\/www.euroakademie.de\/magazin\/"},{"@type":"ListItem","position":2,"name":"Sommer-Dresscode im Office"}]},{"@type":"WebSite","@id":"https:\/\/www.euroakademie.de\/magazin\/#website","url":"https:\/\/www.euroakademie.de\/magazin\/","name":"Das Euro Akademie Magazin","description":"Gut informiert durch Ausbildung und Studium","publisher":{"@id":"https:\/\/www.euroakademie.de\/magazin\/#organization"},"potentialAction":[{"@type":"SearchAction","target":{"@type":"EntryPoint","urlTemplate":"https:\/\/www.euroakademie.de\/magazin\/?s={search_term_string}"},"query-input":{"@type":"PropertyValueSpecification","valueRequired":true,"valueName":"search_term_string"}}],"inLanguage":"de"},{"@type":"Organization","@id":"https:\/\/www.euroakademie.de\/magazin\/#organization","name":"ESO Education Group","url":"https:\/\/www.euroakademie.de\/magazin\/","logo":{"@type":"ImageObject","inLanguage":"de","@id":"https:\/\/www.euroakademie.de\/magazin\/#\/schema\/logo\/image\/","url":"https:\/\/relaunch.euroakademie.de\/magazin\/wp-content\/uploads\/2024\/11\/Logo_EA_negativ_Rahmen_5cm_300dpi_RGB.jpg","contentUrl":"https:\/\/relaunch.euroakademie.de\/magazin\/wp-content\/uploads\/2024\/11\/Logo_EA_negativ_Rahmen_5cm_300dpi_RGB.jpg","width":591,"height":236,"caption":"ESO Education Group"},"image":{"@id":"https:\/\/www.euroakademie.de\/magazin\/#\/schema\/logo\/image\/"}},{"@type":"Person","@id":"https:\/\/www.euroakademie.de\/magazin\/#\/schema\/person\/9dccbbd106e796477abd5793b4e35386","name":"Enisa Romanic","description":"Enisa Romanic ist Trainerin und bietet unter B\u00fcrotrainingplus Seminare zum Office Management. Sie spricht Englisch, Franz\u00f6sisch, Spanisch, Serbisch und Kroatisch und blickt neben ihrem Studium als \"International Management Assistant\" an der AMA (Euro Akademie Lippstadt) auf zahlreiche Aus- und Weiterbildungen zur\u00fcck. F\u00fcr das Euro Akademie Magazin schrieb sie Kolumnen aus ihrer Berufspraxis als Assistentin in unterschiedlichsten Branchen und Unternehmensbereichen.","url":"https:\/\/www.euroakademie.de\/magazin\/author\/enisa-romanic\/"}]}},"_links":{"self":[{"href":"https:\/\/www.euroakademie.de\/magazin\/wp-json\/wp\/v2\/posts\/4479","targetHints":{"allow":["GET"]}}],"collection":[{"href":"https:\/\/www.euroakademie.de\/magazin\/wp-json\/wp\/v2\/posts"}],"about":[{"href":"https:\/\/www.euroakademie.de\/magazin\/wp-json\/wp\/v2\/types\/post"}],"author":[{"embeddable":true,"href":"https:\/\/www.euroakademie.de\/magazin\/wp-json\/wp\/v2\/users\/22"}],"replies":[{"embeddable":true,"href":"https:\/\/www.euroakademie.de\/magazin\/wp-json\/wp\/v2\/comments?post=4479"}],"version-history":[{"count":0,"href":"https:\/\/www.euroakademie.de\/magazin\/wp-json\/wp\/v2\/posts\/4479\/revisions"}],"wp:featuredmedia":[{"embeddable":true,"href":"https:\/\/www.euroakademie.de\/magazin\/wp-json\/wp\/v2\/media\/6914"}],"wp:attachment":[{"href":"https:\/\/www.euroakademie.de\/magazin\/wp-json\/wp\/v2\/media?parent=4479"}],"wp:term":[{"taxonomy":"category","embeddable":true,"href":"https:\/\/www.euroakademie.de\/magazin\/wp-json\/wp\/v2\/categories?post=4479"},{"taxonomy":"post_tag","embeddable":true,"href":"https:\/\/www.euroakademie.de\/magazin\/wp-json\/wp\/v2\/tags?post=4479"}],"curies":[{"name":"wp","href":"https:\/\/api.w.org\/{rel}","templated":true}]}}