{"id":4512,"date":"2016-08-31T09:17:12","date_gmt":"2016-08-31T07:17:12","guid":{"rendered":"https:\/\/www.euroakademie.de\/magazin\/?p=4512"},"modified":"2024-11-19T15:32:50","modified_gmt":"2024-11-19T14:32:50","slug":"freiwilliges-soziales-jahr","status":"publish","type":"post","link":"https:\/\/www.euroakademie.de\/magazin\/freiwilliges-soziales-jahr\/","title":{"rendered":"Das Freiwillige Soziale Jahr"},"content":{"rendered":"<p>\t\t\t\t<![CDATA[<strong>In welche Richtung geht es weiter? Welche Ziele habe ich? Was ist mir wichtig? Viele junge Menschen stehen pl\u00f6tzlich vor dem Berufsleben, wissen aber noch nicht, was sie machen wollen. Um zu wachsen, zu reifen und sich selbst zu finden, nehmen einige die Chance eines Freiwilligen Sozialen Jahres (FSJ) wahr. Was einen dort erwartet, berichtet Mariella Stroh, Auszubildende zur <a href=\"https:\/\/www.euroakademie.de\/bildungsangebote\/wirtschaft-management\">Fremdsprachenkorrespondentin<\/a> an der <a href=\"http:\/\/www.euroakademie.de\/mainz\">Euro Akademie Mainz<\/a>.<\/strong>\n\nMit diesem Bericht m\u00f6chte ich das Freiwillige Soziale Jahr in einem Krankenhaus und meine Erfahrungen mit diesem vorstellen.\n\nZun\u00e4chst einmal kann ein Freiwilliges Soziales Jahr in vielen Bereichen absolviert werden. Hauptaugenmerk bei der Wahl des Einsatzortes liegt darauf, dem Dienstleistenden die M\u00f6glichkeit zu geben, sich sozial zu engagieren und die pers\u00f6nliche Kompetenz im zwischenmenschlichen Umgang zu erweitern.\n\n\n<h2>Vorstellung des Arbeitsplatzes<\/h2>\n\n\nMein Arbeitsplatz w\u00e4hrend meiner Dienstzeit war die Station 5 des Diakonie Krankenhauses in Bad Kreuznach. Diese liegt im Zust\u00e4ndigkeitsbereich der inneren Medizin und damit \u00fcberwiegt vor allem die Behandlung \u00e4lterer Patienten. Jedes Krankenhaus teilt die einzelnen Stationen in T\u00e4tigkeitsbereiche auf, die mit Hilfe von Buchstaben kenntlich gemacht sind. Weitere Stationen des Krankenhauses, in denen ich eingesetzt war, sind Endoskopie, Coloskopie, R\u00f6ntgen sowie die Echokardiographie und das CT\\MRT.\n\n\n<h2>Aufgabenbereiche eines FSJlers<\/h2>\n\n\nAls FSJler wird man mit einer Vielzahl von Aufgaben betraut. Ein Aufgabengebiet ist die Planung der Untersuchungen und die Assistenz. Aufgrund der fehlenden Ausbildung darf die Assistenz ausschlie\u00dflich bei solchen Aufgaben w\u00e4hrend der Untersuchungen \u00fcbernommen werden, die nicht in den Bereich der \u00dcberwachung von \u00fcberlebenswichtigen Funktionen fallen.\n\nDie Patientenbetreuung geh\u00f6rt ebenfalls zu seinen Pflichten und ist mitunter die bedeutsamste T\u00e4tigkeit des Dienstleistenden. Durch den engen Zeitplan und die F\u00fclle an Arbeit, die ein ausgebildeter Krankenpfleger zu leisten hat, bleibt kaum Zeit f\u00fcr das pers\u00f6nliche Gespr\u00e4ch mit dem Patienten. Als FSJler fungiert man daher h\u00e4ufig als Ansprechpartner und Vertrauter. Mir pers\u00f6nlich ist diese Funktion besonders im Ged\u00e4chtnis verblieben, da sie mir au\u00dferordentlich viel Freude bereitet hat.\n\n\n<h2>Seminare<\/h2>\n\n\nJedes FSJ ist gesetzlich mit f\u00fcnf Bildungsfahrten verbunden. An diesen teilzunehmen ist verpflichtend. Die spezifischen Themen der Seminare variieren leicht, sind jedoch immer mit Selbsterfahrungs\u00fcbungen, Problembehandlung und dem Erlangen von Zusatzwissen verbunden. Ziel der Seminare ist es, die Teilnehmenden unterst\u00fctzend zu begleiten und die gewonnenen Erfahrungen in der Gruppe zu reflektieren, um so aus diesen einen pers\u00f6nlichen Gewinn zu ziehen.\n\n\n<h2>Probleme beim FSJ<\/h2>\n\n\nAls FSJler besteht durchaus die M\u00f6glichkeit, w\u00e4hrend der Dienstzeit auf Probleme zu sto\u00dfen. Im Krankenhaus steht vor allem die Frage der Ersatzkraft im Raum. Unterbesetzung f\u00fchrt schnell dazu, dass eine ungelernte Kraft T\u00e4tigkeiten \u00fcbernimmt, die nicht f\u00fcr diese bestimmt sind. Auch die mentale und physische Belastung sind ein Thema. Zudem ist auch das Gesundheitsrisiko zu erw\u00e4hnen, dem man ausgesetzt wird. Das Arbeiten mit hoch infekti\u00f6sen Patienten, die sich in der Isolierung befinden, ist dabei keine Ausnahme.\n\n\n<h2>Pers\u00f6nliches Fazit<\/h2>\n\n\nAbschlie\u00dfend m\u00f6chte ich sagen, dass trotz einiger Widrigkeiten klar die positiven Aspekte des FSJ \u00fcberwogen. Ich habe gelernt, mit Menschen umzugehen und die Gef\u00fchle und W\u00fcnsche anderer richtig zu deuten und zu respektieren. Auf die Frage, ob ich es noch einmal machen w\u00fcrde, kann ich nur \u00fcberzeugt mit Ja antworten. Das FSJ hat mich wachsen lassen und mir geholfen, mich in meinen pers\u00f6nlichen \u00dcberzeugungen zu festigen.\n\n<strong>Das k\u00f6nnte Sie auch interessieren:\n<\/strong>Einblick in die Ausbildung zum Fremdpsrachenkorrespondenten\n<a href=\"https:\/\/www.euroakademie.de\/magazin\/gap-year-nach-dem-abi-auslandsjahr-oder-ausbildung\/\">Gap Year nach dem Abi: Auslandsjahr oder Ausbildung?<\/a>\n<a href=\"https:\/\/www.euroakademie.de\/magazin\/ausbildung-des-monats-fremdsprachenkorrespondent\/\">Ausbildung des Monats: Fremdsprachenkorrespondent<\/a>\n\n<em>Autorin: <strong>Mariella Stroh<\/strong>, <a href=\"http:\/\/www.euroakademie.de\/mainz\">Euro Akademie Mainz<\/a><\/em>]]>\t\t<\/p>\n","protected":false},"excerpt":{"rendered":"<p>\t\t\t\t<![CDATA[]]>\t\t<\/p>\n","protected":false},"author":25,"featured_media":6901,"comment_status":"closed","ping_status":"closed","sticky":false,"template":"","format":"standard","meta":{"footnotes":""},"categories":[148,37],"tags":[799,3157,3196,3277,6172],"class_list":{"0":"post-4512","1":"post","2":"type-post","3":"status-publish","4":"format-standard","5":"has-post-thumbnail","7":"category-mainz","8":"category-von-schuelern-fuer-schueler","9":"tag-ausbildung","10":"tag-freiwilliges-soziales-jahr","11":"tag-fremdsprachenkorrespondent","12":"tag-fsj","13":"tag-orientierung"},"yoast_head":"<!-- This site is optimized with the Yoast SEO plugin v23.5 - https:\/\/yoast.com\/wordpress\/plugins\/seo\/ -->\n<title>Das Freiwillige Soziale Jahr \u2013 Ein Erfahrungsbericht<\/title>\n<meta name=\"description\" content=\"Um zu reifen und sich selbst zu finden, absolvieren einige ein Freiwilliges Soziales Jahr (FSJ). Was Sie dort erwartet, berichtet Mariella Stroh.\" \/>\n<meta name=\"robots\" content=\"index, follow, max-snippet:-1, max-image-preview:large, max-video-preview:-1\" \/>\n<link rel=\"canonical\" href=\"https:\/\/www.euroakademie.de\/magazin\/freiwilliges-soziales-jahr\/\" \/>\n<meta property=\"og:locale\" content=\"de_DE\" \/>\n<meta property=\"og:type\" content=\"article\" \/>\n<meta property=\"og:title\" content=\"Das Freiwillige Soziale Jahr \u2013 Ein Erfahrungsbericht\" \/>\n<meta property=\"og:description\" content=\"Um zu reifen und sich selbst zu finden, absolvieren einige ein Freiwilliges Soziales Jahr (FSJ). Was Sie dort erwartet, berichtet Mariella Stroh.\" \/>\n<meta property=\"og:url\" content=\"https:\/\/www.euroakademie.de\/magazin\/freiwilliges-soziales-jahr\/\" \/>\n<meta property=\"og:site_name\" content=\"Das Euro Akademie Magazin\" \/>\n<meta property=\"article:published_time\" content=\"2016-08-31T07:17:12+00:00\" \/>\n<meta property=\"article:modified_time\" content=\"2024-11-19T14:32:50+00:00\" \/>\n<meta property=\"og:image\" content=\"https:\/\/www.euroakademie.de\/magazin\/wp-content\/uploads\/2016\/08\/shutterstock_113351833_702x336_web.jpg\" \/>\n\t<meta property=\"og:image:width\" content=\"702\" \/>\n\t<meta property=\"og:image:height\" content=\"336\" \/>\n\t<meta property=\"og:image:type\" content=\"image\/jpeg\" \/>\n<meta name=\"author\" content=\"Sch\u00fcler*innen der Euro Akademie\" \/>\n<meta name=\"twitter:card\" content=\"summary_large_image\" \/>\n<meta name=\"twitter:label1\" content=\"Verfasst von\" \/>\n\t<meta name=\"twitter:data1\" content=\"Sch\u00fcler*innen der Euro Akademie\" \/>\n\t<meta name=\"twitter:label2\" content=\"Gesch\u00e4tzte Lesezeit\" \/>\n\t<meta name=\"twitter:data2\" content=\"3\u00a0Minuten\" \/>\n<script type=\"application\/ld+json\" class=\"yoast-schema-graph\">{\"@context\":\"https:\/\/schema.org\",\"@graph\":[{\"@type\":\"Article\",\"@id\":\"https:\/\/www.euroakademie.de\/magazin\/freiwilliges-soziales-jahr\/#article\",\"isPartOf\":{\"@id\":\"https:\/\/www.euroakademie.de\/magazin\/freiwilliges-soziales-jahr\/\"},\"author\":{\"name\":\"Sch\u00fcler*innen der Euro Akademie\",\"@id\":\"https:\/\/www.euroakademie.de\/magazin\/#\/schema\/person\/88061163260e860aeebdcfa336a1a0d7\"},\"headline\":\"Das Freiwillige Soziale Jahr\",\"datePublished\":\"2016-08-31T07:17:12+00:00\",\"dateModified\":\"2024-11-19T14:32:50+00:00\",\"mainEntityOfPage\":{\"@id\":\"https:\/\/www.euroakademie.de\/magazin\/freiwilliges-soziales-jahr\/\"},\"wordCount\":592,\"publisher\":{\"@id\":\"https:\/\/www.euroakademie.de\/magazin\/#organization\"},\"image\":{\"@id\":\"https:\/\/www.euroakademie.de\/magazin\/freiwilliges-soziales-jahr\/#primaryimage\"},\"thumbnailUrl\":\"https:\/\/www.euroakademie.de\/magazin\/wp-content\/uploads\/2016\/08\/shutterstock_113351833_702x336_web.jpg\",\"keywords\":[\"Ausbildung\",\"Freiwilliges Soziales Jahr\",\"Fremdsprachenkorrespondent\",\"FSJ\",\"Orientierung\"],\"articleSection\":[\"Mainz\",\"Von Sch\u00fclern f\u00fcr Sch\u00fcler\"],\"inLanguage\":\"de\"},{\"@type\":\"WebPage\",\"@id\":\"https:\/\/www.euroakademie.de\/magazin\/freiwilliges-soziales-jahr\/\",\"url\":\"https:\/\/www.euroakademie.de\/magazin\/freiwilliges-soziales-jahr\/\",\"name\":\"Das Freiwillige Soziale Jahr \u2013 Ein Erfahrungsbericht\",\"isPartOf\":{\"@id\":\"https:\/\/www.euroakademie.de\/magazin\/#website\"},\"primaryImageOfPage\":{\"@id\":\"https:\/\/www.euroakademie.de\/magazin\/freiwilliges-soziales-jahr\/#primaryimage\"},\"image\":{\"@id\":\"https:\/\/www.euroakademie.de\/magazin\/freiwilliges-soziales-jahr\/#primaryimage\"},\"thumbnailUrl\":\"https:\/\/www.euroakademie.de\/magazin\/wp-content\/uploads\/2016\/08\/shutterstock_113351833_702x336_web.jpg\",\"datePublished\":\"2016-08-31T07:17:12+00:00\",\"dateModified\":\"2024-11-19T14:32:50+00:00\",\"description\":\"Um zu reifen und sich selbst zu finden, absolvieren einige ein Freiwilliges Soziales Jahr (FSJ). Was Sie dort erwartet, berichtet Mariella Stroh.\",\"breadcrumb\":{\"@id\":\"https:\/\/www.euroakademie.de\/magazin\/freiwilliges-soziales-jahr\/#breadcrumb\"},\"inLanguage\":\"de\",\"potentialAction\":[{\"@type\":\"ReadAction\",\"target\":[\"https:\/\/www.euroakademie.de\/magazin\/freiwilliges-soziales-jahr\/\"]}]},{\"@type\":\"ImageObject\",\"inLanguage\":\"de\",\"@id\":\"https:\/\/www.euroakademie.de\/magazin\/freiwilliges-soziales-jahr\/#primaryimage\",\"url\":\"https:\/\/www.euroakademie.de\/magazin\/wp-content\/uploads\/2016\/08\/shutterstock_113351833_702x336_web.jpg\",\"contentUrl\":\"https:\/\/www.euroakademie.de\/magazin\/wp-content\/uploads\/2016\/08\/shutterstock_113351833_702x336_web.jpg\",\"width\":702,\"height\":336,\"caption\":\"\"},{\"@type\":\"BreadcrumbList\",\"@id\":\"https:\/\/www.euroakademie.de\/magazin\/freiwilliges-soziales-jahr\/#breadcrumb\",\"itemListElement\":[{\"@type\":\"ListItem\",\"position\":1,\"name\":\"Startseite\",\"item\":\"https:\/\/www.euroakademie.de\/magazin\/\"},{\"@type\":\"ListItem\",\"position\":2,\"name\":\"Das Freiwillige Soziale Jahr\"}]},{\"@type\":\"WebSite\",\"@id\":\"https:\/\/www.euroakademie.de\/magazin\/#website\",\"url\":\"https:\/\/www.euroakademie.de\/magazin\/\",\"name\":\"Das Euro Akademie Magazin\",\"description\":\"Gut informiert durch Ausbildung und Studium\",\"publisher\":{\"@id\":\"https:\/\/www.euroakademie.de\/magazin\/#organization\"},\"potentialAction\":[{\"@type\":\"SearchAction\",\"target\":{\"@type\":\"EntryPoint\",\"urlTemplate\":\"https:\/\/www.euroakademie.de\/magazin\/?s={search_term_string}\"},\"query-input\":{\"@type\":\"PropertyValueSpecification\",\"valueRequired\":true,\"valueName\":\"search_term_string\"}}],\"inLanguage\":\"de\"},{\"@type\":\"Organization\",\"@id\":\"https:\/\/www.euroakademie.de\/magazin\/#organization\",\"name\":\"ESO Education Group\",\"url\":\"https:\/\/www.euroakademie.de\/magazin\/\",\"logo\":{\"@type\":\"ImageObject\",\"inLanguage\":\"de\",\"@id\":\"https:\/\/www.euroakademie.de\/magazin\/#\/schema\/logo\/image\/\",\"url\":\"https:\/\/relaunch.euroakademie.de\/magazin\/wp-content\/uploads\/2024\/11\/Logo_EA_negativ_Rahmen_5cm_300dpi_RGB.jpg\",\"contentUrl\":\"https:\/\/relaunch.euroakademie.de\/magazin\/wp-content\/uploads\/2024\/11\/Logo_EA_negativ_Rahmen_5cm_300dpi_RGB.jpg\",\"width\":591,\"height\":236,\"caption\":\"ESO Education Group\"},\"image\":{\"@id\":\"https:\/\/www.euroakademie.de\/magazin\/#\/schema\/logo\/image\/\"}},{\"@type\":\"Person\",\"@id\":\"https:\/\/www.euroakademie.de\/magazin\/#\/schema\/person\/88061163260e860aeebdcfa336a1a0d7\",\"name\":\"Sch\u00fcler*innen der Euro Akademie\",\"description\":\"Unter diesem Autorennamen schildern Sch\u00fcler*innen der Euro Akademien ihre pers\u00f6nlichen Erfahrungen zum Thema Ausbildung, berichten \u00fcber Projekte, Praktika oder Veranstaltungen und geben anderen Lernenden wertvolle Tipps. Sie gehen dabei auf Fragen ein, auf die sie vor und in ihrer Ausbildungszeit selbst gern Antworten gehabt h\u00e4tten.\",\"url\":\"https:\/\/www.euroakademie.de\/magazin\/author\/schueler\/\"}]}<\/script>\n<!-- \/ Yoast SEO plugin. -->","yoast_head_json":{"title":"Das Freiwillige Soziale Jahr \u2013 Ein Erfahrungsbericht","description":"Um zu reifen und sich selbst zu finden, absolvieren einige ein Freiwilliges Soziales Jahr (FSJ). Was Sie dort erwartet, berichtet Mariella Stroh.","robots":{"index":"index","follow":"follow","max-snippet":"max-snippet:-1","max-image-preview":"max-image-preview:large","max-video-preview":"max-video-preview:-1"},"canonical":"https:\/\/www.euroakademie.de\/magazin\/freiwilliges-soziales-jahr\/","og_locale":"de_DE","og_type":"article","og_title":"Das Freiwillige Soziale Jahr \u2013 Ein Erfahrungsbericht","og_description":"Um zu reifen und sich selbst zu finden, absolvieren einige ein Freiwilliges Soziales Jahr (FSJ). Was Sie dort erwartet, berichtet Mariella Stroh.","og_url":"https:\/\/www.euroakademie.de\/magazin\/freiwilliges-soziales-jahr\/","og_site_name":"Das Euro Akademie Magazin","article_published_time":"2016-08-31T07:17:12+00:00","article_modified_time":"2024-11-19T14:32:50+00:00","og_image":[{"width":702,"height":336,"url":"https:\/\/www.euroakademie.de\/magazin\/wp-content\/uploads\/2016\/08\/shutterstock_113351833_702x336_web.jpg","type":"image\/jpeg"}],"author":"Sch\u00fcler*innen der Euro Akademie","twitter_card":"summary_large_image","twitter_misc":{"Verfasst von":"Sch\u00fcler*innen der Euro Akademie","Gesch\u00e4tzte Lesezeit":"3\u00a0Minuten"},"schema":{"@context":"https:\/\/schema.org","@graph":[{"@type":"Article","@id":"https:\/\/www.euroakademie.de\/magazin\/freiwilliges-soziales-jahr\/#article","isPartOf":{"@id":"https:\/\/www.euroakademie.de\/magazin\/freiwilliges-soziales-jahr\/"},"author":{"name":"Sch\u00fcler*innen der Euro Akademie","@id":"https:\/\/www.euroakademie.de\/magazin\/#\/schema\/person\/88061163260e860aeebdcfa336a1a0d7"},"headline":"Das Freiwillige Soziale Jahr","datePublished":"2016-08-31T07:17:12+00:00","dateModified":"2024-11-19T14:32:50+00:00","mainEntityOfPage":{"@id":"https:\/\/www.euroakademie.de\/magazin\/freiwilliges-soziales-jahr\/"},"wordCount":592,"publisher":{"@id":"https:\/\/www.euroakademie.de\/magazin\/#organization"},"image":{"@id":"https:\/\/www.euroakademie.de\/magazin\/freiwilliges-soziales-jahr\/#primaryimage"},"thumbnailUrl":"https:\/\/www.euroakademie.de\/magazin\/wp-content\/uploads\/2016\/08\/shutterstock_113351833_702x336_web.jpg","keywords":["Ausbildung","Freiwilliges Soziales Jahr","Fremdsprachenkorrespondent","FSJ","Orientierung"],"articleSection":["Mainz","Von Sch\u00fclern f\u00fcr Sch\u00fcler"],"inLanguage":"de"},{"@type":"WebPage","@id":"https:\/\/www.euroakademie.de\/magazin\/freiwilliges-soziales-jahr\/","url":"https:\/\/www.euroakademie.de\/magazin\/freiwilliges-soziales-jahr\/","name":"Das Freiwillige Soziale Jahr \u2013 Ein Erfahrungsbericht","isPartOf":{"@id":"https:\/\/www.euroakademie.de\/magazin\/#website"},"primaryImageOfPage":{"@id":"https:\/\/www.euroakademie.de\/magazin\/freiwilliges-soziales-jahr\/#primaryimage"},"image":{"@id":"https:\/\/www.euroakademie.de\/magazin\/freiwilliges-soziales-jahr\/#primaryimage"},"thumbnailUrl":"https:\/\/www.euroakademie.de\/magazin\/wp-content\/uploads\/2016\/08\/shutterstock_113351833_702x336_web.jpg","datePublished":"2016-08-31T07:17:12+00:00","dateModified":"2024-11-19T14:32:50+00:00","description":"Um zu reifen und sich selbst zu finden, absolvieren einige ein Freiwilliges Soziales Jahr (FSJ). Was Sie dort erwartet, berichtet Mariella Stroh.","breadcrumb":{"@id":"https:\/\/www.euroakademie.de\/magazin\/freiwilliges-soziales-jahr\/#breadcrumb"},"inLanguage":"de","potentialAction":[{"@type":"ReadAction","target":["https:\/\/www.euroakademie.de\/magazin\/freiwilliges-soziales-jahr\/"]}]},{"@type":"ImageObject","inLanguage":"de","@id":"https:\/\/www.euroakademie.de\/magazin\/freiwilliges-soziales-jahr\/#primaryimage","url":"https:\/\/www.euroakademie.de\/magazin\/wp-content\/uploads\/2016\/08\/shutterstock_113351833_702x336_web.jpg","contentUrl":"https:\/\/www.euroakademie.de\/magazin\/wp-content\/uploads\/2016\/08\/shutterstock_113351833_702x336_web.jpg","width":702,"height":336,"caption":""},{"@type":"BreadcrumbList","@id":"https:\/\/www.euroakademie.de\/magazin\/freiwilliges-soziales-jahr\/#breadcrumb","itemListElement":[{"@type":"ListItem","position":1,"name":"Startseite","item":"https:\/\/www.euroakademie.de\/magazin\/"},{"@type":"ListItem","position":2,"name":"Das Freiwillige Soziale Jahr"}]},{"@type":"WebSite","@id":"https:\/\/www.euroakademie.de\/magazin\/#website","url":"https:\/\/www.euroakademie.de\/magazin\/","name":"Das Euro Akademie Magazin","description":"Gut informiert durch Ausbildung und Studium","publisher":{"@id":"https:\/\/www.euroakademie.de\/magazin\/#organization"},"potentialAction":[{"@type":"SearchAction","target":{"@type":"EntryPoint","urlTemplate":"https:\/\/www.euroakademie.de\/magazin\/?s={search_term_string}"},"query-input":{"@type":"PropertyValueSpecification","valueRequired":true,"valueName":"search_term_string"}}],"inLanguage":"de"},{"@type":"Organization","@id":"https:\/\/www.euroakademie.de\/magazin\/#organization","name":"ESO Education Group","url":"https:\/\/www.euroakademie.de\/magazin\/","logo":{"@type":"ImageObject","inLanguage":"de","@id":"https:\/\/www.euroakademie.de\/magazin\/#\/schema\/logo\/image\/","url":"https:\/\/relaunch.euroakademie.de\/magazin\/wp-content\/uploads\/2024\/11\/Logo_EA_negativ_Rahmen_5cm_300dpi_RGB.jpg","contentUrl":"https:\/\/relaunch.euroakademie.de\/magazin\/wp-content\/uploads\/2024\/11\/Logo_EA_negativ_Rahmen_5cm_300dpi_RGB.jpg","width":591,"height":236,"caption":"ESO Education Group"},"image":{"@id":"https:\/\/www.euroakademie.de\/magazin\/#\/schema\/logo\/image\/"}},{"@type":"Person","@id":"https:\/\/www.euroakademie.de\/magazin\/#\/schema\/person\/88061163260e860aeebdcfa336a1a0d7","name":"Sch\u00fcler*innen der Euro Akademie","description":"Unter diesem Autorennamen schildern Sch\u00fcler*innen der Euro Akademien ihre pers\u00f6nlichen Erfahrungen zum Thema Ausbildung, berichten \u00fcber Projekte, Praktika oder Veranstaltungen und geben anderen Lernenden wertvolle Tipps. Sie gehen dabei auf Fragen ein, auf die sie vor und in ihrer Ausbildungszeit selbst gern Antworten gehabt h\u00e4tten.","url":"https:\/\/www.euroakademie.de\/magazin\/author\/schueler\/"}]}},"_links":{"self":[{"href":"https:\/\/www.euroakademie.de\/magazin\/wp-json\/wp\/v2\/posts\/4512","targetHints":{"allow":["GET"]}}],"collection":[{"href":"https:\/\/www.euroakademie.de\/magazin\/wp-json\/wp\/v2\/posts"}],"about":[{"href":"https:\/\/www.euroakademie.de\/magazin\/wp-json\/wp\/v2\/types\/post"}],"author":[{"embeddable":true,"href":"https:\/\/www.euroakademie.de\/magazin\/wp-json\/wp\/v2\/users\/25"}],"replies":[{"embeddable":true,"href":"https:\/\/www.euroakademie.de\/magazin\/wp-json\/wp\/v2\/comments?post=4512"}],"version-history":[{"count":1,"href":"https:\/\/www.euroakademie.de\/magazin\/wp-json\/wp\/v2\/posts\/4512\/revisions"}],"predecessor-version":[{"id":23634,"href":"https:\/\/www.euroakademie.de\/magazin\/wp-json\/wp\/v2\/posts\/4512\/revisions\/23634"}],"wp:featuredmedia":[{"embeddable":true,"href":"https:\/\/www.euroakademie.de\/magazin\/wp-json\/wp\/v2\/media\/6901"}],"wp:attachment":[{"href":"https:\/\/www.euroakademie.de\/magazin\/wp-json\/wp\/v2\/media?parent=4512"}],"wp:term":[{"taxonomy":"category","embeddable":true,"href":"https:\/\/www.euroakademie.de\/magazin\/wp-json\/wp\/v2\/categories?post=4512"},{"taxonomy":"post_tag","embeddable":true,"href":"https:\/\/www.euroakademie.de\/magazin\/wp-json\/wp\/v2\/tags?post=4512"}],"curies":[{"name":"wp","href":"https:\/\/api.w.org\/{rel}","templated":true}]}}