{"id":4571,"date":"2016-09-27T08:30:27","date_gmt":"2016-09-27T06:30:27","guid":{"rendered":"https:\/\/www.euroakademie.de\/magazin\/?p=4571"},"modified":"2016-09-27T08:30:27","modified_gmt":"2016-09-27T06:30:27","slug":"schlechte-laune-mies-drauf-muss-auch-mal-drin-sein","status":"publish","type":"post","link":"https:\/\/www.euroakademie.de\/magazin\/schlechte-laune-mies-drauf-muss-auch-mal-drin-sein\/","title":{"rendered":"Schlechte Laune? Mies drauf muss auch mal drin sein!"},"content":{"rendered":"<p>\t\t\t\t<![CDATA[<strong>Schlechte Laune hat jeder einmal. Das ist okay und v\u00f6llig menschlich. Sie d\u00fcrfen das sogar mal zeigen, denn miese Stimmung hat auch ihren Grund.<\/strong>\n\n\u201eTipps gegen den Morgenmuffel\u201c, \u201eEndlich wieder gut aufgelegt\u201c, \u201eKeine Chance der miesen Stimmung\u201c \u2013 wenn Sie im Internet den Begriff schlechte Laune suchen, sto\u00dfen Sie auf unz\u00e4hlige Ratgeber. Jeder h\u00e4lt den passenden Kniff bereit, damit Sie wieder strahlen und vor Charme spr\u00fchen k\u00f6nnen. Das Problem: Ihnen ist eben nicht danach. Schlie\u00dflich haben Sie ja schlechte Laune. Wer herausfinden will, weshalb er an diesem Tag kein wandelndes Grinseb\u00e4ckchen ist, muss sich schon etwas mehr bei der Recherche anstrengen.\n\n\n<h3>Schlechte Laune nicht ignorieren<\/h3>\n\n\nEigentlich ist das merkw\u00fcrdig. Suchen Sie hingegen nach Schmerzen, die wie die Stimmung ein Signal des K\u00f6rpers sind, finden Sie viele Hinweise auf dahintersteckende Krankheiten. Und die schlimmsten stehen grunds\u00e4tzlich mit auf der Liste. Ihr Finger brennt? Sicher haben Sie Krebs. Eine R\u00f6tung am linken Oberschenkel? Lassen Sie sich besser auf Aids testen. Wenn Ihre Kopfhaut juckt, ist die Chance eines Hirntumors gro\u00df.\n\nZwar neigen diese Ergebnisse zum Schwarzmalen und hier und da wird f\u00fcr eine l\u00e4ngere Verweildauer auf der Homepage auch \u00fcbertrieben, doch zumindest steht die Ursache des Schmerzes im Mittelpunkt. Kein Ratgeber schl\u00e4gt bei Beschwerden im R\u00fccken vor, dass Sie einfach ein paar Tage so tun sollten, als w\u00e4re alles in Ordnung, bis Sie das Gef\u00fchl nicht mehr wahrnehmen.\n\nUnd warum funktioniert das so nicht auch bei mieser Laune? Da hei\u00dft es, man solle sich gleich morgens im Spiegel entgegenl\u00e4cheln, damit sich das Gem\u00fct wieder aufhellt. Singen Sie bei Ihrem Lieblingslied mit, tanzen Sie durch die Wohnung, passen Sie sich an die Sie umgebende Zahnpastagesellschaft an und \u2013 um Himmels Willen \u2013 zeigen Sie blo\u00df niemandem, dass etwas nicht stimmen k\u00f6nnte. Doch genau das ist der Fall.\n\n\n<h3>Auf Ursachenforschung<\/h3>\n\n\nNat\u00fcrlich ist ein Grummel kein sch\u00f6ner Anblick und f\u00fcr ihn gibt es sicher auch bessere Tage, aber nicht jedes Stimmungstief muss sofort radikal bek\u00e4mpft werden. Extrem schlechte Laune ist ein Signal \u2013 wie Schmerzen. Der K\u00f6rper will Ihnen etwas mitteilen. Nicht unbedingt eine Krankheit oder den bevorstehenden Tod, doch zumindest, dass etwas aus dem Gleichgewicht geraten ist.\n\nSie m\u00fcssen deshalb nicht Ihr ganzes Leben analysieren, um herauszufinden, was schiefgelaufen ist, dass Sie nun in dieses Loch fallen. H\u00e4ufig sind Sie im Stimmungstief, weil Sie einfach mal eine Pause brauchen. T\u00e4glich str\u00f6mt Input auf Sie ein. Sie sitzen an einem Projekt, im Hintergrund ist L\u00e4rm, Ihr Handy klingelt, Ihr Kollege m\u00f6chte einen neuen Auftrag absprechen und ein Freund heult sich bei Ihnen aus. Vielleicht ben\u00f6tigen Sie nur eine Auszeit.\n\n\n<h3>Grenzen der eigenen Belastbarkeit erkennen<\/h3>\n\n\nIhr K\u00f6rper teilt Ihnen dadurch mit, dass auch Sie Grenzen haben. Niemand kann andauernd 100 Prozent leisten. Weder im Beruf, noch privat. Denn obwohl uns das von verschiedenen Marketing-Experten h\u00e4ufig eingeredet wird, sind wir keine Superhelden, die eine fehlende Balance oder sogar eine Krankheit mit positivem Denken \u00fcberwinden k\u00f6nnen.\n\nDeshalb schl\u00e4gt best\u00e4ndiger Stress und Druck ebenso aufs Gem\u00fct wie eine lange Partynacht mit viel Alkohol. Fahren Sie daher einen Gang runter. Wenn Sie Ihren Bedarf nach etwas Entschleunigung ignorieren, kann es n\u00e4mlich sein, dass Sie die Folgen nicht nur psychisch, sondern letztlich auch physisch sp\u00fcren. Da ist es doch besser, der Realit\u00e4t gleich ins Auge zu blicken, als erst dann, wenn Sie schon am Boden liegen.\n\n\n<h3>Schotten dicht und durchatmen<\/h3>\n\n\nSchlie\u00dfen Sie Ihre T\u00fcr, arbeiten Sie alleine und vertr\u00f6sten Sie andere auf morgen, weil Sie heute nicht gut drauf sind. Daf\u00fcr haben die meisten Menschen Verst\u00e4ndnis. Erstens kennt jeder dieses Gef\u00fchl, zweitens hat keiner Lust, sich von Ihnen anblaffen zu lassen.\n\nIn Ihrem stillen K\u00e4mmerlein k\u00f6nnen sich Ihre Gedanken ordnen und das eigentliche Problem kristallisiert sich ganz alleine heraus. Sie nehmen allm\u00e4hlich Ihre Umgebung wieder rational und vor allem realistisch wahr. Es hilft zus\u00e4tzlich, wenn Sie die Gef\u00fchle f\u00fcr sich selbst in Worte fassen. Versuchen Sie beispielsweise den Satz \u201eIch f\u00fchle mich mies, weil &#8230;\u201c zu vervollst\u00e4ndigen.\n\nOb der Grund nun zu wenig Schlaf, Anerkennung oder Zuneigung ist oder ob Sie ein misslungener Auftrag bedr\u00fcckt \u2013 wissen Sie erst einmal, was dahintersteckt, f\u00fchlen Sie sich bereits automatisch ein wenig besser. Ihr momentanes Dasein als Griesgramschlumpf ist kein Mysterium mehr, sondern kann benannt werden. Dadurch ist es Ihnen m\u00f6glich, den n\u00e4chsten Schritt anzugehen, sobald Sie daf\u00fcr bereit sind: Sie k\u00f6nnen \u00fcber eine L\u00f6sung nachdenken \u2013 oder noch ein wenig in Ihrer Missstimmung zu schwelgen. Denn manchmal ist das alles, was n\u00f6tig ist, um \u00fcber ein \u00c4rgernis hinwegzukommen.\n\n\n<h3>Schlechte Laune hat auch Vorteile<\/h3>\n\n\nAls Miesepeter im B\u00fcro ist man gewiss nicht der beliebteste Kollege. Ihr Chef d\u00fcrfte allerdings nichts dagegen haben, wenn Sie nicht gerade im Kundenservice t\u00e4tig sind. \u00dcberraschenderweise sind Miesepeter n\u00e4mlich besonders produktiv, wenn es um Aufgaben geht, die viel Konzentration abverlangen.\n\nSo fand ein Forscherteam um den Psychologen Joseph Forgas an der University of New South Wales in Sydney, Australien, heraus, dass schlechte Laune den Geist klarer macht. Unser Blick wird dadurch weniger getr\u00fcbt, die Ged\u00e4chtnisleistung erh\u00f6ht und das analytische Denken gef\u00f6rdert.\n\nSelbst wer nicht mit komplexen Zahlen arbeitet, kann die Missstimmung f\u00fcr sich nutzen. Gleichzeitig macht sie n\u00e4mlich auch noch kreativ, wie viele gro\u00dfe Maler, Songschreiber und Schriftsteller bereits eindrucksvoll gezeigt haben. Laut mehreren Studien verh\u00e4lt man sich anders als gew\u00f6hnlich, wenn man in einem Tief steckt. Dadurch geht man neue Situationen und Probleme auf unbekannten Wegen entgegen, beurteilt Dinge rationaler und ist generell flexibler im Denken.\n\n\n<h3>Zu viel ist ungesund<\/h3>\n\n\nFazit: Es ist ok, mal mies drauf zu sein. Sie m\u00fcssen nicht immer als Strahlem\u00e4nnchen durch den Tag gehen. Allerdings ist es bedenklich, wenn Sie st\u00e4ndig mit d\u00fcsterer Stimmung unterwegs sind. Sollten Sie jeden zweiten oder dritten Tag oder \u00fcber einen l\u00e4ngeren Zeitraum v\u00f6llig grundlos grummelig sein, lohnt sich der Besuch beim Arzt doch mal.\n\nDiese Beitr\u00e4ge k\u00f6nnten Sie auch interessieren:\n<a href=\"https:\/\/www.euroakademie.de\/magazin\/stress-lass-nach\/\">Stress lass nach!<\/a>\n<a href=\"https:\/\/www.euroakademie.de\/magazin\/mobbing-wenn-der-alltag-zur-hoelle-wird\/\">Mobbing &#8211; Wenn der Alltag zur H\u00f6lle wird<\/a>\n<a href=\"https:\/\/www.euroakademie.de\/magazin\/so-ueberlisten-sie-den-inneren-schweinehund\/\">Nicht aufschieben, sondern anpacken: So \u00fcberlisten Sie den inneren Schweinehund<\/a>]]>\t\t<\/p>\n","protected":false},"excerpt":{"rendered":"<p>\t\t\t\t<![CDATA[]]>\t\t<\/p>\n","protected":false},"author":37,"featured_media":6827,"comment_status":"closed","ping_status":"closed","sticky":false,"template":"","format":"standard","meta":{"footnotes":""},"categories":[16,118],"tags":[661,7174,7948],"class_list":{"0":"post-4571","1":"post","2":"type-post","3":"status-publish","4":"format-standard","5":"has-post-thumbnail","7":"category-gesundheit-pflege","8":"category-im-fokus","9":"tag-aerger","10":"tag-schlechte-laune","11":"tag-stress"},"yoast_head":"<!-- This site is optimized with the Yoast SEO plugin v23.5 - https:\/\/yoast.com\/wordpress\/plugins\/seo\/ -->\n<title>Schlechte Laune? Mies drauf muss auch mal drin sein!<\/title>\n<meta name=\"description\" content=\"Schlecht gelaunt ist jeder mal. Was jedoch die Gr\u00fcnde f\u00fcr gelegentliche Stimmungstiefs sind und was hilft, haben wir f\u00fcr Sie beleuchtet.\" \/>\n<meta name=\"robots\" content=\"index, follow, max-snippet:-1, max-image-preview:large, max-video-preview:-1\" \/>\n<link rel=\"canonical\" href=\"https:\/\/www.euroakademie.de\/magazin\/schlechte-laune-mies-drauf-muss-auch-mal-drin-sein\/\" \/>\n<meta property=\"og:locale\" content=\"de_DE\" \/>\n<meta property=\"og:type\" content=\"article\" \/>\n<meta property=\"og:title\" content=\"Schlechte Laune? Mies drauf muss auch mal drin sein!\" \/>\n<meta property=\"og:description\" content=\"Schlecht gelaunt ist jeder mal. Was jedoch die Gr\u00fcnde f\u00fcr gelegentliche Stimmungstiefs sind und was hilft, haben wir f\u00fcr Sie beleuchtet.\" \/>\n<meta property=\"og:url\" content=\"https:\/\/www.euroakademie.de\/magazin\/schlechte-laune-mies-drauf-muss-auch-mal-drin-sein\/\" \/>\n<meta property=\"og:site_name\" content=\"Das Euro Akademie Magazin\" \/>\n<meta property=\"article:published_time\" content=\"2016-09-27T06:30:27+00:00\" \/>\n<meta property=\"og:image\" content=\"https:\/\/www.euroakademie.de\/magazin\/wp-content\/uploads\/2016\/09\/shutterstock_606123047_702x336_web.jpg\" \/>\n\t<meta property=\"og:image:width\" content=\"702\" \/>\n\t<meta property=\"og:image:height\" content=\"336\" \/>\n\t<meta property=\"og:image:type\" content=\"image\/jpeg\" \/>\n<meta name=\"author\" content=\"Katharina Boyens\" \/>\n<meta name=\"twitter:card\" content=\"summary_large_image\" \/>\n<meta name=\"twitter:label1\" content=\"Verfasst von\" \/>\n\t<meta name=\"twitter:data1\" content=\"Katharina Boyens\" \/>\n\t<meta name=\"twitter:label2\" content=\"Gesch\u00e4tzte Lesezeit\" \/>\n\t<meta name=\"twitter:data2\" content=\"5\u00a0Minuten\" \/>\n<script type=\"application\/ld+json\" class=\"yoast-schema-graph\">{\"@context\":\"https:\/\/schema.org\",\"@graph\":[{\"@type\":\"Article\",\"@id\":\"https:\/\/www.euroakademie.de\/magazin\/schlechte-laune-mies-drauf-muss-auch-mal-drin-sein\/#article\",\"isPartOf\":{\"@id\":\"https:\/\/www.euroakademie.de\/magazin\/schlechte-laune-mies-drauf-muss-auch-mal-drin-sein\/\"},\"author\":{\"name\":\"Katharina Boyens\",\"@id\":\"https:\/\/www.euroakademie.de\/magazin\/#\/schema\/person\/bc82ae73082e3ac93c406d0d76cb0cff\"},\"headline\":\"Schlechte Laune? Mies drauf muss auch mal drin sein!\",\"datePublished\":\"2016-09-27T06:30:27+00:00\",\"dateModified\":\"2016-09-27T06:30:27+00:00\",\"mainEntityOfPage\":{\"@id\":\"https:\/\/www.euroakademie.de\/magazin\/schlechte-laune-mies-drauf-muss-auch-mal-drin-sein\/\"},\"wordCount\":1063,\"publisher\":{\"@id\":\"https:\/\/www.euroakademie.de\/magazin\/#organization\"},\"image\":{\"@id\":\"https:\/\/www.euroakademie.de\/magazin\/schlechte-laune-mies-drauf-muss-auch-mal-drin-sein\/#primaryimage\"},\"thumbnailUrl\":\"https:\/\/www.euroakademie.de\/magazin\/wp-content\/uploads\/2016\/09\/shutterstock_606123047_702x336_web.jpg\",\"keywords\":[\"\u00c4rger\",\"Schlechte Laune\",\"Stress\"],\"articleSection\":[\"Gesundheit &amp; Pflege\",\"Im Fokus\"],\"inLanguage\":\"de\"},{\"@type\":\"WebPage\",\"@id\":\"https:\/\/www.euroakademie.de\/magazin\/schlechte-laune-mies-drauf-muss-auch-mal-drin-sein\/\",\"url\":\"https:\/\/www.euroakademie.de\/magazin\/schlechte-laune-mies-drauf-muss-auch-mal-drin-sein\/\",\"name\":\"Schlechte Laune? Mies drauf muss auch mal drin sein!\",\"isPartOf\":{\"@id\":\"https:\/\/www.euroakademie.de\/magazin\/#website\"},\"primaryImageOfPage\":{\"@id\":\"https:\/\/www.euroakademie.de\/magazin\/schlechte-laune-mies-drauf-muss-auch-mal-drin-sein\/#primaryimage\"},\"image\":{\"@id\":\"https:\/\/www.euroakademie.de\/magazin\/schlechte-laune-mies-drauf-muss-auch-mal-drin-sein\/#primaryimage\"},\"thumbnailUrl\":\"https:\/\/www.euroakademie.de\/magazin\/wp-content\/uploads\/2016\/09\/shutterstock_606123047_702x336_web.jpg\",\"datePublished\":\"2016-09-27T06:30:27+00:00\",\"dateModified\":\"2016-09-27T06:30:27+00:00\",\"description\":\"Schlecht gelaunt ist jeder mal. Was jedoch die Gr\u00fcnde f\u00fcr gelegentliche Stimmungstiefs sind und was hilft, haben wir f\u00fcr Sie beleuchtet.\",\"breadcrumb\":{\"@id\":\"https:\/\/www.euroakademie.de\/magazin\/schlechte-laune-mies-drauf-muss-auch-mal-drin-sein\/#breadcrumb\"},\"inLanguage\":\"de\",\"potentialAction\":[{\"@type\":\"ReadAction\",\"target\":[\"https:\/\/www.euroakademie.de\/magazin\/schlechte-laune-mies-drauf-muss-auch-mal-drin-sein\/\"]}]},{\"@type\":\"ImageObject\",\"inLanguage\":\"de\",\"@id\":\"https:\/\/www.euroakademie.de\/magazin\/schlechte-laune-mies-drauf-muss-auch-mal-drin-sein\/#primaryimage\",\"url\":\"https:\/\/www.euroakademie.de\/magazin\/wp-content\/uploads\/2016\/09\/shutterstock_606123047_702x336_web.jpg\",\"contentUrl\":\"https:\/\/www.euroakademie.de\/magazin\/wp-content\/uploads\/2016\/09\/shutterstock_606123047_702x336_web.jpg\",\"width\":702,\"height\":336,\"caption\":\"\"},{\"@type\":\"BreadcrumbList\",\"@id\":\"https:\/\/www.euroakademie.de\/magazin\/schlechte-laune-mies-drauf-muss-auch-mal-drin-sein\/#breadcrumb\",\"itemListElement\":[{\"@type\":\"ListItem\",\"position\":1,\"name\":\"Startseite\",\"item\":\"https:\/\/www.euroakademie.de\/magazin\/\"},{\"@type\":\"ListItem\",\"position\":2,\"name\":\"Schlechte Laune? Mies drauf muss auch mal drin sein!\"}]},{\"@type\":\"WebSite\",\"@id\":\"https:\/\/www.euroakademie.de\/magazin\/#website\",\"url\":\"https:\/\/www.euroakademie.de\/magazin\/\",\"name\":\"Das Euro Akademie Magazin\",\"description\":\"Gut informiert durch Ausbildung und Studium\",\"publisher\":{\"@id\":\"https:\/\/www.euroakademie.de\/magazin\/#organization\"},\"potentialAction\":[{\"@type\":\"SearchAction\",\"target\":{\"@type\":\"EntryPoint\",\"urlTemplate\":\"https:\/\/www.euroakademie.de\/magazin\/?s={search_term_string}\"},\"query-input\":{\"@type\":\"PropertyValueSpecification\",\"valueRequired\":true,\"valueName\":\"search_term_string\"}}],\"inLanguage\":\"de\"},{\"@type\":\"Organization\",\"@id\":\"https:\/\/www.euroakademie.de\/magazin\/#organization\",\"name\":\"ESO Education Group\",\"url\":\"https:\/\/www.euroakademie.de\/magazin\/\",\"logo\":{\"@type\":\"ImageObject\",\"inLanguage\":\"de\",\"@id\":\"https:\/\/www.euroakademie.de\/magazin\/#\/schema\/logo\/image\/\",\"url\":\"https:\/\/relaunch.euroakademie.de\/magazin\/wp-content\/uploads\/2024\/11\/Logo_EA_negativ_Rahmen_5cm_300dpi_RGB.jpg\",\"contentUrl\":\"https:\/\/relaunch.euroakademie.de\/magazin\/wp-content\/uploads\/2024\/11\/Logo_EA_negativ_Rahmen_5cm_300dpi_RGB.jpg\",\"width\":591,\"height\":236,\"caption\":\"ESO Education Group\"},\"image\":{\"@id\":\"https:\/\/www.euroakademie.de\/magazin\/#\/schema\/logo\/image\/\"}},{\"@type\":\"Person\",\"@id\":\"https:\/\/www.euroakademie.de\/magazin\/#\/schema\/person\/bc82ae73082e3ac93c406d0d76cb0cff\",\"name\":\"Katharina Boyens\",\"description\":\"Katharina Boyens ist Germanistin und Anglistin mit einem Faible f\u00fcrs Schreiben. Von M\u00e4rz 2016 bis Januar 2021 bereicherte sie das Euro Akademie Magazin mit lesenswerten Beitr\u00e4gen in verschiedenen Rubriken.\",\"url\":\"https:\/\/www.euroakademie.de\/magazin\/author\/pfaffk\/\"}]}<\/script>\n<!-- \/ Yoast SEO plugin. -->","yoast_head_json":{"title":"Schlechte Laune? Mies drauf muss auch mal drin sein!","description":"Schlecht gelaunt ist jeder mal. Was jedoch die Gr\u00fcnde f\u00fcr gelegentliche Stimmungstiefs sind und was hilft, haben wir f\u00fcr Sie beleuchtet.","robots":{"index":"index","follow":"follow","max-snippet":"max-snippet:-1","max-image-preview":"max-image-preview:large","max-video-preview":"max-video-preview:-1"},"canonical":"https:\/\/www.euroakademie.de\/magazin\/schlechte-laune-mies-drauf-muss-auch-mal-drin-sein\/","og_locale":"de_DE","og_type":"article","og_title":"Schlechte Laune? Mies drauf muss auch mal drin sein!","og_description":"Schlecht gelaunt ist jeder mal. Was jedoch die Gr\u00fcnde f\u00fcr gelegentliche Stimmungstiefs sind und was hilft, haben wir f\u00fcr Sie beleuchtet.","og_url":"https:\/\/www.euroakademie.de\/magazin\/schlechte-laune-mies-drauf-muss-auch-mal-drin-sein\/","og_site_name":"Das Euro Akademie Magazin","article_published_time":"2016-09-27T06:30:27+00:00","og_image":[{"width":702,"height":336,"url":"https:\/\/www.euroakademie.de\/magazin\/wp-content\/uploads\/2016\/09\/shutterstock_606123047_702x336_web.jpg","type":"image\/jpeg"}],"author":"Katharina Boyens","twitter_card":"summary_large_image","twitter_misc":{"Verfasst von":"Katharina Boyens","Gesch\u00e4tzte Lesezeit":"5\u00a0Minuten"},"schema":{"@context":"https:\/\/schema.org","@graph":[{"@type":"Article","@id":"https:\/\/www.euroakademie.de\/magazin\/schlechte-laune-mies-drauf-muss-auch-mal-drin-sein\/#article","isPartOf":{"@id":"https:\/\/www.euroakademie.de\/magazin\/schlechte-laune-mies-drauf-muss-auch-mal-drin-sein\/"},"author":{"name":"Katharina Boyens","@id":"https:\/\/www.euroakademie.de\/magazin\/#\/schema\/person\/bc82ae73082e3ac93c406d0d76cb0cff"},"headline":"Schlechte Laune? Mies drauf muss auch mal drin sein!","datePublished":"2016-09-27T06:30:27+00:00","dateModified":"2016-09-27T06:30:27+00:00","mainEntityOfPage":{"@id":"https:\/\/www.euroakademie.de\/magazin\/schlechte-laune-mies-drauf-muss-auch-mal-drin-sein\/"},"wordCount":1063,"publisher":{"@id":"https:\/\/www.euroakademie.de\/magazin\/#organization"},"image":{"@id":"https:\/\/www.euroakademie.de\/magazin\/schlechte-laune-mies-drauf-muss-auch-mal-drin-sein\/#primaryimage"},"thumbnailUrl":"https:\/\/www.euroakademie.de\/magazin\/wp-content\/uploads\/2016\/09\/shutterstock_606123047_702x336_web.jpg","keywords":["\u00c4rger","Schlechte Laune","Stress"],"articleSection":["Gesundheit &amp; Pflege","Im Fokus"],"inLanguage":"de"},{"@type":"WebPage","@id":"https:\/\/www.euroakademie.de\/magazin\/schlechte-laune-mies-drauf-muss-auch-mal-drin-sein\/","url":"https:\/\/www.euroakademie.de\/magazin\/schlechte-laune-mies-drauf-muss-auch-mal-drin-sein\/","name":"Schlechte Laune? Mies drauf muss auch mal drin sein!","isPartOf":{"@id":"https:\/\/www.euroakademie.de\/magazin\/#website"},"primaryImageOfPage":{"@id":"https:\/\/www.euroakademie.de\/magazin\/schlechte-laune-mies-drauf-muss-auch-mal-drin-sein\/#primaryimage"},"image":{"@id":"https:\/\/www.euroakademie.de\/magazin\/schlechte-laune-mies-drauf-muss-auch-mal-drin-sein\/#primaryimage"},"thumbnailUrl":"https:\/\/www.euroakademie.de\/magazin\/wp-content\/uploads\/2016\/09\/shutterstock_606123047_702x336_web.jpg","datePublished":"2016-09-27T06:30:27+00:00","dateModified":"2016-09-27T06:30:27+00:00","description":"Schlecht gelaunt ist jeder mal. Was jedoch die Gr\u00fcnde f\u00fcr gelegentliche Stimmungstiefs sind und was hilft, haben wir f\u00fcr Sie beleuchtet.","breadcrumb":{"@id":"https:\/\/www.euroakademie.de\/magazin\/schlechte-laune-mies-drauf-muss-auch-mal-drin-sein\/#breadcrumb"},"inLanguage":"de","potentialAction":[{"@type":"ReadAction","target":["https:\/\/www.euroakademie.de\/magazin\/schlechte-laune-mies-drauf-muss-auch-mal-drin-sein\/"]}]},{"@type":"ImageObject","inLanguage":"de","@id":"https:\/\/www.euroakademie.de\/magazin\/schlechte-laune-mies-drauf-muss-auch-mal-drin-sein\/#primaryimage","url":"https:\/\/www.euroakademie.de\/magazin\/wp-content\/uploads\/2016\/09\/shutterstock_606123047_702x336_web.jpg","contentUrl":"https:\/\/www.euroakademie.de\/magazin\/wp-content\/uploads\/2016\/09\/shutterstock_606123047_702x336_web.jpg","width":702,"height":336,"caption":""},{"@type":"BreadcrumbList","@id":"https:\/\/www.euroakademie.de\/magazin\/schlechte-laune-mies-drauf-muss-auch-mal-drin-sein\/#breadcrumb","itemListElement":[{"@type":"ListItem","position":1,"name":"Startseite","item":"https:\/\/www.euroakademie.de\/magazin\/"},{"@type":"ListItem","position":2,"name":"Schlechte Laune? Mies drauf muss auch mal drin sein!"}]},{"@type":"WebSite","@id":"https:\/\/www.euroakademie.de\/magazin\/#website","url":"https:\/\/www.euroakademie.de\/magazin\/","name":"Das Euro Akademie Magazin","description":"Gut informiert durch Ausbildung und Studium","publisher":{"@id":"https:\/\/www.euroakademie.de\/magazin\/#organization"},"potentialAction":[{"@type":"SearchAction","target":{"@type":"EntryPoint","urlTemplate":"https:\/\/www.euroakademie.de\/magazin\/?s={search_term_string}"},"query-input":{"@type":"PropertyValueSpecification","valueRequired":true,"valueName":"search_term_string"}}],"inLanguage":"de"},{"@type":"Organization","@id":"https:\/\/www.euroakademie.de\/magazin\/#organization","name":"ESO Education Group","url":"https:\/\/www.euroakademie.de\/magazin\/","logo":{"@type":"ImageObject","inLanguage":"de","@id":"https:\/\/www.euroakademie.de\/magazin\/#\/schema\/logo\/image\/","url":"https:\/\/relaunch.euroakademie.de\/magazin\/wp-content\/uploads\/2024\/11\/Logo_EA_negativ_Rahmen_5cm_300dpi_RGB.jpg","contentUrl":"https:\/\/relaunch.euroakademie.de\/magazin\/wp-content\/uploads\/2024\/11\/Logo_EA_negativ_Rahmen_5cm_300dpi_RGB.jpg","width":591,"height":236,"caption":"ESO Education Group"},"image":{"@id":"https:\/\/www.euroakademie.de\/magazin\/#\/schema\/logo\/image\/"}},{"@type":"Person","@id":"https:\/\/www.euroakademie.de\/magazin\/#\/schema\/person\/bc82ae73082e3ac93c406d0d76cb0cff","name":"Katharina Boyens","description":"Katharina Boyens ist Germanistin und Anglistin mit einem Faible f\u00fcrs Schreiben. Von M\u00e4rz 2016 bis Januar 2021 bereicherte sie das Euro Akademie Magazin mit lesenswerten Beitr\u00e4gen in verschiedenen Rubriken.","url":"https:\/\/www.euroakademie.de\/magazin\/author\/pfaffk\/"}]}},"_links":{"self":[{"href":"https:\/\/www.euroakademie.de\/magazin\/wp-json\/wp\/v2\/posts\/4571","targetHints":{"allow":["GET"]}}],"collection":[{"href":"https:\/\/www.euroakademie.de\/magazin\/wp-json\/wp\/v2\/posts"}],"about":[{"href":"https:\/\/www.euroakademie.de\/magazin\/wp-json\/wp\/v2\/types\/post"}],"author":[{"embeddable":true,"href":"https:\/\/www.euroakademie.de\/magazin\/wp-json\/wp\/v2\/users\/37"}],"replies":[{"embeddable":true,"href":"https:\/\/www.euroakademie.de\/magazin\/wp-json\/wp\/v2\/comments?post=4571"}],"version-history":[{"count":0,"href":"https:\/\/www.euroakademie.de\/magazin\/wp-json\/wp\/v2\/posts\/4571\/revisions"}],"wp:featuredmedia":[{"embeddable":true,"href":"https:\/\/www.euroakademie.de\/magazin\/wp-json\/wp\/v2\/media\/6827"}],"wp:attachment":[{"href":"https:\/\/www.euroakademie.de\/magazin\/wp-json\/wp\/v2\/media?parent=4571"}],"wp:term":[{"taxonomy":"category","embeddable":true,"href":"https:\/\/www.euroakademie.de\/magazin\/wp-json\/wp\/v2\/categories?post=4571"},{"taxonomy":"post_tag","embeddable":true,"href":"https:\/\/www.euroakademie.de\/magazin\/wp-json\/wp\/v2\/tags?post=4571"}],"curies":[{"name":"wp","href":"https:\/\/api.w.org\/{rel}","templated":true}]}}