{"id":4577,"date":"2016-09-13T08:45:13","date_gmt":"2016-09-13T06:45:13","guid":{"rendered":"https:\/\/www.euroakademie.de\/magazin\/?p=4577"},"modified":"2024-11-19T15:33:14","modified_gmt":"2024-11-19T14:33:14","slug":"generalisierte-ausbildung-kontra-spezialwissen-der-pflege-fachkraft","status":"publish","type":"post","link":"https:\/\/www.euroakademie.de\/magazin\/generalisierte-ausbildung-kontra-spezialwissen-der-pflege-fachkraft\/","title":{"rendered":"Generalisierte Ausbildung kontra Spezialwissen der Pflegefachkraft"},"content":{"rendered":"<p>\t\t\t\t<![CDATA[\n\n<h2>Eine angehende Altenpflegerin erl\u00e4utert ihre Sicht der Dinge.<\/h2>\n\n\nDie geplante Reform in Bezug auf die Ausbildungen in den Pflegeberufen st\u00f6\u00dft bei Fachverb\u00e4nden, Altenpflegeeinrichtungen und Fachkr\u00e4ften auf gemischte Reaktionen.\nDass selbst die Vertreter des Referats 406 \u201eQualifizierung Altenpflege\u201c des Bundesamts f\u00fcr Familie und zivilgesellschaftliche Aufgaben (BAFzA) in Sachsen auf viele Fragen noch keine klare Antwort geben konnten, zeigte eine Informationsveranstaltung in den R\u00e4umlichkeiten der <a href=\"https:\/\/www.euroakademie.de\/de\/standorte\/chemnitz.html\">Euro Akademie Chemnitz.<\/a>\n\n\n<h3>Zusammenf\u00fchrung der Ausbildungen in der Kinderkrankenpflege, Krankenpflege und Altenpflege: Pro &amp; Kontra<\/h3>\n\n\nKurz zuvor bewerteten auch Fachleute bei einer \u00f6ffentlichen Anh\u00f6rung im Bundestag die Zusammenf\u00fchrung der drei bisher getrennten Ausbildungen \u2013 Kinderkrankenpflege, Krankenpflege und Altenpflege\u00a0\u2013 grunds\u00e4tzlich als Chance f\u00fcr eine Aufwertung der Branche, sehen aber auch einen Verlust an Fachkompetenz.\n\nMehrere Experten lobten die geplante interdisziplin\u00e4re Ausbildung vor dem Hintergrund, dass in den Krankenh\u00e4usern immer mehr \u00e4ltere Patienten gepflegt werden m\u00fcssten und in den Pflegeheimen oft sehr kranke Bewohner eine Betreuung brauchen. Viele Fachverb\u00e4nde halten eine fundierte Bewertung der Gesetzesnovelle jedoch f\u00fcr unm\u00f6glich, solange die konkrete Ausbildungs- und Pr\u00fcfungsverordnung noch nicht vorliegt. Erst dann k\u00f6nne bewertet werden, ob die zuk\u00fcnftigen Pflegekr\u00e4fte tats\u00e4chlich besser auf die wachsenden Anforderungen vorbereitet w\u00fcrden.\n\n\n<h3><strong>Wie aber sieht die Perspektive einer jungen Frau und zweifachen Mutter aus, die sich bewusst dazu entschieden hat, als Altenpflegefachkraft in berufsbegleitender Ausbildung zu arbeiten?<\/strong><\/h3>\n\n\nEs ist ein sonniger Fr\u00fchsommermorgen, die V\u00f6gel zwitschern aus voller Kehle und einige Bewohner des Altenpflegeheims in der Annaberger Stra\u00dfe 467 in Chemnitz sind mit ihren Rollatoren oder in Begleitung von Betreuungskr\u00e4ften schon unterwegs, um die Stimmung zu genie\u00dfen. Eingebettet zwischen Feldern, Wiesen und B\u00e4umen ist es besonders an solchen Tagen eine helle Freude, dort zu wohnen \u2013 und dort zu arbeiten, wie Manja Lenk best\u00e4tigt.\n\nDie junge Frau wei\u00df die Umgebung mitten im Gr\u00fcnen genauso zu sch\u00e4tzen, wie die hellen, liebevoll eingerichteten R\u00e4umlichkeiten und das Team ihrer Kolleginnen und Kollegen, die diesem Begriff wirklich gerecht werden. Immerhin hat sie im Laufe ihres Berufsalltags bereits einige \u2013 kontroverse- Erfahrungen gemacht. Seit 14 Jahren ist die 35-J\u00e4hrige in der h\u00e4uslichen Krankenpflege t\u00e4tig, ausgebildet als Hauswirtschaftlerin und qualifizierte Pflegehilfskraft.\n\n\n<h3>Gut ausgebildete Fachkr\u00e4fte sind unentbehrlich<\/h3>\n\n\nIhre Vorgesetzte Kerstin Fischer hat das Potenzial ihrer Mitarbeiterin l\u00e4ngst erkannt und sie ermutigt, sich weiterzubilden: \u201eMensch Manja, mach das mal! Qualifizierte Fachkr\u00e4fte sind doch das A und O f\u00fcr unser Unternehmen.\u201c\nDamit sicherte sie Manja Lenk nicht nur die Unterst\u00fctzung ihres Arbeitgebers zu, sondern wei\u00df auch das Team des gesamten Heims hinter sich. \u201eVier Jahre sind eine lange Zeit, das sollte man nicht untersch\u00e4tzen. Deshalb wurde von Beginn an darauf geachtet, dass sich Dienstplan und Schule gut vereinbaren lassen. Die Ausbildung berufsbegleitend zu absolvieren, hat meiner Meinung nach viele Vorteile: was ich theoretisch gelernt habe, kann ich am n\u00e4chsten Tag gleich praktisch umsetzen. Ich habe gl\u00fccklicherweise Kolleginnen und Kollegen, die mich abfragen und dann praktisch umsetzen lassen.\n\nF\u00fcr meine zwei S\u00f6hne \u00fcbe ich eine Vorbildfunktion aus. Schlie\u00dflich muss ich mich hinsetzen und lernen. Dabei habe ich durchaus mehr Verst\u00e4ndnis f\u00fcr die beiden entwickelt. Es ist zugegebenerma\u00dfen nicht immer leicht, aber gemeinsam schaffen wir das. Die Kinder fr\u00fch in die Krippe und in den Kindergarten zu bringen, die Abholung, Eink\u00e4ufe und Beh\u00f6rdeng\u00e4nge zu koordinieren \u2013 alles eine Frage der Organisation und machbar\u201c, berichtet Manja Lenk von ihren Erfahrungen.\n\n\n<h3>&#8222;Menschen mit kleinen Dingen gl\u00fccklich machen&#8220;<\/h3>\n\n\nIn ihrer Familie hat sich der Gro\u00dfteil ihrer Generation dazu entschlossen, zu studieren. Seitdem sie mit 17 Jahren ein erstes Praktikum im betreuten Wohnen gemacht hatte, stand f\u00fcr sie jedoch fest: \u201eMenschen zu unterst\u00fctzen und mit kleinen Dingen gl\u00fccklich machen zu k\u00f6nnen, das fasziniert mich an der Altenpflege. Man lernt wirklich interessante Menschen und Schicksale kennen, von Professoren \u00fcber Familienkatastrophen bis zu Krebskranken und entwickelt dabei eine andere, viel bewusstere Sicht auf das Leben.\n\n\n<h3><strong>Die \u00e4lteren Menschen haben mich gepr\u00e4gt, indem sie sagen: \u201eMensch Manja, genie\u00dfe die Zeit, den Augenblick.\u201c<\/strong><\/h3>\n\n\nHalt zu geben, da zu sein, wenn es darauf ankommt und irgendwann mit einem sanften H\u00e4ndedruck oder Brief als Dankesch\u00f6n belohnt zu werden \u2026 das baut auf und gibt Kraft\u201c, sagt sie mit einem warmen L\u00e4cheln und strahlend blauen Augen.\n\nWas die Arbeit und Arbeitszeit betrifft, hat Manja Lenk ebenfalls eine klare Ansicht: \u201eWir meckern immer, doch arbeiten muss ich \u00fcberall. Nat\u00fcrlich gibt es stressige, aber auch entspannte Tage. Kollegen werden krank, m\u00fcssen ersetzt werden, es gibt Engp\u00e4sse, Wochenend- und Schichtarbeit, alles geh\u00f6rt dazu. Mein Mann arbeitet in Schichten in einer Gie\u00dferei. Das ist auch kein Zuckerschlecken.\n\nIch sehe meinen Job als Berufung: Wer immerzu meckert, geh\u00f6rt hier nicht her. Die \u00e4lteren Herrschaften k\u00f6nnen nichts f\u00fcr politische Entscheidungen. Im Gegenteil. Sie haben es verdient, einen sch\u00f6nen, m\u00f6glichst selbstbestimmten Lebensabend zu verbringen. Auch Politiker werden alt und wollen kompetent gepflegt werden. Das ist meine Wut.\u201c\n\nMit ihrer beruhigenden Stimme und aufmunternden Art kommt Manja Lenk bei den Bewohnern sehr gut an. Beim Betreten der Wohnung eines \u00fcber 90-j\u00e4hrigen Ehepaares, fl\u00fcstert ihr der Senior ins Ohr, das ihm nach Schokolade gel\u00fcstet. Solche hat sie zwar nicht dabei, aber eine Banane ist schnell besorgt. Auch das Versprechen, die beiden gleich auf die Terrasse zu fahren, damit sie die Sommerstimmung genie\u00dfen k\u00f6nnen, gibt sie nicht nur, sondern l\u00f6st es auch ein.\n\n\n<h3>&#8222;Wer kommt denn da noch in die Altenpflege?&#8220;<\/h3>\n\n\nWie aber lautet ihre Einstellung zur generalisierten Pflege? \u201eMan kann drei Jahre nicht splitten. Wer kommt denn da noch in die Altenpflege? \u2013 Hier gilt es mit Klischees aufzur\u00e4umen. Wir denken viel weitfl\u00e4chiger als in der Krankenpflege. Unser Fachwissen und unsere Kompetenzen m\u00fcssen auch ohne Arzt profund sein und funktionieren. Die Abstimmung mit Therapeuten, Ern\u00e4hrungsberatern, \u00c4rzten, den Angeh\u00f6rigen \u2013 alles spielt eine Rolle und ist eine Frage der Qualit\u00e4t.\n\nDie Ausbildung an der Euro Akademie Chemnitz m\u00f6chte ich \u2013 ohne aufzutragen \u2013 einfach wegen den praxisorientierten, fachkompetenten Lehrkr\u00e4ften ganz besonders hervorheben. Sie waren selbst in der Altenpflege t\u00e4tig, wissen in allem Bescheid und sind immer f\u00fcr uns da. Ich mache das jetzt seit zwei Jahren und gehe jeden Tag gern zur Schule.\n\n\n<h3>Jetzt eine Ausbildung zum Altenpfleger machen<\/h3>\n\n\nNutzen Sie jetzt noch die Chance, sich berufsbegleitend zum <a href=\"https:\/\/www.euroakademie.de\/details\/AL____RGG_Q18S_1\/Altenpflegehelferin---staatlich-anerkannt\">Altenpfleger<\/a> ausbilden zu lassen! Unsere Dozenten haben jahrelange Erfahrungen in der Ausbildung kompetenter Altenpfleger. Unsere Fachbereichsleiterin Altenpflege, Kerstin P\u00f6schel ber\u00e4t Sie gern bei einem unverbindlichen, pers\u00f6nlichen Gespr\u00e4ch.\n\nDiese Beitr\u00e4ge k\u00f6nnten Sie auch interessieren:\n<a href=\"https:\/\/www.euroakademie.de\/magazin\/fachkraeftemangel-in-der-altenpflege-wir-werden-weniger-aelter-und-bunter\/\">Fachkr\u00e4ftemangel in der Altenpflege<\/a>\n<a href=\"https:\/\/www.euroakademie.de\/magazin\/ausbildung-des-monats-altenpfleger\/\">Ausbildung des Monats: Altenpfleger<\/a>\n<a href=\"https:\/\/www.euroakademie.de\/magazin\/hans-albert-und-die-golden-girls\/\">Hans Albert und die Golden Girls: Feuer und Flamme f\u00fcr den Beruf des Altenpflegers<\/a>]]>\t\t<\/p>\n","protected":false},"excerpt":{"rendered":"<p>\t\t\t\t<![CDATA[]]>\t\t<\/p>\n","protected":false},"author":10,"featured_media":6889,"comment_status":"closed","ping_status":"closed","sticky":false,"template":"","format":"standard","meta":{"footnotes":""},"categories":[85,16],"tags":[418,430,799,3469,6403,7711],"class_list":{"0":"post-4577","1":"post","2":"type-post","3":"status-publish","4":"format-standard","5":"has-post-thumbnail","7":"category-chemnitz","8":"category-gesundheit-pflege","9":"tag-altenpflege","10":"tag-altenpfleger","11":"tag-ausbildung","12":"tag-generalisierte-ausbildung","13":"tag-pflegefachkraft","14":"tag-spezialwissen"},"yoast_head":"<!-- This site is optimized with the Yoast SEO plugin v23.5 - https:\/\/yoast.com\/wordpress\/plugins\/seo\/ -->\n<title>Generalisierte Ausbildung kontra Spezialwissen der Pflegefachkraft<\/title>\n<meta name=\"description\" content=\"Die geplante Ausbildungsreform in den Pflegeberufen st\u00f6\u00dft bei vielen auf gemischte Reaktionen. Eine angehende Altenpflegerin schildert ihre Sicht der Dinge.\" \/>\n<meta name=\"robots\" content=\"index, follow, max-snippet:-1, max-image-preview:large, max-video-preview:-1\" \/>\n<link rel=\"canonical\" href=\"https:\/\/www.euroakademie.de\/magazin\/generalisierte-ausbildung-kontra-spezialwissen-der-pflege-fachkraft\/\" \/>\n<meta property=\"og:locale\" content=\"de_DE\" \/>\n<meta property=\"og:type\" content=\"article\" \/>\n<meta property=\"og:title\" content=\"Generalisierte Ausbildung kontra Spezialwissen der Pflegefachkraft\" \/>\n<meta property=\"og:description\" content=\"Die geplante Ausbildungsreform in den Pflegeberufen st\u00f6\u00dft bei vielen auf gemischte Reaktionen. Eine angehende Altenpflegerin schildert ihre Sicht der Dinge.\" \/>\n<meta property=\"og:url\" content=\"https:\/\/www.euroakademie.de\/magazin\/generalisierte-ausbildung-kontra-spezialwissen-der-pflege-fachkraft\/\" \/>\n<meta property=\"og:site_name\" content=\"Das Euro Akademie Magazin\" \/>\n<meta property=\"article:published_time\" content=\"2016-09-13T06:45:13+00:00\" \/>\n<meta property=\"article:modified_time\" content=\"2024-11-19T14:33:14+00:00\" \/>\n<meta property=\"og:image\" content=\"https:\/\/www.euroakademie.de\/magazin\/wp-content\/uploads\/2016\/09\/shutterstock_252192586_702x336_web.jpg\" \/>\n\t<meta property=\"og:image:width\" content=\"702\" \/>\n\t<meta property=\"og:image:height\" content=\"336\" \/>\n\t<meta property=\"og:image:type\" content=\"image\/jpeg\" \/>\n<meta name=\"author\" content=\"Kristina Neukirch\" \/>\n<meta name=\"twitter:card\" content=\"summary_large_image\" \/>\n<meta name=\"twitter:label1\" content=\"Verfasst von\" \/>\n\t<meta name=\"twitter:data1\" content=\"Kristina Neukirch\" \/>\n\t<meta name=\"twitter:label2\" content=\"Gesch\u00e4tzte Lesezeit\" \/>\n\t<meta name=\"twitter:data2\" content=\"6\u00a0Minuten\" \/>\n<script type=\"application\/ld+json\" class=\"yoast-schema-graph\">{\"@context\":\"https:\/\/schema.org\",\"@graph\":[{\"@type\":\"Article\",\"@id\":\"https:\/\/www.euroakademie.de\/magazin\/generalisierte-ausbildung-kontra-spezialwissen-der-pflege-fachkraft\/#article\",\"isPartOf\":{\"@id\":\"https:\/\/www.euroakademie.de\/magazin\/generalisierte-ausbildung-kontra-spezialwissen-der-pflege-fachkraft\/\"},\"author\":{\"name\":\"Kristina Neukirch\",\"@id\":\"https:\/\/www.euroakademie.de\/magazin\/#\/schema\/person\/c63332c955b2891be496a891aa473d51\"},\"headline\":\"Generalisierte Ausbildung kontra Spezialwissen der Pflegefachkraft\",\"datePublished\":\"2016-09-13T06:45:13+00:00\",\"dateModified\":\"2024-11-19T14:33:14+00:00\",\"mainEntityOfPage\":{\"@id\":\"https:\/\/www.euroakademie.de\/magazin\/generalisierte-ausbildung-kontra-spezialwissen-der-pflege-fachkraft\/\"},\"wordCount\":1135,\"publisher\":{\"@id\":\"https:\/\/www.euroakademie.de\/magazin\/#organization\"},\"image\":{\"@id\":\"https:\/\/www.euroakademie.de\/magazin\/generalisierte-ausbildung-kontra-spezialwissen-der-pflege-fachkraft\/#primaryimage\"},\"thumbnailUrl\":\"https:\/\/www.euroakademie.de\/magazin\/wp-content\/uploads\/2016\/09\/shutterstock_252192586_702x336_web.jpg\",\"keywords\":[\"Altenpflege\",\"Altenpfleger\",\"Ausbildung\",\"Generalisierte Ausbildung\",\"Pflegefachkraft\",\"Spezialwissen\"],\"articleSection\":[\"Chemnitz\",\"Gesundheit &amp; Pflege\"],\"inLanguage\":\"de\"},{\"@type\":\"WebPage\",\"@id\":\"https:\/\/www.euroakademie.de\/magazin\/generalisierte-ausbildung-kontra-spezialwissen-der-pflege-fachkraft\/\",\"url\":\"https:\/\/www.euroakademie.de\/magazin\/generalisierte-ausbildung-kontra-spezialwissen-der-pflege-fachkraft\/\",\"name\":\"Generalisierte Ausbildung kontra Spezialwissen der Pflegefachkraft\",\"isPartOf\":{\"@id\":\"https:\/\/www.euroakademie.de\/magazin\/#website\"},\"primaryImageOfPage\":{\"@id\":\"https:\/\/www.euroakademie.de\/magazin\/generalisierte-ausbildung-kontra-spezialwissen-der-pflege-fachkraft\/#primaryimage\"},\"image\":{\"@id\":\"https:\/\/www.euroakademie.de\/magazin\/generalisierte-ausbildung-kontra-spezialwissen-der-pflege-fachkraft\/#primaryimage\"},\"thumbnailUrl\":\"https:\/\/www.euroakademie.de\/magazin\/wp-content\/uploads\/2016\/09\/shutterstock_252192586_702x336_web.jpg\",\"datePublished\":\"2016-09-13T06:45:13+00:00\",\"dateModified\":\"2024-11-19T14:33:14+00:00\",\"description\":\"Die geplante Ausbildungsreform in den Pflegeberufen st\u00f6\u00dft bei vielen auf gemischte Reaktionen. Eine angehende Altenpflegerin schildert ihre Sicht der Dinge.\",\"breadcrumb\":{\"@id\":\"https:\/\/www.euroakademie.de\/magazin\/generalisierte-ausbildung-kontra-spezialwissen-der-pflege-fachkraft\/#breadcrumb\"},\"inLanguage\":\"de\",\"potentialAction\":[{\"@type\":\"ReadAction\",\"target\":[\"https:\/\/www.euroakademie.de\/magazin\/generalisierte-ausbildung-kontra-spezialwissen-der-pflege-fachkraft\/\"]}]},{\"@type\":\"ImageObject\",\"inLanguage\":\"de\",\"@id\":\"https:\/\/www.euroakademie.de\/magazin\/generalisierte-ausbildung-kontra-spezialwissen-der-pflege-fachkraft\/#primaryimage\",\"url\":\"https:\/\/www.euroakademie.de\/magazin\/wp-content\/uploads\/2016\/09\/shutterstock_252192586_702x336_web.jpg\",\"contentUrl\":\"https:\/\/www.euroakademie.de\/magazin\/wp-content\/uploads\/2016\/09\/shutterstock_252192586_702x336_web.jpg\",\"width\":702,\"height\":336,\"caption\":\"\"},{\"@type\":\"BreadcrumbList\",\"@id\":\"https:\/\/www.euroakademie.de\/magazin\/generalisierte-ausbildung-kontra-spezialwissen-der-pflege-fachkraft\/#breadcrumb\",\"itemListElement\":[{\"@type\":\"ListItem\",\"position\":1,\"name\":\"Startseite\",\"item\":\"https:\/\/www.euroakademie.de\/magazin\/\"},{\"@type\":\"ListItem\",\"position\":2,\"name\":\"Generalisierte Ausbildung kontra Spezialwissen der Pflegefachkraft\"}]},{\"@type\":\"WebSite\",\"@id\":\"https:\/\/www.euroakademie.de\/magazin\/#website\",\"url\":\"https:\/\/www.euroakademie.de\/magazin\/\",\"name\":\"Das Euro Akademie Magazin\",\"description\":\"Gut informiert durch Ausbildung und Studium\",\"publisher\":{\"@id\":\"https:\/\/www.euroakademie.de\/magazin\/#organization\"},\"potentialAction\":[{\"@type\":\"SearchAction\",\"target\":{\"@type\":\"EntryPoint\",\"urlTemplate\":\"https:\/\/www.euroakademie.de\/magazin\/?s={search_term_string}\"},\"query-input\":{\"@type\":\"PropertyValueSpecification\",\"valueRequired\":true,\"valueName\":\"search_term_string\"}}],\"inLanguage\":\"de\"},{\"@type\":\"Organization\",\"@id\":\"https:\/\/www.euroakademie.de\/magazin\/#organization\",\"name\":\"ESO Education Group\",\"url\":\"https:\/\/www.euroakademie.de\/magazin\/\",\"logo\":{\"@type\":\"ImageObject\",\"inLanguage\":\"de\",\"@id\":\"https:\/\/www.euroakademie.de\/magazin\/#\/schema\/logo\/image\/\",\"url\":\"https:\/\/relaunch.euroakademie.de\/magazin\/wp-content\/uploads\/2024\/11\/Logo_EA_negativ_Rahmen_5cm_300dpi_RGB.jpg\",\"contentUrl\":\"https:\/\/relaunch.euroakademie.de\/magazin\/wp-content\/uploads\/2024\/11\/Logo_EA_negativ_Rahmen_5cm_300dpi_RGB.jpg\",\"width\":591,\"height\":236,\"caption\":\"ESO Education Group\"},\"image\":{\"@id\":\"https:\/\/www.euroakademie.de\/magazin\/#\/schema\/logo\/image\/\"}},{\"@type\":\"Person\",\"@id\":\"https:\/\/www.euroakademie.de\/magazin\/#\/schema\/person\/c63332c955b2891be496a891aa473d51\",\"name\":\"Kristina Neukirch\",\"description\":\"Kristina Neukirch war im Bereich Marketing und PR an den Euro Akademien Chemnitz und Rochlitz besch\u00e4ftigt. Als freie Journalistin im Bereich Bildung berichtete sie zwischen 2015 und 2019 in unserem Magazin \u00fcber die Euro Akademien Chemnitz und Rochlitz und schrieb f\u00fcr die Rubrik \\\"Gesundheit &amp; Pflege\\\". Au\u00dferdem war sie als Dozentin f\u00fcr Deutsch als Zweitsprache t\u00e4tig.\",\"url\":\"https:\/\/www.euroakademie.de\/magazin\/author\/kristinaneukirch\/\"}]}<\/script>\n<!-- \/ Yoast SEO plugin. -->","yoast_head_json":{"title":"Generalisierte Ausbildung kontra Spezialwissen der Pflegefachkraft","description":"Die geplante Ausbildungsreform in den Pflegeberufen st\u00f6\u00dft bei vielen auf gemischte Reaktionen. Eine angehende Altenpflegerin schildert ihre Sicht der Dinge.","robots":{"index":"index","follow":"follow","max-snippet":"max-snippet:-1","max-image-preview":"max-image-preview:large","max-video-preview":"max-video-preview:-1"},"canonical":"https:\/\/www.euroakademie.de\/magazin\/generalisierte-ausbildung-kontra-spezialwissen-der-pflege-fachkraft\/","og_locale":"de_DE","og_type":"article","og_title":"Generalisierte Ausbildung kontra Spezialwissen der Pflegefachkraft","og_description":"Die geplante Ausbildungsreform in den Pflegeberufen st\u00f6\u00dft bei vielen auf gemischte Reaktionen. Eine angehende Altenpflegerin schildert ihre Sicht der Dinge.","og_url":"https:\/\/www.euroakademie.de\/magazin\/generalisierte-ausbildung-kontra-spezialwissen-der-pflege-fachkraft\/","og_site_name":"Das Euro Akademie Magazin","article_published_time":"2016-09-13T06:45:13+00:00","article_modified_time":"2024-11-19T14:33:14+00:00","og_image":[{"width":702,"height":336,"url":"https:\/\/www.euroakademie.de\/magazin\/wp-content\/uploads\/2016\/09\/shutterstock_252192586_702x336_web.jpg","type":"image\/jpeg"}],"author":"Kristina Neukirch","twitter_card":"summary_large_image","twitter_misc":{"Verfasst von":"Kristina Neukirch","Gesch\u00e4tzte Lesezeit":"6\u00a0Minuten"},"schema":{"@context":"https:\/\/schema.org","@graph":[{"@type":"Article","@id":"https:\/\/www.euroakademie.de\/magazin\/generalisierte-ausbildung-kontra-spezialwissen-der-pflege-fachkraft\/#article","isPartOf":{"@id":"https:\/\/www.euroakademie.de\/magazin\/generalisierte-ausbildung-kontra-spezialwissen-der-pflege-fachkraft\/"},"author":{"name":"Kristina Neukirch","@id":"https:\/\/www.euroakademie.de\/magazin\/#\/schema\/person\/c63332c955b2891be496a891aa473d51"},"headline":"Generalisierte Ausbildung kontra Spezialwissen der Pflegefachkraft","datePublished":"2016-09-13T06:45:13+00:00","dateModified":"2024-11-19T14:33:14+00:00","mainEntityOfPage":{"@id":"https:\/\/www.euroakademie.de\/magazin\/generalisierte-ausbildung-kontra-spezialwissen-der-pflege-fachkraft\/"},"wordCount":1135,"publisher":{"@id":"https:\/\/www.euroakademie.de\/magazin\/#organization"},"image":{"@id":"https:\/\/www.euroakademie.de\/magazin\/generalisierte-ausbildung-kontra-spezialwissen-der-pflege-fachkraft\/#primaryimage"},"thumbnailUrl":"https:\/\/www.euroakademie.de\/magazin\/wp-content\/uploads\/2016\/09\/shutterstock_252192586_702x336_web.jpg","keywords":["Altenpflege","Altenpfleger","Ausbildung","Generalisierte Ausbildung","Pflegefachkraft","Spezialwissen"],"articleSection":["Chemnitz","Gesundheit &amp; Pflege"],"inLanguage":"de"},{"@type":"WebPage","@id":"https:\/\/www.euroakademie.de\/magazin\/generalisierte-ausbildung-kontra-spezialwissen-der-pflege-fachkraft\/","url":"https:\/\/www.euroakademie.de\/magazin\/generalisierte-ausbildung-kontra-spezialwissen-der-pflege-fachkraft\/","name":"Generalisierte Ausbildung kontra Spezialwissen der Pflegefachkraft","isPartOf":{"@id":"https:\/\/www.euroakademie.de\/magazin\/#website"},"primaryImageOfPage":{"@id":"https:\/\/www.euroakademie.de\/magazin\/generalisierte-ausbildung-kontra-spezialwissen-der-pflege-fachkraft\/#primaryimage"},"image":{"@id":"https:\/\/www.euroakademie.de\/magazin\/generalisierte-ausbildung-kontra-spezialwissen-der-pflege-fachkraft\/#primaryimage"},"thumbnailUrl":"https:\/\/www.euroakademie.de\/magazin\/wp-content\/uploads\/2016\/09\/shutterstock_252192586_702x336_web.jpg","datePublished":"2016-09-13T06:45:13+00:00","dateModified":"2024-11-19T14:33:14+00:00","description":"Die geplante Ausbildungsreform in den Pflegeberufen st\u00f6\u00dft bei vielen auf gemischte Reaktionen. Eine angehende Altenpflegerin schildert ihre Sicht der Dinge.","breadcrumb":{"@id":"https:\/\/www.euroakademie.de\/magazin\/generalisierte-ausbildung-kontra-spezialwissen-der-pflege-fachkraft\/#breadcrumb"},"inLanguage":"de","potentialAction":[{"@type":"ReadAction","target":["https:\/\/www.euroakademie.de\/magazin\/generalisierte-ausbildung-kontra-spezialwissen-der-pflege-fachkraft\/"]}]},{"@type":"ImageObject","inLanguage":"de","@id":"https:\/\/www.euroakademie.de\/magazin\/generalisierte-ausbildung-kontra-spezialwissen-der-pflege-fachkraft\/#primaryimage","url":"https:\/\/www.euroakademie.de\/magazin\/wp-content\/uploads\/2016\/09\/shutterstock_252192586_702x336_web.jpg","contentUrl":"https:\/\/www.euroakademie.de\/magazin\/wp-content\/uploads\/2016\/09\/shutterstock_252192586_702x336_web.jpg","width":702,"height":336,"caption":""},{"@type":"BreadcrumbList","@id":"https:\/\/www.euroakademie.de\/magazin\/generalisierte-ausbildung-kontra-spezialwissen-der-pflege-fachkraft\/#breadcrumb","itemListElement":[{"@type":"ListItem","position":1,"name":"Startseite","item":"https:\/\/www.euroakademie.de\/magazin\/"},{"@type":"ListItem","position":2,"name":"Generalisierte Ausbildung kontra Spezialwissen der Pflegefachkraft"}]},{"@type":"WebSite","@id":"https:\/\/www.euroakademie.de\/magazin\/#website","url":"https:\/\/www.euroakademie.de\/magazin\/","name":"Das Euro Akademie Magazin","description":"Gut informiert durch Ausbildung und Studium","publisher":{"@id":"https:\/\/www.euroakademie.de\/magazin\/#organization"},"potentialAction":[{"@type":"SearchAction","target":{"@type":"EntryPoint","urlTemplate":"https:\/\/www.euroakademie.de\/magazin\/?s={search_term_string}"},"query-input":{"@type":"PropertyValueSpecification","valueRequired":true,"valueName":"search_term_string"}}],"inLanguage":"de"},{"@type":"Organization","@id":"https:\/\/www.euroakademie.de\/magazin\/#organization","name":"ESO Education Group","url":"https:\/\/www.euroakademie.de\/magazin\/","logo":{"@type":"ImageObject","inLanguage":"de","@id":"https:\/\/www.euroakademie.de\/magazin\/#\/schema\/logo\/image\/","url":"https:\/\/relaunch.euroakademie.de\/magazin\/wp-content\/uploads\/2024\/11\/Logo_EA_negativ_Rahmen_5cm_300dpi_RGB.jpg","contentUrl":"https:\/\/relaunch.euroakademie.de\/magazin\/wp-content\/uploads\/2024\/11\/Logo_EA_negativ_Rahmen_5cm_300dpi_RGB.jpg","width":591,"height":236,"caption":"ESO Education Group"},"image":{"@id":"https:\/\/www.euroakademie.de\/magazin\/#\/schema\/logo\/image\/"}},{"@type":"Person","@id":"https:\/\/www.euroakademie.de\/magazin\/#\/schema\/person\/c63332c955b2891be496a891aa473d51","name":"Kristina Neukirch","description":"Kristina Neukirch war im Bereich Marketing und PR an den Euro Akademien Chemnitz und Rochlitz besch\u00e4ftigt. Als freie Journalistin im Bereich Bildung berichtete sie zwischen 2015 und 2019 in unserem Magazin \u00fcber die Euro Akademien Chemnitz und Rochlitz und schrieb f\u00fcr die Rubrik \"Gesundheit &amp; Pflege\". Au\u00dferdem war sie als Dozentin f\u00fcr Deutsch als Zweitsprache t\u00e4tig.","url":"https:\/\/www.euroakademie.de\/magazin\/author\/kristinaneukirch\/"}]}},"_links":{"self":[{"href":"https:\/\/www.euroakademie.de\/magazin\/wp-json\/wp\/v2\/posts\/4577","targetHints":{"allow":["GET"]}}],"collection":[{"href":"https:\/\/www.euroakademie.de\/magazin\/wp-json\/wp\/v2\/posts"}],"about":[{"href":"https:\/\/www.euroakademie.de\/magazin\/wp-json\/wp\/v2\/types\/post"}],"author":[{"embeddable":true,"href":"https:\/\/www.euroakademie.de\/magazin\/wp-json\/wp\/v2\/users\/10"}],"replies":[{"embeddable":true,"href":"https:\/\/www.euroakademie.de\/magazin\/wp-json\/wp\/v2\/comments?post=4577"}],"version-history":[{"count":1,"href":"https:\/\/www.euroakademie.de\/magazin\/wp-json\/wp\/v2\/posts\/4577\/revisions"}],"predecessor-version":[{"id":23646,"href":"https:\/\/www.euroakademie.de\/magazin\/wp-json\/wp\/v2\/posts\/4577\/revisions\/23646"}],"wp:featuredmedia":[{"embeddable":true,"href":"https:\/\/www.euroakademie.de\/magazin\/wp-json\/wp\/v2\/media\/6889"}],"wp:attachment":[{"href":"https:\/\/www.euroakademie.de\/magazin\/wp-json\/wp\/v2\/media?parent=4577"}],"wp:term":[{"taxonomy":"category","embeddable":true,"href":"https:\/\/www.euroakademie.de\/magazin\/wp-json\/wp\/v2\/categories?post=4577"},{"taxonomy":"post_tag","embeddable":true,"href":"https:\/\/www.euroakademie.de\/magazin\/wp-json\/wp\/v2\/tags?post=4577"}],"curies":[{"name":"wp","href":"https:\/\/api.w.org\/{rel}","templated":true}]}}