{"id":4634,"date":"2016-09-22T08:30:21","date_gmt":"2016-09-22T06:30:21","guid":{"rendered":"https:\/\/www.euroakademie.de\/magazin\/?p=4634"},"modified":"2024-11-19T13:24:22","modified_gmt":"2024-11-19T12:24:22","slug":"ausbildung-des-monats-international-administration-manager","status":"publish","type":"post","link":"https:\/\/www.euroakademie.de\/magazin\/ausbildung-des-monats-international-administration-manager\/","title":{"rendered":"Ausbildung des Monats: International Administration Manager"},"content":{"rendered":"<p>\t\t\t\t<![CDATA[<strong>Tr\u00e4umen Sie von einer steilen Karriere? Wollen Sie auf der B\u00fchne der internationalen Wirtschaft eine tragende Rolle spielen und etwas in der globalisierten Welt bewirken? Eine Ausbildung zum International Administration Manager wird Sie Ihrem Ziel n\u00e4herbringen.<\/strong>\n\nMeetings mit Partnern aus aller Welt, das Heranreifen zukunftsweisender Ideen, die Ausarbeitung einer mehrsprachigen Pr\u00e4sentation f\u00fcr die Entscheider von morgen \u2013 so sieht Ihr Traum vom sp\u00e4teren Berufsleben aus? Die dreij\u00e4hrige Ausbildung zum <a href=\"https:\/\/www.euroakademie.de\/details\/GO1IA_6MQ2Q18S_1\/International-Administration-Manager-ESA---Fachrichtung-Marketin\">International Administration Manager ESA<\/a> bereitet Sie auf eine solche Zukunft vor, in der Sie die Vorteile einer globalisierten Welt f\u00fcr sich nutzen k\u00f6nnen.\n\nDurch die Verbindung von betriebswirtschaftlichen mit fremdsprachlichen Kenntnissen sind Sie nicht nur vielf\u00e4ltig einsetzbar und haben eine gro\u00dfe Bandbreite an M\u00f6glichkeiten auf dem Arbeitsmarkt, sondern Ihnen winkt zus\u00e4tzlich ein spannendes Aufgabenfeld. Ihr Wirkungskreis ist das Management, das in kleinen wie gro\u00dfen Unternehmen die F\u00e4den spinnt und f\u00fcr den Erfolg und das Wachstum verantwortlich ist.\n\n\n<h2>Was sind ESA-Ausbildungen?<\/h2>\n\n\nDie Ausbildung zum International Administration Manager an den Standorten der Euro Akademie erfolgt in Kooperation mit der internationalen Pr\u00fcfungsorganisation ESA. Die Abk\u00fcrzung steht f\u00fcr \u201eEuropean Schools of Higher Education in Administration and Management\u201c.\n\nDie Vorteile liegen in den Qualit\u00e4tsanforderungen von ESA. Es wird darauf geachtet, dass bestimmte Kriterien in der Ausbildung eingehalten werden, sodass Ihr Abschluss bundesweit und sogar international in Wirtschaft und Verwaltung vergleichbar bleibt. Damit wissen auch potenzielle Arbeitgeber im Ausland, wie hoch Sie qualifiziert sind. Dies ist besonders wichtig bei einem Berufsweg, auf dem Sie weltweit agieren wollen.\n\n\n<h2>Die unterschiedlichen Zweige beim International Administration Manager<\/h2>\n\n\nAn der Euro Akademie k\u00f6nnen Sie sich im Bereich des International Administration Managers auf eine von vier Fachrichtungen spezialisieren, je nachdem wo Ihre pers\u00f6nlichen Interessen und St\u00e4rken liegen. Auch das Gebiet, in dem Sie sp\u00e4ter t\u00e4tig sein wollen, ist ausschlaggebend. Die Bildungsg\u00e4nge Office Management, Marketing Management, Tourism and Event Management sowie Health Management stehen zur Auswahl.\n\n\n<h3>Office Manager \u2013 Der Assistent f\u00fcr die Elite<\/h3>\n\n\nPapierablage, Standardschreiben und die Aufgabe von Bestellungen sind Ihnen nicht genug. Als <a href=\"https:\/\/www.euroakademie.de\/bildungsangebote\/wirtschaft-management\">Office Manager<\/a> beziehungsweise Europasekret\u00e4r, wie der Abschluss an einigen Euro Akademien auch hei\u00dft, sind Sie zu h\u00f6herem berufen und gl\u00e4nzen an der Seite der Gesch\u00e4ftsf\u00fchrung.\n\nSie korrespondieren in mindestens drei Fremdsprachen und arbeiten Besprechungsunterlagen ebenso mehrsprachig aus. Als Assistent eines Teams, Projekts oder sogar der Unternehmensleitung lernen Sie wichtige Partner kennen, deren Sprache Sie beherrschen und organisieren Meetings, auf denen die von Ihnen ausgearbeitete Pr\u00e4sentation vorgestellt wird. Selbst die Planung ganzer Gesch\u00e4ftsreisen f\u00e4llt in Ihr Ressort.\n\nDie Ausbildung zum International Administration Manager bef\u00e4higt Sie zum Umgang mit den einschl\u00e4gigen Programmen und Methoden. Dadurch gelangen Sie im Beruf sicherlich schnell zu Anerkennung im Management und machen sich zu einer unverzichtbaren St\u00fctze in einer global agierenden Firma.\n\nAngeboten wird diese Ausbildung an der Euro Akademie <a href=\"https:\/\/www.euroakademie.de\/de\/standorte\/dortmund.html\">Dortmund,<\/a> <a href=\"https:\/\/www.euroakademie.de\/de\/standorte\/halle-saale.html\">Halle-Saale,<\/a> <a href=\"https:\/\/www.euroakademie.de\/de\/standorte\/hamburg.html\">Hamburg,<\/a> <a href=\"https:\/\/www.euroakademie.de\/de\/standorte\/koeln.html\">K\u00f6ln,<\/a> <a href=\"https:\/\/www.euroakademie.de\/de\/standorte\/oldenburg.html\">Oldenburg<\/a> und <a href=\"https:\/\/www.euroakademie.de\/de\/standorte\/trier.html\">Trier.<\/a>\n\n\n<h3>Marketing Manager \u2013 Das kreative Gehirn<\/h3>\n\n\nHaben Sie ein H\u00e4ndchen daf\u00fcr, anderen Ihre Ideen schmackhaft zu machen? Dann f\u00fchlen Sie sich m\u00f6glicherweise im Marketing wohl. Ob Sie in der Presse- und \u00d6ffentlichkeitsarbeit die Entwicklung und das Vorgehen des Betriebs vorstellen, bei der Ausarbeitung eines Ideenkonzepts in der Produktwerbung mitwirken oder \u00fcber Strategien in der Verkaufsf\u00f6rderung diskutieren \u2013 die <a href=\"https:\/\/www.euroakademie.de\/bildungsangebote\/wirtschaft-management\">Ausbildung zum Marketing Manager<\/a> bereitet Sie auf alle Bereiche eingehend vor. M\u00f6gliche Arbeitgeber sind dabei Werbe- oder Presseagenturen ebenso wie Firmen, die sich selbst nach au\u00dfen vertreten.\n\nNeben betriebswirtschaftlichem Handwerkzeug und drei Fremdsprachen wird Ihnen fundiertes Wissen zur Arbeit im Marketing mit auf den Weg gegeben. Nicht zuletzt lernen Sie Essenzielles \u00fcber das Auftreten und die Strategien im Internet, die f\u00fcr wachsende Unternehmen heutzutage von besonderer Bedeutung sind.\n\nDiese Ausbildung k\u00f6nnen Sie an unseren Standorten in <a href=\"https:\/\/www.euroakademie.de\/de\/standorte\/dortmund.html\">Dortmund,<\/a> <a href=\"https:\/\/www.euroakademie.de\/de\/standorte\/halle-saale.html\">Halle-Saale,<\/a> <a href=\"https:\/\/www.euroakademie.de\/de\/standorte\/koeln.html\">K\u00f6ln<\/a> und <a href=\"https:\/\/www.euroakademie.de\/de\/standorte\/oldenburg.html\">Oldenburg<\/a> absolvieren.\n\n\n<h3>Tourism and Event Manager \u2013 Ein Organisationstalent<\/h3>\n\n\nWieso sich auf B\u00fcros beschr\u00e4nken, wenn die Welt da drau\u00dfen so gro\u00df ist? Neben Meetings und Besprechungen helfen Sie als <a href=\"https:\/\/www.euroakademie.de\/details\/S82IA_6MQ2Q18S_1\/International-Administration-Manager-ESA---Fachrichtung-Tourism-\">Tourism and Event Manager<\/a> dabei, Messen, Tagungen bis hin zu ganzen Konzerten zu organisieren \u2013 je nachdem bei welchem Unternehmen Sie arbeiten. An Spannung und Abwechslung wird es Ihnen sicherlich nicht fehlen. Im Tourismusbereich m\u00fcssen Sie immerhin auch das ein oder andere Land besuchen und die dortige Kultur unter die Lupe nehmen, bevor Sie Ideen f\u00fcr die Bewerbung einer Reise entwickeln k\u00f6nnen.\n\nEbenso faszinierend wie die Aufgaben liest sich die Liste m\u00f6glicher Arbeitgeber: Mit dieser Ausbildung k\u00f6nnen Sie bei Freizeitparks, Erlebnisgastronomen, Filmstudios und vielem mehr unterkommen. Dort gl\u00e4nzen Sie mit Ihren Sprachkenntnissen und dem Hintergrundwissen zur Veranstaltungsorganisation und Tourismusbranche.\n\nDie <a href=\"https:\/\/www.euroakademie.de\/de\/standorte\/halle-saale.html\">Euro Akademie Halle-Saale<\/a> sowie die <a href=\"https:\/\/www.euroakademie.de\/de\/standorte\/oldenburg.html\">Euro Akademie Oldenburg<\/a> bieten diese Fachrichtung an.\n\n\n<h3>Health Management \u2013 Der Schnittpunkt zwischen Wirtschaft und Pflege<\/h3>\n\n\nWer seinen Interessensschwerpunkt sowohl im Management als auch im medizinischen Bereich sieht, findet als <a href=\"https:\/\/www.euroakademie.de\/de\/ausbildung\/wirtschaft-management\/international-administration-manager-esa.html\">Health Manager<\/a> vielleicht seine Berufung. Die Ausbildung an der <a href=\"https:\/\/www.euroakademie.de\/de\/standorte\/oldenburg.html\">Euro Akademie Oldenburg<\/a> befasst sich sowohl mit den klassischen Bereichen der Betriebswirtschaft als auch mit den Schwerpunktthemen in der Gesundheitsbranche.\n\nWie im Unternehmen m\u00fcssen in Krankenh\u00e4usern, Praxen und Pflegediensten die Abl\u00e4ufe ebenso organisiert werden. Sie unterst\u00fctzen die Einrichtungen dabei, Gesundheitsleistungen anzubieten und gleichzeitig wirtschaftlich zu arbeiten. Zus\u00e4tzlich stehen Ihre Chancen auf eine attraktive Stelle gut: Der momentane Bedarf an Fachkr\u00e4ften im Health Management ist gro\u00df und w\u00e4chst noch weiter.\n\n\n<h2>Was Sie f\u00fcr den Ausbildungsstart brauchen<\/h2>\n\n\nUm die Ausbildung zum International Administration Manager antreten zu k\u00f6nnen, sollten Sie die (Fach-)Hochschulreife oder einen vergleichbaren Abschluss haben. Zus\u00e4tzlich ben\u00f6tigen Sie Vorkenntnisse in Englisch und meistens ebenfalls in Franz\u00f6sisch.\n\nDa die spezifischen Zulassungsvoraussetzungen allerding zwischen den Bundesl\u00e4ndern variieren, informieren Sie sich bitte direkt auf den Seiten der entsprechenden Euro Akademie. Dort sehen Sie auch, ob Sie w\u00e4hrend der Ausbildung einen zus\u00e4tzlichen Abschluss erwerben k\u00f6nnen. Teilweise besteht beispielsweise die M\u00f6glichkeit, zus\u00e4tzlich die Pr\u00fcfung zum <a href=\"https:\/\/www.euroakademie.de\/bildungsangebote\/wirtschaft-management\">Kaufm\u00e4nnischen Assistenten<\/a> abzulegen.\n\n\n<h2>Noch unschl\u00fcssig?<\/h2>\n\n\nSind Sie interessiert und haben alle n\u00f6tigen Qualifikationen? Dann gilt es nur noch zu \u00fcberlegen, ob Sie auch \u00fcber die pers\u00f6nlichen Voraussetzungen verf\u00fcgen. Als International Administration Manager ben\u00f6tigen Sie in jedem der vier Fachbereiche die F\u00e4higkeit, den \u00dcberblick zu behalten. Sie werden im Berufsalltag viel organisieren und die Chance bekommen, Verantwortung zu tragen, der Sie gerecht werden m\u00fcssen.\n\nZus\u00e4tzlich h\u00e4ngt der Erfolg von Veranstaltungen, Meetings, Pr\u00e4sentationen oder einer Show von zahlreichen Faktoren ab. Die Teilnehmer m\u00fcssen da sein, der Ort gebucht und vorbereitet, die Unterlagen ausgearbeitet. Technisches und menschliches Versagen ist keine Seltenheit, weswegen Sie spontan reagieren und Ihre Flexibilit\u00e4t beweisen k\u00f6nnen. Mit Einsatz und Kreativit\u00e4t suchen Sie nach Alternativen und L\u00f6sungen \u2013 und beeindrucken sicherlich den ein oder anderen auf Ihrem Berufsweg.\n\n\n<h2>Wie geht es weiter?<\/h2>\n\n\nNicht nur der Beruf des International Administration Managers steckt voller M\u00f6glichkeiten, sondern auch der Abschluss an sich. Statt sich direkt in das Arbeitsleben zu st\u00fcrzen, haben Sie zus\u00e4tzlich die Chance, ein Studium anzuschlie\u00dfen. Sie k\u00f6nnen die Welt erobern und starten mit einer einzigen Ausbildung.]]>\t\t<\/p>\n","protected":false},"excerpt":{"rendered":"<p>\t\t\t\t<![CDATA[]]>\t\t<\/p>\n","protected":false},"author":37,"featured_media":6836,"comment_status":"closed","ping_status":"closed","sticky":false,"template":"","format":"standard","meta":{"footnotes":""},"categories":[67,16,46],"tags":[4216,4219,4402,5428,9226,9235],"class_list":{"0":"post-4634","1":"post","2":"type-post","3":"status-publish","4":"format-standard","5":"has-post-thumbnail","7":"category-ausbildung-des-monats","8":"category-gesundheit-pflege","9":"category-wirtschaft-management","10":"tag-international","11":"tag-international-administration-manager","12":"tag-karriere","13":"tag-management","14":"tag-wirtschaft","15":"tag-wirtschaftssymposium"},"yoast_head":"<!-- This site is optimized with the Yoast SEO plugin v23.5 - https:\/\/yoast.com\/wordpress\/plugins\/seo\/ -->\n<title>Ausbildung des Monats: International Administration Manager<\/title>\n<meta name=\"description\" content=\"Mit einer Ausbildung zum International Administration Manager ESA k\u00f6nnen Sie wirklich etwas in der globalisierten Welt bewegen.\" \/>\n<meta name=\"robots\" content=\"index, follow, max-snippet:-1, max-image-preview:large, max-video-preview:-1\" \/>\n<link rel=\"canonical\" href=\"https:\/\/www.euroakademie.de\/magazin\/ausbildung-des-monats-international-administration-manager\/\" \/>\n<meta property=\"og:locale\" content=\"de_DE\" \/>\n<meta property=\"og:type\" content=\"article\" \/>\n<meta property=\"og:title\" content=\"Ausbildung des Monats: International Administration Manager\" \/>\n<meta property=\"og:description\" content=\"Mit einer Ausbildung zum International Administration Manager ESA k\u00f6nnen Sie wirklich etwas in der globalisierten Welt bewegen.\" \/>\n<meta property=\"og:url\" content=\"https:\/\/www.euroakademie.de\/magazin\/ausbildung-des-monats-international-administration-manager\/\" \/>\n<meta property=\"og:site_name\" content=\"Das Euro Akademie Magazin\" \/>\n<meta property=\"article:published_time\" content=\"2016-09-22T06:30:21+00:00\" \/>\n<meta property=\"article:modified_time\" content=\"2024-11-19T12:24:22+00:00\" \/>\n<meta property=\"og:image\" content=\"https:\/\/www.euroakademie.de\/magazin\/wp-content\/uploads\/2016\/09\/shutterstock_712414813_702x336_web.jpg\" \/>\n\t<meta property=\"og:image:width\" content=\"702\" \/>\n\t<meta property=\"og:image:height\" content=\"336\" \/>\n\t<meta property=\"og:image:type\" content=\"image\/jpeg\" \/>\n<meta name=\"author\" content=\"Katharina Boyens\" \/>\n<meta name=\"twitter:card\" content=\"summary_large_image\" \/>\n<meta name=\"twitter:label1\" content=\"Verfasst von\" \/>\n\t<meta name=\"twitter:data1\" content=\"Katharina Boyens\" \/>\n\t<meta name=\"twitter:label2\" content=\"Gesch\u00e4tzte Lesezeit\" \/>\n\t<meta name=\"twitter:data2\" content=\"6\u00a0Minuten\" \/>\n<script type=\"application\/ld+json\" class=\"yoast-schema-graph\">{\"@context\":\"https:\/\/schema.org\",\"@graph\":[{\"@type\":\"Article\",\"@id\":\"https:\/\/www.euroakademie.de\/magazin\/ausbildung-des-monats-international-administration-manager\/#article\",\"isPartOf\":{\"@id\":\"https:\/\/www.euroakademie.de\/magazin\/ausbildung-des-monats-international-administration-manager\/\"},\"author\":{\"name\":\"Katharina Boyens\",\"@id\":\"https:\/\/www.euroakademie.de\/magazin\/#\/schema\/person\/bc82ae73082e3ac93c406d0d76cb0cff\"},\"headline\":\"Ausbildung des Monats: International Administration Manager\",\"datePublished\":\"2016-09-22T06:30:21+00:00\",\"dateModified\":\"2024-11-19T12:24:22+00:00\",\"mainEntityOfPage\":{\"@id\":\"https:\/\/www.euroakademie.de\/magazin\/ausbildung-des-monats-international-administration-manager\/\"},\"wordCount\":1187,\"publisher\":{\"@id\":\"https:\/\/www.euroakademie.de\/magazin\/#organization\"},\"image\":{\"@id\":\"https:\/\/www.euroakademie.de\/magazin\/ausbildung-des-monats-international-administration-manager\/#primaryimage\"},\"thumbnailUrl\":\"https:\/\/www.euroakademie.de\/magazin\/wp-content\/uploads\/2016\/09\/shutterstock_712414813_702x336_web.jpg\",\"keywords\":[\"international\",\"International Administration Manager\",\"Karriere\",\"Management\",\"Wirtschaft\",\"Wirtschaftssymposium\"],\"articleSection\":[\"Ausbildungen im Portrait\",\"Gesundheit &amp; Pflege\",\"Wirtschaft &amp; Management\"],\"inLanguage\":\"de\"},{\"@type\":\"WebPage\",\"@id\":\"https:\/\/www.euroakademie.de\/magazin\/ausbildung-des-monats-international-administration-manager\/\",\"url\":\"https:\/\/www.euroakademie.de\/magazin\/ausbildung-des-monats-international-administration-manager\/\",\"name\":\"Ausbildung des Monats: International Administration Manager\",\"isPartOf\":{\"@id\":\"https:\/\/www.euroakademie.de\/magazin\/#website\"},\"primaryImageOfPage\":{\"@id\":\"https:\/\/www.euroakademie.de\/magazin\/ausbildung-des-monats-international-administration-manager\/#primaryimage\"},\"image\":{\"@id\":\"https:\/\/www.euroakademie.de\/magazin\/ausbildung-des-monats-international-administration-manager\/#primaryimage\"},\"thumbnailUrl\":\"https:\/\/www.euroakademie.de\/magazin\/wp-content\/uploads\/2016\/09\/shutterstock_712414813_702x336_web.jpg\",\"datePublished\":\"2016-09-22T06:30:21+00:00\",\"dateModified\":\"2024-11-19T12:24:22+00:00\",\"description\":\"Mit einer Ausbildung zum International Administration Manager ESA k\u00f6nnen Sie wirklich etwas in der globalisierten Welt bewegen.\",\"breadcrumb\":{\"@id\":\"https:\/\/www.euroakademie.de\/magazin\/ausbildung-des-monats-international-administration-manager\/#breadcrumb\"},\"inLanguage\":\"de\",\"potentialAction\":[{\"@type\":\"ReadAction\",\"target\":[\"https:\/\/www.euroakademie.de\/magazin\/ausbildung-des-monats-international-administration-manager\/\"]}]},{\"@type\":\"ImageObject\",\"inLanguage\":\"de\",\"@id\":\"https:\/\/www.euroakademie.de\/magazin\/ausbildung-des-monats-international-administration-manager\/#primaryimage\",\"url\":\"https:\/\/www.euroakademie.de\/magazin\/wp-content\/uploads\/2016\/09\/shutterstock_712414813_702x336_web.jpg\",\"contentUrl\":\"https:\/\/www.euroakademie.de\/magazin\/wp-content\/uploads\/2016\/09\/shutterstock_712414813_702x336_web.jpg\",\"width\":702,\"height\":336,\"caption\":\"\"},{\"@type\":\"BreadcrumbList\",\"@id\":\"https:\/\/www.euroakademie.de\/magazin\/ausbildung-des-monats-international-administration-manager\/#breadcrumb\",\"itemListElement\":[{\"@type\":\"ListItem\",\"position\":1,\"name\":\"Startseite\",\"item\":\"https:\/\/www.euroakademie.de\/magazin\/\"},{\"@type\":\"ListItem\",\"position\":2,\"name\":\"Ausbildung des Monats: International Administration Manager\"}]},{\"@type\":\"WebSite\",\"@id\":\"https:\/\/www.euroakademie.de\/magazin\/#website\",\"url\":\"https:\/\/www.euroakademie.de\/magazin\/\",\"name\":\"Das Euro Akademie Magazin\",\"description\":\"Gut informiert durch Ausbildung und Studium\",\"publisher\":{\"@id\":\"https:\/\/www.euroakademie.de\/magazin\/#organization\"},\"potentialAction\":[{\"@type\":\"SearchAction\",\"target\":{\"@type\":\"EntryPoint\",\"urlTemplate\":\"https:\/\/www.euroakademie.de\/magazin\/?s={search_term_string}\"},\"query-input\":{\"@type\":\"PropertyValueSpecification\",\"valueRequired\":true,\"valueName\":\"search_term_string\"}}],\"inLanguage\":\"de\"},{\"@type\":\"Organization\",\"@id\":\"https:\/\/www.euroakademie.de\/magazin\/#organization\",\"name\":\"ESO Education Group\",\"url\":\"https:\/\/www.euroakademie.de\/magazin\/\",\"logo\":{\"@type\":\"ImageObject\",\"inLanguage\":\"de\",\"@id\":\"https:\/\/www.euroakademie.de\/magazin\/#\/schema\/logo\/image\/\",\"url\":\"https:\/\/relaunch.euroakademie.de\/magazin\/wp-content\/uploads\/2024\/11\/Logo_EA_negativ_Rahmen_5cm_300dpi_RGB.jpg\",\"contentUrl\":\"https:\/\/relaunch.euroakademie.de\/magazin\/wp-content\/uploads\/2024\/11\/Logo_EA_negativ_Rahmen_5cm_300dpi_RGB.jpg\",\"width\":591,\"height\":236,\"caption\":\"ESO Education Group\"},\"image\":{\"@id\":\"https:\/\/www.euroakademie.de\/magazin\/#\/schema\/logo\/image\/\"}},{\"@type\":\"Person\",\"@id\":\"https:\/\/www.euroakademie.de\/magazin\/#\/schema\/person\/bc82ae73082e3ac93c406d0d76cb0cff\",\"name\":\"Katharina Boyens\",\"description\":\"Katharina Boyens ist Germanistin und Anglistin mit einem Faible f\u00fcrs Schreiben. Von M\u00e4rz 2016 bis Januar 2021 bereicherte sie das Euro Akademie Magazin mit lesenswerten Beitr\u00e4gen in verschiedenen Rubriken.\",\"url\":\"https:\/\/www.euroakademie.de\/magazin\/author\/pfaffk\/\"}]}<\/script>\n<!-- \/ Yoast SEO plugin. -->","yoast_head_json":{"title":"Ausbildung des Monats: International Administration Manager","description":"Mit einer Ausbildung zum International Administration Manager ESA k\u00f6nnen Sie wirklich etwas in der globalisierten Welt bewegen.","robots":{"index":"index","follow":"follow","max-snippet":"max-snippet:-1","max-image-preview":"max-image-preview:large","max-video-preview":"max-video-preview:-1"},"canonical":"https:\/\/www.euroakademie.de\/magazin\/ausbildung-des-monats-international-administration-manager\/","og_locale":"de_DE","og_type":"article","og_title":"Ausbildung des Monats: International Administration Manager","og_description":"Mit einer Ausbildung zum International Administration Manager ESA k\u00f6nnen Sie wirklich etwas in der globalisierten Welt bewegen.","og_url":"https:\/\/www.euroakademie.de\/magazin\/ausbildung-des-monats-international-administration-manager\/","og_site_name":"Das Euro Akademie Magazin","article_published_time":"2016-09-22T06:30:21+00:00","article_modified_time":"2024-11-19T12:24:22+00:00","og_image":[{"width":702,"height":336,"url":"https:\/\/www.euroakademie.de\/magazin\/wp-content\/uploads\/2016\/09\/shutterstock_712414813_702x336_web.jpg","type":"image\/jpeg"}],"author":"Katharina Boyens","twitter_card":"summary_large_image","twitter_misc":{"Verfasst von":"Katharina Boyens","Gesch\u00e4tzte Lesezeit":"6\u00a0Minuten"},"schema":{"@context":"https:\/\/schema.org","@graph":[{"@type":"Article","@id":"https:\/\/www.euroakademie.de\/magazin\/ausbildung-des-monats-international-administration-manager\/#article","isPartOf":{"@id":"https:\/\/www.euroakademie.de\/magazin\/ausbildung-des-monats-international-administration-manager\/"},"author":{"name":"Katharina Boyens","@id":"https:\/\/www.euroakademie.de\/magazin\/#\/schema\/person\/bc82ae73082e3ac93c406d0d76cb0cff"},"headline":"Ausbildung des Monats: International Administration Manager","datePublished":"2016-09-22T06:30:21+00:00","dateModified":"2024-11-19T12:24:22+00:00","mainEntityOfPage":{"@id":"https:\/\/www.euroakademie.de\/magazin\/ausbildung-des-monats-international-administration-manager\/"},"wordCount":1187,"publisher":{"@id":"https:\/\/www.euroakademie.de\/magazin\/#organization"},"image":{"@id":"https:\/\/www.euroakademie.de\/magazin\/ausbildung-des-monats-international-administration-manager\/#primaryimage"},"thumbnailUrl":"https:\/\/www.euroakademie.de\/magazin\/wp-content\/uploads\/2016\/09\/shutterstock_712414813_702x336_web.jpg","keywords":["international","International Administration Manager","Karriere","Management","Wirtschaft","Wirtschaftssymposium"],"articleSection":["Ausbildungen im Portrait","Gesundheit &amp; Pflege","Wirtschaft &amp; Management"],"inLanguage":"de"},{"@type":"WebPage","@id":"https:\/\/www.euroakademie.de\/magazin\/ausbildung-des-monats-international-administration-manager\/","url":"https:\/\/www.euroakademie.de\/magazin\/ausbildung-des-monats-international-administration-manager\/","name":"Ausbildung des Monats: International Administration Manager","isPartOf":{"@id":"https:\/\/www.euroakademie.de\/magazin\/#website"},"primaryImageOfPage":{"@id":"https:\/\/www.euroakademie.de\/magazin\/ausbildung-des-monats-international-administration-manager\/#primaryimage"},"image":{"@id":"https:\/\/www.euroakademie.de\/magazin\/ausbildung-des-monats-international-administration-manager\/#primaryimage"},"thumbnailUrl":"https:\/\/www.euroakademie.de\/magazin\/wp-content\/uploads\/2016\/09\/shutterstock_712414813_702x336_web.jpg","datePublished":"2016-09-22T06:30:21+00:00","dateModified":"2024-11-19T12:24:22+00:00","description":"Mit einer Ausbildung zum International Administration Manager ESA k\u00f6nnen Sie wirklich etwas in der globalisierten Welt bewegen.","breadcrumb":{"@id":"https:\/\/www.euroakademie.de\/magazin\/ausbildung-des-monats-international-administration-manager\/#breadcrumb"},"inLanguage":"de","potentialAction":[{"@type":"ReadAction","target":["https:\/\/www.euroakademie.de\/magazin\/ausbildung-des-monats-international-administration-manager\/"]}]},{"@type":"ImageObject","inLanguage":"de","@id":"https:\/\/www.euroakademie.de\/magazin\/ausbildung-des-monats-international-administration-manager\/#primaryimage","url":"https:\/\/www.euroakademie.de\/magazin\/wp-content\/uploads\/2016\/09\/shutterstock_712414813_702x336_web.jpg","contentUrl":"https:\/\/www.euroakademie.de\/magazin\/wp-content\/uploads\/2016\/09\/shutterstock_712414813_702x336_web.jpg","width":702,"height":336,"caption":""},{"@type":"BreadcrumbList","@id":"https:\/\/www.euroakademie.de\/magazin\/ausbildung-des-monats-international-administration-manager\/#breadcrumb","itemListElement":[{"@type":"ListItem","position":1,"name":"Startseite","item":"https:\/\/www.euroakademie.de\/magazin\/"},{"@type":"ListItem","position":2,"name":"Ausbildung des Monats: International Administration Manager"}]},{"@type":"WebSite","@id":"https:\/\/www.euroakademie.de\/magazin\/#website","url":"https:\/\/www.euroakademie.de\/magazin\/","name":"Das Euro Akademie Magazin","description":"Gut informiert durch Ausbildung und Studium","publisher":{"@id":"https:\/\/www.euroakademie.de\/magazin\/#organization"},"potentialAction":[{"@type":"SearchAction","target":{"@type":"EntryPoint","urlTemplate":"https:\/\/www.euroakademie.de\/magazin\/?s={search_term_string}"},"query-input":{"@type":"PropertyValueSpecification","valueRequired":true,"valueName":"search_term_string"}}],"inLanguage":"de"},{"@type":"Organization","@id":"https:\/\/www.euroakademie.de\/magazin\/#organization","name":"ESO Education Group","url":"https:\/\/www.euroakademie.de\/magazin\/","logo":{"@type":"ImageObject","inLanguage":"de","@id":"https:\/\/www.euroakademie.de\/magazin\/#\/schema\/logo\/image\/","url":"https:\/\/relaunch.euroakademie.de\/magazin\/wp-content\/uploads\/2024\/11\/Logo_EA_negativ_Rahmen_5cm_300dpi_RGB.jpg","contentUrl":"https:\/\/relaunch.euroakademie.de\/magazin\/wp-content\/uploads\/2024\/11\/Logo_EA_negativ_Rahmen_5cm_300dpi_RGB.jpg","width":591,"height":236,"caption":"ESO Education Group"},"image":{"@id":"https:\/\/www.euroakademie.de\/magazin\/#\/schema\/logo\/image\/"}},{"@type":"Person","@id":"https:\/\/www.euroakademie.de\/magazin\/#\/schema\/person\/bc82ae73082e3ac93c406d0d76cb0cff","name":"Katharina Boyens","description":"Katharina Boyens ist Germanistin und Anglistin mit einem Faible f\u00fcrs Schreiben. Von M\u00e4rz 2016 bis Januar 2021 bereicherte sie das Euro Akademie Magazin mit lesenswerten Beitr\u00e4gen in verschiedenen Rubriken.","url":"https:\/\/www.euroakademie.de\/magazin\/author\/pfaffk\/"}]}},"_links":{"self":[{"href":"https:\/\/www.euroakademie.de\/magazin\/wp-json\/wp\/v2\/posts\/4634","targetHints":{"allow":["GET"]}}],"collection":[{"href":"https:\/\/www.euroakademie.de\/magazin\/wp-json\/wp\/v2\/posts"}],"about":[{"href":"https:\/\/www.euroakademie.de\/magazin\/wp-json\/wp\/v2\/types\/post"}],"author":[{"embeddable":true,"href":"https:\/\/www.euroakademie.de\/magazin\/wp-json\/wp\/v2\/users\/37"}],"replies":[{"embeddable":true,"href":"https:\/\/www.euroakademie.de\/magazin\/wp-json\/wp\/v2\/comments?post=4634"}],"version-history":[{"count":5,"href":"https:\/\/www.euroakademie.de\/magazin\/wp-json\/wp\/v2\/posts\/4634\/revisions"}],"predecessor-version":[{"id":23463,"href":"https:\/\/www.euroakademie.de\/magazin\/wp-json\/wp\/v2\/posts\/4634\/revisions\/23463"}],"wp:featuredmedia":[{"embeddable":true,"href":"https:\/\/www.euroakademie.de\/magazin\/wp-json\/wp\/v2\/media\/6836"}],"wp:attachment":[{"href":"https:\/\/www.euroakademie.de\/magazin\/wp-json\/wp\/v2\/media?parent=4634"}],"wp:term":[{"taxonomy":"category","embeddable":true,"href":"https:\/\/www.euroakademie.de\/magazin\/wp-json\/wp\/v2\/categories?post=4634"},{"taxonomy":"post_tag","embeddable":true,"href":"https:\/\/www.euroakademie.de\/magazin\/wp-json\/wp\/v2\/tags?post=4634"}],"curies":[{"name":"wp","href":"https:\/\/api.w.org\/{rel}","templated":true}]}}