{"id":4700,"date":"2016-10-13T08:30:10","date_gmt":"2016-10-13T06:30:10","guid":{"rendered":"https:\/\/www.euroakademie.de\/magazin\/?p=4700"},"modified":"2016-10-13T08:30:10","modified_gmt":"2016-10-13T06:30:10","slug":"luftschloesser-fuer-die-praxis","status":"publish","type":"post","link":"https:\/\/www.euroakademie.de\/magazin\/luftschloesser-fuer-die-praxis\/","title":{"rendered":"Luftschl\u00f6sser f\u00fcr die Praxis"},"content":{"rendered":"<p>\t\t\t\t<![CDATA[In der Erzieherausbildung, in der ich unterrichte, verdrehen die Sch\u00fcler manchmal die Augen und st\u00f6hnen. Genervt erkl\u00e4ren sie, dass das, was ich unterrichte, ja alles ganz sch\u00f6n kl\u00e4nge, aber die Praxis ganz anders auss\u00e4he: Da gelte Zeitdruck, da k\u00f6nne man nicht stundenlang im Modellcharakter Kinder betreuen, da regiere der Pragmatismus und der s\u00e4he weit weniger idyllisch aus.\n\nStimmt.\u00a0 Was das angeht, haben die Sch\u00fcler recht. Der Alltag in den Kitas sieht h\u00e4ufig \u2013 aber nicht immer! \u2013 anders aus. Ich bin viel in Kitas unterwegs und ich sehe Kitas, die f\u00fcr mich einen unersch\u00f6pflichen Reichtum an Ideen und guten L\u00f6sungen vorhalten. Ich sehe aber auch Einrichtungen, wo das Personal \u00fcberfordert ist und die Bedingungen nicht den heutigen Anforderungen entsprechen \u2013 und dennoch stehen dahinter Erzieher mit viel K\u00f6nnen und viel Liebe zum Beruf und zu den Kindern.\n\n\n<h2>Wie praxiskonform muss Unterricht sein?<\/h2>\n\n\nDie Schule ist nur ein Vehikel auf dem Weg, das Leben und die Praxis zu meistern. Dennoch lasse ich es mir nicht nehmen, Luftschl\u00f6sser zu bauen. Auch, weil ich wei\u00df, dass es die gute Praxis gibt und sie nicht nur \u201enaive Malerei\u201c aus dem Unterricht ist.\n\nIch verstehe meine Arbeit als Lehrerin als Mittlerin zwischen Praxis und Forschung. Ich nehme das auf, was in der Theorie, an Universit\u00e4ten, Fachhochschulen und Instituten erforscht wurde. In m\u00fchseliger Kleinarbeit sind an diesen Orten Experimente gelaufen, Forschungen geleistet und Gedanken entwickelt worden, die versuchen, Konflikte und Probleme zu l\u00f6sen \u2013 Konflikte und Probleme, die aus dem Leben gegriffen sind.\n\n\n<h2>Vision einer besseren P\u00e4dagogik<\/h2>\n\n\nUnd auch ich mache mir t\u00e4glich Gedanken dar\u00fcber, wie wir zu einer noch besseren P\u00e4dagogik f\u00fcr Kinder und Jugendliche kommen k\u00f6nnen. Dazu geh\u00f6rt auch, sich den Problemen von Zeitdruck, \u00dcberlastung der Erzieher und \u00fcberalterten Strukturen zu stellen. Doch empfinde ich es in der Tat als meine Aufgabe, auch Luftschl\u00f6sser zu bauen, Theorien zu vermitteln, die zu einer besseren P\u00e4dagogik f\u00fchren.\n\nUnd genau an diesem Punkt f\u00fchle ich mich mit den Sch\u00fclern wieder in einem Boot: Auch sie sind Idealisten f\u00fcr eine bessere Welt. Und sie w\u00fcrden sicherlich noch mehr st\u00f6hnen, wenn ich ihnen die Praxis \u2013 ohne reale L\u00f6sungsm\u00f6glichkeiten f\u00fcr ihre Konflikte\u00a0 \u0336\u00a0 einfach wiederspiegeln w\u00fcrde.\n\nDamit h\u00e4tte die Schule ihren eigentlichen Zweck verfehlt.\n\n<strong>Diese Beitr\u00e4ge von Barbara Tauber k\u00f6nnten Sie auch interessieren:<\/strong>\n<a href=\"https:\/\/www.euroakademie.de\/magazin\/rollentausch-zwischen-lehrerin-und-kontrolleurin\/\">Rollentausch: Zwischen Lehrerin und Kontrolleurin<\/a>\n<a href=\"https:\/\/www.euroakademie.de\/magazin\/lernpartnerschaften\/\">Lernpartnerschaften: Gemeinsam ans Lernziel<\/a>\n<a href=\"https:\/\/www.euroakademie.de\/magazin\/zum-guten-schluss-fachtagung-fuer-erzieher\/\">Zum guten Schluss: Fachtagung f\u00fcr Erzieher<\/a>]]>\t\t<\/p>\n","protected":false},"excerpt":{"rendered":"<p>\t\t\t\t<![CDATA[]]>\t\t<\/p>\n","protected":false},"author":19,"featured_media":6813,"comment_status":"closed","ping_status":"closed","sticky":false,"template":"","format":"standard","meta":{"footnotes":""},"categories":[175,118],"tags":[5113,5383,7255,8608,8923],"class_list":{"0":"post-4700","1":"post","2":"type-post","3":"status-publish","4":"format-standard","5":"has-post-thumbnail","7":"category-maenner-und-frauen-in-kitas","8":"category-im-fokus","9":"tag-lehrer","10":"tag-luftschloss","11":"tag-schule","12":"tag-unterricht","13":"tag-vorbereitung"},"yoast_head":"<!-- This site is optimized with the Yoast SEO plugin v23.5 - https:\/\/yoast.com\/wordpress\/plugins\/seo\/ -->\n<title>Luftschl\u00f6sser f\u00fcr die Praxis \u2013 Weg zu besserer P\u00e4dagogik<\/title>\n<meta name=\"description\" content=\"Baut die Schule nur Luftschl\u00f6sser, w\u00e4hrend die Praxis anders aussieht? Lehrerin Barbara Tauber erkl\u00e4rt, welchen Zweck diese Theorien haben.\" \/>\n<meta name=\"robots\" content=\"index, follow, max-snippet:-1, max-image-preview:large, max-video-preview:-1\" \/>\n<link rel=\"canonical\" href=\"https:\/\/www.euroakademie.de\/magazin\/luftschloesser-fuer-die-praxis\/\" \/>\n<meta property=\"og:locale\" content=\"de_DE\" \/>\n<meta property=\"og:type\" content=\"article\" \/>\n<meta property=\"og:title\" content=\"Luftschl\u00f6sser f\u00fcr die Praxis \u2013 Weg zu besserer P\u00e4dagogik\" \/>\n<meta property=\"og:description\" content=\"Baut die Schule nur Luftschl\u00f6sser, w\u00e4hrend die Praxis anders aussieht? Lehrerin Barbara Tauber erkl\u00e4rt, welchen Zweck diese Theorien haben.\" \/>\n<meta property=\"og:url\" content=\"https:\/\/www.euroakademie.de\/magazin\/luftschloesser-fuer-die-praxis\/\" \/>\n<meta property=\"og:site_name\" content=\"Das Euro Akademie Magazin\" \/>\n<meta property=\"article:published_time\" content=\"2016-10-13T06:30:10+00:00\" \/>\n<meta property=\"og:image\" content=\"https:\/\/www.euroakademie.de\/magazin\/wp-content\/uploads\/2016\/10\/shutterstock_206744158_702x336_web.jpg\" \/>\n\t<meta property=\"og:image:width\" content=\"700\" \/>\n\t<meta property=\"og:image:height\" content=\"336\" \/>\n\t<meta property=\"og:image:type\" content=\"image\/jpeg\" \/>\n<meta name=\"author\" content=\"Barbara Tauber\" \/>\n<meta name=\"twitter:card\" content=\"summary_large_image\" \/>\n<meta name=\"twitter:label1\" content=\"Verfasst von\" \/>\n\t<meta name=\"twitter:data1\" content=\"Barbara Tauber\" \/>\n\t<meta name=\"twitter:label2\" content=\"Gesch\u00e4tzte Lesezeit\" \/>\n\t<meta name=\"twitter:data2\" content=\"1\u00a0Minute\" \/>\n<script type=\"application\/ld+json\" class=\"yoast-schema-graph\">{\"@context\":\"https:\/\/schema.org\",\"@graph\":[{\"@type\":\"Article\",\"@id\":\"https:\/\/www.euroakademie.de\/magazin\/luftschloesser-fuer-die-praxis\/#article\",\"isPartOf\":{\"@id\":\"https:\/\/www.euroakademie.de\/magazin\/luftschloesser-fuer-die-praxis\/\"},\"author\":{\"name\":\"Barbara Tauber\",\"@id\":\"https:\/\/www.euroakademie.de\/magazin\/#\/schema\/person\/d358a99c9c21358caa2204cfc0644796\"},\"headline\":\"Luftschl\u00f6sser f\u00fcr die Praxis\",\"datePublished\":\"2016-10-13T06:30:10+00:00\",\"dateModified\":\"2016-10-13T06:30:10+00:00\",\"mainEntityOfPage\":{\"@id\":\"https:\/\/www.euroakademie.de\/magazin\/luftschloesser-fuer-die-praxis\/\"},\"wordCount\":282,\"publisher\":{\"@id\":\"https:\/\/www.euroakademie.de\/magazin\/#organization\"},\"image\":{\"@id\":\"https:\/\/www.euroakademie.de\/magazin\/luftschloesser-fuer-die-praxis\/#primaryimage\"},\"thumbnailUrl\":\"https:\/\/www.euroakademie.de\/magazin\/wp-content\/uploads\/2016\/10\/shutterstock_206744158_702x336_web.jpg\",\"keywords\":[\"Lehrer\",\"Luftschloss\",\"Schule\",\"Unterricht\",\"Vorbereitung\"],\"articleSection\":[\"\\\"M\u00e4nner und Frauen in Kitas\u201c\",\"Im Fokus\"],\"inLanguage\":\"de\"},{\"@type\":\"WebPage\",\"@id\":\"https:\/\/www.euroakademie.de\/magazin\/luftschloesser-fuer-die-praxis\/\",\"url\":\"https:\/\/www.euroakademie.de\/magazin\/luftschloesser-fuer-die-praxis\/\",\"name\":\"Luftschl\u00f6sser f\u00fcr die Praxis \u2013 Weg zu besserer P\u00e4dagogik\",\"isPartOf\":{\"@id\":\"https:\/\/www.euroakademie.de\/magazin\/#website\"},\"primaryImageOfPage\":{\"@id\":\"https:\/\/www.euroakademie.de\/magazin\/luftschloesser-fuer-die-praxis\/#primaryimage\"},\"image\":{\"@id\":\"https:\/\/www.euroakademie.de\/magazin\/luftschloesser-fuer-die-praxis\/#primaryimage\"},\"thumbnailUrl\":\"https:\/\/www.euroakademie.de\/magazin\/wp-content\/uploads\/2016\/10\/shutterstock_206744158_702x336_web.jpg\",\"datePublished\":\"2016-10-13T06:30:10+00:00\",\"dateModified\":\"2016-10-13T06:30:10+00:00\",\"description\":\"Baut die Schule nur Luftschl\u00f6sser, w\u00e4hrend die Praxis anders aussieht? Lehrerin Barbara Tauber erkl\u00e4rt, welchen Zweck diese Theorien haben.\",\"breadcrumb\":{\"@id\":\"https:\/\/www.euroakademie.de\/magazin\/luftschloesser-fuer-die-praxis\/#breadcrumb\"},\"inLanguage\":\"de\",\"potentialAction\":[{\"@type\":\"ReadAction\",\"target\":[\"https:\/\/www.euroakademie.de\/magazin\/luftschloesser-fuer-die-praxis\/\"]}]},{\"@type\":\"ImageObject\",\"inLanguage\":\"de\",\"@id\":\"https:\/\/www.euroakademie.de\/magazin\/luftschloesser-fuer-die-praxis\/#primaryimage\",\"url\":\"https:\/\/www.euroakademie.de\/magazin\/wp-content\/uploads\/2016\/10\/shutterstock_206744158_702x336_web.jpg\",\"contentUrl\":\"https:\/\/www.euroakademie.de\/magazin\/wp-content\/uploads\/2016\/10\/shutterstock_206744158_702x336_web.jpg\",\"width\":700,\"height\":336,\"caption\":\"\"},{\"@type\":\"BreadcrumbList\",\"@id\":\"https:\/\/www.euroakademie.de\/magazin\/luftschloesser-fuer-die-praxis\/#breadcrumb\",\"itemListElement\":[{\"@type\":\"ListItem\",\"position\":1,\"name\":\"Startseite\",\"item\":\"https:\/\/www.euroakademie.de\/magazin\/\"},{\"@type\":\"ListItem\",\"position\":2,\"name\":\"Luftschl\u00f6sser f\u00fcr die Praxis\"}]},{\"@type\":\"WebSite\",\"@id\":\"https:\/\/www.euroakademie.de\/magazin\/#website\",\"url\":\"https:\/\/www.euroakademie.de\/magazin\/\",\"name\":\"Das Euro Akademie Magazin\",\"description\":\"Gut informiert durch Ausbildung und Studium\",\"publisher\":{\"@id\":\"https:\/\/www.euroakademie.de\/magazin\/#organization\"},\"potentialAction\":[{\"@type\":\"SearchAction\",\"target\":{\"@type\":\"EntryPoint\",\"urlTemplate\":\"https:\/\/www.euroakademie.de\/magazin\/?s={search_term_string}\"},\"query-input\":{\"@type\":\"PropertyValueSpecification\",\"valueRequired\":true,\"valueName\":\"search_term_string\"}}],\"inLanguage\":\"de\"},{\"@type\":\"Organization\",\"@id\":\"https:\/\/www.euroakademie.de\/magazin\/#organization\",\"name\":\"ESO Education Group\",\"url\":\"https:\/\/www.euroakademie.de\/magazin\/\",\"logo\":{\"@type\":\"ImageObject\",\"inLanguage\":\"de\",\"@id\":\"https:\/\/www.euroakademie.de\/magazin\/#\/schema\/logo\/image\/\",\"url\":\"https:\/\/relaunch.euroakademie.de\/magazin\/wp-content\/uploads\/2024\/11\/Logo_EA_negativ_Rahmen_5cm_300dpi_RGB.jpg\",\"contentUrl\":\"https:\/\/relaunch.euroakademie.de\/magazin\/wp-content\/uploads\/2024\/11\/Logo_EA_negativ_Rahmen_5cm_300dpi_RGB.jpg\",\"width\":591,\"height\":236,\"caption\":\"ESO Education Group\"},\"image\":{\"@id\":\"https:\/\/www.euroakademie.de\/magazin\/#\/schema\/logo\/image\/\"}},{\"@type\":\"Person\",\"@id\":\"https:\/\/www.euroakademie.de\/magazin\/#\/schema\/person\/d358a99c9c21358caa2204cfc0644796\",\"name\":\"Barbara Tauber\",\"description\":\"Barbara Tauber, ehemalige Dozentin an der Euro Akademie Berlin, betreute bis August 2017 das Projekt \\\"Quereinstieg \u2013 M\u00e4nner und Frauen in Kitas\\\" federf\u00fchrend. Sie engagiert sich f\u00fcr eine neue Lernkultur: Sch\u00fcler*innen gestalten aktiv und eigenverantwortlich ihren Lernprozess, Dozent*innen werden zu Coaches, die diesen Lernprozess unterst\u00fctzen und begleiten. In diesem Blog schildert sie Erfahrungen aus ihrem p\u00e4dagogischen Alltag.\",\"url\":\"https:\/\/www.euroakademie.de\/magazin\/author\/barbaratauber\/\"}]}<\/script>\n<!-- \/ Yoast SEO plugin. -->","yoast_head_json":{"title":"Luftschl\u00f6sser f\u00fcr die Praxis \u2013 Weg zu besserer P\u00e4dagogik","description":"Baut die Schule nur Luftschl\u00f6sser, w\u00e4hrend die Praxis anders aussieht? Lehrerin Barbara Tauber erkl\u00e4rt, welchen Zweck diese Theorien haben.","robots":{"index":"index","follow":"follow","max-snippet":"max-snippet:-1","max-image-preview":"max-image-preview:large","max-video-preview":"max-video-preview:-1"},"canonical":"https:\/\/www.euroakademie.de\/magazin\/luftschloesser-fuer-die-praxis\/","og_locale":"de_DE","og_type":"article","og_title":"Luftschl\u00f6sser f\u00fcr die Praxis \u2013 Weg zu besserer P\u00e4dagogik","og_description":"Baut die Schule nur Luftschl\u00f6sser, w\u00e4hrend die Praxis anders aussieht? Lehrerin Barbara Tauber erkl\u00e4rt, welchen Zweck diese Theorien haben.","og_url":"https:\/\/www.euroakademie.de\/magazin\/luftschloesser-fuer-die-praxis\/","og_site_name":"Das Euro Akademie Magazin","article_published_time":"2016-10-13T06:30:10+00:00","og_image":[{"width":700,"height":336,"url":"https:\/\/www.euroakademie.de\/magazin\/wp-content\/uploads\/2016\/10\/shutterstock_206744158_702x336_web.jpg","type":"image\/jpeg"}],"author":"Barbara Tauber","twitter_card":"summary_large_image","twitter_misc":{"Verfasst von":"Barbara Tauber","Gesch\u00e4tzte Lesezeit":"1\u00a0Minute"},"schema":{"@context":"https:\/\/schema.org","@graph":[{"@type":"Article","@id":"https:\/\/www.euroakademie.de\/magazin\/luftschloesser-fuer-die-praxis\/#article","isPartOf":{"@id":"https:\/\/www.euroakademie.de\/magazin\/luftschloesser-fuer-die-praxis\/"},"author":{"name":"Barbara Tauber","@id":"https:\/\/www.euroakademie.de\/magazin\/#\/schema\/person\/d358a99c9c21358caa2204cfc0644796"},"headline":"Luftschl\u00f6sser f\u00fcr die Praxis","datePublished":"2016-10-13T06:30:10+00:00","dateModified":"2016-10-13T06:30:10+00:00","mainEntityOfPage":{"@id":"https:\/\/www.euroakademie.de\/magazin\/luftschloesser-fuer-die-praxis\/"},"wordCount":282,"publisher":{"@id":"https:\/\/www.euroakademie.de\/magazin\/#organization"},"image":{"@id":"https:\/\/www.euroakademie.de\/magazin\/luftschloesser-fuer-die-praxis\/#primaryimage"},"thumbnailUrl":"https:\/\/www.euroakademie.de\/magazin\/wp-content\/uploads\/2016\/10\/shutterstock_206744158_702x336_web.jpg","keywords":["Lehrer","Luftschloss","Schule","Unterricht","Vorbereitung"],"articleSection":["\"M\u00e4nner und Frauen in Kitas\u201c","Im Fokus"],"inLanguage":"de"},{"@type":"WebPage","@id":"https:\/\/www.euroakademie.de\/magazin\/luftschloesser-fuer-die-praxis\/","url":"https:\/\/www.euroakademie.de\/magazin\/luftschloesser-fuer-die-praxis\/","name":"Luftschl\u00f6sser f\u00fcr die Praxis \u2013 Weg zu besserer P\u00e4dagogik","isPartOf":{"@id":"https:\/\/www.euroakademie.de\/magazin\/#website"},"primaryImageOfPage":{"@id":"https:\/\/www.euroakademie.de\/magazin\/luftschloesser-fuer-die-praxis\/#primaryimage"},"image":{"@id":"https:\/\/www.euroakademie.de\/magazin\/luftschloesser-fuer-die-praxis\/#primaryimage"},"thumbnailUrl":"https:\/\/www.euroakademie.de\/magazin\/wp-content\/uploads\/2016\/10\/shutterstock_206744158_702x336_web.jpg","datePublished":"2016-10-13T06:30:10+00:00","dateModified":"2016-10-13T06:30:10+00:00","description":"Baut die Schule nur Luftschl\u00f6sser, w\u00e4hrend die Praxis anders aussieht? Lehrerin Barbara Tauber erkl\u00e4rt, welchen Zweck diese Theorien haben.","breadcrumb":{"@id":"https:\/\/www.euroakademie.de\/magazin\/luftschloesser-fuer-die-praxis\/#breadcrumb"},"inLanguage":"de","potentialAction":[{"@type":"ReadAction","target":["https:\/\/www.euroakademie.de\/magazin\/luftschloesser-fuer-die-praxis\/"]}]},{"@type":"ImageObject","inLanguage":"de","@id":"https:\/\/www.euroakademie.de\/magazin\/luftschloesser-fuer-die-praxis\/#primaryimage","url":"https:\/\/www.euroakademie.de\/magazin\/wp-content\/uploads\/2016\/10\/shutterstock_206744158_702x336_web.jpg","contentUrl":"https:\/\/www.euroakademie.de\/magazin\/wp-content\/uploads\/2016\/10\/shutterstock_206744158_702x336_web.jpg","width":700,"height":336,"caption":""},{"@type":"BreadcrumbList","@id":"https:\/\/www.euroakademie.de\/magazin\/luftschloesser-fuer-die-praxis\/#breadcrumb","itemListElement":[{"@type":"ListItem","position":1,"name":"Startseite","item":"https:\/\/www.euroakademie.de\/magazin\/"},{"@type":"ListItem","position":2,"name":"Luftschl\u00f6sser f\u00fcr die Praxis"}]},{"@type":"WebSite","@id":"https:\/\/www.euroakademie.de\/magazin\/#website","url":"https:\/\/www.euroakademie.de\/magazin\/","name":"Das Euro Akademie Magazin","description":"Gut informiert durch Ausbildung und Studium","publisher":{"@id":"https:\/\/www.euroakademie.de\/magazin\/#organization"},"potentialAction":[{"@type":"SearchAction","target":{"@type":"EntryPoint","urlTemplate":"https:\/\/www.euroakademie.de\/magazin\/?s={search_term_string}"},"query-input":{"@type":"PropertyValueSpecification","valueRequired":true,"valueName":"search_term_string"}}],"inLanguage":"de"},{"@type":"Organization","@id":"https:\/\/www.euroakademie.de\/magazin\/#organization","name":"ESO Education Group","url":"https:\/\/www.euroakademie.de\/magazin\/","logo":{"@type":"ImageObject","inLanguage":"de","@id":"https:\/\/www.euroakademie.de\/magazin\/#\/schema\/logo\/image\/","url":"https:\/\/relaunch.euroakademie.de\/magazin\/wp-content\/uploads\/2024\/11\/Logo_EA_negativ_Rahmen_5cm_300dpi_RGB.jpg","contentUrl":"https:\/\/relaunch.euroakademie.de\/magazin\/wp-content\/uploads\/2024\/11\/Logo_EA_negativ_Rahmen_5cm_300dpi_RGB.jpg","width":591,"height":236,"caption":"ESO Education Group"},"image":{"@id":"https:\/\/www.euroakademie.de\/magazin\/#\/schema\/logo\/image\/"}},{"@type":"Person","@id":"https:\/\/www.euroakademie.de\/magazin\/#\/schema\/person\/d358a99c9c21358caa2204cfc0644796","name":"Barbara Tauber","description":"Barbara Tauber, ehemalige Dozentin an der Euro Akademie Berlin, betreute bis August 2017 das Projekt \"Quereinstieg \u2013 M\u00e4nner und Frauen in Kitas\" federf\u00fchrend. Sie engagiert sich f\u00fcr eine neue Lernkultur: Sch\u00fcler*innen gestalten aktiv und eigenverantwortlich ihren Lernprozess, Dozent*innen werden zu Coaches, die diesen Lernprozess unterst\u00fctzen und begleiten. In diesem Blog schildert sie Erfahrungen aus ihrem p\u00e4dagogischen Alltag.","url":"https:\/\/www.euroakademie.de\/magazin\/author\/barbaratauber\/"}]}},"_links":{"self":[{"href":"https:\/\/www.euroakademie.de\/magazin\/wp-json\/wp\/v2\/posts\/4700","targetHints":{"allow":["GET"]}}],"collection":[{"href":"https:\/\/www.euroakademie.de\/magazin\/wp-json\/wp\/v2\/posts"}],"about":[{"href":"https:\/\/www.euroakademie.de\/magazin\/wp-json\/wp\/v2\/types\/post"}],"author":[{"embeddable":true,"href":"https:\/\/www.euroakademie.de\/magazin\/wp-json\/wp\/v2\/users\/19"}],"replies":[{"embeddable":true,"href":"https:\/\/www.euroakademie.de\/magazin\/wp-json\/wp\/v2\/comments?post=4700"}],"version-history":[{"count":0,"href":"https:\/\/www.euroakademie.de\/magazin\/wp-json\/wp\/v2\/posts\/4700\/revisions"}],"wp:featuredmedia":[{"embeddable":true,"href":"https:\/\/www.euroakademie.de\/magazin\/wp-json\/wp\/v2\/media\/6813"}],"wp:attachment":[{"href":"https:\/\/www.euroakademie.de\/magazin\/wp-json\/wp\/v2\/media?parent=4700"}],"wp:term":[{"taxonomy":"category","embeddable":true,"href":"https:\/\/www.euroakademie.de\/magazin\/wp-json\/wp\/v2\/categories?post=4700"},{"taxonomy":"post_tag","embeddable":true,"href":"https:\/\/www.euroakademie.de\/magazin\/wp-json\/wp\/v2\/tags?post=4700"}],"curies":[{"name":"wp","href":"https:\/\/api.w.org\/{rel}","templated":true}]}}