{"id":4758,"date":"2016-11-02T15:02:20","date_gmt":"2016-11-02T14:02:20","guid":{"rendered":"https:\/\/www.euroakademie.de\/magazin\/?p=4758"},"modified":"2024-12-09T09:51:57","modified_gmt":"2024-12-09T08:51:57","slug":"fort-und-weiterbildungen-fuer-mehr-qualitaet-in-der-pflege","status":"publish","type":"post","link":"https:\/\/www.euroakademie.de\/magazin\/fort-und-weiterbildungen-fuer-mehr-qualitaet-in-der-pflege\/","title":{"rendered":"Fort- und Weiterbildungen f\u00fcr mehr Qualit\u00e4t in der Pflege"},"content":{"rendered":"<p>\t\t\t\t<![CDATA[Der Wettbewerb nimmt auch unter den Pflegeeinrichtungen zu und der Arbeitsmarkt ben\u00f6tigt Fachkr\u00e4fte mit umfassendem Know-how. Sich nach einer fundierten Ausbildung \u00fcber Fort- und Weiterbildungen kontinuierlich zus\u00e4tzliche Kompetenzen anzueignen, ist daher unerl\u00e4sslich.\n\n\n<h3>Lebenslanges Lernen<\/h3>\n\n\nGut ausgebildete Mitarbeiter und F\u00fchrungskr\u00e4fte sind absolut notwendig, ebenso wie L\u00f6sungen f\u00fcr intelligente und effiziente Organisations-, Pflege- und Betreuungskonzepte. Die Arbeitsprozesse in der Pflege erfordern nicht nur systematische Personalentwicklung und gezielte Beratung, sondern vor allem lebenslanges Lernen. \u201eLernen, ohne zu denken, ist eitel, denken, ohne zu lernen, gef\u00e4hrlich\u201c,\u00a0 konstatierte bereits Konfuzius.\n\n\n<h3>Interkulturelle Kompetenzen<\/h3>\n\n\nDes Weiteren nimmt die erste Generation von Menschen mit Migrationshintergrund verst\u00e4rkt Dienstleistungen der ambulanten und station\u00e4ren Pflege in Anspruch. Parallel w\u00e4chst die Zahl der Pflegekr\u00e4fte mit nichtdeutscher Herkunft. Wir ben\u00f6tigen Wissen und Kompetenzen, Pflege als interkulturelle Kommunikation zu verstehen und interkulturelles Know-how im professionellen Pflegealltag zu nutzen. Zudem gilt es, Situationen l\u00f6sungsorientiert zu gestalten und praxistaugliche Kl\u00e4rungen herbeizuf\u00fchren.\n\n\n<h3>Reform hat neue Anforderungen an Praxisanleiter zur Folge<\/h3>\n\n\nDie Reform der Pflegeberufe hat begonnen. Der Gesetzesentwurf und die Eckpunkte f\u00fcr eine Ausbildungs- und Pr\u00fcfungsverordnung liegen uns vor und erm\u00f6glichen so eine konkrete Auseinandersetzung mit den Inhalten der zuk\u00fcnftigen Pflegeausbildung. Die praktische Ausbildung erfolgt hierbei in verschiedenen Versorgungsbereichen der Pflege und hat geplant sowie strukturiert auf der Grundlage eines Ausbildungsplanes zu erfolgen. Praxisanleiter m\u00fcssen sich kontinuierlich berufsp\u00e4dagogisch fortbilden, um Handlungsfelder und ein zuk\u00fcnftiges Rollenverst\u00e4ndnis f\u00fcr die Anleitung von Praktikanten erarbeiten zu k\u00f6nnen.\n\n\n<h3>Vielf\u00e4ltige Angebote mit konkretem Praxisbezug<\/h3>\n\n\nDie Euro Akademien greifen in ihren Fort- und Weiterbildungen die aktuellen Fragestellungen im Bereich der Pflege auf, geben Ihnen Antworten und bieten Ihnen hierzu die notwendige Unterst\u00fctzung. Wir pr\u00e4sentieren Ihnen auch im f\u00fcnften Jahr ein umfangreiches und breitgef\u00e4chertes Programm f\u00fcr das Jahr 2017. Die neuen Fort- und Weiterbildungsangebote im Bereich der Gesundheits-, Kranken- und Altenpflege an den Euro Akademien umfassen neben berufsbegleitenden Weiterbildungen weit \u00fcber 50 Fortbildungen zu den Themen Demenz, Pflege- und Medizinrecht, Behandlungspflege, F\u00fchren und Managen in Zeiten von Ver\u00e4nderungen oder auch auf unser aktives Mitwirken in der Qualifizierung von Betreuungskr\u00e4ften bezogen.\n\n\n<h3>\u201ePflegst Du schon, oder dokumentierst Du noch?\u201c<\/h3>\n\n\nDie stetig steigende Belastung durch die Anforderungen an die Pflegedokumentation wird seit langem beklagt. Der neue Pflegebed\u00fcrftigkeitsbegriff erfordert Kompetenzen zur Beurteilung und Einsch\u00e4tzung der Selbst\u00e4ndigkeit mit Einstufung in Pflegegrade. Das Neue Begutachtungsassessment (NBA) und alternative Wege der Pflegedokumentation sind neben den vielen Angeboten zum Themenfeld \u201eDemenz\u201c im kommenden Jahr Schwerpunkthemen der Fort- und Weiterbildungen an den Euro Akademien.\n\n\n<h3>Auch als Inhouse-Schulungen m\u00f6glich<\/h3>\n\n\nGerne ber\u00fccksichtigen wir Ihre W\u00fcnsche und unterbreiten Ihnen ein pers\u00f6nliches Angebot f\u00fcr Ihre Inhouse-Schulung, zu allen Themen aus dem Programm und zu allen Themen, die f\u00fcr Sie wichtig sind!\n\n\n<h3>Anrechnung von Fortbildungspunkten<\/h3>\n\n\nIn der Umsetzung der gesetzlichen Anforderungen zur Qualit\u00e4tssicherung f\u00fcr Fachkr\u00e4fte im Gesundheitswesen arbeiten die Euro Akademien seit vielen Jahren mit dem Deutschen Pflegerat zusammen. Das vorliegende Programm wurde f\u00fcr das Jahr 2017 erneut von der Registrierung beruflich Pflegender anerkannt und bewertet. Ihre Teilnahme wird mit Fortbildungspunkten versehen und best\u00e4tigt.\n\nDanke\u00a0 \u0336\u00a0 f\u00fcr Ihr Vertrauen, Ihre Treue, Ihre Freude am Lernen, Ihre Kritik, Ihre Anerkennung, Ihre zahlreichen Anmeldungen und Ihre Diskussionsfreudigkeit. Danke \u2013 f\u00fcr Ihre Bereitschaft neue Themen auszuprobieren, sich immer wieder neuen Herausforderungen zu stellen und sich f\u00fcr eine Fort- oder Weiterbildung an der Euro Akademie zu entscheiden.\n\n<a href=\"https:\/\/relaunch.euroakademie.de\/magazin\/wp-content\/uploads\/2016\/11\/Cover_EA_Weiterbildung_GesundheitPflege_2017_web.jpg\"><img decoding=\"async\" class=\"alignleft wp-image-4769 size-thumbnail\" src=\"https:\/\/relaunch.euroakademie.de\/magazin\/wp-content\/uploads\/2016\/11\/Cover_EA_Weiterbildung_GesundheitPflege_2017_web-150x150.jpg\" alt=\"Fort- und Weiterbildungskatalog Gesundheits-, Kranken- und Altenpflege\" width=\"150\" height=\"150\" srcset=\"https:\/\/www.euroakademie.de\/magazin\/wp-content\/uploads\/2016\/11\/Cover_EA_Weiterbildung_GesundheitPflege_2017_web-150x150.jpg 150w, https:\/\/www.euroakademie.de\/magazin\/wp-content\/uploads\/2016\/11\/Cover_EA_Weiterbildung_GesundheitPflege_2017_web-300x300.jpg 300w, https:\/\/www.euroakademie.de\/magazin\/wp-content\/uploads\/2016\/11\/Cover_EA_Weiterbildung_GesundheitPflege_2017_web-450x450.jpg 450w, https:\/\/www.euroakademie.de\/magazin\/wp-content\/uploads\/2016\/11\/Cover_EA_Weiterbildung_GesundheitPflege_2017_web.jpg 500w\" sizes=\"(max-width: 150px) 100vw, 150px\" \/><\/a>Hier finden Sie das <a href=\"https:\/\/relaunch.euroakademie.de\/magazin\/wp-content\/uploads\/2016\/11\/PR_EA_Weiterbildung_GesundheitPflege_2017_web.pdf\">Fort- und Weiterbildungsprogramm Gesundheits-, Kranken- und Altenpflege 2017<\/a> zum Download.\n\nAlle weiteren Informationen erhalten Sie an den <a href=\"https:\/\/www.euroakademie.de\/standorte\/uebersichtskarte\">Euro Akademien<\/a> vor Ort beim jeweiligen Standort Ihrer Wahl.\n\n&nbsp;\n\nDiese Beitr\u00e4ge k\u00f6nnten Sie auch interessieren:\n<a href=\"https:\/\/www.euroakademie.de\/magazin\/puppenspiel-fuer-senioren\/\">Puppenspiel f\u00fcr Senioren<\/a>\n<a href=\"https:\/\/www.euroakademie.de\/magazin\/generalisierte-ausbildung-kontra-spezialwissen-der-pflege-fachkraft\/\">Generalisierte Ausbildung kontra Spezialwissen der Pflegefachkraft<\/a>\n<a href=\"https:\/\/www.euroakademie.de\/magazin\/gesundheitsberufe-im-wandel-ea\/\">Gesundheitsberufe im Wandel<\/a>]]>\t\t<\/p>\n","protected":false},"excerpt":{"rendered":"<p>\t\t\t\t<![CDATA[]]>\t\t<\/p>\n","protected":false},"author":46,"featured_media":6777,"comment_status":"closed","ping_status":"closed","sticky":false,"template":"","format":"standard","meta":{"footnotes":""},"categories":[82,16],"tags":[418,3094,3601,4831,9091],"class_list":{"0":"post-4758","1":"post","2":"type-post","3":"status-publish","4":"format-standard","5":"has-post-thumbnail","7":"category-branchennews","8":"category-gesundheit-pflege","9":"tag-altenpflege","10":"tag-fortbildung","11":"tag-gesundheitspflege","12":"tag-krankenpflege","13":"tag-weiterbildung"},"yoast_head":"<!-- This site is optimized with the Yoast SEO plugin v23.5 - https:\/\/yoast.com\/wordpress\/plugins\/seo\/ -->\n<title>Fort- und Weiterbildungen f\u00fcr mehr Qualit\u00e4t in der Pflege<\/title>\n<meta name=\"description\" content=\"Die Euro Akademien greifen in ihren Fort- und Weiterbildungen die aktuellen Fragestellungen in der Pflege auf, geben Antworten und bieten Unterst\u00fctzung.\" \/>\n<meta name=\"robots\" content=\"index, follow, max-snippet:-1, max-image-preview:large, max-video-preview:-1\" \/>\n<link rel=\"canonical\" href=\"https:\/\/www.euroakademie.de\/magazin\/fort-und-weiterbildungen-fuer-mehr-qualitaet-in-der-pflege\/\" \/>\n<meta property=\"og:locale\" content=\"de_DE\" \/>\n<meta property=\"og:type\" content=\"article\" \/>\n<meta property=\"og:title\" content=\"Fort- und Weiterbildungen f\u00fcr mehr Qualit\u00e4t in der Pflege\" \/>\n<meta property=\"og:description\" content=\"Die Euro Akademien greifen in ihren Fort- und Weiterbildungen die aktuellen Fragestellungen in der Pflege auf, geben Antworten und bieten Unterst\u00fctzung.\" \/>\n<meta property=\"og:url\" content=\"https:\/\/www.euroakademie.de\/magazin\/fort-und-weiterbildungen-fuer-mehr-qualitaet-in-der-pflege\/\" \/>\n<meta property=\"og:site_name\" content=\"Das Euro Akademie Magazin\" \/>\n<meta property=\"article:published_time\" content=\"2016-11-02T14:02:20+00:00\" \/>\n<meta property=\"article:modified_time\" content=\"2024-12-09T08:51:57+00:00\" \/>\n<meta property=\"og:image\" content=\"https:\/\/www.euroakademie.de\/magazin\/wp-content\/uploads\/2016\/11\/shutterstock_447859342_702x336_web.jpg\" \/>\n\t<meta property=\"og:image:width\" content=\"702\" \/>\n\t<meta property=\"og:image:height\" content=\"336\" \/>\n\t<meta property=\"og:image:type\" content=\"image\/jpeg\" \/>\n<meta name=\"author\" content=\"Liane Michaelis\" \/>\n<meta name=\"twitter:card\" content=\"summary_large_image\" \/>\n<meta name=\"twitter:label1\" content=\"Verfasst von\" \/>\n\t<meta name=\"twitter:data1\" content=\"Liane Michaelis\" \/>\n\t<meta name=\"twitter:label2\" content=\"Gesch\u00e4tzte Lesezeit\" \/>\n\t<meta name=\"twitter:data2\" content=\"3\u00a0Minuten\" \/>\n<script type=\"application\/ld+json\" class=\"yoast-schema-graph\">{\"@context\":\"https:\/\/schema.org\",\"@graph\":[{\"@type\":\"Article\",\"@id\":\"https:\/\/www.euroakademie.de\/magazin\/fort-und-weiterbildungen-fuer-mehr-qualitaet-in-der-pflege\/#article\",\"isPartOf\":{\"@id\":\"https:\/\/www.euroakademie.de\/magazin\/fort-und-weiterbildungen-fuer-mehr-qualitaet-in-der-pflege\/\"},\"author\":{\"name\":\"Liane Michaelis\",\"@id\":\"https:\/\/www.euroakademie.de\/magazin\/#\/schema\/person\/9eaa301ebd9b173ea47ab31904d41c58\"},\"headline\":\"Fort- und Weiterbildungen f\u00fcr mehr Qualit\u00e4t in der Pflege\",\"datePublished\":\"2016-11-02T14:02:20+00:00\",\"dateModified\":\"2024-12-09T08:51:57+00:00\",\"mainEntityOfPage\":{\"@id\":\"https:\/\/www.euroakademie.de\/magazin\/fort-und-weiterbildungen-fuer-mehr-qualitaet-in-der-pflege\/\"},\"wordCount\":598,\"publisher\":{\"@id\":\"https:\/\/www.euroakademie.de\/magazin\/#organization\"},\"image\":{\"@id\":\"https:\/\/www.euroakademie.de\/magazin\/fort-und-weiterbildungen-fuer-mehr-qualitaet-in-der-pflege\/#primaryimage\"},\"thumbnailUrl\":\"https:\/\/www.euroakademie.de\/magazin\/wp-content\/uploads\/2016\/11\/shutterstock_447859342_702x336_web.jpg\",\"keywords\":[\"Altenpflege\",\"Fortbildung\",\"Gesundheitspflege\",\"Krankenpflege\",\"Weiterbildung\"],\"articleSection\":[\"Branchennews\",\"Gesundheit &amp; Pflege\"],\"inLanguage\":\"de\"},{\"@type\":\"WebPage\",\"@id\":\"https:\/\/www.euroakademie.de\/magazin\/fort-und-weiterbildungen-fuer-mehr-qualitaet-in-der-pflege\/\",\"url\":\"https:\/\/www.euroakademie.de\/magazin\/fort-und-weiterbildungen-fuer-mehr-qualitaet-in-der-pflege\/\",\"name\":\"Fort- und Weiterbildungen f\u00fcr mehr Qualit\u00e4t in der Pflege\",\"isPartOf\":{\"@id\":\"https:\/\/www.euroakademie.de\/magazin\/#website\"},\"primaryImageOfPage\":{\"@id\":\"https:\/\/www.euroakademie.de\/magazin\/fort-und-weiterbildungen-fuer-mehr-qualitaet-in-der-pflege\/#primaryimage\"},\"image\":{\"@id\":\"https:\/\/www.euroakademie.de\/magazin\/fort-und-weiterbildungen-fuer-mehr-qualitaet-in-der-pflege\/#primaryimage\"},\"thumbnailUrl\":\"https:\/\/www.euroakademie.de\/magazin\/wp-content\/uploads\/2016\/11\/shutterstock_447859342_702x336_web.jpg\",\"datePublished\":\"2016-11-02T14:02:20+00:00\",\"dateModified\":\"2024-12-09T08:51:57+00:00\",\"description\":\"Die Euro Akademien greifen in ihren Fort- und Weiterbildungen die aktuellen Fragestellungen in der Pflege auf, geben Antworten und bieten Unterst\u00fctzung.\",\"breadcrumb\":{\"@id\":\"https:\/\/www.euroakademie.de\/magazin\/fort-und-weiterbildungen-fuer-mehr-qualitaet-in-der-pflege\/#breadcrumb\"},\"inLanguage\":\"de\",\"potentialAction\":[{\"@type\":\"ReadAction\",\"target\":[\"https:\/\/www.euroakademie.de\/magazin\/fort-und-weiterbildungen-fuer-mehr-qualitaet-in-der-pflege\/\"]}]},{\"@type\":\"ImageObject\",\"inLanguage\":\"de\",\"@id\":\"https:\/\/www.euroakademie.de\/magazin\/fort-und-weiterbildungen-fuer-mehr-qualitaet-in-der-pflege\/#primaryimage\",\"url\":\"https:\/\/www.euroakademie.de\/magazin\/wp-content\/uploads\/2016\/11\/shutterstock_447859342_702x336_web.jpg\",\"contentUrl\":\"https:\/\/www.euroakademie.de\/magazin\/wp-content\/uploads\/2016\/11\/shutterstock_447859342_702x336_web.jpg\",\"width\":702,\"height\":336,\"caption\":\"\"},{\"@type\":\"BreadcrumbList\",\"@id\":\"https:\/\/www.euroakademie.de\/magazin\/fort-und-weiterbildungen-fuer-mehr-qualitaet-in-der-pflege\/#breadcrumb\",\"itemListElement\":[{\"@type\":\"ListItem\",\"position\":1,\"name\":\"Startseite\",\"item\":\"https:\/\/www.euroakademie.de\/magazin\/\"},{\"@type\":\"ListItem\",\"position\":2,\"name\":\"Fort- und Weiterbildungen f\u00fcr mehr Qualit\u00e4t in der Pflege\"}]},{\"@type\":\"WebSite\",\"@id\":\"https:\/\/www.euroakademie.de\/magazin\/#website\",\"url\":\"https:\/\/www.euroakademie.de\/magazin\/\",\"name\":\"Das Euro Akademie Magazin\",\"description\":\"Gut informiert durch Ausbildung und Studium\",\"publisher\":{\"@id\":\"https:\/\/www.euroakademie.de\/magazin\/#organization\"},\"potentialAction\":[{\"@type\":\"SearchAction\",\"target\":{\"@type\":\"EntryPoint\",\"urlTemplate\":\"https:\/\/www.euroakademie.de\/magazin\/?s={search_term_string}\"},\"query-input\":{\"@type\":\"PropertyValueSpecification\",\"valueRequired\":true,\"valueName\":\"search_term_string\"}}],\"inLanguage\":\"de\"},{\"@type\":\"Organization\",\"@id\":\"https:\/\/www.euroakademie.de\/magazin\/#organization\",\"name\":\"ESO Education Group\",\"url\":\"https:\/\/www.euroakademie.de\/magazin\/\",\"logo\":{\"@type\":\"ImageObject\",\"inLanguage\":\"de\",\"@id\":\"https:\/\/www.euroakademie.de\/magazin\/#\/schema\/logo\/image\/\",\"url\":\"https:\/\/relaunch.euroakademie.de\/magazin\/wp-content\/uploads\/2024\/11\/Logo_EA_negativ_Rahmen_5cm_300dpi_RGB.jpg\",\"contentUrl\":\"https:\/\/relaunch.euroakademie.de\/magazin\/wp-content\/uploads\/2024\/11\/Logo_EA_negativ_Rahmen_5cm_300dpi_RGB.jpg\",\"width\":591,\"height\":236,\"caption\":\"ESO Education Group\"},\"image\":{\"@id\":\"https:\/\/www.euroakademie.de\/magazin\/#\/schema\/logo\/image\/\"}},{\"@type\":\"Person\",\"@id\":\"https:\/\/www.euroakademie.de\/magazin\/#\/schema\/person\/9eaa301ebd9b173ea47ab31904d41c58\",\"name\":\"Liane Michaelis\",\"description\":\"Liane Michaelis ist seit 2007 als Produktmanagerin f\u00fcr Gesundheit und Pflege bei der ESO Education Group t\u00e4tig. Sie verf\u00fcgt zus\u00e4tzlich \u00fcber fundierte Erfahrungen in den Bereichen Lehrt\u00e4tigkeit, Business-Development und Projektmanagement.\",\"url\":\"https:\/\/www.euroakademie.de\/magazin\/author\/liane-michaelis\/\"}]}<\/script>\n<!-- \/ Yoast SEO plugin. -->","yoast_head_json":{"title":"Fort- und Weiterbildungen f\u00fcr mehr Qualit\u00e4t in der Pflege","description":"Die Euro Akademien greifen in ihren Fort- und Weiterbildungen die aktuellen Fragestellungen in der Pflege auf, geben Antworten und bieten Unterst\u00fctzung.","robots":{"index":"index","follow":"follow","max-snippet":"max-snippet:-1","max-image-preview":"max-image-preview:large","max-video-preview":"max-video-preview:-1"},"canonical":"https:\/\/www.euroakademie.de\/magazin\/fort-und-weiterbildungen-fuer-mehr-qualitaet-in-der-pflege\/","og_locale":"de_DE","og_type":"article","og_title":"Fort- und Weiterbildungen f\u00fcr mehr Qualit\u00e4t in der Pflege","og_description":"Die Euro Akademien greifen in ihren Fort- und Weiterbildungen die aktuellen Fragestellungen in der Pflege auf, geben Antworten und bieten Unterst\u00fctzung.","og_url":"https:\/\/www.euroakademie.de\/magazin\/fort-und-weiterbildungen-fuer-mehr-qualitaet-in-der-pflege\/","og_site_name":"Das Euro Akademie Magazin","article_published_time":"2016-11-02T14:02:20+00:00","article_modified_time":"2024-12-09T08:51:57+00:00","og_image":[{"width":702,"height":336,"url":"https:\/\/www.euroakademie.de\/magazin\/wp-content\/uploads\/2016\/11\/shutterstock_447859342_702x336_web.jpg","type":"image\/jpeg"}],"author":"Liane Michaelis","twitter_card":"summary_large_image","twitter_misc":{"Verfasst von":"Liane Michaelis","Gesch\u00e4tzte Lesezeit":"3\u00a0Minuten"},"schema":{"@context":"https:\/\/schema.org","@graph":[{"@type":"Article","@id":"https:\/\/www.euroakademie.de\/magazin\/fort-und-weiterbildungen-fuer-mehr-qualitaet-in-der-pflege\/#article","isPartOf":{"@id":"https:\/\/www.euroakademie.de\/magazin\/fort-und-weiterbildungen-fuer-mehr-qualitaet-in-der-pflege\/"},"author":{"name":"Liane Michaelis","@id":"https:\/\/www.euroakademie.de\/magazin\/#\/schema\/person\/9eaa301ebd9b173ea47ab31904d41c58"},"headline":"Fort- und Weiterbildungen f\u00fcr mehr Qualit\u00e4t in der Pflege","datePublished":"2016-11-02T14:02:20+00:00","dateModified":"2024-12-09T08:51:57+00:00","mainEntityOfPage":{"@id":"https:\/\/www.euroakademie.de\/magazin\/fort-und-weiterbildungen-fuer-mehr-qualitaet-in-der-pflege\/"},"wordCount":598,"publisher":{"@id":"https:\/\/www.euroakademie.de\/magazin\/#organization"},"image":{"@id":"https:\/\/www.euroakademie.de\/magazin\/fort-und-weiterbildungen-fuer-mehr-qualitaet-in-der-pflege\/#primaryimage"},"thumbnailUrl":"https:\/\/www.euroakademie.de\/magazin\/wp-content\/uploads\/2016\/11\/shutterstock_447859342_702x336_web.jpg","keywords":["Altenpflege","Fortbildung","Gesundheitspflege","Krankenpflege","Weiterbildung"],"articleSection":["Branchennews","Gesundheit &amp; Pflege"],"inLanguage":"de"},{"@type":"WebPage","@id":"https:\/\/www.euroakademie.de\/magazin\/fort-und-weiterbildungen-fuer-mehr-qualitaet-in-der-pflege\/","url":"https:\/\/www.euroakademie.de\/magazin\/fort-und-weiterbildungen-fuer-mehr-qualitaet-in-der-pflege\/","name":"Fort- und Weiterbildungen f\u00fcr mehr Qualit\u00e4t in der Pflege","isPartOf":{"@id":"https:\/\/www.euroakademie.de\/magazin\/#website"},"primaryImageOfPage":{"@id":"https:\/\/www.euroakademie.de\/magazin\/fort-und-weiterbildungen-fuer-mehr-qualitaet-in-der-pflege\/#primaryimage"},"image":{"@id":"https:\/\/www.euroakademie.de\/magazin\/fort-und-weiterbildungen-fuer-mehr-qualitaet-in-der-pflege\/#primaryimage"},"thumbnailUrl":"https:\/\/www.euroakademie.de\/magazin\/wp-content\/uploads\/2016\/11\/shutterstock_447859342_702x336_web.jpg","datePublished":"2016-11-02T14:02:20+00:00","dateModified":"2024-12-09T08:51:57+00:00","description":"Die Euro Akademien greifen in ihren Fort- und Weiterbildungen die aktuellen Fragestellungen in der Pflege auf, geben Antworten und bieten Unterst\u00fctzung.","breadcrumb":{"@id":"https:\/\/www.euroakademie.de\/magazin\/fort-und-weiterbildungen-fuer-mehr-qualitaet-in-der-pflege\/#breadcrumb"},"inLanguage":"de","potentialAction":[{"@type":"ReadAction","target":["https:\/\/www.euroakademie.de\/magazin\/fort-und-weiterbildungen-fuer-mehr-qualitaet-in-der-pflege\/"]}]},{"@type":"ImageObject","inLanguage":"de","@id":"https:\/\/www.euroakademie.de\/magazin\/fort-und-weiterbildungen-fuer-mehr-qualitaet-in-der-pflege\/#primaryimage","url":"https:\/\/www.euroakademie.de\/magazin\/wp-content\/uploads\/2016\/11\/shutterstock_447859342_702x336_web.jpg","contentUrl":"https:\/\/www.euroakademie.de\/magazin\/wp-content\/uploads\/2016\/11\/shutterstock_447859342_702x336_web.jpg","width":702,"height":336,"caption":""},{"@type":"BreadcrumbList","@id":"https:\/\/www.euroakademie.de\/magazin\/fort-und-weiterbildungen-fuer-mehr-qualitaet-in-der-pflege\/#breadcrumb","itemListElement":[{"@type":"ListItem","position":1,"name":"Startseite","item":"https:\/\/www.euroakademie.de\/magazin\/"},{"@type":"ListItem","position":2,"name":"Fort- und Weiterbildungen f\u00fcr mehr Qualit\u00e4t in der Pflege"}]},{"@type":"WebSite","@id":"https:\/\/www.euroakademie.de\/magazin\/#website","url":"https:\/\/www.euroakademie.de\/magazin\/","name":"Das Euro Akademie Magazin","description":"Gut informiert durch Ausbildung und Studium","publisher":{"@id":"https:\/\/www.euroakademie.de\/magazin\/#organization"},"potentialAction":[{"@type":"SearchAction","target":{"@type":"EntryPoint","urlTemplate":"https:\/\/www.euroakademie.de\/magazin\/?s={search_term_string}"},"query-input":{"@type":"PropertyValueSpecification","valueRequired":true,"valueName":"search_term_string"}}],"inLanguage":"de"},{"@type":"Organization","@id":"https:\/\/www.euroakademie.de\/magazin\/#organization","name":"ESO Education Group","url":"https:\/\/www.euroakademie.de\/magazin\/","logo":{"@type":"ImageObject","inLanguage":"de","@id":"https:\/\/www.euroakademie.de\/magazin\/#\/schema\/logo\/image\/","url":"https:\/\/relaunch.euroakademie.de\/magazin\/wp-content\/uploads\/2024\/11\/Logo_EA_negativ_Rahmen_5cm_300dpi_RGB.jpg","contentUrl":"https:\/\/relaunch.euroakademie.de\/magazin\/wp-content\/uploads\/2024\/11\/Logo_EA_negativ_Rahmen_5cm_300dpi_RGB.jpg","width":591,"height":236,"caption":"ESO Education Group"},"image":{"@id":"https:\/\/www.euroakademie.de\/magazin\/#\/schema\/logo\/image\/"}},{"@type":"Person","@id":"https:\/\/www.euroakademie.de\/magazin\/#\/schema\/person\/9eaa301ebd9b173ea47ab31904d41c58","name":"Liane Michaelis","description":"Liane Michaelis ist seit 2007 als Produktmanagerin f\u00fcr Gesundheit und Pflege bei der ESO Education Group t\u00e4tig. Sie verf\u00fcgt zus\u00e4tzlich \u00fcber fundierte Erfahrungen in den Bereichen Lehrt\u00e4tigkeit, Business-Development und Projektmanagement.","url":"https:\/\/www.euroakademie.de\/magazin\/author\/liane-michaelis\/"}]}},"_links":{"self":[{"href":"https:\/\/www.euroakademie.de\/magazin\/wp-json\/wp\/v2\/posts\/4758","targetHints":{"allow":["GET"]}}],"collection":[{"href":"https:\/\/www.euroakademie.de\/magazin\/wp-json\/wp\/v2\/posts"}],"about":[{"href":"https:\/\/www.euroakademie.de\/magazin\/wp-json\/wp\/v2\/types\/post"}],"author":[{"embeddable":true,"href":"https:\/\/www.euroakademie.de\/magazin\/wp-json\/wp\/v2\/users\/46"}],"replies":[{"embeddable":true,"href":"https:\/\/www.euroakademie.de\/magazin\/wp-json\/wp\/v2\/comments?post=4758"}],"version-history":[{"count":1,"href":"https:\/\/www.euroakademie.de\/magazin\/wp-json\/wp\/v2\/posts\/4758\/revisions"}],"predecessor-version":[{"id":26385,"href":"https:\/\/www.euroakademie.de\/magazin\/wp-json\/wp\/v2\/posts\/4758\/revisions\/26385"}],"wp:featuredmedia":[{"embeddable":true,"href":"https:\/\/www.euroakademie.de\/magazin\/wp-json\/wp\/v2\/media\/6777"}],"wp:attachment":[{"href":"https:\/\/www.euroakademie.de\/magazin\/wp-json\/wp\/v2\/media?parent=4758"}],"wp:term":[{"taxonomy":"category","embeddable":true,"href":"https:\/\/www.euroakademie.de\/magazin\/wp-json\/wp\/v2\/categories?post=4758"},{"taxonomy":"post_tag","embeddable":true,"href":"https:\/\/www.euroakademie.de\/magazin\/wp-json\/wp\/v2\/tags?post=4758"}],"curies":[{"name":"wp","href":"https:\/\/api.w.org\/{rel}","templated":true}]}}