{"id":4781,"date":"2016-11-07T08:25:21","date_gmt":"2016-11-07T07:25:21","guid":{"rendered":"https:\/\/www.euroakademie.de\/magazin\/?p=4781"},"modified":"2016-11-07T08:25:21","modified_gmt":"2016-11-07T07:25:21","slug":"lesetipp-suizid-wenn-kinder-nicht-mehr-leben-wollen","status":"publish","type":"post","link":"https:\/\/www.euroakademie.de\/magazin\/lesetipp-suizid-wenn-kinder-nicht-mehr-leben-wollen\/","title":{"rendered":"Lesetipp: Suizid &#8211; wenn Kinder nicht mehr leben wollen"},"content":{"rendered":"<p>\t\t\t\t<![CDATA[<strong>Immer h\u00e4ufiger machen F\u00e4lle von Cyber-Mobbing mit t\u00f6dlichem Ausgang Schlagzeilen. Aber auch jenseits dieses besonderen Problemkreises stellt suizidales Verhalten von Kindern und Jugendlichen nicht nur Therapeuten, sondern auch die Gesellschaft vor gr\u00f6\u00dfte Herausforderungen.<\/strong>\n\n\n<h3>Selbstmord dritth\u00e4ufigste Todesursache<\/h3>\n\n\nFast jede Woche stirbt in Deutschland ein Kind unter 15 Jahren durch Suizid. Bei jungen Menschen ist die Selbstt\u00f6tung die dritth\u00e4ufigste Todesursache (bei jungen M\u00e4nnern um 20 Jahre sogar die zweith\u00e4ufigste). Nach Sch\u00e4tzungen der Beratungsstelle Neuhland kommen auf jeden vollendeten Suizid von Kindern und Jugendlichen bis 25 Jahren etwa 20 bis 30 Suizidversuche.\n\n\n<h3>Bisher kaum spezielle Fachliteratur<\/h3>\n\n\nIn jugendpsychiatrischen Kliniken z\u00e4hlen Suizidabsichten und Suiziddrohungen zu den h\u00e4ufigsten Aufnahmeanl\u00e4ssen. Dennoch ist spezielle Fachliteratur kaum verf\u00fcgbar. Wilhelm Rotthaus f\u00fcllt mit diesem seit Langem \u00fcberf\u00e4lligen Buch zum Thema Suizid bei Jugendlichen eine L\u00fccke.\nDabei nimmt der Autor eine ungew\u00f6hnliche Perspektive ein: Er geht von der Paradoxie aus, dass suizidales Verhalten bei Kindern und Jugendlichen zwar den eigenen Tod zum Ziel hat, im Grunde genommen aber von den Jugendlichen \u201enur\u201c ein anderes Leben begehrt wird.\n\n\n<h3>Umfassender \u00dcberblick und Hilfestellung<\/h3>\n\n\nDas neu erschienene Buch <strong>\u201eSuizidhandlungen von Kindern und Jugendlichen\u201c<\/strong> gibt einen umfassenden \u00dcberblick zum Thema. Es regt p\u00e4dagogische Fachkr\u00e4fte und Therapeuten an, sich mit ihren eigenen \u00c4ngsten und Wertvorstellungen im Hinblick auf Suizidhandlungen auseinanderzusetzen. Ziel ist es, Zugang zu den Kindern und Jugendlichen in suizidalen Krisen gewinnen und ihnen Halt vermitteln zu k\u00f6nnen.\n\nWilhelm Rotthaus war langj\u00e4hriger \u00c4rztlicher Leiter des Fachbereichs Psychiatrie und Psychotherapie des Kindes- und Jugendalters der Rheinischen Kliniken Viersen. Im Carl-Auer Verlag erschienen u.a. die Titel \u201eWozu erziehen\u201c (7. Aufl. 2010), \u201eSystemische Kinder- und Jugendlichenpsychotherapie\u201c (4. Aufl. 2013) und \u201e\u00c4ngste von Kindern und Jugendlichen\u201c (2015).\n\n\n<h3><a href=\"https:\/\/relaunch.euroakademie.de\/magazin\/wp-content\/uploads\/2016\/11\/lb0257839_g.jpg\"><img fetchpriority=\"high\" decoding=\"async\" class=\"size-medium wp-image-4782 alignleft\" src=\"https:\/\/relaunch.euroakademie.de\/magazin\/wp-content\/uploads\/2016\/11\/lb0257839_g-212x300.jpg\" alt=\"Suizidhandlungen bei Kindern und Jugendlichen\" width=\"212\" height=\"300\" srcset=\"https:\/\/www.euroakademie.de\/magazin\/wp-content\/uploads\/2016\/11\/lb0257839_g-212x300.jpg 212w, https:\/\/www.euroakademie.de\/magazin\/wp-content\/uploads\/2016\/11\/lb0257839_g-150x213.jpg 150w, https:\/\/www.euroakademie.de\/magazin\/wp-content\/uploads\/2016\/11\/lb0257839_g-450x638.jpg 450w, https:\/\/www.euroakademie.de\/magazin\/wp-content\/uploads\/2016\/11\/lb0257839_g.jpg 600w\" sizes=\"(max-width: 212px) 100vw, 212px\" \/><\/a><strong>Unser Lesetipp<\/strong><\/h3>\n\n\nWilhelm Rotthaus\nSuizidhandlungen bei Kindern und Jugendlichen\nISBN 978-3-8497-0152\n\n&nbsp;\n\n&nbsp;\n\n&nbsp;\n\n&nbsp;\n\nDiese Beitr\u00e4ge k\u00f6nnten Sie auch interessieren:\n\n<a href=\"https:\/\/www.euroakademie.de\/magazin\/mobbing-wenn-der-alltag-zur-hoelle-wird\/\">Mobbing \u2212 Wenn der Alltag zur H\u00f6lle wird\n<\/a><a href=\"https:\/\/www.euroakademie.de\/magazin\/lesetipp-gut-hinsehen-und-zuhoeren-ratgeber-fuer-paedagogische-fachkraefte\/\">Lesetipp: Ratgeber f\u00fcr p\u00e4dagogische Fachkr\u00e4fte zur Medienerziehung <\/a>\n<a href=\"https:\/\/www.euroakademie.de\/magazin\/lesetipp-resonanzpaedagogik\/\">Lesetipp: Resonanzp\u00e4dagogik<\/a>]]>\t\t<\/p>\n","protected":false},"excerpt":{"rendered":"<p>\t\t\t\t<![CDATA[]]>\t\t<\/p>\n","protected":false},"author":7,"featured_media":6775,"comment_status":"closed","ping_status":"closed","sticky":false,"template":"","format":"standard","meta":{"footnotes":""},"categories":[139,19],"tags":[7387,8026,8029,8032,8035],"class_list":{"0":"post-4781","1":"post","2":"type-post","3":"status-publish","4":"format-standard","5":"has-post-thumbnail","7":"category-lesetipps","8":"category-paedagogik-soziales","9":"tag-selbstmord","10":"tag-suizid","11":"tag-suizidgedanken","12":"tag-suizidhandlungen","13":"tag-suizidversuch"},"yoast_head":"<!-- This site is optimized with the Yoast SEO plugin v23.5 - https:\/\/yoast.com\/wordpress\/plugins\/seo\/ -->\n<title>Lesetipp: Suizid - Wenn Kinder nicht mehr leben wollen<\/title>\n<meta name=\"description\" content=\"Wilhelm Rotthaus kl\u00e4rt in seinem Buch zum Thema Suizid in jungen Jahren auf und gibt Hilfestellungen f\u00fcr alle, die mit Kindern und Jugendlichen arbeiten.\" \/>\n<meta name=\"robots\" content=\"index, follow, max-snippet:-1, max-image-preview:large, max-video-preview:-1\" \/>\n<link rel=\"canonical\" href=\"https:\/\/www.euroakademie.de\/magazin\/lesetipp-suizid-wenn-kinder-nicht-mehr-leben-wollen\/\" \/>\n<meta property=\"og:locale\" content=\"de_DE\" \/>\n<meta property=\"og:type\" content=\"article\" \/>\n<meta property=\"og:title\" content=\"Lesetipp: Suizid - Wenn Kinder nicht mehr leben wollen\" \/>\n<meta property=\"og:description\" content=\"Wilhelm Rotthaus kl\u00e4rt in seinem Buch zum Thema Suizid in jungen Jahren auf und gibt Hilfestellungen f\u00fcr alle, die mit Kindern und Jugendlichen arbeiten.\" \/>\n<meta property=\"og:url\" content=\"https:\/\/www.euroakademie.de\/magazin\/lesetipp-suizid-wenn-kinder-nicht-mehr-leben-wollen\/\" \/>\n<meta property=\"og:site_name\" content=\"Das Euro Akademie Magazin\" \/>\n<meta property=\"article:published_time\" content=\"2016-11-07T07:25:21+00:00\" \/>\n<meta property=\"og:image\" content=\"https:\/\/www.euroakademie.de\/magazin\/wp-content\/uploads\/2016\/11\/42-23752184_702x336_web.jpg\" \/>\n\t<meta property=\"og:image:width\" content=\"702\" \/>\n\t<meta property=\"og:image:height\" content=\"336\" \/>\n\t<meta property=\"og:image:type\" content=\"image\/jpeg\" \/>\n<meta name=\"author\" content=\"Redaktion\" \/>\n<meta name=\"twitter:card\" content=\"summary_large_image\" \/>\n<meta name=\"twitter:label1\" content=\"Verfasst von\" \/>\n\t<meta name=\"twitter:data1\" content=\"Redaktion\" \/>\n\t<meta name=\"twitter:label2\" content=\"Gesch\u00e4tzte Lesezeit\" \/>\n\t<meta name=\"twitter:data2\" content=\"2\u00a0Minuten\" \/>\n<script type=\"application\/ld+json\" class=\"yoast-schema-graph\">{\"@context\":\"https:\/\/schema.org\",\"@graph\":[{\"@type\":\"Article\",\"@id\":\"https:\/\/www.euroakademie.de\/magazin\/lesetipp-suizid-wenn-kinder-nicht-mehr-leben-wollen\/#article\",\"isPartOf\":{\"@id\":\"https:\/\/www.euroakademie.de\/magazin\/lesetipp-suizid-wenn-kinder-nicht-mehr-leben-wollen\/\"},\"author\":{\"name\":\"Redaktion\",\"@id\":\"https:\/\/www.euroakademie.de\/magazin\/#\/schema\/person\/6c9b7b6db765ee31640d80c936be3686\"},\"headline\":\"Lesetipp: Suizid &#8211; wenn Kinder nicht mehr leben wollen\",\"datePublished\":\"2016-11-07T07:25:21+00:00\",\"dateModified\":\"2016-11-07T07:25:21+00:00\",\"mainEntityOfPage\":{\"@id\":\"https:\/\/www.euroakademie.de\/magazin\/lesetipp-suizid-wenn-kinder-nicht-mehr-leben-wollen\/\"},\"wordCount\":337,\"publisher\":{\"@id\":\"https:\/\/www.euroakademie.de\/magazin\/#organization\"},\"image\":{\"@id\":\"https:\/\/www.euroakademie.de\/magazin\/lesetipp-suizid-wenn-kinder-nicht-mehr-leben-wollen\/#primaryimage\"},\"thumbnailUrl\":\"https:\/\/www.euroakademie.de\/magazin\/wp-content\/uploads\/2016\/11\/42-23752184_702x336_web.jpg\",\"keywords\":[\"Selbstmord\",\"Suizid\",\"Suizidgedanken\",\"Suizidhandlungen\",\"Suizidversuch\"],\"articleSection\":[\"Link- und Lesetipps\",\"P\u00e4dagogik &amp; Soziales\"],\"inLanguage\":\"de\"},{\"@type\":\"WebPage\",\"@id\":\"https:\/\/www.euroakademie.de\/magazin\/lesetipp-suizid-wenn-kinder-nicht-mehr-leben-wollen\/\",\"url\":\"https:\/\/www.euroakademie.de\/magazin\/lesetipp-suizid-wenn-kinder-nicht-mehr-leben-wollen\/\",\"name\":\"Lesetipp: Suizid - Wenn Kinder nicht mehr leben wollen\",\"isPartOf\":{\"@id\":\"https:\/\/www.euroakademie.de\/magazin\/#website\"},\"primaryImageOfPage\":{\"@id\":\"https:\/\/www.euroakademie.de\/magazin\/lesetipp-suizid-wenn-kinder-nicht-mehr-leben-wollen\/#primaryimage\"},\"image\":{\"@id\":\"https:\/\/www.euroakademie.de\/magazin\/lesetipp-suizid-wenn-kinder-nicht-mehr-leben-wollen\/#primaryimage\"},\"thumbnailUrl\":\"https:\/\/www.euroakademie.de\/magazin\/wp-content\/uploads\/2016\/11\/42-23752184_702x336_web.jpg\",\"datePublished\":\"2016-11-07T07:25:21+00:00\",\"dateModified\":\"2016-11-07T07:25:21+00:00\",\"description\":\"Wilhelm Rotthaus kl\u00e4rt in seinem Buch zum Thema Suizid in jungen Jahren auf und gibt Hilfestellungen f\u00fcr alle, die mit Kindern und Jugendlichen arbeiten.\",\"breadcrumb\":{\"@id\":\"https:\/\/www.euroakademie.de\/magazin\/lesetipp-suizid-wenn-kinder-nicht-mehr-leben-wollen\/#breadcrumb\"},\"inLanguage\":\"de\",\"potentialAction\":[{\"@type\":\"ReadAction\",\"target\":[\"https:\/\/www.euroakademie.de\/magazin\/lesetipp-suizid-wenn-kinder-nicht-mehr-leben-wollen\/\"]}]},{\"@type\":\"ImageObject\",\"inLanguage\":\"de\",\"@id\":\"https:\/\/www.euroakademie.de\/magazin\/lesetipp-suizid-wenn-kinder-nicht-mehr-leben-wollen\/#primaryimage\",\"url\":\"https:\/\/www.euroakademie.de\/magazin\/wp-content\/uploads\/2016\/11\/42-23752184_702x336_web.jpg\",\"contentUrl\":\"https:\/\/www.euroakademie.de\/magazin\/wp-content\/uploads\/2016\/11\/42-23752184_702x336_web.jpg\",\"width\":702,\"height\":336,\"caption\":\"\"},{\"@type\":\"BreadcrumbList\",\"@id\":\"https:\/\/www.euroakademie.de\/magazin\/lesetipp-suizid-wenn-kinder-nicht-mehr-leben-wollen\/#breadcrumb\",\"itemListElement\":[{\"@type\":\"ListItem\",\"position\":1,\"name\":\"Startseite\",\"item\":\"https:\/\/www.euroakademie.de\/magazin\/\"},{\"@type\":\"ListItem\",\"position\":2,\"name\":\"Lesetipp: Suizid &#8211; wenn Kinder nicht mehr leben wollen\"}]},{\"@type\":\"WebSite\",\"@id\":\"https:\/\/www.euroakademie.de\/magazin\/#website\",\"url\":\"https:\/\/www.euroakademie.de\/magazin\/\",\"name\":\"Das Euro Akademie Magazin\",\"description\":\"Gut informiert durch Ausbildung und Studium\",\"publisher\":{\"@id\":\"https:\/\/www.euroakademie.de\/magazin\/#organization\"},\"potentialAction\":[{\"@type\":\"SearchAction\",\"target\":{\"@type\":\"EntryPoint\",\"urlTemplate\":\"https:\/\/www.euroakademie.de\/magazin\/?s={search_term_string}\"},\"query-input\":{\"@type\":\"PropertyValueSpecification\",\"valueRequired\":true,\"valueName\":\"search_term_string\"}}],\"inLanguage\":\"de\"},{\"@type\":\"Organization\",\"@id\":\"https:\/\/www.euroakademie.de\/magazin\/#organization\",\"name\":\"ESO Education Group\",\"url\":\"https:\/\/www.euroakademie.de\/magazin\/\",\"logo\":{\"@type\":\"ImageObject\",\"inLanguage\":\"de\",\"@id\":\"https:\/\/www.euroakademie.de\/magazin\/#\/schema\/logo\/image\/\",\"url\":\"https:\/\/relaunch.euroakademie.de\/magazin\/wp-content\/uploads\/2024\/11\/Logo_EA_negativ_Rahmen_5cm_300dpi_RGB.jpg\",\"contentUrl\":\"https:\/\/relaunch.euroakademie.de\/magazin\/wp-content\/uploads\/2024\/11\/Logo_EA_negativ_Rahmen_5cm_300dpi_RGB.jpg\",\"width\":591,\"height\":236,\"caption\":\"ESO Education Group\"},\"image\":{\"@id\":\"https:\/\/www.euroakademie.de\/magazin\/#\/schema\/logo\/image\/\"}},{\"@type\":\"Person\",\"@id\":\"https:\/\/www.euroakademie.de\/magazin\/#\/schema\/person\/6c9b7b6db765ee31640d80c936be3686\",\"name\":\"Redaktion\",\"description\":\"Die Redaktion des Euro Akademie Magazins h\u00e4lt Sie regelm\u00e4\u00dfig mit hintergr\u00fcndigen Artikeln auf dem Laufenden. Auf Basis einer fundierten Recherche und mit Spa\u00df am Schreiben erstellen die Redakteur*innen informative und unterhaltsame Inhalte f\u00fcr Sie.\",\"url\":\"https:\/\/www.euroakademie.de\/magazin\/author\/redaktion\/\"}]}<\/script>\n<!-- \/ Yoast SEO plugin. -->","yoast_head_json":{"title":"Lesetipp: Suizid - Wenn Kinder nicht mehr leben wollen","description":"Wilhelm Rotthaus kl\u00e4rt in seinem Buch zum Thema Suizid in jungen Jahren auf und gibt Hilfestellungen f\u00fcr alle, die mit Kindern und Jugendlichen arbeiten.","robots":{"index":"index","follow":"follow","max-snippet":"max-snippet:-1","max-image-preview":"max-image-preview:large","max-video-preview":"max-video-preview:-1"},"canonical":"https:\/\/www.euroakademie.de\/magazin\/lesetipp-suizid-wenn-kinder-nicht-mehr-leben-wollen\/","og_locale":"de_DE","og_type":"article","og_title":"Lesetipp: Suizid - Wenn Kinder nicht mehr leben wollen","og_description":"Wilhelm Rotthaus kl\u00e4rt in seinem Buch zum Thema Suizid in jungen Jahren auf und gibt Hilfestellungen f\u00fcr alle, die mit Kindern und Jugendlichen arbeiten.","og_url":"https:\/\/www.euroakademie.de\/magazin\/lesetipp-suizid-wenn-kinder-nicht-mehr-leben-wollen\/","og_site_name":"Das Euro Akademie Magazin","article_published_time":"2016-11-07T07:25:21+00:00","og_image":[{"width":702,"height":336,"url":"https:\/\/www.euroakademie.de\/magazin\/wp-content\/uploads\/2016\/11\/42-23752184_702x336_web.jpg","type":"image\/jpeg"}],"author":"Redaktion","twitter_card":"summary_large_image","twitter_misc":{"Verfasst von":"Redaktion","Gesch\u00e4tzte Lesezeit":"2\u00a0Minuten"},"schema":{"@context":"https:\/\/schema.org","@graph":[{"@type":"Article","@id":"https:\/\/www.euroakademie.de\/magazin\/lesetipp-suizid-wenn-kinder-nicht-mehr-leben-wollen\/#article","isPartOf":{"@id":"https:\/\/www.euroakademie.de\/magazin\/lesetipp-suizid-wenn-kinder-nicht-mehr-leben-wollen\/"},"author":{"name":"Redaktion","@id":"https:\/\/www.euroakademie.de\/magazin\/#\/schema\/person\/6c9b7b6db765ee31640d80c936be3686"},"headline":"Lesetipp: Suizid &#8211; wenn Kinder nicht mehr leben wollen","datePublished":"2016-11-07T07:25:21+00:00","dateModified":"2016-11-07T07:25:21+00:00","mainEntityOfPage":{"@id":"https:\/\/www.euroakademie.de\/magazin\/lesetipp-suizid-wenn-kinder-nicht-mehr-leben-wollen\/"},"wordCount":337,"publisher":{"@id":"https:\/\/www.euroakademie.de\/magazin\/#organization"},"image":{"@id":"https:\/\/www.euroakademie.de\/magazin\/lesetipp-suizid-wenn-kinder-nicht-mehr-leben-wollen\/#primaryimage"},"thumbnailUrl":"https:\/\/www.euroakademie.de\/magazin\/wp-content\/uploads\/2016\/11\/42-23752184_702x336_web.jpg","keywords":["Selbstmord","Suizid","Suizidgedanken","Suizidhandlungen","Suizidversuch"],"articleSection":["Link- und Lesetipps","P\u00e4dagogik &amp; Soziales"],"inLanguage":"de"},{"@type":"WebPage","@id":"https:\/\/www.euroakademie.de\/magazin\/lesetipp-suizid-wenn-kinder-nicht-mehr-leben-wollen\/","url":"https:\/\/www.euroakademie.de\/magazin\/lesetipp-suizid-wenn-kinder-nicht-mehr-leben-wollen\/","name":"Lesetipp: Suizid - Wenn Kinder nicht mehr leben wollen","isPartOf":{"@id":"https:\/\/www.euroakademie.de\/magazin\/#website"},"primaryImageOfPage":{"@id":"https:\/\/www.euroakademie.de\/magazin\/lesetipp-suizid-wenn-kinder-nicht-mehr-leben-wollen\/#primaryimage"},"image":{"@id":"https:\/\/www.euroakademie.de\/magazin\/lesetipp-suizid-wenn-kinder-nicht-mehr-leben-wollen\/#primaryimage"},"thumbnailUrl":"https:\/\/www.euroakademie.de\/magazin\/wp-content\/uploads\/2016\/11\/42-23752184_702x336_web.jpg","datePublished":"2016-11-07T07:25:21+00:00","dateModified":"2016-11-07T07:25:21+00:00","description":"Wilhelm Rotthaus kl\u00e4rt in seinem Buch zum Thema Suizid in jungen Jahren auf und gibt Hilfestellungen f\u00fcr alle, die mit Kindern und Jugendlichen arbeiten.","breadcrumb":{"@id":"https:\/\/www.euroakademie.de\/magazin\/lesetipp-suizid-wenn-kinder-nicht-mehr-leben-wollen\/#breadcrumb"},"inLanguage":"de","potentialAction":[{"@type":"ReadAction","target":["https:\/\/www.euroakademie.de\/magazin\/lesetipp-suizid-wenn-kinder-nicht-mehr-leben-wollen\/"]}]},{"@type":"ImageObject","inLanguage":"de","@id":"https:\/\/www.euroakademie.de\/magazin\/lesetipp-suizid-wenn-kinder-nicht-mehr-leben-wollen\/#primaryimage","url":"https:\/\/www.euroakademie.de\/magazin\/wp-content\/uploads\/2016\/11\/42-23752184_702x336_web.jpg","contentUrl":"https:\/\/www.euroakademie.de\/magazin\/wp-content\/uploads\/2016\/11\/42-23752184_702x336_web.jpg","width":702,"height":336,"caption":""},{"@type":"BreadcrumbList","@id":"https:\/\/www.euroakademie.de\/magazin\/lesetipp-suizid-wenn-kinder-nicht-mehr-leben-wollen\/#breadcrumb","itemListElement":[{"@type":"ListItem","position":1,"name":"Startseite","item":"https:\/\/www.euroakademie.de\/magazin\/"},{"@type":"ListItem","position":2,"name":"Lesetipp: Suizid &#8211; wenn Kinder nicht mehr leben wollen"}]},{"@type":"WebSite","@id":"https:\/\/www.euroakademie.de\/magazin\/#website","url":"https:\/\/www.euroakademie.de\/magazin\/","name":"Das Euro Akademie Magazin","description":"Gut informiert durch Ausbildung und Studium","publisher":{"@id":"https:\/\/www.euroakademie.de\/magazin\/#organization"},"potentialAction":[{"@type":"SearchAction","target":{"@type":"EntryPoint","urlTemplate":"https:\/\/www.euroakademie.de\/magazin\/?s={search_term_string}"},"query-input":{"@type":"PropertyValueSpecification","valueRequired":true,"valueName":"search_term_string"}}],"inLanguage":"de"},{"@type":"Organization","@id":"https:\/\/www.euroakademie.de\/magazin\/#organization","name":"ESO Education Group","url":"https:\/\/www.euroakademie.de\/magazin\/","logo":{"@type":"ImageObject","inLanguage":"de","@id":"https:\/\/www.euroakademie.de\/magazin\/#\/schema\/logo\/image\/","url":"https:\/\/relaunch.euroakademie.de\/magazin\/wp-content\/uploads\/2024\/11\/Logo_EA_negativ_Rahmen_5cm_300dpi_RGB.jpg","contentUrl":"https:\/\/relaunch.euroakademie.de\/magazin\/wp-content\/uploads\/2024\/11\/Logo_EA_negativ_Rahmen_5cm_300dpi_RGB.jpg","width":591,"height":236,"caption":"ESO Education Group"},"image":{"@id":"https:\/\/www.euroakademie.de\/magazin\/#\/schema\/logo\/image\/"}},{"@type":"Person","@id":"https:\/\/www.euroakademie.de\/magazin\/#\/schema\/person\/6c9b7b6db765ee31640d80c936be3686","name":"Redaktion","description":"Die Redaktion des Euro Akademie Magazins h\u00e4lt Sie regelm\u00e4\u00dfig mit hintergr\u00fcndigen Artikeln auf dem Laufenden. Auf Basis einer fundierten Recherche und mit Spa\u00df am Schreiben erstellen die Redakteur*innen informative und unterhaltsame Inhalte f\u00fcr Sie.","url":"https:\/\/www.euroakademie.de\/magazin\/author\/redaktion\/"}]}},"_links":{"self":[{"href":"https:\/\/www.euroakademie.de\/magazin\/wp-json\/wp\/v2\/posts\/4781","targetHints":{"allow":["GET"]}}],"collection":[{"href":"https:\/\/www.euroakademie.de\/magazin\/wp-json\/wp\/v2\/posts"}],"about":[{"href":"https:\/\/www.euroakademie.de\/magazin\/wp-json\/wp\/v2\/types\/post"}],"author":[{"embeddable":true,"href":"https:\/\/www.euroakademie.de\/magazin\/wp-json\/wp\/v2\/users\/7"}],"replies":[{"embeddable":true,"href":"https:\/\/www.euroakademie.de\/magazin\/wp-json\/wp\/v2\/comments?post=4781"}],"version-history":[{"count":0,"href":"https:\/\/www.euroakademie.de\/magazin\/wp-json\/wp\/v2\/posts\/4781\/revisions"}],"wp:featuredmedia":[{"embeddable":true,"href":"https:\/\/www.euroakademie.de\/magazin\/wp-json\/wp\/v2\/media\/6775"}],"wp:attachment":[{"href":"https:\/\/www.euroakademie.de\/magazin\/wp-json\/wp\/v2\/media?parent=4781"}],"wp:term":[{"taxonomy":"category","embeddable":true,"href":"https:\/\/www.euroakademie.de\/magazin\/wp-json\/wp\/v2\/categories?post=4781"},{"taxonomy":"post_tag","embeddable":true,"href":"https:\/\/www.euroakademie.de\/magazin\/wp-json\/wp\/v2\/tags?post=4781"}],"curies":[{"name":"wp","href":"https:\/\/api.w.org\/{rel}","templated":true}]}}