{"id":4792,"date":"2016-11-08T13:40:37","date_gmt":"2016-11-08T12:40:37","guid":{"rendered":"https:\/\/www.euroakademie.de\/magazin\/?p=4792"},"modified":"2024-11-19T14:51:00","modified_gmt":"2024-11-19T13:51:00","slug":"berufsbegleitende-ausbildung-zum-erzieher","status":"publish","type":"post","link":"https:\/\/www.euroakademie.de\/magazin\/berufsbegleitende-ausbildung-zum-erzieher\/","title":{"rendered":"Berufsbegleitende Ausbildung zum Erzieher \u2013 lernen neben dem Beruf"},"content":{"rendered":"<p>\t\t\t\t<![CDATA[<strong>Seit 2012 bietet die Euro Akademie Dessau zus\u00e4tzlich die berufsbegleitende Ausbildung zum Erzieher an. Auch in diesem Jahr begannen p\u00fcnktlich zum 1. November 2016 21 neue Sch\u00fcler ihre Ausbildung zum staatlich anerkannten Erzieher an unserer Fachschule f\u00fcr Sozialp\u00e4dagogik an der Euro Akademie Dessau.<\/strong>\n\nSie kommen aus vielen Teilen Sachsen-Anhalts, haben bereits einen Beruf erlernt, diesen ausgef\u00fchrt und machten schon erste einschl\u00e4gige Erfahrungen: Mindestens 600 Stunden haben die Sch\u00fcler der <a href=\"https:\/\/www.euroakademie.de\/de\/standorte\/dessau.html\">Euro Akademie Dessau<\/a> vor dem Ausbildungsbeginn mit Kindern und Jugendlichen in p\u00e4dagogischen Einrichtungen gearbeitet. Dies sind neben einem guten Realschulabschluss die Zugangsvoraussetzungen f\u00fcr die berufsbegleitende <a href=\"https:\/\/www.euroakademie.de\/bildungsangebote\/paedagogik-soziales\">Ausbildung zum Erzieher<\/a>.\n\n\n<h2>Gut vorbereitet in den Beruf<\/h2>\n\n\nGab es noch vor 25 Jahren eine Ausbildung zum Krippenerzieher, Kinderg\u00e4rtner oder Heimerzieher, konzentriert sich die Ausbildung zum Erzieher heute auf den Bereich 0 bis 27 Jahre. Deshalb ist es notwendig und in den Rahmenrichtlinien von Sachsen-Anhalt festgeschrieben, dass die Sch\u00fcler w\u00e4hrend der Ausbildung mindestens ein Praktikum absolvieren m\u00fcssen, bei dem sie in ein anderes Feld hineinschnuppern. Dabei sollen sie Kinder oder Jugendliche einer anderen Altersgruppe betreuen als der, mit der die Auszubildenden in ihrem momentanen Arbeitsalltag zu tun haben.\n\nDerzeit arbeiten die Sch\u00fcler noch als p\u00e4dagogische Hilfskr\u00e4fte. W\u00e4hrend ihrer vierj\u00e4hrigen Ausbildung d\u00fcrfen sie an zwei Tagen in der Woche neben ihrer beruflichen T\u00e4tigkeit die Schulbank dr\u00fccken. Danach k\u00f6nnen sie dann als vollwertige Erzieher in Krippe, Kita, Hort, Jugendclub, Wohngruppe oder als Streetworker arbeiten.\n\nNeben der Ausbildung zum Erzieher bieten wir denjenigen Sch\u00fclern, die mit jugendlichen Fl\u00fcchtlingen arbeiten, spezielle Weiterbildungen an, um f\u00fcr ihren Berufsalltag ger\u00fcstet zu sein.\n\n\n<h2>Ein gelungener Start<\/h2>\n\n\nF\u00fcr die tolle musikalische Begleitung unserer \u201eEinschulungsfeier\u201c m\u00f6chten wir uns ganz herzlich bei der Blockfl\u00f6tenklasse von Familie Anne und Wolf Gander von der Musikschule \u201eKurt Weill\u201c aus Dessau bedanken.\n\nWir w\u00fcnschen allen Sch\u00fclern viel Erfolg in den n\u00e4chsten vier Jahren, Durchhalteverm\u00f6gen und viel Kraft auch f\u00fcr die berufliche T\u00e4tigkeit. Dabei wird sie das Lehrer- und Leitungsteam tatkr\u00e4ftig unterst\u00fctzen.\n\n[gallery columns=\"4\" ids=\"4804,4803,4805,4802\"]\n\n<strong>Das k\u00f6nnte Sie auch interessieren:<\/strong>\n<a href=\"https:\/\/www.euroakademie.de\/magazin\/fort-und-weiterbildungen-fuer-erzieher\/\">Fort- und Weiterbildungen f\u00fcr Erzieher ein Must-have<\/a>\n<a href=\"https:\/\/www.euroakademie.de\/magazin\/erzieherin-im-interview-engagement-aus-leidenschaft\/\">Erzieherin im Interview \u2013 Engagement aus Leidenschaft<\/a>\n<a href=\"https:\/\/www.euroakademie.de\/magazin\/familie-und-beruf-alle-moeglichkeiten-als-erzieher\/\">Familie und Beruf \u2013 Alle M\u00f6glichkeiten als Erzieher<\/a>\n\n<em>Autor: Jana Ilsmann, Euro Akademie Dessau<\/em>]]>\t\t<\/p>\n","protected":false},"excerpt":{"rendered":"<p>\t\t\t\t<![CDATA[]]>\t\t<\/p>\n","protected":false},"author":16,"featured_media":4793,"comment_status":"closed","ping_status":"closed","sticky":false,"template":"","format":"standard","meta":{"footnotes":""},"categories":[88,19],"tags":[799,826,1189,1996,2587],"class_list":{"0":"post-4792","1":"post","2":"type-post","3":"status-publish","4":"format-standard","5":"has-post-thumbnail","7":"category-dessau","8":"category-paedagogik-soziales","9":"tag-ausbildung","10":"tag-ausbildung-neben-dem-beruf","11":"tag-berufsbegleitend","12":"tag-dessau","13":"tag-erzieher"},"yoast_head":"<!-- This site is optimized with the Yoast SEO plugin v23.5 - https:\/\/yoast.com\/wordpress\/plugins\/seo\/ -->\n<title>Berufsbegleitende Ausbildung zum Erzieher \u2013 Lernen neben dem Beruf<\/title>\n<meta name=\"description\" content=\"Seit 2012 bietet die Euro Akademie Dessau zus\u00e4tzlich die berufsbegleitende Ausbildung zum Erzieher an. 2016 begannen 21 Sch\u00fcler ihre Ausbildung.\" \/>\n<meta name=\"robots\" content=\"index, follow, max-snippet:-1, max-image-preview:large, max-video-preview:-1\" \/>\n<link rel=\"canonical\" href=\"https:\/\/www.euroakademie.de\/magazin\/berufsbegleitende-ausbildung-zum-erzieher\/\" \/>\n<meta property=\"og:locale\" content=\"de_DE\" \/>\n<meta property=\"og:type\" content=\"article\" \/>\n<meta property=\"og:title\" content=\"Berufsbegleitende Ausbildung zum Erzieher \u2013 Lernen neben dem Beruf\" \/>\n<meta property=\"og:description\" content=\"Seit 2012 bietet die Euro Akademie Dessau zus\u00e4tzlich die berufsbegleitende Ausbildung zum Erzieher an. 2016 begannen 21 Sch\u00fcler ihre Ausbildung.\" \/>\n<meta property=\"og:url\" content=\"https:\/\/www.euroakademie.de\/magazin\/berufsbegleitende-ausbildung-zum-erzieher\/\" \/>\n<meta property=\"og:site_name\" content=\"Das Euro Akademie Magazin\" \/>\n<meta property=\"article:published_time\" content=\"2016-11-08T12:40:37+00:00\" \/>\n<meta property=\"article:modified_time\" content=\"2024-11-19T13:51:00+00:00\" \/>\n<meta property=\"og:image\" content=\"https:\/\/www.euroakademie.de\/magazin\/wp-content\/uploads\/2016\/11\/IMG-20161108-WA0007_702x336-web.jpg\" \/>\n\t<meta property=\"og:image:width\" content=\"702\" \/>\n\t<meta property=\"og:image:height\" content=\"336\" \/>\n\t<meta property=\"og:image:type\" content=\"image\/jpeg\" \/>\n<meta name=\"author\" content=\"Gastautor\" \/>\n<meta name=\"twitter:card\" content=\"summary_large_image\" \/>\n<meta name=\"twitter:label1\" content=\"Verfasst von\" \/>\n\t<meta name=\"twitter:data1\" content=\"Gastautor\" \/>\n\t<meta name=\"twitter:label2\" content=\"Gesch\u00e4tzte Lesezeit\" \/>\n\t<meta name=\"twitter:data2\" content=\"2\u00a0Minuten\" \/>\n<script type=\"application\/ld+json\" class=\"yoast-schema-graph\">{\"@context\":\"https:\/\/schema.org\",\"@graph\":[{\"@type\":\"Article\",\"@id\":\"https:\/\/www.euroakademie.de\/magazin\/berufsbegleitende-ausbildung-zum-erzieher\/#article\",\"isPartOf\":{\"@id\":\"https:\/\/www.euroakademie.de\/magazin\/berufsbegleitende-ausbildung-zum-erzieher\/\"},\"author\":{\"name\":\"Gastautor\",\"@id\":\"https:\/\/www.euroakademie.de\/magazin\/#\/schema\/person\/29e379ae109b856cf2109112ce9db2f0\"},\"headline\":\"Berufsbegleitende Ausbildung zum Erzieher \u2013 lernen neben dem Beruf\",\"datePublished\":\"2016-11-08T12:40:37+00:00\",\"dateModified\":\"2024-11-19T13:51:00+00:00\",\"mainEntityOfPage\":{\"@id\":\"https:\/\/www.euroakademie.de\/magazin\/berufsbegleitende-ausbildung-zum-erzieher\/\"},\"wordCount\":386,\"publisher\":{\"@id\":\"https:\/\/www.euroakademie.de\/magazin\/#organization\"},\"image\":{\"@id\":\"https:\/\/www.euroakademie.de\/magazin\/berufsbegleitende-ausbildung-zum-erzieher\/#primaryimage\"},\"thumbnailUrl\":\"https:\/\/www.euroakademie.de\/magazin\/wp-content\/uploads\/2016\/11\/IMG-20161108-WA0007_702x336-web.jpg\",\"keywords\":[\"Ausbildung\",\"Ausbildung neben dem Beruf\",\"berufsbegleitend\",\"Dessau\",\"Erzieher\"],\"articleSection\":[\"Dessau\",\"P\u00e4dagogik &amp; Soziales\"],\"inLanguage\":\"de\"},{\"@type\":\"WebPage\",\"@id\":\"https:\/\/www.euroakademie.de\/magazin\/berufsbegleitende-ausbildung-zum-erzieher\/\",\"url\":\"https:\/\/www.euroakademie.de\/magazin\/berufsbegleitende-ausbildung-zum-erzieher\/\",\"name\":\"Berufsbegleitende Ausbildung zum Erzieher \u2013 Lernen neben dem Beruf\",\"isPartOf\":{\"@id\":\"https:\/\/www.euroakademie.de\/magazin\/#website\"},\"primaryImageOfPage\":{\"@id\":\"https:\/\/www.euroakademie.de\/magazin\/berufsbegleitende-ausbildung-zum-erzieher\/#primaryimage\"},\"image\":{\"@id\":\"https:\/\/www.euroakademie.de\/magazin\/berufsbegleitende-ausbildung-zum-erzieher\/#primaryimage\"},\"thumbnailUrl\":\"https:\/\/www.euroakademie.de\/magazin\/wp-content\/uploads\/2016\/11\/IMG-20161108-WA0007_702x336-web.jpg\",\"datePublished\":\"2016-11-08T12:40:37+00:00\",\"dateModified\":\"2024-11-19T13:51:00+00:00\",\"description\":\"Seit 2012 bietet die Euro Akademie Dessau zus\u00e4tzlich die berufsbegleitende Ausbildung zum Erzieher an. 2016 begannen 21 Sch\u00fcler ihre Ausbildung.\",\"breadcrumb\":{\"@id\":\"https:\/\/www.euroakademie.de\/magazin\/berufsbegleitende-ausbildung-zum-erzieher\/#breadcrumb\"},\"inLanguage\":\"de\",\"potentialAction\":[{\"@type\":\"ReadAction\",\"target\":[\"https:\/\/www.euroakademie.de\/magazin\/berufsbegleitende-ausbildung-zum-erzieher\/\"]}]},{\"@type\":\"ImageObject\",\"inLanguage\":\"de\",\"@id\":\"https:\/\/www.euroakademie.de\/magazin\/berufsbegleitende-ausbildung-zum-erzieher\/#primaryimage\",\"url\":\"https:\/\/www.euroakademie.de\/magazin\/wp-content\/uploads\/2016\/11\/IMG-20161108-WA0007_702x336-web.jpg\",\"contentUrl\":\"https:\/\/www.euroakademie.de\/magazin\/wp-content\/uploads\/2016\/11\/IMG-20161108-WA0007_702x336-web.jpg\",\"width\":702,\"height\":336,\"caption\":\"\"},{\"@type\":\"BreadcrumbList\",\"@id\":\"https:\/\/www.euroakademie.de\/magazin\/berufsbegleitende-ausbildung-zum-erzieher\/#breadcrumb\",\"itemListElement\":[{\"@type\":\"ListItem\",\"position\":1,\"name\":\"Startseite\",\"item\":\"https:\/\/www.euroakademie.de\/magazin\/\"},{\"@type\":\"ListItem\",\"position\":2,\"name\":\"Berufsbegleitende Ausbildung zum Erzieher \u2013 lernen neben dem Beruf\"}]},{\"@type\":\"WebSite\",\"@id\":\"https:\/\/www.euroakademie.de\/magazin\/#website\",\"url\":\"https:\/\/www.euroakademie.de\/magazin\/\",\"name\":\"Das Euro Akademie Magazin\",\"description\":\"Gut informiert durch Ausbildung und Studium\",\"publisher\":{\"@id\":\"https:\/\/www.euroakademie.de\/magazin\/#organization\"},\"potentialAction\":[{\"@type\":\"SearchAction\",\"target\":{\"@type\":\"EntryPoint\",\"urlTemplate\":\"https:\/\/www.euroakademie.de\/magazin\/?s={search_term_string}\"},\"query-input\":{\"@type\":\"PropertyValueSpecification\",\"valueRequired\":true,\"valueName\":\"search_term_string\"}}],\"inLanguage\":\"de\"},{\"@type\":\"Organization\",\"@id\":\"https:\/\/www.euroakademie.de\/magazin\/#organization\",\"name\":\"ESO Education Group\",\"url\":\"https:\/\/www.euroakademie.de\/magazin\/\",\"logo\":{\"@type\":\"ImageObject\",\"inLanguage\":\"de\",\"@id\":\"https:\/\/www.euroakademie.de\/magazin\/#\/schema\/logo\/image\/\",\"url\":\"https:\/\/relaunch.euroakademie.de\/magazin\/wp-content\/uploads\/2024\/11\/Logo_EA_negativ_Rahmen_5cm_300dpi_RGB.jpg\",\"contentUrl\":\"https:\/\/relaunch.euroakademie.de\/magazin\/wp-content\/uploads\/2024\/11\/Logo_EA_negativ_Rahmen_5cm_300dpi_RGB.jpg\",\"width\":591,\"height\":236,\"caption\":\"ESO Education Group\"},\"image\":{\"@id\":\"https:\/\/www.euroakademie.de\/magazin\/#\/schema\/logo\/image\/\"}},{\"@type\":\"Person\",\"@id\":\"https:\/\/www.euroakademie.de\/magazin\/#\/schema\/person\/29e379ae109b856cf2109112ce9db2f0\",\"name\":\"Gastautor\",\"description\":\"P\u00e4dagoge, Bewerbungscoachin, Dozent oder \u00dcbersetzerin \u2013 hier schreibt ein Fachmann oder eine Fachfrau \u00fcber ein Spezialthema. Unsere Gastautor*innen bereichern uns regelm\u00e4\u00dfig mit Expertenwissen und Insider-Infos.\",\"url\":\"https:\/\/www.euroakademie.de\/magazin\/author\/gastautor\/\"}]}<\/script>\n<!-- \/ Yoast SEO plugin. -->","yoast_head_json":{"title":"Berufsbegleitende Ausbildung zum Erzieher \u2013 Lernen neben dem Beruf","description":"Seit 2012 bietet die Euro Akademie Dessau zus\u00e4tzlich die berufsbegleitende Ausbildung zum Erzieher an. 2016 begannen 21 Sch\u00fcler ihre Ausbildung.","robots":{"index":"index","follow":"follow","max-snippet":"max-snippet:-1","max-image-preview":"max-image-preview:large","max-video-preview":"max-video-preview:-1"},"canonical":"https:\/\/www.euroakademie.de\/magazin\/berufsbegleitende-ausbildung-zum-erzieher\/","og_locale":"de_DE","og_type":"article","og_title":"Berufsbegleitende Ausbildung zum Erzieher \u2013 Lernen neben dem Beruf","og_description":"Seit 2012 bietet die Euro Akademie Dessau zus\u00e4tzlich die berufsbegleitende Ausbildung zum Erzieher an. 2016 begannen 21 Sch\u00fcler ihre Ausbildung.","og_url":"https:\/\/www.euroakademie.de\/magazin\/berufsbegleitende-ausbildung-zum-erzieher\/","og_site_name":"Das Euro Akademie Magazin","article_published_time":"2016-11-08T12:40:37+00:00","article_modified_time":"2024-11-19T13:51:00+00:00","og_image":[{"width":702,"height":336,"url":"https:\/\/www.euroakademie.de\/magazin\/wp-content\/uploads\/2016\/11\/IMG-20161108-WA0007_702x336-web.jpg","type":"image\/jpeg"}],"author":"Gastautor","twitter_card":"summary_large_image","twitter_misc":{"Verfasst von":"Gastautor","Gesch\u00e4tzte Lesezeit":"2\u00a0Minuten"},"schema":{"@context":"https:\/\/schema.org","@graph":[{"@type":"Article","@id":"https:\/\/www.euroakademie.de\/magazin\/berufsbegleitende-ausbildung-zum-erzieher\/#article","isPartOf":{"@id":"https:\/\/www.euroakademie.de\/magazin\/berufsbegleitende-ausbildung-zum-erzieher\/"},"author":{"name":"Gastautor","@id":"https:\/\/www.euroakademie.de\/magazin\/#\/schema\/person\/29e379ae109b856cf2109112ce9db2f0"},"headline":"Berufsbegleitende Ausbildung zum Erzieher \u2013 lernen neben dem Beruf","datePublished":"2016-11-08T12:40:37+00:00","dateModified":"2024-11-19T13:51:00+00:00","mainEntityOfPage":{"@id":"https:\/\/www.euroakademie.de\/magazin\/berufsbegleitende-ausbildung-zum-erzieher\/"},"wordCount":386,"publisher":{"@id":"https:\/\/www.euroakademie.de\/magazin\/#organization"},"image":{"@id":"https:\/\/www.euroakademie.de\/magazin\/berufsbegleitende-ausbildung-zum-erzieher\/#primaryimage"},"thumbnailUrl":"https:\/\/www.euroakademie.de\/magazin\/wp-content\/uploads\/2016\/11\/IMG-20161108-WA0007_702x336-web.jpg","keywords":["Ausbildung","Ausbildung neben dem Beruf","berufsbegleitend","Dessau","Erzieher"],"articleSection":["Dessau","P\u00e4dagogik &amp; Soziales"],"inLanguage":"de"},{"@type":"WebPage","@id":"https:\/\/www.euroakademie.de\/magazin\/berufsbegleitende-ausbildung-zum-erzieher\/","url":"https:\/\/www.euroakademie.de\/magazin\/berufsbegleitende-ausbildung-zum-erzieher\/","name":"Berufsbegleitende Ausbildung zum Erzieher \u2013 Lernen neben dem Beruf","isPartOf":{"@id":"https:\/\/www.euroakademie.de\/magazin\/#website"},"primaryImageOfPage":{"@id":"https:\/\/www.euroakademie.de\/magazin\/berufsbegleitende-ausbildung-zum-erzieher\/#primaryimage"},"image":{"@id":"https:\/\/www.euroakademie.de\/magazin\/berufsbegleitende-ausbildung-zum-erzieher\/#primaryimage"},"thumbnailUrl":"https:\/\/www.euroakademie.de\/magazin\/wp-content\/uploads\/2016\/11\/IMG-20161108-WA0007_702x336-web.jpg","datePublished":"2016-11-08T12:40:37+00:00","dateModified":"2024-11-19T13:51:00+00:00","description":"Seit 2012 bietet die Euro Akademie Dessau zus\u00e4tzlich die berufsbegleitende Ausbildung zum Erzieher an. 2016 begannen 21 Sch\u00fcler ihre Ausbildung.","breadcrumb":{"@id":"https:\/\/www.euroakademie.de\/magazin\/berufsbegleitende-ausbildung-zum-erzieher\/#breadcrumb"},"inLanguage":"de","potentialAction":[{"@type":"ReadAction","target":["https:\/\/www.euroakademie.de\/magazin\/berufsbegleitende-ausbildung-zum-erzieher\/"]}]},{"@type":"ImageObject","inLanguage":"de","@id":"https:\/\/www.euroakademie.de\/magazin\/berufsbegleitende-ausbildung-zum-erzieher\/#primaryimage","url":"https:\/\/www.euroakademie.de\/magazin\/wp-content\/uploads\/2016\/11\/IMG-20161108-WA0007_702x336-web.jpg","contentUrl":"https:\/\/www.euroakademie.de\/magazin\/wp-content\/uploads\/2016\/11\/IMG-20161108-WA0007_702x336-web.jpg","width":702,"height":336,"caption":""},{"@type":"BreadcrumbList","@id":"https:\/\/www.euroakademie.de\/magazin\/berufsbegleitende-ausbildung-zum-erzieher\/#breadcrumb","itemListElement":[{"@type":"ListItem","position":1,"name":"Startseite","item":"https:\/\/www.euroakademie.de\/magazin\/"},{"@type":"ListItem","position":2,"name":"Berufsbegleitende Ausbildung zum Erzieher \u2013 lernen neben dem Beruf"}]},{"@type":"WebSite","@id":"https:\/\/www.euroakademie.de\/magazin\/#website","url":"https:\/\/www.euroakademie.de\/magazin\/","name":"Das Euro Akademie Magazin","description":"Gut informiert durch Ausbildung und Studium","publisher":{"@id":"https:\/\/www.euroakademie.de\/magazin\/#organization"},"potentialAction":[{"@type":"SearchAction","target":{"@type":"EntryPoint","urlTemplate":"https:\/\/www.euroakademie.de\/magazin\/?s={search_term_string}"},"query-input":{"@type":"PropertyValueSpecification","valueRequired":true,"valueName":"search_term_string"}}],"inLanguage":"de"},{"@type":"Organization","@id":"https:\/\/www.euroakademie.de\/magazin\/#organization","name":"ESO Education Group","url":"https:\/\/www.euroakademie.de\/magazin\/","logo":{"@type":"ImageObject","inLanguage":"de","@id":"https:\/\/www.euroakademie.de\/magazin\/#\/schema\/logo\/image\/","url":"https:\/\/relaunch.euroakademie.de\/magazin\/wp-content\/uploads\/2024\/11\/Logo_EA_negativ_Rahmen_5cm_300dpi_RGB.jpg","contentUrl":"https:\/\/relaunch.euroakademie.de\/magazin\/wp-content\/uploads\/2024\/11\/Logo_EA_negativ_Rahmen_5cm_300dpi_RGB.jpg","width":591,"height":236,"caption":"ESO Education Group"},"image":{"@id":"https:\/\/www.euroakademie.de\/magazin\/#\/schema\/logo\/image\/"}},{"@type":"Person","@id":"https:\/\/www.euroakademie.de\/magazin\/#\/schema\/person\/29e379ae109b856cf2109112ce9db2f0","name":"Gastautor","description":"P\u00e4dagoge, Bewerbungscoachin, Dozent oder \u00dcbersetzerin \u2013 hier schreibt ein Fachmann oder eine Fachfrau \u00fcber ein Spezialthema. Unsere Gastautor*innen bereichern uns regelm\u00e4\u00dfig mit Expertenwissen und Insider-Infos.","url":"https:\/\/www.euroakademie.de\/magazin\/author\/gastautor\/"}]}},"_links":{"self":[{"href":"https:\/\/www.euroakademie.de\/magazin\/wp-json\/wp\/v2\/posts\/4792","targetHints":{"allow":["GET"]}}],"collection":[{"href":"https:\/\/www.euroakademie.de\/magazin\/wp-json\/wp\/v2\/posts"}],"about":[{"href":"https:\/\/www.euroakademie.de\/magazin\/wp-json\/wp\/v2\/types\/post"}],"author":[{"embeddable":true,"href":"https:\/\/www.euroakademie.de\/magazin\/wp-json\/wp\/v2\/users\/16"}],"replies":[{"embeddable":true,"href":"https:\/\/www.euroakademie.de\/magazin\/wp-json\/wp\/v2\/comments?post=4792"}],"version-history":[{"count":1,"href":"https:\/\/www.euroakademie.de\/magazin\/wp-json\/wp\/v2\/posts\/4792\/revisions"}],"predecessor-version":[{"id":23592,"href":"https:\/\/www.euroakademie.de\/magazin\/wp-json\/wp\/v2\/posts\/4792\/revisions\/23592"}],"wp:featuredmedia":[{"embeddable":true,"href":"https:\/\/www.euroakademie.de\/magazin\/wp-json\/wp\/v2\/media\/4793"}],"wp:attachment":[{"href":"https:\/\/www.euroakademie.de\/magazin\/wp-json\/wp\/v2\/media?parent=4792"}],"wp:term":[{"taxonomy":"category","embeddable":true,"href":"https:\/\/www.euroakademie.de\/magazin\/wp-json\/wp\/v2\/categories?post=4792"},{"taxonomy":"post_tag","embeddable":true,"href":"https:\/\/www.euroakademie.de\/magazin\/wp-json\/wp\/v2\/tags?post=4792"}],"curies":[{"name":"wp","href":"https:\/\/api.w.org\/{rel}","templated":true}]}}