{"id":4817,"date":"2016-11-10T08:15:49","date_gmt":"2016-11-10T07:15:49","guid":{"rendered":"https:\/\/www.euroakademie.de\/magazin\/?p=4817"},"modified":"2024-11-19T14:51:00","modified_gmt":"2024-11-19T13:51:00","slug":"halloween-an-der-euro-akademie-magdeburg","status":"publish","type":"post","link":"https:\/\/www.euroakademie.de\/magazin\/halloween-an-der-euro-akademie-magdeburg\/","title":{"rendered":"S\u00fc\u00dfes oder Saures \u2013 Halloween an der Euro Akademie Magdeburg"},"content":{"rendered":"<p>\t\t\t\t<![CDATA[Nach mehreren Wochen Vorbereitung hatten wir, die angehenden <a href=\"https:\/\/www.euroakademie.de\/bildungsangebote\/paedagogik-soziales\">Erzieher<\/a> des Jahrganges 2015 der <a href=\"https:\/\/www.euroakademie.de\/de\/standorte\/magdeburg.html\">Euro Akademie Magdeburg<\/a>, am 24. bis 26. sowie am 28. Oktober 2016 unsere Projektwoche zum Thema Halloween mit einigen Kindern der Kindertageseinrichtungen Nachtweide und Zackm\u00fcnder Knirpse sowie der Kindertagest\u00e4tte \u201ePittiplatsch\u201c. Eingeladen waren insgesamt 80 Kinder im Altern von f\u00fcnf bis sechs Jahren.\n\nDer Ablauf gestaltete sich so, dass um 10.00 Uhr die Begr\u00fc\u00dfung der Kinder und Erzieher mit einer Einleitung zum Thema Halloween sowie die gemeinsame Absprache der Hausordnung erfolgte. Unsere kleinen G\u00e4ste wurden anschlie\u00dfend mit leckeren Gruselsnacks und Hexentee versorgt.\n\n\n<h2>Spiel und Spa\u00df \u2013 Nicht nur f\u00fcr die Kleinen<\/h2>\n\n\nGut gest\u00e4rkt startete die Halloweenparty mit der Aufteilung der Kinder in kleine Gruppen und Zuweisung von Gruppenleitern, die die Kleinen \u00fcber den ganzen Tag begleiteten.\n\nDie einzelnen Gruppen absolvierten nun einzelne Stationen, die von uns vorbereitet wurden. Dazu z\u00e4hlten Minispiele wie Geisterkegeln, Monsterdosen- und Hexenhutwerfen, bei denen sich die Kleinen Halloweens\u00fc\u00dfigkeiten verdienen konnten. Danach folgte eine Halloween-Mal- und Bastelstation. Die Kinder konnten hier ihrer Kreativit\u00e4t beim Fertigen eines Lollygespenstes und einer Hexenuhr freien Lauf lassen. Beim Kinderschminken hatten sie die M\u00f6glichkeit, sich in K\u00fcrbisse, Gespenster oder Hexen zu verwandeln.\n\nNachdem alle Stationen von allen Kindern gemeistert worden waren, versammelten sich alle im Flur zum Luftballontanz und dem Bewegungslied \u201eUnd so singen wir\u201c.\n\n\n<h2>Gruseliges Schlemmen<\/h2>\n\n\nIn der Zwischenzeit hatten wir Erzieher ein leckeres Halloweenmittagsessen mit Hexennudelsalat, Fingerw\u00fcrstchen, gesunden Gem\u00fcsegruseleien und Monsterwackelpudding vorbereitet. Als alle Kinder zufrieden und satt waren, folgte die Klanggeschichte \u201eNachts in der Gespensterschule&#8220;, von uns Sch\u00fclern begleitet.\n\nZum Abschluss werteten wir gemeinsam mit den Kindern den Tag aus und sie bekamen eine Halloweenpartyurkunde sowie ihre verdienten S\u00fc\u00dfigkeiten.\n\nDen Kindern und Sch\u00fclern hat die Party sehr viel Spa\u00df gemacht. Die Kitas bedankten sich sogar mit kleinen Aufmerksamkeiten bei uns.\n\n<strong>Diese Standortnews k\u00f6nnten Sie auch interessieren:<\/strong>\n<a href=\"https:\/\/www.euroakademie.de\/magazin\/tanzprojekt-mit-royston-maldoom-und-volker-eisenach\/\">Tanzprojekt mit Royston Maldoom und Volker Eisenach<\/a>\n<a href=\"https:\/\/www.euroakademie.de\/magazin\/berufsbegleitende-ausbildung-zum-erzieher\/\">Berufsbegleitende Ausbildung zum Erzieher \u2013 Lernen neben dem Beruf<\/a>\n<a href=\"https:\/\/www.euroakademie.de\/magazin\/mit-jeder-neuen-sprache-auch-eine-neue-seele\/\">Mit jeder neuen Sprache auch eine neue Seele \u2026<\/a>]]>\t\t<\/p>\n","protected":false},"excerpt":{"rendered":"<p>\t\t\t\t<![CDATA[]]>\t\t<\/p>\n","protected":false},"author":16,"featured_media":4818,"comment_status":"closed","ping_status":"closed","sticky":false,"template":"","format":"standard","meta":{"footnotes":""},"categories":[145,19],"tags":[2587,3817,4489,4582,5407,6271,6724,6739],"class_list":{"0":"post-4817","1":"post","2":"type-post","3":"status-publish","4":"format-standard","5":"has-post-thumbnail","7":"category-magdeburg","8":"category-paedagogik-soziales","9":"tag-erzieher","10":"tag-halloween","11":"tag-kinder","12":"tag-kita","13":"tag-magdeburg","14":"tag-party","15":"tag-projekt","16":"tag-projektwoche"},"yoast_head":"<!-- This site is optimized with the Yoast SEO plugin v23.5 - https:\/\/yoast.com\/wordpress\/plugins\/seo\/ -->\n<title>S\u00fc\u00dfes oder Saures \u2013 Halloween an der Euro Akademie Magdeburg<\/title>\n<meta name=\"description\" content=\"Ende Oktober veranstalteten die Erzieher der Euro Akademie Magdeburg mit einigen Kindern eine ganze Projektwoche zum Thema Halloween.\" \/>\n<meta name=\"robots\" content=\"index, follow, max-snippet:-1, max-image-preview:large, max-video-preview:-1\" \/>\n<link rel=\"canonical\" href=\"https:\/\/www.euroakademie.de\/magazin\/halloween-an-der-euro-akademie-magdeburg\/\" \/>\n<meta property=\"og:locale\" content=\"de_DE\" \/>\n<meta property=\"og:type\" content=\"article\" \/>\n<meta property=\"og:title\" content=\"S\u00fc\u00dfes oder Saures \u2013 Halloween an der Euro Akademie Magdeburg\" \/>\n<meta property=\"og:description\" content=\"Ende Oktober veranstalteten die Erzieher der Euro Akademie Magdeburg mit einigen Kindern eine ganze Projektwoche zum Thema Halloween.\" \/>\n<meta property=\"og:url\" content=\"https:\/\/www.euroakademie.de\/magazin\/halloween-an-der-euro-akademie-magdeburg\/\" \/>\n<meta property=\"og:site_name\" content=\"Das Euro Akademie Magazin\" \/>\n<meta property=\"article:published_time\" content=\"2016-11-10T07:15:49+00:00\" \/>\n<meta property=\"article:modified_time\" content=\"2024-11-19T13:51:00+00:00\" \/>\n<meta property=\"og:image\" content=\"https:\/\/www.euroakademie.de\/magazin\/wp-content\/uploads\/2016\/11\/CIMG0521_702x336-web.jpg\" \/>\n\t<meta property=\"og:image:width\" content=\"702\" \/>\n\t<meta property=\"og:image:height\" content=\"336\" \/>\n\t<meta property=\"og:image:type\" content=\"image\/jpeg\" \/>\n<meta name=\"author\" content=\"Gastautor\" \/>\n<meta name=\"twitter:card\" content=\"summary_large_image\" \/>\n<meta name=\"twitter:label1\" content=\"Verfasst von\" \/>\n\t<meta name=\"twitter:data1\" content=\"Gastautor\" \/>\n\t<meta name=\"twitter:label2\" content=\"Gesch\u00e4tzte Lesezeit\" \/>\n\t<meta name=\"twitter:data2\" content=\"2\u00a0Minuten\" \/>\n<script type=\"application\/ld+json\" class=\"yoast-schema-graph\">{\"@context\":\"https:\/\/schema.org\",\"@graph\":[{\"@type\":\"Article\",\"@id\":\"https:\/\/www.euroakademie.de\/magazin\/halloween-an-der-euro-akademie-magdeburg\/#article\",\"isPartOf\":{\"@id\":\"https:\/\/www.euroakademie.de\/magazin\/halloween-an-der-euro-akademie-magdeburg\/\"},\"author\":{\"name\":\"Gastautor\",\"@id\":\"https:\/\/www.euroakademie.de\/magazin\/#\/schema\/person\/29e379ae109b856cf2109112ce9db2f0\"},\"headline\":\"S\u00fc\u00dfes oder Saures \u2013 Halloween an der Euro Akademie Magdeburg\",\"datePublished\":\"2016-11-10T07:15:49+00:00\",\"dateModified\":\"2024-11-19T13:51:00+00:00\",\"mainEntityOfPage\":{\"@id\":\"https:\/\/www.euroakademie.de\/magazin\/halloween-an-der-euro-akademie-magdeburg\/\"},\"wordCount\":335,\"publisher\":{\"@id\":\"https:\/\/www.euroakademie.de\/magazin\/#organization\"},\"image\":{\"@id\":\"https:\/\/www.euroakademie.de\/magazin\/halloween-an-der-euro-akademie-magdeburg\/#primaryimage\"},\"thumbnailUrl\":\"https:\/\/www.euroakademie.de\/magazin\/wp-content\/uploads\/2016\/11\/CIMG0521_702x336-web.jpg\",\"keywords\":[\"Erzieher\",\"Halloween\",\"Kinder\",\"Kita\",\"Magdeburg\",\"Party\",\"Projekt\",\"Projektwoche\"],\"articleSection\":[\"Magdeburg\",\"P\u00e4dagogik &amp; Soziales\"],\"inLanguage\":\"de\"},{\"@type\":\"WebPage\",\"@id\":\"https:\/\/www.euroakademie.de\/magazin\/halloween-an-der-euro-akademie-magdeburg\/\",\"url\":\"https:\/\/www.euroakademie.de\/magazin\/halloween-an-der-euro-akademie-magdeburg\/\",\"name\":\"S\u00fc\u00dfes oder Saures \u2013 Halloween an der Euro Akademie Magdeburg\",\"isPartOf\":{\"@id\":\"https:\/\/www.euroakademie.de\/magazin\/#website\"},\"primaryImageOfPage\":{\"@id\":\"https:\/\/www.euroakademie.de\/magazin\/halloween-an-der-euro-akademie-magdeburg\/#primaryimage\"},\"image\":{\"@id\":\"https:\/\/www.euroakademie.de\/magazin\/halloween-an-der-euro-akademie-magdeburg\/#primaryimage\"},\"thumbnailUrl\":\"https:\/\/www.euroakademie.de\/magazin\/wp-content\/uploads\/2016\/11\/CIMG0521_702x336-web.jpg\",\"datePublished\":\"2016-11-10T07:15:49+00:00\",\"dateModified\":\"2024-11-19T13:51:00+00:00\",\"description\":\"Ende Oktober veranstalteten die Erzieher der Euro Akademie Magdeburg mit einigen Kindern eine ganze Projektwoche zum Thema Halloween.\",\"breadcrumb\":{\"@id\":\"https:\/\/www.euroakademie.de\/magazin\/halloween-an-der-euro-akademie-magdeburg\/#breadcrumb\"},\"inLanguage\":\"de\",\"potentialAction\":[{\"@type\":\"ReadAction\",\"target\":[\"https:\/\/www.euroakademie.de\/magazin\/halloween-an-der-euro-akademie-magdeburg\/\"]}]},{\"@type\":\"ImageObject\",\"inLanguage\":\"de\",\"@id\":\"https:\/\/www.euroakademie.de\/magazin\/halloween-an-der-euro-akademie-magdeburg\/#primaryimage\",\"url\":\"https:\/\/www.euroakademie.de\/magazin\/wp-content\/uploads\/2016\/11\/CIMG0521_702x336-web.jpg\",\"contentUrl\":\"https:\/\/www.euroakademie.de\/magazin\/wp-content\/uploads\/2016\/11\/CIMG0521_702x336-web.jpg\",\"width\":702,\"height\":336,\"caption\":\"\"},{\"@type\":\"BreadcrumbList\",\"@id\":\"https:\/\/www.euroakademie.de\/magazin\/halloween-an-der-euro-akademie-magdeburg\/#breadcrumb\",\"itemListElement\":[{\"@type\":\"ListItem\",\"position\":1,\"name\":\"Startseite\",\"item\":\"https:\/\/www.euroakademie.de\/magazin\/\"},{\"@type\":\"ListItem\",\"position\":2,\"name\":\"S\u00fc\u00dfes oder Saures \u2013 Halloween an der Euro Akademie Magdeburg\"}]},{\"@type\":\"WebSite\",\"@id\":\"https:\/\/www.euroakademie.de\/magazin\/#website\",\"url\":\"https:\/\/www.euroakademie.de\/magazin\/\",\"name\":\"Das Euro Akademie Magazin\",\"description\":\"Gut informiert durch Ausbildung und Studium\",\"publisher\":{\"@id\":\"https:\/\/www.euroakademie.de\/magazin\/#organization\"},\"potentialAction\":[{\"@type\":\"SearchAction\",\"target\":{\"@type\":\"EntryPoint\",\"urlTemplate\":\"https:\/\/www.euroakademie.de\/magazin\/?s={search_term_string}\"},\"query-input\":{\"@type\":\"PropertyValueSpecification\",\"valueRequired\":true,\"valueName\":\"search_term_string\"}}],\"inLanguage\":\"de\"},{\"@type\":\"Organization\",\"@id\":\"https:\/\/www.euroakademie.de\/magazin\/#organization\",\"name\":\"ESO Education Group\",\"url\":\"https:\/\/www.euroakademie.de\/magazin\/\",\"logo\":{\"@type\":\"ImageObject\",\"inLanguage\":\"de\",\"@id\":\"https:\/\/www.euroakademie.de\/magazin\/#\/schema\/logo\/image\/\",\"url\":\"https:\/\/relaunch.euroakademie.de\/magazin\/wp-content\/uploads\/2024\/11\/Logo_EA_negativ_Rahmen_5cm_300dpi_RGB.jpg\",\"contentUrl\":\"https:\/\/relaunch.euroakademie.de\/magazin\/wp-content\/uploads\/2024\/11\/Logo_EA_negativ_Rahmen_5cm_300dpi_RGB.jpg\",\"width\":591,\"height\":236,\"caption\":\"ESO Education Group\"},\"image\":{\"@id\":\"https:\/\/www.euroakademie.de\/magazin\/#\/schema\/logo\/image\/\"}},{\"@type\":\"Person\",\"@id\":\"https:\/\/www.euroakademie.de\/magazin\/#\/schema\/person\/29e379ae109b856cf2109112ce9db2f0\",\"name\":\"Gastautor\",\"description\":\"P\u00e4dagoge, Bewerbungscoachin, Dozent oder \u00dcbersetzerin \u2013 hier schreibt ein Fachmann oder eine Fachfrau \u00fcber ein Spezialthema. Unsere Gastautor*innen bereichern uns regelm\u00e4\u00dfig mit Expertenwissen und Insider-Infos.\",\"url\":\"https:\/\/www.euroakademie.de\/magazin\/author\/gastautor\/\"}]}<\/script>\n<!-- \/ Yoast SEO plugin. -->","yoast_head_json":{"title":"S\u00fc\u00dfes oder Saures \u2013 Halloween an der Euro Akademie Magdeburg","description":"Ende Oktober veranstalteten die Erzieher der Euro Akademie Magdeburg mit einigen Kindern eine ganze Projektwoche zum Thema Halloween.","robots":{"index":"index","follow":"follow","max-snippet":"max-snippet:-1","max-image-preview":"max-image-preview:large","max-video-preview":"max-video-preview:-1"},"canonical":"https:\/\/www.euroakademie.de\/magazin\/halloween-an-der-euro-akademie-magdeburg\/","og_locale":"de_DE","og_type":"article","og_title":"S\u00fc\u00dfes oder Saures \u2013 Halloween an der Euro Akademie Magdeburg","og_description":"Ende Oktober veranstalteten die Erzieher der Euro Akademie Magdeburg mit einigen Kindern eine ganze Projektwoche zum Thema Halloween.","og_url":"https:\/\/www.euroakademie.de\/magazin\/halloween-an-der-euro-akademie-magdeburg\/","og_site_name":"Das Euro Akademie Magazin","article_published_time":"2016-11-10T07:15:49+00:00","article_modified_time":"2024-11-19T13:51:00+00:00","og_image":[{"width":702,"height":336,"url":"https:\/\/www.euroakademie.de\/magazin\/wp-content\/uploads\/2016\/11\/CIMG0521_702x336-web.jpg","type":"image\/jpeg"}],"author":"Gastautor","twitter_card":"summary_large_image","twitter_misc":{"Verfasst von":"Gastautor","Gesch\u00e4tzte Lesezeit":"2\u00a0Minuten"},"schema":{"@context":"https:\/\/schema.org","@graph":[{"@type":"Article","@id":"https:\/\/www.euroakademie.de\/magazin\/halloween-an-der-euro-akademie-magdeburg\/#article","isPartOf":{"@id":"https:\/\/www.euroakademie.de\/magazin\/halloween-an-der-euro-akademie-magdeburg\/"},"author":{"name":"Gastautor","@id":"https:\/\/www.euroakademie.de\/magazin\/#\/schema\/person\/29e379ae109b856cf2109112ce9db2f0"},"headline":"S\u00fc\u00dfes oder Saures \u2013 Halloween an der Euro Akademie Magdeburg","datePublished":"2016-11-10T07:15:49+00:00","dateModified":"2024-11-19T13:51:00+00:00","mainEntityOfPage":{"@id":"https:\/\/www.euroakademie.de\/magazin\/halloween-an-der-euro-akademie-magdeburg\/"},"wordCount":335,"publisher":{"@id":"https:\/\/www.euroakademie.de\/magazin\/#organization"},"image":{"@id":"https:\/\/www.euroakademie.de\/magazin\/halloween-an-der-euro-akademie-magdeburg\/#primaryimage"},"thumbnailUrl":"https:\/\/www.euroakademie.de\/magazin\/wp-content\/uploads\/2016\/11\/CIMG0521_702x336-web.jpg","keywords":["Erzieher","Halloween","Kinder","Kita","Magdeburg","Party","Projekt","Projektwoche"],"articleSection":["Magdeburg","P\u00e4dagogik &amp; Soziales"],"inLanguage":"de"},{"@type":"WebPage","@id":"https:\/\/www.euroakademie.de\/magazin\/halloween-an-der-euro-akademie-magdeburg\/","url":"https:\/\/www.euroakademie.de\/magazin\/halloween-an-der-euro-akademie-magdeburg\/","name":"S\u00fc\u00dfes oder Saures \u2013 Halloween an der Euro Akademie Magdeburg","isPartOf":{"@id":"https:\/\/www.euroakademie.de\/magazin\/#website"},"primaryImageOfPage":{"@id":"https:\/\/www.euroakademie.de\/magazin\/halloween-an-der-euro-akademie-magdeburg\/#primaryimage"},"image":{"@id":"https:\/\/www.euroakademie.de\/magazin\/halloween-an-der-euro-akademie-magdeburg\/#primaryimage"},"thumbnailUrl":"https:\/\/www.euroakademie.de\/magazin\/wp-content\/uploads\/2016\/11\/CIMG0521_702x336-web.jpg","datePublished":"2016-11-10T07:15:49+00:00","dateModified":"2024-11-19T13:51:00+00:00","description":"Ende Oktober veranstalteten die Erzieher der Euro Akademie Magdeburg mit einigen Kindern eine ganze Projektwoche zum Thema Halloween.","breadcrumb":{"@id":"https:\/\/www.euroakademie.de\/magazin\/halloween-an-der-euro-akademie-magdeburg\/#breadcrumb"},"inLanguage":"de","potentialAction":[{"@type":"ReadAction","target":["https:\/\/www.euroakademie.de\/magazin\/halloween-an-der-euro-akademie-magdeburg\/"]}]},{"@type":"ImageObject","inLanguage":"de","@id":"https:\/\/www.euroakademie.de\/magazin\/halloween-an-der-euro-akademie-magdeburg\/#primaryimage","url":"https:\/\/www.euroakademie.de\/magazin\/wp-content\/uploads\/2016\/11\/CIMG0521_702x336-web.jpg","contentUrl":"https:\/\/www.euroakademie.de\/magazin\/wp-content\/uploads\/2016\/11\/CIMG0521_702x336-web.jpg","width":702,"height":336,"caption":""},{"@type":"BreadcrumbList","@id":"https:\/\/www.euroakademie.de\/magazin\/halloween-an-der-euro-akademie-magdeburg\/#breadcrumb","itemListElement":[{"@type":"ListItem","position":1,"name":"Startseite","item":"https:\/\/www.euroakademie.de\/magazin\/"},{"@type":"ListItem","position":2,"name":"S\u00fc\u00dfes oder Saures \u2013 Halloween an der Euro Akademie Magdeburg"}]},{"@type":"WebSite","@id":"https:\/\/www.euroakademie.de\/magazin\/#website","url":"https:\/\/www.euroakademie.de\/magazin\/","name":"Das Euro Akademie Magazin","description":"Gut informiert durch Ausbildung und Studium","publisher":{"@id":"https:\/\/www.euroakademie.de\/magazin\/#organization"},"potentialAction":[{"@type":"SearchAction","target":{"@type":"EntryPoint","urlTemplate":"https:\/\/www.euroakademie.de\/magazin\/?s={search_term_string}"},"query-input":{"@type":"PropertyValueSpecification","valueRequired":true,"valueName":"search_term_string"}}],"inLanguage":"de"},{"@type":"Organization","@id":"https:\/\/www.euroakademie.de\/magazin\/#organization","name":"ESO Education Group","url":"https:\/\/www.euroakademie.de\/magazin\/","logo":{"@type":"ImageObject","inLanguage":"de","@id":"https:\/\/www.euroakademie.de\/magazin\/#\/schema\/logo\/image\/","url":"https:\/\/relaunch.euroakademie.de\/magazin\/wp-content\/uploads\/2024\/11\/Logo_EA_negativ_Rahmen_5cm_300dpi_RGB.jpg","contentUrl":"https:\/\/relaunch.euroakademie.de\/magazin\/wp-content\/uploads\/2024\/11\/Logo_EA_negativ_Rahmen_5cm_300dpi_RGB.jpg","width":591,"height":236,"caption":"ESO Education Group"},"image":{"@id":"https:\/\/www.euroakademie.de\/magazin\/#\/schema\/logo\/image\/"}},{"@type":"Person","@id":"https:\/\/www.euroakademie.de\/magazin\/#\/schema\/person\/29e379ae109b856cf2109112ce9db2f0","name":"Gastautor","description":"P\u00e4dagoge, Bewerbungscoachin, Dozent oder \u00dcbersetzerin \u2013 hier schreibt ein Fachmann oder eine Fachfrau \u00fcber ein Spezialthema. Unsere Gastautor*innen bereichern uns regelm\u00e4\u00dfig mit Expertenwissen und Insider-Infos.","url":"https:\/\/www.euroakademie.de\/magazin\/author\/gastautor\/"}]}},"_links":{"self":[{"href":"https:\/\/www.euroakademie.de\/magazin\/wp-json\/wp\/v2\/posts\/4817","targetHints":{"allow":["GET"]}}],"collection":[{"href":"https:\/\/www.euroakademie.de\/magazin\/wp-json\/wp\/v2\/posts"}],"about":[{"href":"https:\/\/www.euroakademie.de\/magazin\/wp-json\/wp\/v2\/types\/post"}],"author":[{"embeddable":true,"href":"https:\/\/www.euroakademie.de\/magazin\/wp-json\/wp\/v2\/users\/16"}],"replies":[{"embeddable":true,"href":"https:\/\/www.euroakademie.de\/magazin\/wp-json\/wp\/v2\/comments?post=4817"}],"version-history":[{"count":1,"href":"https:\/\/www.euroakademie.de\/magazin\/wp-json\/wp\/v2\/posts\/4817\/revisions"}],"predecessor-version":[{"id":23595,"href":"https:\/\/www.euroakademie.de\/magazin\/wp-json\/wp\/v2\/posts\/4817\/revisions\/23595"}],"wp:featuredmedia":[{"embeddable":true,"href":"https:\/\/www.euroakademie.de\/magazin\/wp-json\/wp\/v2\/media\/4818"}],"wp:attachment":[{"href":"https:\/\/www.euroakademie.de\/magazin\/wp-json\/wp\/v2\/media?parent=4817"}],"wp:term":[{"taxonomy":"category","embeddable":true,"href":"https:\/\/www.euroakademie.de\/magazin\/wp-json\/wp\/v2\/categories?post=4817"},{"taxonomy":"post_tag","embeddable":true,"href":"https:\/\/www.euroakademie.de\/magazin\/wp-json\/wp\/v2\/tags?post=4817"}],"curies":[{"name":"wp","href":"https:\/\/api.w.org\/{rel}","templated":true}]}}