{"id":4845,"date":"2016-11-17T08:09:54","date_gmt":"2016-11-17T07:09:54","guid":{"rendered":"https:\/\/www.euroakademie.de\/magazin\/?p=4845"},"modified":"2016-11-17T08:09:54","modified_gmt":"2016-11-17T07:09:54","slug":"gedanken-zum-thema-zeit-ein-wenig-pareto-kann-nicht-schaden","status":"publish","type":"post","link":"https:\/\/www.euroakademie.de\/magazin\/gedanken-zum-thema-zeit-ein-wenig-pareto-kann-nicht-schaden\/","title":{"rendered":"Gedanken zum Thema Zeit \u2013 Ein wenig Pareto kann nicht schaden"},"content":{"rendered":"<p>\t\t\t\t<![CDATA[Einige von uns schaffen es ohne gro\u00dfe Anstrengung jede Menge zu erledigen, w\u00e4hrend sich andere in ihrer Arbeit verstricken. Sie machen \u00dcberstunden und finden f\u00fcr viele wichtige Dinge einfach keine Zeit. Doch wie gelingt es manchen Menschen, so erfolgreich mir ihrer Zeit umzugehen? Und warum sind andere weniger gut organisiert? Das Geheimnis besteht sicherlich darin, dass sie sich mit dem Thema Zeit und Selbstmanagement auseinandergesetzt haben. Um die zur Verf\u00fcgung stehende Zeit effektiv zu nutzen, sollten wir uns bewusst machen, welche Dinge oder Aufgaben im Leben f\u00fcr uns Priorit\u00e4t haben.\n\n\n<h2>Aufwand und Ergebnis stehen nicht im Verh\u00e4ltnis<\/h2>\n\n\nViele glauben, dass der eigene Arbeitsaufwand im Verh\u00e4ltnis zum Ergebnis steht. Das ist ein Irrtum. Die Menge der Arbeit und der Flei\u00df haben keinen direkten Einfluss auf den Erfolg. Vilfredo Pareto, ein italienischer Sozial\u00f6konom, hat aus dieser Erkenntnis einige sehr interessante R\u00fcckschl\u00fcsse gezogen. Anfang des 20. Jahrhunderts untersuchte er die Verm\u00f6gensverh\u00e4ltnisse der italienischen Bev\u00f6lkerung und kam zu dem Ergebnis, dass 20 Prozent der Bev\u00f6lkerung 80 Prozent des Verm\u00f6gens besa\u00dfen. Im Umkehrschluss hie\u00df das, dass 80 Prozent der Bev\u00f6lkerung nur 20 Prozent des Staatsverm\u00f6gens geh\u00f6rten. Aus dieser Erkenntnis leitete er weitere interessante Schlussfolgerungen ab:\n\n\n<ul>\n \t\n\n<li>Mit 20 Prozent der Kunden erzielen wir 80 Prozent unseres Umsatzes.<\/li>\n\n\n \t\n\n<li>Mit 80 Prozent der Kunden erzielen wir 20 Prozent unseres Umsatzes.<\/li>\n\n\n \t\n\n<li>80 Prozent des Verkehrs in der Stadt finden auf 20 Prozent der Stra\u00dfen statt.<\/li>\n\n\n \t\n\n<li>20 Prozent der Besprechungen bewirken 80 Prozent der Beschl\u00fcsse.<\/li>\n\n\n<\/ul>\n\n\n\n\n<h2>Das Pareto-Prinzip<\/h2>\n\n\n80 Prozent der Ergebnisse k\u00f6nnen mit 20 Prozent des Aufwandes erreicht werden, wenn man sich mit den richtigen Aufgaben befasst. Folglich erreicht man mit der \u201efalschen\u201c Priorisierung von Aufgaben nur 20 Prozent der Ergebnisse mit 80 Prozent Aufwand.\n\nHier ein konkretes Beispiel aus Ihrem Berufsalltag: Sie haben im B\u00fcro zehn Aufgaben auf dem Tisch. Zwei von den zehn Aufgaben sind sehr wichtige Aufgaben, an deren Ergebnissen Sie, Ihr Chef oder Ihre Abteilung gemessen werden. Die restlichen acht Aufgaben sind weniger wichtige Aufgaben: Vielleicht Routinearbeiten, Arbeiten ohne festen Termin oder auch Arbeiten, die delegiert werden k\u00f6nnen. W\u00fcrden Sie sich mit den zwei wichtigsten Arbeiten im Laufe Ihres Arbeitsalltages besch\u00e4ftigen, h\u00e4tten Sie am Ende des Tages 80 Prozent Ihres Ergebnisses, oder sagen wir Erfolges, erreicht. H\u00e4tten Sie umgekehrt reagiert und h\u00e4tten Ihre Zeit mit den acht weniger wichtigen Aufgaben \u201everschwendet\u201c, dann h\u00e4tten Sie am Ende des Tages nur 20 Prozent Ihres Ergebnisses geschafft. Das Pareto-Prinzip, oder auch bekannt als die 80\/20-Regel, ist eine sehr effektive M\u00f6glichkeit, um die richtigen Priorit\u00e4ten f\u00fcr die eigenen Aufgaben zu setzen. Mit Pareto finden Sie heraus, was tats\u00e4chlich erledigt werden muss und welche Aufgaben zu den weniger effektiven geh\u00f6ren.\n\nIm Beruf erlebt man oft, dass sich Menschen lieber mit den kleinen Dingen besch\u00e4ftigen, anstatt die wirklich gro\u00dfen Aufgaben in den Griff zu bekommen. Nachweislich besch\u00e4ftigt man sich mehr als 65 Prozent der Zeit damit, kleine Aufgaben zu erledigen. \u201eKleinvieh macht auch Mist\u201c, ist die g\u00e4ngige Meinung. Das mag auch stimmen, aber in der Summe erreichen Sie viel mehr, wenn Sie sich den bedeutsamen Aufgaben widmen und sich nicht mit unn\u00f6tigem Kleinkram verzetteln.\n\n\n<h2>Lerche oder Eule?<\/h2>\n\n\nErfolgreiche Menschen haben die Angewohnheit, die Zeit richtig zu nutzen und sich auf das Wesentliche zu konzentrieren. Bei der Planung Ihrer Zeit sollten Sie sich auch mit Ihrer pers\u00f6nlichen Leistungskurve besch\u00e4ftigen. Sind Sie eine Lerche oder eher eine Eule? Eine Lerche ist morgens fit und voller Tatendrang. Die Eule ist eher jemand, der am Nachmittag aktiv wird. Unterschiedliche Aufgaben erfordern unterschiedliche Konzentration. Beginnen Sie den Tag, indem Sie genau Ihre Priorit\u00e4ten festlegen. Aufgaben, die Ihre intensive Aufmerksamkeit und Konzentration fordern, sollten immer in einem Leistungshoch bearbeitet werden, Routineaufgaben k\u00f6nnen hingegen auch in Zeiten unseres pers\u00f6nlichen Leistungstiefs erledigt werden. Achten Sie darauf, welcher Vogel Sie sind und gestalten Sie Ihren Tag nach Ihrer pers\u00f6nlichen Leistungskurve.\n\n\n<h2>Priorit\u00e4ten setzen mit ABC<\/h2>\n\n\nMit der ABC-Methode l\u00e4sst sich das Pareto-Prinzip vertiefen. Bei Pareto werden die Aufgaben pauschal in die wichtigsten 20 bzw. 80 Prozent eingeteilt. Die ABC-Methode aber unterteilt die Aufgaben nochmals in\n\n<strong>Aufgaben A =<\/strong> Mit h\u00f6chster Bedeutung und Dringlichkeit. | Was muss ich tun? Diese Aufgaben sollten von mir pers\u00f6nlich und zeitnah bearbeitet werden.\n\n<strong>Aufgaben B =<\/strong> Wichtig oder dringlich. | Was soll ich tun? Diese Aufgaben sind im Moment nicht dringend aber wichtig. Sie k\u00f6nnen B-Aufgaben terminieren.\n\n<strong>Aufgaben C =<\/strong> Weniger wichtig und dringlich. | Was kann ich tun? Zu diesen Aufgaben geh\u00f6rt zum Beispiel das Tagesgesch\u00e4ft. Es kann sich um dringende Aufgaben handeln, die langfristig gesehen nicht wichtig sind. Viele solcher Aufgaben k\u00f6nnen von Ihnen delegiert werden.\n\n\n<h2>Pausen und Monotasking<\/h2>\n\n\nPlanen Sie in Ihrem Arbeitsalltag bewusst Pausen ein. Pausen sind wichtig, um Ihr Gehirn wieder zur vollen Leistung zu aktivieren. Besonders wichtig ist hier die Mittagspause: Versuchen Sie jeden Tag eine Mittagspause einzuhalten, aber vermeiden Sie es, am Schreibtisch Ihr Mittagessen zu sich zu nehmen. Warum? \u00dcben Sie Achtsamkeit mit sich selbst. Wenn Sie essen, dann nehmen Sie sich Zeit, dies bewusst zu tun, wenn Sie laufen, dann laufen Sie mit voller Konzentration, wenn Sie telefonieren, dann konzentrieren Sie sich auf Ihr Gegen\u00fcber. Schenken Sie den Dingen, die Sie gerade machen, Ihre volle Aufmerksamkeit. Befolgen Sie konsequent das Monotasking, anstatt Multitasking zu betreiben. Damit sind Sie konzentrierter und entspannter bei einer Sache und verhindern unn\u00f6tigen Stress. Springt man von einer Aufgabe zur n\u00e4chsten oder bearbeitet Dinge gleichzeitig, leidet nicht nur die Qualit\u00e4t der Ergebnisse, sondern auch Ihre Effizienz.\n\n\n<h2>Versuchen Sie, Unterbrechungen aus dem Weg zu gehen.<\/h2>\n\n\nWir sind t\u00e4glich Unterbrechungen unterworfen. Sei es durch Kollegen, den Chef, Besucher, das Telefon. Aus diesem Grund ist es wichtig, dass Sie sich Zeit f\u00fcr ungest\u00f6rtes Arbeiten nehmen. Eine sogenannte \u201eStille Stunde\u201c. Ziehen Sie sich, wenn m\u00f6glich, f\u00fcr wichtige Aufgaben t\u00e4glich eine halbe bis eine Stunde zur\u00fcck. Kommunizieren Sie Ihr Vorgehen an Ihren Vorgesetzen und Ihre Kollegen. Planen Sie diesen Termin, wie einen externen Termin mit Kunden in Ihren Tag ein. Sie werden sehen, wie effektiv Sie arbeiten k\u00f6nnen, wenn es keine Unterbrechungen gibt.\n\n\n<h2>Perfektionismus nicht immer n\u00f6tig<\/h2>\n\n\nWir Frauen scheinen von Natur aus anf\u00e4lliger f\u00fcr Perfektionismus zu sein. Perfektionismus erfordert kostbare Zeit. Doch nur die wenigsten Aufgaben m\u00fcssen perfekt erledigt werden. Fragen Sie sich, wo ein gutes anstelle eines perfekten Ergebnisses reicht. Macht es Sinn, den Gesch\u00e4ftsbrief, den man in zehn Minuten geschrieben hat, eine halbe Stunde zu formatieren? Macht es Sinn, die Farben oder Bilder in einer fertigen Pr\u00e4sentation zu optimieren?\n\nFangen Sie an, f\u00fcr Ihre t\u00e4glichen Aufgaben Priorit\u00e4ten zu setzen. Achten Sie darauf, dass Sie Aufgaben, die Ihre volle Konzentration erfordern, in den Phasen Ihres Leistungshochs erledigen. Haben Sie den Blick f\u00fcr die Dinge, die Ihnen den gr\u00f6\u00dften Tageserfolg bescheren, und versuchen Sie, sich t\u00e4glich Zeit f\u00fcr Ihre \u201eStille Stunde\u201c zu nehmen. Dann werden auch Sie zu denen geh\u00f6ren, die ohne Anstrengungen viele Aufgaben am Tag schaffen.\n\n<strong>Das k\u00f6nnte Sie auch interessieren:<\/strong>\n<a href=\"https:\/\/www.euroakademie.de\/magazin\/selbstmanagement-wie-sie-ihre-zeit-sinnvoll-nutzen\/\">Selbstmanagement: Wie Sie Ihre Zeit sinnvoll nutzen<\/a>\n<a href=\"https:\/\/www.euroakademie.de\/magazin\/von-der-datenflut-zur-professionellen-e-mail-kommunikation\/\"> Von der Datenflut zur professionellen E-Mail-Kommunikation<\/a>\n<a href=\"https:\/\/www.euroakademie.de\/magazin\/so-ueberlisten-sie-den-inneren-schweinehund\/\">Nicht aufschieben \u2013 anpacken: So \u00fcberlisten Sie den inneren Schweinehund<\/a>]]>\t\t<\/p>\n","protected":false},"excerpt":{"rendered":"<p>\t\t\t\t<![CDATA[]]>\t\t<\/p>\n","protected":false},"author":22,"featured_media":6766,"comment_status":"closed","ping_status":"closed","sticky":false,"template":"","format":"standard","meta":{"footnotes":""},"categories":[127,133],"tags":[751,1705,6247,6643,6646,9376,9397],"class_list":{"0":"post-4845","1":"post","2":"type-post","3":"status-publish","4":"format-standard","5":"has-post-thumbnail","7":"category-karriere","8":"category-kolumne","9":"tag-aufgaben","10":"tag-buero","11":"tag-pareto","12":"tag-priorisierung","13":"tag-prioritaet","14":"tag-zeit","15":"tag-zeitmanagement"},"yoast_head":"<!-- This site is optimized with the Yoast SEO plugin v23.5 - https:\/\/yoast.com\/wordpress\/plugins\/seo\/ -->\n<title>Gedanken zum Thema Zeit \u2013 Ein wenig Pareto kann nicht schaden<\/title>\n<meta name=\"description\" content=\"Nach dem Prinzip von Pareto k\u00f6nnen wir 80 Prozent unseres Erfolgs mit 20 Prozent unserer Aufgaben erzielen. Wichtig ist die richtige Priorisierung.\" \/>\n<meta name=\"robots\" content=\"index, follow, max-snippet:-1, max-image-preview:large, max-video-preview:-1\" \/>\n<link rel=\"canonical\" href=\"https:\/\/www.euroakademie.de\/magazin\/gedanken-zum-thema-zeit-ein-wenig-pareto-kann-nicht-schaden\/\" \/>\n<meta property=\"og:locale\" content=\"de_DE\" \/>\n<meta property=\"og:type\" content=\"article\" \/>\n<meta property=\"og:title\" content=\"Gedanken zum Thema Zeit \u2013 Ein wenig Pareto kann nicht schaden\" \/>\n<meta property=\"og:description\" content=\"Nach dem Prinzip von Pareto k\u00f6nnen wir 80 Prozent unseres Erfolgs mit 20 Prozent unserer Aufgaben erzielen. Wichtig ist die richtige Priorisierung.\" \/>\n<meta property=\"og:url\" content=\"https:\/\/www.euroakademie.de\/magazin\/gedanken-zum-thema-zeit-ein-wenig-pareto-kann-nicht-schaden\/\" \/>\n<meta property=\"og:site_name\" content=\"Das Euro Akademie Magazin\" \/>\n<meta property=\"article:published_time\" content=\"2016-11-17T07:09:54+00:00\" \/>\n<meta property=\"og:image\" content=\"https:\/\/www.euroakademie.de\/magazin\/wp-content\/uploads\/2016\/11\/42-69790218_702x336-web.jpg\" \/>\n\t<meta property=\"og:image:width\" content=\"702\" \/>\n\t<meta property=\"og:image:height\" content=\"336\" \/>\n\t<meta property=\"og:image:type\" content=\"image\/jpeg\" \/>\n<meta name=\"author\" content=\"Enisa Romanic\" \/>\n<meta name=\"twitter:card\" content=\"summary_large_image\" \/>\n<meta name=\"twitter:label1\" content=\"Verfasst von\" \/>\n\t<meta name=\"twitter:data1\" content=\"Enisa Romanic\" \/>\n\t<meta name=\"twitter:label2\" content=\"Gesch\u00e4tzte Lesezeit\" \/>\n\t<meta name=\"twitter:data2\" content=\"5\u00a0Minuten\" \/>\n<script type=\"application\/ld+json\" class=\"yoast-schema-graph\">{\"@context\":\"https:\/\/schema.org\",\"@graph\":[{\"@type\":\"Article\",\"@id\":\"https:\/\/www.euroakademie.de\/magazin\/gedanken-zum-thema-zeit-ein-wenig-pareto-kann-nicht-schaden\/#article\",\"isPartOf\":{\"@id\":\"https:\/\/www.euroakademie.de\/magazin\/gedanken-zum-thema-zeit-ein-wenig-pareto-kann-nicht-schaden\/\"},\"author\":{\"name\":\"Enisa Romanic\",\"@id\":\"https:\/\/www.euroakademie.de\/magazin\/#\/schema\/person\/9dccbbd106e796477abd5793b4e35386\"},\"headline\":\"Gedanken zum Thema Zeit \u2013 Ein wenig Pareto kann nicht schaden\",\"datePublished\":\"2016-11-17T07:09:54+00:00\",\"dateModified\":\"2016-11-17T07:09:54+00:00\",\"mainEntityOfPage\":{\"@id\":\"https:\/\/www.euroakademie.de\/magazin\/gedanken-zum-thema-zeit-ein-wenig-pareto-kann-nicht-schaden\/\"},\"wordCount\":1105,\"publisher\":{\"@id\":\"https:\/\/www.euroakademie.de\/magazin\/#organization\"},\"image\":{\"@id\":\"https:\/\/www.euroakademie.de\/magazin\/gedanken-zum-thema-zeit-ein-wenig-pareto-kann-nicht-schaden\/#primaryimage\"},\"thumbnailUrl\":\"https:\/\/www.euroakademie.de\/magazin\/wp-content\/uploads\/2016\/11\/42-69790218_702x336-web.jpg\",\"keywords\":[\"Aufgaben\",\"B\u00fcro\",\"Pareto\",\"Priorisierung\",\"Priorit\u00e4t\",\"Zeit\",\"Zeitmanagement\"],\"articleSection\":[\"Karriere\",\"Kolumne\"],\"inLanguage\":\"de\"},{\"@type\":\"WebPage\",\"@id\":\"https:\/\/www.euroakademie.de\/magazin\/gedanken-zum-thema-zeit-ein-wenig-pareto-kann-nicht-schaden\/\",\"url\":\"https:\/\/www.euroakademie.de\/magazin\/gedanken-zum-thema-zeit-ein-wenig-pareto-kann-nicht-schaden\/\",\"name\":\"Gedanken zum Thema Zeit \u2013 Ein wenig Pareto kann nicht schaden\",\"isPartOf\":{\"@id\":\"https:\/\/www.euroakademie.de\/magazin\/#website\"},\"primaryImageOfPage\":{\"@id\":\"https:\/\/www.euroakademie.de\/magazin\/gedanken-zum-thema-zeit-ein-wenig-pareto-kann-nicht-schaden\/#primaryimage\"},\"image\":{\"@id\":\"https:\/\/www.euroakademie.de\/magazin\/gedanken-zum-thema-zeit-ein-wenig-pareto-kann-nicht-schaden\/#primaryimage\"},\"thumbnailUrl\":\"https:\/\/www.euroakademie.de\/magazin\/wp-content\/uploads\/2016\/11\/42-69790218_702x336-web.jpg\",\"datePublished\":\"2016-11-17T07:09:54+00:00\",\"dateModified\":\"2016-11-17T07:09:54+00:00\",\"description\":\"Nach dem Prinzip von Pareto k\u00f6nnen wir 80 Prozent unseres Erfolgs mit 20 Prozent unserer Aufgaben erzielen. Wichtig ist die richtige Priorisierung.\",\"breadcrumb\":{\"@id\":\"https:\/\/www.euroakademie.de\/magazin\/gedanken-zum-thema-zeit-ein-wenig-pareto-kann-nicht-schaden\/#breadcrumb\"},\"inLanguage\":\"de\",\"potentialAction\":[{\"@type\":\"ReadAction\",\"target\":[\"https:\/\/www.euroakademie.de\/magazin\/gedanken-zum-thema-zeit-ein-wenig-pareto-kann-nicht-schaden\/\"]}]},{\"@type\":\"ImageObject\",\"inLanguage\":\"de\",\"@id\":\"https:\/\/www.euroakademie.de\/magazin\/gedanken-zum-thema-zeit-ein-wenig-pareto-kann-nicht-schaden\/#primaryimage\",\"url\":\"https:\/\/www.euroakademie.de\/magazin\/wp-content\/uploads\/2016\/11\/42-69790218_702x336-web.jpg\",\"contentUrl\":\"https:\/\/www.euroakademie.de\/magazin\/wp-content\/uploads\/2016\/11\/42-69790218_702x336-web.jpg\",\"width\":702,\"height\":336,\"caption\":\"\"},{\"@type\":\"BreadcrumbList\",\"@id\":\"https:\/\/www.euroakademie.de\/magazin\/gedanken-zum-thema-zeit-ein-wenig-pareto-kann-nicht-schaden\/#breadcrumb\",\"itemListElement\":[{\"@type\":\"ListItem\",\"position\":1,\"name\":\"Startseite\",\"item\":\"https:\/\/www.euroakademie.de\/magazin\/\"},{\"@type\":\"ListItem\",\"position\":2,\"name\":\"Gedanken zum Thema Zeit \u2013 Ein wenig Pareto kann nicht schaden\"}]},{\"@type\":\"WebSite\",\"@id\":\"https:\/\/www.euroakademie.de\/magazin\/#website\",\"url\":\"https:\/\/www.euroakademie.de\/magazin\/\",\"name\":\"Das Euro Akademie Magazin\",\"description\":\"Gut informiert durch Ausbildung und Studium\",\"publisher\":{\"@id\":\"https:\/\/www.euroakademie.de\/magazin\/#organization\"},\"potentialAction\":[{\"@type\":\"SearchAction\",\"target\":{\"@type\":\"EntryPoint\",\"urlTemplate\":\"https:\/\/www.euroakademie.de\/magazin\/?s={search_term_string}\"},\"query-input\":{\"@type\":\"PropertyValueSpecification\",\"valueRequired\":true,\"valueName\":\"search_term_string\"}}],\"inLanguage\":\"de\"},{\"@type\":\"Organization\",\"@id\":\"https:\/\/www.euroakademie.de\/magazin\/#organization\",\"name\":\"ESO Education Group\",\"url\":\"https:\/\/www.euroakademie.de\/magazin\/\",\"logo\":{\"@type\":\"ImageObject\",\"inLanguage\":\"de\",\"@id\":\"https:\/\/www.euroakademie.de\/magazin\/#\/schema\/logo\/image\/\",\"url\":\"https:\/\/relaunch.euroakademie.de\/magazin\/wp-content\/uploads\/2024\/11\/Logo_EA_negativ_Rahmen_5cm_300dpi_RGB.jpg\",\"contentUrl\":\"https:\/\/relaunch.euroakademie.de\/magazin\/wp-content\/uploads\/2024\/11\/Logo_EA_negativ_Rahmen_5cm_300dpi_RGB.jpg\",\"width\":591,\"height\":236,\"caption\":\"ESO Education Group\"},\"image\":{\"@id\":\"https:\/\/www.euroakademie.de\/magazin\/#\/schema\/logo\/image\/\"}},{\"@type\":\"Person\",\"@id\":\"https:\/\/www.euroakademie.de\/magazin\/#\/schema\/person\/9dccbbd106e796477abd5793b4e35386\",\"name\":\"Enisa Romanic\",\"description\":\"Enisa Romanic ist Trainerin und bietet unter B\u00fcrotrainingplus Seminare zum Office Management. Sie spricht Englisch, Franz\u00f6sisch, Spanisch, Serbisch und Kroatisch und blickt neben ihrem Studium als \\\"International Management Assistant\\\" an der AMA (Euro Akademie Lippstadt) auf zahlreiche Aus- und Weiterbildungen zur\u00fcck. F\u00fcr das Euro Akademie Magazin schrieb sie Kolumnen aus ihrer Berufspraxis als Assistentin in unterschiedlichsten Branchen und Unternehmensbereichen.\",\"url\":\"https:\/\/www.euroakademie.de\/magazin\/author\/enisa-romanic\/\"}]}<\/script>\n<!-- \/ Yoast SEO plugin. -->","yoast_head_json":{"title":"Gedanken zum Thema Zeit \u2013 Ein wenig Pareto kann nicht schaden","description":"Nach dem Prinzip von Pareto k\u00f6nnen wir 80 Prozent unseres Erfolgs mit 20 Prozent unserer Aufgaben erzielen. Wichtig ist die richtige Priorisierung.","robots":{"index":"index","follow":"follow","max-snippet":"max-snippet:-1","max-image-preview":"max-image-preview:large","max-video-preview":"max-video-preview:-1"},"canonical":"https:\/\/www.euroakademie.de\/magazin\/gedanken-zum-thema-zeit-ein-wenig-pareto-kann-nicht-schaden\/","og_locale":"de_DE","og_type":"article","og_title":"Gedanken zum Thema Zeit \u2013 Ein wenig Pareto kann nicht schaden","og_description":"Nach dem Prinzip von Pareto k\u00f6nnen wir 80 Prozent unseres Erfolgs mit 20 Prozent unserer Aufgaben erzielen. Wichtig ist die richtige Priorisierung.","og_url":"https:\/\/www.euroakademie.de\/magazin\/gedanken-zum-thema-zeit-ein-wenig-pareto-kann-nicht-schaden\/","og_site_name":"Das Euro Akademie Magazin","article_published_time":"2016-11-17T07:09:54+00:00","og_image":[{"width":702,"height":336,"url":"https:\/\/www.euroakademie.de\/magazin\/wp-content\/uploads\/2016\/11\/42-69790218_702x336-web.jpg","type":"image\/jpeg"}],"author":"Enisa Romanic","twitter_card":"summary_large_image","twitter_misc":{"Verfasst von":"Enisa Romanic","Gesch\u00e4tzte Lesezeit":"5\u00a0Minuten"},"schema":{"@context":"https:\/\/schema.org","@graph":[{"@type":"Article","@id":"https:\/\/www.euroakademie.de\/magazin\/gedanken-zum-thema-zeit-ein-wenig-pareto-kann-nicht-schaden\/#article","isPartOf":{"@id":"https:\/\/www.euroakademie.de\/magazin\/gedanken-zum-thema-zeit-ein-wenig-pareto-kann-nicht-schaden\/"},"author":{"name":"Enisa Romanic","@id":"https:\/\/www.euroakademie.de\/magazin\/#\/schema\/person\/9dccbbd106e796477abd5793b4e35386"},"headline":"Gedanken zum Thema Zeit \u2013 Ein wenig Pareto kann nicht schaden","datePublished":"2016-11-17T07:09:54+00:00","dateModified":"2016-11-17T07:09:54+00:00","mainEntityOfPage":{"@id":"https:\/\/www.euroakademie.de\/magazin\/gedanken-zum-thema-zeit-ein-wenig-pareto-kann-nicht-schaden\/"},"wordCount":1105,"publisher":{"@id":"https:\/\/www.euroakademie.de\/magazin\/#organization"},"image":{"@id":"https:\/\/www.euroakademie.de\/magazin\/gedanken-zum-thema-zeit-ein-wenig-pareto-kann-nicht-schaden\/#primaryimage"},"thumbnailUrl":"https:\/\/www.euroakademie.de\/magazin\/wp-content\/uploads\/2016\/11\/42-69790218_702x336-web.jpg","keywords":["Aufgaben","B\u00fcro","Pareto","Priorisierung","Priorit\u00e4t","Zeit","Zeitmanagement"],"articleSection":["Karriere","Kolumne"],"inLanguage":"de"},{"@type":"WebPage","@id":"https:\/\/www.euroakademie.de\/magazin\/gedanken-zum-thema-zeit-ein-wenig-pareto-kann-nicht-schaden\/","url":"https:\/\/www.euroakademie.de\/magazin\/gedanken-zum-thema-zeit-ein-wenig-pareto-kann-nicht-schaden\/","name":"Gedanken zum Thema Zeit \u2013 Ein wenig Pareto kann nicht schaden","isPartOf":{"@id":"https:\/\/www.euroakademie.de\/magazin\/#website"},"primaryImageOfPage":{"@id":"https:\/\/www.euroakademie.de\/magazin\/gedanken-zum-thema-zeit-ein-wenig-pareto-kann-nicht-schaden\/#primaryimage"},"image":{"@id":"https:\/\/www.euroakademie.de\/magazin\/gedanken-zum-thema-zeit-ein-wenig-pareto-kann-nicht-schaden\/#primaryimage"},"thumbnailUrl":"https:\/\/www.euroakademie.de\/magazin\/wp-content\/uploads\/2016\/11\/42-69790218_702x336-web.jpg","datePublished":"2016-11-17T07:09:54+00:00","dateModified":"2016-11-17T07:09:54+00:00","description":"Nach dem Prinzip von Pareto k\u00f6nnen wir 80 Prozent unseres Erfolgs mit 20 Prozent unserer Aufgaben erzielen. Wichtig ist die richtige Priorisierung.","breadcrumb":{"@id":"https:\/\/www.euroakademie.de\/magazin\/gedanken-zum-thema-zeit-ein-wenig-pareto-kann-nicht-schaden\/#breadcrumb"},"inLanguage":"de","potentialAction":[{"@type":"ReadAction","target":["https:\/\/www.euroakademie.de\/magazin\/gedanken-zum-thema-zeit-ein-wenig-pareto-kann-nicht-schaden\/"]}]},{"@type":"ImageObject","inLanguage":"de","@id":"https:\/\/www.euroakademie.de\/magazin\/gedanken-zum-thema-zeit-ein-wenig-pareto-kann-nicht-schaden\/#primaryimage","url":"https:\/\/www.euroakademie.de\/magazin\/wp-content\/uploads\/2016\/11\/42-69790218_702x336-web.jpg","contentUrl":"https:\/\/www.euroakademie.de\/magazin\/wp-content\/uploads\/2016\/11\/42-69790218_702x336-web.jpg","width":702,"height":336,"caption":""},{"@type":"BreadcrumbList","@id":"https:\/\/www.euroakademie.de\/magazin\/gedanken-zum-thema-zeit-ein-wenig-pareto-kann-nicht-schaden\/#breadcrumb","itemListElement":[{"@type":"ListItem","position":1,"name":"Startseite","item":"https:\/\/www.euroakademie.de\/magazin\/"},{"@type":"ListItem","position":2,"name":"Gedanken zum Thema Zeit \u2013 Ein wenig Pareto kann nicht schaden"}]},{"@type":"WebSite","@id":"https:\/\/www.euroakademie.de\/magazin\/#website","url":"https:\/\/www.euroakademie.de\/magazin\/","name":"Das Euro Akademie Magazin","description":"Gut informiert durch Ausbildung und Studium","publisher":{"@id":"https:\/\/www.euroakademie.de\/magazin\/#organization"},"potentialAction":[{"@type":"SearchAction","target":{"@type":"EntryPoint","urlTemplate":"https:\/\/www.euroakademie.de\/magazin\/?s={search_term_string}"},"query-input":{"@type":"PropertyValueSpecification","valueRequired":true,"valueName":"search_term_string"}}],"inLanguage":"de"},{"@type":"Organization","@id":"https:\/\/www.euroakademie.de\/magazin\/#organization","name":"ESO Education Group","url":"https:\/\/www.euroakademie.de\/magazin\/","logo":{"@type":"ImageObject","inLanguage":"de","@id":"https:\/\/www.euroakademie.de\/magazin\/#\/schema\/logo\/image\/","url":"https:\/\/relaunch.euroakademie.de\/magazin\/wp-content\/uploads\/2024\/11\/Logo_EA_negativ_Rahmen_5cm_300dpi_RGB.jpg","contentUrl":"https:\/\/relaunch.euroakademie.de\/magazin\/wp-content\/uploads\/2024\/11\/Logo_EA_negativ_Rahmen_5cm_300dpi_RGB.jpg","width":591,"height":236,"caption":"ESO Education Group"},"image":{"@id":"https:\/\/www.euroakademie.de\/magazin\/#\/schema\/logo\/image\/"}},{"@type":"Person","@id":"https:\/\/www.euroakademie.de\/magazin\/#\/schema\/person\/9dccbbd106e796477abd5793b4e35386","name":"Enisa Romanic","description":"Enisa Romanic ist Trainerin und bietet unter B\u00fcrotrainingplus Seminare zum Office Management. Sie spricht Englisch, Franz\u00f6sisch, Spanisch, Serbisch und Kroatisch und blickt neben ihrem Studium als \"International Management Assistant\" an der AMA (Euro Akademie Lippstadt) auf zahlreiche Aus- und Weiterbildungen zur\u00fcck. F\u00fcr das Euro Akademie Magazin schrieb sie Kolumnen aus ihrer Berufspraxis als Assistentin in unterschiedlichsten Branchen und Unternehmensbereichen.","url":"https:\/\/www.euroakademie.de\/magazin\/author\/enisa-romanic\/"}]}},"_links":{"self":[{"href":"https:\/\/www.euroakademie.de\/magazin\/wp-json\/wp\/v2\/posts\/4845","targetHints":{"allow":["GET"]}}],"collection":[{"href":"https:\/\/www.euroakademie.de\/magazin\/wp-json\/wp\/v2\/posts"}],"about":[{"href":"https:\/\/www.euroakademie.de\/magazin\/wp-json\/wp\/v2\/types\/post"}],"author":[{"embeddable":true,"href":"https:\/\/www.euroakademie.de\/magazin\/wp-json\/wp\/v2\/users\/22"}],"replies":[{"embeddable":true,"href":"https:\/\/www.euroakademie.de\/magazin\/wp-json\/wp\/v2\/comments?post=4845"}],"version-history":[{"count":0,"href":"https:\/\/www.euroakademie.de\/magazin\/wp-json\/wp\/v2\/posts\/4845\/revisions"}],"wp:featuredmedia":[{"embeddable":true,"href":"https:\/\/www.euroakademie.de\/magazin\/wp-json\/wp\/v2\/media\/6766"}],"wp:attachment":[{"href":"https:\/\/www.euroakademie.de\/magazin\/wp-json\/wp\/v2\/media?parent=4845"}],"wp:term":[{"taxonomy":"category","embeddable":true,"href":"https:\/\/www.euroakademie.de\/magazin\/wp-json\/wp\/v2\/categories?post=4845"},{"taxonomy":"post_tag","embeddable":true,"href":"https:\/\/www.euroakademie.de\/magazin\/wp-json\/wp\/v2\/tags?post=4845"}],"curies":[{"name":"wp","href":"https:\/\/api.w.org\/{rel}","templated":true}]}}