{"id":4900,"date":"2016-12-02T08:30:11","date_gmt":"2016-12-02T07:30:11","guid":{"rendered":"https:\/\/www.euroakademie.de\/magazin\/?p=4900"},"modified":"2024-11-19T15:33:14","modified_gmt":"2024-11-19T14:33:14","slug":"riesiges-seniorenheim-logische-folge-einer-alternden-gesellschaft","status":"publish","type":"post","link":"https:\/\/www.euroakademie.de\/magazin\/riesiges-seniorenheim-logische-folge-einer-alternden-gesellschaft\/","title":{"rendered":"Riesiges Seniorenheim \u2013 Logische Folge einer alternden Gesellschaft?"},"content":{"rendered":"<p>\t\t\t\t<![CDATA[<strong>In einem winzigen Dorf im Bayerischen Wald soll ein riesiges Seniorenheim entstehen \u2013 mit Abstand das gr\u00f6\u00dfte Deutschlands. Noch ist nichts entschieden, aber es besteht Diskussionsbedarf. Kann Pflege in diesen Dimensionen funktionieren und ist die Massenversorgung von Senioren ein Weg, den wir unweigerlich gehen m\u00fcssen?<\/strong>\n\nAus dem Alter wird ein Gesch\u00e4ft. \u00dcberraschend ist das wenig, schlie\u00dflich versucht die Wirtschaft naturgem\u00e4\u00df, aus allem den gr\u00f6\u00dftm\u00f6glichen Profit zu machen. Laut Statista sind derzeit 17,3 Millionen Deutsche 65 Jahre oder \u00e4lter. Zum Vergleich: 1990 waren es noch f\u00fcnf Millionen weniger. Der Markt an Senioren ist also da und w\u00e4chst. Der demografische Wandel l\u00e4sst sich schlie\u00dflich nicht verleugnen.\n\n\n<h2>Ein gewaltiges Projekt im Bereich Pflege<\/h2>\n\n\nWie man aus einer alternden Gesellschaft am besten Gewinn schl\u00e4gt, wollen nun einige findige Investoren herausgefunden haben. Sie planen, im Bayerischen Wald ein riesiges Seniorenheim zu bauen. Das XXL-Format soll die Gewinnspanne vergr\u00f6\u00dfern, indem die Ausgaben im Vergleich zu mehreren kleinen Einrichtungen mit einer insgesamt gleichen Anzahl an Pl\u00e4tzen gesenkt werden. Auch die Grundst\u00fcckskosten d\u00fcrften in dem kleinen Dorf mit gerade einmal ein paar Hundert Einwohnern \u00fcberschaubar sein.\n\nAuf der anderen Seite d\u00fcrfte es daf\u00fcr allerdings keine F\u00f6rderungen von \u00f6ffentlicher Seite geben, da der Bedarf eines so gro\u00dfen Seniorenheims nicht gegeben ist. Ob die Rechnung dennoch aufgeht, wissen wohl nur die Bauherren selbst.\n\n\n<h2>Riesiges Seniorenheim \u2013 Fluch oder Segen?<\/h2>\n\n\nWie gro\u00df das Seniorenheim wirklich werden soll, ist dann aber bei allem Gesch\u00e4ftssinn doch schockierend: Es sollen 3500 Pl\u00e4tze entstehen. Damit w\u00e4re es auf Rang eins bei Deutschlands gr\u00f6\u00dften Pflegeheimen und w\u00fcrde das Hospital zum Heiligen Geist in Hamburg mit 1100 Betten von der Spitze verdr\u00e4ngen.\n\nAus der Gr\u00f6\u00dfe resultieren nicht nur bedeutende Ver\u00e4nderungen in der Qualit\u00e4t der Pflege, verglichen mit kleineren Einrichtungen, sondern auch f\u00fcr die Untermitterdorfer. Deren neue Mitb\u00fcrger w\u00e4ren bei voller Belegung des Altenheims pl\u00f6tzlich um das Zehnfache in der \u00dcberzahl. Selbst in der Gemeinde Kirchberg, zu der Untermitterdorf z\u00e4hlt, wohnen nur rund 4300 Menschen. Von der Anzahl der m\u00f6glichen Neuank\u00f6mmlinge f\u00fchlen sich viele dort erst einmal erschlagen.\n\nAbgesehen von den Bed\u00fcrfnissen des Dorfes, die bald von einer betagten Mehrheit festgelegt werden k\u00f6nnten, wirft auch das Thema der Infrastruktur einige Fragen auf. Es w\u00fcrden sowohl neue Stra\u00dfen und Stromleitungen als auch Kan\u00e4le und eine Kl\u00e4ranlage n\u00f6tig \u2013 nicht nur f\u00fcr die vielen Bewohner. Auch die zahlreichen ben\u00f6tigten Angestellten m\u00fcssen irgendwo wohnen. Andere wiederum sehen in diesem m\u00f6glichen schlagartigen Wachstum eine gro\u00dfe Chance f\u00fcr die Region.\n\nKonkret ist das Projekt noch nicht und ob dem Ganzen zugestimmt wird, ist ebenfalls noch unklar. Dennoch wurde zumindest bereits beim B\u00fcrgermeister angefragt und die Vorstellung eines Nachbarn in Form einer gewaltigen Seniorenresidenz ist seitdem das Hauptgespr\u00e4chsthema.\n\n\n<h2>Was ein Altenheim bietet<\/h2>\n\n\nIn einem Seniorenheim werden \u00e4ltere pflegebed\u00fcrftige Menschen betreut. Sie k\u00f6nnen nicht mehr alleine leben und sich selbst versorgen und sind deshalb st\u00e4ndig auf Hilfe angewiesen. Diese leisten <a href=\"https:\/\/www.euroakademie.de\/details\/AL____RGG_Q18S_1\/Altenpflegehelferin---staatlich-anerkannt\">Altenpfleger<\/a> und <a href=\"https:\/\/www.euroakademie.de\/de\/ausbildung\/gesundheit-pflege\/altenpflegehelfer.html\">Altenpflegehelfer<\/a>. Rund um die Uhr ist das Personal vor Ort, um sowohl pflegerische als auch hauswirtschaftliche Versorgung zu gew\u00e4hrleisten.\n\nDamit dies bei einer Seniorenresidenz mit 3500 Betten funktioniert, muss der Mitarbeiterstab ebenfalls gewaltig sein und das Management muss perfekt planen. Denn die Bewohner leben normalerweise auch im Altenheim nach einem strukturierten Tagesablauf, der \u00e4hnlich dem von zuhause gewohnten Zeitplan ist. Individuelle W\u00fcnsche k\u00f6nnen \u2013 je nach Qualit\u00e4t der Einrichtung \u2013 zus\u00e4tzlich erf\u00fcllt werden.\n\nSchon in kleinen Dimensionen hadern die Mitarbeiter oftmals mit dem Arbeitsaufwand, da der Betreuungsschl\u00fcssel noch nicht perfekt ist, kurzfristig Kr\u00e4fte ausfallen oder das Stundenkonto eines Kollegen weit \u00fcberschritten ist. Da es sich bei den Betreuten um Menschen handelt, kann au\u00dferdem nicht alles hundertprozentig geplant werden. So kommt es immer wieder zu spontanen Verschiebungen und Zwischenf\u00e4llen, die sofortiger Aufmerksamkeit bed\u00fcrfen.\n\n\n<h2>Kommender Trend oder unrealistisches Zukunftsszenario?<\/h2>\n\n\nKann ein riesiges Seniorenheim all das leisten? Oder driftet unsere Gesellschaft mit diesem Modell in das Konzept einer Pflegebatterie ab? Analog zur Industrie w\u00e4re es aus wirtschaftlicher Sicht der n\u00e4chste logische Schritt, die Dimensionen zu vergr\u00f6\u00dfern, um den Profit zu steigern. Nat\u00fcrlich geht es hierbei nicht um Produkte, sondern um Lebewesen. Allerdings darf man sich mit diesem Argument auch die Produktionskette der Nahrungsmittelherstellung nicht allzu genau ansehen.\n\nEs bleibt uns also zu hoffen, dass trotz des geplanten Ausma\u00dfes der Einrichtung die Menschlichkeit in der Pflege erhalten bleibt.\n\n<strong>Das k\u00f6nnte Sie auch interessieren:<\/strong>\n<a href=\"https:\/\/www.euroakademie.de\/magazin\/gamer-im-seniorenheim\/\">Gamer im Seniorenheim<\/a>\n<a href=\"https:\/\/www.euroakademie.de\/magazin\/puppenspiel-fuer-senioren\/\">Puppenspiel f\u00fcr Senioren<\/a>\n<a href=\"https:\/\/www.euroakademie.de\/magazin\/ausbildung-des-monats-altenpfleger\/\">Ausbildung des Monats: Altenpfleger<\/a>]]>\t\t<\/p>\n","protected":false},"excerpt":{"rendered":"<p>\t\t\t\t<![CDATA[]]>\t\t<\/p>\n","protected":false},"author":37,"featured_media":6740,"comment_status":"closed","ping_status":"closed","sticky":false,"template":"","format":"standard","meta":{"footnotes":""},"categories":[82,16],"tags":[415,418,6364,7447,7453],"class_list":{"0":"post-4900","1":"post","2":"type-post","3":"status-publish","4":"format-standard","5":"has-post-thumbnail","7":"category-branchennews","8":"category-gesundheit-pflege","9":"tag-altenheim","10":"tag-altenpflege","11":"tag-pflege","12":"tag-senioren","13":"tag-seniorenheim"},"yoast_head":"<!-- This site is optimized with the Yoast SEO plugin v23.5 - https:\/\/yoast.com\/wordpress\/plugins\/seo\/ -->\n<title>Riesiges Seniorenheim \u2013 logische Folge einer alternden Gesellschaft?<\/title>\n<meta name=\"description\" content=\"In einem winzigen Dorf im Bayerischen Wald soll ein riesiges Seniorenheim entstehen. Kann Pflege in diesen Dimensionen funktionieren?\" \/>\n<meta name=\"robots\" content=\"index, follow, max-snippet:-1, max-image-preview:large, max-video-preview:-1\" \/>\n<link rel=\"canonical\" href=\"https:\/\/www.euroakademie.de\/magazin\/riesiges-seniorenheim-logische-folge-einer-alternden-gesellschaft\/\" \/>\n<meta property=\"og:locale\" content=\"de_DE\" \/>\n<meta property=\"og:type\" content=\"article\" \/>\n<meta property=\"og:title\" content=\"Riesiges Seniorenheim \u2013 logische Folge einer alternden Gesellschaft?\" \/>\n<meta property=\"og:description\" content=\"In einem winzigen Dorf im Bayerischen Wald soll ein riesiges Seniorenheim entstehen. Kann Pflege in diesen Dimensionen funktionieren?\" \/>\n<meta property=\"og:url\" content=\"https:\/\/www.euroakademie.de\/magazin\/riesiges-seniorenheim-logische-folge-einer-alternden-gesellschaft\/\" \/>\n<meta property=\"og:site_name\" content=\"Das Euro Akademie Magazin\" \/>\n<meta property=\"article:published_time\" content=\"2016-12-02T07:30:11+00:00\" \/>\n<meta property=\"article:modified_time\" content=\"2024-11-19T14:33:14+00:00\" \/>\n<meta property=\"og:image\" content=\"https:\/\/www.euroakademie.de\/magazin\/wp-content\/uploads\/2016\/12\/42-54523607_702x336_web.jpg\" \/>\n\t<meta property=\"og:image:width\" content=\"702\" \/>\n\t<meta property=\"og:image:height\" content=\"336\" \/>\n\t<meta property=\"og:image:type\" content=\"image\/jpeg\" \/>\n<meta name=\"author\" content=\"Katharina Boyens\" \/>\n<meta name=\"twitter:card\" content=\"summary_large_image\" \/>\n<meta name=\"twitter:label1\" content=\"Verfasst von\" \/>\n\t<meta name=\"twitter:data1\" content=\"Katharina Boyens\" \/>\n\t<meta name=\"twitter:label2\" content=\"Gesch\u00e4tzte Lesezeit\" \/>\n\t<meta name=\"twitter:data2\" content=\"4\u00a0Minuten\" \/>\n<script type=\"application\/ld+json\" class=\"yoast-schema-graph\">{\"@context\":\"https:\/\/schema.org\",\"@graph\":[{\"@type\":\"Article\",\"@id\":\"https:\/\/www.euroakademie.de\/magazin\/riesiges-seniorenheim-logische-folge-einer-alternden-gesellschaft\/#article\",\"isPartOf\":{\"@id\":\"https:\/\/www.euroakademie.de\/magazin\/riesiges-seniorenheim-logische-folge-einer-alternden-gesellschaft\/\"},\"author\":{\"name\":\"Katharina Boyens\",\"@id\":\"https:\/\/www.euroakademie.de\/magazin\/#\/schema\/person\/bc82ae73082e3ac93c406d0d76cb0cff\"},\"headline\":\"Riesiges Seniorenheim \u2013 Logische Folge einer alternden Gesellschaft?\",\"datePublished\":\"2016-12-02T07:30:11+00:00\",\"dateModified\":\"2024-11-19T14:33:14+00:00\",\"mainEntityOfPage\":{\"@id\":\"https:\/\/www.euroakademie.de\/magazin\/riesiges-seniorenheim-logische-folge-einer-alternden-gesellschaft\/\"},\"wordCount\":773,\"publisher\":{\"@id\":\"https:\/\/www.euroakademie.de\/magazin\/#organization\"},\"image\":{\"@id\":\"https:\/\/www.euroakademie.de\/magazin\/riesiges-seniorenheim-logische-folge-einer-alternden-gesellschaft\/#primaryimage\"},\"thumbnailUrl\":\"https:\/\/www.euroakademie.de\/magazin\/wp-content\/uploads\/2016\/12\/42-54523607_702x336_web.jpg\",\"keywords\":[\"Altenheim\",\"Altenpflege\",\"Pflege\",\"Senioren\",\"Seniorenheim\"],\"articleSection\":[\"Branchennews\",\"Gesundheit &amp; Pflege\"],\"inLanguage\":\"de\"},{\"@type\":\"WebPage\",\"@id\":\"https:\/\/www.euroakademie.de\/magazin\/riesiges-seniorenheim-logische-folge-einer-alternden-gesellschaft\/\",\"url\":\"https:\/\/www.euroakademie.de\/magazin\/riesiges-seniorenheim-logische-folge-einer-alternden-gesellschaft\/\",\"name\":\"Riesiges Seniorenheim \u2013 logische Folge einer alternden Gesellschaft?\",\"isPartOf\":{\"@id\":\"https:\/\/www.euroakademie.de\/magazin\/#website\"},\"primaryImageOfPage\":{\"@id\":\"https:\/\/www.euroakademie.de\/magazin\/riesiges-seniorenheim-logische-folge-einer-alternden-gesellschaft\/#primaryimage\"},\"image\":{\"@id\":\"https:\/\/www.euroakademie.de\/magazin\/riesiges-seniorenheim-logische-folge-einer-alternden-gesellschaft\/#primaryimage\"},\"thumbnailUrl\":\"https:\/\/www.euroakademie.de\/magazin\/wp-content\/uploads\/2016\/12\/42-54523607_702x336_web.jpg\",\"datePublished\":\"2016-12-02T07:30:11+00:00\",\"dateModified\":\"2024-11-19T14:33:14+00:00\",\"description\":\"In einem winzigen Dorf im Bayerischen Wald soll ein riesiges Seniorenheim entstehen. Kann Pflege in diesen Dimensionen funktionieren?\",\"breadcrumb\":{\"@id\":\"https:\/\/www.euroakademie.de\/magazin\/riesiges-seniorenheim-logische-folge-einer-alternden-gesellschaft\/#breadcrumb\"},\"inLanguage\":\"de\",\"potentialAction\":[{\"@type\":\"ReadAction\",\"target\":[\"https:\/\/www.euroakademie.de\/magazin\/riesiges-seniorenheim-logische-folge-einer-alternden-gesellschaft\/\"]}]},{\"@type\":\"ImageObject\",\"inLanguage\":\"de\",\"@id\":\"https:\/\/www.euroakademie.de\/magazin\/riesiges-seniorenheim-logische-folge-einer-alternden-gesellschaft\/#primaryimage\",\"url\":\"https:\/\/www.euroakademie.de\/magazin\/wp-content\/uploads\/2016\/12\/42-54523607_702x336_web.jpg\",\"contentUrl\":\"https:\/\/www.euroakademie.de\/magazin\/wp-content\/uploads\/2016\/12\/42-54523607_702x336_web.jpg\",\"width\":702,\"height\":336,\"caption\":\"\"},{\"@type\":\"BreadcrumbList\",\"@id\":\"https:\/\/www.euroakademie.de\/magazin\/riesiges-seniorenheim-logische-folge-einer-alternden-gesellschaft\/#breadcrumb\",\"itemListElement\":[{\"@type\":\"ListItem\",\"position\":1,\"name\":\"Startseite\",\"item\":\"https:\/\/www.euroakademie.de\/magazin\/\"},{\"@type\":\"ListItem\",\"position\":2,\"name\":\"Riesiges Seniorenheim \u2013 Logische Folge einer alternden Gesellschaft?\"}]},{\"@type\":\"WebSite\",\"@id\":\"https:\/\/www.euroakademie.de\/magazin\/#website\",\"url\":\"https:\/\/www.euroakademie.de\/magazin\/\",\"name\":\"Das Euro Akademie Magazin\",\"description\":\"Gut informiert durch Ausbildung und Studium\",\"publisher\":{\"@id\":\"https:\/\/www.euroakademie.de\/magazin\/#organization\"},\"potentialAction\":[{\"@type\":\"SearchAction\",\"target\":{\"@type\":\"EntryPoint\",\"urlTemplate\":\"https:\/\/www.euroakademie.de\/magazin\/?s={search_term_string}\"},\"query-input\":{\"@type\":\"PropertyValueSpecification\",\"valueRequired\":true,\"valueName\":\"search_term_string\"}}],\"inLanguage\":\"de\"},{\"@type\":\"Organization\",\"@id\":\"https:\/\/www.euroakademie.de\/magazin\/#organization\",\"name\":\"ESO Education Group\",\"url\":\"https:\/\/www.euroakademie.de\/magazin\/\",\"logo\":{\"@type\":\"ImageObject\",\"inLanguage\":\"de\",\"@id\":\"https:\/\/www.euroakademie.de\/magazin\/#\/schema\/logo\/image\/\",\"url\":\"https:\/\/relaunch.euroakademie.de\/magazin\/wp-content\/uploads\/2024\/11\/Logo_EA_negativ_Rahmen_5cm_300dpi_RGB.jpg\",\"contentUrl\":\"https:\/\/relaunch.euroakademie.de\/magazin\/wp-content\/uploads\/2024\/11\/Logo_EA_negativ_Rahmen_5cm_300dpi_RGB.jpg\",\"width\":591,\"height\":236,\"caption\":\"ESO Education Group\"},\"image\":{\"@id\":\"https:\/\/www.euroakademie.de\/magazin\/#\/schema\/logo\/image\/\"}},{\"@type\":\"Person\",\"@id\":\"https:\/\/www.euroakademie.de\/magazin\/#\/schema\/person\/bc82ae73082e3ac93c406d0d76cb0cff\",\"name\":\"Katharina Boyens\",\"description\":\"Katharina Boyens ist Germanistin und Anglistin mit einem Faible f\u00fcrs Schreiben. Von M\u00e4rz 2016 bis Januar 2021 bereicherte sie das Euro Akademie Magazin mit lesenswerten Beitr\u00e4gen in verschiedenen Rubriken.\",\"url\":\"https:\/\/www.euroakademie.de\/magazin\/author\/pfaffk\/\"}]}<\/script>\n<!-- \/ Yoast SEO plugin. -->","yoast_head_json":{"title":"Riesiges Seniorenheim \u2013 logische Folge einer alternden Gesellschaft?","description":"In einem winzigen Dorf im Bayerischen Wald soll ein riesiges Seniorenheim entstehen. Kann Pflege in diesen Dimensionen funktionieren?","robots":{"index":"index","follow":"follow","max-snippet":"max-snippet:-1","max-image-preview":"max-image-preview:large","max-video-preview":"max-video-preview:-1"},"canonical":"https:\/\/www.euroakademie.de\/magazin\/riesiges-seniorenheim-logische-folge-einer-alternden-gesellschaft\/","og_locale":"de_DE","og_type":"article","og_title":"Riesiges Seniorenheim \u2013 logische Folge einer alternden Gesellschaft?","og_description":"In einem winzigen Dorf im Bayerischen Wald soll ein riesiges Seniorenheim entstehen. Kann Pflege in diesen Dimensionen funktionieren?","og_url":"https:\/\/www.euroakademie.de\/magazin\/riesiges-seniorenheim-logische-folge-einer-alternden-gesellschaft\/","og_site_name":"Das Euro Akademie Magazin","article_published_time":"2016-12-02T07:30:11+00:00","article_modified_time":"2024-11-19T14:33:14+00:00","og_image":[{"width":702,"height":336,"url":"https:\/\/www.euroakademie.de\/magazin\/wp-content\/uploads\/2016\/12\/42-54523607_702x336_web.jpg","type":"image\/jpeg"}],"author":"Katharina Boyens","twitter_card":"summary_large_image","twitter_misc":{"Verfasst von":"Katharina Boyens","Gesch\u00e4tzte Lesezeit":"4\u00a0Minuten"},"schema":{"@context":"https:\/\/schema.org","@graph":[{"@type":"Article","@id":"https:\/\/www.euroakademie.de\/magazin\/riesiges-seniorenheim-logische-folge-einer-alternden-gesellschaft\/#article","isPartOf":{"@id":"https:\/\/www.euroakademie.de\/magazin\/riesiges-seniorenheim-logische-folge-einer-alternden-gesellschaft\/"},"author":{"name":"Katharina Boyens","@id":"https:\/\/www.euroakademie.de\/magazin\/#\/schema\/person\/bc82ae73082e3ac93c406d0d76cb0cff"},"headline":"Riesiges Seniorenheim \u2013 Logische Folge einer alternden Gesellschaft?","datePublished":"2016-12-02T07:30:11+00:00","dateModified":"2024-11-19T14:33:14+00:00","mainEntityOfPage":{"@id":"https:\/\/www.euroakademie.de\/magazin\/riesiges-seniorenheim-logische-folge-einer-alternden-gesellschaft\/"},"wordCount":773,"publisher":{"@id":"https:\/\/www.euroakademie.de\/magazin\/#organization"},"image":{"@id":"https:\/\/www.euroakademie.de\/magazin\/riesiges-seniorenheim-logische-folge-einer-alternden-gesellschaft\/#primaryimage"},"thumbnailUrl":"https:\/\/www.euroakademie.de\/magazin\/wp-content\/uploads\/2016\/12\/42-54523607_702x336_web.jpg","keywords":["Altenheim","Altenpflege","Pflege","Senioren","Seniorenheim"],"articleSection":["Branchennews","Gesundheit &amp; Pflege"],"inLanguage":"de"},{"@type":"WebPage","@id":"https:\/\/www.euroakademie.de\/magazin\/riesiges-seniorenheim-logische-folge-einer-alternden-gesellschaft\/","url":"https:\/\/www.euroakademie.de\/magazin\/riesiges-seniorenheim-logische-folge-einer-alternden-gesellschaft\/","name":"Riesiges Seniorenheim \u2013 logische Folge einer alternden Gesellschaft?","isPartOf":{"@id":"https:\/\/www.euroakademie.de\/magazin\/#website"},"primaryImageOfPage":{"@id":"https:\/\/www.euroakademie.de\/magazin\/riesiges-seniorenheim-logische-folge-einer-alternden-gesellschaft\/#primaryimage"},"image":{"@id":"https:\/\/www.euroakademie.de\/magazin\/riesiges-seniorenheim-logische-folge-einer-alternden-gesellschaft\/#primaryimage"},"thumbnailUrl":"https:\/\/www.euroakademie.de\/magazin\/wp-content\/uploads\/2016\/12\/42-54523607_702x336_web.jpg","datePublished":"2016-12-02T07:30:11+00:00","dateModified":"2024-11-19T14:33:14+00:00","description":"In einem winzigen Dorf im Bayerischen Wald soll ein riesiges Seniorenheim entstehen. Kann Pflege in diesen Dimensionen funktionieren?","breadcrumb":{"@id":"https:\/\/www.euroakademie.de\/magazin\/riesiges-seniorenheim-logische-folge-einer-alternden-gesellschaft\/#breadcrumb"},"inLanguage":"de","potentialAction":[{"@type":"ReadAction","target":["https:\/\/www.euroakademie.de\/magazin\/riesiges-seniorenheim-logische-folge-einer-alternden-gesellschaft\/"]}]},{"@type":"ImageObject","inLanguage":"de","@id":"https:\/\/www.euroakademie.de\/magazin\/riesiges-seniorenheim-logische-folge-einer-alternden-gesellschaft\/#primaryimage","url":"https:\/\/www.euroakademie.de\/magazin\/wp-content\/uploads\/2016\/12\/42-54523607_702x336_web.jpg","contentUrl":"https:\/\/www.euroakademie.de\/magazin\/wp-content\/uploads\/2016\/12\/42-54523607_702x336_web.jpg","width":702,"height":336,"caption":""},{"@type":"BreadcrumbList","@id":"https:\/\/www.euroakademie.de\/magazin\/riesiges-seniorenheim-logische-folge-einer-alternden-gesellschaft\/#breadcrumb","itemListElement":[{"@type":"ListItem","position":1,"name":"Startseite","item":"https:\/\/www.euroakademie.de\/magazin\/"},{"@type":"ListItem","position":2,"name":"Riesiges Seniorenheim \u2013 Logische Folge einer alternden Gesellschaft?"}]},{"@type":"WebSite","@id":"https:\/\/www.euroakademie.de\/magazin\/#website","url":"https:\/\/www.euroakademie.de\/magazin\/","name":"Das Euro Akademie Magazin","description":"Gut informiert durch Ausbildung und Studium","publisher":{"@id":"https:\/\/www.euroakademie.de\/magazin\/#organization"},"potentialAction":[{"@type":"SearchAction","target":{"@type":"EntryPoint","urlTemplate":"https:\/\/www.euroakademie.de\/magazin\/?s={search_term_string}"},"query-input":{"@type":"PropertyValueSpecification","valueRequired":true,"valueName":"search_term_string"}}],"inLanguage":"de"},{"@type":"Organization","@id":"https:\/\/www.euroakademie.de\/magazin\/#organization","name":"ESO Education Group","url":"https:\/\/www.euroakademie.de\/magazin\/","logo":{"@type":"ImageObject","inLanguage":"de","@id":"https:\/\/www.euroakademie.de\/magazin\/#\/schema\/logo\/image\/","url":"https:\/\/relaunch.euroakademie.de\/magazin\/wp-content\/uploads\/2024\/11\/Logo_EA_negativ_Rahmen_5cm_300dpi_RGB.jpg","contentUrl":"https:\/\/relaunch.euroakademie.de\/magazin\/wp-content\/uploads\/2024\/11\/Logo_EA_negativ_Rahmen_5cm_300dpi_RGB.jpg","width":591,"height":236,"caption":"ESO Education Group"},"image":{"@id":"https:\/\/www.euroakademie.de\/magazin\/#\/schema\/logo\/image\/"}},{"@type":"Person","@id":"https:\/\/www.euroakademie.de\/magazin\/#\/schema\/person\/bc82ae73082e3ac93c406d0d76cb0cff","name":"Katharina Boyens","description":"Katharina Boyens ist Germanistin und Anglistin mit einem Faible f\u00fcrs Schreiben. Von M\u00e4rz 2016 bis Januar 2021 bereicherte sie das Euro Akademie Magazin mit lesenswerten Beitr\u00e4gen in verschiedenen Rubriken.","url":"https:\/\/www.euroakademie.de\/magazin\/author\/pfaffk\/"}]}},"_links":{"self":[{"href":"https:\/\/www.euroakademie.de\/magazin\/wp-json\/wp\/v2\/posts\/4900","targetHints":{"allow":["GET"]}}],"collection":[{"href":"https:\/\/www.euroakademie.de\/magazin\/wp-json\/wp\/v2\/posts"}],"about":[{"href":"https:\/\/www.euroakademie.de\/magazin\/wp-json\/wp\/v2\/types\/post"}],"author":[{"embeddable":true,"href":"https:\/\/www.euroakademie.de\/magazin\/wp-json\/wp\/v2\/users\/37"}],"replies":[{"embeddable":true,"href":"https:\/\/www.euroakademie.de\/magazin\/wp-json\/wp\/v2\/comments?post=4900"}],"version-history":[{"count":1,"href":"https:\/\/www.euroakademie.de\/magazin\/wp-json\/wp\/v2\/posts\/4900\/revisions"}],"predecessor-version":[{"id":23655,"href":"https:\/\/www.euroakademie.de\/magazin\/wp-json\/wp\/v2\/posts\/4900\/revisions\/23655"}],"wp:featuredmedia":[{"embeddable":true,"href":"https:\/\/www.euroakademie.de\/magazin\/wp-json\/wp\/v2\/media\/6740"}],"wp:attachment":[{"href":"https:\/\/www.euroakademie.de\/magazin\/wp-json\/wp\/v2\/media?parent=4900"}],"wp:term":[{"taxonomy":"category","embeddable":true,"href":"https:\/\/www.euroakademie.de\/magazin\/wp-json\/wp\/v2\/categories?post=4900"},{"taxonomy":"post_tag","embeddable":true,"href":"https:\/\/www.euroakademie.de\/magazin\/wp-json\/wp\/v2\/tags?post=4900"}],"curies":[{"name":"wp","href":"https:\/\/api.w.org\/{rel}","templated":true}]}}