{"id":4929,"date":"2016-12-01T13:03:06","date_gmt":"2016-12-01T12:03:06","guid":{"rendered":"https:\/\/www.euroakademie.de\/magazin\/?p=4929"},"modified":"2024-11-19T13:26:17","modified_gmt":"2024-11-19T12:26:17","slug":"vorlesetag-sollte-an-365-tagen-im-jahr-sein","status":"publish","type":"post","link":"https:\/\/www.euroakademie.de\/magazin\/vorlesetag-sollte-an-365-tagen-im-jahr-sein\/","title":{"rendered":"Vorlesetag sollte an 365 Tagen im Jahr sein"},"content":{"rendered":"<p>\t\t\t\t<![CDATA[\n\n<h2>Weihnachtszeit \u2013 Zeit f\u00fcr Geschichten und M\u00e4rchen<\/h2>\n\n\nSie reisten durch die D\u00f6rfer und sammelten M\u00e4rchen. Vor fast 200 Jahren haben die Gebr\u00fcder Grimm erz\u00e4hlte Geschichten niedergeschrieben. Die \u00fcber 200 Kinder- und Hausm\u00e4rchen erfreuen noch heute Klein und Gro\u00df. Aschenputtel, Frau Holle, Schneewei\u00dfchen und Rosenrot oder Schneewittchen: Nicht nur zum Vorlesetag am 18. November sollten M\u00e4rchen und Geschichten in aller Munde sein. Gerade zur Weihnachtszeit, wenn die Tage kurz und kalt sind, wird es drinnen gem\u00fctlich: Bei einer Tasse Kakao, auf dicken Kissen und Decken sitzend, kommt dem Lesen und Vorlesen eine ganz besondere Bedeutung zu.\n\n\n<h2>Rochlitzer Sozialassistenten beweisen erneut Kreativit\u00e4t und Spielfreude<\/h2>\n\n\nEine Gruppe der angehenden <a href=\"https:\/\/www.euroakademie.de\/bildungsangebote\/paedagogik-soziales\">Sozialassistenten<\/a> im zweiten Ausbildungsjahr von der <a href=\"https:\/\/www.euroakademie.de\/de\/standorte\/rochlitz.html\">Euro Akademie Rochlitz <\/a>hatte \u2013 anl\u00e4sslich des bundesweiten Vorlesetags am 18. November 2016 \u2013 Vorschulkindern der Kita \u201eKleine Strolche\u201c aus Rochlitz das M\u00e4rchen vom \u201eRotk\u00e4ppchen\u201c vorgespielt. Eine zweite Gruppe war im Altenpflegheim \u201eDie Koch\u2019sche\u201c in Wiederau zu Besuch und f\u00fchrte dort \u201eH\u00e4nsel und Gretel\u201c auf. In beiden St\u00fccken las ein Erz\u00e4hler aus einem dicken M\u00e4rchenbuch vor und die Schauspieler inszenierten die jeweiligen Szenen mit viel Kreativit\u00e4t und Spielfreude.\n\n\u201eFast vier Wochen lang hat die Klasse daran gearbeitet. Sie haben die M\u00e4rchen umgeschrieben, Vorlesen, Erz\u00e4hlen und Schauspielern ge\u00fcbt, Kulissen gebaut, geprobt, gesungen und zwei kleine Theaterst\u00fccke entwickelt, die sich wirklich sehen lassen konnten. Die kleinen und gro\u00dfen Zuschauer waren begeistert\u201c, berichtet Schulleiterin Sandy Schlegel von der ambitionierten Arbeit der Auszubildenden.\n\nDie Kita \u201eKleine Strolche\u201c m\u00f6chte, dass die Sch\u00fcler die M\u00e4rchen auf der Weihnachtsfeier der Kindertagesst\u00e4tte im Dezember noch einmal auff\u00fchren. So gut hatte die Vorstellung\u00a0 Gro\u00df und Klein gefallen.\n\n\n<h2>Hintergrund zum bundesweiten Vorlesetag<\/h2>\n\n\nSeit 2004 findet dieser Vorlesetag allj\u00e4hrlich am dritten Freitag im November statt, eine gemeinsame Initiative von Die Zeit, der Stiftung Lesen und der Deutschen Bahn-Stiftung. Seitdem leisten auch die <a href=\"https:\/\/www.euroakademie.de\/de\/standorte\/chemnitz.html\">Euro Akademie Chemnitz<\/a> und die <a href=\"https:\/\/www.euroakademie.de\/de\/standorte\/rochlitz.html\">Euro Akademie Rochlitz<\/a> ihren Beitrag zum Vorlesen.\n\nDas Konzept ist schlie\u00dflich einfach: Jeder, der Spa\u00df am Vorlesen hat, liest anderen vor. Da sich die meisten vorweg anmelden und somit registriert sind, wei\u00df man, dass im vorigen wie auch in diesem Jahr eine Zahl von \u00fcber 110.000 Vorlesern zusammenkam. Selbst Prominente und Politiker greifen jedes Jahr zum Kinderbuch.\n\nMillionen M\u00fctter, V\u00e4ter, Omas und Opas brauchen diesen Tag eigentlich nicht. F\u00fcr viele ist jeder Tag Vorlesetag \u2013 zum Gl\u00fcck! In vielen Familien geh\u00f6rt die obligatorische Gute-Nacht-Geschichte zum festen Ritual vorm Schlafengehen. F\u00fcr sie bekommen langweilige Schlechtwettertage Licht und Sonne durch ein sch\u00f6nes Buch. Das gemeinsame Lesen zu Hause ist durch nichts zu ersetzen. Schon gar nicht durch das Dr\u00fccken einer Taste auf der Fernbedienung.\n\nEs gibt viele gute Gr\u00fcnde:\n\n\n<h3>Vorlesen, das macht Lust zum Selberlesen, ist der Schl\u00fcssel zur Bildung.<\/h3>\n\n\nVorlesen wirkt auf Herz und Ohr, weckt die Fantasie, schafft N\u00e4he und Geborgenheit. Zuh\u00f6ren und Kuscheln, es kann f\u00fcr Kinder nichts Sch\u00f6neres geben. Und auch das ist nicht von der Hand zu weisen: Es ist ein Familienfreizeitvergn\u00fcgen, das fast nichts kostet. Au\u00dfer: Zeit.\n\nEin wenig zumindest. 15 Minuten pro Tag w\u00fcrden reichen. \u201eDann entfaltet das Vorlesen seine volle Wirkung f\u00fcr die intellektuelle, emotionale und soziale Entwicklung von Kindern\u201c, hei\u00dft es in der Vorlesestudie 2016, einer bundesweiten Befragung unter Kindern und Eltern.\n\nAber \u2013 das geht aus den statistischen Erhebungen hervor \u2013 ein Drittel der Eltern liest zu selten vor. Das ist viel zu viel. Denn Kinder wollen vorgelesen bekommen. Laut Studie gef\u00e4llt es 91 Prozent der M\u00e4dchen und Jungen ausgesprochen gut, wenn ihnen vorgelesen wird. Fast jedes dritte Kind w\u00fcnscht sich, dass dies \u00f6fter geschieht.\nDie J\u00fcngeren wollen Geschichten zum Lachen h\u00f6ren, f\u00fcr die \u00c4lteren muss es vor allem spannend sein.\u00a0 Die Eltern sollten selbst Spa\u00df am Vorlesen haben, das ist wichtig, denn die jungen Zuh\u00f6rer sp\u00fcren, wenn es nicht so ist. \u201eIn Deutschland m\u00fcssten Kinder geradezu ein Grundrecht auf Vorlesen haben. Denn hier liegt der Schl\u00fcssel zu Bildung\u201c, stellt das Papier als eine Forderung auf.\n\nF\u00fcr kleine B\u00fccherw\u00fcrmer bietet die Anmeldung in der Bibliothek au\u00dferdem eine gute Grundlage. Hier k\u00f6nnen sie ausleihen und selbst bestimmen, was gelesen und vorgelesen werden soll, es macht ihnen Spa\u00df und animiert sie f\u00fcr ihre Zukunft mit Freude am Lesen.\n\nM\u00f6chten Sie beim n\u00e4chtsen Vorlesetag ebenfalls mit dabei sein? informieren Sie sich auf der offiziellen Seite <a href=\"http:\/\/www.vorlesetag.de\" target=\"_blank\" rel=\"noopener\">vorlesetag.de<\/a> und melden Sie sich an! Gerade Schulen werden vom Vorlesetags-Team der Stiftung Lesen gebeten, sich zu beteiligen. Bei Fragen k\u00f6nnen Sie sich per Mail an <a href=\"mailto:vorlesetag@stiftunglesen.com\">vorlesetag@stiftunglesen.com<\/a> oder telefonisch an die 0800 354 354-3 wenden.\n\n<strong>Das k\u00f6nnte Sie auch interessieren:<\/strong>\n<a href=\"https:\/\/www.euroakademie.de\/magazin\/halloween-an-der-euro-akademie-magdeburg\/\">S\u00fc\u00dfes oder Saures \u2013 Halloween an der Euro Akademie Magdeburg<\/a>\n<a href=\"https:\/\/www.euroakademie.de\/magazin\/schulische-ausbildung\/\">Schulische Ausbildung \u2013 Was ist das eigentlich?<\/a>\n<a href=\"https:\/\/www.euroakademie.de\/magazin\/mein-buch-eine-unschlagbare-wunderwaffe\/\">Mein Buch \u2013 Eine unschlagbare Wunderwaffe<\/a>\n\n[gallery columns=\"4\" ids=\"4930,4931,4932,4934,4935,4936,4937,4938,4939,4940\"]]]>\t\t<\/p>\n","protected":false},"excerpt":{"rendered":"<p>\t\t\t\t<![CDATA[]]>\t\t<\/p>\n","protected":false},"author":10,"featured_media":4933,"comment_status":"closed","ping_status":"closed","sticky":false,"template":"","format":"standard","meta":{"footnotes":""},"categories":[85,166],"tags":[337,1624,1627,3532,4582,5458,6724,8947,8950],"class_list":{"0":"post-4929","1":"post","2":"type-post","3":"status-publish","4":"format-standard","5":"has-post-thumbnail","7":"category-chemnitz","8":"category-rochlitz","9":"tag-aktion","10":"tag-buch","11":"tag-buecher","12":"tag-geschichten","13":"tag-kita","14":"tag-maerchen","15":"tag-projekt","16":"tag-vorlesen","17":"tag-vorlesetag"},"yoast_head":"<!-- This site is optimized with the Yoast SEO plugin v23.5 - https:\/\/yoast.com\/wordpress\/plugins\/seo\/ -->\n<title>Erfolgreiches Projekt: Vorlesetag sollte an 365 Tagen im Jahr sein<\/title>\n<meta name=\"description\" content=\"Auszubildende der Euro Akademie Rochlitz engagierten sich am Vorlesetag am 18. November 2016. Doch nicht nur dann sollten Geschichten in aller Munde sein.\" \/>\n<meta name=\"robots\" content=\"index, follow, max-snippet:-1, max-image-preview:large, max-video-preview:-1\" \/>\n<link rel=\"canonical\" href=\"https:\/\/www.euroakademie.de\/magazin\/vorlesetag-sollte-an-365-tagen-im-jahr-sein\/\" \/>\n<meta property=\"og:locale\" content=\"de_DE\" \/>\n<meta property=\"og:type\" content=\"article\" \/>\n<meta property=\"og:title\" content=\"Erfolgreiches Projekt: Vorlesetag sollte an 365 Tagen im Jahr sein\" \/>\n<meta property=\"og:description\" content=\"Auszubildende der Euro Akademie Rochlitz engagierten sich am Vorlesetag am 18. November 2016. Doch nicht nur dann sollten Geschichten in aller Munde sein.\" \/>\n<meta property=\"og:url\" content=\"https:\/\/www.euroakademie.de\/magazin\/vorlesetag-sollte-an-365-tagen-im-jahr-sein\/\" \/>\n<meta property=\"og:site_name\" content=\"Das Euro Akademie Magazin\" \/>\n<meta property=\"article:published_time\" content=\"2016-12-01T12:03:06+00:00\" \/>\n<meta property=\"article:modified_time\" content=\"2024-11-19T12:26:17+00:00\" \/>\n<meta property=\"og:image\" content=\"https:\/\/www.euroakademie.de\/magazin\/wp-content\/uploads\/2016\/12\/IMG_3959_702x336-web.jpg\" \/>\n\t<meta property=\"og:image:width\" content=\"702\" \/>\n\t<meta property=\"og:image:height\" content=\"336\" \/>\n\t<meta property=\"og:image:type\" content=\"image\/jpeg\" \/>\n<meta name=\"author\" content=\"Kristina Neukirch\" \/>\n<meta name=\"twitter:card\" content=\"summary_large_image\" \/>\n<meta name=\"twitter:label1\" content=\"Verfasst von\" \/>\n\t<meta name=\"twitter:data1\" content=\"Kristina Neukirch\" \/>\n\t<meta name=\"twitter:label2\" content=\"Gesch\u00e4tzte Lesezeit\" \/>\n\t<meta name=\"twitter:data2\" content=\"4\u00a0Minuten\" \/>\n<script type=\"application\/ld+json\" class=\"yoast-schema-graph\">{\"@context\":\"https:\/\/schema.org\",\"@graph\":[{\"@type\":\"Article\",\"@id\":\"https:\/\/www.euroakademie.de\/magazin\/vorlesetag-sollte-an-365-tagen-im-jahr-sein\/#article\",\"isPartOf\":{\"@id\":\"https:\/\/www.euroakademie.de\/magazin\/vorlesetag-sollte-an-365-tagen-im-jahr-sein\/\"},\"author\":{\"name\":\"Kristina Neukirch\",\"@id\":\"https:\/\/www.euroakademie.de\/magazin\/#\/schema\/person\/c63332c955b2891be496a891aa473d51\"},\"headline\":\"Vorlesetag sollte an 365 Tagen im Jahr sein\",\"datePublished\":\"2016-12-01T12:03:06+00:00\",\"dateModified\":\"2024-11-19T12:26:17+00:00\",\"mainEntityOfPage\":{\"@id\":\"https:\/\/www.euroakademie.de\/magazin\/vorlesetag-sollte-an-365-tagen-im-jahr-sein\/\"},\"wordCount\":816,\"publisher\":{\"@id\":\"https:\/\/www.euroakademie.de\/magazin\/#organization\"},\"image\":{\"@id\":\"https:\/\/www.euroakademie.de\/magazin\/vorlesetag-sollte-an-365-tagen-im-jahr-sein\/#primaryimage\"},\"thumbnailUrl\":\"https:\/\/www.euroakademie.de\/magazin\/wp-content\/uploads\/2016\/12\/IMG_3959_702x336-web.jpg\",\"keywords\":[\"Aktion\",\"Buch\",\"B\u00fccher\",\"Geschichten\",\"Kita\",\"M\u00e4rchen\",\"Projekt\",\"vorlesen\",\"Vorlesetag\"],\"articleSection\":[\"Chemnitz\",\"Rochlitz\"],\"inLanguage\":\"de\"},{\"@type\":\"WebPage\",\"@id\":\"https:\/\/www.euroakademie.de\/magazin\/vorlesetag-sollte-an-365-tagen-im-jahr-sein\/\",\"url\":\"https:\/\/www.euroakademie.de\/magazin\/vorlesetag-sollte-an-365-tagen-im-jahr-sein\/\",\"name\":\"Erfolgreiches Projekt: Vorlesetag sollte an 365 Tagen im Jahr sein\",\"isPartOf\":{\"@id\":\"https:\/\/www.euroakademie.de\/magazin\/#website\"},\"primaryImageOfPage\":{\"@id\":\"https:\/\/www.euroakademie.de\/magazin\/vorlesetag-sollte-an-365-tagen-im-jahr-sein\/#primaryimage\"},\"image\":{\"@id\":\"https:\/\/www.euroakademie.de\/magazin\/vorlesetag-sollte-an-365-tagen-im-jahr-sein\/#primaryimage\"},\"thumbnailUrl\":\"https:\/\/www.euroakademie.de\/magazin\/wp-content\/uploads\/2016\/12\/IMG_3959_702x336-web.jpg\",\"datePublished\":\"2016-12-01T12:03:06+00:00\",\"dateModified\":\"2024-11-19T12:26:17+00:00\",\"description\":\"Auszubildende der Euro Akademie Rochlitz engagierten sich am Vorlesetag am 18. November 2016. Doch nicht nur dann sollten Geschichten in aller Munde sein.\",\"breadcrumb\":{\"@id\":\"https:\/\/www.euroakademie.de\/magazin\/vorlesetag-sollte-an-365-tagen-im-jahr-sein\/#breadcrumb\"},\"inLanguage\":\"de\",\"potentialAction\":[{\"@type\":\"ReadAction\",\"target\":[\"https:\/\/www.euroakademie.de\/magazin\/vorlesetag-sollte-an-365-tagen-im-jahr-sein\/\"]}]},{\"@type\":\"ImageObject\",\"inLanguage\":\"de\",\"@id\":\"https:\/\/www.euroakademie.de\/magazin\/vorlesetag-sollte-an-365-tagen-im-jahr-sein\/#primaryimage\",\"url\":\"https:\/\/www.euroakademie.de\/magazin\/wp-content\/uploads\/2016\/12\/IMG_3959_702x336-web.jpg\",\"contentUrl\":\"https:\/\/www.euroakademie.de\/magazin\/wp-content\/uploads\/2016\/12\/IMG_3959_702x336-web.jpg\",\"width\":702,\"height\":336,\"caption\":\"\"},{\"@type\":\"BreadcrumbList\",\"@id\":\"https:\/\/www.euroakademie.de\/magazin\/vorlesetag-sollte-an-365-tagen-im-jahr-sein\/#breadcrumb\",\"itemListElement\":[{\"@type\":\"ListItem\",\"position\":1,\"name\":\"Startseite\",\"item\":\"https:\/\/www.euroakademie.de\/magazin\/\"},{\"@type\":\"ListItem\",\"position\":2,\"name\":\"Vorlesetag sollte an 365 Tagen im Jahr sein\"}]},{\"@type\":\"WebSite\",\"@id\":\"https:\/\/www.euroakademie.de\/magazin\/#website\",\"url\":\"https:\/\/www.euroakademie.de\/magazin\/\",\"name\":\"Das Euro Akademie Magazin\",\"description\":\"Gut informiert durch Ausbildung und Studium\",\"publisher\":{\"@id\":\"https:\/\/www.euroakademie.de\/magazin\/#organization\"},\"potentialAction\":[{\"@type\":\"SearchAction\",\"target\":{\"@type\":\"EntryPoint\",\"urlTemplate\":\"https:\/\/www.euroakademie.de\/magazin\/?s={search_term_string}\"},\"query-input\":{\"@type\":\"PropertyValueSpecification\",\"valueRequired\":true,\"valueName\":\"search_term_string\"}}],\"inLanguage\":\"de\"},{\"@type\":\"Organization\",\"@id\":\"https:\/\/www.euroakademie.de\/magazin\/#organization\",\"name\":\"ESO Education Group\",\"url\":\"https:\/\/www.euroakademie.de\/magazin\/\",\"logo\":{\"@type\":\"ImageObject\",\"inLanguage\":\"de\",\"@id\":\"https:\/\/www.euroakademie.de\/magazin\/#\/schema\/logo\/image\/\",\"url\":\"https:\/\/relaunch.euroakademie.de\/magazin\/wp-content\/uploads\/2024\/11\/Logo_EA_negativ_Rahmen_5cm_300dpi_RGB.jpg\",\"contentUrl\":\"https:\/\/relaunch.euroakademie.de\/magazin\/wp-content\/uploads\/2024\/11\/Logo_EA_negativ_Rahmen_5cm_300dpi_RGB.jpg\",\"width\":591,\"height\":236,\"caption\":\"ESO Education Group\"},\"image\":{\"@id\":\"https:\/\/www.euroakademie.de\/magazin\/#\/schema\/logo\/image\/\"}},{\"@type\":\"Person\",\"@id\":\"https:\/\/www.euroakademie.de\/magazin\/#\/schema\/person\/c63332c955b2891be496a891aa473d51\",\"name\":\"Kristina Neukirch\",\"description\":\"Kristina Neukirch war im Bereich Marketing und PR an den Euro Akademien Chemnitz und Rochlitz besch\u00e4ftigt. Als freie Journalistin im Bereich Bildung berichtete sie zwischen 2015 und 2019 in unserem Magazin \u00fcber die Euro Akademien Chemnitz und Rochlitz und schrieb f\u00fcr die Rubrik \\\"Gesundheit &amp; Pflege\\\". Au\u00dferdem war sie als Dozentin f\u00fcr Deutsch als Zweitsprache t\u00e4tig.\",\"url\":\"https:\/\/www.euroakademie.de\/magazin\/author\/kristinaneukirch\/\"}]}<\/script>\n<!-- \/ Yoast SEO plugin. -->","yoast_head_json":{"title":"Erfolgreiches Projekt: Vorlesetag sollte an 365 Tagen im Jahr sein","description":"Auszubildende der Euro Akademie Rochlitz engagierten sich am Vorlesetag am 18. November 2016. Doch nicht nur dann sollten Geschichten in aller Munde sein.","robots":{"index":"index","follow":"follow","max-snippet":"max-snippet:-1","max-image-preview":"max-image-preview:large","max-video-preview":"max-video-preview:-1"},"canonical":"https:\/\/www.euroakademie.de\/magazin\/vorlesetag-sollte-an-365-tagen-im-jahr-sein\/","og_locale":"de_DE","og_type":"article","og_title":"Erfolgreiches Projekt: Vorlesetag sollte an 365 Tagen im Jahr sein","og_description":"Auszubildende der Euro Akademie Rochlitz engagierten sich am Vorlesetag am 18. November 2016. Doch nicht nur dann sollten Geschichten in aller Munde sein.","og_url":"https:\/\/www.euroakademie.de\/magazin\/vorlesetag-sollte-an-365-tagen-im-jahr-sein\/","og_site_name":"Das Euro Akademie Magazin","article_published_time":"2016-12-01T12:03:06+00:00","article_modified_time":"2024-11-19T12:26:17+00:00","og_image":[{"width":702,"height":336,"url":"https:\/\/www.euroakademie.de\/magazin\/wp-content\/uploads\/2016\/12\/IMG_3959_702x336-web.jpg","type":"image\/jpeg"}],"author":"Kristina Neukirch","twitter_card":"summary_large_image","twitter_misc":{"Verfasst von":"Kristina Neukirch","Gesch\u00e4tzte Lesezeit":"4\u00a0Minuten"},"schema":{"@context":"https:\/\/schema.org","@graph":[{"@type":"Article","@id":"https:\/\/www.euroakademie.de\/magazin\/vorlesetag-sollte-an-365-tagen-im-jahr-sein\/#article","isPartOf":{"@id":"https:\/\/www.euroakademie.de\/magazin\/vorlesetag-sollte-an-365-tagen-im-jahr-sein\/"},"author":{"name":"Kristina Neukirch","@id":"https:\/\/www.euroakademie.de\/magazin\/#\/schema\/person\/c63332c955b2891be496a891aa473d51"},"headline":"Vorlesetag sollte an 365 Tagen im Jahr sein","datePublished":"2016-12-01T12:03:06+00:00","dateModified":"2024-11-19T12:26:17+00:00","mainEntityOfPage":{"@id":"https:\/\/www.euroakademie.de\/magazin\/vorlesetag-sollte-an-365-tagen-im-jahr-sein\/"},"wordCount":816,"publisher":{"@id":"https:\/\/www.euroakademie.de\/magazin\/#organization"},"image":{"@id":"https:\/\/www.euroakademie.de\/magazin\/vorlesetag-sollte-an-365-tagen-im-jahr-sein\/#primaryimage"},"thumbnailUrl":"https:\/\/www.euroakademie.de\/magazin\/wp-content\/uploads\/2016\/12\/IMG_3959_702x336-web.jpg","keywords":["Aktion","Buch","B\u00fccher","Geschichten","Kita","M\u00e4rchen","Projekt","vorlesen","Vorlesetag"],"articleSection":["Chemnitz","Rochlitz"],"inLanguage":"de"},{"@type":"WebPage","@id":"https:\/\/www.euroakademie.de\/magazin\/vorlesetag-sollte-an-365-tagen-im-jahr-sein\/","url":"https:\/\/www.euroakademie.de\/magazin\/vorlesetag-sollte-an-365-tagen-im-jahr-sein\/","name":"Erfolgreiches Projekt: Vorlesetag sollte an 365 Tagen im Jahr sein","isPartOf":{"@id":"https:\/\/www.euroakademie.de\/magazin\/#website"},"primaryImageOfPage":{"@id":"https:\/\/www.euroakademie.de\/magazin\/vorlesetag-sollte-an-365-tagen-im-jahr-sein\/#primaryimage"},"image":{"@id":"https:\/\/www.euroakademie.de\/magazin\/vorlesetag-sollte-an-365-tagen-im-jahr-sein\/#primaryimage"},"thumbnailUrl":"https:\/\/www.euroakademie.de\/magazin\/wp-content\/uploads\/2016\/12\/IMG_3959_702x336-web.jpg","datePublished":"2016-12-01T12:03:06+00:00","dateModified":"2024-11-19T12:26:17+00:00","description":"Auszubildende der Euro Akademie Rochlitz engagierten sich am Vorlesetag am 18. November 2016. Doch nicht nur dann sollten Geschichten in aller Munde sein.","breadcrumb":{"@id":"https:\/\/www.euroakademie.de\/magazin\/vorlesetag-sollte-an-365-tagen-im-jahr-sein\/#breadcrumb"},"inLanguage":"de","potentialAction":[{"@type":"ReadAction","target":["https:\/\/www.euroakademie.de\/magazin\/vorlesetag-sollte-an-365-tagen-im-jahr-sein\/"]}]},{"@type":"ImageObject","inLanguage":"de","@id":"https:\/\/www.euroakademie.de\/magazin\/vorlesetag-sollte-an-365-tagen-im-jahr-sein\/#primaryimage","url":"https:\/\/www.euroakademie.de\/magazin\/wp-content\/uploads\/2016\/12\/IMG_3959_702x336-web.jpg","contentUrl":"https:\/\/www.euroakademie.de\/magazin\/wp-content\/uploads\/2016\/12\/IMG_3959_702x336-web.jpg","width":702,"height":336,"caption":""},{"@type":"BreadcrumbList","@id":"https:\/\/www.euroakademie.de\/magazin\/vorlesetag-sollte-an-365-tagen-im-jahr-sein\/#breadcrumb","itemListElement":[{"@type":"ListItem","position":1,"name":"Startseite","item":"https:\/\/www.euroakademie.de\/magazin\/"},{"@type":"ListItem","position":2,"name":"Vorlesetag sollte an 365 Tagen im Jahr sein"}]},{"@type":"WebSite","@id":"https:\/\/www.euroakademie.de\/magazin\/#website","url":"https:\/\/www.euroakademie.de\/magazin\/","name":"Das Euro Akademie Magazin","description":"Gut informiert durch Ausbildung und Studium","publisher":{"@id":"https:\/\/www.euroakademie.de\/magazin\/#organization"},"potentialAction":[{"@type":"SearchAction","target":{"@type":"EntryPoint","urlTemplate":"https:\/\/www.euroakademie.de\/magazin\/?s={search_term_string}"},"query-input":{"@type":"PropertyValueSpecification","valueRequired":true,"valueName":"search_term_string"}}],"inLanguage":"de"},{"@type":"Organization","@id":"https:\/\/www.euroakademie.de\/magazin\/#organization","name":"ESO Education Group","url":"https:\/\/www.euroakademie.de\/magazin\/","logo":{"@type":"ImageObject","inLanguage":"de","@id":"https:\/\/www.euroakademie.de\/magazin\/#\/schema\/logo\/image\/","url":"https:\/\/relaunch.euroakademie.de\/magazin\/wp-content\/uploads\/2024\/11\/Logo_EA_negativ_Rahmen_5cm_300dpi_RGB.jpg","contentUrl":"https:\/\/relaunch.euroakademie.de\/magazin\/wp-content\/uploads\/2024\/11\/Logo_EA_negativ_Rahmen_5cm_300dpi_RGB.jpg","width":591,"height":236,"caption":"ESO Education Group"},"image":{"@id":"https:\/\/www.euroakademie.de\/magazin\/#\/schema\/logo\/image\/"}},{"@type":"Person","@id":"https:\/\/www.euroakademie.de\/magazin\/#\/schema\/person\/c63332c955b2891be496a891aa473d51","name":"Kristina Neukirch","description":"Kristina Neukirch war im Bereich Marketing und PR an den Euro Akademien Chemnitz und Rochlitz besch\u00e4ftigt. Als freie Journalistin im Bereich Bildung berichtete sie zwischen 2015 und 2019 in unserem Magazin \u00fcber die Euro Akademien Chemnitz und Rochlitz und schrieb f\u00fcr die Rubrik \"Gesundheit &amp; Pflege\". Au\u00dferdem war sie als Dozentin f\u00fcr Deutsch als Zweitsprache t\u00e4tig.","url":"https:\/\/www.euroakademie.de\/magazin\/author\/kristinaneukirch\/"}]}},"_links":{"self":[{"href":"https:\/\/www.euroakademie.de\/magazin\/wp-json\/wp\/v2\/posts\/4929","targetHints":{"allow":["GET"]}}],"collection":[{"href":"https:\/\/www.euroakademie.de\/magazin\/wp-json\/wp\/v2\/posts"}],"about":[{"href":"https:\/\/www.euroakademie.de\/magazin\/wp-json\/wp\/v2\/types\/post"}],"author":[{"embeddable":true,"href":"https:\/\/www.euroakademie.de\/magazin\/wp-json\/wp\/v2\/users\/10"}],"replies":[{"embeddable":true,"href":"https:\/\/www.euroakademie.de\/magazin\/wp-json\/wp\/v2\/comments?post=4929"}],"version-history":[{"count":1,"href":"https:\/\/www.euroakademie.de\/magazin\/wp-json\/wp\/v2\/posts\/4929\/revisions"}],"predecessor-version":[{"id":23484,"href":"https:\/\/www.euroakademie.de\/magazin\/wp-json\/wp\/v2\/posts\/4929\/revisions\/23484"}],"wp:featuredmedia":[{"embeddable":true,"href":"https:\/\/www.euroakademie.de\/magazin\/wp-json\/wp\/v2\/media\/4933"}],"wp:attachment":[{"href":"https:\/\/www.euroakademie.de\/magazin\/wp-json\/wp\/v2\/media?parent=4929"}],"wp:term":[{"taxonomy":"category","embeddable":true,"href":"https:\/\/www.euroakademie.de\/magazin\/wp-json\/wp\/v2\/categories?post=4929"},{"taxonomy":"post_tag","embeddable":true,"href":"https:\/\/www.euroakademie.de\/magazin\/wp-json\/wp\/v2\/tags?post=4929"}],"curies":[{"name":"wp","href":"https:\/\/api.w.org\/{rel}","templated":true}]}}