{"id":4975,"date":"2016-12-12T13:42:28","date_gmt":"2016-12-12T12:42:28","guid":{"rendered":"https:\/\/www.euroakademie.de\/magazin\/?p=4975"},"modified":"2024-12-04T16:01:42","modified_gmt":"2024-12-04T15:01:42","slug":"onlineportal-fluechtlinge-und-ausbildung","status":"publish","type":"post","link":"https:\/\/www.euroakademie.de\/magazin\/onlineportal-fluechtlinge-und-ausbildung\/","title":{"rendered":"Link- und Lesetipp: Onlineportal \u201eFl\u00fcchtlinge und Ausbildung\u201c"},"content":{"rendered":"<p>\t\t\t\t<![CDATA[<strong>Vor Kurzem ist das Informationsportal &#8222;Fl\u00fcchtlinge und Ausbildung&#8220; online gegangen. Es vermittelt den Neuank\u00f6mmlingen und deren Helfern Wissen zur Integration und zur Bildung in Deutschland.<\/strong>\n\nWie funktioniert der Einstieg in Ausbildung und Lehre? Was muss dabei beachtet werden? Wer bietet Hilfe an?\u00a0Diese Fragen stellen sich viele, die Fl\u00fcchtlinge bei der Integration durch Bildung unterst\u00fctzen. Das Bundesministerium f\u00fcr Bildung und Forschung (BMBF) f\u00f6rdert deshalb das neue Informationsportal &#8222;Fl\u00fcchtlinge und Ausbildung&#8220;, das vergangene Woche online gegangen ist.\n\n\n<h2>Die Welt der Bildung auf einer Seite<\/h2>\n\n\n&#8222;Ausbildung und Arbeit sind die K\u00f6nigswege der Integration. Oftmals kennen junge Fl\u00fcchtlinge das System der beruflichen Bildung in Deutschland jedoch nicht. Deshalb unterst\u00fctzen wir Unternehmen, gesellschaftliche Gruppen und Ehrenamtliche, die Gefl\u00fcchtete beim \u00dcbergang in Ausbildung helfen, mit dem neuen Informationsportal&#8220;, sagte Bundesbildungsministerin Johanna Wanka.\n\nDie Internetseite \u201eFl\u00fcchtlinge und Ausbildung\u201c bietet grundlegende und einfach verst\u00e4ndliche Informationen zum Asylverfahren und zu den Voraussetzungen f\u00fcr den Einstieg in die Ausbildung. Zudem werden die vom Bund gef\u00f6rderten Beratungs- und Unterst\u00fctzungsangebote vorgestellt. Dar\u00fcber hinaus finden Helfer zahlreiche Hinweise auf kostenlose Publikationen, Downloads und andere informative Seiten zum Thema.\n\n\n<h2>Fu\u00df fassen mit einer Ausbildung<\/h2>\n\n\nErstellt hat das Portal die vom Bundesbildungsministerium finanzierte Koordinierungsstelle Ausbildung und Integration (KAUSA). Ihr Ziel ist, Selbstst\u00e4ndige mit Migrationshintergrund f\u00fcr die Berufsausbildung zu gewinnen und die Ausbildungsbeteiligung von jungen Migranten und Fl\u00fcchtlingen zu erh\u00f6hen.\n\nServicestellen von KAUSA beraten bereits seit 2013 bundesweit Selbstst\u00e4ndige und Jugendliche mit Migrationshintergrund sowie deren Eltern in allen Fragen der Ausbildung. Als Teil des BMBF-Ma\u00dfnahmenpakets f\u00fcr Fl\u00fcchtlinge und deren Integration durch Bildung wurde das Aufgabengebiet um die Zielgruppe der jungen Fl\u00fcchtlinge erweitert. An insgesamt 29 Standorten wird Erstinformation, Beratung und Vermittlung bei der Integration in Ausbildung angeboten.\n\n<strong>Das k\u00f6nnte Sie auch interessieren:<\/strong>\n<a href=\"https:\/\/www.euroakademie.de\/magazin\/link-und-lesetipp-fluechtlinge-in-der-klasse\/\">Link- und Lesetipp: Mit Fl\u00fcchtlingen in der Klasse<\/a>\n<a href=\"https:\/\/www.euroakademie.de\/magazin\/gedanken-zur-eu\/\">Gedanken zur EU: Was bedeutet mir Europa?<\/a>]]>\t\t<\/p>\n","protected":false},"excerpt":{"rendered":"<p>\t\t\t\t<![CDATA[]]>\t\t<\/p>\n","protected":false},"author":7,"featured_media":6733,"comment_status":"closed","ping_status":"closed","sticky":false,"template":"","format":"standard","meta":{"footnotes":""},"categories":[139],"tags":[799,3040,3913,4129,5650],"class_list":{"0":"post-4975","1":"post","2":"type-post","3":"status-publish","4":"format-standard","5":"has-post-thumbnail","7":"category-lesetipps","8":"tag-ausbildung","9":"tag-fluechtlinge","10":"tag-helfer","11":"tag-information","12":"tag-migranten"},"yoast_head":"<!-- This site is optimized with the Yoast SEO plugin v23.5 - https:\/\/yoast.com\/wordpress\/plugins\/seo\/ -->\n<title>Link- und Lesetipp: Onlineportal &quot;Fl\u00fcchtlinge und Ausbildung&quot;<\/title>\n<meta name=\"description\" content=\"Das Online-Portal &quot;Fl\u00fcchtlinge und Ausbildung&quot; vermittelt Neuank\u00f6mmlingen und Helfern Wissen zu Integration und Bildung in Deutschland.\" \/>\n<meta name=\"robots\" content=\"index, follow, max-snippet:-1, max-image-preview:large, max-video-preview:-1\" \/>\n<link rel=\"canonical\" href=\"https:\/\/www.euroakademie.de\/magazin\/onlineportal-fluechtlinge-und-ausbildung\/\" \/>\n<meta property=\"og:locale\" content=\"de_DE\" \/>\n<meta property=\"og:type\" content=\"article\" \/>\n<meta property=\"og:title\" content=\"Link- und Lesetipp: Onlineportal &quot;Fl\u00fcchtlinge und Ausbildung&quot;\" \/>\n<meta property=\"og:description\" content=\"Das Online-Portal &quot;Fl\u00fcchtlinge und Ausbildung&quot; vermittelt Neuank\u00f6mmlingen und Helfern Wissen zu Integration und Bildung in Deutschland.\" \/>\n<meta property=\"og:url\" content=\"https:\/\/www.euroakademie.de\/magazin\/onlineportal-fluechtlinge-und-ausbildung\/\" \/>\n<meta property=\"og:site_name\" content=\"Das Euro Akademie Magazin\" \/>\n<meta property=\"article:published_time\" content=\"2016-12-12T12:42:28+00:00\" \/>\n<meta property=\"article:modified_time\" content=\"2024-12-04T15:01:42+00:00\" \/>\n<meta property=\"og:image\" content=\"https:\/\/www.euroakademie.de\/magazin\/wp-content\/uploads\/2016\/12\/42-31106179_702x336-web.jpg\" \/>\n\t<meta property=\"og:image:width\" content=\"702\" \/>\n\t<meta property=\"og:image:height\" content=\"336\" \/>\n\t<meta property=\"og:image:type\" content=\"image\/jpeg\" \/>\n<meta name=\"author\" content=\"Redaktion\" \/>\n<meta name=\"twitter:card\" content=\"summary_large_image\" \/>\n<meta name=\"twitter:label1\" content=\"Verfasst von\" \/>\n\t<meta name=\"twitter:data1\" content=\"Redaktion\" \/>\n\t<meta name=\"twitter:label2\" content=\"Gesch\u00e4tzte Lesezeit\" \/>\n\t<meta name=\"twitter:data2\" content=\"2\u00a0Minuten\" \/>\n<script type=\"application\/ld+json\" class=\"yoast-schema-graph\">{\"@context\":\"https:\/\/schema.org\",\"@graph\":[{\"@type\":\"Article\",\"@id\":\"https:\/\/www.euroakademie.de\/magazin\/onlineportal-fluechtlinge-und-ausbildung\/#article\",\"isPartOf\":{\"@id\":\"https:\/\/www.euroakademie.de\/magazin\/onlineportal-fluechtlinge-und-ausbildung\/\"},\"author\":{\"name\":\"Redaktion\",\"@id\":\"https:\/\/www.euroakademie.de\/magazin\/#\/schema\/person\/6c9b7b6db765ee31640d80c936be3686\"},\"headline\":\"Link- und Lesetipp: Onlineportal \u201eFl\u00fcchtlinge und Ausbildung\u201c\",\"datePublished\":\"2016-12-12T12:42:28+00:00\",\"dateModified\":\"2024-12-04T15:01:42+00:00\",\"mainEntityOfPage\":{\"@id\":\"https:\/\/www.euroakademie.de\/magazin\/onlineportal-fluechtlinge-und-ausbildung\/\"},\"wordCount\":326,\"publisher\":{\"@id\":\"https:\/\/www.euroakademie.de\/magazin\/#organization\"},\"image\":{\"@id\":\"https:\/\/www.euroakademie.de\/magazin\/onlineportal-fluechtlinge-und-ausbildung\/#primaryimage\"},\"thumbnailUrl\":\"https:\/\/www.euroakademie.de\/magazin\/wp-content\/uploads\/2016\/12\/42-31106179_702x336-web.jpg\",\"keywords\":[\"Ausbildung\",\"Fl\u00fcchtlinge\",\"Helfer\",\"Information\",\"Migranten\"],\"articleSection\":[\"Link- und Lesetipps\"],\"inLanguage\":\"de\"},{\"@type\":\"WebPage\",\"@id\":\"https:\/\/www.euroakademie.de\/magazin\/onlineportal-fluechtlinge-und-ausbildung\/\",\"url\":\"https:\/\/www.euroakademie.de\/magazin\/onlineportal-fluechtlinge-und-ausbildung\/\",\"name\":\"Link- und Lesetipp: Onlineportal \\\"Fl\u00fcchtlinge und Ausbildung\\\"\",\"isPartOf\":{\"@id\":\"https:\/\/www.euroakademie.de\/magazin\/#website\"},\"primaryImageOfPage\":{\"@id\":\"https:\/\/www.euroakademie.de\/magazin\/onlineportal-fluechtlinge-und-ausbildung\/#primaryimage\"},\"image\":{\"@id\":\"https:\/\/www.euroakademie.de\/magazin\/onlineportal-fluechtlinge-und-ausbildung\/#primaryimage\"},\"thumbnailUrl\":\"https:\/\/www.euroakademie.de\/magazin\/wp-content\/uploads\/2016\/12\/42-31106179_702x336-web.jpg\",\"datePublished\":\"2016-12-12T12:42:28+00:00\",\"dateModified\":\"2024-12-04T15:01:42+00:00\",\"description\":\"Das Online-Portal \\\"Fl\u00fcchtlinge und Ausbildung\\\" vermittelt Neuank\u00f6mmlingen und Helfern Wissen zu Integration und Bildung in Deutschland.\",\"breadcrumb\":{\"@id\":\"https:\/\/www.euroakademie.de\/magazin\/onlineportal-fluechtlinge-und-ausbildung\/#breadcrumb\"},\"inLanguage\":\"de\",\"potentialAction\":[{\"@type\":\"ReadAction\",\"target\":[\"https:\/\/www.euroakademie.de\/magazin\/onlineportal-fluechtlinge-und-ausbildung\/\"]}]},{\"@type\":\"ImageObject\",\"inLanguage\":\"de\",\"@id\":\"https:\/\/www.euroakademie.de\/magazin\/onlineportal-fluechtlinge-und-ausbildung\/#primaryimage\",\"url\":\"https:\/\/www.euroakademie.de\/magazin\/wp-content\/uploads\/2016\/12\/42-31106179_702x336-web.jpg\",\"contentUrl\":\"https:\/\/www.euroakademie.de\/magazin\/wp-content\/uploads\/2016\/12\/42-31106179_702x336-web.jpg\",\"width\":702,\"height\":336,\"caption\":\"\"},{\"@type\":\"BreadcrumbList\",\"@id\":\"https:\/\/www.euroakademie.de\/magazin\/onlineportal-fluechtlinge-und-ausbildung\/#breadcrumb\",\"itemListElement\":[{\"@type\":\"ListItem\",\"position\":1,\"name\":\"Startseite\",\"item\":\"https:\/\/www.euroakademie.de\/magazin\/\"},{\"@type\":\"ListItem\",\"position\":2,\"name\":\"Link- und Lesetipp: Onlineportal \u201eFl\u00fcchtlinge und Ausbildung\u201c\"}]},{\"@type\":\"WebSite\",\"@id\":\"https:\/\/www.euroakademie.de\/magazin\/#website\",\"url\":\"https:\/\/www.euroakademie.de\/magazin\/\",\"name\":\"Das Euro Akademie Magazin\",\"description\":\"Gut informiert durch Ausbildung und Studium\",\"publisher\":{\"@id\":\"https:\/\/www.euroakademie.de\/magazin\/#organization\"},\"potentialAction\":[{\"@type\":\"SearchAction\",\"target\":{\"@type\":\"EntryPoint\",\"urlTemplate\":\"https:\/\/www.euroakademie.de\/magazin\/?s={search_term_string}\"},\"query-input\":{\"@type\":\"PropertyValueSpecification\",\"valueRequired\":true,\"valueName\":\"search_term_string\"}}],\"inLanguage\":\"de\"},{\"@type\":\"Organization\",\"@id\":\"https:\/\/www.euroakademie.de\/magazin\/#organization\",\"name\":\"ESO Education Group\",\"url\":\"https:\/\/www.euroakademie.de\/magazin\/\",\"logo\":{\"@type\":\"ImageObject\",\"inLanguage\":\"de\",\"@id\":\"https:\/\/www.euroakademie.de\/magazin\/#\/schema\/logo\/image\/\",\"url\":\"https:\/\/relaunch.euroakademie.de\/magazin\/wp-content\/uploads\/2024\/11\/Logo_EA_negativ_Rahmen_5cm_300dpi_RGB.jpg\",\"contentUrl\":\"https:\/\/relaunch.euroakademie.de\/magazin\/wp-content\/uploads\/2024\/11\/Logo_EA_negativ_Rahmen_5cm_300dpi_RGB.jpg\",\"width\":591,\"height\":236,\"caption\":\"ESO Education Group\"},\"image\":{\"@id\":\"https:\/\/www.euroakademie.de\/magazin\/#\/schema\/logo\/image\/\"}},{\"@type\":\"Person\",\"@id\":\"https:\/\/www.euroakademie.de\/magazin\/#\/schema\/person\/6c9b7b6db765ee31640d80c936be3686\",\"name\":\"Redaktion\",\"description\":\"Die Redaktion des Euro Akademie Magazins h\u00e4lt Sie regelm\u00e4\u00dfig mit hintergr\u00fcndigen Artikeln auf dem Laufenden. Auf Basis einer fundierten Recherche und mit Spa\u00df am Schreiben erstellen die Redakteur*innen informative und unterhaltsame Inhalte f\u00fcr Sie.\",\"url\":\"https:\/\/www.euroakademie.de\/magazin\/author\/redaktion\/\"}]}<\/script>\n<!-- \/ Yoast SEO plugin. -->","yoast_head_json":{"title":"Link- und Lesetipp: Onlineportal \"Fl\u00fcchtlinge und Ausbildung\"","description":"Das Online-Portal \"Fl\u00fcchtlinge und Ausbildung\" vermittelt Neuank\u00f6mmlingen und Helfern Wissen zu Integration und Bildung in Deutschland.","robots":{"index":"index","follow":"follow","max-snippet":"max-snippet:-1","max-image-preview":"max-image-preview:large","max-video-preview":"max-video-preview:-1"},"canonical":"https:\/\/www.euroakademie.de\/magazin\/onlineportal-fluechtlinge-und-ausbildung\/","og_locale":"de_DE","og_type":"article","og_title":"Link- und Lesetipp: Onlineportal \"Fl\u00fcchtlinge und Ausbildung\"","og_description":"Das Online-Portal \"Fl\u00fcchtlinge und Ausbildung\" vermittelt Neuank\u00f6mmlingen und Helfern Wissen zu Integration und Bildung in Deutschland.","og_url":"https:\/\/www.euroakademie.de\/magazin\/onlineportal-fluechtlinge-und-ausbildung\/","og_site_name":"Das Euro Akademie Magazin","article_published_time":"2016-12-12T12:42:28+00:00","article_modified_time":"2024-12-04T15:01:42+00:00","og_image":[{"width":702,"height":336,"url":"https:\/\/www.euroakademie.de\/magazin\/wp-content\/uploads\/2016\/12\/42-31106179_702x336-web.jpg","type":"image\/jpeg"}],"author":"Redaktion","twitter_card":"summary_large_image","twitter_misc":{"Verfasst von":"Redaktion","Gesch\u00e4tzte Lesezeit":"2\u00a0Minuten"},"schema":{"@context":"https:\/\/schema.org","@graph":[{"@type":"Article","@id":"https:\/\/www.euroakademie.de\/magazin\/onlineportal-fluechtlinge-und-ausbildung\/#article","isPartOf":{"@id":"https:\/\/www.euroakademie.de\/magazin\/onlineportal-fluechtlinge-und-ausbildung\/"},"author":{"name":"Redaktion","@id":"https:\/\/www.euroakademie.de\/magazin\/#\/schema\/person\/6c9b7b6db765ee31640d80c936be3686"},"headline":"Link- und Lesetipp: Onlineportal \u201eFl\u00fcchtlinge und Ausbildung\u201c","datePublished":"2016-12-12T12:42:28+00:00","dateModified":"2024-12-04T15:01:42+00:00","mainEntityOfPage":{"@id":"https:\/\/www.euroakademie.de\/magazin\/onlineportal-fluechtlinge-und-ausbildung\/"},"wordCount":326,"publisher":{"@id":"https:\/\/www.euroakademie.de\/magazin\/#organization"},"image":{"@id":"https:\/\/www.euroakademie.de\/magazin\/onlineportal-fluechtlinge-und-ausbildung\/#primaryimage"},"thumbnailUrl":"https:\/\/www.euroakademie.de\/magazin\/wp-content\/uploads\/2016\/12\/42-31106179_702x336-web.jpg","keywords":["Ausbildung","Fl\u00fcchtlinge","Helfer","Information","Migranten"],"articleSection":["Link- und Lesetipps"],"inLanguage":"de"},{"@type":"WebPage","@id":"https:\/\/www.euroakademie.de\/magazin\/onlineportal-fluechtlinge-und-ausbildung\/","url":"https:\/\/www.euroakademie.de\/magazin\/onlineportal-fluechtlinge-und-ausbildung\/","name":"Link- und Lesetipp: Onlineportal \"Fl\u00fcchtlinge und Ausbildung\"","isPartOf":{"@id":"https:\/\/www.euroakademie.de\/magazin\/#website"},"primaryImageOfPage":{"@id":"https:\/\/www.euroakademie.de\/magazin\/onlineportal-fluechtlinge-und-ausbildung\/#primaryimage"},"image":{"@id":"https:\/\/www.euroakademie.de\/magazin\/onlineportal-fluechtlinge-und-ausbildung\/#primaryimage"},"thumbnailUrl":"https:\/\/www.euroakademie.de\/magazin\/wp-content\/uploads\/2016\/12\/42-31106179_702x336-web.jpg","datePublished":"2016-12-12T12:42:28+00:00","dateModified":"2024-12-04T15:01:42+00:00","description":"Das Online-Portal \"Fl\u00fcchtlinge und Ausbildung\" vermittelt Neuank\u00f6mmlingen und Helfern Wissen zu Integration und Bildung in Deutschland.","breadcrumb":{"@id":"https:\/\/www.euroakademie.de\/magazin\/onlineportal-fluechtlinge-und-ausbildung\/#breadcrumb"},"inLanguage":"de","potentialAction":[{"@type":"ReadAction","target":["https:\/\/www.euroakademie.de\/magazin\/onlineportal-fluechtlinge-und-ausbildung\/"]}]},{"@type":"ImageObject","inLanguage":"de","@id":"https:\/\/www.euroakademie.de\/magazin\/onlineportal-fluechtlinge-und-ausbildung\/#primaryimage","url":"https:\/\/www.euroakademie.de\/magazin\/wp-content\/uploads\/2016\/12\/42-31106179_702x336-web.jpg","contentUrl":"https:\/\/www.euroakademie.de\/magazin\/wp-content\/uploads\/2016\/12\/42-31106179_702x336-web.jpg","width":702,"height":336,"caption":""},{"@type":"BreadcrumbList","@id":"https:\/\/www.euroakademie.de\/magazin\/onlineportal-fluechtlinge-und-ausbildung\/#breadcrumb","itemListElement":[{"@type":"ListItem","position":1,"name":"Startseite","item":"https:\/\/www.euroakademie.de\/magazin\/"},{"@type":"ListItem","position":2,"name":"Link- und Lesetipp: Onlineportal \u201eFl\u00fcchtlinge und Ausbildung\u201c"}]},{"@type":"WebSite","@id":"https:\/\/www.euroakademie.de\/magazin\/#website","url":"https:\/\/www.euroakademie.de\/magazin\/","name":"Das Euro Akademie Magazin","description":"Gut informiert durch Ausbildung und Studium","publisher":{"@id":"https:\/\/www.euroakademie.de\/magazin\/#organization"},"potentialAction":[{"@type":"SearchAction","target":{"@type":"EntryPoint","urlTemplate":"https:\/\/www.euroakademie.de\/magazin\/?s={search_term_string}"},"query-input":{"@type":"PropertyValueSpecification","valueRequired":true,"valueName":"search_term_string"}}],"inLanguage":"de"},{"@type":"Organization","@id":"https:\/\/www.euroakademie.de\/magazin\/#organization","name":"ESO Education Group","url":"https:\/\/www.euroakademie.de\/magazin\/","logo":{"@type":"ImageObject","inLanguage":"de","@id":"https:\/\/www.euroakademie.de\/magazin\/#\/schema\/logo\/image\/","url":"https:\/\/relaunch.euroakademie.de\/magazin\/wp-content\/uploads\/2024\/11\/Logo_EA_negativ_Rahmen_5cm_300dpi_RGB.jpg","contentUrl":"https:\/\/relaunch.euroakademie.de\/magazin\/wp-content\/uploads\/2024\/11\/Logo_EA_negativ_Rahmen_5cm_300dpi_RGB.jpg","width":591,"height":236,"caption":"ESO Education Group"},"image":{"@id":"https:\/\/www.euroakademie.de\/magazin\/#\/schema\/logo\/image\/"}},{"@type":"Person","@id":"https:\/\/www.euroakademie.de\/magazin\/#\/schema\/person\/6c9b7b6db765ee31640d80c936be3686","name":"Redaktion","description":"Die Redaktion des Euro Akademie Magazins h\u00e4lt Sie regelm\u00e4\u00dfig mit hintergr\u00fcndigen Artikeln auf dem Laufenden. Auf Basis einer fundierten Recherche und mit Spa\u00df am Schreiben erstellen die Redakteur*innen informative und unterhaltsame Inhalte f\u00fcr Sie.","url":"https:\/\/www.euroakademie.de\/magazin\/author\/redaktion\/"}]}},"_links":{"self":[{"href":"https:\/\/www.euroakademie.de\/magazin\/wp-json\/wp\/v2\/posts\/4975","targetHints":{"allow":["GET"]}}],"collection":[{"href":"https:\/\/www.euroakademie.de\/magazin\/wp-json\/wp\/v2\/posts"}],"about":[{"href":"https:\/\/www.euroakademie.de\/magazin\/wp-json\/wp\/v2\/types\/post"}],"author":[{"embeddable":true,"href":"https:\/\/www.euroakademie.de\/magazin\/wp-json\/wp\/v2\/users\/7"}],"replies":[{"embeddable":true,"href":"https:\/\/www.euroakademie.de\/magazin\/wp-json\/wp\/v2\/comments?post=4975"}],"version-history":[{"count":1,"href":"https:\/\/www.euroakademie.de\/magazin\/wp-json\/wp\/v2\/posts\/4975\/revisions"}],"predecessor-version":[{"id":25740,"href":"https:\/\/www.euroakademie.de\/magazin\/wp-json\/wp\/v2\/posts\/4975\/revisions\/25740"}],"wp:featuredmedia":[{"embeddable":true,"href":"https:\/\/www.euroakademie.de\/magazin\/wp-json\/wp\/v2\/media\/6733"}],"wp:attachment":[{"href":"https:\/\/www.euroakademie.de\/magazin\/wp-json\/wp\/v2\/media?parent=4975"}],"wp:term":[{"taxonomy":"category","embeddable":true,"href":"https:\/\/www.euroakademie.de\/magazin\/wp-json\/wp\/v2\/categories?post=4975"},{"taxonomy":"post_tag","embeddable":true,"href":"https:\/\/www.euroakademie.de\/magazin\/wp-json\/wp\/v2\/tags?post=4975"}],"curies":[{"name":"wp","href":"https:\/\/api.w.org\/{rel}","templated":true}]}}