{"id":4979,"date":"2016-12-14T08:30:03","date_gmt":"2016-12-14T07:30:03","guid":{"rendered":"https:\/\/www.euroakademie.de\/magazin\/?p=4979"},"modified":"2024-11-19T13:24:22","modified_gmt":"2024-11-19T12:24:22","slug":"besser-als-ein-studium-quereinsteigerin-an-der-euro-akademie","status":"publish","type":"post","link":"https:\/\/www.euroakademie.de\/magazin\/besser-als-ein-studium-quereinsteigerin-an-der-euro-akademie\/","title":{"rendered":"Besser als ein Studium \u2013 Quereinsteigerin an der Euro Akademie"},"content":{"rendered":"<p>\t\t\t\t<![CDATA[<strong>Michelle Jakubietz befindet sich seit September 2015 in der <a href=\"https:\/\/www.euroakademie.de\/bildungsangebote\/wirtschaft-management\">Ausbildung zur kaufm\u00e4nnischen Assistentin<\/a> mit dem Schwerpunkt Fremdsprachen und Korrespondenz. Jetzt ist sie gl\u00fccklich, das war aber nicht immer so: Davor hat sie sich gegen ihr laufendes Studium der Erziehungswissenschaften und f\u00fcr eine Ausbildung an der <a href=\"https:\/\/www.euroakademie.de\/de\/standorte\/hannover.html\">Euro Akademie Hannover<\/a> entschieden. Was die 23-J\u00e4hrige dazu bewogen hat, erz\u00e4hlt sie im Interview mit dem Euro Akademie Magazin.<\/strong>\n\n<em><strong><a href=\"https:\/\/relaunch.euroakademie.de\/magazin\/wp-content\/uploads\/2016\/12\/MichelleJakubietz-web.jpg\"><img decoding=\"async\" class=\" wp-image-4981 alignleft\" src=\"https:\/\/relaunch.euroakademie.de\/magazin\/wp-content\/uploads\/2016\/12\/MichelleJakubietz-web-228x300.jpg\" alt=\"Michelle Jakubietz\" width=\"191\" height=\"251\" srcset=\"https:\/\/www.euroakademie.de\/magazin\/wp-content\/uploads\/2016\/12\/MichelleJakubietz-web-228x300.jpg 228w, https:\/\/www.euroakademie.de\/magazin\/wp-content\/uploads\/2016\/12\/MichelleJakubietz-web-150x197.jpg 150w, https:\/\/www.euroakademie.de\/magazin\/wp-content\/uploads\/2016\/12\/MichelleJakubietz-web.jpg 300w\" sizes=\"(max-width: 191px) 100vw, 191px\" \/><\/a>Frau Jakubietz, Sie haben sich nach dem Abitur f\u00fcr ein Studium entschieden. Warum?<\/strong><\/em>\n\n[&#8230;] Weil ich mir dachte: \u201eMit dem Abitur kann ich es zumindest probieren zu studieren\u201c, und ich habe mich dann daraufhin an verschiedenen Universit\u00e4ten f\u00fcr Erziehungswissenschaften beworben. [&#8230;]\n\nNach dem Abitur habe ich erst ein FSJ gemacht, da konnte ich schon Erfahrungen sammeln in dem Bereich. Das war in einer Kindertagesst\u00e4tte. Und ich habe mir dann gedacht, ich w\u00fcrde gerne in den Bereich gehen. [&#8230;] Dadurch habe ich dann in Erfurt angefangen, im Hauptfach Erziehungswissenschaften und im Nebenfach Management zu studieren. [&#8230;]\n\n<em><strong>Weshalb haben Sie Ihr Studium schlie\u00dflich abgebrochen?<\/strong><\/em>\n\nWeil ich es nicht mehr geschafft habe. Das Hauptfach war nicht so das Problem, allerdings war in Erfurt die Auflage, dass man zwei F\u00e4cher studieren muss.\n\nIch habe mit Management angefangen. Da bin ich ganz ehrlich: Das habe ich ein bisschen vernachl\u00e4ssigt, weil ich mir dachte: \u201eNaja, du kannst noch einmal das Fach wechseln.\u201c Ich habe mich dann auf die Aussage des Dekans verlassen, als er gesagt hat: \u201eEnglisch schaffst du sowieso nicht.\u201c Also das hat er nur durch die Blume gesagt, aber &#8230; naja &#8230;\n\nDann habe ich gesagt: \u201eOkay, dann probiere ich es halt mit Religion.\u201c Als ich dann allerdings eine Analyse \u00fcber das Alte Testament schreiben sollte, bin ich gescheitert und habe dann f\u00fcr mich beschlossen, dass der Weg so nicht weiterf\u00fchrt. [&#8230;]\n\n<strong><em>Und dann haben Sie sich anderweitig orientieren m\u00fcssen.<\/em><\/strong>\n\nJa, ich habe dann versucht, direkt den \u00dcbergang zu finden und habe mir \u00fcberlegt: \u201eWas m\u00f6chte ich gerne machen?\u201c Ich wusste, dass ich in der Schule gut in Sprachen war und viel Spa\u00df daran hatte.\n\nIch habe mich dann \u00fcber das Internet informiert, wo es die M\u00f6glichkeit gibt, die Ausbildung zur Fremdsprachenkorrespondentin zu machen oder eine Ausbildung, die viele Fremdsprachen beinhaltet. Da wurde mir unter anderem die Euro Akademie angeboten und dann habe ich gleich eine Bewerbung geschrieben.\n\n<em><strong>Wie kamen Sie \u00fcberhaupt auf die Idee, eine Ausbildung zu beginnen, wo Sie gerade vom Studium kamen?<\/strong><\/em>\n\nWeil ich das Gef\u00fchl hatte, dass das der bessere Weg ist. Ich wollte auch erstmal wieder ein bisschen Abstand zur Uni. [&#8230;] Ich habe nebenbei noch geguckt, ob ich eventuell ansonsten im Kindergarten noch etwas finde. Da h\u00e4tte ich auch etwas machen k\u00f6nnen, aber die Sprachen haben mich mehr gereizt.\n\nUnd dadurch, dass es auch diesen Klassenverband gab, liegt mir das einfach besser, wenn mir nicht nur jemand etwas erz\u00e4hlt, das ich ausarbeiten muss, sondern wenn es wirklich interaktiv ist. [&#8230;]\n\n<em><strong>Das hei\u00dft, Sie haben festgestellt, dass Sie besser lernen, wenn die Ausbildungsform schulisch ist?<\/strong><\/em>\n\nJa, wenn es ein bisschen mehr begleitend, ein bisschen pers\u00f6nlicher ist.\n\n<em><strong>Hat es Sie \u00dcberwindung gekostet, in eine Ausbildung zu wechseln, oder fiel Ihnen der Schritt leicht?<\/strong><\/em>\n\nNein, \u00fcberhaupt nicht [&#8230;]. Nach dem Abitur habe ich zum einen gesagt, [&#8230;] ich m\u00f6chte gerne studieren, andererseits h\u00e4tte ich aber auch da kein Problem gehabt, eine Ausbildung zu machen.\n\nDann habe ich gesagt: \u201eOkay, nach dem Studium jetzt k\u00fcmmere ich mich direkt darum und finde einen Weg.\u201c Das war f\u00fcr mich der angenehmste Weg und auch eine sehr gute L\u00f6sung.\n\n<strong><em>Was hat Ihnen pers\u00f6nlich dabei geholfen, diesen Weg zu gehen?<\/em><\/strong>\n\nUnterst\u00fctzung von Freunden [&#8230;] oder auch meine Mutter hat gesagt: \u201eDu musst nicht studieren. Du kannst auch einfach nur eine Ausbildung machen. Du bist dadurch kein schlechterer Mensch. Mach das, was dir Spa\u00df macht!\u201c\n\n<strong><em>Die Ausbildung zum Kaufm\u00e4nnischen Assistenten \u2013 Fremdsprachen und Korrespondenz ist fachlich ziemlich weit entfernt von dem, was Sie im Studium gemacht haben. Wieso haben Sie sich ausgerechnet daf\u00fcr entschieden?<\/em><\/strong>\n\nDa ich den Spa\u00df zu den Fremdsprachen vorher schon hatte und ich mich [&#8230;] schon ein bisschen auf der Seite eingelesen hatte. Dann wurde ich ja auch eingeladen zu einem Gespr\u00e4ch hierher. Ich habe mich dann nochmal mit [&#8230;] Frau Nagel [Leiterin der Euro Akademie Hannover] dar\u00fcber unterhalten. Das Gespr\u00e4ch lief eigentlich ganz gut und ich hatte auch ein gutes Gef\u00fchl dabei.\n\nEs war ja auch nicht so, dass mir das Management [w\u00e4hrend des Studiums] gar nicht gelegen hat \u2013 es hat mir ja auch [&#8230;] Spa\u00df gemacht \u2013 aber ich war auch ein bisschen zu faul, glaube ich. [&#8230;] H\u00e4tte ich mich ein bisschen mehr auf den Hintern gesetzt, w\u00fcrde die Welt heute anders aussehen. Aber ich wei\u00df es nicht. Ich glaube, so ist es der bessere Weg gewesen.\n\n<strong><em>Also Sie sagen auf jeden Fall, das war die richtige Wahl?<\/em><\/strong>\n\nJa, definitiv. Jeder, der mich sieht sagt mir, dass ich jetzt viel gl\u00fccklicher aussehe, viel mehr Spa\u00df habe, viel mehr lache. Das war vorher wirklich weniger geworden dadurch, dass ich zum einen ja 200 Kilometer von zu Hause weg war, meine Freunde nicht gehabt habe, Familie nicht da war.\n\nUnd ich hatte irgendwie immer Stress, weil ich neben dem Studium noch arbeiten gegangen bin. [&#8230;] Jetzt arbeite ich zwar auch neben der Ausbildung [&#8230;], aber es ist halt doch ganz anders, ausgeglichen.\n\n<em><strong>Vermissen Sie die Arbeit mit den Kindern?<\/strong><\/em>\n\nManchmal ja. [&#8230;] Kinder k\u00f6nnen einem vieles geben, was man in einer Klasse nicht findet. Wenn sie einen anl\u00e4cheln, dann kriegt man eigentlich auch automatisch dieses L\u00e4cheln im Gesicht, finde ich pers\u00f6nlich.\n\nAllerdings gibt es auch Momente, die ich nicht unbedingt vermisse: wenn jemand wirklich dauerhaft am Schreien ist, wobei das halt [&#8230;] dazugeh\u00f6rt. Es hat schon viel Spa\u00df gemacht und ja, manchmal fehlt es auch, aber ich denke, so ist der Weg jetzt in Ordnung. Und vielleicht hat man sp\u00e4ter ja mal eine eigene Familie, dann hat man auch Kinder.\n\n<em><strong>Was gef\u00e4llt Ihnen besonders an der Ausbildung an der Euro Akademie Hannover?<\/strong> <\/em>\n\nDass die Lehrer sich f\u00fcr einen interessieren und sich die Zeit f\u00fcr einen nehmen, wenn man ein Problem hat \u2013 egal ob die Pause f\u00fcr die Lehrkraft dann verloren geht. Wenn man fragt, bekommt man Antworten.\n\n<em><strong>Wie geht es f\u00fcr Sie nach der abgeschlossenen Ausbildung weiter?<\/strong><\/em>\n\nAlso, es wird definitiv noch einmal ins Studium gehen. Hier ist es ja so, dass wir eigentlich ins Ausland gehen sollen, das steht mir auch bevor. Ich wei\u00df allerdings noch nicht genau, wohin. Es k\u00f6nnte Spanien werden, es k\u00f6nnte England werden oder eventuell auch Shanghai.\n\nWobei wir jetzt erst einen Vortrag hatten \u00fcber berufsbegleitendes Studieren in Berlin, was auch nicht ganz uninteressant ist, weil ich mich so beruflich weiterentwickeln k\u00f6nnte und halt in Anf\u00fchrungszeichen nur nebenbei studiere. Was nat\u00fcrlich kein Geschenk ist, aber es w\u00e4re eine gute M\u00f6glichkeit, schon im Berufsleben zu stehen.\n\n<em><strong>Welcher Studiengang w\u00e4re das denn dann?<\/strong><\/em>\n\nDas steht noch nicht so ganz fest. Einerseits ist es so, dass mich Management und Marketing doch schon ziemlich reizen, allerdings habe ich auch Sportmanagement belegt, was mir viel Spa\u00df macht.\n\n[&#8230;] Wenn ich aber beispielsweise nach England, nach Cardiff, gehen w\u00fcrde, dann k\u00f6nnte ich im Managementbereich bleiben, aber meine Fremdsprachen noch weiter fortf\u00fchren im Studium, was halt schon eine ziemlich gute L\u00f6sung w\u00e4re. Also es wird schon in den Managementbereich gehen, denke ich.\n\n<em><strong>Wieso kommt es f\u00fcr Sie gar nicht in Frage, dass Sie direkt nach der Ausbildung arbeiten?<\/strong><\/em>\n\n[&#8230;] Weil ich jetzt das Gef\u00fchl habe, dass ich besser darauf vorbereitet bin, an eine Universit\u00e4t zu gehen, und ich jetzt auch f\u00fcr mich den Punkt erreicht habe, um zu sagen [&#8230;], ich will studieren. Ich will aus mir selber heraus studieren und nicht, weil mir jemand gesagt hat: \u201eMach es doch!\u201c\n\n[&#8230; ] Jetzt habe ich auch das Gef\u00fchl, dass ich erfolgreich sein werde. Und ob es bis zum Bachelor geht oder bis zum Master, das sehe ich dann, je nachdem wie wohl ich mich f\u00fchle mit der Universit\u00e4t [&#8230;].\n\n<em><strong>Vielen Dank f\u00fcr das Interview und weiterhin viel Erfolg in der Ausbildung!<\/strong><\/em>]]>\t\t<\/p>\n","protected":false},"excerpt":{"rendered":"<p>\t\t\t\t<![CDATA[]]>\t\t<\/p>\n","protected":false},"author":37,"featured_media":6731,"comment_status":"closed","ping_status":"closed","sticky":false,"template":"","format":"standard","meta":{"footnotes":""},"categories":[112,121,46],"tags":[202,799,3175,4804,6829,8002],"class_list":{"0":"post-4979","1":"post","2":"type-post","3":"status-publish","4":"format-standard","5":"has-post-thumbnail","7":"category-hannover","8":"category-im-gespraech","9":"category-wirtschaft-management","10":"tag-abbruch","11":"tag-ausbildung","12":"tag-fremdsprachen","13":"tag-korrespondenz","14":"tag-quereinstieg","15":"tag-studium"},"yoast_head":"<!-- This site is optimized with the Yoast SEO plugin v23.5 - https:\/\/yoast.com\/wordpress\/plugins\/seo\/ -->\n<title>Besser als ein Studium \u2013 Quereinsteigerin an der Euro Akademie<\/title>\n<meta name=\"description\" content=\"Quereinsteigerin Michelle Jakubietz erz\u00e4hlt im Interview von ihrem Studienabbruch und ihrer momentanen Ausbildung zur kaufm\u00e4nnischen Assistentin.\" \/>\n<meta name=\"robots\" content=\"index, follow, max-snippet:-1, max-image-preview:large, max-video-preview:-1\" \/>\n<link rel=\"canonical\" href=\"https:\/\/www.euroakademie.de\/magazin\/besser-als-ein-studium-quereinsteigerin-an-der-euro-akademie\/\" \/>\n<meta property=\"og:locale\" content=\"de_DE\" \/>\n<meta property=\"og:type\" content=\"article\" \/>\n<meta property=\"og:title\" content=\"Besser als ein Studium \u2013 Quereinsteigerin an der Euro Akademie\" \/>\n<meta property=\"og:description\" content=\"Quereinsteigerin Michelle Jakubietz erz\u00e4hlt im Interview von ihrem Studienabbruch und ihrer momentanen Ausbildung zur kaufm\u00e4nnischen Assistentin.\" \/>\n<meta property=\"og:url\" content=\"https:\/\/www.euroakademie.de\/magazin\/besser-als-ein-studium-quereinsteigerin-an-der-euro-akademie\/\" \/>\n<meta property=\"og:site_name\" content=\"Das Euro Akademie Magazin\" \/>\n<meta property=\"article:published_time\" content=\"2016-12-14T07:30:03+00:00\" \/>\n<meta property=\"article:modified_time\" content=\"2024-11-19T12:24:22+00:00\" \/>\n<meta property=\"og:image\" content=\"https:\/\/www.euroakademie.de\/magazin\/wp-content\/uploads\/2016\/12\/42-69687442_702x336-web.jpg\" \/>\n\t<meta property=\"og:image:width\" content=\"702\" \/>\n\t<meta property=\"og:image:height\" content=\"336\" \/>\n\t<meta property=\"og:image:type\" content=\"image\/jpeg\" \/>\n<meta name=\"author\" content=\"Katharina Boyens\" \/>\n<meta name=\"twitter:card\" content=\"summary_large_image\" \/>\n<meta name=\"twitter:label1\" content=\"Verfasst von\" \/>\n\t<meta name=\"twitter:data1\" content=\"Katharina Boyens\" \/>\n\t<meta name=\"twitter:label2\" content=\"Gesch\u00e4tzte Lesezeit\" \/>\n\t<meta name=\"twitter:data2\" content=\"7\u00a0Minuten\" \/>\n<script type=\"application\/ld+json\" class=\"yoast-schema-graph\">{\"@context\":\"https:\/\/schema.org\",\"@graph\":[{\"@type\":\"Article\",\"@id\":\"https:\/\/www.euroakademie.de\/magazin\/besser-als-ein-studium-quereinsteigerin-an-der-euro-akademie\/#article\",\"isPartOf\":{\"@id\":\"https:\/\/www.euroakademie.de\/magazin\/besser-als-ein-studium-quereinsteigerin-an-der-euro-akademie\/\"},\"author\":{\"name\":\"Katharina Boyens\",\"@id\":\"https:\/\/www.euroakademie.de\/magazin\/#\/schema\/person\/bc82ae73082e3ac93c406d0d76cb0cff\"},\"headline\":\"Besser als ein Studium \u2013 Quereinsteigerin an der Euro Akademie\",\"datePublished\":\"2016-12-14T07:30:03+00:00\",\"dateModified\":\"2024-11-19T12:24:22+00:00\",\"mainEntityOfPage\":{\"@id\":\"https:\/\/www.euroakademie.de\/magazin\/besser-als-ein-studium-quereinsteigerin-an-der-euro-akademie\/\"},\"wordCount\":1372,\"publisher\":{\"@id\":\"https:\/\/www.euroakademie.de\/magazin\/#organization\"},\"image\":{\"@id\":\"https:\/\/www.euroakademie.de\/magazin\/besser-als-ein-studium-quereinsteigerin-an-der-euro-akademie\/#primaryimage\"},\"thumbnailUrl\":\"https:\/\/www.euroakademie.de\/magazin\/wp-content\/uploads\/2016\/12\/42-69687442_702x336-web.jpg\",\"keywords\":[\"Abbruch\",\"Ausbildung\",\"Fremdsprachen\",\"Korrespondenz\",\"Quereinstieg\",\"Studium\"],\"articleSection\":[\"Hannover\",\"Im Gespr\u00e4ch\",\"Wirtschaft &amp; Management\"],\"inLanguage\":\"de\"},{\"@type\":\"WebPage\",\"@id\":\"https:\/\/www.euroakademie.de\/magazin\/besser-als-ein-studium-quereinsteigerin-an-der-euro-akademie\/\",\"url\":\"https:\/\/www.euroakademie.de\/magazin\/besser-als-ein-studium-quereinsteigerin-an-der-euro-akademie\/\",\"name\":\"Besser als ein Studium \u2013 Quereinsteigerin an der Euro Akademie\",\"isPartOf\":{\"@id\":\"https:\/\/www.euroakademie.de\/magazin\/#website\"},\"primaryImageOfPage\":{\"@id\":\"https:\/\/www.euroakademie.de\/magazin\/besser-als-ein-studium-quereinsteigerin-an-der-euro-akademie\/#primaryimage\"},\"image\":{\"@id\":\"https:\/\/www.euroakademie.de\/magazin\/besser-als-ein-studium-quereinsteigerin-an-der-euro-akademie\/#primaryimage\"},\"thumbnailUrl\":\"https:\/\/www.euroakademie.de\/magazin\/wp-content\/uploads\/2016\/12\/42-69687442_702x336-web.jpg\",\"datePublished\":\"2016-12-14T07:30:03+00:00\",\"dateModified\":\"2024-11-19T12:24:22+00:00\",\"description\":\"Quereinsteigerin Michelle Jakubietz erz\u00e4hlt im Interview von ihrem Studienabbruch und ihrer momentanen Ausbildung zur kaufm\u00e4nnischen Assistentin.\",\"breadcrumb\":{\"@id\":\"https:\/\/www.euroakademie.de\/magazin\/besser-als-ein-studium-quereinsteigerin-an-der-euro-akademie\/#breadcrumb\"},\"inLanguage\":\"de\",\"potentialAction\":[{\"@type\":\"ReadAction\",\"target\":[\"https:\/\/www.euroakademie.de\/magazin\/besser-als-ein-studium-quereinsteigerin-an-der-euro-akademie\/\"]}]},{\"@type\":\"ImageObject\",\"inLanguage\":\"de\",\"@id\":\"https:\/\/www.euroakademie.de\/magazin\/besser-als-ein-studium-quereinsteigerin-an-der-euro-akademie\/#primaryimage\",\"url\":\"https:\/\/www.euroakademie.de\/magazin\/wp-content\/uploads\/2016\/12\/42-69687442_702x336-web.jpg\",\"contentUrl\":\"https:\/\/www.euroakademie.de\/magazin\/wp-content\/uploads\/2016\/12\/42-69687442_702x336-web.jpg\",\"width\":702,\"height\":336,\"caption\":\"\"},{\"@type\":\"BreadcrumbList\",\"@id\":\"https:\/\/www.euroakademie.de\/magazin\/besser-als-ein-studium-quereinsteigerin-an-der-euro-akademie\/#breadcrumb\",\"itemListElement\":[{\"@type\":\"ListItem\",\"position\":1,\"name\":\"Startseite\",\"item\":\"https:\/\/www.euroakademie.de\/magazin\/\"},{\"@type\":\"ListItem\",\"position\":2,\"name\":\"Besser als ein Studium \u2013 Quereinsteigerin an der Euro Akademie\"}]},{\"@type\":\"WebSite\",\"@id\":\"https:\/\/www.euroakademie.de\/magazin\/#website\",\"url\":\"https:\/\/www.euroakademie.de\/magazin\/\",\"name\":\"Das Euro Akademie Magazin\",\"description\":\"Gut informiert durch Ausbildung und Studium\",\"publisher\":{\"@id\":\"https:\/\/www.euroakademie.de\/magazin\/#organization\"},\"potentialAction\":[{\"@type\":\"SearchAction\",\"target\":{\"@type\":\"EntryPoint\",\"urlTemplate\":\"https:\/\/www.euroakademie.de\/magazin\/?s={search_term_string}\"},\"query-input\":{\"@type\":\"PropertyValueSpecification\",\"valueRequired\":true,\"valueName\":\"search_term_string\"}}],\"inLanguage\":\"de\"},{\"@type\":\"Organization\",\"@id\":\"https:\/\/www.euroakademie.de\/magazin\/#organization\",\"name\":\"ESO Education Group\",\"url\":\"https:\/\/www.euroakademie.de\/magazin\/\",\"logo\":{\"@type\":\"ImageObject\",\"inLanguage\":\"de\",\"@id\":\"https:\/\/www.euroakademie.de\/magazin\/#\/schema\/logo\/image\/\",\"url\":\"https:\/\/relaunch.euroakademie.de\/magazin\/wp-content\/uploads\/2024\/11\/Logo_EA_negativ_Rahmen_5cm_300dpi_RGB.jpg\",\"contentUrl\":\"https:\/\/relaunch.euroakademie.de\/magazin\/wp-content\/uploads\/2024\/11\/Logo_EA_negativ_Rahmen_5cm_300dpi_RGB.jpg\",\"width\":591,\"height\":236,\"caption\":\"ESO Education Group\"},\"image\":{\"@id\":\"https:\/\/www.euroakademie.de\/magazin\/#\/schema\/logo\/image\/\"}},{\"@type\":\"Person\",\"@id\":\"https:\/\/www.euroakademie.de\/magazin\/#\/schema\/person\/bc82ae73082e3ac93c406d0d76cb0cff\",\"name\":\"Katharina Boyens\",\"description\":\"Katharina Boyens ist Germanistin und Anglistin mit einem Faible f\u00fcrs Schreiben. Von M\u00e4rz 2016 bis Januar 2021 bereicherte sie das Euro Akademie Magazin mit lesenswerten Beitr\u00e4gen in verschiedenen Rubriken.\",\"url\":\"https:\/\/www.euroakademie.de\/magazin\/author\/pfaffk\/\"}]}<\/script>\n<!-- \/ Yoast SEO plugin. -->","yoast_head_json":{"title":"Besser als ein Studium \u2013 Quereinsteigerin an der Euro Akademie","description":"Quereinsteigerin Michelle Jakubietz erz\u00e4hlt im Interview von ihrem Studienabbruch und ihrer momentanen Ausbildung zur kaufm\u00e4nnischen Assistentin.","robots":{"index":"index","follow":"follow","max-snippet":"max-snippet:-1","max-image-preview":"max-image-preview:large","max-video-preview":"max-video-preview:-1"},"canonical":"https:\/\/www.euroakademie.de\/magazin\/besser-als-ein-studium-quereinsteigerin-an-der-euro-akademie\/","og_locale":"de_DE","og_type":"article","og_title":"Besser als ein Studium \u2013 Quereinsteigerin an der Euro Akademie","og_description":"Quereinsteigerin Michelle Jakubietz erz\u00e4hlt im Interview von ihrem Studienabbruch und ihrer momentanen Ausbildung zur kaufm\u00e4nnischen Assistentin.","og_url":"https:\/\/www.euroakademie.de\/magazin\/besser-als-ein-studium-quereinsteigerin-an-der-euro-akademie\/","og_site_name":"Das Euro Akademie Magazin","article_published_time":"2016-12-14T07:30:03+00:00","article_modified_time":"2024-11-19T12:24:22+00:00","og_image":[{"width":702,"height":336,"url":"https:\/\/www.euroakademie.de\/magazin\/wp-content\/uploads\/2016\/12\/42-69687442_702x336-web.jpg","type":"image\/jpeg"}],"author":"Katharina Boyens","twitter_card":"summary_large_image","twitter_misc":{"Verfasst von":"Katharina Boyens","Gesch\u00e4tzte Lesezeit":"7\u00a0Minuten"},"schema":{"@context":"https:\/\/schema.org","@graph":[{"@type":"Article","@id":"https:\/\/www.euroakademie.de\/magazin\/besser-als-ein-studium-quereinsteigerin-an-der-euro-akademie\/#article","isPartOf":{"@id":"https:\/\/www.euroakademie.de\/magazin\/besser-als-ein-studium-quereinsteigerin-an-der-euro-akademie\/"},"author":{"name":"Katharina Boyens","@id":"https:\/\/www.euroakademie.de\/magazin\/#\/schema\/person\/bc82ae73082e3ac93c406d0d76cb0cff"},"headline":"Besser als ein Studium \u2013 Quereinsteigerin an der Euro Akademie","datePublished":"2016-12-14T07:30:03+00:00","dateModified":"2024-11-19T12:24:22+00:00","mainEntityOfPage":{"@id":"https:\/\/www.euroakademie.de\/magazin\/besser-als-ein-studium-quereinsteigerin-an-der-euro-akademie\/"},"wordCount":1372,"publisher":{"@id":"https:\/\/www.euroakademie.de\/magazin\/#organization"},"image":{"@id":"https:\/\/www.euroakademie.de\/magazin\/besser-als-ein-studium-quereinsteigerin-an-der-euro-akademie\/#primaryimage"},"thumbnailUrl":"https:\/\/www.euroakademie.de\/magazin\/wp-content\/uploads\/2016\/12\/42-69687442_702x336-web.jpg","keywords":["Abbruch","Ausbildung","Fremdsprachen","Korrespondenz","Quereinstieg","Studium"],"articleSection":["Hannover","Im Gespr\u00e4ch","Wirtschaft &amp; Management"],"inLanguage":"de"},{"@type":"WebPage","@id":"https:\/\/www.euroakademie.de\/magazin\/besser-als-ein-studium-quereinsteigerin-an-der-euro-akademie\/","url":"https:\/\/www.euroakademie.de\/magazin\/besser-als-ein-studium-quereinsteigerin-an-der-euro-akademie\/","name":"Besser als ein Studium \u2013 Quereinsteigerin an der Euro Akademie","isPartOf":{"@id":"https:\/\/www.euroakademie.de\/magazin\/#website"},"primaryImageOfPage":{"@id":"https:\/\/www.euroakademie.de\/magazin\/besser-als-ein-studium-quereinsteigerin-an-der-euro-akademie\/#primaryimage"},"image":{"@id":"https:\/\/www.euroakademie.de\/magazin\/besser-als-ein-studium-quereinsteigerin-an-der-euro-akademie\/#primaryimage"},"thumbnailUrl":"https:\/\/www.euroakademie.de\/magazin\/wp-content\/uploads\/2016\/12\/42-69687442_702x336-web.jpg","datePublished":"2016-12-14T07:30:03+00:00","dateModified":"2024-11-19T12:24:22+00:00","description":"Quereinsteigerin Michelle Jakubietz erz\u00e4hlt im Interview von ihrem Studienabbruch und ihrer momentanen Ausbildung zur kaufm\u00e4nnischen Assistentin.","breadcrumb":{"@id":"https:\/\/www.euroakademie.de\/magazin\/besser-als-ein-studium-quereinsteigerin-an-der-euro-akademie\/#breadcrumb"},"inLanguage":"de","potentialAction":[{"@type":"ReadAction","target":["https:\/\/www.euroakademie.de\/magazin\/besser-als-ein-studium-quereinsteigerin-an-der-euro-akademie\/"]}]},{"@type":"ImageObject","inLanguage":"de","@id":"https:\/\/www.euroakademie.de\/magazin\/besser-als-ein-studium-quereinsteigerin-an-der-euro-akademie\/#primaryimage","url":"https:\/\/www.euroakademie.de\/magazin\/wp-content\/uploads\/2016\/12\/42-69687442_702x336-web.jpg","contentUrl":"https:\/\/www.euroakademie.de\/magazin\/wp-content\/uploads\/2016\/12\/42-69687442_702x336-web.jpg","width":702,"height":336,"caption":""},{"@type":"BreadcrumbList","@id":"https:\/\/www.euroakademie.de\/magazin\/besser-als-ein-studium-quereinsteigerin-an-der-euro-akademie\/#breadcrumb","itemListElement":[{"@type":"ListItem","position":1,"name":"Startseite","item":"https:\/\/www.euroakademie.de\/magazin\/"},{"@type":"ListItem","position":2,"name":"Besser als ein Studium \u2013 Quereinsteigerin an der Euro Akademie"}]},{"@type":"WebSite","@id":"https:\/\/www.euroakademie.de\/magazin\/#website","url":"https:\/\/www.euroakademie.de\/magazin\/","name":"Das Euro Akademie Magazin","description":"Gut informiert durch Ausbildung und Studium","publisher":{"@id":"https:\/\/www.euroakademie.de\/magazin\/#organization"},"potentialAction":[{"@type":"SearchAction","target":{"@type":"EntryPoint","urlTemplate":"https:\/\/www.euroakademie.de\/magazin\/?s={search_term_string}"},"query-input":{"@type":"PropertyValueSpecification","valueRequired":true,"valueName":"search_term_string"}}],"inLanguage":"de"},{"@type":"Organization","@id":"https:\/\/www.euroakademie.de\/magazin\/#organization","name":"ESO Education Group","url":"https:\/\/www.euroakademie.de\/magazin\/","logo":{"@type":"ImageObject","inLanguage":"de","@id":"https:\/\/www.euroakademie.de\/magazin\/#\/schema\/logo\/image\/","url":"https:\/\/relaunch.euroakademie.de\/magazin\/wp-content\/uploads\/2024\/11\/Logo_EA_negativ_Rahmen_5cm_300dpi_RGB.jpg","contentUrl":"https:\/\/relaunch.euroakademie.de\/magazin\/wp-content\/uploads\/2024\/11\/Logo_EA_negativ_Rahmen_5cm_300dpi_RGB.jpg","width":591,"height":236,"caption":"ESO Education Group"},"image":{"@id":"https:\/\/www.euroakademie.de\/magazin\/#\/schema\/logo\/image\/"}},{"@type":"Person","@id":"https:\/\/www.euroakademie.de\/magazin\/#\/schema\/person\/bc82ae73082e3ac93c406d0d76cb0cff","name":"Katharina Boyens","description":"Katharina Boyens ist Germanistin und Anglistin mit einem Faible f\u00fcrs Schreiben. Von M\u00e4rz 2016 bis Januar 2021 bereicherte sie das Euro Akademie Magazin mit lesenswerten Beitr\u00e4gen in verschiedenen Rubriken.","url":"https:\/\/www.euroakademie.de\/magazin\/author\/pfaffk\/"}]}},"_links":{"self":[{"href":"https:\/\/www.euroakademie.de\/magazin\/wp-json\/wp\/v2\/posts\/4979","targetHints":{"allow":["GET"]}}],"collection":[{"href":"https:\/\/www.euroakademie.de\/magazin\/wp-json\/wp\/v2\/posts"}],"about":[{"href":"https:\/\/www.euroakademie.de\/magazin\/wp-json\/wp\/v2\/types\/post"}],"author":[{"embeddable":true,"href":"https:\/\/www.euroakademie.de\/magazin\/wp-json\/wp\/v2\/users\/37"}],"replies":[{"embeddable":true,"href":"https:\/\/www.euroakademie.de\/magazin\/wp-json\/wp\/v2\/comments?post=4979"}],"version-history":[{"count":1,"href":"https:\/\/www.euroakademie.de\/magazin\/wp-json\/wp\/v2\/posts\/4979\/revisions"}],"predecessor-version":[{"id":23466,"href":"https:\/\/www.euroakademie.de\/magazin\/wp-json\/wp\/v2\/posts\/4979\/revisions\/23466"}],"wp:featuredmedia":[{"embeddable":true,"href":"https:\/\/www.euroakademie.de\/magazin\/wp-json\/wp\/v2\/media\/6731"}],"wp:attachment":[{"href":"https:\/\/www.euroakademie.de\/magazin\/wp-json\/wp\/v2\/media?parent=4979"}],"wp:term":[{"taxonomy":"category","embeddable":true,"href":"https:\/\/www.euroakademie.de\/magazin\/wp-json\/wp\/v2\/categories?post=4979"},{"taxonomy":"post_tag","embeddable":true,"href":"https:\/\/www.euroakademie.de\/magazin\/wp-json\/wp\/v2\/tags?post=4979"}],"curies":[{"name":"wp","href":"https:\/\/api.w.org\/{rel}","templated":true}]}}