{"id":5001,"date":"2017-01-02T08:18:00","date_gmt":"2017-01-02T07:18:00","guid":{"rendered":"https:\/\/www.euroakademie.de\/magazin\/?p=5001"},"modified":"2017-01-02T08:18:00","modified_gmt":"2017-01-02T07:18:00","slug":"link-und-lesetipp-schlafmangel-nach-silvester","status":"publish","type":"post","link":"https:\/\/www.euroakademie.de\/magazin\/link-und-lesetipp-schlafmangel-nach-silvester\/","title":{"rendered":"Link- und Lesetipp: Schlafmangel nach Silvester"},"content":{"rendered":"<p>\t\t\t\t<![CDATA[<strong>Zu Schlafmangel kommt es in den Weihnachtsferien besonders stark, das neue Jahr will schlie\u00dflich geb\u00fchrend gefeiert werden. Doch dabei rei\u00dft Silvester Sie vollkommen aus Ihrem Rhythmus. Gl\u00fccklicherweise k\u00f6nnen Sie den Schlafmangel wieder ausgleichen.<\/strong>\n\nSilvester war eine einzige gro\u00dfe Party f\u00fcr Sie? Dann leiden Sie sicherlich noch etwas an Schlafmangel, schlie\u00dflich kann das neue Jahr erst ab 0 Uhr am 1. Januar wirklich gefeiert werden. Nicht wenige fallen erst in den fr\u00fchen Morgenstunden in ihr Bett \u2013 und sind am darauffolgenden Tag unausstehlich.\n\n\n<h2>Was macht Schlafmangel mit uns?<\/h2>\n\n\nMit zu wenig Schlaf bestimmt M\u00fcdigkeit den ganzen n\u00e4chsten Tag, teilweise noch die darauffolgenden. Und das bedeutet: miese Laune. Schnell sind Sie gereizt, wenn Ihre Mitmenschen etwas Falsches sagen \u2013 oder ganz einfach zu viel \u2013 oder, wenn etwas nicht l\u00e4uft, wie es soll. Letzteres geschieht allerdings besonders oft, da Ihre K\u00f6rperfunktionen und Ihre Reaktionsf\u00e4higkeit beeintr\u00e4chtigt sind. Mit Konzentration und Auffassungsgabe ist es nach einer durchfeierten Nacht auch nicht weit her. Sprich: Jede Zelle in Ihnen sp\u00fcrt den Schlafmangel.\n\nWirklich gef\u00e4hrlich ist die eine lange Nacht allerdings nicht \u2013 solange Sie ansonsten gesund sind. Schlimme Folgen, chronische Beschwerden oder psychische Konsequenzen haben Sie erst zu f\u00fcrchten, wenn Ihr Haushalt \u00f6fters aus dem Gleichgewicht gebracht wird.\n\nDie meisten Erwachsenen ben\u00f6tigen rund acht Stunden Schlaf pro Nacht. Reduzieren Sie das nicht nur nach Silvester auf vier, sondern \u00fcber mehrere Wochen hinweg, k\u00f6nnen bleibende Sch\u00e4den die Folge sein: Laut dem Artikel <a href=\"http:\/\/www.spiegel.de\/wissenschaft\/medizin\/wichtige-regeneration-fehlender-schlaf-laesst-sich-nachholen-a-709508.html\" target=\"_blank\" rel=\"noopener\">\u201eFehlender Schlaf l\u00e4sst sich nachholen\u201c<\/a> auf spiegel.de steigt dann das Risiko f\u00fcr Diabetes, \u00dcbergewicht oder Herzerkrankungen. Zus\u00e4tzlich geraten Sie schneller in Stress und dieser belastet Sie mehr.\n\n\n<h2>Fit werden im Schlaf<\/h2>\n\n\nWichtig, um wieder auf die Beine zu kommen, ist Erholung. Die gute Nachricht dabei: Schlaf kann tats\u00e4chlich nachgeholt werden. Sowohl l\u00e4nger andauernder Schlafmangel als auch ein einmaliger Ausrutscher wie an Silvester.\n\nUm Ihr Defizit aus der Neujahrsnacht auszugleichen, k\u00f6nnen Sie allerdings kaum in der Nacht auf den 2. Januar einfach die doppelte Menge, also etwa 16 Stunden, schlafen. Dennoch ist laut dem Spiegel jede zus\u00e4tzliche Stunde wertvoll und nach und nach gelangen Sie wieder zum Normalzustand zur\u00fcck.\n\nNeben der Dauer sind aber auch Intensit\u00e4t Ihres Schlafs und die unterschiedlichen Schlafphasen wichtig. W\u00e4lzen Sie sich zehn Stunden lang nur unruhig von der einen auf die andere Seite, haben Sie kaum etwas von Ihrem Schlafmangel ausgeglichen. Haben Sie au\u00dferdem Alkohol getrunken, ben\u00f6tigen Sie zus\u00e4tzliche Ruhephasen, bis Sie sich wieder gefangen haben.\n\nAlso: f\u00fcr Ruhe sorgen, Licht ausmachen und hinlegen. Wir w\u00fcnschen eine gute und erholsame Nacht!\n\n<strong>Das k\u00f6nnte Sie auch interessieren:<\/strong>\n<a href=\"https:\/\/www.euroakademie.de\/magazin\/10-tipps-die-das-immunsystem-staerken\/\">10 Tipps, die das Immunsystem st\u00e4rken<\/a>\n<a href=\"https:\/\/www.euroakademie.de\/magazin\/frischer-wind-im-kopf-ausmalen-gegen-das-gedankenkarussell\/\">Frischer Wind im Kopf \u2013 Ausmalen gegen das Gedankenkarussell<\/a>\n<a href=\"https:\/\/www.euroakademie.de\/magazin\/schlechte-laune-mies-drauf-muss-auch-mal-drin-sein\/\">Schlechte Laune? Mies drauf muss auch mal drin sein!<\/a>]]>\t\t<\/p>\n","protected":false},"excerpt":{"rendered":"<p>\t\t\t\t<![CDATA[]]>\t\t<\/p>\n","protected":false},"author":7,"featured_media":6718,"comment_status":"closed","ping_status":"closed","sticky":false,"template":"","format":"standard","meta":{"footnotes":""},"categories":[139],"tags":[2506,5821,5824,6040,6271,7156,7162,7492],"class_list":{"0":"post-5001","1":"post","2":"type-post","3":"status-publish","4":"format-standard","5":"has-post-thumbnail","7":"category-lesetipps","8":"tag-erholung","9":"tag-muede","10":"tag-muedigkeit","11":"tag-neujahr","12":"tag-party","13":"tag-schlaf","14":"tag-schlafmangel","15":"tag-silvester"},"yoast_head":"<!-- This site is optimized with the Yoast SEO plugin v23.5 - https:\/\/yoast.com\/wordpress\/plugins\/seo\/ -->\n<title>Link- und Lesetipp: Schlafmangel nach Silvester<\/title>\n<meta name=\"description\" content=\"Zu Schlafmangel kommt es in den Weihnachtsferien schnell, das neue Jahr will schlie\u00dflich gefeiert werden. Gl\u00fccklicherweise k\u00f6nnen Sie den ausgleichen.\" \/>\n<meta name=\"robots\" content=\"index, follow, max-snippet:-1, max-image-preview:large, max-video-preview:-1\" \/>\n<link rel=\"canonical\" href=\"https:\/\/www.euroakademie.de\/magazin\/link-und-lesetipp-schlafmangel-nach-silvester\/\" \/>\n<meta property=\"og:locale\" content=\"de_DE\" \/>\n<meta property=\"og:type\" content=\"article\" \/>\n<meta property=\"og:title\" content=\"Link- und Lesetipp: Schlafmangel nach Silvester\" \/>\n<meta property=\"og:description\" content=\"Zu Schlafmangel kommt es in den Weihnachtsferien schnell, das neue Jahr will schlie\u00dflich gefeiert werden. Gl\u00fccklicherweise k\u00f6nnen Sie den ausgleichen.\" \/>\n<meta property=\"og:url\" content=\"https:\/\/www.euroakademie.de\/magazin\/link-und-lesetipp-schlafmangel-nach-silvester\/\" \/>\n<meta property=\"og:site_name\" content=\"Das Euro Akademie Magazin\" \/>\n<meta property=\"article:published_time\" content=\"2017-01-02T07:18:00+00:00\" \/>\n<meta property=\"og:image\" content=\"https:\/\/www.euroakademie.de\/magazin\/wp-content\/uploads\/2017\/01\/42-21020910_702x336-web.jpg\" \/>\n\t<meta property=\"og:image:width\" content=\"702\" \/>\n\t<meta property=\"og:image:height\" content=\"336\" \/>\n\t<meta property=\"og:image:type\" content=\"image\/jpeg\" \/>\n<meta name=\"author\" content=\"Redaktion\" \/>\n<meta name=\"twitter:card\" content=\"summary_large_image\" \/>\n<meta name=\"twitter:label1\" content=\"Verfasst von\" \/>\n\t<meta name=\"twitter:data1\" content=\"Redaktion\" \/>\n\t<meta name=\"twitter:label2\" content=\"Gesch\u00e4tzte Lesezeit\" \/>\n\t<meta name=\"twitter:data2\" content=\"2\u00a0Minuten\" \/>\n<script type=\"application\/ld+json\" class=\"yoast-schema-graph\">{\"@context\":\"https:\/\/schema.org\",\"@graph\":[{\"@type\":\"Article\",\"@id\":\"https:\/\/www.euroakademie.de\/magazin\/link-und-lesetipp-schlafmangel-nach-silvester\/#article\",\"isPartOf\":{\"@id\":\"https:\/\/www.euroakademie.de\/magazin\/link-und-lesetipp-schlafmangel-nach-silvester\/\"},\"author\":{\"name\":\"Redaktion\",\"@id\":\"https:\/\/www.euroakademie.de\/magazin\/#\/schema\/person\/6c9b7b6db765ee31640d80c936be3686\"},\"headline\":\"Link- und Lesetipp: Schlafmangel nach Silvester\",\"datePublished\":\"2017-01-02T07:18:00+00:00\",\"dateModified\":\"2017-01-02T07:18:00+00:00\",\"mainEntityOfPage\":{\"@id\":\"https:\/\/www.euroakademie.de\/magazin\/link-und-lesetipp-schlafmangel-nach-silvester\/\"},\"wordCount\":474,\"publisher\":{\"@id\":\"https:\/\/www.euroakademie.de\/magazin\/#organization\"},\"image\":{\"@id\":\"https:\/\/www.euroakademie.de\/magazin\/link-und-lesetipp-schlafmangel-nach-silvester\/#primaryimage\"},\"thumbnailUrl\":\"https:\/\/www.euroakademie.de\/magazin\/wp-content\/uploads\/2017\/01\/42-21020910_702x336-web.jpg\",\"keywords\":[\"Erholung\",\"M\u00fcde\",\"M\u00fcdigkeit\",\"Neujahr\",\"Party\",\"Schlaf\",\"Schlafmangel\",\"Silvester\"],\"articleSection\":[\"Link- und Lesetipps\"],\"inLanguage\":\"de\"},{\"@type\":\"WebPage\",\"@id\":\"https:\/\/www.euroakademie.de\/magazin\/link-und-lesetipp-schlafmangel-nach-silvester\/\",\"url\":\"https:\/\/www.euroakademie.de\/magazin\/link-und-lesetipp-schlafmangel-nach-silvester\/\",\"name\":\"Link- und Lesetipp: Schlafmangel nach Silvester\",\"isPartOf\":{\"@id\":\"https:\/\/www.euroakademie.de\/magazin\/#website\"},\"primaryImageOfPage\":{\"@id\":\"https:\/\/www.euroakademie.de\/magazin\/link-und-lesetipp-schlafmangel-nach-silvester\/#primaryimage\"},\"image\":{\"@id\":\"https:\/\/www.euroakademie.de\/magazin\/link-und-lesetipp-schlafmangel-nach-silvester\/#primaryimage\"},\"thumbnailUrl\":\"https:\/\/www.euroakademie.de\/magazin\/wp-content\/uploads\/2017\/01\/42-21020910_702x336-web.jpg\",\"datePublished\":\"2017-01-02T07:18:00+00:00\",\"dateModified\":\"2017-01-02T07:18:00+00:00\",\"description\":\"Zu Schlafmangel kommt es in den Weihnachtsferien schnell, das neue Jahr will schlie\u00dflich gefeiert werden. Gl\u00fccklicherweise k\u00f6nnen Sie den ausgleichen.\",\"breadcrumb\":{\"@id\":\"https:\/\/www.euroakademie.de\/magazin\/link-und-lesetipp-schlafmangel-nach-silvester\/#breadcrumb\"},\"inLanguage\":\"de\",\"potentialAction\":[{\"@type\":\"ReadAction\",\"target\":[\"https:\/\/www.euroakademie.de\/magazin\/link-und-lesetipp-schlafmangel-nach-silvester\/\"]}]},{\"@type\":\"ImageObject\",\"inLanguage\":\"de\",\"@id\":\"https:\/\/www.euroakademie.de\/magazin\/link-und-lesetipp-schlafmangel-nach-silvester\/#primaryimage\",\"url\":\"https:\/\/www.euroakademie.de\/magazin\/wp-content\/uploads\/2017\/01\/42-21020910_702x336-web.jpg\",\"contentUrl\":\"https:\/\/www.euroakademie.de\/magazin\/wp-content\/uploads\/2017\/01\/42-21020910_702x336-web.jpg\",\"width\":702,\"height\":336,\"caption\":\"\"},{\"@type\":\"BreadcrumbList\",\"@id\":\"https:\/\/www.euroakademie.de\/magazin\/link-und-lesetipp-schlafmangel-nach-silvester\/#breadcrumb\",\"itemListElement\":[{\"@type\":\"ListItem\",\"position\":1,\"name\":\"Startseite\",\"item\":\"https:\/\/www.euroakademie.de\/magazin\/\"},{\"@type\":\"ListItem\",\"position\":2,\"name\":\"Link- und Lesetipp: Schlafmangel nach Silvester\"}]},{\"@type\":\"WebSite\",\"@id\":\"https:\/\/www.euroakademie.de\/magazin\/#website\",\"url\":\"https:\/\/www.euroakademie.de\/magazin\/\",\"name\":\"Das Euro Akademie Magazin\",\"description\":\"Gut informiert durch Ausbildung und Studium\",\"publisher\":{\"@id\":\"https:\/\/www.euroakademie.de\/magazin\/#organization\"},\"potentialAction\":[{\"@type\":\"SearchAction\",\"target\":{\"@type\":\"EntryPoint\",\"urlTemplate\":\"https:\/\/www.euroakademie.de\/magazin\/?s={search_term_string}\"},\"query-input\":{\"@type\":\"PropertyValueSpecification\",\"valueRequired\":true,\"valueName\":\"search_term_string\"}}],\"inLanguage\":\"de\"},{\"@type\":\"Organization\",\"@id\":\"https:\/\/www.euroakademie.de\/magazin\/#organization\",\"name\":\"ESO Education Group\",\"url\":\"https:\/\/www.euroakademie.de\/magazin\/\",\"logo\":{\"@type\":\"ImageObject\",\"inLanguage\":\"de\",\"@id\":\"https:\/\/www.euroakademie.de\/magazin\/#\/schema\/logo\/image\/\",\"url\":\"https:\/\/relaunch.euroakademie.de\/magazin\/wp-content\/uploads\/2024\/11\/Logo_EA_negativ_Rahmen_5cm_300dpi_RGB.jpg\",\"contentUrl\":\"https:\/\/relaunch.euroakademie.de\/magazin\/wp-content\/uploads\/2024\/11\/Logo_EA_negativ_Rahmen_5cm_300dpi_RGB.jpg\",\"width\":591,\"height\":236,\"caption\":\"ESO Education Group\"},\"image\":{\"@id\":\"https:\/\/www.euroakademie.de\/magazin\/#\/schema\/logo\/image\/\"}},{\"@type\":\"Person\",\"@id\":\"https:\/\/www.euroakademie.de\/magazin\/#\/schema\/person\/6c9b7b6db765ee31640d80c936be3686\",\"name\":\"Redaktion\",\"description\":\"Die Redaktion des Euro Akademie Magazins h\u00e4lt Sie regelm\u00e4\u00dfig mit hintergr\u00fcndigen Artikeln auf dem Laufenden. Auf Basis einer fundierten Recherche und mit Spa\u00df am Schreiben erstellen die Redakteur*innen informative und unterhaltsame Inhalte f\u00fcr Sie.\",\"url\":\"https:\/\/www.euroakademie.de\/magazin\/author\/redaktion\/\"}]}<\/script>\n<!-- \/ Yoast SEO plugin. -->","yoast_head_json":{"title":"Link- und Lesetipp: Schlafmangel nach Silvester","description":"Zu Schlafmangel kommt es in den Weihnachtsferien schnell, das neue Jahr will schlie\u00dflich gefeiert werden. Gl\u00fccklicherweise k\u00f6nnen Sie den ausgleichen.","robots":{"index":"index","follow":"follow","max-snippet":"max-snippet:-1","max-image-preview":"max-image-preview:large","max-video-preview":"max-video-preview:-1"},"canonical":"https:\/\/www.euroakademie.de\/magazin\/link-und-lesetipp-schlafmangel-nach-silvester\/","og_locale":"de_DE","og_type":"article","og_title":"Link- und Lesetipp: Schlafmangel nach Silvester","og_description":"Zu Schlafmangel kommt es in den Weihnachtsferien schnell, das neue Jahr will schlie\u00dflich gefeiert werden. Gl\u00fccklicherweise k\u00f6nnen Sie den ausgleichen.","og_url":"https:\/\/www.euroakademie.de\/magazin\/link-und-lesetipp-schlafmangel-nach-silvester\/","og_site_name":"Das Euro Akademie Magazin","article_published_time":"2017-01-02T07:18:00+00:00","og_image":[{"width":702,"height":336,"url":"https:\/\/www.euroakademie.de\/magazin\/wp-content\/uploads\/2017\/01\/42-21020910_702x336-web.jpg","type":"image\/jpeg"}],"author":"Redaktion","twitter_card":"summary_large_image","twitter_misc":{"Verfasst von":"Redaktion","Gesch\u00e4tzte Lesezeit":"2\u00a0Minuten"},"schema":{"@context":"https:\/\/schema.org","@graph":[{"@type":"Article","@id":"https:\/\/www.euroakademie.de\/magazin\/link-und-lesetipp-schlafmangel-nach-silvester\/#article","isPartOf":{"@id":"https:\/\/www.euroakademie.de\/magazin\/link-und-lesetipp-schlafmangel-nach-silvester\/"},"author":{"name":"Redaktion","@id":"https:\/\/www.euroakademie.de\/magazin\/#\/schema\/person\/6c9b7b6db765ee31640d80c936be3686"},"headline":"Link- und Lesetipp: Schlafmangel nach Silvester","datePublished":"2017-01-02T07:18:00+00:00","dateModified":"2017-01-02T07:18:00+00:00","mainEntityOfPage":{"@id":"https:\/\/www.euroakademie.de\/magazin\/link-und-lesetipp-schlafmangel-nach-silvester\/"},"wordCount":474,"publisher":{"@id":"https:\/\/www.euroakademie.de\/magazin\/#organization"},"image":{"@id":"https:\/\/www.euroakademie.de\/magazin\/link-und-lesetipp-schlafmangel-nach-silvester\/#primaryimage"},"thumbnailUrl":"https:\/\/www.euroakademie.de\/magazin\/wp-content\/uploads\/2017\/01\/42-21020910_702x336-web.jpg","keywords":["Erholung","M\u00fcde","M\u00fcdigkeit","Neujahr","Party","Schlaf","Schlafmangel","Silvester"],"articleSection":["Link- und Lesetipps"],"inLanguage":"de"},{"@type":"WebPage","@id":"https:\/\/www.euroakademie.de\/magazin\/link-und-lesetipp-schlafmangel-nach-silvester\/","url":"https:\/\/www.euroakademie.de\/magazin\/link-und-lesetipp-schlafmangel-nach-silvester\/","name":"Link- und Lesetipp: Schlafmangel nach Silvester","isPartOf":{"@id":"https:\/\/www.euroakademie.de\/magazin\/#website"},"primaryImageOfPage":{"@id":"https:\/\/www.euroakademie.de\/magazin\/link-und-lesetipp-schlafmangel-nach-silvester\/#primaryimage"},"image":{"@id":"https:\/\/www.euroakademie.de\/magazin\/link-und-lesetipp-schlafmangel-nach-silvester\/#primaryimage"},"thumbnailUrl":"https:\/\/www.euroakademie.de\/magazin\/wp-content\/uploads\/2017\/01\/42-21020910_702x336-web.jpg","datePublished":"2017-01-02T07:18:00+00:00","dateModified":"2017-01-02T07:18:00+00:00","description":"Zu Schlafmangel kommt es in den Weihnachtsferien schnell, das neue Jahr will schlie\u00dflich gefeiert werden. Gl\u00fccklicherweise k\u00f6nnen Sie den ausgleichen.","breadcrumb":{"@id":"https:\/\/www.euroakademie.de\/magazin\/link-und-lesetipp-schlafmangel-nach-silvester\/#breadcrumb"},"inLanguage":"de","potentialAction":[{"@type":"ReadAction","target":["https:\/\/www.euroakademie.de\/magazin\/link-und-lesetipp-schlafmangel-nach-silvester\/"]}]},{"@type":"ImageObject","inLanguage":"de","@id":"https:\/\/www.euroakademie.de\/magazin\/link-und-lesetipp-schlafmangel-nach-silvester\/#primaryimage","url":"https:\/\/www.euroakademie.de\/magazin\/wp-content\/uploads\/2017\/01\/42-21020910_702x336-web.jpg","contentUrl":"https:\/\/www.euroakademie.de\/magazin\/wp-content\/uploads\/2017\/01\/42-21020910_702x336-web.jpg","width":702,"height":336,"caption":""},{"@type":"BreadcrumbList","@id":"https:\/\/www.euroakademie.de\/magazin\/link-und-lesetipp-schlafmangel-nach-silvester\/#breadcrumb","itemListElement":[{"@type":"ListItem","position":1,"name":"Startseite","item":"https:\/\/www.euroakademie.de\/magazin\/"},{"@type":"ListItem","position":2,"name":"Link- und Lesetipp: Schlafmangel nach Silvester"}]},{"@type":"WebSite","@id":"https:\/\/www.euroakademie.de\/magazin\/#website","url":"https:\/\/www.euroakademie.de\/magazin\/","name":"Das Euro Akademie Magazin","description":"Gut informiert durch Ausbildung und Studium","publisher":{"@id":"https:\/\/www.euroakademie.de\/magazin\/#organization"},"potentialAction":[{"@type":"SearchAction","target":{"@type":"EntryPoint","urlTemplate":"https:\/\/www.euroakademie.de\/magazin\/?s={search_term_string}"},"query-input":{"@type":"PropertyValueSpecification","valueRequired":true,"valueName":"search_term_string"}}],"inLanguage":"de"},{"@type":"Organization","@id":"https:\/\/www.euroakademie.de\/magazin\/#organization","name":"ESO Education Group","url":"https:\/\/www.euroakademie.de\/magazin\/","logo":{"@type":"ImageObject","inLanguage":"de","@id":"https:\/\/www.euroakademie.de\/magazin\/#\/schema\/logo\/image\/","url":"https:\/\/relaunch.euroakademie.de\/magazin\/wp-content\/uploads\/2024\/11\/Logo_EA_negativ_Rahmen_5cm_300dpi_RGB.jpg","contentUrl":"https:\/\/relaunch.euroakademie.de\/magazin\/wp-content\/uploads\/2024\/11\/Logo_EA_negativ_Rahmen_5cm_300dpi_RGB.jpg","width":591,"height":236,"caption":"ESO Education Group"},"image":{"@id":"https:\/\/www.euroakademie.de\/magazin\/#\/schema\/logo\/image\/"}},{"@type":"Person","@id":"https:\/\/www.euroakademie.de\/magazin\/#\/schema\/person\/6c9b7b6db765ee31640d80c936be3686","name":"Redaktion","description":"Die Redaktion des Euro Akademie Magazins h\u00e4lt Sie regelm\u00e4\u00dfig mit hintergr\u00fcndigen Artikeln auf dem Laufenden. Auf Basis einer fundierten Recherche und mit Spa\u00df am Schreiben erstellen die Redakteur*innen informative und unterhaltsame Inhalte f\u00fcr Sie.","url":"https:\/\/www.euroakademie.de\/magazin\/author\/redaktion\/"}]}},"_links":{"self":[{"href":"https:\/\/www.euroakademie.de\/magazin\/wp-json\/wp\/v2\/posts\/5001","targetHints":{"allow":["GET"]}}],"collection":[{"href":"https:\/\/www.euroakademie.de\/magazin\/wp-json\/wp\/v2\/posts"}],"about":[{"href":"https:\/\/www.euroakademie.de\/magazin\/wp-json\/wp\/v2\/types\/post"}],"author":[{"embeddable":true,"href":"https:\/\/www.euroakademie.de\/magazin\/wp-json\/wp\/v2\/users\/7"}],"replies":[{"embeddable":true,"href":"https:\/\/www.euroakademie.de\/magazin\/wp-json\/wp\/v2\/comments?post=5001"}],"version-history":[{"count":0,"href":"https:\/\/www.euroakademie.de\/magazin\/wp-json\/wp\/v2\/posts\/5001\/revisions"}],"wp:featuredmedia":[{"embeddable":true,"href":"https:\/\/www.euroakademie.de\/magazin\/wp-json\/wp\/v2\/media\/6718"}],"wp:attachment":[{"href":"https:\/\/www.euroakademie.de\/magazin\/wp-json\/wp\/v2\/media?parent=5001"}],"wp:term":[{"taxonomy":"category","embeddable":true,"href":"https:\/\/www.euroakademie.de\/magazin\/wp-json\/wp\/v2\/categories?post=5001"},{"taxonomy":"post_tag","embeddable":true,"href":"https:\/\/www.euroakademie.de\/magazin\/wp-json\/wp\/v2\/tags?post=5001"}],"curies":[{"name":"wp","href":"https:\/\/api.w.org\/{rel}","templated":true}]}}